{"id":53607,"date":"2022-05-18T09:15:01","date_gmt":"2022-05-18T12:15:01","guid":{"rendered":"https:\/\/radiolifefm.com.br\/noticias\/?p=53607"},"modified":"2026-04-07T05:29:47","modified_gmt":"2026-04-07T08:29:47","slug":"prefeitura-de-adamantina-alerta-para-baixa-adesao-de-vacinas-e-queda-nas-temperaturas","status":"publish","type":"post","link":"https:\/\/radiolifefm.com.br\/noticias\/prefeitura-de-adamantina-alerta-para-baixa-adesao-de-vacinas-e-queda-nas-temperaturas\/","title":{"rendered":"Prefeitura de Adamantina alerta para baixa ades\u00e3o de vacinas contra gripe"},"content":{"rendered":"<div id=\"fb-root\"><\/div>\n<p style=\"font-weight: 400\">Adamantina vem registrando nos \u00faltimos dias uma queda consider\u00e1vel de temperatura e a tend\u00eancia \u00e9 que assim permane\u00e7a pelos pr\u00f3ximos dias.<\/p>\n<p style=\"font-weight: 400\">Essa situa\u00e7\u00e3o \u00e9 prop\u00edcia para o desenvolvimento de s\u00edndromes respirat\u00f3rias. Em paralelo, o munic\u00edpio vem registrando baixa ades\u00e3o dos grupos que podem tomar a vacina contra a gripe bem como atraso de mais de 6800 mun\u00edcipes com a terceira dose contra a COVID-19.<\/p>\n<p style=\"font-weight: 400\">De acordo com dados da Vigil\u00e2ncia Epidemiol\u00f3gica, a taxa de cobertura vacinal para crian\u00e7as de 06 meses a 4 anos, 11 meses e 29 dias est\u00e1 em 28,4%. A popula\u00e7\u00e3o indicada para receber a vacina contra a gripe \u00e9 de 1587 crian\u00e7as.<\/p>\n<p style=\"font-weight: 400\">A vacina\u00e7\u00e3o contra a influenza tamb\u00e9m est\u00e1 aberta para as gestantes e a cobertura est\u00e1 em 16% o que indica que apenas 46 doses foram aplicadas. Os trabalhadores da sa\u00fade tamb\u00e9m podem ser imunizados, mas apenas 483 doses foram aplicadas em uma popula\u00e7\u00e3o de mais de 1500 pessoas.<\/p>\n<p style=\"font-weight: 400\">Nas pu\u00e9rperas, mulheres que acabaram de dar \u00e0 luz, a taxa de vacina\u00e7\u00e3o est\u00e1 em 12,7%, sendo que apenas 6 doses foram aplicadas neste p\u00fablico-alvo. A taxa de cobertura vacinal em idosos tamb\u00e9m est\u00e1 abaixo de apenas 47,6%.<\/p>\n<p style=\"font-weight: 400\">A vacina\u00e7\u00e3o contra a gripe ainda contempla professores, povos ind\u00edgenas, pessoas portadoras de defici\u00eancia e que tem comorbidades. Ao todo, os grupos contemplados com a imuniza\u00e7\u00e3o somam 12.042 pessoas e a cobertura total est\u00e1 em 39,7%.<\/p>\n<p style=\"font-weight: 400\">\u201cRefor\u00e7amos que a vacina\u00e7\u00e3o \u00e9 fundamental para todos os grupos aos quais ela se destina. Com a queda das temperaturas, \u00e9 comum o aparecimento de quadros de s\u00edndrome respirat\u00f3ria. Por isso, quem puder tomar a vacina, deve fazer isso!\u201d, afirma o secret\u00e1rio de sa\u00fade, Gustavo Taniguchi Rufino.<\/p>\n<p style=\"font-weight: 400\">A imuniza\u00e7\u00e3o contra a gripe est\u00e1 ocorrendo em todas as unidades b\u00e1sicas de sa\u00fade do munic\u00edpio, bem como contra a COVID-19. Apenas as crian\u00e7as que podem tomar o imunizante contra a COVID-19 \u00e9 que devem procurar o Centro Integrado de Sa\u00fade (CIS). No CIS, a vacina\u00e7\u00e3o acontece das 7h \u00e0s 11h e das 13h \u00e0s 17h.<\/p>\n<p>&nbsp;<\/p>\n<p>Fonte: Assessoria de Imprensa<\/p>\n","protected":false},"excerpt":{"rendered":"<p>Adamantina vem registrando nos \u00faltimos dias uma queda consider\u00e1vel de temperatura e a tend\u00eancia \u00e9 que assim permane\u00e7a pelos pr\u00f3ximos dias. Essa situa\u00e7\u00e3o \u00e9 prop\u00edcia para o desenvolvimento de s\u00edndromes respirat\u00f3rias. Em paralelo, o munic\u00edpio vem registrando baixa ades\u00e3o dos grupos que podem tomar a vacina contra a gripe bem como atraso de mais de [&hellip;]<\/p>\n","protected":false},"author":13,"featured_media":48402,"comment_status":"closed","ping_status":"open","sticky":false,"template":"","format":"standard","meta":{"_acf_changed":false,"_exactmetrics_skip_tracking":false,"_exactmetrics_sitenote_active":false,"_exactmetrics_sitenote_note":"","_exactmetrics_sitenote_category":0,"footnotes":""},"categories":[21],"tags":[],"class_list":["post-53607","post","type-post","status-publish","format-standard","has-post-thumbnail","hentry","category-adamantina"],"acf":[],"yoast_head":"<!-- This site is optimized with the Yoast SEO plugin v27.2 - https:\/\/yoast.com\/product\/yoast-seo-wordpress\/ -->\n<title>Prefeitura de Adamantina alerta para baixa ades\u00e3o de vacinas contra gripe - R\u00e1dio Life FM<\/title>\n<meta name=\"robots\" content=\"index, follow, max-snippet:-1, max-image-preview:large, max-video-preview:-1\" \/>\n<link rel=\"canonical\" href=\"https:\/\/radiolifefm.com.br\/noticias\/prefeitura-de-adamantina-alerta-para-baixa-adesao-de-vacinas-e-queda-nas-temperaturas\/\" \/>\n<meta property=\"og:locale\" content=\"pt_BR\" \/>\n<meta property=\"og:type\" content=\"article\" \/>\n<meta property=\"og:title\" content=\"Prefeitura de Adamantina alerta para baixa ades\u00e3o de vacinas contra gripe - R\u00e1dio Life FM\" \/>\n<meta property=\"og:description\" content=\"Adamantina vem registrando nos \u00faltimos dias uma queda consider\u00e1vel de temperatura e a tend\u00eancia \u00e9 que assim permane\u00e7a pelos pr\u00f3ximos dias. Essa situa\u00e7\u00e3o \u00e9 prop\u00edcia para o desenvolvimento de s\u00edndromes respirat\u00f3rias. Em paralelo, o munic\u00edpio vem registrando baixa ades\u00e3o dos grupos que podem tomar a vacina contra a gripe bem como atraso de mais de [&hellip;]\" \/>\n<meta property=\"og:url\" content=\"https:\/\/radiolifefm.com.br\/noticias\/prefeitura-de-adamantina-alerta-para-baixa-adesao-de-vacinas-e-queda-nas-temperaturas\/\" \/>\n<meta property=\"og:site_name\" content=\"R\u00e1dio Life FM\" \/>\n<meta property=\"article:publisher\" content=\"https:\/\/www.facebook.com\/radiolifefm\/\" \/>\n<meta property=\"article:published_time\" content=\"2022-05-18T12:15:01+00:00\" \/>\n<meta property=\"article:modified_time\" content=\"2026-04-07T08:29:47+00:00\" \/>\n<meta property=\"og:image\" content=\"https:\/\/radiolifefm.com.br\/noticias\/wp-content\/uploads\/2022\/01\/vacinacao_de_criancas_covid-19_ubs_5_de_taguatinga_sul_jfcrz_abr_1601220026.jpg\" \/>\n\t<meta property=\"og:image:width\" content=\"1170\" \/>\n\t<meta property=\"og:image:height\" content=\"700\" \/>\n\t<meta property=\"og:image:type\" content=\"image\/jpeg\" \/>\n<meta name=\"author\" content=\"ritanery\" \/>\n<meta name=\"twitter:card\" content=\"summary_large_image\" \/>\n<meta name=\"twitter:label1\" content=\"Escrito por\" \/>\n\t<meta name=\"twitter:data1\" content=\"ritanery\" \/>\n\t<meta name=\"twitter:label2\" content=\"Est. tempo de leitura\" \/>\n\t<meta name=\"twitter:data2\" content=\"2 minutos\" \/>\n<script type=\"application\/ld+json\" class=\"yoast-schema-graph\">{\"@context\":\"https:\/\/schema.org\",\"@graph\":[{\"@type\":\"Article\",\"@id\":\"https:\/\/radiolifefm.com.br\/noticias\/prefeitura-de-adamantina-alerta-para-baixa-adesao-de-vacinas-e-queda-nas-temperaturas\/#article\",\"isPartOf\":{\"@id\":\"https:\/\/radiolifefm.com.br\/noticias\/prefeitura-de-adamantina-alerta-para-baixa-adesao-de-vacinas-e-queda-nas-temperaturas\/\"},\"author\":{\"name\":\"ritanery\",\"@id\":\"https:\/\/radiolifefm.com.br\/noticias\/#\/schema\/person\/6339b9fac59d12b071dec680d7375d87\"},\"headline\":\"Prefeitura de Adamantina alerta para baixa ades\u00e3o de vacinas contra gripe\",\"datePublished\":\"2022-05-18T12:15:01+00:00\",\"dateModified\":\"2026-04-07T08:29:47+00:00\",\"mainEntityOfPage\":{\"@id\":\"https:\/\/radiolifefm.com.br\/noticias\/prefeitura-de-adamantina-alerta-para-baixa-adesao-de-vacinas-e-queda-nas-temperaturas\/\"},\"wordCount\":367,\"publisher\":{\"@id\":\"https:\/\/radiolifefm.com.br\/noticias\/#organization\"},\"image\":{\"@id\":\"https:\/\/radiolifefm.com.br\/noticias\/prefeitura-de-adamantina-alerta-para-baixa-adesao-de-vacinas-e-queda-nas-temperaturas\/#primaryimage\"},\"thumbnailUrl\":\"https:\/\/radiolifefm.com.br\/noticias\/wp-content\/uploads\/2022\/01\/vacinacao_de_criancas_covid-19_ubs_5_de_taguatinga_sul_jfcrz_abr_1601220026.jpg\",\"articleSection\":[\"Adamantina\"],\"inLanguage\":\"pt-BR\"},{\"@type\":\"WebPage\",\"@id\":\"https:\/\/radiolifefm.com.br\/noticias\/prefeitura-de-adamantina-alerta-para-baixa-adesao-de-vacinas-e-queda-nas-temperaturas\/\",\"url\":\"https:\/\/radiolifefm.com.br\/noticias\/prefeitura-de-adamantina-alerta-para-baixa-adesao-de-vacinas-e-queda-nas-temperaturas\/\",\"name\":\"Prefeitura de Adamantina alerta para baixa ades\u00e3o de vacinas contra gripe - R\u00e1dio Life FM\",\"isPartOf\":{\"@id\":\"https:\/\/radiolifefm.com.br\/noticias\/#website\"},\"primaryImageOfPage\":{\"@id\":\"https:\/\/radiolifefm.com.br\/noticias\/prefeitura-de-adamantina-alerta-para-baixa-adesao-de-vacinas-e-queda-nas-temperaturas\/#primaryimage\"},\"image\":{\"@id\":\"https:\/\/radiolifefm.com.br\/noticias\/prefeitura-de-adamantina-alerta-para-baixa-adesao-de-vacinas-e-queda-nas-temperaturas\/#primaryimage\"},\"thumbnailUrl\":\"https:\/\/radiolifefm.com.br\/noticias\/wp-content\/uploads\/2022\/01\/vacinacao_de_criancas_covid-19_ubs_5_de_taguatinga_sul_jfcrz_abr_1601220026.jpg\",\"datePublished\":\"2022-05-18T12:15:01+00:00\",\"dateModified\":\"2026-04-07T08:29:47+00:00\",\"breadcrumb\":{\"@id\":\"https:\/\/radiolifefm.com.br\/noticias\/prefeitura-de-adamantina-alerta-para-baixa-adesao-de-vacinas-e-queda-nas-temperaturas\/#breadcrumb\"},\"inLanguage\":\"pt-BR\",\"potentialAction\":[{\"@type\":\"ReadAction\",\"target\":[\"https:\/\/radiolifefm.com.br\/noticias\/prefeitura-de-adamantina-alerta-para-baixa-adesao-de-vacinas-e-queda-nas-temperaturas\/\"]}]},{\"@type\":\"ImageObject\",\"inLanguage\":\"pt-BR\",\"@id\":\"https:\/\/radiolifefm.com.br\/noticias\/prefeitura-de-adamantina-alerta-para-baixa-adesao-de-vacinas-e-queda-nas-temperaturas\/#primaryimage\",\"url\":\"https:\/\/radiolifefm.com.br\/noticias\/wp-content\/uploads\/2022\/01\/vacinacao_de_criancas_covid-19_ubs_5_de_taguatinga_sul_jfcrz_abr_1601220026.jpg\",\"contentUrl\":\"https:\/\/radiolifefm.com.br\/noticias\/wp-content\/uploads\/2022\/01\/vacinacao_de_criancas_covid-19_ubs_5_de_taguatinga_sul_jfcrz_abr_1601220026.jpg\",\"width\":1170,\"height\":700},{\"@type\":\"BreadcrumbList\",\"@id\":\"https:\/\/radiolifefm.com.br\/noticias\/prefeitura-de-adamantina-alerta-para-baixa-adesao-de-vacinas-e-queda-nas-temperaturas\/#breadcrumb\",\"itemListElement\":[{\"@type\":\"ListItem\",\"position\":1,\"name\":\"In\u00edcio\",\"item\":\"https:\/\/radiolifefm.com.br\/noticias\/\"},{\"@type\":\"ListItem\",\"position\":2,\"name\":\"Prefeitura de Adamantina alerta para baixa ades\u00e3o de vacinas contra gripe\"}]},{\"@type\":\"WebSite\",\"@id\":\"https:\/\/radiolifefm.com.br\/noticias\/#website\",\"url\":\"https:\/\/radiolifefm.com.br\/noticias\/\",\"name\":\"R\u00e1dio Life FM\",\"description\":\"O Portal de Not\u00edcias de Adamantina\",\"publisher\":{\"@id\":\"https:\/\/radiolifefm.com.br\/noticias\/#organization\"},\"alternateName\":\"Life FM\",\"potentialAction\":[{\"@type\":\"SearchAction\",\"target\":{\"@type\":\"EntryPoint\",\"urlTemplate\":\"https:\/\/radiolifefm.com.br\/noticias\/?s={search_term_string}\"},\"query-input\":{\"@type\":\"PropertyValueSpecification\",\"valueRequired\":true,\"valueName\":\"search_term_string\"}}],\"inLanguage\":\"pt-BR\"},{\"@type\":\"Organization\",\"@id\":\"https:\/\/radiolifefm.com.br\/noticias\/#organization\",\"name\":\"R\u00e1dio Life FM\",\"alternateName\":\"Life FM\",\"url\":\"https:\/\/radiolifefm.com.br\/noticias\/\",\"logo\":{\"@type\":\"ImageObject\",\"inLanguage\":\"pt-BR\",\"@id\":\"https:\/\/radiolifefm.com.br\/noticias\/#\/schema\/logo\/image\/\",\"url\":\"https:\/\/static.radiolifefm.com.br\/noticias\/wp-content\/uploads\/2019\/10\/logo-lifefm.png\",\"contentUrl\":\"https:\/\/static.radiolifefm.com.br\/noticias\/wp-content\/uploads\/2019\/10\/logo-lifefm.png\",\"width\":196,\"height\":47,\"caption\":\"R\u00e1dio Life FM\"},\"image\":{\"@id\":\"https:\/\/radiolifefm.com.br\/noticias\/#\/schema\/logo\/image\/\"},\"sameAs\":[\"https:\/\/www.facebook.com\/radiolifefm\/\",\"https:\/\/www.instagram.com\/life1079fm\/\"]},{\"@type\":\"Person\",\"@id\":\"https:\/\/radiolifefm.com.br\/noticias\/#\/schema\/person\/6339b9fac59d12b071dec680d7375d87\",\"name\":\"ritanery\",\"image\":{\"@type\":\"ImageObject\",\"inLanguage\":\"pt-BR\",\"@id\":\"https:\/\/secure.gravatar.com\/avatar\/0e37bb19071f47c0b8a23f62a903df117c5a0e75f65a0c2901562f97cd41cf86?s=96&d=mm&r=g\",\"url\":\"https:\/\/secure.gravatar.com\/avatar\/0e37bb19071f47c0b8a23f62a903df117c5a0e75f65a0c2901562f97cd41cf86?s=96&d=mm&r=g\",\"contentUrl\":\"https:\/\/secure.gravatar.com\/avatar\/0e37bb19071f47c0b8a23f62a903df117c5a0e75f65a0c2901562f97cd41cf86?s=96&d=mm&r=g\",\"caption\":\"ritanery\"}}]}<\/script>\n<!-- \/ Yoast SEO plugin. -->","yoast_head_json":{"title":"Prefeitura de Adamantina alerta para baixa ades\u00e3o de vacinas contra gripe - R\u00e1dio Life FM","robots":{"index":"index","follow":"follow","max-snippet":"max-snippet:-1","max-image-preview":"max-image-preview:large","max-video-preview":"max-video-preview:-1"},"canonical":"https:\/\/radiolifefm.com.br\/noticias\/prefeitura-de-adamantina-alerta-para-baixa-adesao-de-vacinas-e-queda-nas-temperaturas\/","og_locale":"pt_BR","og_type":"article","og_title":"Prefeitura de Adamantina alerta para baixa ades\u00e3o de vacinas contra gripe - R\u00e1dio Life FM","og_description":"Adamantina vem registrando nos \u00faltimos dias uma queda consider\u00e1vel de temperatura e a tend\u00eancia \u00e9 que assim permane\u00e7a pelos pr\u00f3ximos dias. Essa situa\u00e7\u00e3o \u00e9 prop\u00edcia para o desenvolvimento de s\u00edndromes respirat\u00f3rias. Em paralelo, o munic\u00edpio vem registrando baixa ades\u00e3o dos grupos que podem tomar a vacina contra a gripe bem como atraso de mais de [&hellip;]","og_url":"https:\/\/radiolifefm.com.br\/noticias\/prefeitura-de-adamantina-alerta-para-baixa-adesao-de-vacinas-e-queda-nas-temperaturas\/","og_site_name":"R\u00e1dio Life FM","article_publisher":"https:\/\/www.facebook.com\/radiolifefm\/","article_published_time":"2022-05-18T12:15:01+00:00","article_modified_time":"2026-04-07T08:29:47+00:00","og_image":[{"width":1170,"height":700,"url":"https:\/\/radiolifefm.com.br\/noticias\/wp-content\/uploads\/2022\/01\/vacinacao_de_criancas_covid-19_ubs_5_de_taguatinga_sul_jfcrz_abr_1601220026.jpg","type":"image\/jpeg"}],"author":"ritanery","twitter_card":"summary_large_image","twitter_misc":{"Escrito por":"ritanery","Est. tempo de leitura":"2 minutos"},"schema":{"@context":"https:\/\/schema.org","@graph":[{"@type":"Article","@id":"https:\/\/radiolifefm.com.br\/noticias\/prefeitura-de-adamantina-alerta-para-baixa-adesao-de-vacinas-e-queda-nas-temperaturas\/#article","isPartOf":{"@id":"https:\/\/radiolifefm.com.br\/noticias\/prefeitura-de-adamantina-alerta-para-baixa-adesao-de-vacinas-e-queda-nas-temperaturas\/"},"author":{"name":"ritanery","@id":"https:\/\/radiolifefm.com.br\/noticias\/#\/schema\/person\/6339b9fac59d12b071dec680d7375d87"},"headline":"Prefeitura de Adamantina alerta para baixa ades\u00e3o de vacinas contra gripe","datePublished":"2022-05-18T12:15:01+00:00","dateModified":"2026-04-07T08:29:47+00:00","mainEntityOfPage":{"@id":"https:\/\/radiolifefm.com.br\/noticias\/prefeitura-de-adamantina-alerta-para-baixa-adesao-de-vacinas-e-queda-nas-temperaturas\/"},"wordCount":367,"publisher":{"@id":"https:\/\/radiolifefm.com.br\/noticias\/#organization"},"image":{"@id":"https:\/\/radiolifefm.com.br\/noticias\/prefeitura-de-adamantina-alerta-para-baixa-adesao-de-vacinas-e-queda-nas-temperaturas\/#primaryimage"},"thumbnailUrl":"https:\/\/radiolifefm.com.br\/noticias\/wp-content\/uploads\/2022\/01\/vacinacao_de_criancas_covid-19_ubs_5_de_taguatinga_sul_jfcrz_abr_1601220026.jpg","articleSection":["Adamantina"],"inLanguage":"pt-BR"},{"@type":"WebPage","@id":"https:\/\/radiolifefm.com.br\/noticias\/prefeitura-de-adamantina-alerta-para-baixa-adesao-de-vacinas-e-queda-nas-temperaturas\/","url":"https:\/\/radiolifefm.com.br\/noticias\/prefeitura-de-adamantina-alerta-para-baixa-adesao-de-vacinas-e-queda-nas-temperaturas\/","name":"Prefeitura de Adamantina alerta para baixa ades\u00e3o de vacinas contra gripe - R\u00e1dio Life FM","isPartOf":{"@id":"https:\/\/radiolifefm.com.br\/noticias\/#website"},"primaryImageOfPage":{"@id":"https:\/\/radiolifefm.com.br\/noticias\/prefeitura-de-adamantina-alerta-para-baixa-adesao-de-vacinas-e-queda-nas-temperaturas\/#primaryimage"},"image":{"@id":"https:\/\/radiolifefm.com.br\/noticias\/prefeitura-de-adamantina-alerta-para-baixa-adesao-de-vacinas-e-queda-nas-temperaturas\/#primaryimage"},"thumbnailUrl":"https:\/\/radiolifefm.com.br\/noticias\/wp-content\/uploads\/2022\/01\/vacinacao_de_criancas_covid-19_ubs_5_de_taguatinga_sul_jfcrz_abr_1601220026.jpg","datePublished":"2022-05-18T12:15:01+00:00","dateModified":"2026-04-07T08:29:47+00:00","breadcrumb":{"@id":"https:\/\/radiolifefm.com.br\/noticias\/prefeitura-de-adamantina-alerta-para-baixa-adesao-de-vacinas-e-queda-nas-temperaturas\/#breadcrumb"},"inLanguage":"pt-BR","potentialAction":[{"@type":"ReadAction","target":["https:\/\/radiolifefm.com.br\/noticias\/prefeitura-de-adamantina-alerta-para-baixa-adesao-de-vacinas-e-queda-nas-temperaturas\/"]}]},{"@type":"ImageObject","inLanguage":"pt-BR","@id":"https:\/\/radiolifefm.com.br\/noticias\/prefeitura-de-adamantina-alerta-para-baixa-adesao-de-vacinas-e-queda-nas-temperaturas\/#primaryimage","url":"https:\/\/radiolifefm.com.br\/noticias\/wp-content\/uploads\/2022\/01\/vacinacao_de_criancas_covid-19_ubs_5_de_taguatinga_sul_jfcrz_abr_1601220026.jpg","contentUrl":"https:\/\/radiolifefm.com.br\/noticias\/wp-content\/uploads\/2022\/01\/vacinacao_de_criancas_covid-19_ubs_5_de_taguatinga_sul_jfcrz_abr_1601220026.jpg","width":1170,"height":700},{"@type":"BreadcrumbList","@id":"https:\/\/radiolifefm.com.br\/noticias\/prefeitura-de-adamantina-alerta-para-baixa-adesao-de-vacinas-e-queda-nas-temperaturas\/#breadcrumb","itemListElement":[{"@type":"ListItem","position":1,"name":"In\u00edcio","item":"https:\/\/radiolifefm.com.br\/noticias\/"},{"@type":"ListItem","position":2,"name":"Prefeitura de Adamantina alerta para baixa ades\u00e3o de vacinas contra gripe"}]},{"@type":"WebSite","@id":"https:\/\/radiolifefm.com.br\/noticias\/#website","url":"https:\/\/radiolifefm.com.br\/noticias\/","name":"R\u00e1dio Life FM","description":"O Portal de Not\u00edcias de Adamantina","publisher":{"@id":"https:\/\/radiolifefm.com.br\/noticias\/#organization"},"alternateName":"Life FM","potentialAction":[{"@type":"SearchAction","target":{"@type":"EntryPoint","urlTemplate":"https:\/\/radiolifefm.com.br\/noticias\/?s={search_term_string}"},"query-input":{"@type":"PropertyValueSpecification","valueRequired":true,"valueName":"search_term_string"}}],"inLanguage":"pt-BR"},{"@type":"Organization","@id":"https:\/\/radiolifefm.com.br\/noticias\/#organization","name":"R\u00e1dio Life FM","alternateName":"Life FM","url":"https:\/\/radiolifefm.com.br\/noticias\/","logo":{"@type":"ImageObject","inLanguage":"pt-BR","@id":"https:\/\/radiolifefm.com.br\/noticias\/#\/schema\/logo\/image\/","url":"https:\/\/static.radiolifefm.com.br\/noticias\/wp-content\/uploads\/2019\/10\/logo-lifefm.png","contentUrl":"https:\/\/static.radiolifefm.com.br\/noticias\/wp-content\/uploads\/2019\/10\/logo-lifefm.png","width":196,"height":47,"caption":"R\u00e1dio Life FM"},"image":{"@id":"https:\/\/radiolifefm.com.br\/noticias\/#\/schema\/logo\/image\/"},"sameAs":["https:\/\/www.facebook.com\/radiolifefm\/","https:\/\/www.instagram.com\/life1079fm\/"]},{"@type":"Person","@id":"https:\/\/radiolifefm.com.br\/noticias\/#\/schema\/person\/6339b9fac59d12b071dec680d7375d87","name":"ritanery","image":{"@type":"ImageObject","inLanguage":"pt-BR","@id":"https:\/\/secure.gravatar.com\/avatar\/0e37bb19071f47c0b8a23f62a903df117c5a0e75f65a0c2901562f97cd41cf86?s=96&d=mm&r=g","url":"https:\/\/secure.gravatar.com\/avatar\/0e37bb19071f47c0b8a23f62a903df117c5a0e75f65a0c2901562f97cd41cf86?s=96&d=mm&r=g","contentUrl":"https:\/\/secure.gravatar.com\/avatar\/0e37bb19071f47c0b8a23f62a903df117c5a0e75f65a0c2901562f97cd41cf86?s=96&d=mm&r=g","caption":"ritanery"}}]}},"amp_enabled":true,"_links":{"self":[{"href":"https:\/\/radiolifefm.com.br\/noticias\/wp-json\/wp\/v2\/posts\/53607","targetHints":{"allow":["GET"]}}],"collection":[{"href":"https:\/\/radiolifefm.com.br\/noticias\/wp-json\/wp\/v2\/posts"}],"about":[{"href":"https:\/\/radiolifefm.com.br\/noticias\/wp-json\/wp\/v2\/types\/post"}],"author":[{"embeddable":true,"href":"https:\/\/radiolifefm.com.br\/noticias\/wp-json\/wp\/v2\/users\/13"}],"replies":[{"embeddable":true,"href":"https:\/\/radiolifefm.com.br\/noticias\/wp-json\/wp\/v2\/comments?post=53607"}],"version-history":[{"count":5,"href":"https:\/\/radiolifefm.com.br\/noticias\/wp-json\/wp\/v2\/posts\/53607\/revisions"}],"predecessor-version":[{"id":53653,"href":"https:\/\/radiolifefm.com.br\/noticias\/wp-json\/wp\/v2\/posts\/53607\/revisions\/53653"}],"wp:featuredmedia":[{"embeddable":true,"href":"https:\/\/radiolifefm.com.br\/noticias\/wp-json\/wp\/v2\/media\/48402"}],"wp:attachment":[{"href":"https:\/\/radiolifefm.com.br\/noticias\/wp-json\/wp\/v2\/media?parent=53607"}],"wp:term":[{"taxonomy":"category","embeddable":true,"href":"https:\/\/radiolifefm.com.br\/noticias\/wp-json\/wp\/v2\/categories?post=53607"},{"taxonomy":"post_tag","embeddable":true,"href":"https:\/\/radiolifefm.com.br\/noticias\/wp-json\/wp\/v2\/tags?post=53607"}],"curies":[{"name":"wp","href":"https:\/\/api.w.org\/{rel}","templated":true}]}}