{"id":53517,"date":"2022-05-17T09:24:14","date_gmt":"2022-05-17T12:24:14","guid":{"rendered":"https:\/\/radiolifefm.com.br\/noticias\/?p=53517"},"modified":"2026-04-08T22:52:11","modified_gmt":"2026-04-09T01:52:11","slug":"adamantina-recebe-unidade-do-sebrae-movel-na-proxima-semana","status":"publish","type":"post","link":"https:\/\/radiolifefm.com.br\/noticias\/adamantina-recebe-unidade-do-sebrae-movel-na-proxima-semana\/","title":{"rendered":"Adamantina recebe unidade do Sebrae M\u00f3vel na pr\u00f3xima semana"},"content":{"rendered":"<div id=\"fb-root\"><\/div>\n<p style=\"font-weight: 400\">As programa\u00e7\u00f5es alusivas aos 73 anos de Adamantina n\u00e3o est\u00e3o restritas a shows, eventos esportivos ou culturais.<\/p>\n<p style=\"font-weight: 400\">Com o objetivo de auxiliar os microempreendedores, a Prefeitura de Adamantina, por meio da Secretaria de Desenvolvimento Econ\u00f4mico, em parceria com o Sebrae, trar\u00e1 para o munic\u00edpio nos dias 25 e 26 de maio, a unidade do Sebrae M\u00f3vel.<\/p>\n<p style=\"font-weight: 400\">O servi\u00e7o estar\u00e1 dispon\u00edvel das 9h \u00e0s 17h em frente a biblioteca municipal Jurema Citeli. Os interessados poder\u00e3o procurar o local para: realizar a abertura para ser microempreendedor individual, emitir boletos como MEI, receber aux\u00edlio na realiza\u00e7\u00e3o da declara\u00e7\u00e3o anual do MEI \u2013 DASN Simei e, ainda, regular a microempresa.<\/p>\n<p style=\"font-weight: 400\">De acordo com o secret\u00e1rio de desenvolvimento econ\u00f4mico, Gustavo Andrade, a medida vem para prestar um aux\u00edlio e sanar poss\u00edveis d\u00favidas que os empreendedores possam ter em rela\u00e7\u00e3o a documenta\u00e7\u00e3o. \u201cAl\u00e9m disso, \u00e9 uma \u00f3tima oportunidade para quem deseja sair da informalidade e ser um empreendedor. Por isso, aproveitem!\u201d, convida.<\/p>\n<p style=\"text-align: right\"><em>Fonte: Assessoria de Imprensa<\/em><\/p>\n","protected":false},"excerpt":{"rendered":"<p>As programa\u00e7\u00f5es alusivas aos 73 anos de Adamantina n\u00e3o est\u00e3o restritas a shows, eventos esportivos ou culturais. Com o objetivo de auxiliar os microempreendedores, a Prefeitura de Adamantina, por meio da Secretaria de Desenvolvimento Econ\u00f4mico, em parceria com o Sebrae, trar\u00e1 para o munic\u00edpio nos dias 25 e 26 de maio, a unidade do Sebrae [&hellip;]<\/p>\n","protected":false},"author":13,"featured_media":53572,"comment_status":"closed","ping_status":"open","sticky":false,"template":"","format":"standard","meta":{"_acf_changed":false,"_exactmetrics_skip_tracking":false,"_exactmetrics_sitenote_active":false,"_exactmetrics_sitenote_note":"","_exactmetrics_sitenote_category":0,"footnotes":""},"categories":[21],"tags":[],"class_list":["post-53517","post","type-post","status-publish","format-standard","has-post-thumbnail","hentry","category-adamantina"],"acf":[],"yoast_head":"<!-- This site is optimized with the Yoast SEO plugin v27.2 - https:\/\/yoast.com\/product\/yoast-seo-wordpress\/ -->\n<title>Adamantina recebe unidade do Sebrae M\u00f3vel na pr\u00f3xima semana - R\u00e1dio Life FM<\/title>\n<meta name=\"robots\" content=\"index, follow, max-snippet:-1, max-image-preview:large, max-video-preview:-1\" \/>\n<link rel=\"canonical\" href=\"https:\/\/radiolifefm.com.br\/noticias\/adamantina-recebe-unidade-do-sebrae-movel-na-proxima-semana\/\" \/>\n<meta property=\"og:locale\" content=\"pt_BR\" \/>\n<meta property=\"og:type\" content=\"article\" \/>\n<meta property=\"og:title\" content=\"Adamantina recebe unidade do Sebrae M\u00f3vel na pr\u00f3xima semana - R\u00e1dio Life FM\" \/>\n<meta property=\"og:description\" content=\"As programa\u00e7\u00f5es alusivas aos 73 anos de Adamantina n\u00e3o est\u00e3o restritas a shows, eventos esportivos ou culturais. Com o objetivo de auxiliar os microempreendedores, a Prefeitura de Adamantina, por meio da Secretaria de Desenvolvimento Econ\u00f4mico, em parceria com o Sebrae, trar\u00e1 para o munic\u00edpio nos dias 25 e 26 de maio, a unidade do Sebrae [&hellip;]\" \/>\n<meta property=\"og:url\" content=\"https:\/\/radiolifefm.com.br\/noticias\/adamantina-recebe-unidade-do-sebrae-movel-na-proxima-semana\/\" \/>\n<meta property=\"og:site_name\" content=\"R\u00e1dio Life FM\" \/>\n<meta property=\"article:publisher\" content=\"https:\/\/www.facebook.com\/radiolifefm\/\" \/>\n<meta property=\"article:published_time\" content=\"2022-05-17T12:24:14+00:00\" \/>\n<meta property=\"article:modified_time\" content=\"2026-04-09T01:52:11+00:00\" \/>\n<meta property=\"og:image\" content=\"https:\/\/radiolifefm.com.br\/noticias\/wp-content\/uploads\/2022\/05\/939093e8f8a6baa9809da8e005b3cfed.jpeg\" \/>\n\t<meta property=\"og:image:width\" content=\"651\" \/>\n\t<meta property=\"og:image:height\" content=\"447\" \/>\n\t<meta property=\"og:image:type\" content=\"image\/jpeg\" \/>\n<meta name=\"author\" content=\"ritanery\" \/>\n<meta name=\"twitter:card\" content=\"summary_large_image\" \/>\n<meta name=\"twitter:label1\" content=\"Escrito por\" \/>\n\t<meta name=\"twitter:data1\" content=\"ritanery\" \/>\n\t<meta name=\"twitter:label2\" content=\"Est. tempo de leitura\" \/>\n\t<meta name=\"twitter:data2\" content=\"1 minuto\" \/>\n<script type=\"application\/ld+json\" class=\"yoast-schema-graph\">{\"@context\":\"https:\/\/schema.org\",\"@graph\":[{\"@type\":\"Article\",\"@id\":\"https:\/\/radiolifefm.com.br\/noticias\/adamantina-recebe-unidade-do-sebrae-movel-na-proxima-semana\/#article\",\"isPartOf\":{\"@id\":\"https:\/\/radiolifefm.com.br\/noticias\/adamantina-recebe-unidade-do-sebrae-movel-na-proxima-semana\/\"},\"author\":{\"name\":\"ritanery\",\"@id\":\"https:\/\/radiolifefm.com.br\/noticias\/#\/schema\/person\/6339b9fac59d12b071dec680d7375d87\"},\"headline\":\"Adamantina recebe unidade do Sebrae M\u00f3vel na pr\u00f3xima semana\",\"datePublished\":\"2022-05-17T12:24:14+00:00\",\"dateModified\":\"2026-04-09T01:52:11+00:00\",\"mainEntityOfPage\":{\"@id\":\"https:\/\/radiolifefm.com.br\/noticias\/adamantina-recebe-unidade-do-sebrae-movel-na-proxima-semana\/\"},\"wordCount\":186,\"publisher\":{\"@id\":\"https:\/\/radiolifefm.com.br\/noticias\/#organization\"},\"image\":{\"@id\":\"https:\/\/radiolifefm.com.br\/noticias\/adamantina-recebe-unidade-do-sebrae-movel-na-proxima-semana\/#primaryimage\"},\"thumbnailUrl\":\"https:\/\/radiolifefm.com.br\/noticias\/wp-content\/uploads\/2022\/05\/939093e8f8a6baa9809da8e005b3cfed.jpeg\",\"articleSection\":[\"Adamantina\"],\"inLanguage\":\"pt-BR\"},{\"@type\":\"WebPage\",\"@id\":\"https:\/\/radiolifefm.com.br\/noticias\/adamantina-recebe-unidade-do-sebrae-movel-na-proxima-semana\/\",\"url\":\"https:\/\/radiolifefm.com.br\/noticias\/adamantina-recebe-unidade-do-sebrae-movel-na-proxima-semana\/\",\"name\":\"Adamantina recebe unidade do Sebrae M\u00f3vel na pr\u00f3xima semana - R\u00e1dio Life FM\",\"isPartOf\":{\"@id\":\"https:\/\/radiolifefm.com.br\/noticias\/#website\"},\"primaryImageOfPage\":{\"@id\":\"https:\/\/radiolifefm.com.br\/noticias\/adamantina-recebe-unidade-do-sebrae-movel-na-proxima-semana\/#primaryimage\"},\"image\":{\"@id\":\"https:\/\/radiolifefm.com.br\/noticias\/adamantina-recebe-unidade-do-sebrae-movel-na-proxima-semana\/#primaryimage\"},\"thumbnailUrl\":\"https:\/\/radiolifefm.com.br\/noticias\/wp-content\/uploads\/2022\/05\/939093e8f8a6baa9809da8e005b3cfed.jpeg\",\"datePublished\":\"2022-05-17T12:24:14+00:00\",\"dateModified\":\"2026-04-09T01:52:11+00:00\",\"breadcrumb\":{\"@id\":\"https:\/\/radiolifefm.com.br\/noticias\/adamantina-recebe-unidade-do-sebrae-movel-na-proxima-semana\/#breadcrumb\"},\"inLanguage\":\"pt-BR\",\"potentialAction\":[{\"@type\":\"ReadAction\",\"target\":[\"https:\/\/radiolifefm.com.br\/noticias\/adamantina-recebe-unidade-do-sebrae-movel-na-proxima-semana\/\"]}]},{\"@type\":\"ImageObject\",\"inLanguage\":\"pt-BR\",\"@id\":\"https:\/\/radiolifefm.com.br\/noticias\/adamantina-recebe-unidade-do-sebrae-movel-na-proxima-semana\/#primaryimage\",\"url\":\"https:\/\/radiolifefm.com.br\/noticias\/wp-content\/uploads\/2022\/05\/939093e8f8a6baa9809da8e005b3cfed.jpeg\",\"contentUrl\":\"https:\/\/radiolifefm.com.br\/noticias\/wp-content\/uploads\/2022\/05\/939093e8f8a6baa9809da8e005b3cfed.jpeg\",\"width\":651,\"height\":447},{\"@type\":\"BreadcrumbList\",\"@id\":\"https:\/\/radiolifefm.com.br\/noticias\/adamantina-recebe-unidade-do-sebrae-movel-na-proxima-semana\/#breadcrumb\",\"itemListElement\":[{\"@type\":\"ListItem\",\"position\":1,\"name\":\"In\u00edcio\",\"item\":\"https:\/\/radiolifefm.com.br\/noticias\/\"},{\"@type\":\"ListItem\",\"position\":2,\"name\":\"Adamantina recebe unidade do Sebrae M\u00f3vel na pr\u00f3xima semana\"}]},{\"@type\":\"WebSite\",\"@id\":\"https:\/\/radiolifefm.com.br\/noticias\/#website\",\"url\":\"https:\/\/radiolifefm.com.br\/noticias\/\",\"name\":\"R\u00e1dio Life FM\",\"description\":\"O Portal de Not\u00edcias de Adamantina\",\"publisher\":{\"@id\":\"https:\/\/radiolifefm.com.br\/noticias\/#organization\"},\"alternateName\":\"Life FM\",\"potentialAction\":[{\"@type\":\"SearchAction\",\"target\":{\"@type\":\"EntryPoint\",\"urlTemplate\":\"https:\/\/radiolifefm.com.br\/noticias\/?s={search_term_string}\"},\"query-input\":{\"@type\":\"PropertyValueSpecification\",\"valueRequired\":true,\"valueName\":\"search_term_string\"}}],\"inLanguage\":\"pt-BR\"},{\"@type\":\"Organization\",\"@id\":\"https:\/\/radiolifefm.com.br\/noticias\/#organization\",\"name\":\"R\u00e1dio Life FM\",\"alternateName\":\"Life FM\",\"url\":\"https:\/\/radiolifefm.com.br\/noticias\/\",\"logo\":{\"@type\":\"ImageObject\",\"inLanguage\":\"pt-BR\",\"@id\":\"https:\/\/radiolifefm.com.br\/noticias\/#\/schema\/logo\/image\/\",\"url\":\"https:\/\/static.radiolifefm.com.br\/noticias\/wp-content\/uploads\/2019\/10\/logo-lifefm.png\",\"contentUrl\":\"https:\/\/static.radiolifefm.com.br\/noticias\/wp-content\/uploads\/2019\/10\/logo-lifefm.png\",\"width\":196,\"height\":47,\"caption\":\"R\u00e1dio Life FM\"},\"image\":{\"@id\":\"https:\/\/radiolifefm.com.br\/noticias\/#\/schema\/logo\/image\/\"},\"sameAs\":[\"https:\/\/www.facebook.com\/radiolifefm\/\",\"https:\/\/www.instagram.com\/life1079fm\/\"]},{\"@type\":\"Person\",\"@id\":\"https:\/\/radiolifefm.com.br\/noticias\/#\/schema\/person\/6339b9fac59d12b071dec680d7375d87\",\"name\":\"ritanery\",\"image\":{\"@type\":\"ImageObject\",\"inLanguage\":\"pt-BR\",\"@id\":\"https:\/\/secure.gravatar.com\/avatar\/0e37bb19071f47c0b8a23f62a903df117c5a0e75f65a0c2901562f97cd41cf86?s=96&d=mm&r=g\",\"url\":\"https:\/\/secure.gravatar.com\/avatar\/0e37bb19071f47c0b8a23f62a903df117c5a0e75f65a0c2901562f97cd41cf86?s=96&d=mm&r=g\",\"contentUrl\":\"https:\/\/secure.gravatar.com\/avatar\/0e37bb19071f47c0b8a23f62a903df117c5a0e75f65a0c2901562f97cd41cf86?s=96&d=mm&r=g\",\"caption\":\"ritanery\"}}]}<\/script>\n<!-- \/ Yoast SEO plugin. -->","yoast_head_json":{"title":"Adamantina recebe unidade do Sebrae M\u00f3vel na pr\u00f3xima semana - R\u00e1dio Life FM","robots":{"index":"index","follow":"follow","max-snippet":"max-snippet:-1","max-image-preview":"max-image-preview:large","max-video-preview":"max-video-preview:-1"},"canonical":"https:\/\/radiolifefm.com.br\/noticias\/adamantina-recebe-unidade-do-sebrae-movel-na-proxima-semana\/","og_locale":"pt_BR","og_type":"article","og_title":"Adamantina recebe unidade do Sebrae M\u00f3vel na pr\u00f3xima semana - R\u00e1dio Life FM","og_description":"As programa\u00e7\u00f5es alusivas aos 73 anos de Adamantina n\u00e3o est\u00e3o restritas a shows, eventos esportivos ou culturais. Com o objetivo de auxiliar os microempreendedores, a Prefeitura de Adamantina, por meio da Secretaria de Desenvolvimento Econ\u00f4mico, em parceria com o Sebrae, trar\u00e1 para o munic\u00edpio nos dias 25 e 26 de maio, a unidade do Sebrae [&hellip;]","og_url":"https:\/\/radiolifefm.com.br\/noticias\/adamantina-recebe-unidade-do-sebrae-movel-na-proxima-semana\/","og_site_name":"R\u00e1dio Life FM","article_publisher":"https:\/\/www.facebook.com\/radiolifefm\/","article_published_time":"2022-05-17T12:24:14+00:00","article_modified_time":"2026-04-09T01:52:11+00:00","og_image":[{"width":651,"height":447,"url":"https:\/\/radiolifefm.com.br\/noticias\/wp-content\/uploads\/2022\/05\/939093e8f8a6baa9809da8e005b3cfed.jpeg","type":"image\/jpeg"}],"author":"ritanery","twitter_card":"summary_large_image","twitter_misc":{"Escrito por":"ritanery","Est. tempo de leitura":"1 minuto"},"schema":{"@context":"https:\/\/schema.org","@graph":[{"@type":"Article","@id":"https:\/\/radiolifefm.com.br\/noticias\/adamantina-recebe-unidade-do-sebrae-movel-na-proxima-semana\/#article","isPartOf":{"@id":"https:\/\/radiolifefm.com.br\/noticias\/adamantina-recebe-unidade-do-sebrae-movel-na-proxima-semana\/"},"author":{"name":"ritanery","@id":"https:\/\/radiolifefm.com.br\/noticias\/#\/schema\/person\/6339b9fac59d12b071dec680d7375d87"},"headline":"Adamantina recebe unidade do Sebrae M\u00f3vel na pr\u00f3xima semana","datePublished":"2022-05-17T12:24:14+00:00","dateModified":"2026-04-09T01:52:11+00:00","mainEntityOfPage":{"@id":"https:\/\/radiolifefm.com.br\/noticias\/adamantina-recebe-unidade-do-sebrae-movel-na-proxima-semana\/"},"wordCount":186,"publisher":{"@id":"https:\/\/radiolifefm.com.br\/noticias\/#organization"},"image":{"@id":"https:\/\/radiolifefm.com.br\/noticias\/adamantina-recebe-unidade-do-sebrae-movel-na-proxima-semana\/#primaryimage"},"thumbnailUrl":"https:\/\/radiolifefm.com.br\/noticias\/wp-content\/uploads\/2022\/05\/939093e8f8a6baa9809da8e005b3cfed.jpeg","articleSection":["Adamantina"],"inLanguage":"pt-BR"},{"@type":"WebPage","@id":"https:\/\/radiolifefm.com.br\/noticias\/adamantina-recebe-unidade-do-sebrae-movel-na-proxima-semana\/","url":"https:\/\/radiolifefm.com.br\/noticias\/adamantina-recebe-unidade-do-sebrae-movel-na-proxima-semana\/","name":"Adamantina recebe unidade do Sebrae M\u00f3vel na pr\u00f3xima semana - R\u00e1dio Life FM","isPartOf":{"@id":"https:\/\/radiolifefm.com.br\/noticias\/#website"},"primaryImageOfPage":{"@id":"https:\/\/radiolifefm.com.br\/noticias\/adamantina-recebe-unidade-do-sebrae-movel-na-proxima-semana\/#primaryimage"},"image":{"@id":"https:\/\/radiolifefm.com.br\/noticias\/adamantina-recebe-unidade-do-sebrae-movel-na-proxima-semana\/#primaryimage"},"thumbnailUrl":"https:\/\/radiolifefm.com.br\/noticias\/wp-content\/uploads\/2022\/05\/939093e8f8a6baa9809da8e005b3cfed.jpeg","datePublished":"2022-05-17T12:24:14+00:00","dateModified":"2026-04-09T01:52:11+00:00","breadcrumb":{"@id":"https:\/\/radiolifefm.com.br\/noticias\/adamantina-recebe-unidade-do-sebrae-movel-na-proxima-semana\/#breadcrumb"},"inLanguage":"pt-BR","potentialAction":[{"@type":"ReadAction","target":["https:\/\/radiolifefm.com.br\/noticias\/adamantina-recebe-unidade-do-sebrae-movel-na-proxima-semana\/"]}]},{"@type":"ImageObject","inLanguage":"pt-BR","@id":"https:\/\/radiolifefm.com.br\/noticias\/adamantina-recebe-unidade-do-sebrae-movel-na-proxima-semana\/#primaryimage","url":"https:\/\/radiolifefm.com.br\/noticias\/wp-content\/uploads\/2022\/05\/939093e8f8a6baa9809da8e005b3cfed.jpeg","contentUrl":"https:\/\/radiolifefm.com.br\/noticias\/wp-content\/uploads\/2022\/05\/939093e8f8a6baa9809da8e005b3cfed.jpeg","width":651,"height":447},{"@type":"BreadcrumbList","@id":"https:\/\/radiolifefm.com.br\/noticias\/adamantina-recebe-unidade-do-sebrae-movel-na-proxima-semana\/#breadcrumb","itemListElement":[{"@type":"ListItem","position":1,"name":"In\u00edcio","item":"https:\/\/radiolifefm.com.br\/noticias\/"},{"@type":"ListItem","position":2,"name":"Adamantina recebe unidade do Sebrae M\u00f3vel na pr\u00f3xima semana"}]},{"@type":"WebSite","@id":"https:\/\/radiolifefm.com.br\/noticias\/#website","url":"https:\/\/radiolifefm.com.br\/noticias\/","name":"R\u00e1dio Life FM","description":"O Portal de Not\u00edcias de Adamantina","publisher":{"@id":"https:\/\/radiolifefm.com.br\/noticias\/#organization"},"alternateName":"Life FM","potentialAction":[{"@type":"SearchAction","target":{"@type":"EntryPoint","urlTemplate":"https:\/\/radiolifefm.com.br\/noticias\/?s={search_term_string}"},"query-input":{"@type":"PropertyValueSpecification","valueRequired":true,"valueName":"search_term_string"}}],"inLanguage":"pt-BR"},{"@type":"Organization","@id":"https:\/\/radiolifefm.com.br\/noticias\/#organization","name":"R\u00e1dio Life FM","alternateName":"Life FM","url":"https:\/\/radiolifefm.com.br\/noticias\/","logo":{"@type":"ImageObject","inLanguage":"pt-BR","@id":"https:\/\/radiolifefm.com.br\/noticias\/#\/schema\/logo\/image\/","url":"https:\/\/static.radiolifefm.com.br\/noticias\/wp-content\/uploads\/2019\/10\/logo-lifefm.png","contentUrl":"https:\/\/static.radiolifefm.com.br\/noticias\/wp-content\/uploads\/2019\/10\/logo-lifefm.png","width":196,"height":47,"caption":"R\u00e1dio Life FM"},"image":{"@id":"https:\/\/radiolifefm.com.br\/noticias\/#\/schema\/logo\/image\/"},"sameAs":["https:\/\/www.facebook.com\/radiolifefm\/","https:\/\/www.instagram.com\/life1079fm\/"]},{"@type":"Person","@id":"https:\/\/radiolifefm.com.br\/noticias\/#\/schema\/person\/6339b9fac59d12b071dec680d7375d87","name":"ritanery","image":{"@type":"ImageObject","inLanguage":"pt-BR","@id":"https:\/\/secure.gravatar.com\/avatar\/0e37bb19071f47c0b8a23f62a903df117c5a0e75f65a0c2901562f97cd41cf86?s=96&d=mm&r=g","url":"https:\/\/secure.gravatar.com\/avatar\/0e37bb19071f47c0b8a23f62a903df117c5a0e75f65a0c2901562f97cd41cf86?s=96&d=mm&r=g","contentUrl":"https:\/\/secure.gravatar.com\/avatar\/0e37bb19071f47c0b8a23f62a903df117c5a0e75f65a0c2901562f97cd41cf86?s=96&d=mm&r=g","caption":"ritanery"}}]}},"amp_enabled":true,"_links":{"self":[{"href":"https:\/\/radiolifefm.com.br\/noticias\/wp-json\/wp\/v2\/posts\/53517","targetHints":{"allow":["GET"]}}],"collection":[{"href":"https:\/\/radiolifefm.com.br\/noticias\/wp-json\/wp\/v2\/posts"}],"about":[{"href":"https:\/\/radiolifefm.com.br\/noticias\/wp-json\/wp\/v2\/types\/post"}],"author":[{"embeddable":true,"href":"https:\/\/radiolifefm.com.br\/noticias\/wp-json\/wp\/v2\/users\/13"}],"replies":[{"embeddable":true,"href":"https:\/\/radiolifefm.com.br\/noticias\/wp-json\/wp\/v2\/comments?post=53517"}],"version-history":[{"count":6,"href":"https:\/\/radiolifefm.com.br\/noticias\/wp-json\/wp\/v2\/posts\/53517\/revisions"}],"predecessor-version":[{"id":53574,"href":"https:\/\/radiolifefm.com.br\/noticias\/wp-json\/wp\/v2\/posts\/53517\/revisions\/53574"}],"wp:featuredmedia":[{"embeddable":true,"href":"https:\/\/radiolifefm.com.br\/noticias\/wp-json\/wp\/v2\/media\/53572"}],"wp:attachment":[{"href":"https:\/\/radiolifefm.com.br\/noticias\/wp-json\/wp\/v2\/media?parent=53517"}],"wp:term":[{"taxonomy":"category","embeddable":true,"href":"https:\/\/radiolifefm.com.br\/noticias\/wp-json\/wp\/v2\/categories?post=53517"},{"taxonomy":"post_tag","embeddable":true,"href":"https:\/\/radiolifefm.com.br\/noticias\/wp-json\/wp\/v2\/tags?post=53517"}],"curies":[{"name":"wp","href":"https:\/\/api.w.org\/{rel}","templated":true}]}}