{"id":53514,"date":"2022-05-17T09:12:31","date_gmt":"2022-05-17T12:12:31","guid":{"rendered":"https:\/\/radiolifefm.com.br\/noticias\/?p=53514"},"modified":"2026-04-19T14:17:55","modified_gmt":"2026-04-19T17:17:55","slug":"apos-denuncia-de-infidelidade-partidaria-vereador-helio-afirma-que-mudanca-teve-autorizacao-do-pl","status":"publish","type":"post","link":"https:\/\/radiolifefm.com.br\/noticias\/apos-denuncia-de-infidelidade-partidaria-vereador-helio-afirma-que-mudanca-teve-autorizacao-do-pl\/","title":{"rendered":"Ap\u00f3s denuncia de infidelidade partid\u00e1ria, vereador H\u00e9lio afirma que mudan\u00e7a teve autoriza\u00e7\u00e3o do PL"},"content":{"rendered":"<div id=\"fb-root\"><\/div>\n<p>A noticia que tem causado repercuss\u00e3o no meio politico adamantinense nos \u00faltimos dias diz respeito a denuncia protocolada ter\u00e7a-feira (10) em nome suplente de vereador Roberto Hon\u00f3rio de Oliveira, o Robertinho da Dengue, por meio do processo n\u00ba 600007-56.2022.6.26.0157 junto ao cart\u00f3rio da 157\u00aa Zona Eleitoral de Adamantina, em desfavor do vereador no quinto mandato H\u00e9lio Jose do Santos, o professor H\u00e9lio. O caso foi publicado inicialmente pelo jornal Di\u00e1rio do Oeste.<\/p>\n<p>A \u201cacusa\u00e7\u00e3o \u201c aponta suposto cometimento de infidelidade partid\u00e1ria pelo legislador, que em abril deste ano mudou de legenda durante o exerc\u00edcio do mandato \u2013 saindo do PL (Partido Liberal) e indo para o PP (Partido Progressista). Iniciativa que, segundo o autor \u2013 filiado ao PL \u2013 caracteriza a infra\u00e7\u00e3o eleitoral, por isso, decidiu buscar a autoriza\u00e7\u00e3o da justi\u00e7a Eleitoral para assumir a cadeira na C\u00e2mara de Adamantina.<\/p>\n<p>H\u00e9lio destacou, ao Di\u00e1rio que todo o processo de desfilia\u00e7\u00e3o teve anu\u00eancia do Diret\u00f3rio Estadual do PL, al\u00e9m de ser conduzido conforme orienta\u00e7\u00f5es da pr\u00f3pria Justi\u00e7a eleitoral e com total transpar\u00eancia. \u201cAl\u00e9m de contar com autoriza\u00e7\u00e3o do partido, busquei orienta\u00e7\u00f5es\u00a0 junto ao cart\u00f3rio \u00a0da 157\u00aa Zona Eleitoral de Adamantina para orientar todo o processo.<\/p>\n<p>Al\u00e9m disso, encaminhei toda a documenta\u00e7\u00e3o a Justi\u00e7a Eleitoral e \u00e0 C\u00e2mara Municipal.<\/p>\n<p>Al\u00e9m de tomar os cuidados legais para proceder com a troca de sigla, o vereador afirma ter procurado o suplente e conversado sobre o assunto, inclusive informou sobre todo o processo, a autoriza\u00e7\u00e3o do PL atrav\u00e9s do presidente estadual para que n\u00e3o houvesse a perda do mandato e, ainda, disse ter deixado claro Robertinho continuaria como suplente, ou seja, assumiria a vaga caso houvesse seu afastamento.<\/p>\n<p>H\u00e9lio acrescentou que a principal motiva\u00e7\u00e3o para mudar a legenda foi o fato de, pelo PP, poder concorrer ao cargo de deputado estadual nas Elei\u00e7\u00f5es 2022, que ocorrem em outubro. Hoje ele se apresenta na Assembleia do Legislativa do Estado de S\u00e3o Paulo.<\/p>\n<p>Robertinho da Dengue por sua vez, declarou ao Di\u00e1rio que o objetivo da a\u00e7\u00e3o impetrada \u00e9 apenas resguardar seus direitos.<\/p>\n<p>&nbsp;<\/p>\n<p>Fonte: Adamantina Net<\/p>\n","protected":false},"excerpt":{"rendered":"<p>A noticia que tem causado repercuss\u00e3o no meio politico adamantinense nos \u00faltimos dias diz respeito a denuncia protocolada ter\u00e7a-feira (10) em nome suplente de vereador Roberto Hon\u00f3rio de Oliveira, o Robertinho da Dengue, por meio do processo n\u00ba 600007-56.2022.6.26.0157 junto ao cart\u00f3rio da 157\u00aa Zona Eleitoral de Adamantina, em desfavor do vereador no quinto mandato [&hellip;]<\/p>\n","protected":false},"author":13,"featured_media":53515,"comment_status":"closed","ping_status":"open","sticky":false,"template":"","format":"standard","meta":{"_acf_changed":false,"_exactmetrics_skip_tracking":false,"_exactmetrics_sitenote_active":false,"_exactmetrics_sitenote_note":"","_exactmetrics_sitenote_category":0,"footnotes":""},"categories":[21],"tags":[],"class_list":["post-53514","post","type-post","status-publish","format-standard","has-post-thumbnail","hentry","category-adamantina"],"acf":[],"yoast_head":"<!-- This site is optimized with the Yoast SEO plugin v27.2 - https:\/\/yoast.com\/product\/yoast-seo-wordpress\/ -->\n<title>Ap\u00f3s denuncia de infidelidade partid\u00e1ria, vereador H\u00e9lio afirma que mudan\u00e7a teve autoriza\u00e7\u00e3o do PL - R\u00e1dio Life FM<\/title>\n<meta name=\"robots\" content=\"index, follow, max-snippet:-1, max-image-preview:large, max-video-preview:-1\" \/>\n<link rel=\"canonical\" href=\"https:\/\/radiolifefm.com.br\/noticias\/apos-denuncia-de-infidelidade-partidaria-vereador-helio-afirma-que-mudanca-teve-autorizacao-do-pl\/\" \/>\n<meta property=\"og:locale\" content=\"pt_BR\" \/>\n<meta property=\"og:type\" content=\"article\" \/>\n<meta property=\"og:title\" content=\"Ap\u00f3s denuncia de infidelidade partid\u00e1ria, vereador H\u00e9lio afirma que mudan\u00e7a teve autoriza\u00e7\u00e3o do PL - R\u00e1dio Life FM\" \/>\n<meta property=\"og:description\" content=\"A noticia que tem causado repercuss\u00e3o no meio politico adamantinense nos \u00faltimos dias diz respeito a denuncia protocolada ter\u00e7a-feira (10) em nome suplente de vereador Roberto Hon\u00f3rio de Oliveira, o Robertinho da Dengue, por meio do processo n\u00ba 600007-56.2022.6.26.0157 junto ao cart\u00f3rio da 157\u00aa Zona Eleitoral de Adamantina, em desfavor do vereador no quinto mandato [&hellip;]\" \/>\n<meta property=\"og:url\" content=\"https:\/\/radiolifefm.com.br\/noticias\/apos-denuncia-de-infidelidade-partidaria-vereador-helio-afirma-que-mudanca-teve-autorizacao-do-pl\/\" \/>\n<meta property=\"og:site_name\" content=\"R\u00e1dio Life FM\" \/>\n<meta property=\"article:publisher\" content=\"https:\/\/www.facebook.com\/radiolifefm\/\" \/>\n<meta property=\"article:published_time\" content=\"2022-05-17T12:12:31+00:00\" \/>\n<meta property=\"article:modified_time\" content=\"2026-04-19T17:17:55+00:00\" \/>\n<meta property=\"og:image\" content=\"https:\/\/radiolifefm.com.br\/noticias\/wp-content\/uploads\/2022\/05\/cats-12.jpg\" \/>\n\t<meta property=\"og:image:width\" content=\"341\" \/>\n\t<meta property=\"og:image:height\" content=\"246\" \/>\n\t<meta property=\"og:image:type\" content=\"image\/jpeg\" \/>\n<meta name=\"author\" content=\"ritanery\" \/>\n<meta name=\"twitter:card\" content=\"summary_large_image\" \/>\n<meta name=\"twitter:label1\" content=\"Escrito por\" \/>\n\t<meta name=\"twitter:data1\" content=\"ritanery\" \/>\n\t<meta name=\"twitter:label2\" content=\"Est. tempo de leitura\" \/>\n\t<meta name=\"twitter:data2\" content=\"2 minutos\" \/>\n<script type=\"application\/ld+json\" class=\"yoast-schema-graph\">{\"@context\":\"https:\/\/schema.org\",\"@graph\":[{\"@type\":\"Article\",\"@id\":\"https:\/\/radiolifefm.com.br\/noticias\/apos-denuncia-de-infidelidade-partidaria-vereador-helio-afirma-que-mudanca-teve-autorizacao-do-pl\/#article\",\"isPartOf\":{\"@id\":\"https:\/\/radiolifefm.com.br\/noticias\/apos-denuncia-de-infidelidade-partidaria-vereador-helio-afirma-que-mudanca-teve-autorizacao-do-pl\/\"},\"author\":{\"name\":\"ritanery\",\"@id\":\"https:\/\/radiolifefm.com.br\/noticias\/#\/schema\/person\/6339b9fac59d12b071dec680d7375d87\"},\"headline\":\"Ap\u00f3s denuncia de infidelidade partid\u00e1ria, vereador H\u00e9lio afirma que mudan\u00e7a teve autoriza\u00e7\u00e3o do PL\",\"datePublished\":\"2022-05-17T12:12:31+00:00\",\"dateModified\":\"2026-04-19T17:17:55+00:00\",\"mainEntityOfPage\":{\"@id\":\"https:\/\/radiolifefm.com.br\/noticias\/apos-denuncia-de-infidelidade-partidaria-vereador-helio-afirma-que-mudanca-teve-autorizacao-do-pl\/\"},\"wordCount\":391,\"publisher\":{\"@id\":\"https:\/\/radiolifefm.com.br\/noticias\/#organization\"},\"image\":{\"@id\":\"https:\/\/radiolifefm.com.br\/noticias\/apos-denuncia-de-infidelidade-partidaria-vereador-helio-afirma-que-mudanca-teve-autorizacao-do-pl\/#primaryimage\"},\"thumbnailUrl\":\"https:\/\/radiolifefm.com.br\/noticias\/wp-content\/uploads\/2022\/05\/cats-12.jpg\",\"articleSection\":[\"Adamantina\"],\"inLanguage\":\"pt-BR\"},{\"@type\":\"WebPage\",\"@id\":\"https:\/\/radiolifefm.com.br\/noticias\/apos-denuncia-de-infidelidade-partidaria-vereador-helio-afirma-que-mudanca-teve-autorizacao-do-pl\/\",\"url\":\"https:\/\/radiolifefm.com.br\/noticias\/apos-denuncia-de-infidelidade-partidaria-vereador-helio-afirma-que-mudanca-teve-autorizacao-do-pl\/\",\"name\":\"Ap\u00f3s denuncia de infidelidade partid\u00e1ria, vereador H\u00e9lio afirma que mudan\u00e7a teve autoriza\u00e7\u00e3o do PL - R\u00e1dio Life FM\",\"isPartOf\":{\"@id\":\"https:\/\/radiolifefm.com.br\/noticias\/#website\"},\"primaryImageOfPage\":{\"@id\":\"https:\/\/radiolifefm.com.br\/noticias\/apos-denuncia-de-infidelidade-partidaria-vereador-helio-afirma-que-mudanca-teve-autorizacao-do-pl\/#primaryimage\"},\"image\":{\"@id\":\"https:\/\/radiolifefm.com.br\/noticias\/apos-denuncia-de-infidelidade-partidaria-vereador-helio-afirma-que-mudanca-teve-autorizacao-do-pl\/#primaryimage\"},\"thumbnailUrl\":\"https:\/\/radiolifefm.com.br\/noticias\/wp-content\/uploads\/2022\/05\/cats-12.jpg\",\"datePublished\":\"2022-05-17T12:12:31+00:00\",\"dateModified\":\"2026-04-19T17:17:55+00:00\",\"breadcrumb\":{\"@id\":\"https:\/\/radiolifefm.com.br\/noticias\/apos-denuncia-de-infidelidade-partidaria-vereador-helio-afirma-que-mudanca-teve-autorizacao-do-pl\/#breadcrumb\"},\"inLanguage\":\"pt-BR\",\"potentialAction\":[{\"@type\":\"ReadAction\",\"target\":[\"https:\/\/radiolifefm.com.br\/noticias\/apos-denuncia-de-infidelidade-partidaria-vereador-helio-afirma-que-mudanca-teve-autorizacao-do-pl\/\"]}]},{\"@type\":\"ImageObject\",\"inLanguage\":\"pt-BR\",\"@id\":\"https:\/\/radiolifefm.com.br\/noticias\/apos-denuncia-de-infidelidade-partidaria-vereador-helio-afirma-que-mudanca-teve-autorizacao-do-pl\/#primaryimage\",\"url\":\"https:\/\/radiolifefm.com.br\/noticias\/wp-content\/uploads\/2022\/05\/cats-12.jpg\",\"contentUrl\":\"https:\/\/radiolifefm.com.br\/noticias\/wp-content\/uploads\/2022\/05\/cats-12.jpg\",\"width\":341,\"height\":246},{\"@type\":\"BreadcrumbList\",\"@id\":\"https:\/\/radiolifefm.com.br\/noticias\/apos-denuncia-de-infidelidade-partidaria-vereador-helio-afirma-que-mudanca-teve-autorizacao-do-pl\/#breadcrumb\",\"itemListElement\":[{\"@type\":\"ListItem\",\"position\":1,\"name\":\"In\u00edcio\",\"item\":\"https:\/\/radiolifefm.com.br\/noticias\/\"},{\"@type\":\"ListItem\",\"position\":2,\"name\":\"Ap\u00f3s denuncia de infidelidade partid\u00e1ria, vereador H\u00e9lio afirma que mudan\u00e7a teve autoriza\u00e7\u00e3o do PL\"}]},{\"@type\":\"WebSite\",\"@id\":\"https:\/\/radiolifefm.com.br\/noticias\/#website\",\"url\":\"https:\/\/radiolifefm.com.br\/noticias\/\",\"name\":\"R\u00e1dio Life FM\",\"description\":\"O Portal de Not\u00edcias de Adamantina\",\"publisher\":{\"@id\":\"https:\/\/radiolifefm.com.br\/noticias\/#organization\"},\"alternateName\":\"Life FM\",\"potentialAction\":[{\"@type\":\"SearchAction\",\"target\":{\"@type\":\"EntryPoint\",\"urlTemplate\":\"https:\/\/radiolifefm.com.br\/noticias\/?s={search_term_string}\"},\"query-input\":{\"@type\":\"PropertyValueSpecification\",\"valueRequired\":true,\"valueName\":\"search_term_string\"}}],\"inLanguage\":\"pt-BR\"},{\"@type\":\"Organization\",\"@id\":\"https:\/\/radiolifefm.com.br\/noticias\/#organization\",\"name\":\"R\u00e1dio Life FM\",\"alternateName\":\"Life FM\",\"url\":\"https:\/\/radiolifefm.com.br\/noticias\/\",\"logo\":{\"@type\":\"ImageObject\",\"inLanguage\":\"pt-BR\",\"@id\":\"https:\/\/radiolifefm.com.br\/noticias\/#\/schema\/logo\/image\/\",\"url\":\"https:\/\/static.radiolifefm.com.br\/noticias\/wp-content\/uploads\/2019\/10\/logo-lifefm.png\",\"contentUrl\":\"https:\/\/static.radiolifefm.com.br\/noticias\/wp-content\/uploads\/2019\/10\/logo-lifefm.png\",\"width\":196,\"height\":47,\"caption\":\"R\u00e1dio Life FM\"},\"image\":{\"@id\":\"https:\/\/radiolifefm.com.br\/noticias\/#\/schema\/logo\/image\/\"},\"sameAs\":[\"https:\/\/www.facebook.com\/radiolifefm\/\",\"https:\/\/www.instagram.com\/life1079fm\/\"]},{\"@type\":\"Person\",\"@id\":\"https:\/\/radiolifefm.com.br\/noticias\/#\/schema\/person\/6339b9fac59d12b071dec680d7375d87\",\"name\":\"ritanery\",\"image\":{\"@type\":\"ImageObject\",\"inLanguage\":\"pt-BR\",\"@id\":\"https:\/\/secure.gravatar.com\/avatar\/0e37bb19071f47c0b8a23f62a903df117c5a0e75f65a0c2901562f97cd41cf86?s=96&d=mm&r=g\",\"url\":\"https:\/\/secure.gravatar.com\/avatar\/0e37bb19071f47c0b8a23f62a903df117c5a0e75f65a0c2901562f97cd41cf86?s=96&d=mm&r=g\",\"contentUrl\":\"https:\/\/secure.gravatar.com\/avatar\/0e37bb19071f47c0b8a23f62a903df117c5a0e75f65a0c2901562f97cd41cf86?s=96&d=mm&r=g\",\"caption\":\"ritanery\"}}]}<\/script>\n<!-- \/ Yoast SEO plugin. -->","yoast_head_json":{"title":"Ap\u00f3s denuncia de infidelidade partid\u00e1ria, vereador H\u00e9lio afirma que mudan\u00e7a teve autoriza\u00e7\u00e3o do PL - R\u00e1dio Life FM","robots":{"index":"index","follow":"follow","max-snippet":"max-snippet:-1","max-image-preview":"max-image-preview:large","max-video-preview":"max-video-preview:-1"},"canonical":"https:\/\/radiolifefm.com.br\/noticias\/apos-denuncia-de-infidelidade-partidaria-vereador-helio-afirma-que-mudanca-teve-autorizacao-do-pl\/","og_locale":"pt_BR","og_type":"article","og_title":"Ap\u00f3s denuncia de infidelidade partid\u00e1ria, vereador H\u00e9lio afirma que mudan\u00e7a teve autoriza\u00e7\u00e3o do PL - R\u00e1dio Life FM","og_description":"A noticia que tem causado repercuss\u00e3o no meio politico adamantinense nos \u00faltimos dias diz respeito a denuncia protocolada ter\u00e7a-feira (10) em nome suplente de vereador Roberto Hon\u00f3rio de Oliveira, o Robertinho da Dengue, por meio do processo n\u00ba 600007-56.2022.6.26.0157 junto ao cart\u00f3rio da 157\u00aa Zona Eleitoral de Adamantina, em desfavor do vereador no quinto mandato [&hellip;]","og_url":"https:\/\/radiolifefm.com.br\/noticias\/apos-denuncia-de-infidelidade-partidaria-vereador-helio-afirma-que-mudanca-teve-autorizacao-do-pl\/","og_site_name":"R\u00e1dio Life FM","article_publisher":"https:\/\/www.facebook.com\/radiolifefm\/","article_published_time":"2022-05-17T12:12:31+00:00","article_modified_time":"2026-04-19T17:17:55+00:00","og_image":[{"width":341,"height":246,"url":"https:\/\/radiolifefm.com.br\/noticias\/wp-content\/uploads\/2022\/05\/cats-12.jpg","type":"image\/jpeg"}],"author":"ritanery","twitter_card":"summary_large_image","twitter_misc":{"Escrito por":"ritanery","Est. tempo de leitura":"2 minutos"},"schema":{"@context":"https:\/\/schema.org","@graph":[{"@type":"Article","@id":"https:\/\/radiolifefm.com.br\/noticias\/apos-denuncia-de-infidelidade-partidaria-vereador-helio-afirma-que-mudanca-teve-autorizacao-do-pl\/#article","isPartOf":{"@id":"https:\/\/radiolifefm.com.br\/noticias\/apos-denuncia-de-infidelidade-partidaria-vereador-helio-afirma-que-mudanca-teve-autorizacao-do-pl\/"},"author":{"name":"ritanery","@id":"https:\/\/radiolifefm.com.br\/noticias\/#\/schema\/person\/6339b9fac59d12b071dec680d7375d87"},"headline":"Ap\u00f3s denuncia de infidelidade partid\u00e1ria, vereador H\u00e9lio afirma que mudan\u00e7a teve autoriza\u00e7\u00e3o do PL","datePublished":"2022-05-17T12:12:31+00:00","dateModified":"2026-04-19T17:17:55+00:00","mainEntityOfPage":{"@id":"https:\/\/radiolifefm.com.br\/noticias\/apos-denuncia-de-infidelidade-partidaria-vereador-helio-afirma-que-mudanca-teve-autorizacao-do-pl\/"},"wordCount":391,"publisher":{"@id":"https:\/\/radiolifefm.com.br\/noticias\/#organization"},"image":{"@id":"https:\/\/radiolifefm.com.br\/noticias\/apos-denuncia-de-infidelidade-partidaria-vereador-helio-afirma-que-mudanca-teve-autorizacao-do-pl\/#primaryimage"},"thumbnailUrl":"https:\/\/radiolifefm.com.br\/noticias\/wp-content\/uploads\/2022\/05\/cats-12.jpg","articleSection":["Adamantina"],"inLanguage":"pt-BR"},{"@type":"WebPage","@id":"https:\/\/radiolifefm.com.br\/noticias\/apos-denuncia-de-infidelidade-partidaria-vereador-helio-afirma-que-mudanca-teve-autorizacao-do-pl\/","url":"https:\/\/radiolifefm.com.br\/noticias\/apos-denuncia-de-infidelidade-partidaria-vereador-helio-afirma-que-mudanca-teve-autorizacao-do-pl\/","name":"Ap\u00f3s denuncia de infidelidade partid\u00e1ria, vereador H\u00e9lio afirma que mudan\u00e7a teve autoriza\u00e7\u00e3o do PL - R\u00e1dio Life FM","isPartOf":{"@id":"https:\/\/radiolifefm.com.br\/noticias\/#website"},"primaryImageOfPage":{"@id":"https:\/\/radiolifefm.com.br\/noticias\/apos-denuncia-de-infidelidade-partidaria-vereador-helio-afirma-que-mudanca-teve-autorizacao-do-pl\/#primaryimage"},"image":{"@id":"https:\/\/radiolifefm.com.br\/noticias\/apos-denuncia-de-infidelidade-partidaria-vereador-helio-afirma-que-mudanca-teve-autorizacao-do-pl\/#primaryimage"},"thumbnailUrl":"https:\/\/radiolifefm.com.br\/noticias\/wp-content\/uploads\/2022\/05\/cats-12.jpg","datePublished":"2022-05-17T12:12:31+00:00","dateModified":"2026-04-19T17:17:55+00:00","breadcrumb":{"@id":"https:\/\/radiolifefm.com.br\/noticias\/apos-denuncia-de-infidelidade-partidaria-vereador-helio-afirma-que-mudanca-teve-autorizacao-do-pl\/#breadcrumb"},"inLanguage":"pt-BR","potentialAction":[{"@type":"ReadAction","target":["https:\/\/radiolifefm.com.br\/noticias\/apos-denuncia-de-infidelidade-partidaria-vereador-helio-afirma-que-mudanca-teve-autorizacao-do-pl\/"]}]},{"@type":"ImageObject","inLanguage":"pt-BR","@id":"https:\/\/radiolifefm.com.br\/noticias\/apos-denuncia-de-infidelidade-partidaria-vereador-helio-afirma-que-mudanca-teve-autorizacao-do-pl\/#primaryimage","url":"https:\/\/radiolifefm.com.br\/noticias\/wp-content\/uploads\/2022\/05\/cats-12.jpg","contentUrl":"https:\/\/radiolifefm.com.br\/noticias\/wp-content\/uploads\/2022\/05\/cats-12.jpg","width":341,"height":246},{"@type":"BreadcrumbList","@id":"https:\/\/radiolifefm.com.br\/noticias\/apos-denuncia-de-infidelidade-partidaria-vereador-helio-afirma-que-mudanca-teve-autorizacao-do-pl\/#breadcrumb","itemListElement":[{"@type":"ListItem","position":1,"name":"In\u00edcio","item":"https:\/\/radiolifefm.com.br\/noticias\/"},{"@type":"ListItem","position":2,"name":"Ap\u00f3s denuncia de infidelidade partid\u00e1ria, vereador H\u00e9lio afirma que mudan\u00e7a teve autoriza\u00e7\u00e3o do PL"}]},{"@type":"WebSite","@id":"https:\/\/radiolifefm.com.br\/noticias\/#website","url":"https:\/\/radiolifefm.com.br\/noticias\/","name":"R\u00e1dio Life FM","description":"O Portal de Not\u00edcias de Adamantina","publisher":{"@id":"https:\/\/radiolifefm.com.br\/noticias\/#organization"},"alternateName":"Life FM","potentialAction":[{"@type":"SearchAction","target":{"@type":"EntryPoint","urlTemplate":"https:\/\/radiolifefm.com.br\/noticias\/?s={search_term_string}"},"query-input":{"@type":"PropertyValueSpecification","valueRequired":true,"valueName":"search_term_string"}}],"inLanguage":"pt-BR"},{"@type":"Organization","@id":"https:\/\/radiolifefm.com.br\/noticias\/#organization","name":"R\u00e1dio Life FM","alternateName":"Life FM","url":"https:\/\/radiolifefm.com.br\/noticias\/","logo":{"@type":"ImageObject","inLanguage":"pt-BR","@id":"https:\/\/radiolifefm.com.br\/noticias\/#\/schema\/logo\/image\/","url":"https:\/\/static.radiolifefm.com.br\/noticias\/wp-content\/uploads\/2019\/10\/logo-lifefm.png","contentUrl":"https:\/\/static.radiolifefm.com.br\/noticias\/wp-content\/uploads\/2019\/10\/logo-lifefm.png","width":196,"height":47,"caption":"R\u00e1dio Life FM"},"image":{"@id":"https:\/\/radiolifefm.com.br\/noticias\/#\/schema\/logo\/image\/"},"sameAs":["https:\/\/www.facebook.com\/radiolifefm\/","https:\/\/www.instagram.com\/life1079fm\/"]},{"@type":"Person","@id":"https:\/\/radiolifefm.com.br\/noticias\/#\/schema\/person\/6339b9fac59d12b071dec680d7375d87","name":"ritanery","image":{"@type":"ImageObject","inLanguage":"pt-BR","@id":"https:\/\/secure.gravatar.com\/avatar\/0e37bb19071f47c0b8a23f62a903df117c5a0e75f65a0c2901562f97cd41cf86?s=96&d=mm&r=g","url":"https:\/\/secure.gravatar.com\/avatar\/0e37bb19071f47c0b8a23f62a903df117c5a0e75f65a0c2901562f97cd41cf86?s=96&d=mm&r=g","contentUrl":"https:\/\/secure.gravatar.com\/avatar\/0e37bb19071f47c0b8a23f62a903df117c5a0e75f65a0c2901562f97cd41cf86?s=96&d=mm&r=g","caption":"ritanery"}}]}},"amp_enabled":true,"_links":{"self":[{"href":"https:\/\/radiolifefm.com.br\/noticias\/wp-json\/wp\/v2\/posts\/53514","targetHints":{"allow":["GET"]}}],"collection":[{"href":"https:\/\/radiolifefm.com.br\/noticias\/wp-json\/wp\/v2\/posts"}],"about":[{"href":"https:\/\/radiolifefm.com.br\/noticias\/wp-json\/wp\/v2\/types\/post"}],"author":[{"embeddable":true,"href":"https:\/\/radiolifefm.com.br\/noticias\/wp-json\/wp\/v2\/users\/13"}],"replies":[{"embeddable":true,"href":"https:\/\/radiolifefm.com.br\/noticias\/wp-json\/wp\/v2\/comments?post=53514"}],"version-history":[{"count":1,"href":"https:\/\/radiolifefm.com.br\/noticias\/wp-json\/wp\/v2\/posts\/53514\/revisions"}],"predecessor-version":[{"id":53516,"href":"https:\/\/radiolifefm.com.br\/noticias\/wp-json\/wp\/v2\/posts\/53514\/revisions\/53516"}],"wp:featuredmedia":[{"embeddable":true,"href":"https:\/\/radiolifefm.com.br\/noticias\/wp-json\/wp\/v2\/media\/53515"}],"wp:attachment":[{"href":"https:\/\/radiolifefm.com.br\/noticias\/wp-json\/wp\/v2\/media?parent=53514"}],"wp:term":[{"taxonomy":"category","embeddable":true,"href":"https:\/\/radiolifefm.com.br\/noticias\/wp-json\/wp\/v2\/categories?post=53514"},{"taxonomy":"post_tag","embeddable":true,"href":"https:\/\/radiolifefm.com.br\/noticias\/wp-json\/wp\/v2\/tags?post=53514"}],"curies":[{"name":"wp","href":"https:\/\/api.w.org\/{rel}","templated":true}]}}