{"id":53472,"date":"2022-05-16T10:55:00","date_gmt":"2022-05-16T13:55:00","guid":{"rendered":"https:\/\/radiolifefm.com.br\/noticias\/?p=53472"},"modified":"2026-04-10T20:51:11","modified_gmt":"2026-04-10T23:51:11","slug":"pelo-2-ano-consecutivo-via-maso-e-eleita-campea-no-destaques-do-ano-2022","status":"publish","type":"post","link":"https:\/\/radiolifefm.com.br\/noticias\/pelo-2-ano-consecutivo-via-maso-e-eleita-campea-no-destaques-do-ano-2022\/","title":{"rendered":"Pelo 2\u00b0 ano consecutivo, VIA MASO \u00e9 eleita campe\u00e3 no DESTAQUES DO ANO 2022"},"content":{"rendered":"<div id=\"fb-root\"><\/div>\n<p>Com o compromisso de atender cada cliente para que se torne um amigo, a VIA MASO tem como miss\u00e3o tornar acess\u00edvel aos homens a oportunidade de vestir-se bem, elevando a sua autoestima e oferecendo produtos de qualidade com um pre\u00e7o justo.<\/p>\n<p>Este atendimento personalizado cria a constru\u00e7\u00e3o de um relacionamento muito forte e deu resultado, o reconhecimento da marca como &#8216;Destaques do Ano&#8217; na categoria moda masculina.<\/p>\n<p>Recebermos este pr\u00eamio \u00e9 uma honra t\u00e3o grande que nos emocionamos muito. Agradecemos todo o carinho e prest\u00edgio que o p\u00fablico votou na VIA MASO, a loja mais citada no quesito de moda masculina, disseram os propriet\u00e1rios.<\/p>\n<p>ADAMANTINA, na Av. Rio Branco, 611<\/p>\n<p>LUC\u00c9LIA, na Av. Internacional, 1920<\/p>\n<p>Siga no Facebook e Instagram: @viamaso<\/p>\n<div class='flex flex-wrap items-center -mx-1'>\r\n<a class='thumbnail gallery p-1 w-1\/2 md:w-1\/4' href='https:\/\/radiolifefm.com.br\/noticias\/wp-content\/uploads\/2022\/05\/WhatsApp-Image-2022-05-16-at-10.51.52-2.jpeg'><img class='border border-white' src='https:\/\/radiolifefm.com.br\/noticias\/wp-content\/uploads\/2022\/05\/WhatsApp-Image-2022-05-16-at-10.51.52-2-200x200.jpeg' alt='WhatsApp Image 2022 05 16 At 10.51.52 (2)' \/><\/a><a class='thumbnail gallery p-1 w-1\/2 md:w-1\/4' href='https:\/\/radiolifefm.com.br\/noticias\/wp-content\/uploads\/2022\/05\/WhatsApp-Image-2022-05-16-at-10.51.52-3.jpeg'><img class='border border-white' src='https:\/\/radiolifefm.com.br\/noticias\/wp-content\/uploads\/2022\/05\/WhatsApp-Image-2022-05-16-at-10.51.52-3-200x200.jpeg' alt='WhatsApp Image 2022 05 16 At 10.51.52 (3)' \/><\/a><a class='thumbnail gallery p-1 w-1\/2 md:w-1\/4' href='https:\/\/radiolifefm.com.br\/noticias\/wp-content\/uploads\/2022\/05\/WhatsApp-Image-2022-05-16-at-10.51.52.jpeg'><img class='border border-white' src='https:\/\/radiolifefm.com.br\/noticias\/wp-content\/uploads\/2022\/05\/WhatsApp-Image-2022-05-16-at-10.51.52-200x200.jpeg' alt='WhatsApp Image 2022 05 16 At 10.51.52' \/><\/a><a class='thumbnail gallery p-1 w-1\/2 md:w-1\/4' href='https:\/\/radiolifefm.com.br\/noticias\/wp-content\/uploads\/2022\/05\/WhatsApp-Image-2022-05-16-at-10.51.53-1.jpeg'><img class='border border-white' src='https:\/\/radiolifefm.com.br\/noticias\/wp-content\/uploads\/2022\/05\/WhatsApp-Image-2022-05-16-at-10.51.53-1-200x200.jpeg' alt='WhatsApp Image 2022 05 16 At 10.51.53 (1)' \/><\/a><a class='thumbnail gallery p-1 w-1\/2 md:w-1\/4' href='https:\/\/radiolifefm.com.br\/noticias\/wp-content\/uploads\/2022\/05\/WhatsApp-Image-2022-05-16-at-10.51.53-2.jpeg'><img class='border border-white' src='https:\/\/radiolifefm.com.br\/noticias\/wp-content\/uploads\/2022\/05\/WhatsApp-Image-2022-05-16-at-10.51.53-2-200x200.jpeg' alt='WhatsApp Image 2022 05 16 At 10.51.53 (2)' \/><\/a><a class='thumbnail gallery p-1 w-1\/2 md:w-1\/4' href='https:\/\/radiolifefm.com.br\/noticias\/wp-content\/uploads\/2022\/05\/WhatsApp-Image-2022-05-16-at-10.51.53.jpeg'><img class='border border-white' src='https:\/\/radiolifefm.com.br\/noticias\/wp-content\/uploads\/2022\/05\/WhatsApp-Image-2022-05-16-at-10.51.53-200x200.jpeg' alt='WhatsApp Image 2022 05 16 At 10.51.53' \/><\/a><a class='thumbnail gallery p-1 w-1\/2 md:w-1\/4' href='https:\/\/radiolifefm.com.br\/noticias\/wp-content\/uploads\/2022\/05\/WhatsApp-Image-2022-05-16-at-10.51.54.jpeg'><img class='border border-white' src='https:\/\/radiolifefm.com.br\/noticias\/wp-content\/uploads\/2022\/05\/WhatsApp-Image-2022-05-16-at-10.51.54-200x200.jpeg' alt='WhatsApp Image 2022 05 16 At 10.51.54' \/><\/a><\/div>\n","protected":false},"excerpt":{"rendered":"<p>Com o compromisso de atender cada cliente para que se torne um amigo, a VIA MASO tem como miss\u00e3o tornar acess\u00edvel aos homens a oportunidade de vestir-se bem, elevando a sua autoestima e oferecendo produtos de qualidade com um pre\u00e7o justo. Este atendimento personalizado cria a constru\u00e7\u00e3o de um relacionamento muito forte e deu resultado, [&hellip;]<\/p>\n","protected":false},"author":13,"featured_media":53473,"comment_status":"closed","ping_status":"open","sticky":false,"template":"","format":"standard","meta":{"_acf_changed":false,"_exactmetrics_skip_tracking":false,"_exactmetrics_sitenote_active":false,"_exactmetrics_sitenote_note":"","_exactmetrics_sitenote_category":0,"footnotes":""},"categories":[21],"tags":[],"class_list":["post-53472","post","type-post","status-publish","format-standard","has-post-thumbnail","hentry","category-adamantina"],"acf":[],"yoast_head":"<!-- This site is optimized with the Yoast SEO plugin v27.2 - https:\/\/yoast.com\/product\/yoast-seo-wordpress\/ -->\n<title>Pelo 2\u00b0 ano consecutivo, VIA MASO \u00e9 eleita campe\u00e3 no DESTAQUES DO ANO 2022 - R\u00e1dio Life FM<\/title>\n<meta name=\"robots\" content=\"index, follow, max-snippet:-1, max-image-preview:large, max-video-preview:-1\" \/>\n<link rel=\"canonical\" href=\"https:\/\/radiolifefm.com.br\/noticias\/pelo-2-ano-consecutivo-via-maso-e-eleita-campea-no-destaques-do-ano-2022\/\" \/>\n<meta property=\"og:locale\" content=\"pt_BR\" \/>\n<meta property=\"og:type\" content=\"article\" \/>\n<meta property=\"og:title\" content=\"Pelo 2\u00b0 ano consecutivo, VIA MASO \u00e9 eleita campe\u00e3 no DESTAQUES DO ANO 2022 - R\u00e1dio Life FM\" \/>\n<meta property=\"og:description\" content=\"Com o compromisso de atender cada cliente para que se torne um amigo, a VIA MASO tem como miss\u00e3o tornar acess\u00edvel aos homens a oportunidade de vestir-se bem, elevando a sua autoestima e oferecendo produtos de qualidade com um pre\u00e7o justo. Este atendimento personalizado cria a constru\u00e7\u00e3o de um relacionamento muito forte e deu resultado, [&hellip;]\" \/>\n<meta property=\"og:url\" content=\"https:\/\/radiolifefm.com.br\/noticias\/pelo-2-ano-consecutivo-via-maso-e-eleita-campea-no-destaques-do-ano-2022\/\" \/>\n<meta property=\"og:site_name\" content=\"R\u00e1dio Life FM\" \/>\n<meta property=\"article:publisher\" content=\"https:\/\/www.facebook.com\/radiolifefm\/\" \/>\n<meta property=\"article:published_time\" content=\"2022-05-16T13:55:00+00:00\" \/>\n<meta property=\"article:modified_time\" content=\"2026-04-10T23:51:11+00:00\" \/>\n<meta property=\"og:image\" content=\"https:\/\/radiolifefm.com.br\/noticias\/wp-content\/uploads\/2022\/05\/WhatsApp-Image-2022-05-16-at-10.51.52-4.jpeg\" \/>\n\t<meta property=\"og:image:width\" content=\"854\" \/>\n\t<meta property=\"og:image:height\" content=\"1280\" \/>\n\t<meta property=\"og:image:type\" content=\"image\/jpeg\" \/>\n<meta name=\"author\" content=\"ritanery\" \/>\n<meta name=\"twitter:card\" content=\"summary_large_image\" \/>\n<meta name=\"twitter:label1\" content=\"Escrito por\" \/>\n\t<meta name=\"twitter:data1\" content=\"ritanery\" \/>\n\t<meta name=\"twitter:label2\" content=\"Est. tempo de leitura\" \/>\n\t<meta name=\"twitter:data2\" content=\"1 minuto\" \/>\n<script type=\"application\/ld+json\" class=\"yoast-schema-graph\">{\"@context\":\"https:\/\/schema.org\",\"@graph\":[{\"@type\":\"Article\",\"@id\":\"https:\/\/radiolifefm.com.br\/noticias\/pelo-2-ano-consecutivo-via-maso-e-eleita-campea-no-destaques-do-ano-2022\/#article\",\"isPartOf\":{\"@id\":\"https:\/\/radiolifefm.com.br\/noticias\/pelo-2-ano-consecutivo-via-maso-e-eleita-campea-no-destaques-do-ano-2022\/\"},\"author\":{\"name\":\"ritanery\",\"@id\":\"https:\/\/radiolifefm.com.br\/noticias\/#\/schema\/person\/6339b9fac59d12b071dec680d7375d87\"},\"headline\":\"Pelo 2\u00b0 ano consecutivo, VIA MASO \u00e9 eleita campe\u00e3 no DESTAQUES DO ANO 2022\",\"datePublished\":\"2022-05-16T13:55:00+00:00\",\"dateModified\":\"2026-04-10T23:51:11+00:00\",\"mainEntityOfPage\":{\"@id\":\"https:\/\/radiolifefm.com.br\/noticias\/pelo-2-ano-consecutivo-via-maso-e-eleita-campea-no-destaques-do-ano-2022\/\"},\"wordCount\":144,\"publisher\":{\"@id\":\"https:\/\/radiolifefm.com.br\/noticias\/#organization\"},\"image\":{\"@id\":\"https:\/\/radiolifefm.com.br\/noticias\/pelo-2-ano-consecutivo-via-maso-e-eleita-campea-no-destaques-do-ano-2022\/#primaryimage\"},\"thumbnailUrl\":\"https:\/\/radiolifefm.com.br\/noticias\/wp-content\/uploads\/2022\/05\/WhatsApp-Image-2022-05-16-at-10.51.52-4.jpeg\",\"articleSection\":[\"Adamantina\"],\"inLanguage\":\"pt-BR\"},{\"@type\":\"WebPage\",\"@id\":\"https:\/\/radiolifefm.com.br\/noticias\/pelo-2-ano-consecutivo-via-maso-e-eleita-campea-no-destaques-do-ano-2022\/\",\"url\":\"https:\/\/radiolifefm.com.br\/noticias\/pelo-2-ano-consecutivo-via-maso-e-eleita-campea-no-destaques-do-ano-2022\/\",\"name\":\"Pelo 2\u00b0 ano consecutivo, VIA MASO \u00e9 eleita campe\u00e3 no DESTAQUES DO ANO 2022 - R\u00e1dio Life FM\",\"isPartOf\":{\"@id\":\"https:\/\/radiolifefm.com.br\/noticias\/#website\"},\"primaryImageOfPage\":{\"@id\":\"https:\/\/radiolifefm.com.br\/noticias\/pelo-2-ano-consecutivo-via-maso-e-eleita-campea-no-destaques-do-ano-2022\/#primaryimage\"},\"image\":{\"@id\":\"https:\/\/radiolifefm.com.br\/noticias\/pelo-2-ano-consecutivo-via-maso-e-eleita-campea-no-destaques-do-ano-2022\/#primaryimage\"},\"thumbnailUrl\":\"https:\/\/radiolifefm.com.br\/noticias\/wp-content\/uploads\/2022\/05\/WhatsApp-Image-2022-05-16-at-10.51.52-4.jpeg\",\"datePublished\":\"2022-05-16T13:55:00+00:00\",\"dateModified\":\"2026-04-10T23:51:11+00:00\",\"breadcrumb\":{\"@id\":\"https:\/\/radiolifefm.com.br\/noticias\/pelo-2-ano-consecutivo-via-maso-e-eleita-campea-no-destaques-do-ano-2022\/#breadcrumb\"},\"inLanguage\":\"pt-BR\",\"potentialAction\":[{\"@type\":\"ReadAction\",\"target\":[\"https:\/\/radiolifefm.com.br\/noticias\/pelo-2-ano-consecutivo-via-maso-e-eleita-campea-no-destaques-do-ano-2022\/\"]}]},{\"@type\":\"ImageObject\",\"inLanguage\":\"pt-BR\",\"@id\":\"https:\/\/radiolifefm.com.br\/noticias\/pelo-2-ano-consecutivo-via-maso-e-eleita-campea-no-destaques-do-ano-2022\/#primaryimage\",\"url\":\"https:\/\/radiolifefm.com.br\/noticias\/wp-content\/uploads\/2022\/05\/WhatsApp-Image-2022-05-16-at-10.51.52-4.jpeg\",\"contentUrl\":\"https:\/\/radiolifefm.com.br\/noticias\/wp-content\/uploads\/2022\/05\/WhatsApp-Image-2022-05-16-at-10.51.52-4.jpeg\",\"width\":854,\"height\":1280},{\"@type\":\"BreadcrumbList\",\"@id\":\"https:\/\/radiolifefm.com.br\/noticias\/pelo-2-ano-consecutivo-via-maso-e-eleita-campea-no-destaques-do-ano-2022\/#breadcrumb\",\"itemListElement\":[{\"@type\":\"ListItem\",\"position\":1,\"name\":\"In\u00edcio\",\"item\":\"https:\/\/radiolifefm.com.br\/noticias\/\"},{\"@type\":\"ListItem\",\"position\":2,\"name\":\"Pelo 2\u00b0 ano consecutivo, VIA MASO \u00e9 eleita campe\u00e3 no DESTAQUES DO ANO 2022\"}]},{\"@type\":\"WebSite\",\"@id\":\"https:\/\/radiolifefm.com.br\/noticias\/#website\",\"url\":\"https:\/\/radiolifefm.com.br\/noticias\/\",\"name\":\"R\u00e1dio Life FM\",\"description\":\"O Portal de Not\u00edcias de Adamantina\",\"publisher\":{\"@id\":\"https:\/\/radiolifefm.com.br\/noticias\/#organization\"},\"alternateName\":\"Life FM\",\"potentialAction\":[{\"@type\":\"SearchAction\",\"target\":{\"@type\":\"EntryPoint\",\"urlTemplate\":\"https:\/\/radiolifefm.com.br\/noticias\/?s={search_term_string}\"},\"query-input\":{\"@type\":\"PropertyValueSpecification\",\"valueRequired\":true,\"valueName\":\"search_term_string\"}}],\"inLanguage\":\"pt-BR\"},{\"@type\":\"Organization\",\"@id\":\"https:\/\/radiolifefm.com.br\/noticias\/#organization\",\"name\":\"R\u00e1dio Life FM\",\"alternateName\":\"Life FM\",\"url\":\"https:\/\/radiolifefm.com.br\/noticias\/\",\"logo\":{\"@type\":\"ImageObject\",\"inLanguage\":\"pt-BR\",\"@id\":\"https:\/\/radiolifefm.com.br\/noticias\/#\/schema\/logo\/image\/\",\"url\":\"https:\/\/static.radiolifefm.com.br\/noticias\/wp-content\/uploads\/2019\/10\/logo-lifefm.png\",\"contentUrl\":\"https:\/\/static.radiolifefm.com.br\/noticias\/wp-content\/uploads\/2019\/10\/logo-lifefm.png\",\"width\":196,\"height\":47,\"caption\":\"R\u00e1dio Life FM\"},\"image\":{\"@id\":\"https:\/\/radiolifefm.com.br\/noticias\/#\/schema\/logo\/image\/\"},\"sameAs\":[\"https:\/\/www.facebook.com\/radiolifefm\/\",\"https:\/\/www.instagram.com\/life1079fm\/\"]},{\"@type\":\"Person\",\"@id\":\"https:\/\/radiolifefm.com.br\/noticias\/#\/schema\/person\/6339b9fac59d12b071dec680d7375d87\",\"name\":\"ritanery\",\"image\":{\"@type\":\"ImageObject\",\"inLanguage\":\"pt-BR\",\"@id\":\"https:\/\/secure.gravatar.com\/avatar\/0e37bb19071f47c0b8a23f62a903df117c5a0e75f65a0c2901562f97cd41cf86?s=96&d=mm&r=g\",\"url\":\"https:\/\/secure.gravatar.com\/avatar\/0e37bb19071f47c0b8a23f62a903df117c5a0e75f65a0c2901562f97cd41cf86?s=96&d=mm&r=g\",\"contentUrl\":\"https:\/\/secure.gravatar.com\/avatar\/0e37bb19071f47c0b8a23f62a903df117c5a0e75f65a0c2901562f97cd41cf86?s=96&d=mm&r=g\",\"caption\":\"ritanery\"}}]}<\/script>\n<!-- \/ Yoast SEO plugin. -->","yoast_head_json":{"title":"Pelo 2\u00b0 ano consecutivo, VIA MASO \u00e9 eleita campe\u00e3 no DESTAQUES DO ANO 2022 - R\u00e1dio Life FM","robots":{"index":"index","follow":"follow","max-snippet":"max-snippet:-1","max-image-preview":"max-image-preview:large","max-video-preview":"max-video-preview:-1"},"canonical":"https:\/\/radiolifefm.com.br\/noticias\/pelo-2-ano-consecutivo-via-maso-e-eleita-campea-no-destaques-do-ano-2022\/","og_locale":"pt_BR","og_type":"article","og_title":"Pelo 2\u00b0 ano consecutivo, VIA MASO \u00e9 eleita campe\u00e3 no DESTAQUES DO ANO 2022 - R\u00e1dio Life FM","og_description":"Com o compromisso de atender cada cliente para que se torne um amigo, a VIA MASO tem como miss\u00e3o tornar acess\u00edvel aos homens a oportunidade de vestir-se bem, elevando a sua autoestima e oferecendo produtos de qualidade com um pre\u00e7o justo. Este atendimento personalizado cria a constru\u00e7\u00e3o de um relacionamento muito forte e deu resultado, [&hellip;]","og_url":"https:\/\/radiolifefm.com.br\/noticias\/pelo-2-ano-consecutivo-via-maso-e-eleita-campea-no-destaques-do-ano-2022\/","og_site_name":"R\u00e1dio Life FM","article_publisher":"https:\/\/www.facebook.com\/radiolifefm\/","article_published_time":"2022-05-16T13:55:00+00:00","article_modified_time":"2026-04-10T23:51:11+00:00","og_image":[{"width":854,"height":1280,"url":"https:\/\/radiolifefm.com.br\/noticias\/wp-content\/uploads\/2022\/05\/WhatsApp-Image-2022-05-16-at-10.51.52-4.jpeg","type":"image\/jpeg"}],"author":"ritanery","twitter_card":"summary_large_image","twitter_misc":{"Escrito por":"ritanery","Est. tempo de leitura":"1 minuto"},"schema":{"@context":"https:\/\/schema.org","@graph":[{"@type":"Article","@id":"https:\/\/radiolifefm.com.br\/noticias\/pelo-2-ano-consecutivo-via-maso-e-eleita-campea-no-destaques-do-ano-2022\/#article","isPartOf":{"@id":"https:\/\/radiolifefm.com.br\/noticias\/pelo-2-ano-consecutivo-via-maso-e-eleita-campea-no-destaques-do-ano-2022\/"},"author":{"name":"ritanery","@id":"https:\/\/radiolifefm.com.br\/noticias\/#\/schema\/person\/6339b9fac59d12b071dec680d7375d87"},"headline":"Pelo 2\u00b0 ano consecutivo, VIA MASO \u00e9 eleita campe\u00e3 no DESTAQUES DO ANO 2022","datePublished":"2022-05-16T13:55:00+00:00","dateModified":"2026-04-10T23:51:11+00:00","mainEntityOfPage":{"@id":"https:\/\/radiolifefm.com.br\/noticias\/pelo-2-ano-consecutivo-via-maso-e-eleita-campea-no-destaques-do-ano-2022\/"},"wordCount":144,"publisher":{"@id":"https:\/\/radiolifefm.com.br\/noticias\/#organization"},"image":{"@id":"https:\/\/radiolifefm.com.br\/noticias\/pelo-2-ano-consecutivo-via-maso-e-eleita-campea-no-destaques-do-ano-2022\/#primaryimage"},"thumbnailUrl":"https:\/\/radiolifefm.com.br\/noticias\/wp-content\/uploads\/2022\/05\/WhatsApp-Image-2022-05-16-at-10.51.52-4.jpeg","articleSection":["Adamantina"],"inLanguage":"pt-BR"},{"@type":"WebPage","@id":"https:\/\/radiolifefm.com.br\/noticias\/pelo-2-ano-consecutivo-via-maso-e-eleita-campea-no-destaques-do-ano-2022\/","url":"https:\/\/radiolifefm.com.br\/noticias\/pelo-2-ano-consecutivo-via-maso-e-eleita-campea-no-destaques-do-ano-2022\/","name":"Pelo 2\u00b0 ano consecutivo, VIA MASO \u00e9 eleita campe\u00e3 no DESTAQUES DO ANO 2022 - R\u00e1dio Life FM","isPartOf":{"@id":"https:\/\/radiolifefm.com.br\/noticias\/#website"},"primaryImageOfPage":{"@id":"https:\/\/radiolifefm.com.br\/noticias\/pelo-2-ano-consecutivo-via-maso-e-eleita-campea-no-destaques-do-ano-2022\/#primaryimage"},"image":{"@id":"https:\/\/radiolifefm.com.br\/noticias\/pelo-2-ano-consecutivo-via-maso-e-eleita-campea-no-destaques-do-ano-2022\/#primaryimage"},"thumbnailUrl":"https:\/\/radiolifefm.com.br\/noticias\/wp-content\/uploads\/2022\/05\/WhatsApp-Image-2022-05-16-at-10.51.52-4.jpeg","datePublished":"2022-05-16T13:55:00+00:00","dateModified":"2026-04-10T23:51:11+00:00","breadcrumb":{"@id":"https:\/\/radiolifefm.com.br\/noticias\/pelo-2-ano-consecutivo-via-maso-e-eleita-campea-no-destaques-do-ano-2022\/#breadcrumb"},"inLanguage":"pt-BR","potentialAction":[{"@type":"ReadAction","target":["https:\/\/radiolifefm.com.br\/noticias\/pelo-2-ano-consecutivo-via-maso-e-eleita-campea-no-destaques-do-ano-2022\/"]}]},{"@type":"ImageObject","inLanguage":"pt-BR","@id":"https:\/\/radiolifefm.com.br\/noticias\/pelo-2-ano-consecutivo-via-maso-e-eleita-campea-no-destaques-do-ano-2022\/#primaryimage","url":"https:\/\/radiolifefm.com.br\/noticias\/wp-content\/uploads\/2022\/05\/WhatsApp-Image-2022-05-16-at-10.51.52-4.jpeg","contentUrl":"https:\/\/radiolifefm.com.br\/noticias\/wp-content\/uploads\/2022\/05\/WhatsApp-Image-2022-05-16-at-10.51.52-4.jpeg","width":854,"height":1280},{"@type":"BreadcrumbList","@id":"https:\/\/radiolifefm.com.br\/noticias\/pelo-2-ano-consecutivo-via-maso-e-eleita-campea-no-destaques-do-ano-2022\/#breadcrumb","itemListElement":[{"@type":"ListItem","position":1,"name":"In\u00edcio","item":"https:\/\/radiolifefm.com.br\/noticias\/"},{"@type":"ListItem","position":2,"name":"Pelo 2\u00b0 ano consecutivo, VIA MASO \u00e9 eleita campe\u00e3 no DESTAQUES DO ANO 2022"}]},{"@type":"WebSite","@id":"https:\/\/radiolifefm.com.br\/noticias\/#website","url":"https:\/\/radiolifefm.com.br\/noticias\/","name":"R\u00e1dio Life FM","description":"O Portal de Not\u00edcias de Adamantina","publisher":{"@id":"https:\/\/radiolifefm.com.br\/noticias\/#organization"},"alternateName":"Life FM","potentialAction":[{"@type":"SearchAction","target":{"@type":"EntryPoint","urlTemplate":"https:\/\/radiolifefm.com.br\/noticias\/?s={search_term_string}"},"query-input":{"@type":"PropertyValueSpecification","valueRequired":true,"valueName":"search_term_string"}}],"inLanguage":"pt-BR"},{"@type":"Organization","@id":"https:\/\/radiolifefm.com.br\/noticias\/#organization","name":"R\u00e1dio Life FM","alternateName":"Life FM","url":"https:\/\/radiolifefm.com.br\/noticias\/","logo":{"@type":"ImageObject","inLanguage":"pt-BR","@id":"https:\/\/radiolifefm.com.br\/noticias\/#\/schema\/logo\/image\/","url":"https:\/\/static.radiolifefm.com.br\/noticias\/wp-content\/uploads\/2019\/10\/logo-lifefm.png","contentUrl":"https:\/\/static.radiolifefm.com.br\/noticias\/wp-content\/uploads\/2019\/10\/logo-lifefm.png","width":196,"height":47,"caption":"R\u00e1dio Life FM"},"image":{"@id":"https:\/\/radiolifefm.com.br\/noticias\/#\/schema\/logo\/image\/"},"sameAs":["https:\/\/www.facebook.com\/radiolifefm\/","https:\/\/www.instagram.com\/life1079fm\/"]},{"@type":"Person","@id":"https:\/\/radiolifefm.com.br\/noticias\/#\/schema\/person\/6339b9fac59d12b071dec680d7375d87","name":"ritanery","image":{"@type":"ImageObject","inLanguage":"pt-BR","@id":"https:\/\/secure.gravatar.com\/avatar\/0e37bb19071f47c0b8a23f62a903df117c5a0e75f65a0c2901562f97cd41cf86?s=96&d=mm&r=g","url":"https:\/\/secure.gravatar.com\/avatar\/0e37bb19071f47c0b8a23f62a903df117c5a0e75f65a0c2901562f97cd41cf86?s=96&d=mm&r=g","contentUrl":"https:\/\/secure.gravatar.com\/avatar\/0e37bb19071f47c0b8a23f62a903df117c5a0e75f65a0c2901562f97cd41cf86?s=96&d=mm&r=g","caption":"ritanery"}}]}},"amp_enabled":true,"_links":{"self":[{"href":"https:\/\/radiolifefm.com.br\/noticias\/wp-json\/wp\/v2\/posts\/53472","targetHints":{"allow":["GET"]}}],"collection":[{"href":"https:\/\/radiolifefm.com.br\/noticias\/wp-json\/wp\/v2\/posts"}],"about":[{"href":"https:\/\/radiolifefm.com.br\/noticias\/wp-json\/wp\/v2\/types\/post"}],"author":[{"embeddable":true,"href":"https:\/\/radiolifefm.com.br\/noticias\/wp-json\/wp\/v2\/users\/13"}],"replies":[{"embeddable":true,"href":"https:\/\/radiolifefm.com.br\/noticias\/wp-json\/wp\/v2\/comments?post=53472"}],"version-history":[{"count":2,"href":"https:\/\/radiolifefm.com.br\/noticias\/wp-json\/wp\/v2\/posts\/53472\/revisions"}],"predecessor-version":[{"id":53483,"href":"https:\/\/radiolifefm.com.br\/noticias\/wp-json\/wp\/v2\/posts\/53472\/revisions\/53483"}],"wp:featuredmedia":[{"embeddable":true,"href":"https:\/\/radiolifefm.com.br\/noticias\/wp-json\/wp\/v2\/media\/53473"}],"wp:attachment":[{"href":"https:\/\/radiolifefm.com.br\/noticias\/wp-json\/wp\/v2\/media?parent=53472"}],"wp:term":[{"taxonomy":"category","embeddable":true,"href":"https:\/\/radiolifefm.com.br\/noticias\/wp-json\/wp\/v2\/categories?post=53472"},{"taxonomy":"post_tag","embeddable":true,"href":"https:\/\/radiolifefm.com.br\/noticias\/wp-json\/wp\/v2\/tags?post=53472"}],"curies":[{"name":"wp","href":"https:\/\/api.w.org\/{rel}","templated":true}]}}