{"id":53155,"date":"2022-05-09T07:57:16","date_gmt":"2022-05-09T10:57:16","guid":{"rendered":"https:\/\/radiolifefm.com.br\/noticias\/?p=53155"},"modified":"2026-01-19T03:43:21","modified_gmt":"2026-01-19T06:43:21","slug":"provincia-e-leitura-como-fonte-de-pesquisa","status":"publish","type":"post","link":"https:\/\/radiolifefm.com.br\/noticias\/provincia-e-leitura-como-fonte-de-pesquisa\/","title":{"rendered":"PROV\u00cdNCIA E LEITURA COMO FONTE DE PESQUISA!"},"content":{"rendered":"<div id=\"fb-root\"><\/div>\n<p><strong>\u00a0\u201cO processo de leitura possibilita essa opera\u00e7\u00e3o maravilhosa que \u00e9 o encontro do que est\u00e1 dentro do livro com o que est\u00e1 guardado na nossa cabe\u00e7a.\u201d (<a href=\"https:\/\/www.pensador.com\/autor\/ruth_rocha\/\">Ruth Rocha<\/a>)<\/strong><\/p>\n<p><strong>\u00a0<\/strong><\/p>\n<p><strong>Para a \u201cminoria de sempre desta Prov\u00edncia\u201d, dedico! <\/strong><\/p>\n<p><strong>\u00a0<\/strong><\/p>\n<p><strong>S\u00e9rgio Barbosa (*)<\/strong><\/p>\n<p>Para conhecer o presente \u00e9 necess\u00e1rio pesquisar o passado, portanto, faz-se necess\u00e1rio estar em sintonia com as leituras dos livros, revistas e jornais para um olhar al\u00e9m deste novo tempo que se chama hoje&#8230;<\/p>\n<p>Ainda, para a maioria das pessoas, bem como, estudantes em geral, uma das \u00fanicas possibilidades deste encontro com a reflex\u00e3o hist\u00f3rica \u00e9 a Biblioteca local, portanto, existem diversas op\u00e7\u00f5es de escolha para muitas viagens em busca desta ou daquela hist\u00f3ria, nacional ou internacional para os leitores e leitoras&#8230;<\/p>\n<p>Desta forma, recomendo o livro \u201cA GUERRA DOS FARRAPOS\u201d do autor Paulino Jacques, da Reper Editora, sem data de publica\u00e7\u00e3o\/edi\u00e7\u00e3o&#8230;<\/p>\n<p>O pesquisador traz o cen\u00e1rio deste conflito que aconteceu no estado do Rio Grande do Sul no per\u00edodo da monarquia brasileira, quando os habitantes se rebelaram contra o poder do imperador frente aos problemas dos ga\u00fachos na \u00e9poca&#8230;<\/p>\n<p>O confronto, tamb\u00e9m conhecido como REVOLU\u00c7\u00c3O FARROUPILHA \u00e9 um registro do outro tempo para este novo tempo, assim, pode-se ficar por dentro dos acontecimentos que levaram para a guerra os brasileiros republicanos do sul contra os brasileiros mon\u00e1rquicos&#8230;<\/p>\n<p>Portanto, faz-se necess\u00e1rio buscar nos fatos hist\u00f3ricos que ocorreram no outro TEMPO DO TEMPO para estar em conex\u00e3o com o CEN\u00c1RIO PROVINCIANO em tempo de PR\u00c9 para isto e mais aquilo, ainda, sem mais e com muito menos&#8230;<\/p>\n<p>Tamb\u00e9m, nesta PROV\u00cdNCIA DO FAZ DE CONTA dominada pelas MENTES MED\u00cdOCRES com seus COISOS com COISAS, nada parece ser o que \u00e9 e assim por diante, assim, TODO CUIDADO \u00c9 POUCO at\u00e9 OUTUBRO&#8230;<\/p>\n<p>Mesmo assim, deve-se considerar que sempre \u00e9 tempo de buscar estar em SINTONIA com a REFLEX\u00c3O CR\u00cdTICA por meio da PESQUISA e atividades afins aos objetivos nas \u00e1reas da ACADEMIA e MERCADO&#8230;<\/p>\n<p>Todavia, nem sempre se pode esperar aquele ALGO MAIS dos\/as PROVINCIANOS\/AS que continuam seguindo o BERRANTE deste DESGOVERNO BOZZONARO e ponto quase final&#8230;<\/p>\n<p>Mas, como sempre, NADA COMO UM DIA DEPOIS DO OUTRO para fazer a diferen\u00e7a para todos\/as de um jeito ou de outro, haja vista que os \u201cC\u00c3ES LADRAM, MAS A CARAVANA PASSA&#8230;\u201d<\/p>\n<p>QUEM SOBREVIVER VAI SABER&#8230;<\/p>\n<p><strong><em>____________________________<\/em><\/strong><\/p>\n<p><strong><em>(*) jornalista profissional diplomado e professor universit\u00e1rio.<\/em><\/strong><\/p>\n<p><strong><em>e-mail: barbosa.sebar@gmail.com<\/em><\/strong><\/p>\n<p>&nbsp;<\/p>\n<p>&nbsp;<\/p>\n<p>&nbsp;<\/p>\n<p>&nbsp;<\/p>\n<p>&nbsp;<\/p>\n","protected":false},"excerpt":{"rendered":"<p>\u00a0\u201cO processo de leitura possibilita essa opera\u00e7\u00e3o maravilhosa que \u00e9 o encontro do que est\u00e1 dentro do livro com o que est\u00e1 guardado na nossa cabe\u00e7a.\u201d (Ruth Rocha) \u00a0 Para a \u201cminoria de sempre desta Prov\u00edncia\u201d, dedico! \u00a0 S\u00e9rgio Barbosa (*) Para conhecer o presente \u00e9 necess\u00e1rio pesquisar o passado, portanto, faz-se necess\u00e1rio estar em [&hellip;]<\/p>\n","protected":false},"author":13,"featured_media":51988,"comment_status":"closed","ping_status":"open","sticky":false,"template":"","format":"standard","meta":{"_acf_changed":false,"_exactmetrics_skip_tracking":false,"_exactmetrics_sitenote_active":false,"_exactmetrics_sitenote_note":"","_exactmetrics_sitenote_category":0,"footnotes":""},"categories":[59],"tags":[],"class_list":["post-53155","post","type-post","status-publish","format-standard","has-post-thumbnail","hentry","category-opiniao"],"acf":[],"yoast_head":"<!-- This site is optimized with the Yoast SEO plugin v27.2 - https:\/\/yoast.com\/product\/yoast-seo-wordpress\/ -->\n<title>PROV\u00cdNCIA E LEITURA COMO FONTE DE PESQUISA! - R\u00e1dio Life FM<\/title>\n<meta name=\"robots\" content=\"index, follow, max-snippet:-1, max-image-preview:large, max-video-preview:-1\" \/>\n<link rel=\"canonical\" href=\"https:\/\/radiolifefm.com.br\/noticias\/provincia-e-leitura-como-fonte-de-pesquisa\/\" \/>\n<meta property=\"og:locale\" content=\"pt_BR\" \/>\n<meta property=\"og:type\" content=\"article\" \/>\n<meta property=\"og:title\" content=\"PROV\u00cdNCIA E LEITURA COMO FONTE DE PESQUISA! - R\u00e1dio Life FM\" \/>\n<meta property=\"og:description\" content=\"\u00a0\u201cO processo de leitura possibilita essa opera\u00e7\u00e3o maravilhosa que \u00e9 o encontro do que est\u00e1 dentro do livro com o que est\u00e1 guardado na nossa cabe\u00e7a.\u201d (Ruth Rocha) \u00a0 Para a \u201cminoria de sempre desta Prov\u00edncia\u201d, dedico! \u00a0 S\u00e9rgio Barbosa (*) Para conhecer o presente \u00e9 necess\u00e1rio pesquisar o passado, portanto, faz-se necess\u00e1rio estar em [&hellip;]\" \/>\n<meta property=\"og:url\" content=\"https:\/\/radiolifefm.com.br\/noticias\/provincia-e-leitura-como-fonte-de-pesquisa\/\" \/>\n<meta property=\"og:site_name\" content=\"R\u00e1dio Life FM\" \/>\n<meta property=\"article:publisher\" content=\"https:\/\/www.facebook.com\/radiolifefm\/\" \/>\n<meta property=\"article:published_time\" content=\"2022-05-09T10:57:16+00:00\" \/>\n<meta property=\"article:modified_time\" content=\"2026-01-19T06:43:21+00:00\" \/>\n<meta property=\"og:image\" content=\"https:\/\/radiolifefm.com.br\/noticias\/wp-content\/uploads\/2022\/04\/WhatsApp-Image-2022-04-10-at-18.43.02.jpeg\" \/>\n\t<meta property=\"og:image:width\" content=\"972\" \/>\n\t<meta property=\"og:image:height\" content=\"1296\" \/>\n\t<meta property=\"og:image:type\" content=\"image\/jpeg\" \/>\n<meta name=\"author\" content=\"ritanery\" \/>\n<meta name=\"twitter:card\" content=\"summary_large_image\" \/>\n<meta name=\"twitter:label1\" content=\"Escrito por\" \/>\n\t<meta name=\"twitter:data1\" content=\"ritanery\" \/>\n\t<meta name=\"twitter:label2\" content=\"Est. tempo de leitura\" \/>\n\t<meta name=\"twitter:data2\" content=\"3 minutos\" \/>\n<script type=\"application\/ld+json\" class=\"yoast-schema-graph\">{\"@context\":\"https:\/\/schema.org\",\"@graph\":[{\"@type\":\"Article\",\"@id\":\"https:\/\/radiolifefm.com.br\/noticias\/provincia-e-leitura-como-fonte-de-pesquisa\/#article\",\"isPartOf\":{\"@id\":\"https:\/\/radiolifefm.com.br\/noticias\/provincia-e-leitura-como-fonte-de-pesquisa\/\"},\"author\":{\"name\":\"ritanery\",\"@id\":\"https:\/\/radiolifefm.com.br\/noticias\/#\/schema\/person\/6339b9fac59d12b071dec680d7375d87\"},\"headline\":\"PROV\u00cdNCIA E LEITURA COMO FONTE DE PESQUISA!\",\"datePublished\":\"2022-05-09T10:57:16+00:00\",\"dateModified\":\"2026-01-19T06:43:21+00:00\",\"mainEntityOfPage\":{\"@id\":\"https:\/\/radiolifefm.com.br\/noticias\/provincia-e-leitura-como-fonte-de-pesquisa\/\"},\"wordCount\":430,\"publisher\":{\"@id\":\"https:\/\/radiolifefm.com.br\/noticias\/#organization\"},\"image\":{\"@id\":\"https:\/\/radiolifefm.com.br\/noticias\/provincia-e-leitura-como-fonte-de-pesquisa\/#primaryimage\"},\"thumbnailUrl\":\"https:\/\/radiolifefm.com.br\/noticias\/wp-content\/uploads\/2022\/04\/WhatsApp-Image-2022-04-10-at-18.43.02.jpeg\",\"articleSection\":[\"Opini\u00e3o\"],\"inLanguage\":\"pt-BR\"},{\"@type\":\"WebPage\",\"@id\":\"https:\/\/radiolifefm.com.br\/noticias\/provincia-e-leitura-como-fonte-de-pesquisa\/\",\"url\":\"https:\/\/radiolifefm.com.br\/noticias\/provincia-e-leitura-como-fonte-de-pesquisa\/\",\"name\":\"PROV\u00cdNCIA E LEITURA COMO FONTE DE PESQUISA! - R\u00e1dio Life FM\",\"isPartOf\":{\"@id\":\"https:\/\/radiolifefm.com.br\/noticias\/#website\"},\"primaryImageOfPage\":{\"@id\":\"https:\/\/radiolifefm.com.br\/noticias\/provincia-e-leitura-como-fonte-de-pesquisa\/#primaryimage\"},\"image\":{\"@id\":\"https:\/\/radiolifefm.com.br\/noticias\/provincia-e-leitura-como-fonte-de-pesquisa\/#primaryimage\"},\"thumbnailUrl\":\"https:\/\/radiolifefm.com.br\/noticias\/wp-content\/uploads\/2022\/04\/WhatsApp-Image-2022-04-10-at-18.43.02.jpeg\",\"datePublished\":\"2022-05-09T10:57:16+00:00\",\"dateModified\":\"2026-01-19T06:43:21+00:00\",\"breadcrumb\":{\"@id\":\"https:\/\/radiolifefm.com.br\/noticias\/provincia-e-leitura-como-fonte-de-pesquisa\/#breadcrumb\"},\"inLanguage\":\"pt-BR\",\"potentialAction\":[{\"@type\":\"ReadAction\",\"target\":[\"https:\/\/radiolifefm.com.br\/noticias\/provincia-e-leitura-como-fonte-de-pesquisa\/\"]}]},{\"@type\":\"ImageObject\",\"inLanguage\":\"pt-BR\",\"@id\":\"https:\/\/radiolifefm.com.br\/noticias\/provincia-e-leitura-como-fonte-de-pesquisa\/#primaryimage\",\"url\":\"https:\/\/radiolifefm.com.br\/noticias\/wp-content\/uploads\/2022\/04\/WhatsApp-Image-2022-04-10-at-18.43.02.jpeg\",\"contentUrl\":\"https:\/\/radiolifefm.com.br\/noticias\/wp-content\/uploads\/2022\/04\/WhatsApp-Image-2022-04-10-at-18.43.02.jpeg\",\"width\":972,\"height\":1296,\"caption\":\"S\u00e9rgio Barbosa\"},{\"@type\":\"BreadcrumbList\",\"@id\":\"https:\/\/radiolifefm.com.br\/noticias\/provincia-e-leitura-como-fonte-de-pesquisa\/#breadcrumb\",\"itemListElement\":[{\"@type\":\"ListItem\",\"position\":1,\"name\":\"In\u00edcio\",\"item\":\"https:\/\/radiolifefm.com.br\/noticias\/\"},{\"@type\":\"ListItem\",\"position\":2,\"name\":\"PROV\u00cdNCIA E LEITURA COMO FONTE DE PESQUISA!\"}]},{\"@type\":\"WebSite\",\"@id\":\"https:\/\/radiolifefm.com.br\/noticias\/#website\",\"url\":\"https:\/\/radiolifefm.com.br\/noticias\/\",\"name\":\"R\u00e1dio Life FM\",\"description\":\"O Portal de Not\u00edcias de Adamantina\",\"publisher\":{\"@id\":\"https:\/\/radiolifefm.com.br\/noticias\/#organization\"},\"alternateName\":\"Life FM\",\"potentialAction\":[{\"@type\":\"SearchAction\",\"target\":{\"@type\":\"EntryPoint\",\"urlTemplate\":\"https:\/\/radiolifefm.com.br\/noticias\/?s={search_term_string}\"},\"query-input\":{\"@type\":\"PropertyValueSpecification\",\"valueRequired\":true,\"valueName\":\"search_term_string\"}}],\"inLanguage\":\"pt-BR\"},{\"@type\":\"Organization\",\"@id\":\"https:\/\/radiolifefm.com.br\/noticias\/#organization\",\"name\":\"R\u00e1dio Life FM\",\"alternateName\":\"Life FM\",\"url\":\"https:\/\/radiolifefm.com.br\/noticias\/\",\"logo\":{\"@type\":\"ImageObject\",\"inLanguage\":\"pt-BR\",\"@id\":\"https:\/\/radiolifefm.com.br\/noticias\/#\/schema\/logo\/image\/\",\"url\":\"https:\/\/static.radiolifefm.com.br\/noticias\/wp-content\/uploads\/2019\/10\/logo-lifefm.png\",\"contentUrl\":\"https:\/\/static.radiolifefm.com.br\/noticias\/wp-content\/uploads\/2019\/10\/logo-lifefm.png\",\"width\":196,\"height\":47,\"caption\":\"R\u00e1dio Life FM\"},\"image\":{\"@id\":\"https:\/\/radiolifefm.com.br\/noticias\/#\/schema\/logo\/image\/\"},\"sameAs\":[\"https:\/\/www.facebook.com\/radiolifefm\/\",\"https:\/\/www.instagram.com\/life1079fm\/\"]},{\"@type\":\"Person\",\"@id\":\"https:\/\/radiolifefm.com.br\/noticias\/#\/schema\/person\/6339b9fac59d12b071dec680d7375d87\",\"name\":\"ritanery\",\"image\":{\"@type\":\"ImageObject\",\"inLanguage\":\"pt-BR\",\"@id\":\"https:\/\/secure.gravatar.com\/avatar\/0e37bb19071f47c0b8a23f62a903df117c5a0e75f65a0c2901562f97cd41cf86?s=96&d=mm&r=g\",\"url\":\"https:\/\/secure.gravatar.com\/avatar\/0e37bb19071f47c0b8a23f62a903df117c5a0e75f65a0c2901562f97cd41cf86?s=96&d=mm&r=g\",\"contentUrl\":\"https:\/\/secure.gravatar.com\/avatar\/0e37bb19071f47c0b8a23f62a903df117c5a0e75f65a0c2901562f97cd41cf86?s=96&d=mm&r=g\",\"caption\":\"ritanery\"}}]}<\/script>\n<!-- \/ Yoast SEO plugin. -->","yoast_head_json":{"title":"PROV\u00cdNCIA E LEITURA COMO FONTE DE PESQUISA! - R\u00e1dio Life FM","robots":{"index":"index","follow":"follow","max-snippet":"max-snippet:-1","max-image-preview":"max-image-preview:large","max-video-preview":"max-video-preview:-1"},"canonical":"https:\/\/radiolifefm.com.br\/noticias\/provincia-e-leitura-como-fonte-de-pesquisa\/","og_locale":"pt_BR","og_type":"article","og_title":"PROV\u00cdNCIA E LEITURA COMO FONTE DE PESQUISA! - R\u00e1dio Life FM","og_description":"\u00a0\u201cO processo de leitura possibilita essa opera\u00e7\u00e3o maravilhosa que \u00e9 o encontro do que est\u00e1 dentro do livro com o que est\u00e1 guardado na nossa cabe\u00e7a.\u201d (Ruth Rocha) \u00a0 Para a \u201cminoria de sempre desta Prov\u00edncia\u201d, dedico! \u00a0 S\u00e9rgio Barbosa (*) Para conhecer o presente \u00e9 necess\u00e1rio pesquisar o passado, portanto, faz-se necess\u00e1rio estar em [&hellip;]","og_url":"https:\/\/radiolifefm.com.br\/noticias\/provincia-e-leitura-como-fonte-de-pesquisa\/","og_site_name":"R\u00e1dio Life FM","article_publisher":"https:\/\/www.facebook.com\/radiolifefm\/","article_published_time":"2022-05-09T10:57:16+00:00","article_modified_time":"2026-01-19T06:43:21+00:00","og_image":[{"width":972,"height":1296,"url":"https:\/\/radiolifefm.com.br\/noticias\/wp-content\/uploads\/2022\/04\/WhatsApp-Image-2022-04-10-at-18.43.02.jpeg","type":"image\/jpeg"}],"author":"ritanery","twitter_card":"summary_large_image","twitter_misc":{"Escrito por":"ritanery","Est. tempo de leitura":"3 minutos"},"schema":{"@context":"https:\/\/schema.org","@graph":[{"@type":"Article","@id":"https:\/\/radiolifefm.com.br\/noticias\/provincia-e-leitura-como-fonte-de-pesquisa\/#article","isPartOf":{"@id":"https:\/\/radiolifefm.com.br\/noticias\/provincia-e-leitura-como-fonte-de-pesquisa\/"},"author":{"name":"ritanery","@id":"https:\/\/radiolifefm.com.br\/noticias\/#\/schema\/person\/6339b9fac59d12b071dec680d7375d87"},"headline":"PROV\u00cdNCIA E LEITURA COMO FONTE DE PESQUISA!","datePublished":"2022-05-09T10:57:16+00:00","dateModified":"2026-01-19T06:43:21+00:00","mainEntityOfPage":{"@id":"https:\/\/radiolifefm.com.br\/noticias\/provincia-e-leitura-como-fonte-de-pesquisa\/"},"wordCount":430,"publisher":{"@id":"https:\/\/radiolifefm.com.br\/noticias\/#organization"},"image":{"@id":"https:\/\/radiolifefm.com.br\/noticias\/provincia-e-leitura-como-fonte-de-pesquisa\/#primaryimage"},"thumbnailUrl":"https:\/\/radiolifefm.com.br\/noticias\/wp-content\/uploads\/2022\/04\/WhatsApp-Image-2022-04-10-at-18.43.02.jpeg","articleSection":["Opini\u00e3o"],"inLanguage":"pt-BR"},{"@type":"WebPage","@id":"https:\/\/radiolifefm.com.br\/noticias\/provincia-e-leitura-como-fonte-de-pesquisa\/","url":"https:\/\/radiolifefm.com.br\/noticias\/provincia-e-leitura-como-fonte-de-pesquisa\/","name":"PROV\u00cdNCIA E LEITURA COMO FONTE DE PESQUISA! - R\u00e1dio Life FM","isPartOf":{"@id":"https:\/\/radiolifefm.com.br\/noticias\/#website"},"primaryImageOfPage":{"@id":"https:\/\/radiolifefm.com.br\/noticias\/provincia-e-leitura-como-fonte-de-pesquisa\/#primaryimage"},"image":{"@id":"https:\/\/radiolifefm.com.br\/noticias\/provincia-e-leitura-como-fonte-de-pesquisa\/#primaryimage"},"thumbnailUrl":"https:\/\/radiolifefm.com.br\/noticias\/wp-content\/uploads\/2022\/04\/WhatsApp-Image-2022-04-10-at-18.43.02.jpeg","datePublished":"2022-05-09T10:57:16+00:00","dateModified":"2026-01-19T06:43:21+00:00","breadcrumb":{"@id":"https:\/\/radiolifefm.com.br\/noticias\/provincia-e-leitura-como-fonte-de-pesquisa\/#breadcrumb"},"inLanguage":"pt-BR","potentialAction":[{"@type":"ReadAction","target":["https:\/\/radiolifefm.com.br\/noticias\/provincia-e-leitura-como-fonte-de-pesquisa\/"]}]},{"@type":"ImageObject","inLanguage":"pt-BR","@id":"https:\/\/radiolifefm.com.br\/noticias\/provincia-e-leitura-como-fonte-de-pesquisa\/#primaryimage","url":"https:\/\/radiolifefm.com.br\/noticias\/wp-content\/uploads\/2022\/04\/WhatsApp-Image-2022-04-10-at-18.43.02.jpeg","contentUrl":"https:\/\/radiolifefm.com.br\/noticias\/wp-content\/uploads\/2022\/04\/WhatsApp-Image-2022-04-10-at-18.43.02.jpeg","width":972,"height":1296,"caption":"S\u00e9rgio Barbosa"},{"@type":"BreadcrumbList","@id":"https:\/\/radiolifefm.com.br\/noticias\/provincia-e-leitura-como-fonte-de-pesquisa\/#breadcrumb","itemListElement":[{"@type":"ListItem","position":1,"name":"In\u00edcio","item":"https:\/\/radiolifefm.com.br\/noticias\/"},{"@type":"ListItem","position":2,"name":"PROV\u00cdNCIA E LEITURA COMO FONTE DE PESQUISA!"}]},{"@type":"WebSite","@id":"https:\/\/radiolifefm.com.br\/noticias\/#website","url":"https:\/\/radiolifefm.com.br\/noticias\/","name":"R\u00e1dio Life FM","description":"O Portal de Not\u00edcias de Adamantina","publisher":{"@id":"https:\/\/radiolifefm.com.br\/noticias\/#organization"},"alternateName":"Life FM","potentialAction":[{"@type":"SearchAction","target":{"@type":"EntryPoint","urlTemplate":"https:\/\/radiolifefm.com.br\/noticias\/?s={search_term_string}"},"query-input":{"@type":"PropertyValueSpecification","valueRequired":true,"valueName":"search_term_string"}}],"inLanguage":"pt-BR"},{"@type":"Organization","@id":"https:\/\/radiolifefm.com.br\/noticias\/#organization","name":"R\u00e1dio Life FM","alternateName":"Life FM","url":"https:\/\/radiolifefm.com.br\/noticias\/","logo":{"@type":"ImageObject","inLanguage":"pt-BR","@id":"https:\/\/radiolifefm.com.br\/noticias\/#\/schema\/logo\/image\/","url":"https:\/\/static.radiolifefm.com.br\/noticias\/wp-content\/uploads\/2019\/10\/logo-lifefm.png","contentUrl":"https:\/\/static.radiolifefm.com.br\/noticias\/wp-content\/uploads\/2019\/10\/logo-lifefm.png","width":196,"height":47,"caption":"R\u00e1dio Life FM"},"image":{"@id":"https:\/\/radiolifefm.com.br\/noticias\/#\/schema\/logo\/image\/"},"sameAs":["https:\/\/www.facebook.com\/radiolifefm\/","https:\/\/www.instagram.com\/life1079fm\/"]},{"@type":"Person","@id":"https:\/\/radiolifefm.com.br\/noticias\/#\/schema\/person\/6339b9fac59d12b071dec680d7375d87","name":"ritanery","image":{"@type":"ImageObject","inLanguage":"pt-BR","@id":"https:\/\/secure.gravatar.com\/avatar\/0e37bb19071f47c0b8a23f62a903df117c5a0e75f65a0c2901562f97cd41cf86?s=96&d=mm&r=g","url":"https:\/\/secure.gravatar.com\/avatar\/0e37bb19071f47c0b8a23f62a903df117c5a0e75f65a0c2901562f97cd41cf86?s=96&d=mm&r=g","contentUrl":"https:\/\/secure.gravatar.com\/avatar\/0e37bb19071f47c0b8a23f62a903df117c5a0e75f65a0c2901562f97cd41cf86?s=96&d=mm&r=g","caption":"ritanery"}}]}},"amp_enabled":true,"_links":{"self":[{"href":"https:\/\/radiolifefm.com.br\/noticias\/wp-json\/wp\/v2\/posts\/53155","targetHints":{"allow":["GET"]}}],"collection":[{"href":"https:\/\/radiolifefm.com.br\/noticias\/wp-json\/wp\/v2\/posts"}],"about":[{"href":"https:\/\/radiolifefm.com.br\/noticias\/wp-json\/wp\/v2\/types\/post"}],"author":[{"embeddable":true,"href":"https:\/\/radiolifefm.com.br\/noticias\/wp-json\/wp\/v2\/users\/13"}],"replies":[{"embeddable":true,"href":"https:\/\/radiolifefm.com.br\/noticias\/wp-json\/wp\/v2\/comments?post=53155"}],"version-history":[{"count":1,"href":"https:\/\/radiolifefm.com.br\/noticias\/wp-json\/wp\/v2\/posts\/53155\/revisions"}],"predecessor-version":[{"id":53156,"href":"https:\/\/radiolifefm.com.br\/noticias\/wp-json\/wp\/v2\/posts\/53155\/revisions\/53156"}],"wp:featuredmedia":[{"embeddable":true,"href":"https:\/\/radiolifefm.com.br\/noticias\/wp-json\/wp\/v2\/media\/51988"}],"wp:attachment":[{"href":"https:\/\/radiolifefm.com.br\/noticias\/wp-json\/wp\/v2\/media?parent=53155"}],"wp:term":[{"taxonomy":"category","embeddable":true,"href":"https:\/\/radiolifefm.com.br\/noticias\/wp-json\/wp\/v2\/categories?post=53155"},{"taxonomy":"post_tag","embeddable":true,"href":"https:\/\/radiolifefm.com.br\/noticias\/wp-json\/wp\/v2\/tags?post=53155"}],"curies":[{"name":"wp","href":"https:\/\/api.w.org\/{rel}","templated":true}]}}