{"id":53051,"date":"2022-05-06T07:54:03","date_gmt":"2022-05-06T10:54:03","guid":{"rendered":"https:\/\/radiolifefm.com.br\/noticias\/?p=53051"},"modified":"2026-04-16T21:16:16","modified_gmt":"2026-04-17T00:16:16","slug":"encontro-define-acoes-para-fortalecimento-do-ciclismo-em-adamantina","status":"publish","type":"post","link":"https:\/\/radiolifefm.com.br\/noticias\/encontro-define-acoes-para-fortalecimento-do-ciclismo-em-adamantina\/","title":{"rendered":"Encontro define a\u00e7\u00f5es para fortalecimento do ciclismo em Adamantina"},"content":{"rendered":"<div id=\"fb-root\"><\/div>\n<p>Um dos esportes que mais cresceu durante a pandemia foi o ciclismo. Percorrendo ruas e avenidas, al\u00e9m de estradas rurais do munic\u00edpio, \u00e9 poss\u00edvel observar a grande quantidade de praticantes das mais variadas idades.<\/p>\n<p>&nbsp;<\/p>\n<p style=\"font-weight: 400\">Pensando em fortalecer a pr\u00e1tica, o bem estar e a divulga\u00e7\u00e3o tur\u00edstica, as secretarias municipais de Cultura e Turismo e Esportes, Lazer e Recrea\u00e7\u00e3o (SELAR) promoveram um encontro no anfiteatro Fernando Paloni da Biblioteca P\u00fablica na noite de ter\u00e7a-feira (3).<\/p>\n<p>Na oportunidade, os praticantes falaram das dificuldades, principalmente por parte de motoristas que desrespeitam normas e leis de tr\u00e2nsito, colocando em risco vidas, al\u00e9m da falta de ciclovias no munic\u00edpio.<\/p>\n<p>&nbsp;<\/p>\n<p>O secret\u00e1rio de cultura e turismo, S\u00e9rgio Vanderlei, sugeriu a uni\u00e3o dos grupos com o Poder P\u00fablico em tr\u00eas frentes: a execu\u00e7\u00e3o de infraestrutura com a cria\u00e7\u00e3o de uma poss\u00edvel ciclovia e melhoria da sinaliza\u00e7\u00e3o; campanha educativa entre motoristas; e a realiza\u00e7\u00e3o de eventos que possam mostrar o crescimento do esporte e incentivar novos praticantes.<\/p>\n<p>\u201cDando visibilidade aos grupos poderemos avan\u00e7ar em todos os sentidos\u201d, ressaltou S\u00e9rgio Vanderlei.<\/p>\n<p>&nbsp;<\/p>\n<p>J\u00e1 o secret\u00e1rio de esportes, Ronaldo Tuiui\u00fa, sugeriu a realiza\u00e7\u00e3o do primeiro evento marcado para o dia 12 de junho, dentro da programa\u00e7\u00e3o de anivers\u00e1rio da cidade. Ser\u00e1 um pedal solid\u00e1rio com sa\u00edda da Esta\u00e7\u00e3o Recreio e chegada no Parque dos Pioneiros.\u00a0Mais detalhes ser\u00e3o divulgados posteriormente.<\/p>\n<p>&nbsp;<\/p>\n<p>Fonte: Assessoria de Imprensa<\/p>\n","protected":false},"excerpt":{"rendered":"<p>Um dos esportes que mais cresceu durante a pandemia foi o ciclismo. Percorrendo ruas e avenidas, al\u00e9m de estradas rurais do munic\u00edpio, \u00e9 poss\u00edvel observar a grande quantidade de praticantes das mais variadas idades. &nbsp; Pensando em fortalecer a pr\u00e1tica, o bem estar e a divulga\u00e7\u00e3o tur\u00edstica, as secretarias municipais de Cultura e Turismo e [&hellip;]<\/p>\n","protected":false},"author":13,"featured_media":53052,"comment_status":"closed","ping_status":"open","sticky":false,"template":"","format":"standard","meta":{"_acf_changed":false,"_exactmetrics_skip_tracking":false,"_exactmetrics_sitenote_active":false,"_exactmetrics_sitenote_note":"","_exactmetrics_sitenote_category":0,"footnotes":""},"categories":[21],"tags":[],"class_list":["post-53051","post","type-post","status-publish","format-standard","has-post-thumbnail","hentry","category-adamantina"],"acf":[],"yoast_head":"<!-- This site is optimized with the Yoast SEO plugin v27.2 - https:\/\/yoast.com\/product\/yoast-seo-wordpress\/ -->\n<title>Encontro define a\u00e7\u00f5es para fortalecimento do ciclismo em Adamantina - R\u00e1dio Life FM<\/title>\n<meta name=\"robots\" content=\"index, follow, max-snippet:-1, max-image-preview:large, max-video-preview:-1\" \/>\n<link rel=\"canonical\" href=\"https:\/\/radiolifefm.com.br\/noticias\/encontro-define-acoes-para-fortalecimento-do-ciclismo-em-adamantina\/\" \/>\n<meta property=\"og:locale\" content=\"pt_BR\" \/>\n<meta property=\"og:type\" content=\"article\" \/>\n<meta property=\"og:title\" content=\"Encontro define a\u00e7\u00f5es para fortalecimento do ciclismo em Adamantina - R\u00e1dio Life FM\" \/>\n<meta property=\"og:description\" content=\"Um dos esportes que mais cresceu durante a pandemia foi o ciclismo. Percorrendo ruas e avenidas, al\u00e9m de estradas rurais do munic\u00edpio, \u00e9 poss\u00edvel observar a grande quantidade de praticantes das mais variadas idades. &nbsp; Pensando em fortalecer a pr\u00e1tica, o bem estar e a divulga\u00e7\u00e3o tur\u00edstica, as secretarias municipais de Cultura e Turismo e [&hellip;]\" \/>\n<meta property=\"og:url\" content=\"https:\/\/radiolifefm.com.br\/noticias\/encontro-define-acoes-para-fortalecimento-do-ciclismo-em-adamantina\/\" \/>\n<meta property=\"og:site_name\" content=\"R\u00e1dio Life FM\" \/>\n<meta property=\"article:publisher\" content=\"https:\/\/www.facebook.com\/radiolifefm\/\" \/>\n<meta property=\"article:published_time\" content=\"2022-05-06T10:54:03+00:00\" \/>\n<meta property=\"article:modified_time\" content=\"2026-04-17T00:16:16+00:00\" \/>\n<meta property=\"og:image\" content=\"https:\/\/radiolifefm.com.br\/noticias\/wp-content\/uploads\/2022\/05\/foto-3.jpeg\" \/>\n\t<meta property=\"og:image:width\" content=\"1512\" \/>\n\t<meta property=\"og:image:height\" content=\"828\" \/>\n\t<meta property=\"og:image:type\" content=\"image\/jpeg\" \/>\n<meta name=\"author\" content=\"ritanery\" \/>\n<meta name=\"twitter:card\" content=\"summary_large_image\" \/>\n<meta name=\"twitter:label1\" content=\"Escrito por\" \/>\n\t<meta name=\"twitter:data1\" content=\"ritanery\" \/>\n\t<meta name=\"twitter:label2\" content=\"Est. tempo de leitura\" \/>\n\t<meta name=\"twitter:data2\" content=\"2 minutos\" \/>\n<script type=\"application\/ld+json\" class=\"yoast-schema-graph\">{\"@context\":\"https:\/\/schema.org\",\"@graph\":[{\"@type\":\"Article\",\"@id\":\"https:\/\/radiolifefm.com.br\/noticias\/encontro-define-acoes-para-fortalecimento-do-ciclismo-em-adamantina\/#article\",\"isPartOf\":{\"@id\":\"https:\/\/radiolifefm.com.br\/noticias\/encontro-define-acoes-para-fortalecimento-do-ciclismo-em-adamantina\/\"},\"author\":{\"name\":\"ritanery\",\"@id\":\"https:\/\/radiolifefm.com.br\/noticias\/#\/schema\/person\/6339b9fac59d12b071dec680d7375d87\"},\"headline\":\"Encontro define a\u00e7\u00f5es para fortalecimento do ciclismo em Adamantina\",\"datePublished\":\"2022-05-06T10:54:03+00:00\",\"dateModified\":\"2026-04-17T00:16:16+00:00\",\"mainEntityOfPage\":{\"@id\":\"https:\/\/radiolifefm.com.br\/noticias\/encontro-define-acoes-para-fortalecimento-do-ciclismo-em-adamantina\/\"},\"wordCount\":266,\"publisher\":{\"@id\":\"https:\/\/radiolifefm.com.br\/noticias\/#organization\"},\"image\":{\"@id\":\"https:\/\/radiolifefm.com.br\/noticias\/encontro-define-acoes-para-fortalecimento-do-ciclismo-em-adamantina\/#primaryimage\"},\"thumbnailUrl\":\"https:\/\/radiolifefm.com.br\/noticias\/wp-content\/uploads\/2022\/05\/foto-3.jpeg\",\"articleSection\":[\"Adamantina\"],\"inLanguage\":\"pt-BR\"},{\"@type\":\"WebPage\",\"@id\":\"https:\/\/radiolifefm.com.br\/noticias\/encontro-define-acoes-para-fortalecimento-do-ciclismo-em-adamantina\/\",\"url\":\"https:\/\/radiolifefm.com.br\/noticias\/encontro-define-acoes-para-fortalecimento-do-ciclismo-em-adamantina\/\",\"name\":\"Encontro define a\u00e7\u00f5es para fortalecimento do ciclismo em Adamantina - R\u00e1dio Life FM\",\"isPartOf\":{\"@id\":\"https:\/\/radiolifefm.com.br\/noticias\/#website\"},\"primaryImageOfPage\":{\"@id\":\"https:\/\/radiolifefm.com.br\/noticias\/encontro-define-acoes-para-fortalecimento-do-ciclismo-em-adamantina\/#primaryimage\"},\"image\":{\"@id\":\"https:\/\/radiolifefm.com.br\/noticias\/encontro-define-acoes-para-fortalecimento-do-ciclismo-em-adamantina\/#primaryimage\"},\"thumbnailUrl\":\"https:\/\/radiolifefm.com.br\/noticias\/wp-content\/uploads\/2022\/05\/foto-3.jpeg\",\"datePublished\":\"2022-05-06T10:54:03+00:00\",\"dateModified\":\"2026-04-17T00:16:16+00:00\",\"breadcrumb\":{\"@id\":\"https:\/\/radiolifefm.com.br\/noticias\/encontro-define-acoes-para-fortalecimento-do-ciclismo-em-adamantina\/#breadcrumb\"},\"inLanguage\":\"pt-BR\",\"potentialAction\":[{\"@type\":\"ReadAction\",\"target\":[\"https:\/\/radiolifefm.com.br\/noticias\/encontro-define-acoes-para-fortalecimento-do-ciclismo-em-adamantina\/\"]}]},{\"@type\":\"ImageObject\",\"inLanguage\":\"pt-BR\",\"@id\":\"https:\/\/radiolifefm.com.br\/noticias\/encontro-define-acoes-para-fortalecimento-do-ciclismo-em-adamantina\/#primaryimage\",\"url\":\"https:\/\/radiolifefm.com.br\/noticias\/wp-content\/uploads\/2022\/05\/foto-3.jpeg\",\"contentUrl\":\"https:\/\/radiolifefm.com.br\/noticias\/wp-content\/uploads\/2022\/05\/foto-3.jpeg\",\"width\":1512,\"height\":828},{\"@type\":\"BreadcrumbList\",\"@id\":\"https:\/\/radiolifefm.com.br\/noticias\/encontro-define-acoes-para-fortalecimento-do-ciclismo-em-adamantina\/#breadcrumb\",\"itemListElement\":[{\"@type\":\"ListItem\",\"position\":1,\"name\":\"In\u00edcio\",\"item\":\"https:\/\/radiolifefm.com.br\/noticias\/\"},{\"@type\":\"ListItem\",\"position\":2,\"name\":\"Encontro define a\u00e7\u00f5es para fortalecimento do ciclismo em Adamantina\"}]},{\"@type\":\"WebSite\",\"@id\":\"https:\/\/radiolifefm.com.br\/noticias\/#website\",\"url\":\"https:\/\/radiolifefm.com.br\/noticias\/\",\"name\":\"R\u00e1dio Life FM\",\"description\":\"O Portal de Not\u00edcias de Adamantina\",\"publisher\":{\"@id\":\"https:\/\/radiolifefm.com.br\/noticias\/#organization\"},\"alternateName\":\"Life FM\",\"potentialAction\":[{\"@type\":\"SearchAction\",\"target\":{\"@type\":\"EntryPoint\",\"urlTemplate\":\"https:\/\/radiolifefm.com.br\/noticias\/?s={search_term_string}\"},\"query-input\":{\"@type\":\"PropertyValueSpecification\",\"valueRequired\":true,\"valueName\":\"search_term_string\"}}],\"inLanguage\":\"pt-BR\"},{\"@type\":\"Organization\",\"@id\":\"https:\/\/radiolifefm.com.br\/noticias\/#organization\",\"name\":\"R\u00e1dio Life FM\",\"alternateName\":\"Life FM\",\"url\":\"https:\/\/radiolifefm.com.br\/noticias\/\",\"logo\":{\"@type\":\"ImageObject\",\"inLanguage\":\"pt-BR\",\"@id\":\"https:\/\/radiolifefm.com.br\/noticias\/#\/schema\/logo\/image\/\",\"url\":\"https:\/\/static.radiolifefm.com.br\/noticias\/wp-content\/uploads\/2019\/10\/logo-lifefm.png\",\"contentUrl\":\"https:\/\/static.radiolifefm.com.br\/noticias\/wp-content\/uploads\/2019\/10\/logo-lifefm.png\",\"width\":196,\"height\":47,\"caption\":\"R\u00e1dio Life FM\"},\"image\":{\"@id\":\"https:\/\/radiolifefm.com.br\/noticias\/#\/schema\/logo\/image\/\"},\"sameAs\":[\"https:\/\/www.facebook.com\/radiolifefm\/\",\"https:\/\/www.instagram.com\/life1079fm\/\"]},{\"@type\":\"Person\",\"@id\":\"https:\/\/radiolifefm.com.br\/noticias\/#\/schema\/person\/6339b9fac59d12b071dec680d7375d87\",\"name\":\"ritanery\",\"image\":{\"@type\":\"ImageObject\",\"inLanguage\":\"pt-BR\",\"@id\":\"https:\/\/secure.gravatar.com\/avatar\/0e37bb19071f47c0b8a23f62a903df117c5a0e75f65a0c2901562f97cd41cf86?s=96&d=mm&r=g\",\"url\":\"https:\/\/secure.gravatar.com\/avatar\/0e37bb19071f47c0b8a23f62a903df117c5a0e75f65a0c2901562f97cd41cf86?s=96&d=mm&r=g\",\"contentUrl\":\"https:\/\/secure.gravatar.com\/avatar\/0e37bb19071f47c0b8a23f62a903df117c5a0e75f65a0c2901562f97cd41cf86?s=96&d=mm&r=g\",\"caption\":\"ritanery\"}}]}<\/script>\n<!-- \/ Yoast SEO plugin. -->","yoast_head_json":{"title":"Encontro define a\u00e7\u00f5es para fortalecimento do ciclismo em Adamantina - R\u00e1dio Life FM","robots":{"index":"index","follow":"follow","max-snippet":"max-snippet:-1","max-image-preview":"max-image-preview:large","max-video-preview":"max-video-preview:-1"},"canonical":"https:\/\/radiolifefm.com.br\/noticias\/encontro-define-acoes-para-fortalecimento-do-ciclismo-em-adamantina\/","og_locale":"pt_BR","og_type":"article","og_title":"Encontro define a\u00e7\u00f5es para fortalecimento do ciclismo em Adamantina - R\u00e1dio Life FM","og_description":"Um dos esportes que mais cresceu durante a pandemia foi o ciclismo. Percorrendo ruas e avenidas, al\u00e9m de estradas rurais do munic\u00edpio, \u00e9 poss\u00edvel observar a grande quantidade de praticantes das mais variadas idades. &nbsp; Pensando em fortalecer a pr\u00e1tica, o bem estar e a divulga\u00e7\u00e3o tur\u00edstica, as secretarias municipais de Cultura e Turismo e [&hellip;]","og_url":"https:\/\/radiolifefm.com.br\/noticias\/encontro-define-acoes-para-fortalecimento-do-ciclismo-em-adamantina\/","og_site_name":"R\u00e1dio Life FM","article_publisher":"https:\/\/www.facebook.com\/radiolifefm\/","article_published_time":"2022-05-06T10:54:03+00:00","article_modified_time":"2026-04-17T00:16:16+00:00","og_image":[{"width":1512,"height":828,"url":"https:\/\/radiolifefm.com.br\/noticias\/wp-content\/uploads\/2022\/05\/foto-3.jpeg","type":"image\/jpeg"}],"author":"ritanery","twitter_card":"summary_large_image","twitter_misc":{"Escrito por":"ritanery","Est. tempo de leitura":"2 minutos"},"schema":{"@context":"https:\/\/schema.org","@graph":[{"@type":"Article","@id":"https:\/\/radiolifefm.com.br\/noticias\/encontro-define-acoes-para-fortalecimento-do-ciclismo-em-adamantina\/#article","isPartOf":{"@id":"https:\/\/radiolifefm.com.br\/noticias\/encontro-define-acoes-para-fortalecimento-do-ciclismo-em-adamantina\/"},"author":{"name":"ritanery","@id":"https:\/\/radiolifefm.com.br\/noticias\/#\/schema\/person\/6339b9fac59d12b071dec680d7375d87"},"headline":"Encontro define a\u00e7\u00f5es para fortalecimento do ciclismo em Adamantina","datePublished":"2022-05-06T10:54:03+00:00","dateModified":"2026-04-17T00:16:16+00:00","mainEntityOfPage":{"@id":"https:\/\/radiolifefm.com.br\/noticias\/encontro-define-acoes-para-fortalecimento-do-ciclismo-em-adamantina\/"},"wordCount":266,"publisher":{"@id":"https:\/\/radiolifefm.com.br\/noticias\/#organization"},"image":{"@id":"https:\/\/radiolifefm.com.br\/noticias\/encontro-define-acoes-para-fortalecimento-do-ciclismo-em-adamantina\/#primaryimage"},"thumbnailUrl":"https:\/\/radiolifefm.com.br\/noticias\/wp-content\/uploads\/2022\/05\/foto-3.jpeg","articleSection":["Adamantina"],"inLanguage":"pt-BR"},{"@type":"WebPage","@id":"https:\/\/radiolifefm.com.br\/noticias\/encontro-define-acoes-para-fortalecimento-do-ciclismo-em-adamantina\/","url":"https:\/\/radiolifefm.com.br\/noticias\/encontro-define-acoes-para-fortalecimento-do-ciclismo-em-adamantina\/","name":"Encontro define a\u00e7\u00f5es para fortalecimento do ciclismo em Adamantina - R\u00e1dio Life FM","isPartOf":{"@id":"https:\/\/radiolifefm.com.br\/noticias\/#website"},"primaryImageOfPage":{"@id":"https:\/\/radiolifefm.com.br\/noticias\/encontro-define-acoes-para-fortalecimento-do-ciclismo-em-adamantina\/#primaryimage"},"image":{"@id":"https:\/\/radiolifefm.com.br\/noticias\/encontro-define-acoes-para-fortalecimento-do-ciclismo-em-adamantina\/#primaryimage"},"thumbnailUrl":"https:\/\/radiolifefm.com.br\/noticias\/wp-content\/uploads\/2022\/05\/foto-3.jpeg","datePublished":"2022-05-06T10:54:03+00:00","dateModified":"2026-04-17T00:16:16+00:00","breadcrumb":{"@id":"https:\/\/radiolifefm.com.br\/noticias\/encontro-define-acoes-para-fortalecimento-do-ciclismo-em-adamantina\/#breadcrumb"},"inLanguage":"pt-BR","potentialAction":[{"@type":"ReadAction","target":["https:\/\/radiolifefm.com.br\/noticias\/encontro-define-acoes-para-fortalecimento-do-ciclismo-em-adamantina\/"]}]},{"@type":"ImageObject","inLanguage":"pt-BR","@id":"https:\/\/radiolifefm.com.br\/noticias\/encontro-define-acoes-para-fortalecimento-do-ciclismo-em-adamantina\/#primaryimage","url":"https:\/\/radiolifefm.com.br\/noticias\/wp-content\/uploads\/2022\/05\/foto-3.jpeg","contentUrl":"https:\/\/radiolifefm.com.br\/noticias\/wp-content\/uploads\/2022\/05\/foto-3.jpeg","width":1512,"height":828},{"@type":"BreadcrumbList","@id":"https:\/\/radiolifefm.com.br\/noticias\/encontro-define-acoes-para-fortalecimento-do-ciclismo-em-adamantina\/#breadcrumb","itemListElement":[{"@type":"ListItem","position":1,"name":"In\u00edcio","item":"https:\/\/radiolifefm.com.br\/noticias\/"},{"@type":"ListItem","position":2,"name":"Encontro define a\u00e7\u00f5es para fortalecimento do ciclismo em Adamantina"}]},{"@type":"WebSite","@id":"https:\/\/radiolifefm.com.br\/noticias\/#website","url":"https:\/\/radiolifefm.com.br\/noticias\/","name":"R\u00e1dio Life FM","description":"O Portal de Not\u00edcias de Adamantina","publisher":{"@id":"https:\/\/radiolifefm.com.br\/noticias\/#organization"},"alternateName":"Life FM","potentialAction":[{"@type":"SearchAction","target":{"@type":"EntryPoint","urlTemplate":"https:\/\/radiolifefm.com.br\/noticias\/?s={search_term_string}"},"query-input":{"@type":"PropertyValueSpecification","valueRequired":true,"valueName":"search_term_string"}}],"inLanguage":"pt-BR"},{"@type":"Organization","@id":"https:\/\/radiolifefm.com.br\/noticias\/#organization","name":"R\u00e1dio Life FM","alternateName":"Life FM","url":"https:\/\/radiolifefm.com.br\/noticias\/","logo":{"@type":"ImageObject","inLanguage":"pt-BR","@id":"https:\/\/radiolifefm.com.br\/noticias\/#\/schema\/logo\/image\/","url":"https:\/\/static.radiolifefm.com.br\/noticias\/wp-content\/uploads\/2019\/10\/logo-lifefm.png","contentUrl":"https:\/\/static.radiolifefm.com.br\/noticias\/wp-content\/uploads\/2019\/10\/logo-lifefm.png","width":196,"height":47,"caption":"R\u00e1dio Life FM"},"image":{"@id":"https:\/\/radiolifefm.com.br\/noticias\/#\/schema\/logo\/image\/"},"sameAs":["https:\/\/www.facebook.com\/radiolifefm\/","https:\/\/www.instagram.com\/life1079fm\/"]},{"@type":"Person","@id":"https:\/\/radiolifefm.com.br\/noticias\/#\/schema\/person\/6339b9fac59d12b071dec680d7375d87","name":"ritanery","image":{"@type":"ImageObject","inLanguage":"pt-BR","@id":"https:\/\/secure.gravatar.com\/avatar\/0e37bb19071f47c0b8a23f62a903df117c5a0e75f65a0c2901562f97cd41cf86?s=96&d=mm&r=g","url":"https:\/\/secure.gravatar.com\/avatar\/0e37bb19071f47c0b8a23f62a903df117c5a0e75f65a0c2901562f97cd41cf86?s=96&d=mm&r=g","contentUrl":"https:\/\/secure.gravatar.com\/avatar\/0e37bb19071f47c0b8a23f62a903df117c5a0e75f65a0c2901562f97cd41cf86?s=96&d=mm&r=g","caption":"ritanery"}}]}},"amp_enabled":true,"_links":{"self":[{"href":"https:\/\/radiolifefm.com.br\/noticias\/wp-json\/wp\/v2\/posts\/53051","targetHints":{"allow":["GET"]}}],"collection":[{"href":"https:\/\/radiolifefm.com.br\/noticias\/wp-json\/wp\/v2\/posts"}],"about":[{"href":"https:\/\/radiolifefm.com.br\/noticias\/wp-json\/wp\/v2\/types\/post"}],"author":[{"embeddable":true,"href":"https:\/\/radiolifefm.com.br\/noticias\/wp-json\/wp\/v2\/users\/13"}],"replies":[{"embeddable":true,"href":"https:\/\/radiolifefm.com.br\/noticias\/wp-json\/wp\/v2\/comments?post=53051"}],"version-history":[{"count":4,"href":"https:\/\/radiolifefm.com.br\/noticias\/wp-json\/wp\/v2\/posts\/53051\/revisions"}],"predecessor-version":[{"id":53056,"href":"https:\/\/radiolifefm.com.br\/noticias\/wp-json\/wp\/v2\/posts\/53051\/revisions\/53056"}],"wp:featuredmedia":[{"embeddable":true,"href":"https:\/\/radiolifefm.com.br\/noticias\/wp-json\/wp\/v2\/media\/53052"}],"wp:attachment":[{"href":"https:\/\/radiolifefm.com.br\/noticias\/wp-json\/wp\/v2\/media?parent=53051"}],"wp:term":[{"taxonomy":"category","embeddable":true,"href":"https:\/\/radiolifefm.com.br\/noticias\/wp-json\/wp\/v2\/categories?post=53051"},{"taxonomy":"post_tag","embeddable":true,"href":"https:\/\/radiolifefm.com.br\/noticias\/wp-json\/wp\/v2\/tags?post=53051"}],"curies":[{"name":"wp","href":"https:\/\/api.w.org\/{rel}","templated":true}]}}