{"id":52973,"date":"2022-05-03T20:09:44","date_gmt":"2022-05-03T23:09:44","guid":{"rendered":"https:\/\/radiolifefm.com.br\/noticias\/?p=52973"},"modified":"2026-04-08T10:13:21","modified_gmt":"2026-04-08T13:13:21","slug":"prefeitura-de-adamantina-abre-licitacao-para-comprar-de-76-mil-mudas-para-ornamentacao-e-paisagismo","status":"publish","type":"post","link":"https:\/\/radiolifefm.com.br\/noticias\/prefeitura-de-adamantina-abre-licitacao-para-comprar-de-76-mil-mudas-para-ornamentacao-e-paisagismo\/","title":{"rendered":"Prefeitura de Adamantina abre licita\u00e7\u00e3o para comprar de 76 mil mudas para ornamenta\u00e7\u00e3o e paisagismo"},"content":{"rendered":"<div id=\"fb-root\"><\/div>\n<p>No dia 25 de Abril, a prefeitura de Adamantina abriu licita\u00e7\u00e3o p\u00fablica (Preg\u00e3o Presencial para registro de pre\u00e7os n\u00ba 17\/2020 ) , conforme edital n\u00ba 42\/2011 2 para aquisi\u00e7\u00e3o de 76. 200 mudas de 27 esp\u00e9cies de mudas ornamentais de diversas qualidades a serem utilizadas na ornamenta\u00e7\u00e3o e paisagismo das pra\u00e7as , parques, trevos, rotat\u00f3rias e canteiros da cidade.<\/p>\n<p>O encerramento da licita\u00e7\u00e3o est\u00e1 previsto para 11 de maio, quando dever\u00e1 ser conhecida a empresa vencedora, \u00a0por menor pre\u00e7o global que ir\u00e1 fornecer os materiais (acesse aqui e veja a integra da licita\u00e7\u00e3o e seus anexos: <a href=\"https:\/\/www.adamantina.sp.gov.br\/?pag=T0RZPU9EYz1PR009T1RrPU9EWT1PVEE9T1dFPQ==&amp;view=LIST-LICIT&amp;modalidade=&amp;ano=2022&amp;situacao=&amp;notIn=&amp;id=1797\">https:\/\/www.adamantina.sp.gov.br\/?pag=T0RZPU9EYz1PR009T1RrPU9EWT1PVEE9T1dFPQ==&amp;view=LIST-LICIT&amp;modalidade=&amp;ano=2022&amp;situacao=&amp;notIn=&amp;id=1797<\/a>). Depois disso ser\u00e1 \u00a0realizado o contrato, a Prefeitura poder\u00e1 requisitar os itens do fornecedor, \u00a0conforme necessidade da municipalidade para o plantio nas \u00e1reas p\u00fablicas.<\/p>\n<p>Veja a lista com completa das mudas distribu\u00eddas em 27 variedades conforme anexo 1 da licita\u00e7\u00e3o:<\/p>\n<div class='flex flex-wrap items-center -mx-1'>\r\n<a class='thumbnail gallery p-1 w-1\/2 md:w-1\/4' href='https:\/\/radiolifefm.com.br\/noticias\/wp-content\/uploads\/2022\/05\/103.jpg'><img class='border border-white' src='https:\/\/radiolifefm.com.br\/noticias\/wp-content\/uploads\/2022\/05\/103-200x200.jpg' alt='103' \/><\/a><\/div>\n<p>A lista \u00e9 da Secretaria Municipal de Agricultura, Abastecimento e Meio Ambiente (SAAMA). O documento destaca que as mudas devem ser apresentar conforme a medida indicada em perfeita sa\u00fade, \u00a0n\u00e3o podendo apresentar folhas amarelas.<\/p>\n<p>&nbsp;<\/p>\n<p>Fonte: Siga Mais<\/p>\n","protected":false},"excerpt":{"rendered":"<p>No dia 25 de Abril, a prefeitura de Adamantina abriu licita\u00e7\u00e3o p\u00fablica (Preg\u00e3o Presencial para registro de pre\u00e7os n\u00ba 17\/2020 ) , conforme edital n\u00ba 42\/2011 2 para aquisi\u00e7\u00e3o de 76. 200 mudas de 27 esp\u00e9cies de mudas ornamentais de diversas qualidades a serem utilizadas na ornamenta\u00e7\u00e3o e paisagismo das pra\u00e7as , parques, trevos, rotat\u00f3rias [&hellip;]<\/p>\n","protected":false},"author":13,"featured_media":52974,"comment_status":"open","ping_status":"open","sticky":false,"template":"","format":"standard","meta":{"_acf_changed":false,"_exactmetrics_skip_tracking":false,"_exactmetrics_sitenote_active":false,"_exactmetrics_sitenote_note":"","_exactmetrics_sitenote_category":0,"footnotes":""},"categories":[21],"tags":[],"class_list":["post-52973","post","type-post","status-publish","format-standard","has-post-thumbnail","hentry","category-adamantina"],"acf":[],"yoast_head":"<!-- This site is optimized with the Yoast SEO plugin v27.2 - https:\/\/yoast.com\/product\/yoast-seo-wordpress\/ -->\n<title>Prefeitura de Adamantina abre licita\u00e7\u00e3o para comprar de 76 mil mudas para ornamenta\u00e7\u00e3o e paisagismo - R\u00e1dio Life FM<\/title>\n<meta name=\"robots\" content=\"index, follow, max-snippet:-1, max-image-preview:large, max-video-preview:-1\" \/>\n<link rel=\"canonical\" href=\"https:\/\/radiolifefm.com.br\/noticias\/prefeitura-de-adamantina-abre-licitacao-para-comprar-de-76-mil-mudas-para-ornamentacao-e-paisagismo\/\" \/>\n<meta property=\"og:locale\" content=\"pt_BR\" \/>\n<meta property=\"og:type\" content=\"article\" \/>\n<meta property=\"og:title\" content=\"Prefeitura de Adamantina abre licita\u00e7\u00e3o para comprar de 76 mil mudas para ornamenta\u00e7\u00e3o e paisagismo - R\u00e1dio Life FM\" \/>\n<meta property=\"og:description\" content=\"No dia 25 de Abril, a prefeitura de Adamantina abriu licita\u00e7\u00e3o p\u00fablica (Preg\u00e3o Presencial para registro de pre\u00e7os n\u00ba 17\/2020 ) , conforme edital n\u00ba 42\/2011 2 para aquisi\u00e7\u00e3o de 76. 200 mudas de 27 esp\u00e9cies de mudas ornamentais de diversas qualidades a serem utilizadas na ornamenta\u00e7\u00e3o e paisagismo das pra\u00e7as , parques, trevos, rotat\u00f3rias [&hellip;]\" \/>\n<meta property=\"og:url\" content=\"https:\/\/radiolifefm.com.br\/noticias\/prefeitura-de-adamantina-abre-licitacao-para-comprar-de-76-mil-mudas-para-ornamentacao-e-paisagismo\/\" \/>\n<meta property=\"og:site_name\" content=\"R\u00e1dio Life FM\" \/>\n<meta property=\"article:publisher\" content=\"https:\/\/www.facebook.com\/radiolifefm\/\" \/>\n<meta property=\"article:published_time\" content=\"2022-05-03T23:09:44+00:00\" \/>\n<meta property=\"article:modified_time\" content=\"2026-04-08T13:13:21+00:00\" \/>\n<meta property=\"og:image\" content=\"https:\/\/radiolifefm.com.br\/noticias\/wp-content\/uploads\/2022\/05\/2.jpg\" \/>\n\t<meta property=\"og:image:width\" content=\"541\" \/>\n\t<meta property=\"og:image:height\" content=\"302\" \/>\n\t<meta property=\"og:image:type\" content=\"image\/jpeg\" \/>\n<meta name=\"author\" content=\"ritanery\" \/>\n<meta name=\"twitter:card\" content=\"summary_large_image\" \/>\n<meta name=\"twitter:label1\" content=\"Escrito por\" \/>\n\t<meta name=\"twitter:data1\" content=\"ritanery\" \/>\n\t<meta name=\"twitter:label2\" content=\"Est. tempo de leitura\" \/>\n\t<meta name=\"twitter:data2\" content=\"1 minuto\" \/>\n<script type=\"application\/ld+json\" class=\"yoast-schema-graph\">{\"@context\":\"https:\/\/schema.org\",\"@graph\":[{\"@type\":\"Article\",\"@id\":\"https:\/\/radiolifefm.com.br\/noticias\/prefeitura-de-adamantina-abre-licitacao-para-comprar-de-76-mil-mudas-para-ornamentacao-e-paisagismo\/#article\",\"isPartOf\":{\"@id\":\"https:\/\/radiolifefm.com.br\/noticias\/prefeitura-de-adamantina-abre-licitacao-para-comprar-de-76-mil-mudas-para-ornamentacao-e-paisagismo\/\"},\"author\":{\"name\":\"ritanery\",\"@id\":\"https:\/\/radiolifefm.com.br\/noticias\/#\/schema\/person\/6339b9fac59d12b071dec680d7375d87\"},\"headline\":\"Prefeitura de Adamantina abre licita\u00e7\u00e3o para comprar de 76 mil mudas para ornamenta\u00e7\u00e3o e paisagismo\",\"datePublished\":\"2022-05-03T23:09:44+00:00\",\"dateModified\":\"2026-04-08T13:13:21+00:00\",\"mainEntityOfPage\":{\"@id\":\"https:\/\/radiolifefm.com.br\/noticias\/prefeitura-de-adamantina-abre-licitacao-para-comprar-de-76-mil-mudas-para-ornamentacao-e-paisagismo\/\"},\"wordCount\":228,\"commentCount\":0,\"publisher\":{\"@id\":\"https:\/\/radiolifefm.com.br\/noticias\/#organization\"},\"image\":{\"@id\":\"https:\/\/radiolifefm.com.br\/noticias\/prefeitura-de-adamantina-abre-licitacao-para-comprar-de-76-mil-mudas-para-ornamentacao-e-paisagismo\/#primaryimage\"},\"thumbnailUrl\":\"https:\/\/radiolifefm.com.br\/noticias\/wp-content\/uploads\/2022\/05\/2.jpg\",\"articleSection\":[\"Adamantina\"],\"inLanguage\":\"pt-BR\",\"potentialAction\":[{\"@type\":\"CommentAction\",\"name\":\"Comment\",\"target\":[\"https:\/\/radiolifefm.com.br\/noticias\/prefeitura-de-adamantina-abre-licitacao-para-comprar-de-76-mil-mudas-para-ornamentacao-e-paisagismo\/#respond\"]}]},{\"@type\":\"WebPage\",\"@id\":\"https:\/\/radiolifefm.com.br\/noticias\/prefeitura-de-adamantina-abre-licitacao-para-comprar-de-76-mil-mudas-para-ornamentacao-e-paisagismo\/\",\"url\":\"https:\/\/radiolifefm.com.br\/noticias\/prefeitura-de-adamantina-abre-licitacao-para-comprar-de-76-mil-mudas-para-ornamentacao-e-paisagismo\/\",\"name\":\"Prefeitura de Adamantina abre licita\u00e7\u00e3o para comprar de 76 mil mudas para ornamenta\u00e7\u00e3o e paisagismo - R\u00e1dio Life FM\",\"isPartOf\":{\"@id\":\"https:\/\/radiolifefm.com.br\/noticias\/#website\"},\"primaryImageOfPage\":{\"@id\":\"https:\/\/radiolifefm.com.br\/noticias\/prefeitura-de-adamantina-abre-licitacao-para-comprar-de-76-mil-mudas-para-ornamentacao-e-paisagismo\/#primaryimage\"},\"image\":{\"@id\":\"https:\/\/radiolifefm.com.br\/noticias\/prefeitura-de-adamantina-abre-licitacao-para-comprar-de-76-mil-mudas-para-ornamentacao-e-paisagismo\/#primaryimage\"},\"thumbnailUrl\":\"https:\/\/radiolifefm.com.br\/noticias\/wp-content\/uploads\/2022\/05\/2.jpg\",\"datePublished\":\"2022-05-03T23:09:44+00:00\",\"dateModified\":\"2026-04-08T13:13:21+00:00\",\"breadcrumb\":{\"@id\":\"https:\/\/radiolifefm.com.br\/noticias\/prefeitura-de-adamantina-abre-licitacao-para-comprar-de-76-mil-mudas-para-ornamentacao-e-paisagismo\/#breadcrumb\"},\"inLanguage\":\"pt-BR\",\"potentialAction\":[{\"@type\":\"ReadAction\",\"target\":[\"https:\/\/radiolifefm.com.br\/noticias\/prefeitura-de-adamantina-abre-licitacao-para-comprar-de-76-mil-mudas-para-ornamentacao-e-paisagismo\/\"]}]},{\"@type\":\"ImageObject\",\"inLanguage\":\"pt-BR\",\"@id\":\"https:\/\/radiolifefm.com.br\/noticias\/prefeitura-de-adamantina-abre-licitacao-para-comprar-de-76-mil-mudas-para-ornamentacao-e-paisagismo\/#primaryimage\",\"url\":\"https:\/\/radiolifefm.com.br\/noticias\/wp-content\/uploads\/2022\/05\/2.jpg\",\"contentUrl\":\"https:\/\/radiolifefm.com.br\/noticias\/wp-content\/uploads\/2022\/05\/2.jpg\",\"width\":541,\"height\":302},{\"@type\":\"BreadcrumbList\",\"@id\":\"https:\/\/radiolifefm.com.br\/noticias\/prefeitura-de-adamantina-abre-licitacao-para-comprar-de-76-mil-mudas-para-ornamentacao-e-paisagismo\/#breadcrumb\",\"itemListElement\":[{\"@type\":\"ListItem\",\"position\":1,\"name\":\"In\u00edcio\",\"item\":\"https:\/\/radiolifefm.com.br\/noticias\/\"},{\"@type\":\"ListItem\",\"position\":2,\"name\":\"Prefeitura de Adamantina abre licita\u00e7\u00e3o para comprar de 76 mil mudas para ornamenta\u00e7\u00e3o e paisagismo\"}]},{\"@type\":\"WebSite\",\"@id\":\"https:\/\/radiolifefm.com.br\/noticias\/#website\",\"url\":\"https:\/\/radiolifefm.com.br\/noticias\/\",\"name\":\"R\u00e1dio Life FM\",\"description\":\"O Portal de Not\u00edcias de Adamantina\",\"publisher\":{\"@id\":\"https:\/\/radiolifefm.com.br\/noticias\/#organization\"},\"alternateName\":\"Life FM\",\"potentialAction\":[{\"@type\":\"SearchAction\",\"target\":{\"@type\":\"EntryPoint\",\"urlTemplate\":\"https:\/\/radiolifefm.com.br\/noticias\/?s={search_term_string}\"},\"query-input\":{\"@type\":\"PropertyValueSpecification\",\"valueRequired\":true,\"valueName\":\"search_term_string\"}}],\"inLanguage\":\"pt-BR\"},{\"@type\":\"Organization\",\"@id\":\"https:\/\/radiolifefm.com.br\/noticias\/#organization\",\"name\":\"R\u00e1dio Life FM\",\"alternateName\":\"Life FM\",\"url\":\"https:\/\/radiolifefm.com.br\/noticias\/\",\"logo\":{\"@type\":\"ImageObject\",\"inLanguage\":\"pt-BR\",\"@id\":\"https:\/\/radiolifefm.com.br\/noticias\/#\/schema\/logo\/image\/\",\"url\":\"https:\/\/static.radiolifefm.com.br\/noticias\/wp-content\/uploads\/2019\/10\/logo-lifefm.png\",\"contentUrl\":\"https:\/\/static.radiolifefm.com.br\/noticias\/wp-content\/uploads\/2019\/10\/logo-lifefm.png\",\"width\":196,\"height\":47,\"caption\":\"R\u00e1dio Life FM\"},\"image\":{\"@id\":\"https:\/\/radiolifefm.com.br\/noticias\/#\/schema\/logo\/image\/\"},\"sameAs\":[\"https:\/\/www.facebook.com\/radiolifefm\/\",\"https:\/\/www.instagram.com\/life1079fm\/\"]},{\"@type\":\"Person\",\"@id\":\"https:\/\/radiolifefm.com.br\/noticias\/#\/schema\/person\/6339b9fac59d12b071dec680d7375d87\",\"name\":\"ritanery\",\"image\":{\"@type\":\"ImageObject\",\"inLanguage\":\"pt-BR\",\"@id\":\"https:\/\/secure.gravatar.com\/avatar\/0e37bb19071f47c0b8a23f62a903df117c5a0e75f65a0c2901562f97cd41cf86?s=96&d=mm&r=g\",\"url\":\"https:\/\/secure.gravatar.com\/avatar\/0e37bb19071f47c0b8a23f62a903df117c5a0e75f65a0c2901562f97cd41cf86?s=96&d=mm&r=g\",\"contentUrl\":\"https:\/\/secure.gravatar.com\/avatar\/0e37bb19071f47c0b8a23f62a903df117c5a0e75f65a0c2901562f97cd41cf86?s=96&d=mm&r=g\",\"caption\":\"ritanery\"}}]}<\/script>\n<!-- \/ Yoast SEO plugin. -->","yoast_head_json":{"title":"Prefeitura de Adamantina abre licita\u00e7\u00e3o para comprar de 76 mil mudas para ornamenta\u00e7\u00e3o e paisagismo - R\u00e1dio Life FM","robots":{"index":"index","follow":"follow","max-snippet":"max-snippet:-1","max-image-preview":"max-image-preview:large","max-video-preview":"max-video-preview:-1"},"canonical":"https:\/\/radiolifefm.com.br\/noticias\/prefeitura-de-adamantina-abre-licitacao-para-comprar-de-76-mil-mudas-para-ornamentacao-e-paisagismo\/","og_locale":"pt_BR","og_type":"article","og_title":"Prefeitura de Adamantina abre licita\u00e7\u00e3o para comprar de 76 mil mudas para ornamenta\u00e7\u00e3o e paisagismo - R\u00e1dio Life FM","og_description":"No dia 25 de Abril, a prefeitura de Adamantina abriu licita\u00e7\u00e3o p\u00fablica (Preg\u00e3o Presencial para registro de pre\u00e7os n\u00ba 17\/2020 ) , conforme edital n\u00ba 42\/2011 2 para aquisi\u00e7\u00e3o de 76. 200 mudas de 27 esp\u00e9cies de mudas ornamentais de diversas qualidades a serem utilizadas na ornamenta\u00e7\u00e3o e paisagismo das pra\u00e7as , parques, trevos, rotat\u00f3rias [&hellip;]","og_url":"https:\/\/radiolifefm.com.br\/noticias\/prefeitura-de-adamantina-abre-licitacao-para-comprar-de-76-mil-mudas-para-ornamentacao-e-paisagismo\/","og_site_name":"R\u00e1dio Life FM","article_publisher":"https:\/\/www.facebook.com\/radiolifefm\/","article_published_time":"2022-05-03T23:09:44+00:00","article_modified_time":"2026-04-08T13:13:21+00:00","og_image":[{"width":541,"height":302,"url":"https:\/\/radiolifefm.com.br\/noticias\/wp-content\/uploads\/2022\/05\/2.jpg","type":"image\/jpeg"}],"author":"ritanery","twitter_card":"summary_large_image","twitter_misc":{"Escrito por":"ritanery","Est. tempo de leitura":"1 minuto"},"schema":{"@context":"https:\/\/schema.org","@graph":[{"@type":"Article","@id":"https:\/\/radiolifefm.com.br\/noticias\/prefeitura-de-adamantina-abre-licitacao-para-comprar-de-76-mil-mudas-para-ornamentacao-e-paisagismo\/#article","isPartOf":{"@id":"https:\/\/radiolifefm.com.br\/noticias\/prefeitura-de-adamantina-abre-licitacao-para-comprar-de-76-mil-mudas-para-ornamentacao-e-paisagismo\/"},"author":{"name":"ritanery","@id":"https:\/\/radiolifefm.com.br\/noticias\/#\/schema\/person\/6339b9fac59d12b071dec680d7375d87"},"headline":"Prefeitura de Adamantina abre licita\u00e7\u00e3o para comprar de 76 mil mudas para ornamenta\u00e7\u00e3o e paisagismo","datePublished":"2022-05-03T23:09:44+00:00","dateModified":"2026-04-08T13:13:21+00:00","mainEntityOfPage":{"@id":"https:\/\/radiolifefm.com.br\/noticias\/prefeitura-de-adamantina-abre-licitacao-para-comprar-de-76-mil-mudas-para-ornamentacao-e-paisagismo\/"},"wordCount":228,"commentCount":0,"publisher":{"@id":"https:\/\/radiolifefm.com.br\/noticias\/#organization"},"image":{"@id":"https:\/\/radiolifefm.com.br\/noticias\/prefeitura-de-adamantina-abre-licitacao-para-comprar-de-76-mil-mudas-para-ornamentacao-e-paisagismo\/#primaryimage"},"thumbnailUrl":"https:\/\/radiolifefm.com.br\/noticias\/wp-content\/uploads\/2022\/05\/2.jpg","articleSection":["Adamantina"],"inLanguage":"pt-BR","potentialAction":[{"@type":"CommentAction","name":"Comment","target":["https:\/\/radiolifefm.com.br\/noticias\/prefeitura-de-adamantina-abre-licitacao-para-comprar-de-76-mil-mudas-para-ornamentacao-e-paisagismo\/#respond"]}]},{"@type":"WebPage","@id":"https:\/\/radiolifefm.com.br\/noticias\/prefeitura-de-adamantina-abre-licitacao-para-comprar-de-76-mil-mudas-para-ornamentacao-e-paisagismo\/","url":"https:\/\/radiolifefm.com.br\/noticias\/prefeitura-de-adamantina-abre-licitacao-para-comprar-de-76-mil-mudas-para-ornamentacao-e-paisagismo\/","name":"Prefeitura de Adamantina abre licita\u00e7\u00e3o para comprar de 76 mil mudas para ornamenta\u00e7\u00e3o e paisagismo - R\u00e1dio Life FM","isPartOf":{"@id":"https:\/\/radiolifefm.com.br\/noticias\/#website"},"primaryImageOfPage":{"@id":"https:\/\/radiolifefm.com.br\/noticias\/prefeitura-de-adamantina-abre-licitacao-para-comprar-de-76-mil-mudas-para-ornamentacao-e-paisagismo\/#primaryimage"},"image":{"@id":"https:\/\/radiolifefm.com.br\/noticias\/prefeitura-de-adamantina-abre-licitacao-para-comprar-de-76-mil-mudas-para-ornamentacao-e-paisagismo\/#primaryimage"},"thumbnailUrl":"https:\/\/radiolifefm.com.br\/noticias\/wp-content\/uploads\/2022\/05\/2.jpg","datePublished":"2022-05-03T23:09:44+00:00","dateModified":"2026-04-08T13:13:21+00:00","breadcrumb":{"@id":"https:\/\/radiolifefm.com.br\/noticias\/prefeitura-de-adamantina-abre-licitacao-para-comprar-de-76-mil-mudas-para-ornamentacao-e-paisagismo\/#breadcrumb"},"inLanguage":"pt-BR","potentialAction":[{"@type":"ReadAction","target":["https:\/\/radiolifefm.com.br\/noticias\/prefeitura-de-adamantina-abre-licitacao-para-comprar-de-76-mil-mudas-para-ornamentacao-e-paisagismo\/"]}]},{"@type":"ImageObject","inLanguage":"pt-BR","@id":"https:\/\/radiolifefm.com.br\/noticias\/prefeitura-de-adamantina-abre-licitacao-para-comprar-de-76-mil-mudas-para-ornamentacao-e-paisagismo\/#primaryimage","url":"https:\/\/radiolifefm.com.br\/noticias\/wp-content\/uploads\/2022\/05\/2.jpg","contentUrl":"https:\/\/radiolifefm.com.br\/noticias\/wp-content\/uploads\/2022\/05\/2.jpg","width":541,"height":302},{"@type":"BreadcrumbList","@id":"https:\/\/radiolifefm.com.br\/noticias\/prefeitura-de-adamantina-abre-licitacao-para-comprar-de-76-mil-mudas-para-ornamentacao-e-paisagismo\/#breadcrumb","itemListElement":[{"@type":"ListItem","position":1,"name":"In\u00edcio","item":"https:\/\/radiolifefm.com.br\/noticias\/"},{"@type":"ListItem","position":2,"name":"Prefeitura de Adamantina abre licita\u00e7\u00e3o para comprar de 76 mil mudas para ornamenta\u00e7\u00e3o e paisagismo"}]},{"@type":"WebSite","@id":"https:\/\/radiolifefm.com.br\/noticias\/#website","url":"https:\/\/radiolifefm.com.br\/noticias\/","name":"R\u00e1dio Life FM","description":"O Portal de Not\u00edcias de Adamantina","publisher":{"@id":"https:\/\/radiolifefm.com.br\/noticias\/#organization"},"alternateName":"Life FM","potentialAction":[{"@type":"SearchAction","target":{"@type":"EntryPoint","urlTemplate":"https:\/\/radiolifefm.com.br\/noticias\/?s={search_term_string}"},"query-input":{"@type":"PropertyValueSpecification","valueRequired":true,"valueName":"search_term_string"}}],"inLanguage":"pt-BR"},{"@type":"Organization","@id":"https:\/\/radiolifefm.com.br\/noticias\/#organization","name":"R\u00e1dio Life FM","alternateName":"Life FM","url":"https:\/\/radiolifefm.com.br\/noticias\/","logo":{"@type":"ImageObject","inLanguage":"pt-BR","@id":"https:\/\/radiolifefm.com.br\/noticias\/#\/schema\/logo\/image\/","url":"https:\/\/static.radiolifefm.com.br\/noticias\/wp-content\/uploads\/2019\/10\/logo-lifefm.png","contentUrl":"https:\/\/static.radiolifefm.com.br\/noticias\/wp-content\/uploads\/2019\/10\/logo-lifefm.png","width":196,"height":47,"caption":"R\u00e1dio Life FM"},"image":{"@id":"https:\/\/radiolifefm.com.br\/noticias\/#\/schema\/logo\/image\/"},"sameAs":["https:\/\/www.facebook.com\/radiolifefm\/","https:\/\/www.instagram.com\/life1079fm\/"]},{"@type":"Person","@id":"https:\/\/radiolifefm.com.br\/noticias\/#\/schema\/person\/6339b9fac59d12b071dec680d7375d87","name":"ritanery","image":{"@type":"ImageObject","inLanguage":"pt-BR","@id":"https:\/\/secure.gravatar.com\/avatar\/0e37bb19071f47c0b8a23f62a903df117c5a0e75f65a0c2901562f97cd41cf86?s=96&d=mm&r=g","url":"https:\/\/secure.gravatar.com\/avatar\/0e37bb19071f47c0b8a23f62a903df117c5a0e75f65a0c2901562f97cd41cf86?s=96&d=mm&r=g","contentUrl":"https:\/\/secure.gravatar.com\/avatar\/0e37bb19071f47c0b8a23f62a903df117c5a0e75f65a0c2901562f97cd41cf86?s=96&d=mm&r=g","caption":"ritanery"}}]}},"amp_enabled":true,"_links":{"self":[{"href":"https:\/\/radiolifefm.com.br\/noticias\/wp-json\/wp\/v2\/posts\/52973","targetHints":{"allow":["GET"]}}],"collection":[{"href":"https:\/\/radiolifefm.com.br\/noticias\/wp-json\/wp\/v2\/posts"}],"about":[{"href":"https:\/\/radiolifefm.com.br\/noticias\/wp-json\/wp\/v2\/types\/post"}],"author":[{"embeddable":true,"href":"https:\/\/radiolifefm.com.br\/noticias\/wp-json\/wp\/v2\/users\/13"}],"replies":[{"embeddable":true,"href":"https:\/\/radiolifefm.com.br\/noticias\/wp-json\/wp\/v2\/comments?post=52973"}],"version-history":[{"count":1,"href":"https:\/\/radiolifefm.com.br\/noticias\/wp-json\/wp\/v2\/posts\/52973\/revisions"}],"predecessor-version":[{"id":52976,"href":"https:\/\/radiolifefm.com.br\/noticias\/wp-json\/wp\/v2\/posts\/52973\/revisions\/52976"}],"wp:featuredmedia":[{"embeddable":true,"href":"https:\/\/radiolifefm.com.br\/noticias\/wp-json\/wp\/v2\/media\/52974"}],"wp:attachment":[{"href":"https:\/\/radiolifefm.com.br\/noticias\/wp-json\/wp\/v2\/media?parent=52973"}],"wp:term":[{"taxonomy":"category","embeddable":true,"href":"https:\/\/radiolifefm.com.br\/noticias\/wp-json\/wp\/v2\/categories?post=52973"},{"taxonomy":"post_tag","embeddable":true,"href":"https:\/\/radiolifefm.com.br\/noticias\/wp-json\/wp\/v2\/tags?post=52973"}],"curies":[{"name":"wp","href":"https:\/\/api.w.org\/{rel}","templated":true}]}}