{"id":52928,"date":"2022-05-03T13:40:22","date_gmt":"2022-05-03T16:40:22","guid":{"rendered":"https:\/\/radiolifefm.com.br\/noticias\/?p=52928"},"modified":"2026-04-10T21:33:55","modified_gmt":"2026-04-11T00:33:55","slug":"novos-profissionais-integrados-ao-projeto-asa-participam-de-capacitacao","status":"publish","type":"post","link":"https:\/\/radiolifefm.com.br\/noticias\/novos-profissionais-integrados-ao-projeto-asa-participam-de-capacitacao\/","title":{"rendered":"Novos profissionais integrados ao Projeto Asa participam de capacita\u00e7\u00e3o"},"content":{"rendered":"<div id=\"fb-root\"><\/div>\n<p>A Prefeitura de Adamantina, por meio da Secretaria de Assist\u00eancia Social e do Centro de Refer\u00eancia da Assist\u00eancia Social (CRAS), com o objetivo de levar conhecimento t\u00e9cnico, te\u00f3rico e pr\u00e1tico para os orientadores rec\u00e9m integrados ao Projeto Asa, que \u00e9 um servi\u00e7o de conviv\u00eancia e fortalecimento de v\u00ednculos, promoveu uma capacita\u00e7\u00e3o.<\/p>\n<p>A iniciativa visa possibilitar que os novos profissionais tenham conhecimento a respeito da metodologia de trabalho socioeducativo para cada ciclo et\u00e1rio do SCFV de acordo com as diretrizes da Tipifica\u00e7\u00e3o Nacional de Servi\u00e7os Socioassistenciais e assim ter melhor suporte no trabalho com as crian\u00e7as e adolescentes, pois o Projeto Asa atende crian\u00e7as de 04 a 14 anos, 11 meses e 29 dias.<\/p>\n<p>Os profissionais ainda participar\u00e3o de mais tr\u00eas encontros com o objetivo de serem orientados sobre os temas centrais que eles podem trabalhar com os atendidos e, ainda, como direcionar e planejar as atividades do dia-a-dia com as crian\u00e7as e adolescentes.<\/p>\n<p style=\"font-weight: 400\">O Servi\u00e7o de Conviv\u00eancia e Fortalecimento de V\u00ednculos \u00e9 organizado por faixa et\u00e1ria e tem como objetivo prevenir poss\u00edveis situa\u00e7\u00f5es de risco e proporcionar a constitui\u00e7\u00e3o de espa\u00e7o de conviv\u00eancia, forma\u00e7\u00e3o para a participa\u00e7\u00e3o e cidadania, desenvolvimento do protagonismo e da autonomia das crian\u00e7as e adolescentes, a partir dos interesses, demandas e potencialidades dessa faixa et\u00e1ria.<\/p>\n<p style=\"font-weight: 400\">As interven\u00e7\u00f5es devem ser pautadas em experi\u00eancias l\u00fadicas, culturais e esportivas como formas de express\u00e3o, intera\u00e7\u00e3o, aprendizagem, sociabilidade e prote\u00e7\u00e3o social.<\/p>\n<p>&nbsp;<\/p>\n<p>Fonte: Assessoria de Imprensa<\/p>\n","protected":false},"excerpt":{"rendered":"<p>A Prefeitura de Adamantina, por meio da Secretaria de Assist\u00eancia Social e do Centro de Refer\u00eancia da Assist\u00eancia Social (CRAS), com o objetivo de levar conhecimento t\u00e9cnico, te\u00f3rico e pr\u00e1tico para os orientadores rec\u00e9m integrados ao Projeto Asa, que \u00e9 um servi\u00e7o de conviv\u00eancia e fortalecimento de v\u00ednculos, promoveu uma capacita\u00e7\u00e3o. A iniciativa visa possibilitar [&hellip;]<\/p>\n","protected":false},"author":13,"featured_media":52929,"comment_status":"closed","ping_status":"open","sticky":false,"template":"","format":"standard","meta":{"_acf_changed":false,"_exactmetrics_skip_tracking":false,"_exactmetrics_sitenote_active":false,"_exactmetrics_sitenote_note":"","_exactmetrics_sitenote_category":0,"footnotes":""},"categories":[21],"tags":[],"class_list":["post-52928","post","type-post","status-publish","format-standard","has-post-thumbnail","hentry","category-adamantina"],"acf":[],"yoast_head":"<!-- This site is optimized with the Yoast SEO plugin v27.2 - https:\/\/yoast.com\/product\/yoast-seo-wordpress\/ -->\n<title>Novos profissionais integrados ao Projeto Asa participam de capacita\u00e7\u00e3o - R\u00e1dio Life FM<\/title>\n<meta name=\"robots\" content=\"index, follow, max-snippet:-1, max-image-preview:large, max-video-preview:-1\" \/>\n<link rel=\"canonical\" href=\"https:\/\/radiolifefm.com.br\/noticias\/novos-profissionais-integrados-ao-projeto-asa-participam-de-capacitacao\/\" \/>\n<meta property=\"og:locale\" content=\"pt_BR\" \/>\n<meta property=\"og:type\" content=\"article\" \/>\n<meta property=\"og:title\" content=\"Novos profissionais integrados ao Projeto Asa participam de capacita\u00e7\u00e3o - R\u00e1dio Life FM\" \/>\n<meta property=\"og:description\" content=\"A Prefeitura de Adamantina, por meio da Secretaria de Assist\u00eancia Social e do Centro de Refer\u00eancia da Assist\u00eancia Social (CRAS), com o objetivo de levar conhecimento t\u00e9cnico, te\u00f3rico e pr\u00e1tico para os orientadores rec\u00e9m integrados ao Projeto Asa, que \u00e9 um servi\u00e7o de conviv\u00eancia e fortalecimento de v\u00ednculos, promoveu uma capacita\u00e7\u00e3o. A iniciativa visa possibilitar [&hellip;]\" \/>\n<meta property=\"og:url\" content=\"https:\/\/radiolifefm.com.br\/noticias\/novos-profissionais-integrados-ao-projeto-asa-participam-de-capacitacao\/\" \/>\n<meta property=\"og:site_name\" content=\"R\u00e1dio Life FM\" \/>\n<meta property=\"article:publisher\" content=\"https:\/\/www.facebook.com\/radiolifefm\/\" \/>\n<meta property=\"article:published_time\" content=\"2022-05-03T16:40:22+00:00\" \/>\n<meta property=\"article:modified_time\" content=\"2026-04-11T00:33:55+00:00\" \/>\n<meta property=\"og:image\" content=\"https:\/\/radiolifefm.com.br\/noticias\/wp-content\/uploads\/2022\/05\/foto-2.jpeg\" \/>\n\t<meta property=\"og:image:width\" content=\"1600\" \/>\n\t<meta property=\"og:image:height\" content=\"1200\" \/>\n\t<meta property=\"og:image:type\" content=\"image\/jpeg\" \/>\n<meta name=\"author\" content=\"ritanery\" \/>\n<meta name=\"twitter:card\" content=\"summary_large_image\" \/>\n<meta name=\"twitter:label1\" content=\"Escrito por\" \/>\n\t<meta name=\"twitter:data1\" content=\"ritanery\" \/>\n\t<meta name=\"twitter:label2\" content=\"Est. tempo de leitura\" \/>\n\t<meta name=\"twitter:data2\" content=\"1 minuto\" \/>\n<script type=\"application\/ld+json\" class=\"yoast-schema-graph\">{\"@context\":\"https:\/\/schema.org\",\"@graph\":[{\"@type\":\"Article\",\"@id\":\"https:\/\/radiolifefm.com.br\/noticias\/novos-profissionais-integrados-ao-projeto-asa-participam-de-capacitacao\/#article\",\"isPartOf\":{\"@id\":\"https:\/\/radiolifefm.com.br\/noticias\/novos-profissionais-integrados-ao-projeto-asa-participam-de-capacitacao\/\"},\"author\":{\"name\":\"ritanery\",\"@id\":\"https:\/\/radiolifefm.com.br\/noticias\/#\/schema\/person\/6339b9fac59d12b071dec680d7375d87\"},\"headline\":\"Novos profissionais integrados ao Projeto Asa participam de capacita\u00e7\u00e3o\",\"datePublished\":\"2022-05-03T16:40:22+00:00\",\"dateModified\":\"2026-04-11T00:33:55+00:00\",\"mainEntityOfPage\":{\"@id\":\"https:\/\/radiolifefm.com.br\/noticias\/novos-profissionais-integrados-ao-projeto-asa-participam-de-capacitacao\/\"},\"wordCount\":277,\"publisher\":{\"@id\":\"https:\/\/radiolifefm.com.br\/noticias\/#organization\"},\"image\":{\"@id\":\"https:\/\/radiolifefm.com.br\/noticias\/novos-profissionais-integrados-ao-projeto-asa-participam-de-capacitacao\/#primaryimage\"},\"thumbnailUrl\":\"https:\/\/radiolifefm.com.br\/noticias\/wp-content\/uploads\/2022\/05\/foto-2.jpeg\",\"articleSection\":[\"Adamantina\"],\"inLanguage\":\"pt-BR\"},{\"@type\":\"WebPage\",\"@id\":\"https:\/\/radiolifefm.com.br\/noticias\/novos-profissionais-integrados-ao-projeto-asa-participam-de-capacitacao\/\",\"url\":\"https:\/\/radiolifefm.com.br\/noticias\/novos-profissionais-integrados-ao-projeto-asa-participam-de-capacitacao\/\",\"name\":\"Novos profissionais integrados ao Projeto Asa participam de capacita\u00e7\u00e3o - R\u00e1dio Life FM\",\"isPartOf\":{\"@id\":\"https:\/\/radiolifefm.com.br\/noticias\/#website\"},\"primaryImageOfPage\":{\"@id\":\"https:\/\/radiolifefm.com.br\/noticias\/novos-profissionais-integrados-ao-projeto-asa-participam-de-capacitacao\/#primaryimage\"},\"image\":{\"@id\":\"https:\/\/radiolifefm.com.br\/noticias\/novos-profissionais-integrados-ao-projeto-asa-participam-de-capacitacao\/#primaryimage\"},\"thumbnailUrl\":\"https:\/\/radiolifefm.com.br\/noticias\/wp-content\/uploads\/2022\/05\/foto-2.jpeg\",\"datePublished\":\"2022-05-03T16:40:22+00:00\",\"dateModified\":\"2026-04-11T00:33:55+00:00\",\"breadcrumb\":{\"@id\":\"https:\/\/radiolifefm.com.br\/noticias\/novos-profissionais-integrados-ao-projeto-asa-participam-de-capacitacao\/#breadcrumb\"},\"inLanguage\":\"pt-BR\",\"potentialAction\":[{\"@type\":\"ReadAction\",\"target\":[\"https:\/\/radiolifefm.com.br\/noticias\/novos-profissionais-integrados-ao-projeto-asa-participam-de-capacitacao\/\"]}]},{\"@type\":\"ImageObject\",\"inLanguage\":\"pt-BR\",\"@id\":\"https:\/\/radiolifefm.com.br\/noticias\/novos-profissionais-integrados-ao-projeto-asa-participam-de-capacitacao\/#primaryimage\",\"url\":\"https:\/\/radiolifefm.com.br\/noticias\/wp-content\/uploads\/2022\/05\/foto-2.jpeg\",\"contentUrl\":\"https:\/\/radiolifefm.com.br\/noticias\/wp-content\/uploads\/2022\/05\/foto-2.jpeg\",\"width\":1600,\"height\":1200},{\"@type\":\"BreadcrumbList\",\"@id\":\"https:\/\/radiolifefm.com.br\/noticias\/novos-profissionais-integrados-ao-projeto-asa-participam-de-capacitacao\/#breadcrumb\",\"itemListElement\":[{\"@type\":\"ListItem\",\"position\":1,\"name\":\"In\u00edcio\",\"item\":\"https:\/\/radiolifefm.com.br\/noticias\/\"},{\"@type\":\"ListItem\",\"position\":2,\"name\":\"Novos profissionais integrados ao Projeto Asa participam de capacita\u00e7\u00e3o\"}]},{\"@type\":\"WebSite\",\"@id\":\"https:\/\/radiolifefm.com.br\/noticias\/#website\",\"url\":\"https:\/\/radiolifefm.com.br\/noticias\/\",\"name\":\"R\u00e1dio Life FM\",\"description\":\"O Portal de Not\u00edcias de Adamantina\",\"publisher\":{\"@id\":\"https:\/\/radiolifefm.com.br\/noticias\/#organization\"},\"alternateName\":\"Life FM\",\"potentialAction\":[{\"@type\":\"SearchAction\",\"target\":{\"@type\":\"EntryPoint\",\"urlTemplate\":\"https:\/\/radiolifefm.com.br\/noticias\/?s={search_term_string}\"},\"query-input\":{\"@type\":\"PropertyValueSpecification\",\"valueRequired\":true,\"valueName\":\"search_term_string\"}}],\"inLanguage\":\"pt-BR\"},{\"@type\":\"Organization\",\"@id\":\"https:\/\/radiolifefm.com.br\/noticias\/#organization\",\"name\":\"R\u00e1dio Life FM\",\"alternateName\":\"Life FM\",\"url\":\"https:\/\/radiolifefm.com.br\/noticias\/\",\"logo\":{\"@type\":\"ImageObject\",\"inLanguage\":\"pt-BR\",\"@id\":\"https:\/\/radiolifefm.com.br\/noticias\/#\/schema\/logo\/image\/\",\"url\":\"https:\/\/static.radiolifefm.com.br\/noticias\/wp-content\/uploads\/2019\/10\/logo-lifefm.png\",\"contentUrl\":\"https:\/\/static.radiolifefm.com.br\/noticias\/wp-content\/uploads\/2019\/10\/logo-lifefm.png\",\"width\":196,\"height\":47,\"caption\":\"R\u00e1dio Life FM\"},\"image\":{\"@id\":\"https:\/\/radiolifefm.com.br\/noticias\/#\/schema\/logo\/image\/\"},\"sameAs\":[\"https:\/\/www.facebook.com\/radiolifefm\/\",\"https:\/\/www.instagram.com\/life1079fm\/\"]},{\"@type\":\"Person\",\"@id\":\"https:\/\/radiolifefm.com.br\/noticias\/#\/schema\/person\/6339b9fac59d12b071dec680d7375d87\",\"name\":\"ritanery\",\"image\":{\"@type\":\"ImageObject\",\"inLanguage\":\"pt-BR\",\"@id\":\"https:\/\/secure.gravatar.com\/avatar\/0e37bb19071f47c0b8a23f62a903df117c5a0e75f65a0c2901562f97cd41cf86?s=96&d=mm&r=g\",\"url\":\"https:\/\/secure.gravatar.com\/avatar\/0e37bb19071f47c0b8a23f62a903df117c5a0e75f65a0c2901562f97cd41cf86?s=96&d=mm&r=g\",\"contentUrl\":\"https:\/\/secure.gravatar.com\/avatar\/0e37bb19071f47c0b8a23f62a903df117c5a0e75f65a0c2901562f97cd41cf86?s=96&d=mm&r=g\",\"caption\":\"ritanery\"}}]}<\/script>\n<!-- \/ Yoast SEO plugin. -->","yoast_head_json":{"title":"Novos profissionais integrados ao Projeto Asa participam de capacita\u00e7\u00e3o - R\u00e1dio Life FM","robots":{"index":"index","follow":"follow","max-snippet":"max-snippet:-1","max-image-preview":"max-image-preview:large","max-video-preview":"max-video-preview:-1"},"canonical":"https:\/\/radiolifefm.com.br\/noticias\/novos-profissionais-integrados-ao-projeto-asa-participam-de-capacitacao\/","og_locale":"pt_BR","og_type":"article","og_title":"Novos profissionais integrados ao Projeto Asa participam de capacita\u00e7\u00e3o - R\u00e1dio Life FM","og_description":"A Prefeitura de Adamantina, por meio da Secretaria de Assist\u00eancia Social e do Centro de Refer\u00eancia da Assist\u00eancia Social (CRAS), com o objetivo de levar conhecimento t\u00e9cnico, te\u00f3rico e pr\u00e1tico para os orientadores rec\u00e9m integrados ao Projeto Asa, que \u00e9 um servi\u00e7o de conviv\u00eancia e fortalecimento de v\u00ednculos, promoveu uma capacita\u00e7\u00e3o. A iniciativa visa possibilitar [&hellip;]","og_url":"https:\/\/radiolifefm.com.br\/noticias\/novos-profissionais-integrados-ao-projeto-asa-participam-de-capacitacao\/","og_site_name":"R\u00e1dio Life FM","article_publisher":"https:\/\/www.facebook.com\/radiolifefm\/","article_published_time":"2022-05-03T16:40:22+00:00","article_modified_time":"2026-04-11T00:33:55+00:00","og_image":[{"width":1600,"height":1200,"url":"https:\/\/radiolifefm.com.br\/noticias\/wp-content\/uploads\/2022\/05\/foto-2.jpeg","type":"image\/jpeg"}],"author":"ritanery","twitter_card":"summary_large_image","twitter_misc":{"Escrito por":"ritanery","Est. tempo de leitura":"1 minuto"},"schema":{"@context":"https:\/\/schema.org","@graph":[{"@type":"Article","@id":"https:\/\/radiolifefm.com.br\/noticias\/novos-profissionais-integrados-ao-projeto-asa-participam-de-capacitacao\/#article","isPartOf":{"@id":"https:\/\/radiolifefm.com.br\/noticias\/novos-profissionais-integrados-ao-projeto-asa-participam-de-capacitacao\/"},"author":{"name":"ritanery","@id":"https:\/\/radiolifefm.com.br\/noticias\/#\/schema\/person\/6339b9fac59d12b071dec680d7375d87"},"headline":"Novos profissionais integrados ao Projeto Asa participam de capacita\u00e7\u00e3o","datePublished":"2022-05-03T16:40:22+00:00","dateModified":"2026-04-11T00:33:55+00:00","mainEntityOfPage":{"@id":"https:\/\/radiolifefm.com.br\/noticias\/novos-profissionais-integrados-ao-projeto-asa-participam-de-capacitacao\/"},"wordCount":277,"publisher":{"@id":"https:\/\/radiolifefm.com.br\/noticias\/#organization"},"image":{"@id":"https:\/\/radiolifefm.com.br\/noticias\/novos-profissionais-integrados-ao-projeto-asa-participam-de-capacitacao\/#primaryimage"},"thumbnailUrl":"https:\/\/radiolifefm.com.br\/noticias\/wp-content\/uploads\/2022\/05\/foto-2.jpeg","articleSection":["Adamantina"],"inLanguage":"pt-BR"},{"@type":"WebPage","@id":"https:\/\/radiolifefm.com.br\/noticias\/novos-profissionais-integrados-ao-projeto-asa-participam-de-capacitacao\/","url":"https:\/\/radiolifefm.com.br\/noticias\/novos-profissionais-integrados-ao-projeto-asa-participam-de-capacitacao\/","name":"Novos profissionais integrados ao Projeto Asa participam de capacita\u00e7\u00e3o - R\u00e1dio Life FM","isPartOf":{"@id":"https:\/\/radiolifefm.com.br\/noticias\/#website"},"primaryImageOfPage":{"@id":"https:\/\/radiolifefm.com.br\/noticias\/novos-profissionais-integrados-ao-projeto-asa-participam-de-capacitacao\/#primaryimage"},"image":{"@id":"https:\/\/radiolifefm.com.br\/noticias\/novos-profissionais-integrados-ao-projeto-asa-participam-de-capacitacao\/#primaryimage"},"thumbnailUrl":"https:\/\/radiolifefm.com.br\/noticias\/wp-content\/uploads\/2022\/05\/foto-2.jpeg","datePublished":"2022-05-03T16:40:22+00:00","dateModified":"2026-04-11T00:33:55+00:00","breadcrumb":{"@id":"https:\/\/radiolifefm.com.br\/noticias\/novos-profissionais-integrados-ao-projeto-asa-participam-de-capacitacao\/#breadcrumb"},"inLanguage":"pt-BR","potentialAction":[{"@type":"ReadAction","target":["https:\/\/radiolifefm.com.br\/noticias\/novos-profissionais-integrados-ao-projeto-asa-participam-de-capacitacao\/"]}]},{"@type":"ImageObject","inLanguage":"pt-BR","@id":"https:\/\/radiolifefm.com.br\/noticias\/novos-profissionais-integrados-ao-projeto-asa-participam-de-capacitacao\/#primaryimage","url":"https:\/\/radiolifefm.com.br\/noticias\/wp-content\/uploads\/2022\/05\/foto-2.jpeg","contentUrl":"https:\/\/radiolifefm.com.br\/noticias\/wp-content\/uploads\/2022\/05\/foto-2.jpeg","width":1600,"height":1200},{"@type":"BreadcrumbList","@id":"https:\/\/radiolifefm.com.br\/noticias\/novos-profissionais-integrados-ao-projeto-asa-participam-de-capacitacao\/#breadcrumb","itemListElement":[{"@type":"ListItem","position":1,"name":"In\u00edcio","item":"https:\/\/radiolifefm.com.br\/noticias\/"},{"@type":"ListItem","position":2,"name":"Novos profissionais integrados ao Projeto Asa participam de capacita\u00e7\u00e3o"}]},{"@type":"WebSite","@id":"https:\/\/radiolifefm.com.br\/noticias\/#website","url":"https:\/\/radiolifefm.com.br\/noticias\/","name":"R\u00e1dio Life FM","description":"O Portal de Not\u00edcias de Adamantina","publisher":{"@id":"https:\/\/radiolifefm.com.br\/noticias\/#organization"},"alternateName":"Life FM","potentialAction":[{"@type":"SearchAction","target":{"@type":"EntryPoint","urlTemplate":"https:\/\/radiolifefm.com.br\/noticias\/?s={search_term_string}"},"query-input":{"@type":"PropertyValueSpecification","valueRequired":true,"valueName":"search_term_string"}}],"inLanguage":"pt-BR"},{"@type":"Organization","@id":"https:\/\/radiolifefm.com.br\/noticias\/#organization","name":"R\u00e1dio Life FM","alternateName":"Life FM","url":"https:\/\/radiolifefm.com.br\/noticias\/","logo":{"@type":"ImageObject","inLanguage":"pt-BR","@id":"https:\/\/radiolifefm.com.br\/noticias\/#\/schema\/logo\/image\/","url":"https:\/\/static.radiolifefm.com.br\/noticias\/wp-content\/uploads\/2019\/10\/logo-lifefm.png","contentUrl":"https:\/\/static.radiolifefm.com.br\/noticias\/wp-content\/uploads\/2019\/10\/logo-lifefm.png","width":196,"height":47,"caption":"R\u00e1dio Life FM"},"image":{"@id":"https:\/\/radiolifefm.com.br\/noticias\/#\/schema\/logo\/image\/"},"sameAs":["https:\/\/www.facebook.com\/radiolifefm\/","https:\/\/www.instagram.com\/life1079fm\/"]},{"@type":"Person","@id":"https:\/\/radiolifefm.com.br\/noticias\/#\/schema\/person\/6339b9fac59d12b071dec680d7375d87","name":"ritanery","image":{"@type":"ImageObject","inLanguage":"pt-BR","@id":"https:\/\/secure.gravatar.com\/avatar\/0e37bb19071f47c0b8a23f62a903df117c5a0e75f65a0c2901562f97cd41cf86?s=96&d=mm&r=g","url":"https:\/\/secure.gravatar.com\/avatar\/0e37bb19071f47c0b8a23f62a903df117c5a0e75f65a0c2901562f97cd41cf86?s=96&d=mm&r=g","contentUrl":"https:\/\/secure.gravatar.com\/avatar\/0e37bb19071f47c0b8a23f62a903df117c5a0e75f65a0c2901562f97cd41cf86?s=96&d=mm&r=g","caption":"ritanery"}}]}},"amp_enabled":true,"_links":{"self":[{"href":"https:\/\/radiolifefm.com.br\/noticias\/wp-json\/wp\/v2\/posts\/52928","targetHints":{"allow":["GET"]}}],"collection":[{"href":"https:\/\/radiolifefm.com.br\/noticias\/wp-json\/wp\/v2\/posts"}],"about":[{"href":"https:\/\/radiolifefm.com.br\/noticias\/wp-json\/wp\/v2\/types\/post"}],"author":[{"embeddable":true,"href":"https:\/\/radiolifefm.com.br\/noticias\/wp-json\/wp\/v2\/users\/13"}],"replies":[{"embeddable":true,"href":"https:\/\/radiolifefm.com.br\/noticias\/wp-json\/wp\/v2\/comments?post=52928"}],"version-history":[{"count":4,"href":"https:\/\/radiolifefm.com.br\/noticias\/wp-json\/wp\/v2\/posts\/52928\/revisions"}],"predecessor-version":[{"id":52933,"href":"https:\/\/radiolifefm.com.br\/noticias\/wp-json\/wp\/v2\/posts\/52928\/revisions\/52933"}],"wp:featuredmedia":[{"embeddable":true,"href":"https:\/\/radiolifefm.com.br\/noticias\/wp-json\/wp\/v2\/media\/52929"}],"wp:attachment":[{"href":"https:\/\/radiolifefm.com.br\/noticias\/wp-json\/wp\/v2\/media?parent=52928"}],"wp:term":[{"taxonomy":"category","embeddable":true,"href":"https:\/\/radiolifefm.com.br\/noticias\/wp-json\/wp\/v2\/categories?post=52928"},{"taxonomy":"post_tag","embeddable":true,"href":"https:\/\/radiolifefm.com.br\/noticias\/wp-json\/wp\/v2\/tags?post=52928"}],"curies":[{"name":"wp","href":"https:\/\/api.w.org\/{rel}","templated":true}]}}