{"id":52901,"date":"2022-05-02T17:30:52","date_gmt":"2022-05-02T20:30:52","guid":{"rendered":"https:\/\/radiolifefm.com.br\/noticias\/?p=52901"},"modified":"2026-04-02T03:53:23","modified_gmt":"2026-04-02T06:53:23","slug":"prefeitura-de-adamantina-divulga-programacao-em-comemoracao-aos-73-do-municipio","status":"publish","type":"post","link":"https:\/\/radiolifefm.com.br\/noticias\/prefeitura-de-adamantina-divulga-programacao-em-comemoracao-aos-73-do-municipio\/","title":{"rendered":"Prefeitura de Adamantina divulga programa\u00e7\u00e3o em comemora\u00e7\u00e3o aos 73 do munic\u00edpio"},"content":{"rendered":"<div id=\"fb-root\"><\/div>\n<p style=\"font-weight: 400\">Em coletiva de imprensa realizada na tarde de hoje (2), a Prefeitura de Adamantina apresentou a programa\u00e7\u00e3o que tem como objetivo comemorar os 73 anos do munic\u00edpio. A programa\u00e7\u00e3o ser\u00e1 realizada durante todo o m\u00eas de maio e o m\u00eas de junho.<\/p>\n<p style=\"font-weight: 400\">As comemora\u00e7\u00f5es tiveram in\u00edcio ontem (1), com a realiza\u00e7\u00e3o da 59\u00aa Edi\u00e7\u00e3o do Torneio da Liberdade &#8211; Dia do Trabalhador, no Est\u00e1dio Municipal Ant\u00f4nio Goulart Marmo, realizado pela Secretaria de Esportes, Lazer e Recrea\u00e7\u00e3o (SELAR). 22 classes trabalhistas divididas em 10 times disputaram o t\u00edtulo.<\/p>\n<p style=\"font-weight: 400\">\u201cO nosso objetivo com essa programa\u00e7\u00e3o dividida entre maio e junho \u00e9 levar a popula\u00e7\u00e3o cultura, entretenimento e divers\u00e3o em um per\u00edodo t\u00e3o importante como o de anivers\u00e1rio do munic\u00edpio\u201d, afirma o prefeito M\u00e1rcio Cardim.<\/p>\n<p style=\"font-weight: 400\">Ap\u00f3s a fala inicial do prefeito, o secret\u00e1rio de Cultura e Turismo, S\u00e9rgio Vanderlei, anunciou toda a programa\u00e7\u00e3o. \u201cCom o fim das restri\u00e7\u00f5es, temos tido a chance de fazer in\u00fameros eventos e isso ser\u00e1 visto durante o per\u00edodo comemorativo de anivers\u00e1rio da cidade\u201d, assegura.<\/p>\n<p style=\"font-weight: 400\">Entre as atividades est\u00e3o: torneios, jogos, a\u00e7\u00f5es das secretarias, apresenta\u00e7\u00f5es musicais, entre outros. A programa\u00e7\u00e3o traz como destaque o lan\u00e7amento do Projeto de Turismo 2022 no dia 16 de maio \u00e0s 19h30 no Anfiteatro Fernando Paloni.<\/p>\n<p style=\"font-weight: 400\">O objetivo \u00e9 fazer a divulga\u00e7\u00e3o das empresas que atuam no munic\u00edpio despertando o interesse de visitantes. A divulga\u00e7\u00e3o da empresa no aplicativo \u00e9 gratuita. Al\u00e9m disso, ser\u00e1 veiculado um v\u00eddeo apresentando o turismo de Adamantina.<\/p>\n<p style=\"font-weight: 400\"><strong>Confira abaixo toda a programa\u00e7\u00e3o para a comemora\u00e7\u00e3o dos 73 anos de Adamantina<\/strong><\/p>\n<p style=\"font-weight: 400\"><strong>\u00a0<\/strong><\/p>\n<p style=\"font-weight: 400\"><strong>MAIO<\/strong><\/p>\n<p style=\"font-weight: 400\">\n<ul>\n<li style=\"font-weight: 400\">DIA 01\/05 &#8211; domingo \u2013 8h30 -*<strong>TORNEIO LIBERDADE DIA DO TRABALHADOR<\/strong>*-Est\u00e1dio Municipal Ant\u00f4nio Goulart Marmo<\/li>\n<\/ul>\n<p style=\"font-weight: 400\">\n<ul>\n<li style=\"font-weight: 400\">DIA 02\/05 &#8211; segunda-feira \u2013 18 horas &#8211; *<strong>JOGO DO REI FALC\u00c3O FUTSAL<\/strong>*Gin\u00e1sio de Esportes Paulo Camargo<\/li>\n<\/ul>\n<p style=\"font-weight: 400\">\n<ul>\n<li style=\"font-weight: 400\">DE 02 a 06\/05 &#8211; de segunda a sexta-feira \u2013 19h30 &#8211;\u00a0<strong>*JUNIFAI \u2013 JOGOS UNIVERSIT\u00c1RIOS-DIVERSAS MODALIDADES*<\/strong>&#8211; campus III da UNIFAI e Gin\u00e1sio de Esportes Paulo Camargo<\/li>\n<\/ul>\n<p style=\"font-weight: 400\">\n<ul>\n<li style=\"font-weight: 400\">DE 02 a 04\/05 \u2013 de segunda a quarta-feira &#8211; 09 horas &#8211;<strong>*JEESP \u2013 JOGOS ESCOLARES DO ESTADO DE S\u00c3O PAULO* &#8211;\u00a0<\/strong>Centro Esportivo Carlos Santana Bueno<\/li>\n<\/ul>\n<p style=\"font-weight: 400\">\n<ul>\n<li style=\"font-weight: 400\">DIAS 02 e 05\/05 -segunda e quinta-feira &#8211;\u00a0<strong>*COMPETI\u00c7\u00c3O DE XADREZ MASCULINO E T\u00caNIS DE MESA* &#8211;<\/strong>Centro de Forma\u00e7\u00e3o Esportiva<\/li>\n<\/ul>\n<p style=\"font-weight: 400\">\n<ul>\n<li style=\"font-weight: 400\">DIA 04\/05 \u2013 quarta-feira &#8211; 19h30 &#8211;\u00a0<strong>*FINAL DOS JOGOS ABERTOS DA JUVENTUDE &#8211; FUTEBOL DE CAMPO SUB 19*<\/strong>&#8211; Est\u00e1dio Municipal Ant\u00f4nio Goulart Marmo<\/li>\n<\/ul>\n<p style=\"font-weight: 400\">\n<ul>\n<li style=\"font-weight: 400\">DIA 05\/05 &#8211; quinta-feira &#8211;<strong>*JOGOS ABERTOS DA JUVENTUDE*<\/strong>&#8211; Centro de Forma\u00e7\u00e3o Esportiva<\/li>\n<\/ul>\n<p style=\"font-weight: 400\">\n<ul>\n<li style=\"font-weight: 400\">DE 05 a 07\/05 \u2013 quinta-feira \u00e0 s\u00e1bado \u2013 9 horas &#8211;\u00a0<strong>*FEIRA DE ARTESANATO DA ASSOCIA\u00c7\u00c3O OMIN*<\/strong>&#8211; Pra\u00e7a \u00c9lio Micheloni<\/li>\n<\/ul>\n<p style=\"font-weight: 400\">\n<ul>\n<li style=\"font-weight: 400\">DIA 07\/05 \u2013 s\u00e1bado \u2013 das 10 \u00e0s 13 horas &#8211;\u00a0<strong>*APRESENTA\u00c7\u00c3O JAZZ COMBO LOS KANDANGOS*<\/strong>&#8211; itinerante pelo centro comercial<\/li>\n<\/ul>\n<p style=\"font-weight: 400\">\n<ul>\n<li style=\"font-weight: 400\">DIA 07\/05 \u2013 s\u00e1bado &#8211; 14 horas &#8211;\u00a0<strong>*LIGA DE VOLEIBOL ADAMANTINA X PRESIDENTE EPIT\u00c1CIO VOLEIBOL MIRIM FEMININO, INFANTIL MASCULINO E FEMININO*<\/strong>&#8211; Centro Esportivo Carlos Santana Bueno<\/li>\n<\/ul>\n<p style=\"font-weight: 400\">\n<ul>\n<li style=\"font-weight: 400\">DIA 07\/05 \u2013 s\u00e1bado \u2013 16 horas \u2013\u00a0<strong>*CAMPANHA JUNTOS SALVAMOS VIDAS &#8211; 1\u00b0 DIA DE TREINAMENTO RCP (Reanima\u00e7\u00e3o Cardiopulmonar) EM MASSA*<\/strong>\u2013 Parque dos Pioneiros<\/li>\n<\/ul>\n<p style=\"font-weight: 400\">\n<ul>\n<li style=\"font-weight: 400\">DIA 08\/05 \u2013 domingo \u2013 18h30 \u2013\u00a0<strong>*O P\u00d4R DO SOM \u2013 ORQUESTRA DE VIOLA CAIPIRA e participa\u00e7\u00e3o de CARLINHOS &amp; DAMI\u00c3O*<\/strong>\u2013 Parque dos Pioneiros<\/li>\n<\/ul>\n<p style=\"font-weight: 400\">\n<ul>\n<li style=\"font-weight: 400\">DE 09 a 11\/05 &#8211; de segunda a quarta-feira &#8211; 8 horas &#8211;\u00a0<strong>*FASE REGIONAL DO JEEESP\u2013JOGOS ESCOLARES DO ESTADO DE S\u00c3O PAULO*<\/strong>&#8211; Gin\u00e1sio de Esportes Paulo Camargo e Quadra Anexa Fl\u00e1vio dos Santos Oliveira<\/li>\n<\/ul>\n<p style=\"font-weight: 400\">\n<ul>\n<li style=\"font-weight: 400\">DIA 13\/05 \u2013 sexta-feira \u2013 9 horas \u2013\u00a0<strong>*HASTEAMENTO DO PAVILH\u00c3O NACIONAL PELO TIRO DE GUERRA \u2013 ABERTURA OFICIAL DAS COMEMORA\u00c7\u00d5ES DOS 73 ANOS DE ADAMANTINA*<\/strong>\u2013 Pra\u00e7a \u00c9lio Micheloni<\/li>\n<\/ul>\n<p style=\"font-weight: 400\">\n<ul>\n<li style=\"font-weight: 400\">DIA 14\/05 \u2013 s\u00e1bado \u20138 horas-\u00a0<strong>*CAMPEONATO REGIONAL CATEGORIAS MENORES DE FUTEBOL ADAMANTINA X AITEC DE TUPA*<\/strong>-Est\u00e1dio Municipal Ant\u00f4nio Goulart Marmo<\/li>\n<\/ul>\n<p style=\"font-weight: 400\">\n<ul>\n<li style=\"font-weight: 400\">DIA 14\/05 \u2013 s\u00e1bado \u2013 19 horas &#8211;\u00a0<strong>*QUERMESSE DA PADROEIRA*<\/strong>&#8211; Par\u00f3quia Nossa Senhora de F\u00e1tima<\/li>\n<\/ul>\n<p style=\"font-weight: 400\">\n<ul>\n<li style=\"font-weight: 400\">DIA 15\/05 \u2013 domingo &#8211; 9h30-\u00a0<strong>*FINAL DO CAMPEONATO AMADOR VARZEANO*<\/strong>-Est\u00e1dio Municipal Ant\u00f4nio Goulart Marmo<\/li>\n<\/ul>\n<p style=\"font-weight: 400\">\n<ul>\n<li style=\"font-weight: 400\">DIA 16\/05 \u2013 segunda-feira \u2013 19h30 &#8211; *<strong>LAN\u00c7AMENTO DO PROJETO TURISMO 2022*<\/strong>\u2013 Biblioteca P\u00fablica Jurema Citeli<\/li>\n<\/ul>\n<p style=\"font-weight: 400\">\n<ul>\n<li style=\"font-weight: 400\">DIA 18\/05 \u2013 quarta-feira \u2013\u00a0<strong><u>MAIO LARANJA:<\/u>CAMPANHA DE COMBATE AO ABUSO E EXPLORA\u00c7\u00c3O SEXUAL DE CRIAN\u00c7AS E ADOLESCENTES<\/strong><\/li>\n<\/ul>\n<p style=\"font-weight: 400\">\n<ul>\n<li style=\"font-weight: 400\">DIA 21\/05 \u2013 s\u00e1bado \u2013 8 horas &#8211;\u00a0<strong>*CAMPEONATO REGIONAL CATEGORIAS MENORES DE FUTEBOL ADAMANTINA X ALTO SUMAR\u00c9 DE TUPA*<\/strong>-Est\u00e1dio Municipal Ant\u00f4nio Goulart Marmo<\/li>\n<\/ul>\n<p style=\"font-weight: 400\">\n<ul>\n<li style=\"font-weight: 400\">DIA 25\/05 \u2013 quarta-feira\u00a0<strong>-*DIA DO DESAFIO SESC-DIA MUNDIAL DA ATIVIDADE F\u00cdSICA* &#8211;\u00a0<\/strong>v\u00e1rios locais<\/li>\n<\/ul>\n<p style=\"font-weight: 400\">\n<ul>\n<li style=\"font-weight: 400\">DIAS 25 e 26\/05 \u2013 quarta e quinta-feira \u2013 das 9 \u00e0s 17 horas &#8211;\u00a0<strong>*SEBRAE M\u00d3VEL*<\/strong>&#8211; em frente \u00e0 Biblioteca P\u00fablica Jurema Citeli<\/li>\n<\/ul>\n<p style=\"font-weight: 400\">\n<ul>\n<li style=\"font-weight: 400\">DIA 28\/05 \u2013 s\u00e1bado \u2013 das 9 \u00e0s 12 horas &#8211;\u00a0<strong>*MEU BAIRRO EM A\u00c7\u00c3O*<\/strong>&#8211; Parque do Sol<\/li>\n<\/ul>\n<p style=\"font-weight: 400\">\n<ul>\n<li style=\"font-weight: 400\">DIA 29\/05 \u2013 domingo &#8211; 8 horas &#8211;<strong>*FINAL DA COPA MASTER 40 ANOS*<\/strong>-Est\u00e1dio Municipal Ant\u00f4nio Goulart Marmo<\/li>\n<\/ul>\n<p style=\"font-weight: 400\">\n<p style=\"font-weight: 400\"><strong>JUNHO<\/strong><\/p>\n<p style=\"font-weight: 400\">\n<ul>\n<li style=\"font-weight: 400\">DIA 05\/06 \u2013 domingo &#8211; 18h30 &#8211;\u00a0<strong>*O P\u00d4R DO SOM \u2013 SAMBA BEATS TRIO*<\/strong>&#8211; Parque dos Pioneiros<\/li>\n<\/ul>\n<p style=\"font-weight: 400\">\n<ul>\n<li style=\"font-weight: 400\">DIA 05\/06 \u2013 domingo \u2013 das 9 \u00e0s 11 horas &#8211;\u00a0<strong>*FEIRA LIVRE*<\/strong>&#8211; Esta\u00e7\u00e3o Recreio<\/li>\n<\/ul>\n<p style=\"font-weight: 400\">\n<ul>\n<li style=\"font-weight: 400\">DIA 12\/06 \u2013 domingo \u2013\u00a0<strong>DIA MUNDIAL DE CONSCIENTIZA\u00c7\u00c3O CONTRA O TRABALHO INFANTIL<\/strong><\/li>\n<\/ul>\n<p style=\"font-weight: 400\">\n<p style=\"font-weight: 400\">\n<ul>\n<li style=\"font-weight: 400\">DIA 12\/06 \u2013 domingo \u2013 16 horas \u2013 *<strong>FESTIVAL DE BANDAS MARCIAIS EM COMEMORA\u00c7\u00c3O AOS 30 ANOS DA BAMAD*<\/strong>\u2013 Parque dos Pioneiros<\/li>\n<\/ul>\n<p style=\"font-weight: 400\">\n<ul>\n<li style=\"font-weight: 400\">DIA 12\/06 \u2013 domingo \u2013 18h30 \u2013 *<strong>O P\u00d4R DO SOM &#8211; ORQUESTRA J\u00daLIO DE CASTRO DE TUP\u00c3*<\/strong>\u2013 Parque dos Pioneiros<\/li>\n<\/ul>\n<p style=\"font-weight: 400\">\n<ul>\n<li style=\"font-weight: 400\">DIA 13\/06 \u2013\u00a0<strong>MISSA EM A\u00c7\u00c3O DE GRA\u00c7AS PELOS 73 ANOS DO MUNIC\u00cdPIO \u2013\u00a0<\/strong>Par\u00f3quia Santo Ant\u00f4nio<\/li>\n<\/ul>\n<p style=\"font-weight: 400\">\n<ul>\n<li style=\"font-weight: 400\">DIA 15\/06 \u2013\u00a0<strong>CAMPANHA DE CONSCIENTIZA\u00c7\u00c3O CONTRA A VIOL\u00caNCIA A PESSOA IDOSA<\/strong><\/li>\n<\/ul>\n<p style=\"font-weight: 400\">\n<ul>\n<li style=\"font-weight: 400\">DIA 19\/06 \u2013 domingo \u2013 8h30 &#8211;\u00a0<strong>*AMISTOSO FUTEBOL EQUIPE VETERANOS PREFEITURA X VETERANOS ADPM*<\/strong>&#8211; Associa\u00e7\u00e3o Desportiva da Pol\u00edcia Militar<\/li>\n<\/ul>\n<p style=\"font-weight: 400\">\n<ul>\n<li style=\"font-weight: 400\">DIA 19\/06 \u2013 domingo \u2013 18h30 &#8211;\u00a0<strong>*O P\u00d4R DO SOM *<\/strong>&#8211; Parque dos Pioneiros<\/li>\n<\/ul>\n<p style=\"font-weight: 400\">\n<ul>\n<li style=\"font-weight: 400\">DIA 24\/06 \u2013 sexta-feira \u2013\u00a0<strong>DIA MUNDIAL DO COMBATE \u00c0S DROGAS<\/strong><\/li>\n<\/ul>\n<p style=\"font-weight: 400\">\n<ul>\n<li style=\"font-weight: 400\">DIA 25\/06 \u2013 s\u00e1bado \u2013 9 horas &#8211;\u00a0<strong>*MEU BAIRRO EM A\u00c7\u00c3O*<\/strong>&#8211; Jardim Adamantina<\/li>\n<\/ul>\n<p style=\"font-weight: 400\">\n<ul>\n<li style=\"font-weight: 400\">DIA 25\/06 \u2013 s\u00e1bado \u2013 19 horas &#8211;\u00a0<strong>*FESTA JUNINA CAPELA S\u00c3O JO\u00c3O BATISTA*<\/strong>&#8211; Jardim Bela Vista<\/li>\n<\/ul>\n<p style=\"font-weight: 400\">\n<ul>\n<li style=\"font-weight: 400\">DIA 25\/06 \u2013 s\u00e1bado \u2013 20 horas &#8211;\u00a0<strong>*O ILUSIONISTA E A PIANISTA \u2013 Show SESC, com Jay Bergamini*<\/strong>&#8211; Anfiteatro Fernando Paloni<\/li>\n<\/ul>\n<p style=\"font-weight: 400\">\n<ul>\n<li style=\"font-weight: 400\">DIA 26\/06 \u2013 domingo \u2013 18h30 &#8211;\u00a0<strong>*O P\u00d4R DO SOM*<\/strong>&#8211; Parque dos Pioneiros<\/li>\n<\/ul>\n<p style=\"font-weight: 400\">\n<ul>\n<li style=\"font-weight: 400\">DIA 29\/06 \u2013 quarta-feira \u2013 9h30 \u2013\u00a0<strong>*ARRAI\u00c1 DA CULTURA \u2013 DIA DE S\u00c3O PEDRO*<\/strong>&#8211; Biblioteca P\u00fablica Jurema de Citeli<\/li>\n<\/ul>\n<p style=\"font-weight: 400\">\n<ul>\n<li style=\"font-weight: 400\">DIA 30\/06 \u2013 quinta-feira \u2013 19h30 &#8211;\u00a0<strong>*COMEMORA\u00c7\u00c3O DOS 30 ANOS DA DDM*<\/strong>&#8211; Delegacia de Pol\u00edcia de Defesa da Mulher<\/li>\n<\/ul>\n<p style=\"font-weight: 400\">\n<ul>\n<li style=\"font-weight: 400\"><strong>CAMPANHA DO AGASALHO<\/strong><\/li>\n<\/ul>\n<p style=\"font-weight: 400\"><strong>\u00a0<\/strong><\/p>\n<p style=\"font-weight: 400\"><strong>*Eventos sujeitos a altera\u00e7\u00e3o<\/strong><\/p>\n<p>&nbsp;<\/p>\n<p>Fonte: Assessoria de Imprensa<\/p>\n","protected":false},"excerpt":{"rendered":"<p>Em coletiva de imprensa realizada na tarde de hoje (2), a Prefeitura de Adamantina apresentou a programa\u00e7\u00e3o que tem como objetivo comemorar os 73 anos do munic\u00edpio. A programa\u00e7\u00e3o ser\u00e1 realizada durante todo o m\u00eas de maio e o m\u00eas de junho. As comemora\u00e7\u00f5es tiveram in\u00edcio ontem (1), com a realiza\u00e7\u00e3o da 59\u00aa Edi\u00e7\u00e3o do [&hellip;]<\/p>\n","protected":false},"author":13,"featured_media":52902,"comment_status":"closed","ping_status":"open","sticky":false,"template":"","format":"standard","meta":{"_acf_changed":false,"_exactmetrics_skip_tracking":false,"_exactmetrics_sitenote_active":false,"_exactmetrics_sitenote_note":"","_exactmetrics_sitenote_category":0,"footnotes":""},"categories":[21],"tags":[],"class_list":["post-52901","post","type-post","status-publish","format-standard","has-post-thumbnail","hentry","category-adamantina"],"acf":[],"yoast_head":"<!-- This site is optimized with the Yoast SEO plugin v27.2 - https:\/\/yoast.com\/product\/yoast-seo-wordpress\/ -->\n<title>Prefeitura de Adamantina divulga programa\u00e7\u00e3o em comemora\u00e7\u00e3o aos 73 do munic\u00edpio - R\u00e1dio Life FM<\/title>\n<meta name=\"robots\" content=\"index, follow, max-snippet:-1, max-image-preview:large, max-video-preview:-1\" \/>\n<link rel=\"canonical\" href=\"https:\/\/radiolifefm.com.br\/noticias\/prefeitura-de-adamantina-divulga-programacao-em-comemoracao-aos-73-do-municipio\/\" \/>\n<meta property=\"og:locale\" content=\"pt_BR\" \/>\n<meta property=\"og:type\" content=\"article\" \/>\n<meta property=\"og:title\" content=\"Prefeitura de Adamantina divulga programa\u00e7\u00e3o em comemora\u00e7\u00e3o aos 73 do munic\u00edpio - R\u00e1dio Life FM\" \/>\n<meta property=\"og:description\" content=\"Em coletiva de imprensa realizada na tarde de hoje (2), a Prefeitura de Adamantina apresentou a programa\u00e7\u00e3o que tem como objetivo comemorar os 73 anos do munic\u00edpio. A programa\u00e7\u00e3o ser\u00e1 realizada durante todo o m\u00eas de maio e o m\u00eas de junho. As comemora\u00e7\u00f5es tiveram in\u00edcio ontem (1), com a realiza\u00e7\u00e3o da 59\u00aa Edi\u00e7\u00e3o do [&hellip;]\" \/>\n<meta property=\"og:url\" content=\"https:\/\/radiolifefm.com.br\/noticias\/prefeitura-de-adamantina-divulga-programacao-em-comemoracao-aos-73-do-municipio\/\" \/>\n<meta property=\"og:site_name\" content=\"R\u00e1dio Life FM\" \/>\n<meta property=\"article:publisher\" content=\"https:\/\/www.facebook.com\/radiolifefm\/\" \/>\n<meta property=\"article:published_time\" content=\"2022-05-02T20:30:52+00:00\" \/>\n<meta property=\"article:modified_time\" content=\"2026-04-02T06:53:23+00:00\" \/>\n<meta property=\"og:image\" content=\"https:\/\/radiolifefm.com.br\/noticias\/wp-content\/uploads\/2022\/05\/1-3.jpg\" \/>\n\t<meta property=\"og:image:width\" content=\"1920\" \/>\n\t<meta property=\"og:image:height\" content=\"1080\" \/>\n\t<meta property=\"og:image:type\" content=\"image\/jpeg\" \/>\n<meta name=\"author\" content=\"ritanery\" \/>\n<meta name=\"twitter:card\" content=\"summary_large_image\" \/>\n<meta name=\"twitter:label1\" content=\"Escrito por\" \/>\n\t<meta name=\"twitter:data1\" content=\"ritanery\" \/>\n\t<meta name=\"twitter:label2\" content=\"Est. tempo de leitura\" \/>\n\t<meta name=\"twitter:data2\" content=\"5 minutos\" \/>\n<script type=\"application\/ld+json\" class=\"yoast-schema-graph\">{\"@context\":\"https:\/\/schema.org\",\"@graph\":[{\"@type\":\"Article\",\"@id\":\"https:\/\/radiolifefm.com.br\/noticias\/prefeitura-de-adamantina-divulga-programacao-em-comemoracao-aos-73-do-municipio\/#article\",\"isPartOf\":{\"@id\":\"https:\/\/radiolifefm.com.br\/noticias\/prefeitura-de-adamantina-divulga-programacao-em-comemoracao-aos-73-do-municipio\/\"},\"author\":{\"name\":\"ritanery\",\"@id\":\"https:\/\/radiolifefm.com.br\/noticias\/#\/schema\/person\/6339b9fac59d12b071dec680d7375d87\"},\"headline\":\"Prefeitura de Adamantina divulga programa\u00e7\u00e3o em comemora\u00e7\u00e3o aos 73 do munic\u00edpio\",\"datePublished\":\"2022-05-02T20:30:52+00:00\",\"dateModified\":\"2026-04-02T06:53:23+00:00\",\"mainEntityOfPage\":{\"@id\":\"https:\/\/radiolifefm.com.br\/noticias\/prefeitura-de-adamantina-divulga-programacao-em-comemoracao-aos-73-do-municipio\/\"},\"wordCount\":1047,\"publisher\":{\"@id\":\"https:\/\/radiolifefm.com.br\/noticias\/#organization\"},\"image\":{\"@id\":\"https:\/\/radiolifefm.com.br\/noticias\/prefeitura-de-adamantina-divulga-programacao-em-comemoracao-aos-73-do-municipio\/#primaryimage\"},\"thumbnailUrl\":\"https:\/\/radiolifefm.com.br\/noticias\/wp-content\/uploads\/2022\/05\/1-3.jpg\",\"articleSection\":[\"Adamantina\"],\"inLanguage\":\"pt-BR\"},{\"@type\":\"WebPage\",\"@id\":\"https:\/\/radiolifefm.com.br\/noticias\/prefeitura-de-adamantina-divulga-programacao-em-comemoracao-aos-73-do-municipio\/\",\"url\":\"https:\/\/radiolifefm.com.br\/noticias\/prefeitura-de-adamantina-divulga-programacao-em-comemoracao-aos-73-do-municipio\/\",\"name\":\"Prefeitura de Adamantina divulga programa\u00e7\u00e3o em comemora\u00e7\u00e3o aos 73 do munic\u00edpio - R\u00e1dio Life FM\",\"isPartOf\":{\"@id\":\"https:\/\/radiolifefm.com.br\/noticias\/#website\"},\"primaryImageOfPage\":{\"@id\":\"https:\/\/radiolifefm.com.br\/noticias\/prefeitura-de-adamantina-divulga-programacao-em-comemoracao-aos-73-do-municipio\/#primaryimage\"},\"image\":{\"@id\":\"https:\/\/radiolifefm.com.br\/noticias\/prefeitura-de-adamantina-divulga-programacao-em-comemoracao-aos-73-do-municipio\/#primaryimage\"},\"thumbnailUrl\":\"https:\/\/radiolifefm.com.br\/noticias\/wp-content\/uploads\/2022\/05\/1-3.jpg\",\"datePublished\":\"2022-05-02T20:30:52+00:00\",\"dateModified\":\"2026-04-02T06:53:23+00:00\",\"breadcrumb\":{\"@id\":\"https:\/\/radiolifefm.com.br\/noticias\/prefeitura-de-adamantina-divulga-programacao-em-comemoracao-aos-73-do-municipio\/#breadcrumb\"},\"inLanguage\":\"pt-BR\",\"potentialAction\":[{\"@type\":\"ReadAction\",\"target\":[\"https:\/\/radiolifefm.com.br\/noticias\/prefeitura-de-adamantina-divulga-programacao-em-comemoracao-aos-73-do-municipio\/\"]}]},{\"@type\":\"ImageObject\",\"inLanguage\":\"pt-BR\",\"@id\":\"https:\/\/radiolifefm.com.br\/noticias\/prefeitura-de-adamantina-divulga-programacao-em-comemoracao-aos-73-do-municipio\/#primaryimage\",\"url\":\"https:\/\/radiolifefm.com.br\/noticias\/wp-content\/uploads\/2022\/05\/1-3.jpg\",\"contentUrl\":\"https:\/\/radiolifefm.com.br\/noticias\/wp-content\/uploads\/2022\/05\/1-3.jpg\",\"width\":1920,\"height\":1080},{\"@type\":\"BreadcrumbList\",\"@id\":\"https:\/\/radiolifefm.com.br\/noticias\/prefeitura-de-adamantina-divulga-programacao-em-comemoracao-aos-73-do-municipio\/#breadcrumb\",\"itemListElement\":[{\"@type\":\"ListItem\",\"position\":1,\"name\":\"In\u00edcio\",\"item\":\"https:\/\/radiolifefm.com.br\/noticias\/\"},{\"@type\":\"ListItem\",\"position\":2,\"name\":\"Prefeitura de Adamantina divulga programa\u00e7\u00e3o em comemora\u00e7\u00e3o aos 73 do munic\u00edpio\"}]},{\"@type\":\"WebSite\",\"@id\":\"https:\/\/radiolifefm.com.br\/noticias\/#website\",\"url\":\"https:\/\/radiolifefm.com.br\/noticias\/\",\"name\":\"R\u00e1dio Life FM\",\"description\":\"O Portal de Not\u00edcias de Adamantina\",\"publisher\":{\"@id\":\"https:\/\/radiolifefm.com.br\/noticias\/#organization\"},\"alternateName\":\"Life FM\",\"potentialAction\":[{\"@type\":\"SearchAction\",\"target\":{\"@type\":\"EntryPoint\",\"urlTemplate\":\"https:\/\/radiolifefm.com.br\/noticias\/?s={search_term_string}\"},\"query-input\":{\"@type\":\"PropertyValueSpecification\",\"valueRequired\":true,\"valueName\":\"search_term_string\"}}],\"inLanguage\":\"pt-BR\"},{\"@type\":\"Organization\",\"@id\":\"https:\/\/radiolifefm.com.br\/noticias\/#organization\",\"name\":\"R\u00e1dio Life FM\",\"alternateName\":\"Life FM\",\"url\":\"https:\/\/radiolifefm.com.br\/noticias\/\",\"logo\":{\"@type\":\"ImageObject\",\"inLanguage\":\"pt-BR\",\"@id\":\"https:\/\/radiolifefm.com.br\/noticias\/#\/schema\/logo\/image\/\",\"url\":\"https:\/\/static.radiolifefm.com.br\/noticias\/wp-content\/uploads\/2019\/10\/logo-lifefm.png\",\"contentUrl\":\"https:\/\/static.radiolifefm.com.br\/noticias\/wp-content\/uploads\/2019\/10\/logo-lifefm.png\",\"width\":196,\"height\":47,\"caption\":\"R\u00e1dio Life FM\"},\"image\":{\"@id\":\"https:\/\/radiolifefm.com.br\/noticias\/#\/schema\/logo\/image\/\"},\"sameAs\":[\"https:\/\/www.facebook.com\/radiolifefm\/\",\"https:\/\/www.instagram.com\/life1079fm\/\"]},{\"@type\":\"Person\",\"@id\":\"https:\/\/radiolifefm.com.br\/noticias\/#\/schema\/person\/6339b9fac59d12b071dec680d7375d87\",\"name\":\"ritanery\",\"image\":{\"@type\":\"ImageObject\",\"inLanguage\":\"pt-BR\",\"@id\":\"https:\/\/secure.gravatar.com\/avatar\/0e37bb19071f47c0b8a23f62a903df117c5a0e75f65a0c2901562f97cd41cf86?s=96&d=mm&r=g\",\"url\":\"https:\/\/secure.gravatar.com\/avatar\/0e37bb19071f47c0b8a23f62a903df117c5a0e75f65a0c2901562f97cd41cf86?s=96&d=mm&r=g\",\"contentUrl\":\"https:\/\/secure.gravatar.com\/avatar\/0e37bb19071f47c0b8a23f62a903df117c5a0e75f65a0c2901562f97cd41cf86?s=96&d=mm&r=g\",\"caption\":\"ritanery\"}}]}<\/script>\n<!-- \/ Yoast SEO plugin. -->","yoast_head_json":{"title":"Prefeitura de Adamantina divulga programa\u00e7\u00e3o em comemora\u00e7\u00e3o aos 73 do munic\u00edpio - R\u00e1dio Life FM","robots":{"index":"index","follow":"follow","max-snippet":"max-snippet:-1","max-image-preview":"max-image-preview:large","max-video-preview":"max-video-preview:-1"},"canonical":"https:\/\/radiolifefm.com.br\/noticias\/prefeitura-de-adamantina-divulga-programacao-em-comemoracao-aos-73-do-municipio\/","og_locale":"pt_BR","og_type":"article","og_title":"Prefeitura de Adamantina divulga programa\u00e7\u00e3o em comemora\u00e7\u00e3o aos 73 do munic\u00edpio - R\u00e1dio Life FM","og_description":"Em coletiva de imprensa realizada na tarde de hoje (2), a Prefeitura de Adamantina apresentou a programa\u00e7\u00e3o que tem como objetivo comemorar os 73 anos do munic\u00edpio. A programa\u00e7\u00e3o ser\u00e1 realizada durante todo o m\u00eas de maio e o m\u00eas de junho. As comemora\u00e7\u00f5es tiveram in\u00edcio ontem (1), com a realiza\u00e7\u00e3o da 59\u00aa Edi\u00e7\u00e3o do [&hellip;]","og_url":"https:\/\/radiolifefm.com.br\/noticias\/prefeitura-de-adamantina-divulga-programacao-em-comemoracao-aos-73-do-municipio\/","og_site_name":"R\u00e1dio Life FM","article_publisher":"https:\/\/www.facebook.com\/radiolifefm\/","article_published_time":"2022-05-02T20:30:52+00:00","article_modified_time":"2026-04-02T06:53:23+00:00","og_image":[{"width":1920,"height":1080,"url":"https:\/\/radiolifefm.com.br\/noticias\/wp-content\/uploads\/2022\/05\/1-3.jpg","type":"image\/jpeg"}],"author":"ritanery","twitter_card":"summary_large_image","twitter_misc":{"Escrito por":"ritanery","Est. tempo de leitura":"5 minutos"},"schema":{"@context":"https:\/\/schema.org","@graph":[{"@type":"Article","@id":"https:\/\/radiolifefm.com.br\/noticias\/prefeitura-de-adamantina-divulga-programacao-em-comemoracao-aos-73-do-municipio\/#article","isPartOf":{"@id":"https:\/\/radiolifefm.com.br\/noticias\/prefeitura-de-adamantina-divulga-programacao-em-comemoracao-aos-73-do-municipio\/"},"author":{"name":"ritanery","@id":"https:\/\/radiolifefm.com.br\/noticias\/#\/schema\/person\/6339b9fac59d12b071dec680d7375d87"},"headline":"Prefeitura de Adamantina divulga programa\u00e7\u00e3o em comemora\u00e7\u00e3o aos 73 do munic\u00edpio","datePublished":"2022-05-02T20:30:52+00:00","dateModified":"2026-04-02T06:53:23+00:00","mainEntityOfPage":{"@id":"https:\/\/radiolifefm.com.br\/noticias\/prefeitura-de-adamantina-divulga-programacao-em-comemoracao-aos-73-do-municipio\/"},"wordCount":1047,"publisher":{"@id":"https:\/\/radiolifefm.com.br\/noticias\/#organization"},"image":{"@id":"https:\/\/radiolifefm.com.br\/noticias\/prefeitura-de-adamantina-divulga-programacao-em-comemoracao-aos-73-do-municipio\/#primaryimage"},"thumbnailUrl":"https:\/\/radiolifefm.com.br\/noticias\/wp-content\/uploads\/2022\/05\/1-3.jpg","articleSection":["Adamantina"],"inLanguage":"pt-BR"},{"@type":"WebPage","@id":"https:\/\/radiolifefm.com.br\/noticias\/prefeitura-de-adamantina-divulga-programacao-em-comemoracao-aos-73-do-municipio\/","url":"https:\/\/radiolifefm.com.br\/noticias\/prefeitura-de-adamantina-divulga-programacao-em-comemoracao-aos-73-do-municipio\/","name":"Prefeitura de Adamantina divulga programa\u00e7\u00e3o em comemora\u00e7\u00e3o aos 73 do munic\u00edpio - R\u00e1dio Life FM","isPartOf":{"@id":"https:\/\/radiolifefm.com.br\/noticias\/#website"},"primaryImageOfPage":{"@id":"https:\/\/radiolifefm.com.br\/noticias\/prefeitura-de-adamantina-divulga-programacao-em-comemoracao-aos-73-do-municipio\/#primaryimage"},"image":{"@id":"https:\/\/radiolifefm.com.br\/noticias\/prefeitura-de-adamantina-divulga-programacao-em-comemoracao-aos-73-do-municipio\/#primaryimage"},"thumbnailUrl":"https:\/\/radiolifefm.com.br\/noticias\/wp-content\/uploads\/2022\/05\/1-3.jpg","datePublished":"2022-05-02T20:30:52+00:00","dateModified":"2026-04-02T06:53:23+00:00","breadcrumb":{"@id":"https:\/\/radiolifefm.com.br\/noticias\/prefeitura-de-adamantina-divulga-programacao-em-comemoracao-aos-73-do-municipio\/#breadcrumb"},"inLanguage":"pt-BR","potentialAction":[{"@type":"ReadAction","target":["https:\/\/radiolifefm.com.br\/noticias\/prefeitura-de-adamantina-divulga-programacao-em-comemoracao-aos-73-do-municipio\/"]}]},{"@type":"ImageObject","inLanguage":"pt-BR","@id":"https:\/\/radiolifefm.com.br\/noticias\/prefeitura-de-adamantina-divulga-programacao-em-comemoracao-aos-73-do-municipio\/#primaryimage","url":"https:\/\/radiolifefm.com.br\/noticias\/wp-content\/uploads\/2022\/05\/1-3.jpg","contentUrl":"https:\/\/radiolifefm.com.br\/noticias\/wp-content\/uploads\/2022\/05\/1-3.jpg","width":1920,"height":1080},{"@type":"BreadcrumbList","@id":"https:\/\/radiolifefm.com.br\/noticias\/prefeitura-de-adamantina-divulga-programacao-em-comemoracao-aos-73-do-municipio\/#breadcrumb","itemListElement":[{"@type":"ListItem","position":1,"name":"In\u00edcio","item":"https:\/\/radiolifefm.com.br\/noticias\/"},{"@type":"ListItem","position":2,"name":"Prefeitura de Adamantina divulga programa\u00e7\u00e3o em comemora\u00e7\u00e3o aos 73 do munic\u00edpio"}]},{"@type":"WebSite","@id":"https:\/\/radiolifefm.com.br\/noticias\/#website","url":"https:\/\/radiolifefm.com.br\/noticias\/","name":"R\u00e1dio Life FM","description":"O Portal de Not\u00edcias de Adamantina","publisher":{"@id":"https:\/\/radiolifefm.com.br\/noticias\/#organization"},"alternateName":"Life FM","potentialAction":[{"@type":"SearchAction","target":{"@type":"EntryPoint","urlTemplate":"https:\/\/radiolifefm.com.br\/noticias\/?s={search_term_string}"},"query-input":{"@type":"PropertyValueSpecification","valueRequired":true,"valueName":"search_term_string"}}],"inLanguage":"pt-BR"},{"@type":"Organization","@id":"https:\/\/radiolifefm.com.br\/noticias\/#organization","name":"R\u00e1dio Life FM","alternateName":"Life FM","url":"https:\/\/radiolifefm.com.br\/noticias\/","logo":{"@type":"ImageObject","inLanguage":"pt-BR","@id":"https:\/\/radiolifefm.com.br\/noticias\/#\/schema\/logo\/image\/","url":"https:\/\/static.radiolifefm.com.br\/noticias\/wp-content\/uploads\/2019\/10\/logo-lifefm.png","contentUrl":"https:\/\/static.radiolifefm.com.br\/noticias\/wp-content\/uploads\/2019\/10\/logo-lifefm.png","width":196,"height":47,"caption":"R\u00e1dio Life FM"},"image":{"@id":"https:\/\/radiolifefm.com.br\/noticias\/#\/schema\/logo\/image\/"},"sameAs":["https:\/\/www.facebook.com\/radiolifefm\/","https:\/\/www.instagram.com\/life1079fm\/"]},{"@type":"Person","@id":"https:\/\/radiolifefm.com.br\/noticias\/#\/schema\/person\/6339b9fac59d12b071dec680d7375d87","name":"ritanery","image":{"@type":"ImageObject","inLanguage":"pt-BR","@id":"https:\/\/secure.gravatar.com\/avatar\/0e37bb19071f47c0b8a23f62a903df117c5a0e75f65a0c2901562f97cd41cf86?s=96&d=mm&r=g","url":"https:\/\/secure.gravatar.com\/avatar\/0e37bb19071f47c0b8a23f62a903df117c5a0e75f65a0c2901562f97cd41cf86?s=96&d=mm&r=g","contentUrl":"https:\/\/secure.gravatar.com\/avatar\/0e37bb19071f47c0b8a23f62a903df117c5a0e75f65a0c2901562f97cd41cf86?s=96&d=mm&r=g","caption":"ritanery"}}]}},"amp_enabled":true,"_links":{"self":[{"href":"https:\/\/radiolifefm.com.br\/noticias\/wp-json\/wp\/v2\/posts\/52901","targetHints":{"allow":["GET"]}}],"collection":[{"href":"https:\/\/radiolifefm.com.br\/noticias\/wp-json\/wp\/v2\/posts"}],"about":[{"href":"https:\/\/radiolifefm.com.br\/noticias\/wp-json\/wp\/v2\/types\/post"}],"author":[{"embeddable":true,"href":"https:\/\/radiolifefm.com.br\/noticias\/wp-json\/wp\/v2\/users\/13"}],"replies":[{"embeddable":true,"href":"https:\/\/radiolifefm.com.br\/noticias\/wp-json\/wp\/v2\/comments?post=52901"}],"version-history":[{"count":4,"href":"https:\/\/radiolifefm.com.br\/noticias\/wp-json\/wp\/v2\/posts\/52901\/revisions"}],"predecessor-version":[{"id":52906,"href":"https:\/\/radiolifefm.com.br\/noticias\/wp-json\/wp\/v2\/posts\/52901\/revisions\/52906"}],"wp:featuredmedia":[{"embeddable":true,"href":"https:\/\/radiolifefm.com.br\/noticias\/wp-json\/wp\/v2\/media\/52902"}],"wp:attachment":[{"href":"https:\/\/radiolifefm.com.br\/noticias\/wp-json\/wp\/v2\/media?parent=52901"}],"wp:term":[{"taxonomy":"category","embeddable":true,"href":"https:\/\/radiolifefm.com.br\/noticias\/wp-json\/wp\/v2\/categories?post=52901"},{"taxonomy":"post_tag","embeddable":true,"href":"https:\/\/radiolifefm.com.br\/noticias\/wp-json\/wp\/v2\/tags?post=52901"}],"curies":[{"name":"wp","href":"https:\/\/api.w.org\/{rel}","templated":true}]}}