{"id":52889,"date":"2022-05-02T15:40:51","date_gmt":"2022-05-02T18:40:51","guid":{"rendered":"https:\/\/radiolifefm.com.br\/noticias\/?p=52889"},"modified":"2026-04-08T20:33:12","modified_gmt":"2026-04-08T23:33:12","slug":"adamantina-participa-do-lancamento-da-frente-parlamentar-pelo-fortalecimento-e-defesa-do-suas-no-estado-de-sao-pauloadamantina","status":"publish","type":"post","link":"https:\/\/radiolifefm.com.br\/noticias\/adamantina-participa-do-lancamento-da-frente-parlamentar-pelo-fortalecimento-e-defesa-do-suas-no-estado-de-sao-pauloadamantina\/","title":{"rendered":"Adamantina participa do lan\u00e7amento da frente parlamentar pelo fortalecimento e defesa do SUAS no estado de S\u00e3o Paulo"},"content":{"rendered":"<div id=\"fb-root\"><\/div>\n<p><span style=\"color: #000000\">A Prefeitura de Adamantina, representada pelo prefeito M\u00e1rcio Cardim e pela\u00a0 secret\u00e1ria de assist\u00eancia social, Andreia Regina Ribeiro, participou da 3\u00aa Assembleia Geral Ordin\u00e1ria da Associa\u00e7\u00e3o da Frente Paulista dos Dirigentes P\u00fablicos Municipais da Assist\u00eancia Social (COEGEMAS\/SP).<\/span><\/p>\n<p>Os encontros s\u00e3o realizados mensalmente com o objetivo de discutir assuntos pertinentes \u00e0 \u00e1rea da assist\u00eancia social.<\/p>\n<p>A reuni\u00e3o aconteceu no Pal\u00e1cio dos Bandeirantes e contou com a presen\u00e7a do governador Rodrigo Garcia e do presidente da Assembleia Legislativa, Carl\u00e3o Pignatari, teve como foco o Lan\u00e7amento da frente parlamentar pelo fortalecimento e defesa do Sistema \u00danico de Assist\u00eancia Social (SUAS) no estado de S\u00e3o Paulo. A frente parlamentar visa apoiar e articular recursos para a pol\u00edtica da assist\u00eancia social.<\/p>\n<p>Na oportunidade, ainda foi apresentada a nova secret\u00e1ria de Desenvolvimento Social do Estado de S\u00e3o Paulo, Laura Muller Machado, substituta de C\u00e9lia Parnes.<\/p>\n<div><\/div>\n<div><b>Sugest\u00e3o de Legenda<\/b><\/div>\n<div>Andreia Regina Ribeiro, secret\u00e1ria de Assist\u00eancia Social de Adamantina, Paula de Souza Araujo do Lago,\u00a0gestora de Luc\u00e9lia,\u00a0Ingrid Elisa Pitarelo Melnic,\u00a0diretora de Luc\u00e9lia com Magali Pereira Gon\u00e7alves Costato\u00a0Basile, presidente da Frente Paulista\u00a0Coegemas SP<\/div>\n<div><\/div>\n<div><\/div>\n<div>Fonte: Assessoria de Imprensa<\/div>\n","protected":false},"excerpt":{"rendered":"<p>A Prefeitura de Adamantina, representada pelo prefeito M\u00e1rcio Cardim e pela\u00a0 secret\u00e1ria de assist\u00eancia social, Andreia Regina Ribeiro, participou da 3\u00aa Assembleia Geral Ordin\u00e1ria da Associa\u00e7\u00e3o da Frente Paulista dos Dirigentes P\u00fablicos Municipais da Assist\u00eancia Social (COEGEMAS\/SP). Os encontros s\u00e3o realizados mensalmente com o objetivo de discutir assuntos pertinentes \u00e0 \u00e1rea da assist\u00eancia social. A [&hellip;]<\/p>\n","protected":false},"author":13,"featured_media":52895,"comment_status":"closed","ping_status":"open","sticky":false,"template":"","format":"standard","meta":{"_acf_changed":false,"_exactmetrics_skip_tracking":false,"_exactmetrics_sitenote_active":false,"_exactmetrics_sitenote_note":"","_exactmetrics_sitenote_category":0,"footnotes":""},"categories":[21],"tags":[],"class_list":["post-52889","post","type-post","status-publish","format-standard","has-post-thumbnail","hentry","category-adamantina"],"acf":[],"yoast_head":"<!-- This site is optimized with the Yoast SEO plugin v27.2 - https:\/\/yoast.com\/product\/yoast-seo-wordpress\/ -->\n<title>Adamantina participa do lan\u00e7amento da frente parlamentar pelo fortalecimento e defesa do SUAS no estado de S\u00e3o Paulo - R\u00e1dio Life FM<\/title>\n<meta name=\"robots\" content=\"index, follow, max-snippet:-1, max-image-preview:large, max-video-preview:-1\" \/>\n<link rel=\"canonical\" href=\"https:\/\/radiolifefm.com.br\/noticias\/adamantina-participa-do-lancamento-da-frente-parlamentar-pelo-fortalecimento-e-defesa-do-suas-no-estado-de-sao-pauloadamantina\/\" \/>\n<meta property=\"og:locale\" content=\"pt_BR\" \/>\n<meta property=\"og:type\" content=\"article\" \/>\n<meta property=\"og:title\" content=\"Adamantina participa do lan\u00e7amento da frente parlamentar pelo fortalecimento e defesa do SUAS no estado de S\u00e3o Paulo - R\u00e1dio Life FM\" \/>\n<meta property=\"og:description\" content=\"A Prefeitura de Adamantina, representada pelo prefeito M\u00e1rcio Cardim e pela\u00a0 secret\u00e1ria de assist\u00eancia social, Andreia Regina Ribeiro, participou da 3\u00aa Assembleia Geral Ordin\u00e1ria da Associa\u00e7\u00e3o da Frente Paulista dos Dirigentes P\u00fablicos Municipais da Assist\u00eancia Social (COEGEMAS\/SP). Os encontros s\u00e3o realizados mensalmente com o objetivo de discutir assuntos pertinentes \u00e0 \u00e1rea da assist\u00eancia social. A [&hellip;]\" \/>\n<meta property=\"og:url\" content=\"https:\/\/radiolifefm.com.br\/noticias\/adamantina-participa-do-lancamento-da-frente-parlamentar-pelo-fortalecimento-e-defesa-do-suas-no-estado-de-sao-pauloadamantina\/\" \/>\n<meta property=\"og:site_name\" content=\"R\u00e1dio Life FM\" \/>\n<meta property=\"article:publisher\" content=\"https:\/\/www.facebook.com\/radiolifefm\/\" \/>\n<meta property=\"article:published_time\" content=\"2022-05-02T18:40:51+00:00\" \/>\n<meta property=\"article:modified_time\" content=\"2026-04-08T23:33:12+00:00\" \/>\n<meta property=\"og:image\" content=\"https:\/\/radiolifefm.com.br\/noticias\/wp-content\/uploads\/2022\/05\/1-2.jpg\" \/>\n\t<meta property=\"og:image:width\" content=\"1920\" \/>\n\t<meta property=\"og:image:height\" content=\"1080\" \/>\n\t<meta property=\"og:image:type\" content=\"image\/jpeg\" \/>\n<meta name=\"author\" content=\"ritanery\" \/>\n<meta name=\"twitter:card\" content=\"summary_large_image\" \/>\n<meta name=\"twitter:label1\" content=\"Escrito por\" \/>\n\t<meta name=\"twitter:data1\" content=\"ritanery\" \/>\n\t<meta name=\"twitter:label2\" content=\"Est. tempo de leitura\" \/>\n\t<meta name=\"twitter:data2\" content=\"1 minuto\" \/>\n<script type=\"application\/ld+json\" class=\"yoast-schema-graph\">{\"@context\":\"https:\/\/schema.org\",\"@graph\":[{\"@type\":\"Article\",\"@id\":\"https:\/\/radiolifefm.com.br\/noticias\/adamantina-participa-do-lancamento-da-frente-parlamentar-pelo-fortalecimento-e-defesa-do-suas-no-estado-de-sao-pauloadamantina\/#article\",\"isPartOf\":{\"@id\":\"https:\/\/radiolifefm.com.br\/noticias\/adamantina-participa-do-lancamento-da-frente-parlamentar-pelo-fortalecimento-e-defesa-do-suas-no-estado-de-sao-pauloadamantina\/\"},\"author\":{\"name\":\"ritanery\",\"@id\":\"https:\/\/radiolifefm.com.br\/noticias\/#\/schema\/person\/6339b9fac59d12b071dec680d7375d87\"},\"headline\":\"Adamantina participa do lan\u00e7amento da frente parlamentar pelo fortalecimento e defesa do SUAS no estado de S\u00e3o Paulo\",\"datePublished\":\"2022-05-02T18:40:51+00:00\",\"dateModified\":\"2026-04-08T23:33:12+00:00\",\"mainEntityOfPage\":{\"@id\":\"https:\/\/radiolifefm.com.br\/noticias\/adamantina-participa-do-lancamento-da-frente-parlamentar-pelo-fortalecimento-e-defesa-do-suas-no-estado-de-sao-pauloadamantina\/\"},\"wordCount\":229,\"publisher\":{\"@id\":\"https:\/\/radiolifefm.com.br\/noticias\/#organization\"},\"image\":{\"@id\":\"https:\/\/radiolifefm.com.br\/noticias\/adamantina-participa-do-lancamento-da-frente-parlamentar-pelo-fortalecimento-e-defesa-do-suas-no-estado-de-sao-pauloadamantina\/#primaryimage\"},\"thumbnailUrl\":\"https:\/\/radiolifefm.com.br\/noticias\/wp-content\/uploads\/2022\/05\/1-2.jpg\",\"articleSection\":[\"Adamantina\"],\"inLanguage\":\"pt-BR\"},{\"@type\":\"WebPage\",\"@id\":\"https:\/\/radiolifefm.com.br\/noticias\/adamantina-participa-do-lancamento-da-frente-parlamentar-pelo-fortalecimento-e-defesa-do-suas-no-estado-de-sao-pauloadamantina\/\",\"url\":\"https:\/\/radiolifefm.com.br\/noticias\/adamantina-participa-do-lancamento-da-frente-parlamentar-pelo-fortalecimento-e-defesa-do-suas-no-estado-de-sao-pauloadamantina\/\",\"name\":\"Adamantina participa do lan\u00e7amento da frente parlamentar pelo fortalecimento e defesa do SUAS no estado de S\u00e3o Paulo - R\u00e1dio Life FM\",\"isPartOf\":{\"@id\":\"https:\/\/radiolifefm.com.br\/noticias\/#website\"},\"primaryImageOfPage\":{\"@id\":\"https:\/\/radiolifefm.com.br\/noticias\/adamantina-participa-do-lancamento-da-frente-parlamentar-pelo-fortalecimento-e-defesa-do-suas-no-estado-de-sao-pauloadamantina\/#primaryimage\"},\"image\":{\"@id\":\"https:\/\/radiolifefm.com.br\/noticias\/adamantina-participa-do-lancamento-da-frente-parlamentar-pelo-fortalecimento-e-defesa-do-suas-no-estado-de-sao-pauloadamantina\/#primaryimage\"},\"thumbnailUrl\":\"https:\/\/radiolifefm.com.br\/noticias\/wp-content\/uploads\/2022\/05\/1-2.jpg\",\"datePublished\":\"2022-05-02T18:40:51+00:00\",\"dateModified\":\"2026-04-08T23:33:12+00:00\",\"breadcrumb\":{\"@id\":\"https:\/\/radiolifefm.com.br\/noticias\/adamantina-participa-do-lancamento-da-frente-parlamentar-pelo-fortalecimento-e-defesa-do-suas-no-estado-de-sao-pauloadamantina\/#breadcrumb\"},\"inLanguage\":\"pt-BR\",\"potentialAction\":[{\"@type\":\"ReadAction\",\"target\":[\"https:\/\/radiolifefm.com.br\/noticias\/adamantina-participa-do-lancamento-da-frente-parlamentar-pelo-fortalecimento-e-defesa-do-suas-no-estado-de-sao-pauloadamantina\/\"]}]},{\"@type\":\"ImageObject\",\"inLanguage\":\"pt-BR\",\"@id\":\"https:\/\/radiolifefm.com.br\/noticias\/adamantina-participa-do-lancamento-da-frente-parlamentar-pelo-fortalecimento-e-defesa-do-suas-no-estado-de-sao-pauloadamantina\/#primaryimage\",\"url\":\"https:\/\/radiolifefm.com.br\/noticias\/wp-content\/uploads\/2022\/05\/1-2.jpg\",\"contentUrl\":\"https:\/\/radiolifefm.com.br\/noticias\/wp-content\/uploads\/2022\/05\/1-2.jpg\",\"width\":1920,\"height\":1080},{\"@type\":\"BreadcrumbList\",\"@id\":\"https:\/\/radiolifefm.com.br\/noticias\/adamantina-participa-do-lancamento-da-frente-parlamentar-pelo-fortalecimento-e-defesa-do-suas-no-estado-de-sao-pauloadamantina\/#breadcrumb\",\"itemListElement\":[{\"@type\":\"ListItem\",\"position\":1,\"name\":\"In\u00edcio\",\"item\":\"https:\/\/radiolifefm.com.br\/noticias\/\"},{\"@type\":\"ListItem\",\"position\":2,\"name\":\"Adamantina participa do lan\u00e7amento da frente parlamentar pelo fortalecimento e defesa do SUAS no estado de S\u00e3o Paulo\"}]},{\"@type\":\"WebSite\",\"@id\":\"https:\/\/radiolifefm.com.br\/noticias\/#website\",\"url\":\"https:\/\/radiolifefm.com.br\/noticias\/\",\"name\":\"R\u00e1dio Life FM\",\"description\":\"O Portal de Not\u00edcias de Adamantina\",\"publisher\":{\"@id\":\"https:\/\/radiolifefm.com.br\/noticias\/#organization\"},\"alternateName\":\"Life FM\",\"potentialAction\":[{\"@type\":\"SearchAction\",\"target\":{\"@type\":\"EntryPoint\",\"urlTemplate\":\"https:\/\/radiolifefm.com.br\/noticias\/?s={search_term_string}\"},\"query-input\":{\"@type\":\"PropertyValueSpecification\",\"valueRequired\":true,\"valueName\":\"search_term_string\"}}],\"inLanguage\":\"pt-BR\"},{\"@type\":\"Organization\",\"@id\":\"https:\/\/radiolifefm.com.br\/noticias\/#organization\",\"name\":\"R\u00e1dio Life FM\",\"alternateName\":\"Life FM\",\"url\":\"https:\/\/radiolifefm.com.br\/noticias\/\",\"logo\":{\"@type\":\"ImageObject\",\"inLanguage\":\"pt-BR\",\"@id\":\"https:\/\/radiolifefm.com.br\/noticias\/#\/schema\/logo\/image\/\",\"url\":\"https:\/\/static.radiolifefm.com.br\/noticias\/wp-content\/uploads\/2019\/10\/logo-lifefm.png\",\"contentUrl\":\"https:\/\/static.radiolifefm.com.br\/noticias\/wp-content\/uploads\/2019\/10\/logo-lifefm.png\",\"width\":196,\"height\":47,\"caption\":\"R\u00e1dio Life FM\"},\"image\":{\"@id\":\"https:\/\/radiolifefm.com.br\/noticias\/#\/schema\/logo\/image\/\"},\"sameAs\":[\"https:\/\/www.facebook.com\/radiolifefm\/\",\"https:\/\/www.instagram.com\/life1079fm\/\"]},{\"@type\":\"Person\",\"@id\":\"https:\/\/radiolifefm.com.br\/noticias\/#\/schema\/person\/6339b9fac59d12b071dec680d7375d87\",\"name\":\"ritanery\",\"image\":{\"@type\":\"ImageObject\",\"inLanguage\":\"pt-BR\",\"@id\":\"https:\/\/secure.gravatar.com\/avatar\/0e37bb19071f47c0b8a23f62a903df117c5a0e75f65a0c2901562f97cd41cf86?s=96&d=mm&r=g\",\"url\":\"https:\/\/secure.gravatar.com\/avatar\/0e37bb19071f47c0b8a23f62a903df117c5a0e75f65a0c2901562f97cd41cf86?s=96&d=mm&r=g\",\"contentUrl\":\"https:\/\/secure.gravatar.com\/avatar\/0e37bb19071f47c0b8a23f62a903df117c5a0e75f65a0c2901562f97cd41cf86?s=96&d=mm&r=g\",\"caption\":\"ritanery\"}}]}<\/script>\n<!-- \/ Yoast SEO plugin. -->","yoast_head_json":{"title":"Adamantina participa do lan\u00e7amento da frente parlamentar pelo fortalecimento e defesa do SUAS no estado de S\u00e3o Paulo - R\u00e1dio Life FM","robots":{"index":"index","follow":"follow","max-snippet":"max-snippet:-1","max-image-preview":"max-image-preview:large","max-video-preview":"max-video-preview:-1"},"canonical":"https:\/\/radiolifefm.com.br\/noticias\/adamantina-participa-do-lancamento-da-frente-parlamentar-pelo-fortalecimento-e-defesa-do-suas-no-estado-de-sao-pauloadamantina\/","og_locale":"pt_BR","og_type":"article","og_title":"Adamantina participa do lan\u00e7amento da frente parlamentar pelo fortalecimento e defesa do SUAS no estado de S\u00e3o Paulo - R\u00e1dio Life FM","og_description":"A Prefeitura de Adamantina, representada pelo prefeito M\u00e1rcio Cardim e pela\u00a0 secret\u00e1ria de assist\u00eancia social, Andreia Regina Ribeiro, participou da 3\u00aa Assembleia Geral Ordin\u00e1ria da Associa\u00e7\u00e3o da Frente Paulista dos Dirigentes P\u00fablicos Municipais da Assist\u00eancia Social (COEGEMAS\/SP). Os encontros s\u00e3o realizados mensalmente com o objetivo de discutir assuntos pertinentes \u00e0 \u00e1rea da assist\u00eancia social. A [&hellip;]","og_url":"https:\/\/radiolifefm.com.br\/noticias\/adamantina-participa-do-lancamento-da-frente-parlamentar-pelo-fortalecimento-e-defesa-do-suas-no-estado-de-sao-pauloadamantina\/","og_site_name":"R\u00e1dio Life FM","article_publisher":"https:\/\/www.facebook.com\/radiolifefm\/","article_published_time":"2022-05-02T18:40:51+00:00","article_modified_time":"2026-04-08T23:33:12+00:00","og_image":[{"width":1920,"height":1080,"url":"https:\/\/radiolifefm.com.br\/noticias\/wp-content\/uploads\/2022\/05\/1-2.jpg","type":"image\/jpeg"}],"author":"ritanery","twitter_card":"summary_large_image","twitter_misc":{"Escrito por":"ritanery","Est. tempo de leitura":"1 minuto"},"schema":{"@context":"https:\/\/schema.org","@graph":[{"@type":"Article","@id":"https:\/\/radiolifefm.com.br\/noticias\/adamantina-participa-do-lancamento-da-frente-parlamentar-pelo-fortalecimento-e-defesa-do-suas-no-estado-de-sao-pauloadamantina\/#article","isPartOf":{"@id":"https:\/\/radiolifefm.com.br\/noticias\/adamantina-participa-do-lancamento-da-frente-parlamentar-pelo-fortalecimento-e-defesa-do-suas-no-estado-de-sao-pauloadamantina\/"},"author":{"name":"ritanery","@id":"https:\/\/radiolifefm.com.br\/noticias\/#\/schema\/person\/6339b9fac59d12b071dec680d7375d87"},"headline":"Adamantina participa do lan\u00e7amento da frente parlamentar pelo fortalecimento e defesa do SUAS no estado de S\u00e3o Paulo","datePublished":"2022-05-02T18:40:51+00:00","dateModified":"2026-04-08T23:33:12+00:00","mainEntityOfPage":{"@id":"https:\/\/radiolifefm.com.br\/noticias\/adamantina-participa-do-lancamento-da-frente-parlamentar-pelo-fortalecimento-e-defesa-do-suas-no-estado-de-sao-pauloadamantina\/"},"wordCount":229,"publisher":{"@id":"https:\/\/radiolifefm.com.br\/noticias\/#organization"},"image":{"@id":"https:\/\/radiolifefm.com.br\/noticias\/adamantina-participa-do-lancamento-da-frente-parlamentar-pelo-fortalecimento-e-defesa-do-suas-no-estado-de-sao-pauloadamantina\/#primaryimage"},"thumbnailUrl":"https:\/\/radiolifefm.com.br\/noticias\/wp-content\/uploads\/2022\/05\/1-2.jpg","articleSection":["Adamantina"],"inLanguage":"pt-BR"},{"@type":"WebPage","@id":"https:\/\/radiolifefm.com.br\/noticias\/adamantina-participa-do-lancamento-da-frente-parlamentar-pelo-fortalecimento-e-defesa-do-suas-no-estado-de-sao-pauloadamantina\/","url":"https:\/\/radiolifefm.com.br\/noticias\/adamantina-participa-do-lancamento-da-frente-parlamentar-pelo-fortalecimento-e-defesa-do-suas-no-estado-de-sao-pauloadamantina\/","name":"Adamantina participa do lan\u00e7amento da frente parlamentar pelo fortalecimento e defesa do SUAS no estado de S\u00e3o Paulo - R\u00e1dio Life FM","isPartOf":{"@id":"https:\/\/radiolifefm.com.br\/noticias\/#website"},"primaryImageOfPage":{"@id":"https:\/\/radiolifefm.com.br\/noticias\/adamantina-participa-do-lancamento-da-frente-parlamentar-pelo-fortalecimento-e-defesa-do-suas-no-estado-de-sao-pauloadamantina\/#primaryimage"},"image":{"@id":"https:\/\/radiolifefm.com.br\/noticias\/adamantina-participa-do-lancamento-da-frente-parlamentar-pelo-fortalecimento-e-defesa-do-suas-no-estado-de-sao-pauloadamantina\/#primaryimage"},"thumbnailUrl":"https:\/\/radiolifefm.com.br\/noticias\/wp-content\/uploads\/2022\/05\/1-2.jpg","datePublished":"2022-05-02T18:40:51+00:00","dateModified":"2026-04-08T23:33:12+00:00","breadcrumb":{"@id":"https:\/\/radiolifefm.com.br\/noticias\/adamantina-participa-do-lancamento-da-frente-parlamentar-pelo-fortalecimento-e-defesa-do-suas-no-estado-de-sao-pauloadamantina\/#breadcrumb"},"inLanguage":"pt-BR","potentialAction":[{"@type":"ReadAction","target":["https:\/\/radiolifefm.com.br\/noticias\/adamantina-participa-do-lancamento-da-frente-parlamentar-pelo-fortalecimento-e-defesa-do-suas-no-estado-de-sao-pauloadamantina\/"]}]},{"@type":"ImageObject","inLanguage":"pt-BR","@id":"https:\/\/radiolifefm.com.br\/noticias\/adamantina-participa-do-lancamento-da-frente-parlamentar-pelo-fortalecimento-e-defesa-do-suas-no-estado-de-sao-pauloadamantina\/#primaryimage","url":"https:\/\/radiolifefm.com.br\/noticias\/wp-content\/uploads\/2022\/05\/1-2.jpg","contentUrl":"https:\/\/radiolifefm.com.br\/noticias\/wp-content\/uploads\/2022\/05\/1-2.jpg","width":1920,"height":1080},{"@type":"BreadcrumbList","@id":"https:\/\/radiolifefm.com.br\/noticias\/adamantina-participa-do-lancamento-da-frente-parlamentar-pelo-fortalecimento-e-defesa-do-suas-no-estado-de-sao-pauloadamantina\/#breadcrumb","itemListElement":[{"@type":"ListItem","position":1,"name":"In\u00edcio","item":"https:\/\/radiolifefm.com.br\/noticias\/"},{"@type":"ListItem","position":2,"name":"Adamantina participa do lan\u00e7amento da frente parlamentar pelo fortalecimento e defesa do SUAS no estado de S\u00e3o Paulo"}]},{"@type":"WebSite","@id":"https:\/\/radiolifefm.com.br\/noticias\/#website","url":"https:\/\/radiolifefm.com.br\/noticias\/","name":"R\u00e1dio Life FM","description":"O Portal de Not\u00edcias de Adamantina","publisher":{"@id":"https:\/\/radiolifefm.com.br\/noticias\/#organization"},"alternateName":"Life FM","potentialAction":[{"@type":"SearchAction","target":{"@type":"EntryPoint","urlTemplate":"https:\/\/radiolifefm.com.br\/noticias\/?s={search_term_string}"},"query-input":{"@type":"PropertyValueSpecification","valueRequired":true,"valueName":"search_term_string"}}],"inLanguage":"pt-BR"},{"@type":"Organization","@id":"https:\/\/radiolifefm.com.br\/noticias\/#organization","name":"R\u00e1dio Life FM","alternateName":"Life FM","url":"https:\/\/radiolifefm.com.br\/noticias\/","logo":{"@type":"ImageObject","inLanguage":"pt-BR","@id":"https:\/\/radiolifefm.com.br\/noticias\/#\/schema\/logo\/image\/","url":"https:\/\/static.radiolifefm.com.br\/noticias\/wp-content\/uploads\/2019\/10\/logo-lifefm.png","contentUrl":"https:\/\/static.radiolifefm.com.br\/noticias\/wp-content\/uploads\/2019\/10\/logo-lifefm.png","width":196,"height":47,"caption":"R\u00e1dio Life FM"},"image":{"@id":"https:\/\/radiolifefm.com.br\/noticias\/#\/schema\/logo\/image\/"},"sameAs":["https:\/\/www.facebook.com\/radiolifefm\/","https:\/\/www.instagram.com\/life1079fm\/"]},{"@type":"Person","@id":"https:\/\/radiolifefm.com.br\/noticias\/#\/schema\/person\/6339b9fac59d12b071dec680d7375d87","name":"ritanery","image":{"@type":"ImageObject","inLanguage":"pt-BR","@id":"https:\/\/secure.gravatar.com\/avatar\/0e37bb19071f47c0b8a23f62a903df117c5a0e75f65a0c2901562f97cd41cf86?s=96&d=mm&r=g","url":"https:\/\/secure.gravatar.com\/avatar\/0e37bb19071f47c0b8a23f62a903df117c5a0e75f65a0c2901562f97cd41cf86?s=96&d=mm&r=g","contentUrl":"https:\/\/secure.gravatar.com\/avatar\/0e37bb19071f47c0b8a23f62a903df117c5a0e75f65a0c2901562f97cd41cf86?s=96&d=mm&r=g","caption":"ritanery"}}]}},"amp_enabled":true,"_links":{"self":[{"href":"https:\/\/radiolifefm.com.br\/noticias\/wp-json\/wp\/v2\/posts\/52889","targetHints":{"allow":["GET"]}}],"collection":[{"href":"https:\/\/radiolifefm.com.br\/noticias\/wp-json\/wp\/v2\/posts"}],"about":[{"href":"https:\/\/radiolifefm.com.br\/noticias\/wp-json\/wp\/v2\/types\/post"}],"author":[{"embeddable":true,"href":"https:\/\/radiolifefm.com.br\/noticias\/wp-json\/wp\/v2\/users\/13"}],"replies":[{"embeddable":true,"href":"https:\/\/radiolifefm.com.br\/noticias\/wp-json\/wp\/v2\/comments?post=52889"}],"version-history":[{"count":8,"href":"https:\/\/radiolifefm.com.br\/noticias\/wp-json\/wp\/v2\/posts\/52889\/revisions"}],"predecessor-version":[{"id":52899,"href":"https:\/\/radiolifefm.com.br\/noticias\/wp-json\/wp\/v2\/posts\/52889\/revisions\/52899"}],"wp:featuredmedia":[{"embeddable":true,"href":"https:\/\/radiolifefm.com.br\/noticias\/wp-json\/wp\/v2\/media\/52895"}],"wp:attachment":[{"href":"https:\/\/radiolifefm.com.br\/noticias\/wp-json\/wp\/v2\/media?parent=52889"}],"wp:term":[{"taxonomy":"category","embeddable":true,"href":"https:\/\/radiolifefm.com.br\/noticias\/wp-json\/wp\/v2\/categories?post=52889"},{"taxonomy":"post_tag","embeddable":true,"href":"https:\/\/radiolifefm.com.br\/noticias\/wp-json\/wp\/v2\/tags?post=52889"}],"curies":[{"name":"wp","href":"https:\/\/api.w.org\/{rel}","templated":true}]}}