{"id":52796,"date":"2022-04-29T15:58:22","date_gmt":"2022-04-29T18:58:22","guid":{"rendered":"https:\/\/radiolifefm.com.br\/noticias\/?p=52796"},"modified":"2026-04-07T10:13:32","modified_gmt":"2026-04-07T13:13:32","slug":"com-madeiras-sem-documentacao-de-origem-a-venda-estabelecimento-de-adamantina-recebe-multa-de-r-77-mil","status":"publish","type":"post","link":"https:\/\/radiolifefm.com.br\/noticias\/com-madeiras-sem-documentacao-de-origem-a-venda-estabelecimento-de-adamantina-recebe-multa-de-r-77-mil\/","title":{"rendered":"Com madeiras sem documenta\u00e7\u00e3o de origem \u00e0 venda, estabelecimento de Adamantina recebe multa de R$ 7,7 mil"},"content":{"rendered":"<div id=\"fb-root\"><\/div>\n<div class=\"mc-column content-text active-extra-styles \" data-block-type=\"unstyled\" data-block-weight=\"37\" data-block-id=\"2\">\n<p class=\"content-text__container \" data-track-category=\"Link no Texto\" data-track-links=\"\">A Pol\u00edcia Militar Ambiental multou uma madeireira no munic\u00edpio de\u00a0<a href=\"https:\/\/g1.globo.com\/sp\/presidente-prudente-regiao\/cidade\/adamantina\/\">Adamantina<\/a>(SP) em mais de R$ 7 mil durante fiscaliza\u00e7\u00e3o no p\u00e1tio do com\u00e9rcio, nesta quinta-feira (28). No local, foi constatada a venda de material sem documenta\u00e7\u00e3o.<\/p>\n<\/div>\n<div class=\"wall protected-content\">\n<div class=\"mc-column content-text active-extra-styles \" data-block-type=\"unstyled\" data-block-weight=\"34\" data-block-id=\"3\">\n<p class=\"content-text__container \" data-track-category=\"Link no Texto\" data-track-links=\"\">Os policiais realizaram vistoria no local e constataram irregularidade no saldo virtual em compara\u00e7\u00e3o com o saldo f\u00edsico da madeireira em rela\u00e7\u00e3o ao que foi declarado no sistema de Documento de Origem Florestal (DOF).<\/p>\n<\/div>\n<div class=\"mc-column content-text active-extra-styles \" data-block-type=\"unstyled\" data-block-weight=\"24\" data-block-id=\"4\">\n<p class=\"content-text__container \" data-track-category=\"Link no Texto\" data-track-links=\"\">Com os fatos, um Auto de Infra\u00e7\u00e3o Ambiental foi elaborado no valor de R$ 7.773,90 por venda de 25,9130 m\u00b3 de madeira sem licen\u00e7a.<\/p>\n<\/div>\n<div class=\"mc-column content-text active-extra-styles \" data-block-type=\"unstyled\" data-block-weight=\"59\" data-block-id=\"5\">\n<p class=\"content-text__container \" data-track-category=\"Link no Texto\" data-track-links=\"\">A autua\u00e7\u00e3o teve como base o Artigo 47 da Resolu\u00e7\u00e3o SIMA \u2013 05\/21, que trata sobre \u201creceber ou adquirir, para fins comerciais ou industriais, madeira, lenha, carv\u00e3o e outros produtos de origem vegetal, sem exigir a exibi\u00e7\u00e3o de licen\u00e7a do vendedor, outorgada pela autoridade competente, e sem munir-se da via que dever\u00e1 acompanhar o produto at\u00e9 final beneficiamento\u201d.<\/p>\n<div class=\"mc-column content-text active-extra-styles \" data-block-type=\"unstyled\" data-block-weight=\"19\" data-block-id=\"7\">\n<p class=\"content-text__container \" data-track-category=\"Link no Texto\" data-track-links=\"\">A multa \u00e9 de R$ 300 por unidade, est\u00e9reo, quilo, MDC ou metro c\u00fabico aferido pelo m\u00e9todo geom\u00e9trico.<\/p>\n<\/div>\n<div class=\"mc-column content-text active-extra-styles \" data-block-type=\"unstyled\" data-block-weight=\"61\" data-block-id=\"8\">\n<p class=\"content-text__container \" data-track-category=\"Link no Texto\" data-track-links=\"\">Segundo a PM, a autua\u00e7\u00e3o tamb\u00e9m considera o par\u00e1grafo primeiro, onde diz que: \u201cincorre nas mesmas san\u00e7\u00f5es quem vende, exp\u00f5e \u00e0 venda, tem em dep\u00f3sito, transporta, destina ou guarda madeira, lenha, carv\u00e3o ou outros produtos de origem vegetal, sem licen\u00e7a v\u00e1lida para todo o tempo da viagem ou do armazenamento, outorgada pela autoridade competente ou em desacordo com a obtida\u201d.<\/p>\n<p data-track-category=\"Link no Texto\" data-track-links=\"\"><img loading=\"lazy\" decoding=\"async\" class=\"aligncenter wp-image-52798 size-full\" src=\"https:\/\/static.radiolifefm.com.br\/wp-content\/uploads\/sites\/2\/2022\/04\/1-27.jpg\" alt=\"\" width=\"429\" height=\"572\" srcset=\"https:\/\/radiolifefm.com.br\/noticias\/wp-content\/uploads\/2022\/04\/1-27.jpg 429w, https:\/\/radiolifefm.com.br\/noticias\/wp-content\/uploads\/2022\/04\/1-27-225x300.jpg 225w\" sizes=\"auto, (max-width: 429px) 100vw, 429px\" \/><\/p>\n<\/div>\n<p data-track-category=\"Link no Texto\" data-track-links=\"\">Fonte: G1<\/p>\n<\/div>\n<\/div>\n","protected":false},"excerpt":{"rendered":"<p>A Pol\u00edcia Militar Ambiental multou uma madeireira no munic\u00edpio de\u00a0Adamantina(SP) em mais de R$ 7 mil durante fiscaliza\u00e7\u00e3o no p\u00e1tio do com\u00e9rcio, nesta quinta-feira (28). No local, foi constatada a venda de material sem documenta\u00e7\u00e3o. Os policiais realizaram vistoria no local e constataram irregularidade no saldo virtual em compara\u00e7\u00e3o com o saldo f\u00edsico da madeireira [&hellip;]<\/p>\n","protected":false},"author":13,"featured_media":52797,"comment_status":"closed","ping_status":"open","sticky":false,"template":"","format":"standard","meta":{"_acf_changed":false,"_exactmetrics_skip_tracking":false,"_exactmetrics_sitenote_active":false,"_exactmetrics_sitenote_note":"","_exactmetrics_sitenote_category":0,"footnotes":""},"categories":[21],"tags":[],"class_list":["post-52796","post","type-post","status-publish","format-standard","has-post-thumbnail","hentry","category-adamantina"],"acf":[],"yoast_head":"<!-- This site is optimized with the Yoast SEO plugin v27.2 - https:\/\/yoast.com\/product\/yoast-seo-wordpress\/ -->\n<title>Com madeiras sem documenta\u00e7\u00e3o de origem \u00e0 venda, estabelecimento de Adamantina recebe multa de R$ 7,7 mil - R\u00e1dio Life FM<\/title>\n<meta name=\"robots\" content=\"index, follow, max-snippet:-1, max-image-preview:large, max-video-preview:-1\" \/>\n<link rel=\"canonical\" href=\"https:\/\/radiolifefm.com.br\/noticias\/com-madeiras-sem-documentacao-de-origem-a-venda-estabelecimento-de-adamantina-recebe-multa-de-r-77-mil\/\" \/>\n<meta property=\"og:locale\" content=\"pt_BR\" \/>\n<meta property=\"og:type\" content=\"article\" \/>\n<meta property=\"og:title\" content=\"Com madeiras sem documenta\u00e7\u00e3o de origem \u00e0 venda, estabelecimento de Adamantina recebe multa de R$ 7,7 mil - R\u00e1dio Life FM\" \/>\n<meta property=\"og:description\" content=\"A Pol\u00edcia Militar Ambiental multou uma madeireira no munic\u00edpio de\u00a0Adamantina(SP) em mais de R$ 7 mil durante fiscaliza\u00e7\u00e3o no p\u00e1tio do com\u00e9rcio, nesta quinta-feira (28). No local, foi constatada a venda de material sem documenta\u00e7\u00e3o. Os policiais realizaram vistoria no local e constataram irregularidade no saldo virtual em compara\u00e7\u00e3o com o saldo f\u00edsico da madeireira [&hellip;]\" \/>\n<meta property=\"og:url\" content=\"https:\/\/radiolifefm.com.br\/noticias\/com-madeiras-sem-documentacao-de-origem-a-venda-estabelecimento-de-adamantina-recebe-multa-de-r-77-mil\/\" \/>\n<meta property=\"og:site_name\" content=\"R\u00e1dio Life FM\" \/>\n<meta property=\"article:publisher\" content=\"https:\/\/www.facebook.com\/radiolifefm\/\" \/>\n<meta property=\"article:published_time\" content=\"2022-04-29T18:58:22+00:00\" \/>\n<meta property=\"article:modified_time\" content=\"2026-04-07T13:13:32+00:00\" \/>\n<meta property=\"og:image\" content=\"https:\/\/radiolifefm.com.br\/noticias\/wp-content\/uploads\/2022\/04\/cats-12.jpg\" \/>\n\t<meta property=\"og:image:width\" content=\"641\" \/>\n\t<meta property=\"og:image:height\" content=\"493\" \/>\n\t<meta property=\"og:image:type\" content=\"image\/jpeg\" \/>\n<meta name=\"author\" content=\"ritanery\" \/>\n<meta name=\"twitter:card\" content=\"summary_large_image\" \/>\n<meta name=\"twitter:label1\" content=\"Escrito por\" \/>\n\t<meta name=\"twitter:data1\" content=\"ritanery\" \/>\n\t<meta name=\"twitter:label2\" content=\"Est. tempo de leitura\" \/>\n\t<meta name=\"twitter:data2\" content=\"1 minuto\" \/>\n<script type=\"application\/ld+json\" class=\"yoast-schema-graph\">{\"@context\":\"https:\/\/schema.org\",\"@graph\":[{\"@type\":\"Article\",\"@id\":\"https:\/\/radiolifefm.com.br\/noticias\/com-madeiras-sem-documentacao-de-origem-a-venda-estabelecimento-de-adamantina-recebe-multa-de-r-77-mil\/#article\",\"isPartOf\":{\"@id\":\"https:\/\/radiolifefm.com.br\/noticias\/com-madeiras-sem-documentacao-de-origem-a-venda-estabelecimento-de-adamantina-recebe-multa-de-r-77-mil\/\"},\"author\":{\"name\":\"ritanery\",\"@id\":\"https:\/\/radiolifefm.com.br\/noticias\/#\/schema\/person\/6339b9fac59d12b071dec680d7375d87\"},\"headline\":\"Com madeiras sem documenta\u00e7\u00e3o de origem \u00e0 venda, estabelecimento de Adamantina recebe multa de R$ 7,7 mil\",\"datePublished\":\"2022-04-29T18:58:22+00:00\",\"dateModified\":\"2026-04-07T13:13:32+00:00\",\"mainEntityOfPage\":{\"@id\":\"https:\/\/radiolifefm.com.br\/noticias\/com-madeiras-sem-documentacao-de-origem-a-venda-estabelecimento-de-adamantina-recebe-multa-de-r-77-mil\/\"},\"wordCount\":268,\"publisher\":{\"@id\":\"https:\/\/radiolifefm.com.br\/noticias\/#organization\"},\"image\":{\"@id\":\"https:\/\/radiolifefm.com.br\/noticias\/com-madeiras-sem-documentacao-de-origem-a-venda-estabelecimento-de-adamantina-recebe-multa-de-r-77-mil\/#primaryimage\"},\"thumbnailUrl\":\"https:\/\/radiolifefm.com.br\/noticias\/wp-content\/uploads\/2022\/04\/cats-12.jpg\",\"articleSection\":[\"Adamantina\"],\"inLanguage\":\"pt-BR\"},{\"@type\":\"WebPage\",\"@id\":\"https:\/\/radiolifefm.com.br\/noticias\/com-madeiras-sem-documentacao-de-origem-a-venda-estabelecimento-de-adamantina-recebe-multa-de-r-77-mil\/\",\"url\":\"https:\/\/radiolifefm.com.br\/noticias\/com-madeiras-sem-documentacao-de-origem-a-venda-estabelecimento-de-adamantina-recebe-multa-de-r-77-mil\/\",\"name\":\"Com madeiras sem documenta\u00e7\u00e3o de origem \u00e0 venda, estabelecimento de Adamantina recebe multa de R$ 7,7 mil - R\u00e1dio Life FM\",\"isPartOf\":{\"@id\":\"https:\/\/radiolifefm.com.br\/noticias\/#website\"},\"primaryImageOfPage\":{\"@id\":\"https:\/\/radiolifefm.com.br\/noticias\/com-madeiras-sem-documentacao-de-origem-a-venda-estabelecimento-de-adamantina-recebe-multa-de-r-77-mil\/#primaryimage\"},\"image\":{\"@id\":\"https:\/\/radiolifefm.com.br\/noticias\/com-madeiras-sem-documentacao-de-origem-a-venda-estabelecimento-de-adamantina-recebe-multa-de-r-77-mil\/#primaryimage\"},\"thumbnailUrl\":\"https:\/\/radiolifefm.com.br\/noticias\/wp-content\/uploads\/2022\/04\/cats-12.jpg\",\"datePublished\":\"2022-04-29T18:58:22+00:00\",\"dateModified\":\"2026-04-07T13:13:32+00:00\",\"breadcrumb\":{\"@id\":\"https:\/\/radiolifefm.com.br\/noticias\/com-madeiras-sem-documentacao-de-origem-a-venda-estabelecimento-de-adamantina-recebe-multa-de-r-77-mil\/#breadcrumb\"},\"inLanguage\":\"pt-BR\",\"potentialAction\":[{\"@type\":\"ReadAction\",\"target\":[\"https:\/\/radiolifefm.com.br\/noticias\/com-madeiras-sem-documentacao-de-origem-a-venda-estabelecimento-de-adamantina-recebe-multa-de-r-77-mil\/\"]}]},{\"@type\":\"ImageObject\",\"inLanguage\":\"pt-BR\",\"@id\":\"https:\/\/radiolifefm.com.br\/noticias\/com-madeiras-sem-documentacao-de-origem-a-venda-estabelecimento-de-adamantina-recebe-multa-de-r-77-mil\/#primaryimage\",\"url\":\"https:\/\/radiolifefm.com.br\/noticias\/wp-content\/uploads\/2022\/04\/cats-12.jpg\",\"contentUrl\":\"https:\/\/radiolifefm.com.br\/noticias\/wp-content\/uploads\/2022\/04\/cats-12.jpg\",\"width\":641,\"height\":493,\"caption\":\"Autua\u00e7\u00e3o ocorreu durante fiscaliza\u00e7\u00e3o da Pol\u00edcia Ambiental no p\u00e1tio do com\u00e9rcio. Foram constatados 25,9130 m\u00b3 sem declara\u00e7\u00e3o no sistema de Documento de Origem Florestal (DOF).\"},{\"@type\":\"BreadcrumbList\",\"@id\":\"https:\/\/radiolifefm.com.br\/noticias\/com-madeiras-sem-documentacao-de-origem-a-venda-estabelecimento-de-adamantina-recebe-multa-de-r-77-mil\/#breadcrumb\",\"itemListElement\":[{\"@type\":\"ListItem\",\"position\":1,\"name\":\"In\u00edcio\",\"item\":\"https:\/\/radiolifefm.com.br\/noticias\/\"},{\"@type\":\"ListItem\",\"position\":2,\"name\":\"Com madeiras sem documenta\u00e7\u00e3o de origem \u00e0 venda, estabelecimento de Adamantina recebe multa de R$ 7,7 mil\"}]},{\"@type\":\"WebSite\",\"@id\":\"https:\/\/radiolifefm.com.br\/noticias\/#website\",\"url\":\"https:\/\/radiolifefm.com.br\/noticias\/\",\"name\":\"R\u00e1dio Life FM\",\"description\":\"O Portal de Not\u00edcias de Adamantina\",\"publisher\":{\"@id\":\"https:\/\/radiolifefm.com.br\/noticias\/#organization\"},\"alternateName\":\"Life FM\",\"potentialAction\":[{\"@type\":\"SearchAction\",\"target\":{\"@type\":\"EntryPoint\",\"urlTemplate\":\"https:\/\/radiolifefm.com.br\/noticias\/?s={search_term_string}\"},\"query-input\":{\"@type\":\"PropertyValueSpecification\",\"valueRequired\":true,\"valueName\":\"search_term_string\"}}],\"inLanguage\":\"pt-BR\"},{\"@type\":\"Organization\",\"@id\":\"https:\/\/radiolifefm.com.br\/noticias\/#organization\",\"name\":\"R\u00e1dio Life FM\",\"alternateName\":\"Life FM\",\"url\":\"https:\/\/radiolifefm.com.br\/noticias\/\",\"logo\":{\"@type\":\"ImageObject\",\"inLanguage\":\"pt-BR\",\"@id\":\"https:\/\/radiolifefm.com.br\/noticias\/#\/schema\/logo\/image\/\",\"url\":\"https:\/\/static.radiolifefm.com.br\/noticias\/wp-content\/uploads\/2019\/10\/logo-lifefm.png\",\"contentUrl\":\"https:\/\/static.radiolifefm.com.br\/noticias\/wp-content\/uploads\/2019\/10\/logo-lifefm.png\",\"width\":196,\"height\":47,\"caption\":\"R\u00e1dio Life FM\"},\"image\":{\"@id\":\"https:\/\/radiolifefm.com.br\/noticias\/#\/schema\/logo\/image\/\"},\"sameAs\":[\"https:\/\/www.facebook.com\/radiolifefm\/\",\"https:\/\/www.instagram.com\/life1079fm\/\"]},{\"@type\":\"Person\",\"@id\":\"https:\/\/radiolifefm.com.br\/noticias\/#\/schema\/person\/6339b9fac59d12b071dec680d7375d87\",\"name\":\"ritanery\",\"image\":{\"@type\":\"ImageObject\",\"inLanguage\":\"pt-BR\",\"@id\":\"https:\/\/secure.gravatar.com\/avatar\/0e37bb19071f47c0b8a23f62a903df117c5a0e75f65a0c2901562f97cd41cf86?s=96&d=mm&r=g\",\"url\":\"https:\/\/secure.gravatar.com\/avatar\/0e37bb19071f47c0b8a23f62a903df117c5a0e75f65a0c2901562f97cd41cf86?s=96&d=mm&r=g\",\"contentUrl\":\"https:\/\/secure.gravatar.com\/avatar\/0e37bb19071f47c0b8a23f62a903df117c5a0e75f65a0c2901562f97cd41cf86?s=96&d=mm&r=g\",\"caption\":\"ritanery\"}}]}<\/script>\n<!-- \/ Yoast SEO plugin. -->","yoast_head_json":{"title":"Com madeiras sem documenta\u00e7\u00e3o de origem \u00e0 venda, estabelecimento de Adamantina recebe multa de R$ 7,7 mil - R\u00e1dio Life FM","robots":{"index":"index","follow":"follow","max-snippet":"max-snippet:-1","max-image-preview":"max-image-preview:large","max-video-preview":"max-video-preview:-1"},"canonical":"https:\/\/radiolifefm.com.br\/noticias\/com-madeiras-sem-documentacao-de-origem-a-venda-estabelecimento-de-adamantina-recebe-multa-de-r-77-mil\/","og_locale":"pt_BR","og_type":"article","og_title":"Com madeiras sem documenta\u00e7\u00e3o de origem \u00e0 venda, estabelecimento de Adamantina recebe multa de R$ 7,7 mil - R\u00e1dio Life FM","og_description":"A Pol\u00edcia Militar Ambiental multou uma madeireira no munic\u00edpio de\u00a0Adamantina(SP) em mais de R$ 7 mil durante fiscaliza\u00e7\u00e3o no p\u00e1tio do com\u00e9rcio, nesta quinta-feira (28). No local, foi constatada a venda de material sem documenta\u00e7\u00e3o. Os policiais realizaram vistoria no local e constataram irregularidade no saldo virtual em compara\u00e7\u00e3o com o saldo f\u00edsico da madeireira [&hellip;]","og_url":"https:\/\/radiolifefm.com.br\/noticias\/com-madeiras-sem-documentacao-de-origem-a-venda-estabelecimento-de-adamantina-recebe-multa-de-r-77-mil\/","og_site_name":"R\u00e1dio Life FM","article_publisher":"https:\/\/www.facebook.com\/radiolifefm\/","article_published_time":"2022-04-29T18:58:22+00:00","article_modified_time":"2026-04-07T13:13:32+00:00","og_image":[{"width":641,"height":493,"url":"https:\/\/radiolifefm.com.br\/noticias\/wp-content\/uploads\/2022\/04\/cats-12.jpg","type":"image\/jpeg"}],"author":"ritanery","twitter_card":"summary_large_image","twitter_misc":{"Escrito por":"ritanery","Est. tempo de leitura":"1 minuto"},"schema":{"@context":"https:\/\/schema.org","@graph":[{"@type":"Article","@id":"https:\/\/radiolifefm.com.br\/noticias\/com-madeiras-sem-documentacao-de-origem-a-venda-estabelecimento-de-adamantina-recebe-multa-de-r-77-mil\/#article","isPartOf":{"@id":"https:\/\/radiolifefm.com.br\/noticias\/com-madeiras-sem-documentacao-de-origem-a-venda-estabelecimento-de-adamantina-recebe-multa-de-r-77-mil\/"},"author":{"name":"ritanery","@id":"https:\/\/radiolifefm.com.br\/noticias\/#\/schema\/person\/6339b9fac59d12b071dec680d7375d87"},"headline":"Com madeiras sem documenta\u00e7\u00e3o de origem \u00e0 venda, estabelecimento de Adamantina recebe multa de R$ 7,7 mil","datePublished":"2022-04-29T18:58:22+00:00","dateModified":"2026-04-07T13:13:32+00:00","mainEntityOfPage":{"@id":"https:\/\/radiolifefm.com.br\/noticias\/com-madeiras-sem-documentacao-de-origem-a-venda-estabelecimento-de-adamantina-recebe-multa-de-r-77-mil\/"},"wordCount":268,"publisher":{"@id":"https:\/\/radiolifefm.com.br\/noticias\/#organization"},"image":{"@id":"https:\/\/radiolifefm.com.br\/noticias\/com-madeiras-sem-documentacao-de-origem-a-venda-estabelecimento-de-adamantina-recebe-multa-de-r-77-mil\/#primaryimage"},"thumbnailUrl":"https:\/\/radiolifefm.com.br\/noticias\/wp-content\/uploads\/2022\/04\/cats-12.jpg","articleSection":["Adamantina"],"inLanguage":"pt-BR"},{"@type":"WebPage","@id":"https:\/\/radiolifefm.com.br\/noticias\/com-madeiras-sem-documentacao-de-origem-a-venda-estabelecimento-de-adamantina-recebe-multa-de-r-77-mil\/","url":"https:\/\/radiolifefm.com.br\/noticias\/com-madeiras-sem-documentacao-de-origem-a-venda-estabelecimento-de-adamantina-recebe-multa-de-r-77-mil\/","name":"Com madeiras sem documenta\u00e7\u00e3o de origem \u00e0 venda, estabelecimento de Adamantina recebe multa de R$ 7,7 mil - R\u00e1dio Life FM","isPartOf":{"@id":"https:\/\/radiolifefm.com.br\/noticias\/#website"},"primaryImageOfPage":{"@id":"https:\/\/radiolifefm.com.br\/noticias\/com-madeiras-sem-documentacao-de-origem-a-venda-estabelecimento-de-adamantina-recebe-multa-de-r-77-mil\/#primaryimage"},"image":{"@id":"https:\/\/radiolifefm.com.br\/noticias\/com-madeiras-sem-documentacao-de-origem-a-venda-estabelecimento-de-adamantina-recebe-multa-de-r-77-mil\/#primaryimage"},"thumbnailUrl":"https:\/\/radiolifefm.com.br\/noticias\/wp-content\/uploads\/2022\/04\/cats-12.jpg","datePublished":"2022-04-29T18:58:22+00:00","dateModified":"2026-04-07T13:13:32+00:00","breadcrumb":{"@id":"https:\/\/radiolifefm.com.br\/noticias\/com-madeiras-sem-documentacao-de-origem-a-venda-estabelecimento-de-adamantina-recebe-multa-de-r-77-mil\/#breadcrumb"},"inLanguage":"pt-BR","potentialAction":[{"@type":"ReadAction","target":["https:\/\/radiolifefm.com.br\/noticias\/com-madeiras-sem-documentacao-de-origem-a-venda-estabelecimento-de-adamantina-recebe-multa-de-r-77-mil\/"]}]},{"@type":"ImageObject","inLanguage":"pt-BR","@id":"https:\/\/radiolifefm.com.br\/noticias\/com-madeiras-sem-documentacao-de-origem-a-venda-estabelecimento-de-adamantina-recebe-multa-de-r-77-mil\/#primaryimage","url":"https:\/\/radiolifefm.com.br\/noticias\/wp-content\/uploads\/2022\/04\/cats-12.jpg","contentUrl":"https:\/\/radiolifefm.com.br\/noticias\/wp-content\/uploads\/2022\/04\/cats-12.jpg","width":641,"height":493,"caption":"Autua\u00e7\u00e3o ocorreu durante fiscaliza\u00e7\u00e3o da Pol\u00edcia Ambiental no p\u00e1tio do com\u00e9rcio. Foram constatados 25,9130 m\u00b3 sem declara\u00e7\u00e3o no sistema de Documento de Origem Florestal (DOF)."},{"@type":"BreadcrumbList","@id":"https:\/\/radiolifefm.com.br\/noticias\/com-madeiras-sem-documentacao-de-origem-a-venda-estabelecimento-de-adamantina-recebe-multa-de-r-77-mil\/#breadcrumb","itemListElement":[{"@type":"ListItem","position":1,"name":"In\u00edcio","item":"https:\/\/radiolifefm.com.br\/noticias\/"},{"@type":"ListItem","position":2,"name":"Com madeiras sem documenta\u00e7\u00e3o de origem \u00e0 venda, estabelecimento de Adamantina recebe multa de R$ 7,7 mil"}]},{"@type":"WebSite","@id":"https:\/\/radiolifefm.com.br\/noticias\/#website","url":"https:\/\/radiolifefm.com.br\/noticias\/","name":"R\u00e1dio Life FM","description":"O Portal de Not\u00edcias de Adamantina","publisher":{"@id":"https:\/\/radiolifefm.com.br\/noticias\/#organization"},"alternateName":"Life FM","potentialAction":[{"@type":"SearchAction","target":{"@type":"EntryPoint","urlTemplate":"https:\/\/radiolifefm.com.br\/noticias\/?s={search_term_string}"},"query-input":{"@type":"PropertyValueSpecification","valueRequired":true,"valueName":"search_term_string"}}],"inLanguage":"pt-BR"},{"@type":"Organization","@id":"https:\/\/radiolifefm.com.br\/noticias\/#organization","name":"R\u00e1dio Life FM","alternateName":"Life FM","url":"https:\/\/radiolifefm.com.br\/noticias\/","logo":{"@type":"ImageObject","inLanguage":"pt-BR","@id":"https:\/\/radiolifefm.com.br\/noticias\/#\/schema\/logo\/image\/","url":"https:\/\/static.radiolifefm.com.br\/noticias\/wp-content\/uploads\/2019\/10\/logo-lifefm.png","contentUrl":"https:\/\/static.radiolifefm.com.br\/noticias\/wp-content\/uploads\/2019\/10\/logo-lifefm.png","width":196,"height":47,"caption":"R\u00e1dio Life FM"},"image":{"@id":"https:\/\/radiolifefm.com.br\/noticias\/#\/schema\/logo\/image\/"},"sameAs":["https:\/\/www.facebook.com\/radiolifefm\/","https:\/\/www.instagram.com\/life1079fm\/"]},{"@type":"Person","@id":"https:\/\/radiolifefm.com.br\/noticias\/#\/schema\/person\/6339b9fac59d12b071dec680d7375d87","name":"ritanery","image":{"@type":"ImageObject","inLanguage":"pt-BR","@id":"https:\/\/secure.gravatar.com\/avatar\/0e37bb19071f47c0b8a23f62a903df117c5a0e75f65a0c2901562f97cd41cf86?s=96&d=mm&r=g","url":"https:\/\/secure.gravatar.com\/avatar\/0e37bb19071f47c0b8a23f62a903df117c5a0e75f65a0c2901562f97cd41cf86?s=96&d=mm&r=g","contentUrl":"https:\/\/secure.gravatar.com\/avatar\/0e37bb19071f47c0b8a23f62a903df117c5a0e75f65a0c2901562f97cd41cf86?s=96&d=mm&r=g","caption":"ritanery"}}]}},"amp_enabled":true,"_links":{"self":[{"href":"https:\/\/radiolifefm.com.br\/noticias\/wp-json\/wp\/v2\/posts\/52796","targetHints":{"allow":["GET"]}}],"collection":[{"href":"https:\/\/radiolifefm.com.br\/noticias\/wp-json\/wp\/v2\/posts"}],"about":[{"href":"https:\/\/radiolifefm.com.br\/noticias\/wp-json\/wp\/v2\/types\/post"}],"author":[{"embeddable":true,"href":"https:\/\/radiolifefm.com.br\/noticias\/wp-json\/wp\/v2\/users\/13"}],"replies":[{"embeddable":true,"href":"https:\/\/radiolifefm.com.br\/noticias\/wp-json\/wp\/v2\/comments?post=52796"}],"version-history":[{"count":2,"href":"https:\/\/radiolifefm.com.br\/noticias\/wp-json\/wp\/v2\/posts\/52796\/revisions"}],"predecessor-version":[{"id":52800,"href":"https:\/\/radiolifefm.com.br\/noticias\/wp-json\/wp\/v2\/posts\/52796\/revisions\/52800"}],"wp:featuredmedia":[{"embeddable":true,"href":"https:\/\/radiolifefm.com.br\/noticias\/wp-json\/wp\/v2\/media\/52797"}],"wp:attachment":[{"href":"https:\/\/radiolifefm.com.br\/noticias\/wp-json\/wp\/v2\/media?parent=52796"}],"wp:term":[{"taxonomy":"category","embeddable":true,"href":"https:\/\/radiolifefm.com.br\/noticias\/wp-json\/wp\/v2\/categories?post=52796"},{"taxonomy":"post_tag","embeddable":true,"href":"https:\/\/radiolifefm.com.br\/noticias\/wp-json\/wp\/v2\/tags?post=52796"}],"curies":[{"name":"wp","href":"https:\/\/api.w.org\/{rel}","templated":true}]}}