{"id":52775,"date":"2022-04-29T09:31:12","date_gmt":"2022-04-29T12:31:12","guid":{"rendered":"https:\/\/radiolifefm.com.br\/noticias\/?p=52775"},"modified":"2026-04-23T12:19:55","modified_gmt":"2026-04-23T15:19:55","slug":"natural-de-adamantina-ro-siqueira-se-consolida-como-o-rei-do-chanel","status":"publish","type":"post","link":"https:\/\/radiolifefm.com.br\/noticias\/natural-de-adamantina-ro-siqueira-se-consolida-como-o-rei-do-chanel\/","title":{"rendered":"Natural de Adamantina, R\u00f4 Siqueira se consolida como o \u2018Rei do Chanel\u2019"},"content":{"rendered":"<div id=\"fb-root\"><\/div>\n<p>Uma postagem em suas redes sociais, no dia 7 de outubro, em que recorda o per\u00edodo da adolesc\u00eancia em Adamantina e celebra a fabulosa transforma\u00e7\u00e3o que alcan\u00e7ou ao longo de 20 anos como cabelereiro, despertou em Rodrigo Siqueira a vontade de revisitar o espa\u00e7o onde cresceu e iniciou os primeiros passos em uma trajet\u00f3ria marcada por muita batalha e sucesso.<\/p>\n<p><img loading=\"lazy\" decoding=\"async\" class=\"aligncenter wp-image-52776 size-full\" src=\"https:\/\/static.radiolifefm.com.br\/wp-content\/uploads\/sites\/2\/2022\/04\/WhatsApp-Image-2022-04-29-at-09.22.49.jpeg\" alt=\"\" width=\"859\" height=\"558\" srcset=\"https:\/\/radiolifefm.com.br\/noticias\/wp-content\/uploads\/2022\/04\/WhatsApp-Image-2022-04-29-at-09.22.49.jpeg 859w, https:\/\/radiolifefm.com.br\/noticias\/wp-content\/uploads\/2022\/04\/WhatsApp-Image-2022-04-29-at-09.22.49-300x195.jpeg 300w, https:\/\/radiolifefm.com.br\/noticias\/wp-content\/uploads\/2022\/04\/WhatsApp-Image-2022-04-29-at-09.22.49-768x499.jpeg 768w\" sizes=\"auto, (max-width: 859px) 100vw, 859px\" \/><br \/>\nConhecido como \u2018Rei do Chanel\u2019 e o melhor cabelereiro para cortes, o hairstylist R\u00f4 Siqueira como \u00e9 mais conhecido conquista cada vez mais destaque, inclusive com a inaugura\u00e7\u00e3o de seu novo espa\u00e7o de beleza, localizado no Jardim Paulista, \u00e1rea nobre de S\u00e3o Paulo.<br \/>\nO profissional retorna a Adamantina neste final de semana, ap\u00f3s 36 anos. Ele far\u00e1 uma visita \u00e0 resid\u00eancia em que morou com a m\u00e3e, Lucilia Siqueira, at\u00e9 meados da d\u00e9cada de 1.980.<br \/>\nEm entrevista ao Di\u00e1rio, Rodrigo destaca que pretende fazer um \u201cde volta \u00e0 minha terra\u201d, inclusive refazendo a foto no mesmo lugar em que a da postagem de #TBT, no Instagram (@ro.hsiqueira), que alcan\u00e7ou mais de 49 mil likes e 2 mil coment\u00e1rios.<br \/>\n\u201cNasci em Adamantina, e morei com minha fam\u00edlia no Parque Itamarati. Quando era crian\u00e7a tivemos uma vida extremamente pobre, a gente vivia no perrengue\u201d, relembra Rodrigo. \u201cMinha m\u00e3e saiu da ro\u00e7a, fazia faxina, enfim, fazia de tudo para que a gente n\u00e3o passasse fome\u201d, complementa.<br \/>\nO \u2018Rei do Chanel\u2019 mudou-se para S\u00e3o Paulo em 1.986 e nunca mais retornou a cidade natal. E, foi na capital paulista que desenvolveu as habilidades como cabelereiro, dom que j\u00e1 o acompanhava nos tempos de Adamantina. \u201cAqui em S\u00e3o Paulo, como cabeleireiro, eu mudei a minha vida, a minha hist\u00f3ria e de toda a minha fam\u00edlia\u201d, revela o profissional que se aprimorou, desenvolveu um m\u00e9todo pr\u00f3prio, uma loja de produtos para profissionais da \u00e1rea e se consolida, cada vez mais, no mercado da beleza.<br \/>\nMesmo com a agenda lotada, com espa\u00e7o em um dos locais mais caros da capital paulista, Rodrigo faz quest\u00e3o de visitar Adamantina. \u201cTemos muito orgulho de nossas origens e, com muita humildade, conquistamos um espa\u00e7o importante como profissional. Agora quero voltar a esse passado, que faz parte de mim e da minha fam\u00edlia\u201d, destaca. \u201cVou com minha m\u00e3e, falar de onde eu sa\u00ed, como que eu cheguei aqui, qual foi o processo de transforma\u00e7\u00e3o e deixando a mensagem de que trabalhando \u00e9 poss\u00edvel voc\u00ea mudar a vida. Voc\u00ea tem que ter perseveran\u00e7a, vontade de vencer\u201d.<\/p>\n<p><strong>Forma\u00e7\u00e3o<\/strong><br \/>\nAos 43 anos, Rodrigo iniciou sua carreira h\u00e1 22 anos, mas se tornou especialista em cortes de cabelos curtos, especialmente ap\u00f3s participar de cursos preparat\u00f3rios ao longo dos 12 anos que morou nos EUA, em escoas de Boston (MA), Nova York (NY), Los Angeles (CA) e Miami (FL). Em 2.010 retornou ao Brasil j\u00e1 como um nome consolidado e se juntou ao sal\u00e3o MG Hair Design, do hairstylist Marco Ant\u00f4nio de Biaggi.<\/p>\n<p><strong>Espa\u00e7o R\u00f4 Siqueira<\/strong><br \/>\nNo ano passado, decidiu ter o seu pr\u00f3prio espa\u00e7o, o \u201cEspa\u00e7o R\u00f4 Siqueira\u201d, um complexo com 2.5 mil m\u00b2, que conta com mais de 120 funcion\u00e1rios, com outros espa\u00e7os de beleza e possui uma proposta de atendimento ao ar livre e que traz a sensa\u00e7\u00e3o de bem-estar. \u201cAqui, al\u00e9m de ter um sal\u00e3o com \u00e1rea externa e ilumina\u00e7\u00e3o natural, a gente tem um jardim enorme e maravilhoso, uma \u00e1rea externa incr\u00edvel, tem at\u00e9 restaurante. A cliente se sente em um spa, com mais qualidade de vida e em um local mais arejado!\u201d<br \/>\nQuanto ao espa\u00e7o, Rodrigo afirma estar muito animado com a nova fase. \u201cA sensa\u00e7\u00e3o de abrir um sal\u00e3o e estar tendo sucesso \u00e9 maravilhosa. A gente trabalha para isso, com o intuito de ter um lugar com a nossa identidade. E aqui, a cliente se sente no quintal da casa dela, ela vem para o sal\u00e3o e n\u00e3o quer ir embora. Essa sensa\u00e7\u00e3o \u00e9 maravilhosa\u201d.<\/p>\n<p><strong>Marca Pr\u00f3pria<\/strong><br \/>\nAp\u00f3s estudar nas melhores escolas de cabeleireiros do mundo, Rodrigo Siqueira em busca de conhecimentos e atualiza\u00e7\u00f5es, desenvolveu e absorveu t\u00e9cnicas de cortes de cabelo que funcionam e eliminou o que n\u00e3o funciona, assim, se tornando destaque mundial em cortes, principalmente nos estilos Bob cut, Long Bob e Short Bob.<br \/>\nO destaque alcan\u00e7ado levou a cria\u00e7\u00e3o de uma loja on-line, onde recomenda produtos e ferramentas utilizadas por ele e que facilitam o dia-a-dia de suas clientes e cabeleireiros admiradores do seu trabalho. Destaque para os produtos com a marca R\u00f4 Siqueira.<\/p>\n<p><strong>M\u00e9todo R\u00f4 Siqueira<\/strong><br \/>\nToda o know-how alcan\u00e7ado no decorrer de duas d\u00e9cadas, Rodrigo empregou para a cria\u00e7\u00e3o de um m\u00e9todo pr\u00f3prio, que leva seu nome. Com uma metodologia simples e pr\u00e1tica, desenvolvida investir muito em aprendizado e qualifica\u00e7\u00e3o, o profissional preparou um curso on-line que j\u00e1 formou mais de 150 mil alunos, inclusive com alunos de Adamantina. \u201cResolvi multiplicar o meu talento e empacotei tudo isso em um curso on-line em mais de 90 aulas, com pura pr\u00e1tica que vai tornar o aluno em especialista em qualquer corte de cabelo\u201d<br \/>\nConhecido como um dos tops 5 cabelereiros do mundo em se tratando de cortes curtos, Rodrigo re\u00fane 800 mil seguidores s\u00f3 no Instagram, n\u00famero que cresce a cada dia. \u201cNo curso online trabalho muito a parte t\u00e9cnica e a parte de transforma\u00e7\u00e3o de vida mesmo\u201d, destaca o profissional.<\/p>\n<div class='flex flex-wrap items-center -mx-1'>\r\n<a class='thumbnail gallery p-1 w-1\/2 md:w-1\/4' href='https:\/\/radiolifefm.com.br\/noticias\/wp-content\/uploads\/2022\/04\/WhatsApp-Image-2022-04-29-at-09.22.49-1.jpeg'><img class='border border-white' src='https:\/\/radiolifefm.com.br\/noticias\/wp-content\/uploads\/2022\/04\/WhatsApp-Image-2022-04-29-at-09.22.49-1-200x200.jpeg' alt='WhatsApp Image 2022 04 29 At 09.22.49 (1)' \/><\/a><a class='thumbnail gallery p-1 w-1\/2 md:w-1\/4' href='https:\/\/radiolifefm.com.br\/noticias\/wp-content\/uploads\/2022\/04\/WhatsApp-Image-2022-04-29-at-09.22.48.jpeg'><img class='border border-white' src='https:\/\/radiolifefm.com.br\/noticias\/wp-content\/uploads\/2022\/04\/WhatsApp-Image-2022-04-29-at-09.22.48-200x200.jpeg' alt='WhatsApp Image 2022 04 29 At 09.22.48' \/><\/a><a class='thumbnail gallery p-1 w-1\/2 md:w-1\/4' href='https:\/\/radiolifefm.com.br\/noticias\/wp-content\/uploads\/2022\/04\/WhatsApp-Image-2022-04-29-at-09.22.49-2.jpeg'><img class='border border-white' src='https:\/\/radiolifefm.com.br\/noticias\/wp-content\/uploads\/2022\/04\/WhatsApp-Image-2022-04-29-at-09.22.49-2-200x200.jpeg' alt='WhatsApp Image 2022 04 29 At 09.22.49 (2)' \/><\/a><a class='thumbnail gallery p-1 w-1\/2 md:w-1\/4' href='https:\/\/radiolifefm.com.br\/noticias\/wp-content\/uploads\/2022\/04\/WhatsApp-Image-2022-04-29-at-09.22.50.jpeg'><img class='border border-white' src='https:\/\/radiolifefm.com.br\/noticias\/wp-content\/uploads\/2022\/04\/WhatsApp-Image-2022-04-29-at-09.22.50-200x200.jpeg' alt='WhatsApp Image 2022 04 29 At 09.22.50' \/><\/a><\/div>\n<p>Fonte: Di\u00e1rio do Oeste<\/p>\n","protected":false},"excerpt":{"rendered":"<p>Uma postagem em suas redes sociais, no dia 7 de outubro, em que recorda o per\u00edodo da adolesc\u00eancia em Adamantina e celebra a fabulosa transforma\u00e7\u00e3o que alcan\u00e7ou ao longo de 20 anos como cabelereiro, despertou em Rodrigo Siqueira a vontade de revisitar o espa\u00e7o onde cresceu e iniciou os primeiros passos em uma trajet\u00f3ria marcada [&hellip;]<\/p>\n","protected":false},"author":13,"featured_media":52777,"comment_status":"closed","ping_status":"open","sticky":false,"template":"","format":"standard","meta":{"_acf_changed":false,"_exactmetrics_skip_tracking":false,"_exactmetrics_sitenote_active":false,"_exactmetrics_sitenote_note":"","_exactmetrics_sitenote_category":0,"footnotes":""},"categories":[21],"tags":[],"class_list":["post-52775","post","type-post","status-publish","format-standard","has-post-thumbnail","hentry","category-adamantina"],"acf":[],"yoast_head":"<!-- This site is optimized with the Yoast SEO plugin v27.2 - https:\/\/yoast.com\/product\/yoast-seo-wordpress\/ -->\n<title>Natural de Adamantina, R\u00f4 Siqueira se consolida como o \u2018Rei do Chanel\u2019 - R\u00e1dio Life FM<\/title>\n<meta name=\"robots\" content=\"index, follow, max-snippet:-1, max-image-preview:large, max-video-preview:-1\" \/>\n<link rel=\"canonical\" href=\"https:\/\/radiolifefm.com.br\/noticias\/natural-de-adamantina-ro-siqueira-se-consolida-como-o-rei-do-chanel\/\" \/>\n<meta property=\"og:locale\" content=\"pt_BR\" \/>\n<meta property=\"og:type\" content=\"article\" \/>\n<meta property=\"og:title\" content=\"Natural de Adamantina, R\u00f4 Siqueira se consolida como o \u2018Rei do Chanel\u2019 - R\u00e1dio Life FM\" \/>\n<meta property=\"og:description\" content=\"Uma postagem em suas redes sociais, no dia 7 de outubro, em que recorda o per\u00edodo da adolesc\u00eancia em Adamantina e celebra a fabulosa transforma\u00e7\u00e3o que alcan\u00e7ou ao longo de 20 anos como cabelereiro, despertou em Rodrigo Siqueira a vontade de revisitar o espa\u00e7o onde cresceu e iniciou os primeiros passos em uma trajet\u00f3ria marcada [&hellip;]\" \/>\n<meta property=\"og:url\" content=\"https:\/\/radiolifefm.com.br\/noticias\/natural-de-adamantina-ro-siqueira-se-consolida-como-o-rei-do-chanel\/\" \/>\n<meta property=\"og:site_name\" content=\"R\u00e1dio Life FM\" \/>\n<meta property=\"article:publisher\" content=\"https:\/\/www.facebook.com\/radiolifefm\/\" \/>\n<meta property=\"article:published_time\" content=\"2022-04-29T12:31:12+00:00\" \/>\n<meta property=\"article:modified_time\" content=\"2026-04-23T15:19:55+00:00\" \/>\n<meta property=\"og:image\" content=\"https:\/\/radiolifefm.com.br\/noticias\/wp-content\/uploads\/2022\/04\/WhatsApp-Image-2022-04-29-at-09.22.49-1.jpeg\" \/>\n\t<meta property=\"og:image:width\" content=\"1278\" \/>\n\t<meta property=\"og:image:height\" content=\"1280\" \/>\n\t<meta property=\"og:image:type\" content=\"image\/jpeg\" \/>\n<meta name=\"author\" content=\"ritanery\" \/>\n<meta name=\"twitter:card\" content=\"summary_large_image\" \/>\n<meta name=\"twitter:label1\" content=\"Escrito por\" \/>\n\t<meta name=\"twitter:data1\" content=\"ritanery\" \/>\n\t<meta name=\"twitter:label2\" content=\"Est. tempo de leitura\" \/>\n\t<meta name=\"twitter:data2\" content=\"5 minutos\" \/>\n<script type=\"application\/ld+json\" class=\"yoast-schema-graph\">{\"@context\":\"https:\/\/schema.org\",\"@graph\":[{\"@type\":\"Article\",\"@id\":\"https:\/\/radiolifefm.com.br\/noticias\/natural-de-adamantina-ro-siqueira-se-consolida-como-o-rei-do-chanel\/#article\",\"isPartOf\":{\"@id\":\"https:\/\/radiolifefm.com.br\/noticias\/natural-de-adamantina-ro-siqueira-se-consolida-como-o-rei-do-chanel\/\"},\"author\":{\"name\":\"ritanery\",\"@id\":\"https:\/\/radiolifefm.com.br\/noticias\/#\/schema\/person\/6339b9fac59d12b071dec680d7375d87\"},\"headline\":\"Natural de Adamantina, R\u00f4 Siqueira se consolida como o \u2018Rei do Chanel\u2019\",\"datePublished\":\"2022-04-29T12:31:12+00:00\",\"dateModified\":\"2026-04-23T15:19:55+00:00\",\"mainEntityOfPage\":{\"@id\":\"https:\/\/radiolifefm.com.br\/noticias\/natural-de-adamantina-ro-siqueira-se-consolida-como-o-rei-do-chanel\/\"},\"wordCount\":943,\"publisher\":{\"@id\":\"https:\/\/radiolifefm.com.br\/noticias\/#organization\"},\"image\":{\"@id\":\"https:\/\/radiolifefm.com.br\/noticias\/natural-de-adamantina-ro-siqueira-se-consolida-como-o-rei-do-chanel\/#primaryimage\"},\"thumbnailUrl\":\"https:\/\/radiolifefm.com.br\/noticias\/wp-content\/uploads\/2022\/04\/WhatsApp-Image-2022-04-29-at-09.22.49-1.jpeg\",\"articleSection\":[\"Adamantina\"],\"inLanguage\":\"pt-BR\"},{\"@type\":\"WebPage\",\"@id\":\"https:\/\/radiolifefm.com.br\/noticias\/natural-de-adamantina-ro-siqueira-se-consolida-como-o-rei-do-chanel\/\",\"url\":\"https:\/\/radiolifefm.com.br\/noticias\/natural-de-adamantina-ro-siqueira-se-consolida-como-o-rei-do-chanel\/\",\"name\":\"Natural de Adamantina, R\u00f4 Siqueira se consolida como o \u2018Rei do Chanel\u2019 - R\u00e1dio Life FM\",\"isPartOf\":{\"@id\":\"https:\/\/radiolifefm.com.br\/noticias\/#website\"},\"primaryImageOfPage\":{\"@id\":\"https:\/\/radiolifefm.com.br\/noticias\/natural-de-adamantina-ro-siqueira-se-consolida-como-o-rei-do-chanel\/#primaryimage\"},\"image\":{\"@id\":\"https:\/\/radiolifefm.com.br\/noticias\/natural-de-adamantina-ro-siqueira-se-consolida-como-o-rei-do-chanel\/#primaryimage\"},\"thumbnailUrl\":\"https:\/\/radiolifefm.com.br\/noticias\/wp-content\/uploads\/2022\/04\/WhatsApp-Image-2022-04-29-at-09.22.49-1.jpeg\",\"datePublished\":\"2022-04-29T12:31:12+00:00\",\"dateModified\":\"2026-04-23T15:19:55+00:00\",\"breadcrumb\":{\"@id\":\"https:\/\/radiolifefm.com.br\/noticias\/natural-de-adamantina-ro-siqueira-se-consolida-como-o-rei-do-chanel\/#breadcrumb\"},\"inLanguage\":\"pt-BR\",\"potentialAction\":[{\"@type\":\"ReadAction\",\"target\":[\"https:\/\/radiolifefm.com.br\/noticias\/natural-de-adamantina-ro-siqueira-se-consolida-como-o-rei-do-chanel\/\"]}]},{\"@type\":\"ImageObject\",\"inLanguage\":\"pt-BR\",\"@id\":\"https:\/\/radiolifefm.com.br\/noticias\/natural-de-adamantina-ro-siqueira-se-consolida-como-o-rei-do-chanel\/#primaryimage\",\"url\":\"https:\/\/radiolifefm.com.br\/noticias\/wp-content\/uploads\/2022\/04\/WhatsApp-Image-2022-04-29-at-09.22.49-1.jpeg\",\"contentUrl\":\"https:\/\/radiolifefm.com.br\/noticias\/wp-content\/uploads\/2022\/04\/WhatsApp-Image-2022-04-29-at-09.22.49-1.jpeg\",\"width\":1278,\"height\":1280},{\"@type\":\"BreadcrumbList\",\"@id\":\"https:\/\/radiolifefm.com.br\/noticias\/natural-de-adamantina-ro-siqueira-se-consolida-como-o-rei-do-chanel\/#breadcrumb\",\"itemListElement\":[{\"@type\":\"ListItem\",\"position\":1,\"name\":\"In\u00edcio\",\"item\":\"https:\/\/radiolifefm.com.br\/noticias\/\"},{\"@type\":\"ListItem\",\"position\":2,\"name\":\"Natural de Adamantina, R\u00f4 Siqueira se consolida como o \u2018Rei do Chanel\u2019\"}]},{\"@type\":\"WebSite\",\"@id\":\"https:\/\/radiolifefm.com.br\/noticias\/#website\",\"url\":\"https:\/\/radiolifefm.com.br\/noticias\/\",\"name\":\"R\u00e1dio Life FM\",\"description\":\"O Portal de Not\u00edcias de Adamantina\",\"publisher\":{\"@id\":\"https:\/\/radiolifefm.com.br\/noticias\/#organization\"},\"alternateName\":\"Life FM\",\"potentialAction\":[{\"@type\":\"SearchAction\",\"target\":{\"@type\":\"EntryPoint\",\"urlTemplate\":\"https:\/\/radiolifefm.com.br\/noticias\/?s={search_term_string}\"},\"query-input\":{\"@type\":\"PropertyValueSpecification\",\"valueRequired\":true,\"valueName\":\"search_term_string\"}}],\"inLanguage\":\"pt-BR\"},{\"@type\":\"Organization\",\"@id\":\"https:\/\/radiolifefm.com.br\/noticias\/#organization\",\"name\":\"R\u00e1dio Life FM\",\"alternateName\":\"Life FM\",\"url\":\"https:\/\/radiolifefm.com.br\/noticias\/\",\"logo\":{\"@type\":\"ImageObject\",\"inLanguage\":\"pt-BR\",\"@id\":\"https:\/\/radiolifefm.com.br\/noticias\/#\/schema\/logo\/image\/\",\"url\":\"https:\/\/static.radiolifefm.com.br\/noticias\/wp-content\/uploads\/2019\/10\/logo-lifefm.png\",\"contentUrl\":\"https:\/\/static.radiolifefm.com.br\/noticias\/wp-content\/uploads\/2019\/10\/logo-lifefm.png\",\"width\":196,\"height\":47,\"caption\":\"R\u00e1dio Life FM\"},\"image\":{\"@id\":\"https:\/\/radiolifefm.com.br\/noticias\/#\/schema\/logo\/image\/\"},\"sameAs\":[\"https:\/\/www.facebook.com\/radiolifefm\/\",\"https:\/\/www.instagram.com\/life1079fm\/\"]},{\"@type\":\"Person\",\"@id\":\"https:\/\/radiolifefm.com.br\/noticias\/#\/schema\/person\/6339b9fac59d12b071dec680d7375d87\",\"name\":\"ritanery\",\"image\":{\"@type\":\"ImageObject\",\"inLanguage\":\"pt-BR\",\"@id\":\"https:\/\/secure.gravatar.com\/avatar\/0e37bb19071f47c0b8a23f62a903df117c5a0e75f65a0c2901562f97cd41cf86?s=96&d=mm&r=g\",\"url\":\"https:\/\/secure.gravatar.com\/avatar\/0e37bb19071f47c0b8a23f62a903df117c5a0e75f65a0c2901562f97cd41cf86?s=96&d=mm&r=g\",\"contentUrl\":\"https:\/\/secure.gravatar.com\/avatar\/0e37bb19071f47c0b8a23f62a903df117c5a0e75f65a0c2901562f97cd41cf86?s=96&d=mm&r=g\",\"caption\":\"ritanery\"}}]}<\/script>\n<!-- \/ Yoast SEO plugin. -->","yoast_head_json":{"title":"Natural de Adamantina, R\u00f4 Siqueira se consolida como o \u2018Rei do Chanel\u2019 - R\u00e1dio Life FM","robots":{"index":"index","follow":"follow","max-snippet":"max-snippet:-1","max-image-preview":"max-image-preview:large","max-video-preview":"max-video-preview:-1"},"canonical":"https:\/\/radiolifefm.com.br\/noticias\/natural-de-adamantina-ro-siqueira-se-consolida-como-o-rei-do-chanel\/","og_locale":"pt_BR","og_type":"article","og_title":"Natural de Adamantina, R\u00f4 Siqueira se consolida como o \u2018Rei do Chanel\u2019 - R\u00e1dio Life FM","og_description":"Uma postagem em suas redes sociais, no dia 7 de outubro, em que recorda o per\u00edodo da adolesc\u00eancia em Adamantina e celebra a fabulosa transforma\u00e7\u00e3o que alcan\u00e7ou ao longo de 20 anos como cabelereiro, despertou em Rodrigo Siqueira a vontade de revisitar o espa\u00e7o onde cresceu e iniciou os primeiros passos em uma trajet\u00f3ria marcada [&hellip;]","og_url":"https:\/\/radiolifefm.com.br\/noticias\/natural-de-adamantina-ro-siqueira-se-consolida-como-o-rei-do-chanel\/","og_site_name":"R\u00e1dio Life FM","article_publisher":"https:\/\/www.facebook.com\/radiolifefm\/","article_published_time":"2022-04-29T12:31:12+00:00","article_modified_time":"2026-04-23T15:19:55+00:00","og_image":[{"width":1278,"height":1280,"url":"https:\/\/radiolifefm.com.br\/noticias\/wp-content\/uploads\/2022\/04\/WhatsApp-Image-2022-04-29-at-09.22.49-1.jpeg","type":"image\/jpeg"}],"author":"ritanery","twitter_card":"summary_large_image","twitter_misc":{"Escrito por":"ritanery","Est. tempo de leitura":"5 minutos"},"schema":{"@context":"https:\/\/schema.org","@graph":[{"@type":"Article","@id":"https:\/\/radiolifefm.com.br\/noticias\/natural-de-adamantina-ro-siqueira-se-consolida-como-o-rei-do-chanel\/#article","isPartOf":{"@id":"https:\/\/radiolifefm.com.br\/noticias\/natural-de-adamantina-ro-siqueira-se-consolida-como-o-rei-do-chanel\/"},"author":{"name":"ritanery","@id":"https:\/\/radiolifefm.com.br\/noticias\/#\/schema\/person\/6339b9fac59d12b071dec680d7375d87"},"headline":"Natural de Adamantina, R\u00f4 Siqueira se consolida como o \u2018Rei do Chanel\u2019","datePublished":"2022-04-29T12:31:12+00:00","dateModified":"2026-04-23T15:19:55+00:00","mainEntityOfPage":{"@id":"https:\/\/radiolifefm.com.br\/noticias\/natural-de-adamantina-ro-siqueira-se-consolida-como-o-rei-do-chanel\/"},"wordCount":943,"publisher":{"@id":"https:\/\/radiolifefm.com.br\/noticias\/#organization"},"image":{"@id":"https:\/\/radiolifefm.com.br\/noticias\/natural-de-adamantina-ro-siqueira-se-consolida-como-o-rei-do-chanel\/#primaryimage"},"thumbnailUrl":"https:\/\/radiolifefm.com.br\/noticias\/wp-content\/uploads\/2022\/04\/WhatsApp-Image-2022-04-29-at-09.22.49-1.jpeg","articleSection":["Adamantina"],"inLanguage":"pt-BR"},{"@type":"WebPage","@id":"https:\/\/radiolifefm.com.br\/noticias\/natural-de-adamantina-ro-siqueira-se-consolida-como-o-rei-do-chanel\/","url":"https:\/\/radiolifefm.com.br\/noticias\/natural-de-adamantina-ro-siqueira-se-consolida-como-o-rei-do-chanel\/","name":"Natural de Adamantina, R\u00f4 Siqueira se consolida como o \u2018Rei do Chanel\u2019 - R\u00e1dio Life FM","isPartOf":{"@id":"https:\/\/radiolifefm.com.br\/noticias\/#website"},"primaryImageOfPage":{"@id":"https:\/\/radiolifefm.com.br\/noticias\/natural-de-adamantina-ro-siqueira-se-consolida-como-o-rei-do-chanel\/#primaryimage"},"image":{"@id":"https:\/\/radiolifefm.com.br\/noticias\/natural-de-adamantina-ro-siqueira-se-consolida-como-o-rei-do-chanel\/#primaryimage"},"thumbnailUrl":"https:\/\/radiolifefm.com.br\/noticias\/wp-content\/uploads\/2022\/04\/WhatsApp-Image-2022-04-29-at-09.22.49-1.jpeg","datePublished":"2022-04-29T12:31:12+00:00","dateModified":"2026-04-23T15:19:55+00:00","breadcrumb":{"@id":"https:\/\/radiolifefm.com.br\/noticias\/natural-de-adamantina-ro-siqueira-se-consolida-como-o-rei-do-chanel\/#breadcrumb"},"inLanguage":"pt-BR","potentialAction":[{"@type":"ReadAction","target":["https:\/\/radiolifefm.com.br\/noticias\/natural-de-adamantina-ro-siqueira-se-consolida-como-o-rei-do-chanel\/"]}]},{"@type":"ImageObject","inLanguage":"pt-BR","@id":"https:\/\/radiolifefm.com.br\/noticias\/natural-de-adamantina-ro-siqueira-se-consolida-como-o-rei-do-chanel\/#primaryimage","url":"https:\/\/radiolifefm.com.br\/noticias\/wp-content\/uploads\/2022\/04\/WhatsApp-Image-2022-04-29-at-09.22.49-1.jpeg","contentUrl":"https:\/\/radiolifefm.com.br\/noticias\/wp-content\/uploads\/2022\/04\/WhatsApp-Image-2022-04-29-at-09.22.49-1.jpeg","width":1278,"height":1280},{"@type":"BreadcrumbList","@id":"https:\/\/radiolifefm.com.br\/noticias\/natural-de-adamantina-ro-siqueira-se-consolida-como-o-rei-do-chanel\/#breadcrumb","itemListElement":[{"@type":"ListItem","position":1,"name":"In\u00edcio","item":"https:\/\/radiolifefm.com.br\/noticias\/"},{"@type":"ListItem","position":2,"name":"Natural de Adamantina, R\u00f4 Siqueira se consolida como o \u2018Rei do Chanel\u2019"}]},{"@type":"WebSite","@id":"https:\/\/radiolifefm.com.br\/noticias\/#website","url":"https:\/\/radiolifefm.com.br\/noticias\/","name":"R\u00e1dio Life FM","description":"O Portal de Not\u00edcias de Adamantina","publisher":{"@id":"https:\/\/radiolifefm.com.br\/noticias\/#organization"},"alternateName":"Life FM","potentialAction":[{"@type":"SearchAction","target":{"@type":"EntryPoint","urlTemplate":"https:\/\/radiolifefm.com.br\/noticias\/?s={search_term_string}"},"query-input":{"@type":"PropertyValueSpecification","valueRequired":true,"valueName":"search_term_string"}}],"inLanguage":"pt-BR"},{"@type":"Organization","@id":"https:\/\/radiolifefm.com.br\/noticias\/#organization","name":"R\u00e1dio Life FM","alternateName":"Life FM","url":"https:\/\/radiolifefm.com.br\/noticias\/","logo":{"@type":"ImageObject","inLanguage":"pt-BR","@id":"https:\/\/radiolifefm.com.br\/noticias\/#\/schema\/logo\/image\/","url":"https:\/\/static.radiolifefm.com.br\/noticias\/wp-content\/uploads\/2019\/10\/logo-lifefm.png","contentUrl":"https:\/\/static.radiolifefm.com.br\/noticias\/wp-content\/uploads\/2019\/10\/logo-lifefm.png","width":196,"height":47,"caption":"R\u00e1dio Life FM"},"image":{"@id":"https:\/\/radiolifefm.com.br\/noticias\/#\/schema\/logo\/image\/"},"sameAs":["https:\/\/www.facebook.com\/radiolifefm\/","https:\/\/www.instagram.com\/life1079fm\/"]},{"@type":"Person","@id":"https:\/\/radiolifefm.com.br\/noticias\/#\/schema\/person\/6339b9fac59d12b071dec680d7375d87","name":"ritanery","image":{"@type":"ImageObject","inLanguage":"pt-BR","@id":"https:\/\/secure.gravatar.com\/avatar\/0e37bb19071f47c0b8a23f62a903df117c5a0e75f65a0c2901562f97cd41cf86?s=96&d=mm&r=g","url":"https:\/\/secure.gravatar.com\/avatar\/0e37bb19071f47c0b8a23f62a903df117c5a0e75f65a0c2901562f97cd41cf86?s=96&d=mm&r=g","contentUrl":"https:\/\/secure.gravatar.com\/avatar\/0e37bb19071f47c0b8a23f62a903df117c5a0e75f65a0c2901562f97cd41cf86?s=96&d=mm&r=g","caption":"ritanery"}}]}},"amp_enabled":true,"_links":{"self":[{"href":"https:\/\/radiolifefm.com.br\/noticias\/wp-json\/wp\/v2\/posts\/52775","targetHints":{"allow":["GET"]}}],"collection":[{"href":"https:\/\/radiolifefm.com.br\/noticias\/wp-json\/wp\/v2\/posts"}],"about":[{"href":"https:\/\/radiolifefm.com.br\/noticias\/wp-json\/wp\/v2\/types\/post"}],"author":[{"embeddable":true,"href":"https:\/\/radiolifefm.com.br\/noticias\/wp-json\/wp\/v2\/users\/13"}],"replies":[{"embeddable":true,"href":"https:\/\/radiolifefm.com.br\/noticias\/wp-json\/wp\/v2\/comments?post=52775"}],"version-history":[{"count":2,"href":"https:\/\/radiolifefm.com.br\/noticias\/wp-json\/wp\/v2\/posts\/52775\/revisions"}],"predecessor-version":[{"id":52782,"href":"https:\/\/radiolifefm.com.br\/noticias\/wp-json\/wp\/v2\/posts\/52775\/revisions\/52782"}],"wp:featuredmedia":[{"embeddable":true,"href":"https:\/\/radiolifefm.com.br\/noticias\/wp-json\/wp\/v2\/media\/52777"}],"wp:attachment":[{"href":"https:\/\/radiolifefm.com.br\/noticias\/wp-json\/wp\/v2\/media?parent=52775"}],"wp:term":[{"taxonomy":"category","embeddable":true,"href":"https:\/\/radiolifefm.com.br\/noticias\/wp-json\/wp\/v2\/categories?post=52775"},{"taxonomy":"post_tag","embeddable":true,"href":"https:\/\/radiolifefm.com.br\/noticias\/wp-json\/wp\/v2\/tags?post=52775"}],"curies":[{"name":"wp","href":"https:\/\/api.w.org\/{rel}","templated":true}]}}