{"id":52731,"date":"2022-04-28T15:24:13","date_gmt":"2022-04-28T18:24:13","guid":{"rendered":"https:\/\/radiolifefm.com.br\/noticias\/?p=52731"},"modified":"2026-04-10T11:36:06","modified_gmt":"2026-04-10T14:36:06","slug":"equipe-do-creas-de-adamantina-visita-centro-de-referencia-da-mulher-em-aracatuba","status":"publish","type":"post","link":"https:\/\/radiolifefm.com.br\/noticias\/equipe-do-creas-de-adamantina-visita-centro-de-referencia-da-mulher-em-aracatuba\/","title":{"rendered":"Equipe do CREAS de Adamantina visita Centro de Refer\u00eancia da Mulher em Ara\u00e7atuba"},"content":{"rendered":"<div id=\"fb-root\"><\/div>\n<p>Com o objetivo de conhecer o trabalho realizado e, ainda, promover a troca de experi\u00eancias sobre o atendimento oferecido \u00e0s mulheres que s\u00e3o v\u00edtimas de viol\u00eancia dom\u00e9stica, a equipe do Centro de Refer\u00eancia Especializado de Assist\u00eancia Social (CREAS) de Adamantina visitou o Centro de Refer\u00eancia da Mulher (CRM) de Ara\u00e7atuba.<\/p>\n<p>&nbsp;<\/p>\n<p>O CRM \u00e9 um equipamento da Prote\u00e7\u00e3o Social Especial, vinculado \u00e0 Assist\u00eancia Social do Munic\u00edpio, que atende somente mulheres de 18 a 59 anos de idade, v\u00edtimas de viol\u00eancia dom\u00e9stica e familiar, encaminhadas pela rede protetiva da cidade que \u00e9 composto pelo CREAS, Delegacia de Defesa da Mulher, escolas e unidades b\u00e1sicas de sa\u00fade.<\/p>\n<p>&nbsp;<\/p>\n<p>A fun\u00e7\u00e3o do \u00f3rg\u00e3o municipal \u00e9 possibilitar que a mulher rompa a situa\u00e7\u00e3o de viol\u00eancia que vivenciam, mas sempre respeitando o seu direito de escolha. Al\u00e9m de promover o atendimento social, \u00e0s mulheres atendidas s\u00e3o encaminhadas a rede social de prote\u00e7\u00e3o bem como seus dependentes para que sejam inscritos em programas de transfer\u00eancia de renda e demais servi\u00e7os.<\/p>\n<p>&nbsp;<\/p>\n<p style=\"font-weight: 400\">De acordo com a diretora do CREAS de Adamantina, Larissa Escalliante Ten\u00f3rio, o intuito foi pela busca do aprimoramento do trabalho realizado em Adamantina e trocar experi\u00eancias, pois a viol\u00eancia (f\u00edsica, psicol\u00f3gica, sexual) intrafamiliar \u00e9 uma das demandas atendidas pelo CREAS.<\/p>\n<p style=\"font-weight: 400\">\u201cQueremos ainda desenvolver estrat\u00e9gias (a\u00e7\u00f5es\/campanhas) efetivas de preven\u00e7\u00e3o e de pol\u00edticas que garantam o empoderamento e constru\u00e7\u00e3o da autonomia das mulheres\u201d, finaliza.<\/p>\n<p>&nbsp;<\/p>\n<p>Fonte: Assessoria de Imprensa<\/p>\n","protected":false},"excerpt":{"rendered":"<p>Com o objetivo de conhecer o trabalho realizado e, ainda, promover a troca de experi\u00eancias sobre o atendimento oferecido \u00e0s mulheres que s\u00e3o v\u00edtimas de viol\u00eancia dom\u00e9stica, a equipe do Centro de Refer\u00eancia Especializado de Assist\u00eancia Social (CREAS) de Adamantina visitou o Centro de Refer\u00eancia da Mulher (CRM) de Ara\u00e7atuba. &nbsp; O CRM \u00e9 um [&hellip;]<\/p>\n","protected":false},"author":13,"featured_media":52732,"comment_status":"closed","ping_status":"open","sticky":false,"template":"","format":"standard","meta":{"_acf_changed":false,"_exactmetrics_skip_tracking":false,"_exactmetrics_sitenote_active":false,"_exactmetrics_sitenote_note":"","_exactmetrics_sitenote_category":0,"footnotes":""},"categories":[21],"tags":[],"class_list":["post-52731","post","type-post","status-publish","format-standard","has-post-thumbnail","hentry","category-adamantina"],"acf":[],"yoast_head":"<!-- This site is optimized with the Yoast SEO plugin v27.2 - https:\/\/yoast.com\/product\/yoast-seo-wordpress\/ -->\n<title>Equipe do CREAS de Adamantina visita Centro de Refer\u00eancia da Mulher em Ara\u00e7atuba - R\u00e1dio Life FM<\/title>\n<meta name=\"robots\" content=\"index, follow, max-snippet:-1, max-image-preview:large, max-video-preview:-1\" \/>\n<link rel=\"canonical\" href=\"https:\/\/radiolifefm.com.br\/noticias\/equipe-do-creas-de-adamantina-visita-centro-de-referencia-da-mulher-em-aracatuba\/\" \/>\n<meta property=\"og:locale\" content=\"pt_BR\" \/>\n<meta property=\"og:type\" content=\"article\" \/>\n<meta property=\"og:title\" content=\"Equipe do CREAS de Adamantina visita Centro de Refer\u00eancia da Mulher em Ara\u00e7atuba - R\u00e1dio Life FM\" \/>\n<meta property=\"og:description\" content=\"Com o objetivo de conhecer o trabalho realizado e, ainda, promover a troca de experi\u00eancias sobre o atendimento oferecido \u00e0s mulheres que s\u00e3o v\u00edtimas de viol\u00eancia dom\u00e9stica, a equipe do Centro de Refer\u00eancia Especializado de Assist\u00eancia Social (CREAS) de Adamantina visitou o Centro de Refer\u00eancia da Mulher (CRM) de Ara\u00e7atuba. &nbsp; O CRM \u00e9 um [&hellip;]\" \/>\n<meta property=\"og:url\" content=\"https:\/\/radiolifefm.com.br\/noticias\/equipe-do-creas-de-adamantina-visita-centro-de-referencia-da-mulher-em-aracatuba\/\" \/>\n<meta property=\"og:site_name\" content=\"R\u00e1dio Life FM\" \/>\n<meta property=\"article:publisher\" content=\"https:\/\/www.facebook.com\/radiolifefm\/\" \/>\n<meta property=\"article:published_time\" content=\"2022-04-28T18:24:13+00:00\" \/>\n<meta property=\"article:modified_time\" content=\"2026-04-10T14:36:06+00:00\" \/>\n<meta property=\"og:image\" content=\"https:\/\/radiolifefm.com.br\/noticias\/wp-content\/uploads\/2022\/04\/foto-3.jpeg\" \/>\n\t<meta property=\"og:image:width\" content=\"1200\" \/>\n\t<meta property=\"og:image:height\" content=\"1600\" \/>\n\t<meta property=\"og:image:type\" content=\"image\/jpeg\" \/>\n<meta name=\"author\" content=\"ritanery\" \/>\n<meta name=\"twitter:card\" content=\"summary_large_image\" \/>\n<meta name=\"twitter:label1\" content=\"Escrito por\" \/>\n\t<meta name=\"twitter:data1\" content=\"ritanery\" \/>\n\t<meta name=\"twitter:label2\" content=\"Est. tempo de leitura\" \/>\n\t<meta name=\"twitter:data2\" content=\"1 minuto\" \/>\n<script type=\"application\/ld+json\" class=\"yoast-schema-graph\">{\"@context\":\"https:\/\/schema.org\",\"@graph\":[{\"@type\":\"Article\",\"@id\":\"https:\/\/radiolifefm.com.br\/noticias\/equipe-do-creas-de-adamantina-visita-centro-de-referencia-da-mulher-em-aracatuba\/#article\",\"isPartOf\":{\"@id\":\"https:\/\/radiolifefm.com.br\/noticias\/equipe-do-creas-de-adamantina-visita-centro-de-referencia-da-mulher-em-aracatuba\/\"},\"author\":{\"name\":\"ritanery\",\"@id\":\"https:\/\/radiolifefm.com.br\/noticias\/#\/schema\/person\/6339b9fac59d12b071dec680d7375d87\"},\"headline\":\"Equipe do CREAS de Adamantina visita Centro de Refer\u00eancia da Mulher em Ara\u00e7atuba\",\"datePublished\":\"2022-04-28T18:24:13+00:00\",\"dateModified\":\"2026-04-10T14:36:06+00:00\",\"mainEntityOfPage\":{\"@id\":\"https:\/\/radiolifefm.com.br\/noticias\/equipe-do-creas-de-adamantina-visita-centro-de-referencia-da-mulher-em-aracatuba\/\"},\"wordCount\":278,\"publisher\":{\"@id\":\"https:\/\/radiolifefm.com.br\/noticias\/#organization\"},\"image\":{\"@id\":\"https:\/\/radiolifefm.com.br\/noticias\/equipe-do-creas-de-adamantina-visita-centro-de-referencia-da-mulher-em-aracatuba\/#primaryimage\"},\"thumbnailUrl\":\"https:\/\/radiolifefm.com.br\/noticias\/wp-content\/uploads\/2022\/04\/foto-3.jpeg\",\"articleSection\":[\"Adamantina\"],\"inLanguage\":\"pt-BR\"},{\"@type\":\"WebPage\",\"@id\":\"https:\/\/radiolifefm.com.br\/noticias\/equipe-do-creas-de-adamantina-visita-centro-de-referencia-da-mulher-em-aracatuba\/\",\"url\":\"https:\/\/radiolifefm.com.br\/noticias\/equipe-do-creas-de-adamantina-visita-centro-de-referencia-da-mulher-em-aracatuba\/\",\"name\":\"Equipe do CREAS de Adamantina visita Centro de Refer\u00eancia da Mulher em Ara\u00e7atuba - R\u00e1dio Life FM\",\"isPartOf\":{\"@id\":\"https:\/\/radiolifefm.com.br\/noticias\/#website\"},\"primaryImageOfPage\":{\"@id\":\"https:\/\/radiolifefm.com.br\/noticias\/equipe-do-creas-de-adamantina-visita-centro-de-referencia-da-mulher-em-aracatuba\/#primaryimage\"},\"image\":{\"@id\":\"https:\/\/radiolifefm.com.br\/noticias\/equipe-do-creas-de-adamantina-visita-centro-de-referencia-da-mulher-em-aracatuba\/#primaryimage\"},\"thumbnailUrl\":\"https:\/\/radiolifefm.com.br\/noticias\/wp-content\/uploads\/2022\/04\/foto-3.jpeg\",\"datePublished\":\"2022-04-28T18:24:13+00:00\",\"dateModified\":\"2026-04-10T14:36:06+00:00\",\"breadcrumb\":{\"@id\":\"https:\/\/radiolifefm.com.br\/noticias\/equipe-do-creas-de-adamantina-visita-centro-de-referencia-da-mulher-em-aracatuba\/#breadcrumb\"},\"inLanguage\":\"pt-BR\",\"potentialAction\":[{\"@type\":\"ReadAction\",\"target\":[\"https:\/\/radiolifefm.com.br\/noticias\/equipe-do-creas-de-adamantina-visita-centro-de-referencia-da-mulher-em-aracatuba\/\"]}]},{\"@type\":\"ImageObject\",\"inLanguage\":\"pt-BR\",\"@id\":\"https:\/\/radiolifefm.com.br\/noticias\/equipe-do-creas-de-adamantina-visita-centro-de-referencia-da-mulher-em-aracatuba\/#primaryimage\",\"url\":\"https:\/\/radiolifefm.com.br\/noticias\/wp-content\/uploads\/2022\/04\/foto-3.jpeg\",\"contentUrl\":\"https:\/\/radiolifefm.com.br\/noticias\/wp-content\/uploads\/2022\/04\/foto-3.jpeg\",\"width\":1200,\"height\":1600},{\"@type\":\"BreadcrumbList\",\"@id\":\"https:\/\/radiolifefm.com.br\/noticias\/equipe-do-creas-de-adamantina-visita-centro-de-referencia-da-mulher-em-aracatuba\/#breadcrumb\",\"itemListElement\":[{\"@type\":\"ListItem\",\"position\":1,\"name\":\"In\u00edcio\",\"item\":\"https:\/\/radiolifefm.com.br\/noticias\/\"},{\"@type\":\"ListItem\",\"position\":2,\"name\":\"Equipe do CREAS de Adamantina visita Centro de Refer\u00eancia da Mulher em Ara\u00e7atuba\"}]},{\"@type\":\"WebSite\",\"@id\":\"https:\/\/radiolifefm.com.br\/noticias\/#website\",\"url\":\"https:\/\/radiolifefm.com.br\/noticias\/\",\"name\":\"R\u00e1dio Life FM\",\"description\":\"O Portal de Not\u00edcias de Adamantina\",\"publisher\":{\"@id\":\"https:\/\/radiolifefm.com.br\/noticias\/#organization\"},\"alternateName\":\"Life FM\",\"potentialAction\":[{\"@type\":\"SearchAction\",\"target\":{\"@type\":\"EntryPoint\",\"urlTemplate\":\"https:\/\/radiolifefm.com.br\/noticias\/?s={search_term_string}\"},\"query-input\":{\"@type\":\"PropertyValueSpecification\",\"valueRequired\":true,\"valueName\":\"search_term_string\"}}],\"inLanguage\":\"pt-BR\"},{\"@type\":\"Organization\",\"@id\":\"https:\/\/radiolifefm.com.br\/noticias\/#organization\",\"name\":\"R\u00e1dio Life FM\",\"alternateName\":\"Life FM\",\"url\":\"https:\/\/radiolifefm.com.br\/noticias\/\",\"logo\":{\"@type\":\"ImageObject\",\"inLanguage\":\"pt-BR\",\"@id\":\"https:\/\/radiolifefm.com.br\/noticias\/#\/schema\/logo\/image\/\",\"url\":\"https:\/\/static.radiolifefm.com.br\/noticias\/wp-content\/uploads\/2019\/10\/logo-lifefm.png\",\"contentUrl\":\"https:\/\/static.radiolifefm.com.br\/noticias\/wp-content\/uploads\/2019\/10\/logo-lifefm.png\",\"width\":196,\"height\":47,\"caption\":\"R\u00e1dio Life FM\"},\"image\":{\"@id\":\"https:\/\/radiolifefm.com.br\/noticias\/#\/schema\/logo\/image\/\"},\"sameAs\":[\"https:\/\/www.facebook.com\/radiolifefm\/\",\"https:\/\/www.instagram.com\/life1079fm\/\"]},{\"@type\":\"Person\",\"@id\":\"https:\/\/radiolifefm.com.br\/noticias\/#\/schema\/person\/6339b9fac59d12b071dec680d7375d87\",\"name\":\"ritanery\",\"image\":{\"@type\":\"ImageObject\",\"inLanguage\":\"pt-BR\",\"@id\":\"https:\/\/secure.gravatar.com\/avatar\/0e37bb19071f47c0b8a23f62a903df117c5a0e75f65a0c2901562f97cd41cf86?s=96&d=mm&r=g\",\"url\":\"https:\/\/secure.gravatar.com\/avatar\/0e37bb19071f47c0b8a23f62a903df117c5a0e75f65a0c2901562f97cd41cf86?s=96&d=mm&r=g\",\"contentUrl\":\"https:\/\/secure.gravatar.com\/avatar\/0e37bb19071f47c0b8a23f62a903df117c5a0e75f65a0c2901562f97cd41cf86?s=96&d=mm&r=g\",\"caption\":\"ritanery\"}}]}<\/script>\n<!-- \/ Yoast SEO plugin. -->","yoast_head_json":{"title":"Equipe do CREAS de Adamantina visita Centro de Refer\u00eancia da Mulher em Ara\u00e7atuba - R\u00e1dio Life FM","robots":{"index":"index","follow":"follow","max-snippet":"max-snippet:-1","max-image-preview":"max-image-preview:large","max-video-preview":"max-video-preview:-1"},"canonical":"https:\/\/radiolifefm.com.br\/noticias\/equipe-do-creas-de-adamantina-visita-centro-de-referencia-da-mulher-em-aracatuba\/","og_locale":"pt_BR","og_type":"article","og_title":"Equipe do CREAS de Adamantina visita Centro de Refer\u00eancia da Mulher em Ara\u00e7atuba - R\u00e1dio Life FM","og_description":"Com o objetivo de conhecer o trabalho realizado e, ainda, promover a troca de experi\u00eancias sobre o atendimento oferecido \u00e0s mulheres que s\u00e3o v\u00edtimas de viol\u00eancia dom\u00e9stica, a equipe do Centro de Refer\u00eancia Especializado de Assist\u00eancia Social (CREAS) de Adamantina visitou o Centro de Refer\u00eancia da Mulher (CRM) de Ara\u00e7atuba. &nbsp; O CRM \u00e9 um [&hellip;]","og_url":"https:\/\/radiolifefm.com.br\/noticias\/equipe-do-creas-de-adamantina-visita-centro-de-referencia-da-mulher-em-aracatuba\/","og_site_name":"R\u00e1dio Life FM","article_publisher":"https:\/\/www.facebook.com\/radiolifefm\/","article_published_time":"2022-04-28T18:24:13+00:00","article_modified_time":"2026-04-10T14:36:06+00:00","og_image":[{"width":1200,"height":1600,"url":"https:\/\/radiolifefm.com.br\/noticias\/wp-content\/uploads\/2022\/04\/foto-3.jpeg","type":"image\/jpeg"}],"author":"ritanery","twitter_card":"summary_large_image","twitter_misc":{"Escrito por":"ritanery","Est. tempo de leitura":"1 minuto"},"schema":{"@context":"https:\/\/schema.org","@graph":[{"@type":"Article","@id":"https:\/\/radiolifefm.com.br\/noticias\/equipe-do-creas-de-adamantina-visita-centro-de-referencia-da-mulher-em-aracatuba\/#article","isPartOf":{"@id":"https:\/\/radiolifefm.com.br\/noticias\/equipe-do-creas-de-adamantina-visita-centro-de-referencia-da-mulher-em-aracatuba\/"},"author":{"name":"ritanery","@id":"https:\/\/radiolifefm.com.br\/noticias\/#\/schema\/person\/6339b9fac59d12b071dec680d7375d87"},"headline":"Equipe do CREAS de Adamantina visita Centro de Refer\u00eancia da Mulher em Ara\u00e7atuba","datePublished":"2022-04-28T18:24:13+00:00","dateModified":"2026-04-10T14:36:06+00:00","mainEntityOfPage":{"@id":"https:\/\/radiolifefm.com.br\/noticias\/equipe-do-creas-de-adamantina-visita-centro-de-referencia-da-mulher-em-aracatuba\/"},"wordCount":278,"publisher":{"@id":"https:\/\/radiolifefm.com.br\/noticias\/#organization"},"image":{"@id":"https:\/\/radiolifefm.com.br\/noticias\/equipe-do-creas-de-adamantina-visita-centro-de-referencia-da-mulher-em-aracatuba\/#primaryimage"},"thumbnailUrl":"https:\/\/radiolifefm.com.br\/noticias\/wp-content\/uploads\/2022\/04\/foto-3.jpeg","articleSection":["Adamantina"],"inLanguage":"pt-BR"},{"@type":"WebPage","@id":"https:\/\/radiolifefm.com.br\/noticias\/equipe-do-creas-de-adamantina-visita-centro-de-referencia-da-mulher-em-aracatuba\/","url":"https:\/\/radiolifefm.com.br\/noticias\/equipe-do-creas-de-adamantina-visita-centro-de-referencia-da-mulher-em-aracatuba\/","name":"Equipe do CREAS de Adamantina visita Centro de Refer\u00eancia da Mulher em Ara\u00e7atuba - R\u00e1dio Life FM","isPartOf":{"@id":"https:\/\/radiolifefm.com.br\/noticias\/#website"},"primaryImageOfPage":{"@id":"https:\/\/radiolifefm.com.br\/noticias\/equipe-do-creas-de-adamantina-visita-centro-de-referencia-da-mulher-em-aracatuba\/#primaryimage"},"image":{"@id":"https:\/\/radiolifefm.com.br\/noticias\/equipe-do-creas-de-adamantina-visita-centro-de-referencia-da-mulher-em-aracatuba\/#primaryimage"},"thumbnailUrl":"https:\/\/radiolifefm.com.br\/noticias\/wp-content\/uploads\/2022\/04\/foto-3.jpeg","datePublished":"2022-04-28T18:24:13+00:00","dateModified":"2026-04-10T14:36:06+00:00","breadcrumb":{"@id":"https:\/\/radiolifefm.com.br\/noticias\/equipe-do-creas-de-adamantina-visita-centro-de-referencia-da-mulher-em-aracatuba\/#breadcrumb"},"inLanguage":"pt-BR","potentialAction":[{"@type":"ReadAction","target":["https:\/\/radiolifefm.com.br\/noticias\/equipe-do-creas-de-adamantina-visita-centro-de-referencia-da-mulher-em-aracatuba\/"]}]},{"@type":"ImageObject","inLanguage":"pt-BR","@id":"https:\/\/radiolifefm.com.br\/noticias\/equipe-do-creas-de-adamantina-visita-centro-de-referencia-da-mulher-em-aracatuba\/#primaryimage","url":"https:\/\/radiolifefm.com.br\/noticias\/wp-content\/uploads\/2022\/04\/foto-3.jpeg","contentUrl":"https:\/\/radiolifefm.com.br\/noticias\/wp-content\/uploads\/2022\/04\/foto-3.jpeg","width":1200,"height":1600},{"@type":"BreadcrumbList","@id":"https:\/\/radiolifefm.com.br\/noticias\/equipe-do-creas-de-adamantina-visita-centro-de-referencia-da-mulher-em-aracatuba\/#breadcrumb","itemListElement":[{"@type":"ListItem","position":1,"name":"In\u00edcio","item":"https:\/\/radiolifefm.com.br\/noticias\/"},{"@type":"ListItem","position":2,"name":"Equipe do CREAS de Adamantina visita Centro de Refer\u00eancia da Mulher em Ara\u00e7atuba"}]},{"@type":"WebSite","@id":"https:\/\/radiolifefm.com.br\/noticias\/#website","url":"https:\/\/radiolifefm.com.br\/noticias\/","name":"R\u00e1dio Life FM","description":"O Portal de Not\u00edcias de Adamantina","publisher":{"@id":"https:\/\/radiolifefm.com.br\/noticias\/#organization"},"alternateName":"Life FM","potentialAction":[{"@type":"SearchAction","target":{"@type":"EntryPoint","urlTemplate":"https:\/\/radiolifefm.com.br\/noticias\/?s={search_term_string}"},"query-input":{"@type":"PropertyValueSpecification","valueRequired":true,"valueName":"search_term_string"}}],"inLanguage":"pt-BR"},{"@type":"Organization","@id":"https:\/\/radiolifefm.com.br\/noticias\/#organization","name":"R\u00e1dio Life FM","alternateName":"Life FM","url":"https:\/\/radiolifefm.com.br\/noticias\/","logo":{"@type":"ImageObject","inLanguage":"pt-BR","@id":"https:\/\/radiolifefm.com.br\/noticias\/#\/schema\/logo\/image\/","url":"https:\/\/static.radiolifefm.com.br\/noticias\/wp-content\/uploads\/2019\/10\/logo-lifefm.png","contentUrl":"https:\/\/static.radiolifefm.com.br\/noticias\/wp-content\/uploads\/2019\/10\/logo-lifefm.png","width":196,"height":47,"caption":"R\u00e1dio Life FM"},"image":{"@id":"https:\/\/radiolifefm.com.br\/noticias\/#\/schema\/logo\/image\/"},"sameAs":["https:\/\/www.facebook.com\/radiolifefm\/","https:\/\/www.instagram.com\/life1079fm\/"]},{"@type":"Person","@id":"https:\/\/radiolifefm.com.br\/noticias\/#\/schema\/person\/6339b9fac59d12b071dec680d7375d87","name":"ritanery","image":{"@type":"ImageObject","inLanguage":"pt-BR","@id":"https:\/\/secure.gravatar.com\/avatar\/0e37bb19071f47c0b8a23f62a903df117c5a0e75f65a0c2901562f97cd41cf86?s=96&d=mm&r=g","url":"https:\/\/secure.gravatar.com\/avatar\/0e37bb19071f47c0b8a23f62a903df117c5a0e75f65a0c2901562f97cd41cf86?s=96&d=mm&r=g","contentUrl":"https:\/\/secure.gravatar.com\/avatar\/0e37bb19071f47c0b8a23f62a903df117c5a0e75f65a0c2901562f97cd41cf86?s=96&d=mm&r=g","caption":"ritanery"}}]}},"amp_enabled":true,"_links":{"self":[{"href":"https:\/\/radiolifefm.com.br\/noticias\/wp-json\/wp\/v2\/posts\/52731","targetHints":{"allow":["GET"]}}],"collection":[{"href":"https:\/\/radiolifefm.com.br\/noticias\/wp-json\/wp\/v2\/posts"}],"about":[{"href":"https:\/\/radiolifefm.com.br\/noticias\/wp-json\/wp\/v2\/types\/post"}],"author":[{"embeddable":true,"href":"https:\/\/radiolifefm.com.br\/noticias\/wp-json\/wp\/v2\/users\/13"}],"replies":[{"embeddable":true,"href":"https:\/\/radiolifefm.com.br\/noticias\/wp-json\/wp\/v2\/comments?post=52731"}],"version-history":[{"count":4,"href":"https:\/\/radiolifefm.com.br\/noticias\/wp-json\/wp\/v2\/posts\/52731\/revisions"}],"predecessor-version":[{"id":52736,"href":"https:\/\/radiolifefm.com.br\/noticias\/wp-json\/wp\/v2\/posts\/52731\/revisions\/52736"}],"wp:featuredmedia":[{"embeddable":true,"href":"https:\/\/radiolifefm.com.br\/noticias\/wp-json\/wp\/v2\/media\/52732"}],"wp:attachment":[{"href":"https:\/\/radiolifefm.com.br\/noticias\/wp-json\/wp\/v2\/media?parent=52731"}],"wp:term":[{"taxonomy":"category","embeddable":true,"href":"https:\/\/radiolifefm.com.br\/noticias\/wp-json\/wp\/v2\/categories?post=52731"},{"taxonomy":"post_tag","embeddable":true,"href":"https:\/\/radiolifefm.com.br\/noticias\/wp-json\/wp\/v2\/tags?post=52731"}],"curies":[{"name":"wp","href":"https:\/\/api.w.org\/{rel}","templated":true}]}}