{"id":52658,"date":"2022-04-27T10:46:06","date_gmt":"2022-04-27T13:46:06","guid":{"rendered":"https:\/\/radiolifefm.com.br\/noticias\/?p=52658"},"modified":"2026-04-26T23:47:37","modified_gmt":"2026-04-27T02:47:37","slug":"adamantinense-carlos-tramontina-deixa-a-tv-apos-43-anos-de-atuacao-diaria-no-jornalismo","status":"publish","type":"post","link":"https:\/\/radiolifefm.com.br\/noticias\/adamantinense-carlos-tramontina-deixa-a-tv-apos-43-anos-de-atuacao-diaria-no-jornalismo\/","title":{"rendered":"Adamantinense Carlos Tramontina deixa a TV ap\u00f3s 43 anos de atua\u00e7\u00e3o di\u00e1ria no jornalismo"},"content":{"rendered":"<div id=\"fb-root\"><\/div>\n<p style=\"font-weight: 400\">Na noite desta ter\u00e7a-feira (26) o jornalista Carlos Tramontina, nascido em Adamantina, se despediu da TV. \u201cDepois de 43 anos em atividades jornal\u00edsticas di\u00e1rias, estou deixando a Globo, uma decis\u00e3o tomada em comum acordo com a empresa. \u00c9 hora de curtir a fam\u00edlia, os hobbies e ter mais tempo para viajar\u201d,\u00a0<a href=\"https:\/\/www.instagram.com\/p\/Cc1QRSAuD9O\/?igshid=MDJmNzVkMjY=\"><b><strong>publicou<\/strong><\/b>\u00a0<\/a>o comunicador em sua conta no Instagram\u00a0<em>(abaixo, \u00edntegra de sua mensagem e despedida)<\/em>.<\/p>\n<p style=\"font-weight: 400\">Tramontina nasceu em Adamantina em 11 de maio de 1956, filho dos professores Armando Tramontina e Vanda Furtado Tramontina. Ele estudou jornalismo na FAAP (Funda\u00e7\u00e3o Armando Alves Penteado), onde se formou em 1977.<\/p>\n<p style=\"font-weight: 400\">Segundo descreve o site Museu da TV, ele foi estagi\u00e1rio do departamento de imprensa da Voskswagen, em S\u00e3o Bernardo do Campo, e assim que terminou a faculdade, j\u00e1 ingressou na TV Globo, inicialmente como rep\u00f3rter do \u201dBom Dia S\u00e3o Paulo\u201d, e fez carreira na emissora.<\/p>\n<p style=\"font-weight: 400\">Foi o editor-chefe e apresentador de in\u00fameros telejornais da TV Globo S\u00e3o Paulo como Bom Dia S\u00e3o Paulo e SP J\u00e1. Foi \u00e2ncora da 2\u00aa edi\u00e7\u00e3o do SPTV por 24 anos e do document\u00e1rio dominical Antena Paulista por 23. Em rede nacional, tamb\u00e9m apresentou todos os telejornais da emissora: Bom dia Brasil, Jornal Hoje, Jornal Nacional e Jornal da Globo.<\/p>\n<p style=\"font-weight: 400\">Fora das telas, tem como hobby o alpinismo e j\u00e1 publicou livros a respeito de suas experi\u00eancias na \u00e1rea.<\/p>\n<p style=\"font-weight: 400\"><b><strong>Despedida<\/strong><\/b><\/p>\n<p style=\"font-weight: 400\">Veja a \u00edntegra do texto de despedida publicado por Tramontina em sua conta no Instagram:<\/p>\n<p style=\"font-weight: 400\"><em>\u201cDepois de 43 anos em atividades jornal\u00edsticas di\u00e1rias, estou deixando a Globo, uma decis\u00e3o tomada em comum acordo com a empresa. \u00c9 hora de curtir a fam\u00edlia, os hobbies e ter mais tempo para viajar.<\/em><\/p>\n<p style=\"font-weight: 400\"><em>Tenho orgulho da minha carreira. Vivi intensamente importantes momentos do jornalismo ao longo destes anos.<\/em><\/p>\n<p style=\"font-weight: 400\"><em>Fui pioneiro na ancoragem na Globo S\u00e3o Paulo do primeiro telejornal fora do est\u00fadio (Bom dia S\u00e3o Paulo \u2013 anivers\u00e1rio da Capital em 25\/01\/1990). Igualmente, ancorei o primeiro telejornal inteirinho a bordo de um helic\u00f3ptero para comemorar os 15 anos do Bom dia S\u00e3o Paulo (abril\/1992).<\/em><\/p>\n<p style=\"font-weight: 400\"><em>Cobri todas as campanhas pol\u00edticas desde 1982 e mediei debates em muitos Estados.<\/em><\/p>\n<p style=\"font-weight: 400\"><em>Me sinto honrado por ter apresentado todos os telejornais da Globo em rede nacional \u2013 Bom dia Brasil, Jornal Hoje, Jornal Nacional e Jornal da Globo. E todos os de S\u00e3o Paulo.<\/em><\/p>\n<p style=\"font-weight: 400\"><em>E nos \u00faltimos 24 anos falei com milh\u00f5es de pessoas todas as noites no SPTV 2\u00aa Edi\u00e7\u00e3o. Ao mesmo tempo, compartilhei as coisas do nosso Estado em mais de 1.100 edi\u00e7\u00f5es do Antena Paulista.<\/em><\/p>\n<p style=\"font-weight: 400\"><em>Entrei na casa de voc\u00eas, tomamos um cafezinho e nos tornamos amigos. Nas pr\u00f3ximas semanas viajarei com a minha fam\u00edlia em f\u00e9rias programadas anteriormente. Mas n\u00e3o vou me esquecer de voc\u00eas.<\/em><\/p>\n<p style=\"font-weight: 400\"><em>Recebam um caloroso abra\u00e7o e at\u00e9 a pr\u00f3xima\u201d<\/em>.<\/p>\n<p>&nbsp;<\/p>\n<p>Fonte: Siga Mais<\/p>\n","protected":false},"excerpt":{"rendered":"<p>Na noite desta ter\u00e7a-feira (26) o jornalista Carlos Tramontina, nascido em Adamantina, se despediu da TV. \u201cDepois de 43 anos em atividades jornal\u00edsticas di\u00e1rias, estou deixando a Globo, uma decis\u00e3o tomada em comum acordo com a empresa. \u00c9 hora de curtir a fam\u00edlia, os hobbies e ter mais tempo para viajar\u201d,\u00a0publicou\u00a0o comunicador em sua conta [&hellip;]<\/p>\n","protected":false},"author":13,"featured_media":52659,"comment_status":"closed","ping_status":"open","sticky":false,"template":"","format":"standard","meta":{"_acf_changed":false,"_exactmetrics_skip_tracking":false,"_exactmetrics_sitenote_active":false,"_exactmetrics_sitenote_note":"","_exactmetrics_sitenote_category":0,"footnotes":""},"categories":[21],"tags":[],"class_list":["post-52658","post","type-post","status-publish","format-standard","has-post-thumbnail","hentry","category-adamantina"],"acf":[],"yoast_head":"<!-- This site is optimized with the Yoast SEO plugin v27.2 - https:\/\/yoast.com\/product\/yoast-seo-wordpress\/ -->\n<title>Adamantinense Carlos Tramontina deixa a TV ap\u00f3s 43 anos de atua\u00e7\u00e3o di\u00e1ria no jornalismo - R\u00e1dio Life FM<\/title>\n<meta name=\"robots\" content=\"index, follow, max-snippet:-1, max-image-preview:large, max-video-preview:-1\" \/>\n<link rel=\"canonical\" href=\"https:\/\/radiolifefm.com.br\/noticias\/adamantinense-carlos-tramontina-deixa-a-tv-apos-43-anos-de-atuacao-diaria-no-jornalismo\/\" \/>\n<meta property=\"og:locale\" content=\"pt_BR\" \/>\n<meta property=\"og:type\" content=\"article\" \/>\n<meta property=\"og:title\" content=\"Adamantinense Carlos Tramontina deixa a TV ap\u00f3s 43 anos de atua\u00e7\u00e3o di\u00e1ria no jornalismo - R\u00e1dio Life FM\" \/>\n<meta property=\"og:description\" content=\"Na noite desta ter\u00e7a-feira (26) o jornalista Carlos Tramontina, nascido em Adamantina, se despediu da TV. \u201cDepois de 43 anos em atividades jornal\u00edsticas di\u00e1rias, estou deixando a Globo, uma decis\u00e3o tomada em comum acordo com a empresa. \u00c9 hora de curtir a fam\u00edlia, os hobbies e ter mais tempo para viajar\u201d,\u00a0publicou\u00a0o comunicador em sua conta [&hellip;]\" \/>\n<meta property=\"og:url\" content=\"https:\/\/radiolifefm.com.br\/noticias\/adamantinense-carlos-tramontina-deixa-a-tv-apos-43-anos-de-atuacao-diaria-no-jornalismo\/\" \/>\n<meta property=\"og:site_name\" content=\"R\u00e1dio Life FM\" \/>\n<meta property=\"article:publisher\" content=\"https:\/\/www.facebook.com\/radiolifefm\/\" \/>\n<meta property=\"article:published_time\" content=\"2022-04-27T13:46:06+00:00\" \/>\n<meta property=\"article:modified_time\" content=\"2026-04-27T02:47:37+00:00\" \/>\n<meta property=\"og:image\" content=\"https:\/\/radiolifefm.com.br\/noticias\/wp-content\/uploads\/2022\/04\/trjpg16510630756269392355d55.jpg\" \/>\n\t<meta property=\"og:image:width\" content=\"600\" \/>\n\t<meta property=\"og:image:height\" content=\"337\" \/>\n\t<meta property=\"og:image:type\" content=\"image\/jpeg\" \/>\n<meta name=\"author\" content=\"ritanery\" \/>\n<meta name=\"twitter:card\" content=\"summary_large_image\" \/>\n<meta name=\"twitter:label1\" content=\"Escrito por\" \/>\n\t<meta name=\"twitter:data1\" content=\"ritanery\" \/>\n\t<meta name=\"twitter:label2\" content=\"Est. tempo de leitura\" \/>\n\t<meta name=\"twitter:data2\" content=\"2 minutos\" \/>\n<script type=\"application\/ld+json\" class=\"yoast-schema-graph\">{\"@context\":\"https:\/\/schema.org\",\"@graph\":[{\"@type\":\"Article\",\"@id\":\"https:\/\/radiolifefm.com.br\/noticias\/adamantinense-carlos-tramontina-deixa-a-tv-apos-43-anos-de-atuacao-diaria-no-jornalismo\/#article\",\"isPartOf\":{\"@id\":\"https:\/\/radiolifefm.com.br\/noticias\/adamantinense-carlos-tramontina-deixa-a-tv-apos-43-anos-de-atuacao-diaria-no-jornalismo\/\"},\"author\":{\"name\":\"ritanery\",\"@id\":\"https:\/\/radiolifefm.com.br\/noticias\/#\/schema\/person\/6339b9fac59d12b071dec680d7375d87\"},\"headline\":\"Adamantinense Carlos Tramontina deixa a TV ap\u00f3s 43 anos de atua\u00e7\u00e3o di\u00e1ria no jornalismo\",\"datePublished\":\"2022-04-27T13:46:06+00:00\",\"dateModified\":\"2026-04-27T02:47:37+00:00\",\"mainEntityOfPage\":{\"@id\":\"https:\/\/radiolifefm.com.br\/noticias\/adamantinense-carlos-tramontina-deixa-a-tv-apos-43-anos-de-atuacao-diaria-no-jornalismo\/\"},\"wordCount\":494,\"publisher\":{\"@id\":\"https:\/\/radiolifefm.com.br\/noticias\/#organization\"},\"image\":{\"@id\":\"https:\/\/radiolifefm.com.br\/noticias\/adamantinense-carlos-tramontina-deixa-a-tv-apos-43-anos-de-atuacao-diaria-no-jornalismo\/#primaryimage\"},\"thumbnailUrl\":\"https:\/\/radiolifefm.com.br\/noticias\/wp-content\/uploads\/2022\/04\/trjpg16510630756269392355d55.jpg\",\"articleSection\":[\"Adamantina\"],\"inLanguage\":\"pt-BR\"},{\"@type\":\"WebPage\",\"@id\":\"https:\/\/radiolifefm.com.br\/noticias\/adamantinense-carlos-tramontina-deixa-a-tv-apos-43-anos-de-atuacao-diaria-no-jornalismo\/\",\"url\":\"https:\/\/radiolifefm.com.br\/noticias\/adamantinense-carlos-tramontina-deixa-a-tv-apos-43-anos-de-atuacao-diaria-no-jornalismo\/\",\"name\":\"Adamantinense Carlos Tramontina deixa a TV ap\u00f3s 43 anos de atua\u00e7\u00e3o di\u00e1ria no jornalismo - R\u00e1dio Life FM\",\"isPartOf\":{\"@id\":\"https:\/\/radiolifefm.com.br\/noticias\/#website\"},\"primaryImageOfPage\":{\"@id\":\"https:\/\/radiolifefm.com.br\/noticias\/adamantinense-carlos-tramontina-deixa-a-tv-apos-43-anos-de-atuacao-diaria-no-jornalismo\/#primaryimage\"},\"image\":{\"@id\":\"https:\/\/radiolifefm.com.br\/noticias\/adamantinense-carlos-tramontina-deixa-a-tv-apos-43-anos-de-atuacao-diaria-no-jornalismo\/#primaryimage\"},\"thumbnailUrl\":\"https:\/\/radiolifefm.com.br\/noticias\/wp-content\/uploads\/2022\/04\/trjpg16510630756269392355d55.jpg\",\"datePublished\":\"2022-04-27T13:46:06+00:00\",\"dateModified\":\"2026-04-27T02:47:37+00:00\",\"breadcrumb\":{\"@id\":\"https:\/\/radiolifefm.com.br\/noticias\/adamantinense-carlos-tramontina-deixa-a-tv-apos-43-anos-de-atuacao-diaria-no-jornalismo\/#breadcrumb\"},\"inLanguage\":\"pt-BR\",\"potentialAction\":[{\"@type\":\"ReadAction\",\"target\":[\"https:\/\/radiolifefm.com.br\/noticias\/adamantinense-carlos-tramontina-deixa-a-tv-apos-43-anos-de-atuacao-diaria-no-jornalismo\/\"]}]},{\"@type\":\"ImageObject\",\"inLanguage\":\"pt-BR\",\"@id\":\"https:\/\/radiolifefm.com.br\/noticias\/adamantinense-carlos-tramontina-deixa-a-tv-apos-43-anos-de-atuacao-diaria-no-jornalismo\/#primaryimage\",\"url\":\"https:\/\/radiolifefm.com.br\/noticias\/wp-content\/uploads\/2022\/04\/trjpg16510630756269392355d55.jpg\",\"contentUrl\":\"https:\/\/radiolifefm.com.br\/noticias\/wp-content\/uploads\/2022\/04\/trjpg16510630756269392355d55.jpg\",\"width\":600,\"height\":337,\"caption\":\"Comunicador nasceu em Adamantina em 11 de maio de 1956.\"},{\"@type\":\"BreadcrumbList\",\"@id\":\"https:\/\/radiolifefm.com.br\/noticias\/adamantinense-carlos-tramontina-deixa-a-tv-apos-43-anos-de-atuacao-diaria-no-jornalismo\/#breadcrumb\",\"itemListElement\":[{\"@type\":\"ListItem\",\"position\":1,\"name\":\"In\u00edcio\",\"item\":\"https:\/\/radiolifefm.com.br\/noticias\/\"},{\"@type\":\"ListItem\",\"position\":2,\"name\":\"Adamantinense Carlos Tramontina deixa a TV ap\u00f3s 43 anos de atua\u00e7\u00e3o di\u00e1ria no jornalismo\"}]},{\"@type\":\"WebSite\",\"@id\":\"https:\/\/radiolifefm.com.br\/noticias\/#website\",\"url\":\"https:\/\/radiolifefm.com.br\/noticias\/\",\"name\":\"R\u00e1dio Life FM\",\"description\":\"O Portal de Not\u00edcias de Adamantina\",\"publisher\":{\"@id\":\"https:\/\/radiolifefm.com.br\/noticias\/#organization\"},\"alternateName\":\"Life FM\",\"potentialAction\":[{\"@type\":\"SearchAction\",\"target\":{\"@type\":\"EntryPoint\",\"urlTemplate\":\"https:\/\/radiolifefm.com.br\/noticias\/?s={search_term_string}\"},\"query-input\":{\"@type\":\"PropertyValueSpecification\",\"valueRequired\":true,\"valueName\":\"search_term_string\"}}],\"inLanguage\":\"pt-BR\"},{\"@type\":\"Organization\",\"@id\":\"https:\/\/radiolifefm.com.br\/noticias\/#organization\",\"name\":\"R\u00e1dio Life FM\",\"alternateName\":\"Life FM\",\"url\":\"https:\/\/radiolifefm.com.br\/noticias\/\",\"logo\":{\"@type\":\"ImageObject\",\"inLanguage\":\"pt-BR\",\"@id\":\"https:\/\/radiolifefm.com.br\/noticias\/#\/schema\/logo\/image\/\",\"url\":\"https:\/\/static.radiolifefm.com.br\/noticias\/wp-content\/uploads\/2019\/10\/logo-lifefm.png\",\"contentUrl\":\"https:\/\/static.radiolifefm.com.br\/noticias\/wp-content\/uploads\/2019\/10\/logo-lifefm.png\",\"width\":196,\"height\":47,\"caption\":\"R\u00e1dio Life FM\"},\"image\":{\"@id\":\"https:\/\/radiolifefm.com.br\/noticias\/#\/schema\/logo\/image\/\"},\"sameAs\":[\"https:\/\/www.facebook.com\/radiolifefm\/\",\"https:\/\/www.instagram.com\/life1079fm\/\"]},{\"@type\":\"Person\",\"@id\":\"https:\/\/radiolifefm.com.br\/noticias\/#\/schema\/person\/6339b9fac59d12b071dec680d7375d87\",\"name\":\"ritanery\",\"image\":{\"@type\":\"ImageObject\",\"inLanguage\":\"pt-BR\",\"@id\":\"https:\/\/secure.gravatar.com\/avatar\/0e37bb19071f47c0b8a23f62a903df117c5a0e75f65a0c2901562f97cd41cf86?s=96&d=mm&r=g\",\"url\":\"https:\/\/secure.gravatar.com\/avatar\/0e37bb19071f47c0b8a23f62a903df117c5a0e75f65a0c2901562f97cd41cf86?s=96&d=mm&r=g\",\"contentUrl\":\"https:\/\/secure.gravatar.com\/avatar\/0e37bb19071f47c0b8a23f62a903df117c5a0e75f65a0c2901562f97cd41cf86?s=96&d=mm&r=g\",\"caption\":\"ritanery\"}}]}<\/script>\n<!-- \/ Yoast SEO plugin. -->","yoast_head_json":{"title":"Adamantinense Carlos Tramontina deixa a TV ap\u00f3s 43 anos de atua\u00e7\u00e3o di\u00e1ria no jornalismo - R\u00e1dio Life FM","robots":{"index":"index","follow":"follow","max-snippet":"max-snippet:-1","max-image-preview":"max-image-preview:large","max-video-preview":"max-video-preview:-1"},"canonical":"https:\/\/radiolifefm.com.br\/noticias\/adamantinense-carlos-tramontina-deixa-a-tv-apos-43-anos-de-atuacao-diaria-no-jornalismo\/","og_locale":"pt_BR","og_type":"article","og_title":"Adamantinense Carlos Tramontina deixa a TV ap\u00f3s 43 anos de atua\u00e7\u00e3o di\u00e1ria no jornalismo - R\u00e1dio Life FM","og_description":"Na noite desta ter\u00e7a-feira (26) o jornalista Carlos Tramontina, nascido em Adamantina, se despediu da TV. \u201cDepois de 43 anos em atividades jornal\u00edsticas di\u00e1rias, estou deixando a Globo, uma decis\u00e3o tomada em comum acordo com a empresa. \u00c9 hora de curtir a fam\u00edlia, os hobbies e ter mais tempo para viajar\u201d,\u00a0publicou\u00a0o comunicador em sua conta [&hellip;]","og_url":"https:\/\/radiolifefm.com.br\/noticias\/adamantinense-carlos-tramontina-deixa-a-tv-apos-43-anos-de-atuacao-diaria-no-jornalismo\/","og_site_name":"R\u00e1dio Life FM","article_publisher":"https:\/\/www.facebook.com\/radiolifefm\/","article_published_time":"2022-04-27T13:46:06+00:00","article_modified_time":"2026-04-27T02:47:37+00:00","og_image":[{"width":600,"height":337,"url":"https:\/\/radiolifefm.com.br\/noticias\/wp-content\/uploads\/2022\/04\/trjpg16510630756269392355d55.jpg","type":"image\/jpeg"}],"author":"ritanery","twitter_card":"summary_large_image","twitter_misc":{"Escrito por":"ritanery","Est. tempo de leitura":"2 minutos"},"schema":{"@context":"https:\/\/schema.org","@graph":[{"@type":"Article","@id":"https:\/\/radiolifefm.com.br\/noticias\/adamantinense-carlos-tramontina-deixa-a-tv-apos-43-anos-de-atuacao-diaria-no-jornalismo\/#article","isPartOf":{"@id":"https:\/\/radiolifefm.com.br\/noticias\/adamantinense-carlos-tramontina-deixa-a-tv-apos-43-anos-de-atuacao-diaria-no-jornalismo\/"},"author":{"name":"ritanery","@id":"https:\/\/radiolifefm.com.br\/noticias\/#\/schema\/person\/6339b9fac59d12b071dec680d7375d87"},"headline":"Adamantinense Carlos Tramontina deixa a TV ap\u00f3s 43 anos de atua\u00e7\u00e3o di\u00e1ria no jornalismo","datePublished":"2022-04-27T13:46:06+00:00","dateModified":"2026-04-27T02:47:37+00:00","mainEntityOfPage":{"@id":"https:\/\/radiolifefm.com.br\/noticias\/adamantinense-carlos-tramontina-deixa-a-tv-apos-43-anos-de-atuacao-diaria-no-jornalismo\/"},"wordCount":494,"publisher":{"@id":"https:\/\/radiolifefm.com.br\/noticias\/#organization"},"image":{"@id":"https:\/\/radiolifefm.com.br\/noticias\/adamantinense-carlos-tramontina-deixa-a-tv-apos-43-anos-de-atuacao-diaria-no-jornalismo\/#primaryimage"},"thumbnailUrl":"https:\/\/radiolifefm.com.br\/noticias\/wp-content\/uploads\/2022\/04\/trjpg16510630756269392355d55.jpg","articleSection":["Adamantina"],"inLanguage":"pt-BR"},{"@type":"WebPage","@id":"https:\/\/radiolifefm.com.br\/noticias\/adamantinense-carlos-tramontina-deixa-a-tv-apos-43-anos-de-atuacao-diaria-no-jornalismo\/","url":"https:\/\/radiolifefm.com.br\/noticias\/adamantinense-carlos-tramontina-deixa-a-tv-apos-43-anos-de-atuacao-diaria-no-jornalismo\/","name":"Adamantinense Carlos Tramontina deixa a TV ap\u00f3s 43 anos de atua\u00e7\u00e3o di\u00e1ria no jornalismo - R\u00e1dio Life FM","isPartOf":{"@id":"https:\/\/radiolifefm.com.br\/noticias\/#website"},"primaryImageOfPage":{"@id":"https:\/\/radiolifefm.com.br\/noticias\/adamantinense-carlos-tramontina-deixa-a-tv-apos-43-anos-de-atuacao-diaria-no-jornalismo\/#primaryimage"},"image":{"@id":"https:\/\/radiolifefm.com.br\/noticias\/adamantinense-carlos-tramontina-deixa-a-tv-apos-43-anos-de-atuacao-diaria-no-jornalismo\/#primaryimage"},"thumbnailUrl":"https:\/\/radiolifefm.com.br\/noticias\/wp-content\/uploads\/2022\/04\/trjpg16510630756269392355d55.jpg","datePublished":"2022-04-27T13:46:06+00:00","dateModified":"2026-04-27T02:47:37+00:00","breadcrumb":{"@id":"https:\/\/radiolifefm.com.br\/noticias\/adamantinense-carlos-tramontina-deixa-a-tv-apos-43-anos-de-atuacao-diaria-no-jornalismo\/#breadcrumb"},"inLanguage":"pt-BR","potentialAction":[{"@type":"ReadAction","target":["https:\/\/radiolifefm.com.br\/noticias\/adamantinense-carlos-tramontina-deixa-a-tv-apos-43-anos-de-atuacao-diaria-no-jornalismo\/"]}]},{"@type":"ImageObject","inLanguage":"pt-BR","@id":"https:\/\/radiolifefm.com.br\/noticias\/adamantinense-carlos-tramontina-deixa-a-tv-apos-43-anos-de-atuacao-diaria-no-jornalismo\/#primaryimage","url":"https:\/\/radiolifefm.com.br\/noticias\/wp-content\/uploads\/2022\/04\/trjpg16510630756269392355d55.jpg","contentUrl":"https:\/\/radiolifefm.com.br\/noticias\/wp-content\/uploads\/2022\/04\/trjpg16510630756269392355d55.jpg","width":600,"height":337,"caption":"Comunicador nasceu em Adamantina em 11 de maio de 1956."},{"@type":"BreadcrumbList","@id":"https:\/\/radiolifefm.com.br\/noticias\/adamantinense-carlos-tramontina-deixa-a-tv-apos-43-anos-de-atuacao-diaria-no-jornalismo\/#breadcrumb","itemListElement":[{"@type":"ListItem","position":1,"name":"In\u00edcio","item":"https:\/\/radiolifefm.com.br\/noticias\/"},{"@type":"ListItem","position":2,"name":"Adamantinense Carlos Tramontina deixa a TV ap\u00f3s 43 anos de atua\u00e7\u00e3o di\u00e1ria no jornalismo"}]},{"@type":"WebSite","@id":"https:\/\/radiolifefm.com.br\/noticias\/#website","url":"https:\/\/radiolifefm.com.br\/noticias\/","name":"R\u00e1dio Life FM","description":"O Portal de Not\u00edcias de Adamantina","publisher":{"@id":"https:\/\/radiolifefm.com.br\/noticias\/#organization"},"alternateName":"Life FM","potentialAction":[{"@type":"SearchAction","target":{"@type":"EntryPoint","urlTemplate":"https:\/\/radiolifefm.com.br\/noticias\/?s={search_term_string}"},"query-input":{"@type":"PropertyValueSpecification","valueRequired":true,"valueName":"search_term_string"}}],"inLanguage":"pt-BR"},{"@type":"Organization","@id":"https:\/\/radiolifefm.com.br\/noticias\/#organization","name":"R\u00e1dio Life FM","alternateName":"Life FM","url":"https:\/\/radiolifefm.com.br\/noticias\/","logo":{"@type":"ImageObject","inLanguage":"pt-BR","@id":"https:\/\/radiolifefm.com.br\/noticias\/#\/schema\/logo\/image\/","url":"https:\/\/static.radiolifefm.com.br\/noticias\/wp-content\/uploads\/2019\/10\/logo-lifefm.png","contentUrl":"https:\/\/static.radiolifefm.com.br\/noticias\/wp-content\/uploads\/2019\/10\/logo-lifefm.png","width":196,"height":47,"caption":"R\u00e1dio Life FM"},"image":{"@id":"https:\/\/radiolifefm.com.br\/noticias\/#\/schema\/logo\/image\/"},"sameAs":["https:\/\/www.facebook.com\/radiolifefm\/","https:\/\/www.instagram.com\/life1079fm\/"]},{"@type":"Person","@id":"https:\/\/radiolifefm.com.br\/noticias\/#\/schema\/person\/6339b9fac59d12b071dec680d7375d87","name":"ritanery","image":{"@type":"ImageObject","inLanguage":"pt-BR","@id":"https:\/\/secure.gravatar.com\/avatar\/0e37bb19071f47c0b8a23f62a903df117c5a0e75f65a0c2901562f97cd41cf86?s=96&d=mm&r=g","url":"https:\/\/secure.gravatar.com\/avatar\/0e37bb19071f47c0b8a23f62a903df117c5a0e75f65a0c2901562f97cd41cf86?s=96&d=mm&r=g","contentUrl":"https:\/\/secure.gravatar.com\/avatar\/0e37bb19071f47c0b8a23f62a903df117c5a0e75f65a0c2901562f97cd41cf86?s=96&d=mm&r=g","caption":"ritanery"}}]}},"amp_enabled":true,"_links":{"self":[{"href":"https:\/\/radiolifefm.com.br\/noticias\/wp-json\/wp\/v2\/posts\/52658","targetHints":{"allow":["GET"]}}],"collection":[{"href":"https:\/\/radiolifefm.com.br\/noticias\/wp-json\/wp\/v2\/posts"}],"about":[{"href":"https:\/\/radiolifefm.com.br\/noticias\/wp-json\/wp\/v2\/types\/post"}],"author":[{"embeddable":true,"href":"https:\/\/radiolifefm.com.br\/noticias\/wp-json\/wp\/v2\/users\/13"}],"replies":[{"embeddable":true,"href":"https:\/\/radiolifefm.com.br\/noticias\/wp-json\/wp\/v2\/comments?post=52658"}],"version-history":[{"count":4,"href":"https:\/\/radiolifefm.com.br\/noticias\/wp-json\/wp\/v2\/posts\/52658\/revisions"}],"predecessor-version":[{"id":52663,"href":"https:\/\/radiolifefm.com.br\/noticias\/wp-json\/wp\/v2\/posts\/52658\/revisions\/52663"}],"wp:featuredmedia":[{"embeddable":true,"href":"https:\/\/radiolifefm.com.br\/noticias\/wp-json\/wp\/v2\/media\/52659"}],"wp:attachment":[{"href":"https:\/\/radiolifefm.com.br\/noticias\/wp-json\/wp\/v2\/media?parent=52658"}],"wp:term":[{"taxonomy":"category","embeddable":true,"href":"https:\/\/radiolifefm.com.br\/noticias\/wp-json\/wp\/v2\/categories?post=52658"},{"taxonomy":"post_tag","embeddable":true,"href":"https:\/\/radiolifefm.com.br\/noticias\/wp-json\/wp\/v2\/tags?post=52658"}],"curies":[{"name":"wp","href":"https:\/\/api.w.org\/{rel}","templated":true}]}}