{"id":52633,"date":"2022-04-27T08:20:20","date_gmt":"2022-04-27T11:20:20","guid":{"rendered":"https:\/\/radiolifefm.com.br\/noticias\/?p=52633"},"modified":"2026-04-28T01:56:03","modified_gmt":"2026-04-28T04:56:03","slug":"exclusao-mundial-e-pos-globalizacao-neste-tempo-novo-tempo","status":"publish","type":"post","link":"https:\/\/radiolifefm.com.br\/noticias\/exclusao-mundial-e-pos-globalizacao-neste-tempo-novo-tempo\/","title":{"rendered":"EXCLUS\u00c3O MUNDIAL E P\u00d3S-GLOBALIZA\u00c7\u00c3O NESTE TEMPO NOVO TEMPO!"},"content":{"rendered":"<div id=\"fb-root\"><\/div>\n<p><em>\u00a0\u201cA juventude \u00e9 o tempo de alcan\u00e7ar a sabedoria, assim como a velhice \u00e9 o tempo de pratic\u00e1-la\u201d (Rousseau)<\/em><\/p>\n<p>&nbsp;<\/p>\n<p><strong><em>S\u00e9rgio Barbosa (*)<\/em><\/strong><\/p>\n<p>&nbsp;<\/p>\n<p>As not\u00edcias chegam por meio dos mais diversos ve\u00edculos de comunica\u00e7\u00e3o, assim, cada vez mais, somos projetados sob o foco da m\u00eddia global&#8230;<\/p>\n<p>A p\u00f3s-globaliza\u00e7\u00e3o cultural em n\u00edvel mundial est\u00e1 criando novos modelos de comportamento, ao mesmo tempo, traduz uma nova forma de pensar que chega pela rede mundial de computadores-a internet&#8230;<\/p>\n<p>Estar em dia com a informa\u00e7\u00e3o \u00e9 possuir tecnologia de ponta, neste caso em pauta, \u00a0mais do que nunca, \u00e9 preciso estar em conex\u00e3o com o mundo, relembrando neste contexto,\u00a0 o \u00a0te\u00f3rico dos anos 60, McLuhan que afirmou naqueles anos turbulentos que <em>\u201co mundo \u00e9 uma aldeia global\u201d<\/em>&#8230;<\/p>\n<p>O final dos anos 90 trouxe um painel inacabado para o pr\u00f3ximo s\u00e9culo, assim, \u00e9 necess\u00e1rio estar em sintonia com o novo s\u00e9culo novo para contextualizar o novo mil\u00eanio al\u00e9m da \u201cera de aquarius\u201d por meio das novas descobertas tecnol\u00f3gicas patrocinadas pelo denominado \u201cprimeiro mundo\u201d&#8230;<\/p>\n<p>Tamb\u00e9m, com garantia \u201ca perder de vista\u201d pelos pa\u00edses emergentes em meio a \u201copress\u00e3o econ\u00f4mica\u201d para cima dos que perderam ou est\u00e3o perdendo a corrida por um lugar no mercado consumidor mundial&#8230;<\/p>\n<p>Neste cen\u00e1rio mais do que apocal\u00edptico para o denominado \u201cterceiro mundo\u201d, deve-se prever a transi\u00e7\u00e3o mediada pela p\u00f3s-globaliza\u00e7\u00e3o que prop\u00f5e a l\u00f3gica m\u00e1xima do capital em crise financeira e econ\u00f4mica, por\u00e9m, a gera\u00e7\u00e3o de lucro determina quem comanda a economia do \u201ccaos\u201d internacional&#8230;<\/p>\n<p>A p\u00f3s-globaliza\u00e7\u00e3o determina a exclus\u00e3o social, tamb\u00e9m, econ\u00f4mica pela expans\u00e3o em blocos hegem\u00f4nicos capitaneados pelas novas for\u00e7as que apareceram com o desmanche das na\u00e7\u00f5es no contexto de uma Nova Ordem Mundial, tais como: CE- Comunidade Europeia e outros desencontros deste e do outro lado&#8230;<\/p>\n<p>&nbsp;<\/p>\n<p><strong>Mundializa\u00e7\u00e3o da Cultura<\/strong><\/p>\n<p>&nbsp;<\/p>\n<p>Cada vez mais, temos que buscar novas alternativas para um presente cada vez mais futuro em nossa frente \u00e9 necess\u00e1rio estar em contato com o resto do mundo, n\u00e3o existe mais tempo dispon\u00edvel para d\u00favidas ou desencontros&#8230;<\/p>\n<p>A denominada mundializa\u00e7\u00e3o da cultura neste novo tempo, trazem mudan\u00e7as contradit\u00f3rias para as pessoas, tumultuando o contexto na qual est\u00e3o inseridas como ser social, ao mesmo tempo, os resultados \u00e9 os mais inesperados poss\u00edveis nesta \u00e1rea em especial&#8230;<\/p>\n<p>A m\u00eddia internacional se faz presente por meio das muitas atividades afins no mundo virtual, efeito e causa s\u00e3o procedimentos do momento, ainda mais, quando temos contatos ilimitados pela rede mundial de computadores (internet) em tempo de \u201cfake News\u201d para manter a \u201cdesordem nas redes sociais\u201d&#8230;<\/p>\n<p>A proposta \u00e9 diversificar o m\u00e1ximo poss\u00edvel em n\u00edveis adversos, somar para estar presente do outro lado, qualifica\u00e7\u00e3o acad\u00eamica e qualifica\u00e7\u00e3o profissional \u00e9 os requisitos necess\u00e1rios para estar compat\u00edvel com as novas exig\u00eancias do mercado global&#8230;<\/p>\n<p>Assim, antes do ataque ao mercado sem mais ou menos, \u00e9 preciso utilizar a reflex\u00e3o individual, tendo em vista, o estabelecimento das novas diretrizes frente ao mercado em muta\u00e7\u00e3o constante&#8230;<\/p>\n<p>O tempo continua sendo o in\u00edcio, meio e fim de tudo, isso \u00e9, para muitos que continuam na mesmice de sempre, n\u00e3o querem mudar com os novos ventos que chegam por meio da p\u00f3s-globaliza\u00e7\u00e3o para uma conex\u00e3o com a meta-globaliza\u00e7\u00e3o&#8230;<\/p>\n<p><em>Cada um sabe o que faz<\/em>, diz um dito popular, assim, cada vez mais, \u00e9 preciso ser e n\u00e3o apenas estar neste mercado competitivo e seletivo, \u00e9 necess\u00e1rio somar e n\u00e3o dividir neste novo tempo novo em busca de um tempo novo tempo que se chama hoje&#8230;<\/p>\n<p>QUEM SOBREVIVER VAI SABER&#8230;<\/p>\n<p><strong><em>_________________________<\/em><\/strong><\/p>\n<p><strong><em>(*) Jornalista diplomado, professor universit\u00e1rio e consultor na \u00e1rea de m\u00eddia organizacional.<\/em><\/strong><\/p>\n<p><strong><em>E-mail: barbosa.sebar@gmail.com<\/em><\/strong><\/p>\n","protected":false},"excerpt":{"rendered":"<p>\u00a0\u201cA juventude \u00e9 o tempo de alcan\u00e7ar a sabedoria, assim como a velhice \u00e9 o tempo de pratic\u00e1-la\u201d (Rousseau) &nbsp; S\u00e9rgio Barbosa (*) &nbsp; As not\u00edcias chegam por meio dos mais diversos ve\u00edculos de comunica\u00e7\u00e3o, assim, cada vez mais, somos projetados sob o foco da m\u00eddia global&#8230; A p\u00f3s-globaliza\u00e7\u00e3o cultural em n\u00edvel mundial est\u00e1 criando [&hellip;]<\/p>\n","protected":false},"author":13,"featured_media":51988,"comment_status":"closed","ping_status":"open","sticky":false,"template":"","format":"standard","meta":{"_acf_changed":false,"_exactmetrics_skip_tracking":false,"_exactmetrics_sitenote_active":false,"_exactmetrics_sitenote_note":"","_exactmetrics_sitenote_category":0,"footnotes":""},"categories":[59],"tags":[],"class_list":["post-52633","post","type-post","status-publish","format-standard","has-post-thumbnail","hentry","category-opiniao"],"acf":[],"yoast_head":"<!-- This site is optimized with the Yoast SEO plugin v27.2 - https:\/\/yoast.com\/product\/yoast-seo-wordpress\/ -->\n<title>EXCLUS\u00c3O MUNDIAL E P\u00d3S-GLOBALIZA\u00c7\u00c3O NESTE TEMPO NOVO TEMPO! - R\u00e1dio Life FM<\/title>\n<meta name=\"robots\" content=\"index, follow, max-snippet:-1, max-image-preview:large, max-video-preview:-1\" \/>\n<link rel=\"canonical\" href=\"https:\/\/radiolifefm.com.br\/noticias\/exclusao-mundial-e-pos-globalizacao-neste-tempo-novo-tempo\/\" \/>\n<meta property=\"og:locale\" content=\"pt_BR\" \/>\n<meta property=\"og:type\" content=\"article\" \/>\n<meta property=\"og:title\" content=\"EXCLUS\u00c3O MUNDIAL E P\u00d3S-GLOBALIZA\u00c7\u00c3O NESTE TEMPO NOVO TEMPO! - R\u00e1dio Life FM\" \/>\n<meta property=\"og:description\" content=\"\u00a0\u201cA juventude \u00e9 o tempo de alcan\u00e7ar a sabedoria, assim como a velhice \u00e9 o tempo de pratic\u00e1-la\u201d (Rousseau) &nbsp; S\u00e9rgio Barbosa (*) &nbsp; As not\u00edcias chegam por meio dos mais diversos ve\u00edculos de comunica\u00e7\u00e3o, assim, cada vez mais, somos projetados sob o foco da m\u00eddia global&#8230; A p\u00f3s-globaliza\u00e7\u00e3o cultural em n\u00edvel mundial est\u00e1 criando [&hellip;]\" \/>\n<meta property=\"og:url\" content=\"https:\/\/radiolifefm.com.br\/noticias\/exclusao-mundial-e-pos-globalizacao-neste-tempo-novo-tempo\/\" \/>\n<meta property=\"og:site_name\" content=\"R\u00e1dio Life FM\" \/>\n<meta property=\"article:publisher\" content=\"https:\/\/www.facebook.com\/radiolifefm\/\" \/>\n<meta property=\"article:published_time\" content=\"2022-04-27T11:20:20+00:00\" \/>\n<meta property=\"article:modified_time\" content=\"2026-04-28T04:56:03+00:00\" \/>\n<meta property=\"og:image\" content=\"https:\/\/radiolifefm.com.br\/noticias\/wp-content\/uploads\/2022\/04\/WhatsApp-Image-2022-04-10-at-18.43.02.jpeg\" \/>\n\t<meta property=\"og:image:width\" content=\"972\" \/>\n\t<meta property=\"og:image:height\" content=\"1296\" \/>\n\t<meta property=\"og:image:type\" content=\"image\/jpeg\" \/>\n<meta name=\"author\" content=\"ritanery\" \/>\n<meta name=\"twitter:card\" content=\"summary_large_image\" \/>\n<meta name=\"twitter:label1\" content=\"Escrito por\" \/>\n\t<meta name=\"twitter:data1\" content=\"ritanery\" \/>\n\t<meta name=\"twitter:label2\" content=\"Est. tempo de leitura\" \/>\n\t<meta name=\"twitter:data2\" content=\"3 minutos\" \/>\n<script type=\"application\/ld+json\" class=\"yoast-schema-graph\">{\"@context\":\"https:\/\/schema.org\",\"@graph\":[{\"@type\":\"Article\",\"@id\":\"https:\/\/radiolifefm.com.br\/noticias\/exclusao-mundial-e-pos-globalizacao-neste-tempo-novo-tempo\/#article\",\"isPartOf\":{\"@id\":\"https:\/\/radiolifefm.com.br\/noticias\/exclusao-mundial-e-pos-globalizacao-neste-tempo-novo-tempo\/\"},\"author\":{\"name\":\"ritanery\",\"@id\":\"https:\/\/radiolifefm.com.br\/noticias\/#\/schema\/person\/6339b9fac59d12b071dec680d7375d87\"},\"headline\":\"EXCLUS\u00c3O MUNDIAL E P\u00d3S-GLOBALIZA\u00c7\u00c3O NESTE TEMPO NOVO TEMPO!\",\"datePublished\":\"2022-04-27T11:20:20+00:00\",\"dateModified\":\"2026-04-28T04:56:03+00:00\",\"mainEntityOfPage\":{\"@id\":\"https:\/\/radiolifefm.com.br\/noticias\/exclusao-mundial-e-pos-globalizacao-neste-tempo-novo-tempo\/\"},\"wordCount\":660,\"publisher\":{\"@id\":\"https:\/\/radiolifefm.com.br\/noticias\/#organization\"},\"image\":{\"@id\":\"https:\/\/radiolifefm.com.br\/noticias\/exclusao-mundial-e-pos-globalizacao-neste-tempo-novo-tempo\/#primaryimage\"},\"thumbnailUrl\":\"https:\/\/radiolifefm.com.br\/noticias\/wp-content\/uploads\/2022\/04\/WhatsApp-Image-2022-04-10-at-18.43.02.jpeg\",\"articleSection\":[\"Opini\u00e3o\"],\"inLanguage\":\"pt-BR\"},{\"@type\":\"WebPage\",\"@id\":\"https:\/\/radiolifefm.com.br\/noticias\/exclusao-mundial-e-pos-globalizacao-neste-tempo-novo-tempo\/\",\"url\":\"https:\/\/radiolifefm.com.br\/noticias\/exclusao-mundial-e-pos-globalizacao-neste-tempo-novo-tempo\/\",\"name\":\"EXCLUS\u00c3O MUNDIAL E P\u00d3S-GLOBALIZA\u00c7\u00c3O NESTE TEMPO NOVO TEMPO! - R\u00e1dio Life FM\",\"isPartOf\":{\"@id\":\"https:\/\/radiolifefm.com.br\/noticias\/#website\"},\"primaryImageOfPage\":{\"@id\":\"https:\/\/radiolifefm.com.br\/noticias\/exclusao-mundial-e-pos-globalizacao-neste-tempo-novo-tempo\/#primaryimage\"},\"image\":{\"@id\":\"https:\/\/radiolifefm.com.br\/noticias\/exclusao-mundial-e-pos-globalizacao-neste-tempo-novo-tempo\/#primaryimage\"},\"thumbnailUrl\":\"https:\/\/radiolifefm.com.br\/noticias\/wp-content\/uploads\/2022\/04\/WhatsApp-Image-2022-04-10-at-18.43.02.jpeg\",\"datePublished\":\"2022-04-27T11:20:20+00:00\",\"dateModified\":\"2026-04-28T04:56:03+00:00\",\"breadcrumb\":{\"@id\":\"https:\/\/radiolifefm.com.br\/noticias\/exclusao-mundial-e-pos-globalizacao-neste-tempo-novo-tempo\/#breadcrumb\"},\"inLanguage\":\"pt-BR\",\"potentialAction\":[{\"@type\":\"ReadAction\",\"target\":[\"https:\/\/radiolifefm.com.br\/noticias\/exclusao-mundial-e-pos-globalizacao-neste-tempo-novo-tempo\/\"]}]},{\"@type\":\"ImageObject\",\"inLanguage\":\"pt-BR\",\"@id\":\"https:\/\/radiolifefm.com.br\/noticias\/exclusao-mundial-e-pos-globalizacao-neste-tempo-novo-tempo\/#primaryimage\",\"url\":\"https:\/\/radiolifefm.com.br\/noticias\/wp-content\/uploads\/2022\/04\/WhatsApp-Image-2022-04-10-at-18.43.02.jpeg\",\"contentUrl\":\"https:\/\/radiolifefm.com.br\/noticias\/wp-content\/uploads\/2022\/04\/WhatsApp-Image-2022-04-10-at-18.43.02.jpeg\",\"width\":972,\"height\":1296,\"caption\":\"S\u00e9rgio Barbosa\"},{\"@type\":\"BreadcrumbList\",\"@id\":\"https:\/\/radiolifefm.com.br\/noticias\/exclusao-mundial-e-pos-globalizacao-neste-tempo-novo-tempo\/#breadcrumb\",\"itemListElement\":[{\"@type\":\"ListItem\",\"position\":1,\"name\":\"In\u00edcio\",\"item\":\"https:\/\/radiolifefm.com.br\/noticias\/\"},{\"@type\":\"ListItem\",\"position\":2,\"name\":\"EXCLUS\u00c3O MUNDIAL E P\u00d3S-GLOBALIZA\u00c7\u00c3O NESTE TEMPO NOVO TEMPO!\"}]},{\"@type\":\"WebSite\",\"@id\":\"https:\/\/radiolifefm.com.br\/noticias\/#website\",\"url\":\"https:\/\/radiolifefm.com.br\/noticias\/\",\"name\":\"R\u00e1dio Life FM\",\"description\":\"O Portal de Not\u00edcias de Adamantina\",\"publisher\":{\"@id\":\"https:\/\/radiolifefm.com.br\/noticias\/#organization\"},\"alternateName\":\"Life FM\",\"potentialAction\":[{\"@type\":\"SearchAction\",\"target\":{\"@type\":\"EntryPoint\",\"urlTemplate\":\"https:\/\/radiolifefm.com.br\/noticias\/?s={search_term_string}\"},\"query-input\":{\"@type\":\"PropertyValueSpecification\",\"valueRequired\":true,\"valueName\":\"search_term_string\"}}],\"inLanguage\":\"pt-BR\"},{\"@type\":\"Organization\",\"@id\":\"https:\/\/radiolifefm.com.br\/noticias\/#organization\",\"name\":\"R\u00e1dio Life FM\",\"alternateName\":\"Life FM\",\"url\":\"https:\/\/radiolifefm.com.br\/noticias\/\",\"logo\":{\"@type\":\"ImageObject\",\"inLanguage\":\"pt-BR\",\"@id\":\"https:\/\/radiolifefm.com.br\/noticias\/#\/schema\/logo\/image\/\",\"url\":\"https:\/\/static.radiolifefm.com.br\/noticias\/wp-content\/uploads\/2019\/10\/logo-lifefm.png\",\"contentUrl\":\"https:\/\/static.radiolifefm.com.br\/noticias\/wp-content\/uploads\/2019\/10\/logo-lifefm.png\",\"width\":196,\"height\":47,\"caption\":\"R\u00e1dio Life FM\"},\"image\":{\"@id\":\"https:\/\/radiolifefm.com.br\/noticias\/#\/schema\/logo\/image\/\"},\"sameAs\":[\"https:\/\/www.facebook.com\/radiolifefm\/\",\"https:\/\/www.instagram.com\/life1079fm\/\"]},{\"@type\":\"Person\",\"@id\":\"https:\/\/radiolifefm.com.br\/noticias\/#\/schema\/person\/6339b9fac59d12b071dec680d7375d87\",\"name\":\"ritanery\",\"image\":{\"@type\":\"ImageObject\",\"inLanguage\":\"pt-BR\",\"@id\":\"https:\/\/secure.gravatar.com\/avatar\/0e37bb19071f47c0b8a23f62a903df117c5a0e75f65a0c2901562f97cd41cf86?s=96&d=mm&r=g\",\"url\":\"https:\/\/secure.gravatar.com\/avatar\/0e37bb19071f47c0b8a23f62a903df117c5a0e75f65a0c2901562f97cd41cf86?s=96&d=mm&r=g\",\"contentUrl\":\"https:\/\/secure.gravatar.com\/avatar\/0e37bb19071f47c0b8a23f62a903df117c5a0e75f65a0c2901562f97cd41cf86?s=96&d=mm&r=g\",\"caption\":\"ritanery\"}}]}<\/script>\n<!-- \/ Yoast SEO plugin. -->","yoast_head_json":{"title":"EXCLUS\u00c3O MUNDIAL E P\u00d3S-GLOBALIZA\u00c7\u00c3O NESTE TEMPO NOVO TEMPO! - R\u00e1dio Life FM","robots":{"index":"index","follow":"follow","max-snippet":"max-snippet:-1","max-image-preview":"max-image-preview:large","max-video-preview":"max-video-preview:-1"},"canonical":"https:\/\/radiolifefm.com.br\/noticias\/exclusao-mundial-e-pos-globalizacao-neste-tempo-novo-tempo\/","og_locale":"pt_BR","og_type":"article","og_title":"EXCLUS\u00c3O MUNDIAL E P\u00d3S-GLOBALIZA\u00c7\u00c3O NESTE TEMPO NOVO TEMPO! - R\u00e1dio Life FM","og_description":"\u00a0\u201cA juventude \u00e9 o tempo de alcan\u00e7ar a sabedoria, assim como a velhice \u00e9 o tempo de pratic\u00e1-la\u201d (Rousseau) &nbsp; S\u00e9rgio Barbosa (*) &nbsp; As not\u00edcias chegam por meio dos mais diversos ve\u00edculos de comunica\u00e7\u00e3o, assim, cada vez mais, somos projetados sob o foco da m\u00eddia global&#8230; A p\u00f3s-globaliza\u00e7\u00e3o cultural em n\u00edvel mundial est\u00e1 criando [&hellip;]","og_url":"https:\/\/radiolifefm.com.br\/noticias\/exclusao-mundial-e-pos-globalizacao-neste-tempo-novo-tempo\/","og_site_name":"R\u00e1dio Life FM","article_publisher":"https:\/\/www.facebook.com\/radiolifefm\/","article_published_time":"2022-04-27T11:20:20+00:00","article_modified_time":"2026-04-28T04:56:03+00:00","og_image":[{"width":972,"height":1296,"url":"https:\/\/radiolifefm.com.br\/noticias\/wp-content\/uploads\/2022\/04\/WhatsApp-Image-2022-04-10-at-18.43.02.jpeg","type":"image\/jpeg"}],"author":"ritanery","twitter_card":"summary_large_image","twitter_misc":{"Escrito por":"ritanery","Est. tempo de leitura":"3 minutos"},"schema":{"@context":"https:\/\/schema.org","@graph":[{"@type":"Article","@id":"https:\/\/radiolifefm.com.br\/noticias\/exclusao-mundial-e-pos-globalizacao-neste-tempo-novo-tempo\/#article","isPartOf":{"@id":"https:\/\/radiolifefm.com.br\/noticias\/exclusao-mundial-e-pos-globalizacao-neste-tempo-novo-tempo\/"},"author":{"name":"ritanery","@id":"https:\/\/radiolifefm.com.br\/noticias\/#\/schema\/person\/6339b9fac59d12b071dec680d7375d87"},"headline":"EXCLUS\u00c3O MUNDIAL E P\u00d3S-GLOBALIZA\u00c7\u00c3O NESTE TEMPO NOVO TEMPO!","datePublished":"2022-04-27T11:20:20+00:00","dateModified":"2026-04-28T04:56:03+00:00","mainEntityOfPage":{"@id":"https:\/\/radiolifefm.com.br\/noticias\/exclusao-mundial-e-pos-globalizacao-neste-tempo-novo-tempo\/"},"wordCount":660,"publisher":{"@id":"https:\/\/radiolifefm.com.br\/noticias\/#organization"},"image":{"@id":"https:\/\/radiolifefm.com.br\/noticias\/exclusao-mundial-e-pos-globalizacao-neste-tempo-novo-tempo\/#primaryimage"},"thumbnailUrl":"https:\/\/radiolifefm.com.br\/noticias\/wp-content\/uploads\/2022\/04\/WhatsApp-Image-2022-04-10-at-18.43.02.jpeg","articleSection":["Opini\u00e3o"],"inLanguage":"pt-BR"},{"@type":"WebPage","@id":"https:\/\/radiolifefm.com.br\/noticias\/exclusao-mundial-e-pos-globalizacao-neste-tempo-novo-tempo\/","url":"https:\/\/radiolifefm.com.br\/noticias\/exclusao-mundial-e-pos-globalizacao-neste-tempo-novo-tempo\/","name":"EXCLUS\u00c3O MUNDIAL E P\u00d3S-GLOBALIZA\u00c7\u00c3O NESTE TEMPO NOVO TEMPO! - R\u00e1dio Life FM","isPartOf":{"@id":"https:\/\/radiolifefm.com.br\/noticias\/#website"},"primaryImageOfPage":{"@id":"https:\/\/radiolifefm.com.br\/noticias\/exclusao-mundial-e-pos-globalizacao-neste-tempo-novo-tempo\/#primaryimage"},"image":{"@id":"https:\/\/radiolifefm.com.br\/noticias\/exclusao-mundial-e-pos-globalizacao-neste-tempo-novo-tempo\/#primaryimage"},"thumbnailUrl":"https:\/\/radiolifefm.com.br\/noticias\/wp-content\/uploads\/2022\/04\/WhatsApp-Image-2022-04-10-at-18.43.02.jpeg","datePublished":"2022-04-27T11:20:20+00:00","dateModified":"2026-04-28T04:56:03+00:00","breadcrumb":{"@id":"https:\/\/radiolifefm.com.br\/noticias\/exclusao-mundial-e-pos-globalizacao-neste-tempo-novo-tempo\/#breadcrumb"},"inLanguage":"pt-BR","potentialAction":[{"@type":"ReadAction","target":["https:\/\/radiolifefm.com.br\/noticias\/exclusao-mundial-e-pos-globalizacao-neste-tempo-novo-tempo\/"]}]},{"@type":"ImageObject","inLanguage":"pt-BR","@id":"https:\/\/radiolifefm.com.br\/noticias\/exclusao-mundial-e-pos-globalizacao-neste-tempo-novo-tempo\/#primaryimage","url":"https:\/\/radiolifefm.com.br\/noticias\/wp-content\/uploads\/2022\/04\/WhatsApp-Image-2022-04-10-at-18.43.02.jpeg","contentUrl":"https:\/\/radiolifefm.com.br\/noticias\/wp-content\/uploads\/2022\/04\/WhatsApp-Image-2022-04-10-at-18.43.02.jpeg","width":972,"height":1296,"caption":"S\u00e9rgio Barbosa"},{"@type":"BreadcrumbList","@id":"https:\/\/radiolifefm.com.br\/noticias\/exclusao-mundial-e-pos-globalizacao-neste-tempo-novo-tempo\/#breadcrumb","itemListElement":[{"@type":"ListItem","position":1,"name":"In\u00edcio","item":"https:\/\/radiolifefm.com.br\/noticias\/"},{"@type":"ListItem","position":2,"name":"EXCLUS\u00c3O MUNDIAL E P\u00d3S-GLOBALIZA\u00c7\u00c3O NESTE TEMPO NOVO TEMPO!"}]},{"@type":"WebSite","@id":"https:\/\/radiolifefm.com.br\/noticias\/#website","url":"https:\/\/radiolifefm.com.br\/noticias\/","name":"R\u00e1dio Life FM","description":"O Portal de Not\u00edcias de Adamantina","publisher":{"@id":"https:\/\/radiolifefm.com.br\/noticias\/#organization"},"alternateName":"Life FM","potentialAction":[{"@type":"SearchAction","target":{"@type":"EntryPoint","urlTemplate":"https:\/\/radiolifefm.com.br\/noticias\/?s={search_term_string}"},"query-input":{"@type":"PropertyValueSpecification","valueRequired":true,"valueName":"search_term_string"}}],"inLanguage":"pt-BR"},{"@type":"Organization","@id":"https:\/\/radiolifefm.com.br\/noticias\/#organization","name":"R\u00e1dio Life FM","alternateName":"Life FM","url":"https:\/\/radiolifefm.com.br\/noticias\/","logo":{"@type":"ImageObject","inLanguage":"pt-BR","@id":"https:\/\/radiolifefm.com.br\/noticias\/#\/schema\/logo\/image\/","url":"https:\/\/static.radiolifefm.com.br\/noticias\/wp-content\/uploads\/2019\/10\/logo-lifefm.png","contentUrl":"https:\/\/static.radiolifefm.com.br\/noticias\/wp-content\/uploads\/2019\/10\/logo-lifefm.png","width":196,"height":47,"caption":"R\u00e1dio Life FM"},"image":{"@id":"https:\/\/radiolifefm.com.br\/noticias\/#\/schema\/logo\/image\/"},"sameAs":["https:\/\/www.facebook.com\/radiolifefm\/","https:\/\/www.instagram.com\/life1079fm\/"]},{"@type":"Person","@id":"https:\/\/radiolifefm.com.br\/noticias\/#\/schema\/person\/6339b9fac59d12b071dec680d7375d87","name":"ritanery","image":{"@type":"ImageObject","inLanguage":"pt-BR","@id":"https:\/\/secure.gravatar.com\/avatar\/0e37bb19071f47c0b8a23f62a903df117c5a0e75f65a0c2901562f97cd41cf86?s=96&d=mm&r=g","url":"https:\/\/secure.gravatar.com\/avatar\/0e37bb19071f47c0b8a23f62a903df117c5a0e75f65a0c2901562f97cd41cf86?s=96&d=mm&r=g","contentUrl":"https:\/\/secure.gravatar.com\/avatar\/0e37bb19071f47c0b8a23f62a903df117c5a0e75f65a0c2901562f97cd41cf86?s=96&d=mm&r=g","caption":"ritanery"}}]}},"amp_enabled":true,"_links":{"self":[{"href":"https:\/\/radiolifefm.com.br\/noticias\/wp-json\/wp\/v2\/posts\/52633","targetHints":{"allow":["GET"]}}],"collection":[{"href":"https:\/\/radiolifefm.com.br\/noticias\/wp-json\/wp\/v2\/posts"}],"about":[{"href":"https:\/\/radiolifefm.com.br\/noticias\/wp-json\/wp\/v2\/types\/post"}],"author":[{"embeddable":true,"href":"https:\/\/radiolifefm.com.br\/noticias\/wp-json\/wp\/v2\/users\/13"}],"replies":[{"embeddable":true,"href":"https:\/\/radiolifefm.com.br\/noticias\/wp-json\/wp\/v2\/comments?post=52633"}],"version-history":[{"count":1,"href":"https:\/\/radiolifefm.com.br\/noticias\/wp-json\/wp\/v2\/posts\/52633\/revisions"}],"predecessor-version":[{"id":52634,"href":"https:\/\/radiolifefm.com.br\/noticias\/wp-json\/wp\/v2\/posts\/52633\/revisions\/52634"}],"wp:featuredmedia":[{"embeddable":true,"href":"https:\/\/radiolifefm.com.br\/noticias\/wp-json\/wp\/v2\/media\/51988"}],"wp:attachment":[{"href":"https:\/\/radiolifefm.com.br\/noticias\/wp-json\/wp\/v2\/media?parent=52633"}],"wp:term":[{"taxonomy":"category","embeddable":true,"href":"https:\/\/radiolifefm.com.br\/noticias\/wp-json\/wp\/v2\/categories?post=52633"},{"taxonomy":"post_tag","embeddable":true,"href":"https:\/\/radiolifefm.com.br\/noticias\/wp-json\/wp\/v2\/tags?post=52633"}],"curies":[{"name":"wp","href":"https:\/\/api.w.org\/{rel}","templated":true}]}}