{"id":52562,"date":"2022-04-25T21:10:06","date_gmt":"2022-04-26T00:10:06","guid":{"rendered":"https:\/\/radiolifefm.com.br\/noticias\/?p=52562"},"modified":"2026-04-24T06:13:23","modified_gmt":"2026-04-24T09:13:23","slug":"adamantina-recebe-certificacao-do-ministerio-do-turismo","status":"publish","type":"post","link":"https:\/\/radiolifefm.com.br\/noticias\/adamantina-recebe-certificacao-do-ministerio-do-turismo\/","title":{"rendered":"Adamantina recebe certifica\u00e7\u00e3o do Minist\u00e9rio do Turismo"},"content":{"rendered":"<div id=\"fb-root\"><\/div>\n<p style=\"font-weight: 400\">Adamantina recebeu a certifica\u00e7\u00e3o do Minist\u00e9rio do Turismo e agora integra o Programa de Regionaliza\u00e7\u00e3o do Turismo do Governo Federal. Adamantina foi classificada na categoria D obtendo destaque na Regi\u00e3o Tur\u00edstica Sol do Oeste. O Conselho Municipal de Turismo do munic\u00edpio tamb\u00e9m foi certificado.<\/p>\n<p>De acordo com as informa\u00e7\u00f5es divulgadas no site do Governo Federal, os munic\u00edpios s\u00e3o categorizados como meio de promover a identifica\u00e7\u00e3o do desempenho da economia e do setor nos munic\u00edpios que constam no Mapa do Turismo Brasileiro.<\/p>\n<p>A Categoriza\u00e7\u00e3o dos Munic\u00edpios da Regi\u00f5es Tur\u00edsticas do Mapa visa possibilitar que as decis\u00f5es sejam ainda mais assertivas de forma a permitir que as pol\u00edticas implementadas tenham como base as peculiaridades de cada cidade.<\/p>\n<p>Para promover a classifica\u00e7\u00e3o, os crit\u00e9rios levados em considera\u00e7\u00e3o s\u00e3o: \u00a0a quantidade de estabelecimentos de hospedagens e de empregos, a estimativa de visitantes dom\u00e9sticos e internacionais, e a arrecada\u00e7\u00e3o de impostos federais nos meios de hospedagens.<\/p>\n<p>Conforme explica o secret\u00e1rio de cultura e turismo, S\u00e9rgio Vanderlei, esse \u00e9 mais um passo que o munic\u00edpio vem dando frente ao fato de ser Munic\u00edpio de Interesse Tur\u00edstico (MIT).<\/p>\n<p>\u201cPor meio dos repasses do Governo do Estado de S\u00e3o Paulo, temos conseguido promover in\u00fameras melhorias no munic\u00edpio tendo como foco a promo\u00e7\u00e3o do turismo e a gera\u00e7\u00e3o de emprego e renda. Agora, soma-se a certifica\u00e7\u00e3o federal\u201d, comemora.<\/p>\n<p style=\"font-weight: 400\">Sobre &#8211; O Programa de Regionaliza\u00e7\u00e3o do Turismo \u00e9 um programa estruturante do Minist\u00e9rio do Turismo, que trabalha a converg\u00eancia e a intera\u00e7\u00e3o de todas as a\u00e7\u00f5es desempenhadas pelo MTur com estados e munic\u00edpios brasileiros. Seu objetivo principal \u00e9 o de apoiar a estrutura\u00e7\u00e3o dos destinos, a gest\u00e3o e a promo\u00e7\u00e3o do turismo no Pa\u00eds, a partir de 8 eixos estruturantes com vistas \u00e0 promo\u00e7\u00e3o do desenvolvimento regional.<\/p>\n<p>&nbsp;<\/p>\n<p>Fonte: Assessoria de Imprensa<\/p>\n","protected":false},"excerpt":{"rendered":"<p>Adamantina recebeu a certifica\u00e7\u00e3o do Minist\u00e9rio do Turismo e agora integra o Programa de Regionaliza\u00e7\u00e3o do Turismo do Governo Federal. Adamantina foi classificada na categoria D obtendo destaque na Regi\u00e3o Tur\u00edstica Sol do Oeste. O Conselho Municipal de Turismo do munic\u00edpio tamb\u00e9m foi certificado. De acordo com as informa\u00e7\u00f5es divulgadas no site do Governo Federal, [&hellip;]<\/p>\n","protected":false},"author":13,"featured_media":52563,"comment_status":"closed","ping_status":"open","sticky":false,"template":"","format":"standard","meta":{"_acf_changed":false,"_exactmetrics_skip_tracking":false,"_exactmetrics_sitenote_active":false,"_exactmetrics_sitenote_note":"","_exactmetrics_sitenote_category":0,"footnotes":""},"categories":[21],"tags":[],"class_list":["post-52562","post","type-post","status-publish","format-standard","has-post-thumbnail","hentry","category-adamantina"],"acf":[],"yoast_head":"<!-- This site is optimized with the Yoast SEO plugin v27.2 - https:\/\/yoast.com\/product\/yoast-seo-wordpress\/ -->\n<title>Adamantina recebe certifica\u00e7\u00e3o do Minist\u00e9rio do Turismo - R\u00e1dio Life FM<\/title>\n<meta name=\"robots\" content=\"index, follow, max-snippet:-1, max-image-preview:large, max-video-preview:-1\" \/>\n<link rel=\"canonical\" href=\"https:\/\/radiolifefm.com.br\/noticias\/adamantina-recebe-certificacao-do-ministerio-do-turismo\/\" \/>\n<meta property=\"og:locale\" content=\"pt_BR\" \/>\n<meta property=\"og:type\" content=\"article\" \/>\n<meta property=\"og:title\" content=\"Adamantina recebe certifica\u00e7\u00e3o do Minist\u00e9rio do Turismo - R\u00e1dio Life FM\" \/>\n<meta property=\"og:description\" content=\"Adamantina recebeu a certifica\u00e7\u00e3o do Minist\u00e9rio do Turismo e agora integra o Programa de Regionaliza\u00e7\u00e3o do Turismo do Governo Federal. Adamantina foi classificada na categoria D obtendo destaque na Regi\u00e3o Tur\u00edstica Sol do Oeste. O Conselho Municipal de Turismo do munic\u00edpio tamb\u00e9m foi certificado. De acordo com as informa\u00e7\u00f5es divulgadas no site do Governo Federal, [&hellip;]\" \/>\n<meta property=\"og:url\" content=\"https:\/\/radiolifefm.com.br\/noticias\/adamantina-recebe-certificacao-do-ministerio-do-turismo\/\" \/>\n<meta property=\"og:site_name\" content=\"R\u00e1dio Life FM\" \/>\n<meta property=\"article:publisher\" content=\"https:\/\/www.facebook.com\/radiolifefm\/\" \/>\n<meta property=\"article:published_time\" content=\"2022-04-26T00:10:06+00:00\" \/>\n<meta property=\"article:modified_time\" content=\"2026-04-24T09:13:23+00:00\" \/>\n<meta property=\"og:image\" content=\"https:\/\/radiolifefm.com.br\/noticias\/wp-content\/uploads\/2022\/04\/certificado.jpeg\" \/>\n\t<meta property=\"og:image:width\" content=\"1027\" \/>\n\t<meta property=\"og:image:height\" content=\"777\" \/>\n\t<meta property=\"og:image:type\" content=\"image\/jpeg\" \/>\n<meta name=\"author\" content=\"ritanery\" \/>\n<meta name=\"twitter:card\" content=\"summary_large_image\" \/>\n<meta name=\"twitter:label1\" content=\"Escrito por\" \/>\n\t<meta name=\"twitter:data1\" content=\"ritanery\" \/>\n\t<meta name=\"twitter:label2\" content=\"Est. tempo de leitura\" \/>\n\t<meta name=\"twitter:data2\" content=\"2 minutos\" \/>\n<script type=\"application\/ld+json\" class=\"yoast-schema-graph\">{\"@context\":\"https:\/\/schema.org\",\"@graph\":[{\"@type\":\"Article\",\"@id\":\"https:\/\/radiolifefm.com.br\/noticias\/adamantina-recebe-certificacao-do-ministerio-do-turismo\/#article\",\"isPartOf\":{\"@id\":\"https:\/\/radiolifefm.com.br\/noticias\/adamantina-recebe-certificacao-do-ministerio-do-turismo\/\"},\"author\":{\"name\":\"ritanery\",\"@id\":\"https:\/\/radiolifefm.com.br\/noticias\/#\/schema\/person\/6339b9fac59d12b071dec680d7375d87\"},\"headline\":\"Adamantina recebe certifica\u00e7\u00e3o do Minist\u00e9rio do Turismo\",\"datePublished\":\"2022-04-26T00:10:06+00:00\",\"dateModified\":\"2026-04-24T09:13:23+00:00\",\"mainEntityOfPage\":{\"@id\":\"https:\/\/radiolifefm.com.br\/noticias\/adamantina-recebe-certificacao-do-ministerio-do-turismo\/\"},\"wordCount\":342,\"publisher\":{\"@id\":\"https:\/\/radiolifefm.com.br\/noticias\/#organization\"},\"image\":{\"@id\":\"https:\/\/radiolifefm.com.br\/noticias\/adamantina-recebe-certificacao-do-ministerio-do-turismo\/#primaryimage\"},\"thumbnailUrl\":\"https:\/\/radiolifefm.com.br\/noticias\/wp-content\/uploads\/2022\/04\/certificado.jpeg\",\"articleSection\":[\"Adamantina\"],\"inLanguage\":\"pt-BR\"},{\"@type\":\"WebPage\",\"@id\":\"https:\/\/radiolifefm.com.br\/noticias\/adamantina-recebe-certificacao-do-ministerio-do-turismo\/\",\"url\":\"https:\/\/radiolifefm.com.br\/noticias\/adamantina-recebe-certificacao-do-ministerio-do-turismo\/\",\"name\":\"Adamantina recebe certifica\u00e7\u00e3o do Minist\u00e9rio do Turismo - R\u00e1dio Life FM\",\"isPartOf\":{\"@id\":\"https:\/\/radiolifefm.com.br\/noticias\/#website\"},\"primaryImageOfPage\":{\"@id\":\"https:\/\/radiolifefm.com.br\/noticias\/adamantina-recebe-certificacao-do-ministerio-do-turismo\/#primaryimage\"},\"image\":{\"@id\":\"https:\/\/radiolifefm.com.br\/noticias\/adamantina-recebe-certificacao-do-ministerio-do-turismo\/#primaryimage\"},\"thumbnailUrl\":\"https:\/\/radiolifefm.com.br\/noticias\/wp-content\/uploads\/2022\/04\/certificado.jpeg\",\"datePublished\":\"2022-04-26T00:10:06+00:00\",\"dateModified\":\"2026-04-24T09:13:23+00:00\",\"breadcrumb\":{\"@id\":\"https:\/\/radiolifefm.com.br\/noticias\/adamantina-recebe-certificacao-do-ministerio-do-turismo\/#breadcrumb\"},\"inLanguage\":\"pt-BR\",\"potentialAction\":[{\"@type\":\"ReadAction\",\"target\":[\"https:\/\/radiolifefm.com.br\/noticias\/adamantina-recebe-certificacao-do-ministerio-do-turismo\/\"]}]},{\"@type\":\"ImageObject\",\"inLanguage\":\"pt-BR\",\"@id\":\"https:\/\/radiolifefm.com.br\/noticias\/adamantina-recebe-certificacao-do-ministerio-do-turismo\/#primaryimage\",\"url\":\"https:\/\/radiolifefm.com.br\/noticias\/wp-content\/uploads\/2022\/04\/certificado.jpeg\",\"contentUrl\":\"https:\/\/radiolifefm.com.br\/noticias\/wp-content\/uploads\/2022\/04\/certificado.jpeg\",\"width\":1027,\"height\":777,\"caption\":\"Certificado visa apoiar que os destinos ganhem estrutura, gest\u00e3o e, ainda, promovam o turismo em todo o solo brasileiro\"},{\"@type\":\"BreadcrumbList\",\"@id\":\"https:\/\/radiolifefm.com.br\/noticias\/adamantina-recebe-certificacao-do-ministerio-do-turismo\/#breadcrumb\",\"itemListElement\":[{\"@type\":\"ListItem\",\"position\":1,\"name\":\"In\u00edcio\",\"item\":\"https:\/\/radiolifefm.com.br\/noticias\/\"},{\"@type\":\"ListItem\",\"position\":2,\"name\":\"Adamantina recebe certifica\u00e7\u00e3o do Minist\u00e9rio do Turismo\"}]},{\"@type\":\"WebSite\",\"@id\":\"https:\/\/radiolifefm.com.br\/noticias\/#website\",\"url\":\"https:\/\/radiolifefm.com.br\/noticias\/\",\"name\":\"R\u00e1dio Life FM\",\"description\":\"O Portal de Not\u00edcias de Adamantina\",\"publisher\":{\"@id\":\"https:\/\/radiolifefm.com.br\/noticias\/#organization\"},\"alternateName\":\"Life FM\",\"potentialAction\":[{\"@type\":\"SearchAction\",\"target\":{\"@type\":\"EntryPoint\",\"urlTemplate\":\"https:\/\/radiolifefm.com.br\/noticias\/?s={search_term_string}\"},\"query-input\":{\"@type\":\"PropertyValueSpecification\",\"valueRequired\":true,\"valueName\":\"search_term_string\"}}],\"inLanguage\":\"pt-BR\"},{\"@type\":\"Organization\",\"@id\":\"https:\/\/radiolifefm.com.br\/noticias\/#organization\",\"name\":\"R\u00e1dio Life FM\",\"alternateName\":\"Life FM\",\"url\":\"https:\/\/radiolifefm.com.br\/noticias\/\",\"logo\":{\"@type\":\"ImageObject\",\"inLanguage\":\"pt-BR\",\"@id\":\"https:\/\/radiolifefm.com.br\/noticias\/#\/schema\/logo\/image\/\",\"url\":\"https:\/\/static.radiolifefm.com.br\/noticias\/wp-content\/uploads\/2019\/10\/logo-lifefm.png\",\"contentUrl\":\"https:\/\/static.radiolifefm.com.br\/noticias\/wp-content\/uploads\/2019\/10\/logo-lifefm.png\",\"width\":196,\"height\":47,\"caption\":\"R\u00e1dio Life FM\"},\"image\":{\"@id\":\"https:\/\/radiolifefm.com.br\/noticias\/#\/schema\/logo\/image\/\"},\"sameAs\":[\"https:\/\/www.facebook.com\/radiolifefm\/\",\"https:\/\/www.instagram.com\/life1079fm\/\"]},{\"@type\":\"Person\",\"@id\":\"https:\/\/radiolifefm.com.br\/noticias\/#\/schema\/person\/6339b9fac59d12b071dec680d7375d87\",\"name\":\"ritanery\",\"image\":{\"@type\":\"ImageObject\",\"inLanguage\":\"pt-BR\",\"@id\":\"https:\/\/secure.gravatar.com\/avatar\/0e37bb19071f47c0b8a23f62a903df117c5a0e75f65a0c2901562f97cd41cf86?s=96&d=mm&r=g\",\"url\":\"https:\/\/secure.gravatar.com\/avatar\/0e37bb19071f47c0b8a23f62a903df117c5a0e75f65a0c2901562f97cd41cf86?s=96&d=mm&r=g\",\"contentUrl\":\"https:\/\/secure.gravatar.com\/avatar\/0e37bb19071f47c0b8a23f62a903df117c5a0e75f65a0c2901562f97cd41cf86?s=96&d=mm&r=g\",\"caption\":\"ritanery\"}}]}<\/script>\n<!-- \/ Yoast SEO plugin. -->","yoast_head_json":{"title":"Adamantina recebe certifica\u00e7\u00e3o do Minist\u00e9rio do Turismo - R\u00e1dio Life FM","robots":{"index":"index","follow":"follow","max-snippet":"max-snippet:-1","max-image-preview":"max-image-preview:large","max-video-preview":"max-video-preview:-1"},"canonical":"https:\/\/radiolifefm.com.br\/noticias\/adamantina-recebe-certificacao-do-ministerio-do-turismo\/","og_locale":"pt_BR","og_type":"article","og_title":"Adamantina recebe certifica\u00e7\u00e3o do Minist\u00e9rio do Turismo - R\u00e1dio Life FM","og_description":"Adamantina recebeu a certifica\u00e7\u00e3o do Minist\u00e9rio do Turismo e agora integra o Programa de Regionaliza\u00e7\u00e3o do Turismo do Governo Federal. Adamantina foi classificada na categoria D obtendo destaque na Regi\u00e3o Tur\u00edstica Sol do Oeste. O Conselho Municipal de Turismo do munic\u00edpio tamb\u00e9m foi certificado. De acordo com as informa\u00e7\u00f5es divulgadas no site do Governo Federal, [&hellip;]","og_url":"https:\/\/radiolifefm.com.br\/noticias\/adamantina-recebe-certificacao-do-ministerio-do-turismo\/","og_site_name":"R\u00e1dio Life FM","article_publisher":"https:\/\/www.facebook.com\/radiolifefm\/","article_published_time":"2022-04-26T00:10:06+00:00","article_modified_time":"2026-04-24T09:13:23+00:00","og_image":[{"width":1027,"height":777,"url":"https:\/\/radiolifefm.com.br\/noticias\/wp-content\/uploads\/2022\/04\/certificado.jpeg","type":"image\/jpeg"}],"author":"ritanery","twitter_card":"summary_large_image","twitter_misc":{"Escrito por":"ritanery","Est. tempo de leitura":"2 minutos"},"schema":{"@context":"https:\/\/schema.org","@graph":[{"@type":"Article","@id":"https:\/\/radiolifefm.com.br\/noticias\/adamantina-recebe-certificacao-do-ministerio-do-turismo\/#article","isPartOf":{"@id":"https:\/\/radiolifefm.com.br\/noticias\/adamantina-recebe-certificacao-do-ministerio-do-turismo\/"},"author":{"name":"ritanery","@id":"https:\/\/radiolifefm.com.br\/noticias\/#\/schema\/person\/6339b9fac59d12b071dec680d7375d87"},"headline":"Adamantina recebe certifica\u00e7\u00e3o do Minist\u00e9rio do Turismo","datePublished":"2022-04-26T00:10:06+00:00","dateModified":"2026-04-24T09:13:23+00:00","mainEntityOfPage":{"@id":"https:\/\/radiolifefm.com.br\/noticias\/adamantina-recebe-certificacao-do-ministerio-do-turismo\/"},"wordCount":342,"publisher":{"@id":"https:\/\/radiolifefm.com.br\/noticias\/#organization"},"image":{"@id":"https:\/\/radiolifefm.com.br\/noticias\/adamantina-recebe-certificacao-do-ministerio-do-turismo\/#primaryimage"},"thumbnailUrl":"https:\/\/radiolifefm.com.br\/noticias\/wp-content\/uploads\/2022\/04\/certificado.jpeg","articleSection":["Adamantina"],"inLanguage":"pt-BR"},{"@type":"WebPage","@id":"https:\/\/radiolifefm.com.br\/noticias\/adamantina-recebe-certificacao-do-ministerio-do-turismo\/","url":"https:\/\/radiolifefm.com.br\/noticias\/adamantina-recebe-certificacao-do-ministerio-do-turismo\/","name":"Adamantina recebe certifica\u00e7\u00e3o do Minist\u00e9rio do Turismo - R\u00e1dio Life FM","isPartOf":{"@id":"https:\/\/radiolifefm.com.br\/noticias\/#website"},"primaryImageOfPage":{"@id":"https:\/\/radiolifefm.com.br\/noticias\/adamantina-recebe-certificacao-do-ministerio-do-turismo\/#primaryimage"},"image":{"@id":"https:\/\/radiolifefm.com.br\/noticias\/adamantina-recebe-certificacao-do-ministerio-do-turismo\/#primaryimage"},"thumbnailUrl":"https:\/\/radiolifefm.com.br\/noticias\/wp-content\/uploads\/2022\/04\/certificado.jpeg","datePublished":"2022-04-26T00:10:06+00:00","dateModified":"2026-04-24T09:13:23+00:00","breadcrumb":{"@id":"https:\/\/radiolifefm.com.br\/noticias\/adamantina-recebe-certificacao-do-ministerio-do-turismo\/#breadcrumb"},"inLanguage":"pt-BR","potentialAction":[{"@type":"ReadAction","target":["https:\/\/radiolifefm.com.br\/noticias\/adamantina-recebe-certificacao-do-ministerio-do-turismo\/"]}]},{"@type":"ImageObject","inLanguage":"pt-BR","@id":"https:\/\/radiolifefm.com.br\/noticias\/adamantina-recebe-certificacao-do-ministerio-do-turismo\/#primaryimage","url":"https:\/\/radiolifefm.com.br\/noticias\/wp-content\/uploads\/2022\/04\/certificado.jpeg","contentUrl":"https:\/\/radiolifefm.com.br\/noticias\/wp-content\/uploads\/2022\/04\/certificado.jpeg","width":1027,"height":777,"caption":"Certificado visa apoiar que os destinos ganhem estrutura, gest\u00e3o e, ainda, promovam o turismo em todo o solo brasileiro"},{"@type":"BreadcrumbList","@id":"https:\/\/radiolifefm.com.br\/noticias\/adamantina-recebe-certificacao-do-ministerio-do-turismo\/#breadcrumb","itemListElement":[{"@type":"ListItem","position":1,"name":"In\u00edcio","item":"https:\/\/radiolifefm.com.br\/noticias\/"},{"@type":"ListItem","position":2,"name":"Adamantina recebe certifica\u00e7\u00e3o do Minist\u00e9rio do Turismo"}]},{"@type":"WebSite","@id":"https:\/\/radiolifefm.com.br\/noticias\/#website","url":"https:\/\/radiolifefm.com.br\/noticias\/","name":"R\u00e1dio Life FM","description":"O Portal de Not\u00edcias de Adamantina","publisher":{"@id":"https:\/\/radiolifefm.com.br\/noticias\/#organization"},"alternateName":"Life FM","potentialAction":[{"@type":"SearchAction","target":{"@type":"EntryPoint","urlTemplate":"https:\/\/radiolifefm.com.br\/noticias\/?s={search_term_string}"},"query-input":{"@type":"PropertyValueSpecification","valueRequired":true,"valueName":"search_term_string"}}],"inLanguage":"pt-BR"},{"@type":"Organization","@id":"https:\/\/radiolifefm.com.br\/noticias\/#organization","name":"R\u00e1dio Life FM","alternateName":"Life FM","url":"https:\/\/radiolifefm.com.br\/noticias\/","logo":{"@type":"ImageObject","inLanguage":"pt-BR","@id":"https:\/\/radiolifefm.com.br\/noticias\/#\/schema\/logo\/image\/","url":"https:\/\/static.radiolifefm.com.br\/noticias\/wp-content\/uploads\/2019\/10\/logo-lifefm.png","contentUrl":"https:\/\/static.radiolifefm.com.br\/noticias\/wp-content\/uploads\/2019\/10\/logo-lifefm.png","width":196,"height":47,"caption":"R\u00e1dio Life FM"},"image":{"@id":"https:\/\/radiolifefm.com.br\/noticias\/#\/schema\/logo\/image\/"},"sameAs":["https:\/\/www.facebook.com\/radiolifefm\/","https:\/\/www.instagram.com\/life1079fm\/"]},{"@type":"Person","@id":"https:\/\/radiolifefm.com.br\/noticias\/#\/schema\/person\/6339b9fac59d12b071dec680d7375d87","name":"ritanery","image":{"@type":"ImageObject","inLanguage":"pt-BR","@id":"https:\/\/secure.gravatar.com\/avatar\/0e37bb19071f47c0b8a23f62a903df117c5a0e75f65a0c2901562f97cd41cf86?s=96&d=mm&r=g","url":"https:\/\/secure.gravatar.com\/avatar\/0e37bb19071f47c0b8a23f62a903df117c5a0e75f65a0c2901562f97cd41cf86?s=96&d=mm&r=g","contentUrl":"https:\/\/secure.gravatar.com\/avatar\/0e37bb19071f47c0b8a23f62a903df117c5a0e75f65a0c2901562f97cd41cf86?s=96&d=mm&r=g","caption":"ritanery"}}]}},"amp_enabled":true,"_links":{"self":[{"href":"https:\/\/radiolifefm.com.br\/noticias\/wp-json\/wp\/v2\/posts\/52562","targetHints":{"allow":["GET"]}}],"collection":[{"href":"https:\/\/radiolifefm.com.br\/noticias\/wp-json\/wp\/v2\/posts"}],"about":[{"href":"https:\/\/radiolifefm.com.br\/noticias\/wp-json\/wp\/v2\/types\/post"}],"author":[{"embeddable":true,"href":"https:\/\/radiolifefm.com.br\/noticias\/wp-json\/wp\/v2\/users\/13"}],"replies":[{"embeddable":true,"href":"https:\/\/radiolifefm.com.br\/noticias\/wp-json\/wp\/v2\/comments?post=52562"}],"version-history":[{"count":4,"href":"https:\/\/radiolifefm.com.br\/noticias\/wp-json\/wp\/v2\/posts\/52562\/revisions"}],"predecessor-version":[{"id":52567,"href":"https:\/\/radiolifefm.com.br\/noticias\/wp-json\/wp\/v2\/posts\/52562\/revisions\/52567"}],"wp:featuredmedia":[{"embeddable":true,"href":"https:\/\/radiolifefm.com.br\/noticias\/wp-json\/wp\/v2\/media\/52563"}],"wp:attachment":[{"href":"https:\/\/radiolifefm.com.br\/noticias\/wp-json\/wp\/v2\/media?parent=52562"}],"wp:term":[{"taxonomy":"category","embeddable":true,"href":"https:\/\/radiolifefm.com.br\/noticias\/wp-json\/wp\/v2\/categories?post=52562"},{"taxonomy":"post_tag","embeddable":true,"href":"https:\/\/radiolifefm.com.br\/noticias\/wp-json\/wp\/v2\/tags?post=52562"}],"curies":[{"name":"wp","href":"https:\/\/api.w.org\/{rel}","templated":true}]}}