{"id":52377,"date":"2022-04-20T08:53:58","date_gmt":"2022-04-20T11:53:58","guid":{"rendered":"https:\/\/radiolifefm.com.br\/noticias\/?p=52377"},"modified":"2026-04-19T18:06:31","modified_gmt":"2026-04-19T21:06:31","slug":"parque-dos-pioneiros-ganhara-academia-adaptada","status":"publish","type":"post","link":"https:\/\/radiolifefm.com.br\/noticias\/parque-dos-pioneiros-ganhara-academia-adaptada\/","title":{"rendered":"Parque dos Pioneiros ganhar\u00e1 academia adaptada"},"content":{"rendered":"<div id=\"fb-root\"><\/div>\n<p style=\"font-weight: 400\">A Prefeitura de Adamantina celebrou um contrato com o Governo do Estado de S\u00e3o Paulo, por meio da Secretaria dos Direitos da Pessoa com Defici\u00eancia, com o objetivo de transferir uma academia adaptada ao munic\u00edpio atrav\u00e9s do Programa Cidade Acess\u00edvel.<\/p>\n<p style=\"font-weight: 400\">O valor do conv\u00eanio \u00e9 de R$52.317,61 sendo R$45.733,60 por parte do estado com contrapartida do munic\u00edpio no valor de R$6.584,01.<\/p>\n<p style=\"font-weight: 400\">A Secretaria de Obras j\u00e1 executou a implanta\u00e7\u00e3o das bases, e aguarda o cronograma do Estado para a instala\u00e7\u00e3o dos equipamentos que s\u00e3o: m\u00e1quina de puxada alta adaptada; m\u00e1quina de supino adaptada; m\u00e1quina de b\u00edceps adaptada; m\u00e1quina de tr\u00edceps adaptada; m\u00e1quina de abdominal adaptada; m\u00e1quina de twist adaptada e placa orientativa.<\/p>\n<p style=\"font-weight: 400\">O munic\u00edpio est\u00e1 em tratativas com o Governo do Estado para receber tr\u00eas brinquedos adaptados que ser\u00e3o instalados no mesmo local.<\/p>\n<p style=\"font-weight: 400\"><strong>Academias ao ar livre<\/strong><\/p>\n<p style=\"font-weight: 400\">Al\u00e9m da academia adaptada, ser\u00e3o instaladas ainda mais duas academias ao ar livre\u00a0no Conjunto Habitacional Em\u00edlio Casas Fidalgo na Lagoa Seca e Conjunto Habitacional Oiti. As bases tamb\u00e9m foram executadas.<\/p>\n<p style=\"font-weight: 400\">A emenda de R$80 mil foi destinada ao munic\u00edpio pelo deputado estadual Mauro Bragato com contrapartida do munic\u00edpio de R$5.940,00. As academias foram solicitadas pela ent\u00e3o vereadora e atual vice-prefeita Maria de Lourdes Santos Gil &#8220;Dinha&#8221; para o bairro Oiti Tipuanas e para a Lagoa Seca, pelo vereador Aguinaldo Galv\u00e3o.<\/p>\n<p>&nbsp;<\/p>\n<p>Fonte: Assessoria de Imprensa<\/p>\n","protected":false},"excerpt":{"rendered":"<p>A Prefeitura de Adamantina celebrou um contrato com o Governo do Estado de S\u00e3o Paulo, por meio da Secretaria dos Direitos da Pessoa com Defici\u00eancia, com o objetivo de transferir uma academia adaptada ao munic\u00edpio atrav\u00e9s do Programa Cidade Acess\u00edvel. O valor do conv\u00eanio \u00e9 de R$52.317,61 sendo R$45.733,60 por parte do estado com contrapartida [&hellip;]<\/p>\n","protected":false},"author":13,"featured_media":52378,"comment_status":"closed","ping_status":"open","sticky":false,"template":"","format":"standard","meta":{"_acf_changed":false,"_exactmetrics_skip_tracking":false,"_exactmetrics_sitenote_active":false,"_exactmetrics_sitenote_note":"","_exactmetrics_sitenote_category":0,"footnotes":""},"categories":[21],"tags":[],"class_list":["post-52377","post","type-post","status-publish","format-standard","has-post-thumbnail","hentry","category-adamantina"],"acf":[],"yoast_head":"<!-- This site is optimized with the Yoast SEO plugin v27.2 - https:\/\/yoast.com\/product\/yoast-seo-wordpress\/ -->\n<title>Parque dos Pioneiros ganhar\u00e1 academia adaptada - R\u00e1dio Life FM<\/title>\n<meta name=\"robots\" content=\"index, follow, max-snippet:-1, max-image-preview:large, max-video-preview:-1\" \/>\n<link rel=\"canonical\" href=\"https:\/\/radiolifefm.com.br\/noticias\/parque-dos-pioneiros-ganhara-academia-adaptada\/\" \/>\n<meta property=\"og:locale\" content=\"pt_BR\" \/>\n<meta property=\"og:type\" content=\"article\" \/>\n<meta property=\"og:title\" content=\"Parque dos Pioneiros ganhar\u00e1 academia adaptada - R\u00e1dio Life FM\" \/>\n<meta property=\"og:description\" content=\"A Prefeitura de Adamantina celebrou um contrato com o Governo do Estado de S\u00e3o Paulo, por meio da Secretaria dos Direitos da Pessoa com Defici\u00eancia, com o objetivo de transferir uma academia adaptada ao munic\u00edpio atrav\u00e9s do Programa Cidade Acess\u00edvel. O valor do conv\u00eanio \u00e9 de R$52.317,61 sendo R$45.733,60 por parte do estado com contrapartida [&hellip;]\" \/>\n<meta property=\"og:url\" content=\"https:\/\/radiolifefm.com.br\/noticias\/parque-dos-pioneiros-ganhara-academia-adaptada\/\" \/>\n<meta property=\"og:site_name\" content=\"R\u00e1dio Life FM\" \/>\n<meta property=\"article:publisher\" content=\"https:\/\/www.facebook.com\/radiolifefm\/\" \/>\n<meta property=\"article:published_time\" content=\"2022-04-20T11:53:58+00:00\" \/>\n<meta property=\"article:modified_time\" content=\"2026-04-19T21:06:31+00:00\" \/>\n<meta property=\"og:image\" content=\"https:\/\/radiolifefm.com.br\/noticias\/wp-content\/uploads\/2022\/04\/academia-adaptada-3.jpeg\" \/>\n\t<meta property=\"og:image:width\" content=\"1600\" \/>\n\t<meta property=\"og:image:height\" content=\"1200\" \/>\n\t<meta property=\"og:image:type\" content=\"image\/jpeg\" \/>\n<meta name=\"author\" content=\"ritanery\" \/>\n<meta name=\"twitter:card\" content=\"summary_large_image\" \/>\n<meta name=\"twitter:label1\" content=\"Escrito por\" \/>\n\t<meta name=\"twitter:data1\" content=\"ritanery\" \/>\n\t<meta name=\"twitter:label2\" content=\"Est. tempo de leitura\" \/>\n\t<meta name=\"twitter:data2\" content=\"2 minutos\" \/>\n<script type=\"application\/ld+json\" class=\"yoast-schema-graph\">{\"@context\":\"https:\/\/schema.org\",\"@graph\":[{\"@type\":\"Article\",\"@id\":\"https:\/\/radiolifefm.com.br\/noticias\/parque-dos-pioneiros-ganhara-academia-adaptada\/#article\",\"isPartOf\":{\"@id\":\"https:\/\/radiolifefm.com.br\/noticias\/parque-dos-pioneiros-ganhara-academia-adaptada\/\"},\"author\":{\"name\":\"ritanery\",\"@id\":\"https:\/\/radiolifefm.com.br\/noticias\/#\/schema\/person\/6339b9fac59d12b071dec680d7375d87\"},\"headline\":\"Parque dos Pioneiros ganhar\u00e1 academia adaptada\",\"datePublished\":\"2022-04-20T11:53:58+00:00\",\"dateModified\":\"2026-04-19T21:06:31+00:00\",\"mainEntityOfPage\":{\"@id\":\"https:\/\/radiolifefm.com.br\/noticias\/parque-dos-pioneiros-ganhara-academia-adaptada\/\"},\"wordCount\":257,\"publisher\":{\"@id\":\"https:\/\/radiolifefm.com.br\/noticias\/#organization\"},\"image\":{\"@id\":\"https:\/\/radiolifefm.com.br\/noticias\/parque-dos-pioneiros-ganhara-academia-adaptada\/#primaryimage\"},\"thumbnailUrl\":\"https:\/\/radiolifefm.com.br\/noticias\/wp-content\/uploads\/2022\/04\/academia-adaptada-3.jpeg\",\"articleSection\":[\"Adamantina\"],\"inLanguage\":\"pt-BR\"},{\"@type\":\"WebPage\",\"@id\":\"https:\/\/radiolifefm.com.br\/noticias\/parque-dos-pioneiros-ganhara-academia-adaptada\/\",\"url\":\"https:\/\/radiolifefm.com.br\/noticias\/parque-dos-pioneiros-ganhara-academia-adaptada\/\",\"name\":\"Parque dos Pioneiros ganhar\u00e1 academia adaptada - R\u00e1dio Life FM\",\"isPartOf\":{\"@id\":\"https:\/\/radiolifefm.com.br\/noticias\/#website\"},\"primaryImageOfPage\":{\"@id\":\"https:\/\/radiolifefm.com.br\/noticias\/parque-dos-pioneiros-ganhara-academia-adaptada\/#primaryimage\"},\"image\":{\"@id\":\"https:\/\/radiolifefm.com.br\/noticias\/parque-dos-pioneiros-ganhara-academia-adaptada\/#primaryimage\"},\"thumbnailUrl\":\"https:\/\/radiolifefm.com.br\/noticias\/wp-content\/uploads\/2022\/04\/academia-adaptada-3.jpeg\",\"datePublished\":\"2022-04-20T11:53:58+00:00\",\"dateModified\":\"2026-04-19T21:06:31+00:00\",\"breadcrumb\":{\"@id\":\"https:\/\/radiolifefm.com.br\/noticias\/parque-dos-pioneiros-ganhara-academia-adaptada\/#breadcrumb\"},\"inLanguage\":\"pt-BR\",\"potentialAction\":[{\"@type\":\"ReadAction\",\"target\":[\"https:\/\/radiolifefm.com.br\/noticias\/parque-dos-pioneiros-ganhara-academia-adaptada\/\"]}]},{\"@type\":\"ImageObject\",\"inLanguage\":\"pt-BR\",\"@id\":\"https:\/\/radiolifefm.com.br\/noticias\/parque-dos-pioneiros-ganhara-academia-adaptada\/#primaryimage\",\"url\":\"https:\/\/radiolifefm.com.br\/noticias\/wp-content\/uploads\/2022\/04\/academia-adaptada-3.jpeg\",\"contentUrl\":\"https:\/\/radiolifefm.com.br\/noticias\/wp-content\/uploads\/2022\/04\/academia-adaptada-3.jpeg\",\"width\":1600,\"height\":1200},{\"@type\":\"BreadcrumbList\",\"@id\":\"https:\/\/radiolifefm.com.br\/noticias\/parque-dos-pioneiros-ganhara-academia-adaptada\/#breadcrumb\",\"itemListElement\":[{\"@type\":\"ListItem\",\"position\":1,\"name\":\"In\u00edcio\",\"item\":\"https:\/\/radiolifefm.com.br\/noticias\/\"},{\"@type\":\"ListItem\",\"position\":2,\"name\":\"Parque dos Pioneiros ganhar\u00e1 academia adaptada\"}]},{\"@type\":\"WebSite\",\"@id\":\"https:\/\/radiolifefm.com.br\/noticias\/#website\",\"url\":\"https:\/\/radiolifefm.com.br\/noticias\/\",\"name\":\"R\u00e1dio Life FM\",\"description\":\"O Portal de Not\u00edcias de Adamantina\",\"publisher\":{\"@id\":\"https:\/\/radiolifefm.com.br\/noticias\/#organization\"},\"alternateName\":\"Life FM\",\"potentialAction\":[{\"@type\":\"SearchAction\",\"target\":{\"@type\":\"EntryPoint\",\"urlTemplate\":\"https:\/\/radiolifefm.com.br\/noticias\/?s={search_term_string}\"},\"query-input\":{\"@type\":\"PropertyValueSpecification\",\"valueRequired\":true,\"valueName\":\"search_term_string\"}}],\"inLanguage\":\"pt-BR\"},{\"@type\":\"Organization\",\"@id\":\"https:\/\/radiolifefm.com.br\/noticias\/#organization\",\"name\":\"R\u00e1dio Life FM\",\"alternateName\":\"Life FM\",\"url\":\"https:\/\/radiolifefm.com.br\/noticias\/\",\"logo\":{\"@type\":\"ImageObject\",\"inLanguage\":\"pt-BR\",\"@id\":\"https:\/\/radiolifefm.com.br\/noticias\/#\/schema\/logo\/image\/\",\"url\":\"https:\/\/static.radiolifefm.com.br\/noticias\/wp-content\/uploads\/2019\/10\/logo-lifefm.png\",\"contentUrl\":\"https:\/\/static.radiolifefm.com.br\/noticias\/wp-content\/uploads\/2019\/10\/logo-lifefm.png\",\"width\":196,\"height\":47,\"caption\":\"R\u00e1dio Life FM\"},\"image\":{\"@id\":\"https:\/\/radiolifefm.com.br\/noticias\/#\/schema\/logo\/image\/\"},\"sameAs\":[\"https:\/\/www.facebook.com\/radiolifefm\/\",\"https:\/\/www.instagram.com\/life1079fm\/\"]},{\"@type\":\"Person\",\"@id\":\"https:\/\/radiolifefm.com.br\/noticias\/#\/schema\/person\/6339b9fac59d12b071dec680d7375d87\",\"name\":\"ritanery\",\"image\":{\"@type\":\"ImageObject\",\"inLanguage\":\"pt-BR\",\"@id\":\"https:\/\/secure.gravatar.com\/avatar\/0e37bb19071f47c0b8a23f62a903df117c5a0e75f65a0c2901562f97cd41cf86?s=96&d=mm&r=g\",\"url\":\"https:\/\/secure.gravatar.com\/avatar\/0e37bb19071f47c0b8a23f62a903df117c5a0e75f65a0c2901562f97cd41cf86?s=96&d=mm&r=g\",\"contentUrl\":\"https:\/\/secure.gravatar.com\/avatar\/0e37bb19071f47c0b8a23f62a903df117c5a0e75f65a0c2901562f97cd41cf86?s=96&d=mm&r=g\",\"caption\":\"ritanery\"}}]}<\/script>\n<!-- \/ Yoast SEO plugin. -->","yoast_head_json":{"title":"Parque dos Pioneiros ganhar\u00e1 academia adaptada - R\u00e1dio Life FM","robots":{"index":"index","follow":"follow","max-snippet":"max-snippet:-1","max-image-preview":"max-image-preview:large","max-video-preview":"max-video-preview:-1"},"canonical":"https:\/\/radiolifefm.com.br\/noticias\/parque-dos-pioneiros-ganhara-academia-adaptada\/","og_locale":"pt_BR","og_type":"article","og_title":"Parque dos Pioneiros ganhar\u00e1 academia adaptada - R\u00e1dio Life FM","og_description":"A Prefeitura de Adamantina celebrou um contrato com o Governo do Estado de S\u00e3o Paulo, por meio da Secretaria dos Direitos da Pessoa com Defici\u00eancia, com o objetivo de transferir uma academia adaptada ao munic\u00edpio atrav\u00e9s do Programa Cidade Acess\u00edvel. O valor do conv\u00eanio \u00e9 de R$52.317,61 sendo R$45.733,60 por parte do estado com contrapartida [&hellip;]","og_url":"https:\/\/radiolifefm.com.br\/noticias\/parque-dos-pioneiros-ganhara-academia-adaptada\/","og_site_name":"R\u00e1dio Life FM","article_publisher":"https:\/\/www.facebook.com\/radiolifefm\/","article_published_time":"2022-04-20T11:53:58+00:00","article_modified_time":"2026-04-19T21:06:31+00:00","og_image":[{"width":1600,"height":1200,"url":"https:\/\/radiolifefm.com.br\/noticias\/wp-content\/uploads\/2022\/04\/academia-adaptada-3.jpeg","type":"image\/jpeg"}],"author":"ritanery","twitter_card":"summary_large_image","twitter_misc":{"Escrito por":"ritanery","Est. tempo de leitura":"2 minutos"},"schema":{"@context":"https:\/\/schema.org","@graph":[{"@type":"Article","@id":"https:\/\/radiolifefm.com.br\/noticias\/parque-dos-pioneiros-ganhara-academia-adaptada\/#article","isPartOf":{"@id":"https:\/\/radiolifefm.com.br\/noticias\/parque-dos-pioneiros-ganhara-academia-adaptada\/"},"author":{"name":"ritanery","@id":"https:\/\/radiolifefm.com.br\/noticias\/#\/schema\/person\/6339b9fac59d12b071dec680d7375d87"},"headline":"Parque dos Pioneiros ganhar\u00e1 academia adaptada","datePublished":"2022-04-20T11:53:58+00:00","dateModified":"2026-04-19T21:06:31+00:00","mainEntityOfPage":{"@id":"https:\/\/radiolifefm.com.br\/noticias\/parque-dos-pioneiros-ganhara-academia-adaptada\/"},"wordCount":257,"publisher":{"@id":"https:\/\/radiolifefm.com.br\/noticias\/#organization"},"image":{"@id":"https:\/\/radiolifefm.com.br\/noticias\/parque-dos-pioneiros-ganhara-academia-adaptada\/#primaryimage"},"thumbnailUrl":"https:\/\/radiolifefm.com.br\/noticias\/wp-content\/uploads\/2022\/04\/academia-adaptada-3.jpeg","articleSection":["Adamantina"],"inLanguage":"pt-BR"},{"@type":"WebPage","@id":"https:\/\/radiolifefm.com.br\/noticias\/parque-dos-pioneiros-ganhara-academia-adaptada\/","url":"https:\/\/radiolifefm.com.br\/noticias\/parque-dos-pioneiros-ganhara-academia-adaptada\/","name":"Parque dos Pioneiros ganhar\u00e1 academia adaptada - R\u00e1dio Life FM","isPartOf":{"@id":"https:\/\/radiolifefm.com.br\/noticias\/#website"},"primaryImageOfPage":{"@id":"https:\/\/radiolifefm.com.br\/noticias\/parque-dos-pioneiros-ganhara-academia-adaptada\/#primaryimage"},"image":{"@id":"https:\/\/radiolifefm.com.br\/noticias\/parque-dos-pioneiros-ganhara-academia-adaptada\/#primaryimage"},"thumbnailUrl":"https:\/\/radiolifefm.com.br\/noticias\/wp-content\/uploads\/2022\/04\/academia-adaptada-3.jpeg","datePublished":"2022-04-20T11:53:58+00:00","dateModified":"2026-04-19T21:06:31+00:00","breadcrumb":{"@id":"https:\/\/radiolifefm.com.br\/noticias\/parque-dos-pioneiros-ganhara-academia-adaptada\/#breadcrumb"},"inLanguage":"pt-BR","potentialAction":[{"@type":"ReadAction","target":["https:\/\/radiolifefm.com.br\/noticias\/parque-dos-pioneiros-ganhara-academia-adaptada\/"]}]},{"@type":"ImageObject","inLanguage":"pt-BR","@id":"https:\/\/radiolifefm.com.br\/noticias\/parque-dos-pioneiros-ganhara-academia-adaptada\/#primaryimage","url":"https:\/\/radiolifefm.com.br\/noticias\/wp-content\/uploads\/2022\/04\/academia-adaptada-3.jpeg","contentUrl":"https:\/\/radiolifefm.com.br\/noticias\/wp-content\/uploads\/2022\/04\/academia-adaptada-3.jpeg","width":1600,"height":1200},{"@type":"BreadcrumbList","@id":"https:\/\/radiolifefm.com.br\/noticias\/parque-dos-pioneiros-ganhara-academia-adaptada\/#breadcrumb","itemListElement":[{"@type":"ListItem","position":1,"name":"In\u00edcio","item":"https:\/\/radiolifefm.com.br\/noticias\/"},{"@type":"ListItem","position":2,"name":"Parque dos Pioneiros ganhar\u00e1 academia adaptada"}]},{"@type":"WebSite","@id":"https:\/\/radiolifefm.com.br\/noticias\/#website","url":"https:\/\/radiolifefm.com.br\/noticias\/","name":"R\u00e1dio Life FM","description":"O Portal de Not\u00edcias de Adamantina","publisher":{"@id":"https:\/\/radiolifefm.com.br\/noticias\/#organization"},"alternateName":"Life FM","potentialAction":[{"@type":"SearchAction","target":{"@type":"EntryPoint","urlTemplate":"https:\/\/radiolifefm.com.br\/noticias\/?s={search_term_string}"},"query-input":{"@type":"PropertyValueSpecification","valueRequired":true,"valueName":"search_term_string"}}],"inLanguage":"pt-BR"},{"@type":"Organization","@id":"https:\/\/radiolifefm.com.br\/noticias\/#organization","name":"R\u00e1dio Life FM","alternateName":"Life FM","url":"https:\/\/radiolifefm.com.br\/noticias\/","logo":{"@type":"ImageObject","inLanguage":"pt-BR","@id":"https:\/\/radiolifefm.com.br\/noticias\/#\/schema\/logo\/image\/","url":"https:\/\/static.radiolifefm.com.br\/noticias\/wp-content\/uploads\/2019\/10\/logo-lifefm.png","contentUrl":"https:\/\/static.radiolifefm.com.br\/noticias\/wp-content\/uploads\/2019\/10\/logo-lifefm.png","width":196,"height":47,"caption":"R\u00e1dio Life FM"},"image":{"@id":"https:\/\/radiolifefm.com.br\/noticias\/#\/schema\/logo\/image\/"},"sameAs":["https:\/\/www.facebook.com\/radiolifefm\/","https:\/\/www.instagram.com\/life1079fm\/"]},{"@type":"Person","@id":"https:\/\/radiolifefm.com.br\/noticias\/#\/schema\/person\/6339b9fac59d12b071dec680d7375d87","name":"ritanery","image":{"@type":"ImageObject","inLanguage":"pt-BR","@id":"https:\/\/secure.gravatar.com\/avatar\/0e37bb19071f47c0b8a23f62a903df117c5a0e75f65a0c2901562f97cd41cf86?s=96&d=mm&r=g","url":"https:\/\/secure.gravatar.com\/avatar\/0e37bb19071f47c0b8a23f62a903df117c5a0e75f65a0c2901562f97cd41cf86?s=96&d=mm&r=g","contentUrl":"https:\/\/secure.gravatar.com\/avatar\/0e37bb19071f47c0b8a23f62a903df117c5a0e75f65a0c2901562f97cd41cf86?s=96&d=mm&r=g","caption":"ritanery"}}]}},"amp_enabled":true,"_links":{"self":[{"href":"https:\/\/radiolifefm.com.br\/noticias\/wp-json\/wp\/v2\/posts\/52377","targetHints":{"allow":["GET"]}}],"collection":[{"href":"https:\/\/radiolifefm.com.br\/noticias\/wp-json\/wp\/v2\/posts"}],"about":[{"href":"https:\/\/radiolifefm.com.br\/noticias\/wp-json\/wp\/v2\/types\/post"}],"author":[{"embeddable":true,"href":"https:\/\/radiolifefm.com.br\/noticias\/wp-json\/wp\/v2\/users\/13"}],"replies":[{"embeddable":true,"href":"https:\/\/radiolifefm.com.br\/noticias\/wp-json\/wp\/v2\/comments?post=52377"}],"version-history":[{"count":4,"href":"https:\/\/radiolifefm.com.br\/noticias\/wp-json\/wp\/v2\/posts\/52377\/revisions"}],"predecessor-version":[{"id":52382,"href":"https:\/\/radiolifefm.com.br\/noticias\/wp-json\/wp\/v2\/posts\/52377\/revisions\/52382"}],"wp:featuredmedia":[{"embeddable":true,"href":"https:\/\/radiolifefm.com.br\/noticias\/wp-json\/wp\/v2\/media\/52378"}],"wp:attachment":[{"href":"https:\/\/radiolifefm.com.br\/noticias\/wp-json\/wp\/v2\/media?parent=52377"}],"wp:term":[{"taxonomy":"category","embeddable":true,"href":"https:\/\/radiolifefm.com.br\/noticias\/wp-json\/wp\/v2\/categories?post=52377"},{"taxonomy":"post_tag","embeddable":true,"href":"https:\/\/radiolifefm.com.br\/noticias\/wp-json\/wp\/v2\/tags?post=52377"}],"curies":[{"name":"wp","href":"https:\/\/api.w.org\/{rel}","templated":true}]}}