{"id":52373,"date":"2022-04-20T08:52:29","date_gmt":"2022-04-20T11:52:29","guid":{"rendered":"https:\/\/radiolifefm.com.br\/noticias\/?p=52373"},"modified":"2026-04-08T19:15:51","modified_gmt":"2026-04-08T22:15:51","slug":"secretaria-de-assistencia-social-retoma-fluxograma-de-atendimento-promovido-pela-rede-protetiva-da-basica-media-e-alta-complexidade-destinado-a-adultos-idosos-e-seus-familiares","status":"publish","type":"post","link":"https:\/\/radiolifefm.com.br\/noticias\/secretaria-de-assistencia-social-retoma-fluxograma-de-atendimento-promovido-pela-rede-protetiva-da-basica-media-e-alta-complexidade-destinado-a-adultos-idosos-e-seus-familiares\/","title":{"rendered":"Secretaria de Assist\u00eancia Social retoma fluxograma de atendimento promovido pela rede protetiva da B\u00e1sica, M\u00e9dia e Alta Complexidade destinado a adultos, idosos e seus familiares"},"content":{"rendered":"<div id=\"fb-root\"><\/div>\n<p>Com o objetivo de promover a retomada por meio do fluxograma de atendimento da rede b\u00e1sica, m\u00e9dia e alta complexidade de adultos, idosos e seus familiares, a Prefeitura de Adamantina, por meio da Secretaria de Assist\u00eancia Social, realizou um encontro com as equipes t\u00e9cnicas e de gest\u00e3o de diferentes \u00f3rg\u00e3os.<\/p>\n<p>Estiveram presentes representantes do \u00f3rg\u00e3o gestor da Assist\u00eancia Social, CRAS, CREAS, secretaria de Sa\u00fade, Santa Casa, NASF, CAPS, Vila Ana, APAE, Lar dos Velhos, Pai Nosso Lar, entre outros.<\/p>\n<p>O encontro que teve o apoio do Conselho Municipal do Idoso ainda serviu como forma de avaliar o fluxograma e entender as principais dificuldades entre os envolvidos no processo de atendimento.<\/p>\n<p style=\"font-weight: 400\">De acordo com a secret\u00e1ria de assist\u00eancia social, Andreia Regina Ribeiro, mensalmente ser\u00e3o realizadas reuni\u00f5es para discutir os assuntos que envolvem adultos e idosos que est\u00e3o em situa\u00e7\u00e3o de risco social e de vulnerabilidade social.<\/p>\n<p style=\"font-weight: 400\">\u201cIsso \u00e9 necess\u00e1rio, porque cada equipamento tem uma perspectiva diferente e a partir desse encontro e das a\u00e7\u00f5es em conjunto ser\u00e1 poss\u00edvel fortalecer a conversa\u00e7\u00e3o em rede\u201d, afirma.<\/p>\n<p style=\"font-weight: 400\">Al\u00e9m disso, de acordo com a secret\u00e1ria, o foco est\u00e1 em oferecer um atendimento eficiente para o p\u00fablico. \u201cEstamos trabalhando para que os servi\u00e7os sejam desenvolvidos de forma integrada e completa como forma de garantir os direitos do p\u00fablico\u201d, finaliza.<\/p>\n<p>&nbsp;<\/p>\n<p>Fonte: Assessoria de Imprensa<\/p>\n","protected":false},"excerpt":{"rendered":"<p>Com o objetivo de promover a retomada por meio do fluxograma de atendimento da rede b\u00e1sica, m\u00e9dia e alta complexidade de adultos, idosos e seus familiares, a Prefeitura de Adamantina, por meio da Secretaria de Assist\u00eancia Social, realizou um encontro com as equipes t\u00e9cnicas e de gest\u00e3o de diferentes \u00f3rg\u00e3os. Estiveram presentes representantes do \u00f3rg\u00e3o [&hellip;]<\/p>\n","protected":false},"author":13,"featured_media":52374,"comment_status":"closed","ping_status":"open","sticky":false,"template":"","format":"standard","meta":{"_acf_changed":false,"_exactmetrics_skip_tracking":false,"_exactmetrics_sitenote_active":false,"_exactmetrics_sitenote_note":"","_exactmetrics_sitenote_category":0,"footnotes":""},"categories":[21],"tags":[],"class_list":["post-52373","post","type-post","status-publish","format-standard","has-post-thumbnail","hentry","category-adamantina"],"acf":[],"yoast_head":"<!-- This site is optimized with the Yoast SEO plugin v27.2 - https:\/\/yoast.com\/product\/yoast-seo-wordpress\/ -->\n<title>Secretaria de Assist\u00eancia Social retoma fluxograma de atendimento promovido pela rede protetiva da B\u00e1sica, M\u00e9dia e Alta Complexidade destinado a adultos, idosos e seus familiares - R\u00e1dio Life FM<\/title>\n<meta name=\"robots\" content=\"index, follow, max-snippet:-1, max-image-preview:large, max-video-preview:-1\" \/>\n<link rel=\"canonical\" href=\"https:\/\/radiolifefm.com.br\/noticias\/secretaria-de-assistencia-social-retoma-fluxograma-de-atendimento-promovido-pela-rede-protetiva-da-basica-media-e-alta-complexidade-destinado-a-adultos-idosos-e-seus-familiares\/\" \/>\n<meta property=\"og:locale\" content=\"pt_BR\" \/>\n<meta property=\"og:type\" content=\"article\" \/>\n<meta property=\"og:title\" content=\"Secretaria de Assist\u00eancia Social retoma fluxograma de atendimento promovido pela rede protetiva da B\u00e1sica, M\u00e9dia e Alta Complexidade destinado a adultos, idosos e seus familiares - R\u00e1dio Life FM\" \/>\n<meta property=\"og:description\" content=\"Com o objetivo de promover a retomada por meio do fluxograma de atendimento da rede b\u00e1sica, m\u00e9dia e alta complexidade de adultos, idosos e seus familiares, a Prefeitura de Adamantina, por meio da Secretaria de Assist\u00eancia Social, realizou um encontro com as equipes t\u00e9cnicas e de gest\u00e3o de diferentes \u00f3rg\u00e3os. Estiveram presentes representantes do \u00f3rg\u00e3o [&hellip;]\" \/>\n<meta property=\"og:url\" content=\"https:\/\/radiolifefm.com.br\/noticias\/secretaria-de-assistencia-social-retoma-fluxograma-de-atendimento-promovido-pela-rede-protetiva-da-basica-media-e-alta-complexidade-destinado-a-adultos-idosos-e-seus-familiares\/\" \/>\n<meta property=\"og:site_name\" content=\"R\u00e1dio Life FM\" \/>\n<meta property=\"article:publisher\" content=\"https:\/\/www.facebook.com\/radiolifefm\/\" \/>\n<meta property=\"article:published_time\" content=\"2022-04-20T11:52:29+00:00\" \/>\n<meta property=\"article:modified_time\" content=\"2026-04-08T22:15:51+00:00\" \/>\n<meta property=\"og:image\" content=\"https:\/\/radiolifefm.com.br\/noticias\/wp-content\/uploads\/2022\/04\/foto-2.jpeg\" \/>\n\t<meta property=\"og:image:width\" content=\"1600\" \/>\n\t<meta property=\"og:image:height\" content=\"1200\" \/>\n\t<meta property=\"og:image:type\" content=\"image\/jpeg\" \/>\n<meta name=\"author\" content=\"ritanery\" \/>\n<meta name=\"twitter:card\" content=\"summary_large_image\" \/>\n<meta name=\"twitter:label1\" content=\"Escrito por\" \/>\n\t<meta name=\"twitter:data1\" content=\"ritanery\" \/>\n\t<meta name=\"twitter:label2\" content=\"Est. tempo de leitura\" \/>\n\t<meta name=\"twitter:data2\" content=\"1 minuto\" \/>\n<script type=\"application\/ld+json\" class=\"yoast-schema-graph\">{\"@context\":\"https:\/\/schema.org\",\"@graph\":[{\"@type\":\"Article\",\"@id\":\"https:\/\/radiolifefm.com.br\/noticias\/secretaria-de-assistencia-social-retoma-fluxograma-de-atendimento-promovido-pela-rede-protetiva-da-basica-media-e-alta-complexidade-destinado-a-adultos-idosos-e-seus-familiares\/#article\",\"isPartOf\":{\"@id\":\"https:\/\/radiolifefm.com.br\/noticias\/secretaria-de-assistencia-social-retoma-fluxograma-de-atendimento-promovido-pela-rede-protetiva-da-basica-media-e-alta-complexidade-destinado-a-adultos-idosos-e-seus-familiares\/\"},\"author\":{\"name\":\"ritanery\",\"@id\":\"https:\/\/radiolifefm.com.br\/noticias\/#\/schema\/person\/6339b9fac59d12b071dec680d7375d87\"},\"headline\":\"Secretaria de Assist\u00eancia Social retoma fluxograma de atendimento promovido pela rede protetiva da B\u00e1sica, M\u00e9dia e Alta Complexidade destinado a adultos, idosos e seus familiares\",\"datePublished\":\"2022-04-20T11:52:29+00:00\",\"dateModified\":\"2026-04-08T22:15:51+00:00\",\"mainEntityOfPage\":{\"@id\":\"https:\/\/radiolifefm.com.br\/noticias\/secretaria-de-assistencia-social-retoma-fluxograma-de-atendimento-promovido-pela-rede-protetiva-da-basica-media-e-alta-complexidade-destinado-a-adultos-idosos-e-seus-familiares\/\"},\"wordCount\":269,\"publisher\":{\"@id\":\"https:\/\/radiolifefm.com.br\/noticias\/#organization\"},\"image\":{\"@id\":\"https:\/\/radiolifefm.com.br\/noticias\/secretaria-de-assistencia-social-retoma-fluxograma-de-atendimento-promovido-pela-rede-protetiva-da-basica-media-e-alta-complexidade-destinado-a-adultos-idosos-e-seus-familiares\/#primaryimage\"},\"thumbnailUrl\":\"https:\/\/radiolifefm.com.br\/noticias\/wp-content\/uploads\/2022\/04\/foto-2.jpeg\",\"articleSection\":[\"Adamantina\"],\"inLanguage\":\"pt-BR\"},{\"@type\":\"WebPage\",\"@id\":\"https:\/\/radiolifefm.com.br\/noticias\/secretaria-de-assistencia-social-retoma-fluxograma-de-atendimento-promovido-pela-rede-protetiva-da-basica-media-e-alta-complexidade-destinado-a-adultos-idosos-e-seus-familiares\/\",\"url\":\"https:\/\/radiolifefm.com.br\/noticias\/secretaria-de-assistencia-social-retoma-fluxograma-de-atendimento-promovido-pela-rede-protetiva-da-basica-media-e-alta-complexidade-destinado-a-adultos-idosos-e-seus-familiares\/\",\"name\":\"Secretaria de Assist\u00eancia Social retoma fluxograma de atendimento promovido pela rede protetiva da B\u00e1sica, M\u00e9dia e Alta Complexidade destinado a adultos, idosos e seus familiares - R\u00e1dio Life FM\",\"isPartOf\":{\"@id\":\"https:\/\/radiolifefm.com.br\/noticias\/#website\"},\"primaryImageOfPage\":{\"@id\":\"https:\/\/radiolifefm.com.br\/noticias\/secretaria-de-assistencia-social-retoma-fluxograma-de-atendimento-promovido-pela-rede-protetiva-da-basica-media-e-alta-complexidade-destinado-a-adultos-idosos-e-seus-familiares\/#primaryimage\"},\"image\":{\"@id\":\"https:\/\/radiolifefm.com.br\/noticias\/secretaria-de-assistencia-social-retoma-fluxograma-de-atendimento-promovido-pela-rede-protetiva-da-basica-media-e-alta-complexidade-destinado-a-adultos-idosos-e-seus-familiares\/#primaryimage\"},\"thumbnailUrl\":\"https:\/\/radiolifefm.com.br\/noticias\/wp-content\/uploads\/2022\/04\/foto-2.jpeg\",\"datePublished\":\"2022-04-20T11:52:29+00:00\",\"dateModified\":\"2026-04-08T22:15:51+00:00\",\"breadcrumb\":{\"@id\":\"https:\/\/radiolifefm.com.br\/noticias\/secretaria-de-assistencia-social-retoma-fluxograma-de-atendimento-promovido-pela-rede-protetiva-da-basica-media-e-alta-complexidade-destinado-a-adultos-idosos-e-seus-familiares\/#breadcrumb\"},\"inLanguage\":\"pt-BR\",\"potentialAction\":[{\"@type\":\"ReadAction\",\"target\":[\"https:\/\/radiolifefm.com.br\/noticias\/secretaria-de-assistencia-social-retoma-fluxograma-de-atendimento-promovido-pela-rede-protetiva-da-basica-media-e-alta-complexidade-destinado-a-adultos-idosos-e-seus-familiares\/\"]}]},{\"@type\":\"ImageObject\",\"inLanguage\":\"pt-BR\",\"@id\":\"https:\/\/radiolifefm.com.br\/noticias\/secretaria-de-assistencia-social-retoma-fluxograma-de-atendimento-promovido-pela-rede-protetiva-da-basica-media-e-alta-complexidade-destinado-a-adultos-idosos-e-seus-familiares\/#primaryimage\",\"url\":\"https:\/\/radiolifefm.com.br\/noticias\/wp-content\/uploads\/2022\/04\/foto-2.jpeg\",\"contentUrl\":\"https:\/\/radiolifefm.com.br\/noticias\/wp-content\/uploads\/2022\/04\/foto-2.jpeg\",\"width\":1600,\"height\":1200},{\"@type\":\"BreadcrumbList\",\"@id\":\"https:\/\/radiolifefm.com.br\/noticias\/secretaria-de-assistencia-social-retoma-fluxograma-de-atendimento-promovido-pela-rede-protetiva-da-basica-media-e-alta-complexidade-destinado-a-adultos-idosos-e-seus-familiares\/#breadcrumb\",\"itemListElement\":[{\"@type\":\"ListItem\",\"position\":1,\"name\":\"In\u00edcio\",\"item\":\"https:\/\/radiolifefm.com.br\/noticias\/\"},{\"@type\":\"ListItem\",\"position\":2,\"name\":\"Secretaria de Assist\u00eancia Social retoma fluxograma de atendimento promovido pela rede protetiva da B\u00e1sica, M\u00e9dia e Alta Complexidade destinado a adultos, idosos e seus familiares\"}]},{\"@type\":\"WebSite\",\"@id\":\"https:\/\/radiolifefm.com.br\/noticias\/#website\",\"url\":\"https:\/\/radiolifefm.com.br\/noticias\/\",\"name\":\"R\u00e1dio Life FM\",\"description\":\"O Portal de Not\u00edcias de Adamantina\",\"publisher\":{\"@id\":\"https:\/\/radiolifefm.com.br\/noticias\/#organization\"},\"alternateName\":\"Life FM\",\"potentialAction\":[{\"@type\":\"SearchAction\",\"target\":{\"@type\":\"EntryPoint\",\"urlTemplate\":\"https:\/\/radiolifefm.com.br\/noticias\/?s={search_term_string}\"},\"query-input\":{\"@type\":\"PropertyValueSpecification\",\"valueRequired\":true,\"valueName\":\"search_term_string\"}}],\"inLanguage\":\"pt-BR\"},{\"@type\":\"Organization\",\"@id\":\"https:\/\/radiolifefm.com.br\/noticias\/#organization\",\"name\":\"R\u00e1dio Life FM\",\"alternateName\":\"Life FM\",\"url\":\"https:\/\/radiolifefm.com.br\/noticias\/\",\"logo\":{\"@type\":\"ImageObject\",\"inLanguage\":\"pt-BR\",\"@id\":\"https:\/\/radiolifefm.com.br\/noticias\/#\/schema\/logo\/image\/\",\"url\":\"https:\/\/static.radiolifefm.com.br\/noticias\/wp-content\/uploads\/2019\/10\/logo-lifefm.png\",\"contentUrl\":\"https:\/\/static.radiolifefm.com.br\/noticias\/wp-content\/uploads\/2019\/10\/logo-lifefm.png\",\"width\":196,\"height\":47,\"caption\":\"R\u00e1dio Life FM\"},\"image\":{\"@id\":\"https:\/\/radiolifefm.com.br\/noticias\/#\/schema\/logo\/image\/\"},\"sameAs\":[\"https:\/\/www.facebook.com\/radiolifefm\/\",\"https:\/\/www.instagram.com\/life1079fm\/\"]},{\"@type\":\"Person\",\"@id\":\"https:\/\/radiolifefm.com.br\/noticias\/#\/schema\/person\/6339b9fac59d12b071dec680d7375d87\",\"name\":\"ritanery\",\"image\":{\"@type\":\"ImageObject\",\"inLanguage\":\"pt-BR\",\"@id\":\"https:\/\/secure.gravatar.com\/avatar\/0e37bb19071f47c0b8a23f62a903df117c5a0e75f65a0c2901562f97cd41cf86?s=96&d=mm&r=g\",\"url\":\"https:\/\/secure.gravatar.com\/avatar\/0e37bb19071f47c0b8a23f62a903df117c5a0e75f65a0c2901562f97cd41cf86?s=96&d=mm&r=g\",\"contentUrl\":\"https:\/\/secure.gravatar.com\/avatar\/0e37bb19071f47c0b8a23f62a903df117c5a0e75f65a0c2901562f97cd41cf86?s=96&d=mm&r=g\",\"caption\":\"ritanery\"}}]}<\/script>\n<!-- \/ Yoast SEO plugin. -->","yoast_head_json":{"title":"Secretaria de Assist\u00eancia Social retoma fluxograma de atendimento promovido pela rede protetiva da B\u00e1sica, M\u00e9dia e Alta Complexidade destinado a adultos, idosos e seus familiares - R\u00e1dio Life FM","robots":{"index":"index","follow":"follow","max-snippet":"max-snippet:-1","max-image-preview":"max-image-preview:large","max-video-preview":"max-video-preview:-1"},"canonical":"https:\/\/radiolifefm.com.br\/noticias\/secretaria-de-assistencia-social-retoma-fluxograma-de-atendimento-promovido-pela-rede-protetiva-da-basica-media-e-alta-complexidade-destinado-a-adultos-idosos-e-seus-familiares\/","og_locale":"pt_BR","og_type":"article","og_title":"Secretaria de Assist\u00eancia Social retoma fluxograma de atendimento promovido pela rede protetiva da B\u00e1sica, M\u00e9dia e Alta Complexidade destinado a adultos, idosos e seus familiares - R\u00e1dio Life FM","og_description":"Com o objetivo de promover a retomada por meio do fluxograma de atendimento da rede b\u00e1sica, m\u00e9dia e alta complexidade de adultos, idosos e seus familiares, a Prefeitura de Adamantina, por meio da Secretaria de Assist\u00eancia Social, realizou um encontro com as equipes t\u00e9cnicas e de gest\u00e3o de diferentes \u00f3rg\u00e3os. Estiveram presentes representantes do \u00f3rg\u00e3o [&hellip;]","og_url":"https:\/\/radiolifefm.com.br\/noticias\/secretaria-de-assistencia-social-retoma-fluxograma-de-atendimento-promovido-pela-rede-protetiva-da-basica-media-e-alta-complexidade-destinado-a-adultos-idosos-e-seus-familiares\/","og_site_name":"R\u00e1dio Life FM","article_publisher":"https:\/\/www.facebook.com\/radiolifefm\/","article_published_time":"2022-04-20T11:52:29+00:00","article_modified_time":"2026-04-08T22:15:51+00:00","og_image":[{"width":1600,"height":1200,"url":"https:\/\/radiolifefm.com.br\/noticias\/wp-content\/uploads\/2022\/04\/foto-2.jpeg","type":"image\/jpeg"}],"author":"ritanery","twitter_card":"summary_large_image","twitter_misc":{"Escrito por":"ritanery","Est. tempo de leitura":"1 minuto"},"schema":{"@context":"https:\/\/schema.org","@graph":[{"@type":"Article","@id":"https:\/\/radiolifefm.com.br\/noticias\/secretaria-de-assistencia-social-retoma-fluxograma-de-atendimento-promovido-pela-rede-protetiva-da-basica-media-e-alta-complexidade-destinado-a-adultos-idosos-e-seus-familiares\/#article","isPartOf":{"@id":"https:\/\/radiolifefm.com.br\/noticias\/secretaria-de-assistencia-social-retoma-fluxograma-de-atendimento-promovido-pela-rede-protetiva-da-basica-media-e-alta-complexidade-destinado-a-adultos-idosos-e-seus-familiares\/"},"author":{"name":"ritanery","@id":"https:\/\/radiolifefm.com.br\/noticias\/#\/schema\/person\/6339b9fac59d12b071dec680d7375d87"},"headline":"Secretaria de Assist\u00eancia Social retoma fluxograma de atendimento promovido pela rede protetiva da B\u00e1sica, M\u00e9dia e Alta Complexidade destinado a adultos, idosos e seus familiares","datePublished":"2022-04-20T11:52:29+00:00","dateModified":"2026-04-08T22:15:51+00:00","mainEntityOfPage":{"@id":"https:\/\/radiolifefm.com.br\/noticias\/secretaria-de-assistencia-social-retoma-fluxograma-de-atendimento-promovido-pela-rede-protetiva-da-basica-media-e-alta-complexidade-destinado-a-adultos-idosos-e-seus-familiares\/"},"wordCount":269,"publisher":{"@id":"https:\/\/radiolifefm.com.br\/noticias\/#organization"},"image":{"@id":"https:\/\/radiolifefm.com.br\/noticias\/secretaria-de-assistencia-social-retoma-fluxograma-de-atendimento-promovido-pela-rede-protetiva-da-basica-media-e-alta-complexidade-destinado-a-adultos-idosos-e-seus-familiares\/#primaryimage"},"thumbnailUrl":"https:\/\/radiolifefm.com.br\/noticias\/wp-content\/uploads\/2022\/04\/foto-2.jpeg","articleSection":["Adamantina"],"inLanguage":"pt-BR"},{"@type":"WebPage","@id":"https:\/\/radiolifefm.com.br\/noticias\/secretaria-de-assistencia-social-retoma-fluxograma-de-atendimento-promovido-pela-rede-protetiva-da-basica-media-e-alta-complexidade-destinado-a-adultos-idosos-e-seus-familiares\/","url":"https:\/\/radiolifefm.com.br\/noticias\/secretaria-de-assistencia-social-retoma-fluxograma-de-atendimento-promovido-pela-rede-protetiva-da-basica-media-e-alta-complexidade-destinado-a-adultos-idosos-e-seus-familiares\/","name":"Secretaria de Assist\u00eancia Social retoma fluxograma de atendimento promovido pela rede protetiva da B\u00e1sica, M\u00e9dia e Alta Complexidade destinado a adultos, idosos e seus familiares - R\u00e1dio Life FM","isPartOf":{"@id":"https:\/\/radiolifefm.com.br\/noticias\/#website"},"primaryImageOfPage":{"@id":"https:\/\/radiolifefm.com.br\/noticias\/secretaria-de-assistencia-social-retoma-fluxograma-de-atendimento-promovido-pela-rede-protetiva-da-basica-media-e-alta-complexidade-destinado-a-adultos-idosos-e-seus-familiares\/#primaryimage"},"image":{"@id":"https:\/\/radiolifefm.com.br\/noticias\/secretaria-de-assistencia-social-retoma-fluxograma-de-atendimento-promovido-pela-rede-protetiva-da-basica-media-e-alta-complexidade-destinado-a-adultos-idosos-e-seus-familiares\/#primaryimage"},"thumbnailUrl":"https:\/\/radiolifefm.com.br\/noticias\/wp-content\/uploads\/2022\/04\/foto-2.jpeg","datePublished":"2022-04-20T11:52:29+00:00","dateModified":"2026-04-08T22:15:51+00:00","breadcrumb":{"@id":"https:\/\/radiolifefm.com.br\/noticias\/secretaria-de-assistencia-social-retoma-fluxograma-de-atendimento-promovido-pela-rede-protetiva-da-basica-media-e-alta-complexidade-destinado-a-adultos-idosos-e-seus-familiares\/#breadcrumb"},"inLanguage":"pt-BR","potentialAction":[{"@type":"ReadAction","target":["https:\/\/radiolifefm.com.br\/noticias\/secretaria-de-assistencia-social-retoma-fluxograma-de-atendimento-promovido-pela-rede-protetiva-da-basica-media-e-alta-complexidade-destinado-a-adultos-idosos-e-seus-familiares\/"]}]},{"@type":"ImageObject","inLanguage":"pt-BR","@id":"https:\/\/radiolifefm.com.br\/noticias\/secretaria-de-assistencia-social-retoma-fluxograma-de-atendimento-promovido-pela-rede-protetiva-da-basica-media-e-alta-complexidade-destinado-a-adultos-idosos-e-seus-familiares\/#primaryimage","url":"https:\/\/radiolifefm.com.br\/noticias\/wp-content\/uploads\/2022\/04\/foto-2.jpeg","contentUrl":"https:\/\/radiolifefm.com.br\/noticias\/wp-content\/uploads\/2022\/04\/foto-2.jpeg","width":1600,"height":1200},{"@type":"BreadcrumbList","@id":"https:\/\/radiolifefm.com.br\/noticias\/secretaria-de-assistencia-social-retoma-fluxograma-de-atendimento-promovido-pela-rede-protetiva-da-basica-media-e-alta-complexidade-destinado-a-adultos-idosos-e-seus-familiares\/#breadcrumb","itemListElement":[{"@type":"ListItem","position":1,"name":"In\u00edcio","item":"https:\/\/radiolifefm.com.br\/noticias\/"},{"@type":"ListItem","position":2,"name":"Secretaria de Assist\u00eancia Social retoma fluxograma de atendimento promovido pela rede protetiva da B\u00e1sica, M\u00e9dia e Alta Complexidade destinado a adultos, idosos e seus familiares"}]},{"@type":"WebSite","@id":"https:\/\/radiolifefm.com.br\/noticias\/#website","url":"https:\/\/radiolifefm.com.br\/noticias\/","name":"R\u00e1dio Life FM","description":"O Portal de Not\u00edcias de Adamantina","publisher":{"@id":"https:\/\/radiolifefm.com.br\/noticias\/#organization"},"alternateName":"Life FM","potentialAction":[{"@type":"SearchAction","target":{"@type":"EntryPoint","urlTemplate":"https:\/\/radiolifefm.com.br\/noticias\/?s={search_term_string}"},"query-input":{"@type":"PropertyValueSpecification","valueRequired":true,"valueName":"search_term_string"}}],"inLanguage":"pt-BR"},{"@type":"Organization","@id":"https:\/\/radiolifefm.com.br\/noticias\/#organization","name":"R\u00e1dio Life FM","alternateName":"Life FM","url":"https:\/\/radiolifefm.com.br\/noticias\/","logo":{"@type":"ImageObject","inLanguage":"pt-BR","@id":"https:\/\/radiolifefm.com.br\/noticias\/#\/schema\/logo\/image\/","url":"https:\/\/static.radiolifefm.com.br\/noticias\/wp-content\/uploads\/2019\/10\/logo-lifefm.png","contentUrl":"https:\/\/static.radiolifefm.com.br\/noticias\/wp-content\/uploads\/2019\/10\/logo-lifefm.png","width":196,"height":47,"caption":"R\u00e1dio Life FM"},"image":{"@id":"https:\/\/radiolifefm.com.br\/noticias\/#\/schema\/logo\/image\/"},"sameAs":["https:\/\/www.facebook.com\/radiolifefm\/","https:\/\/www.instagram.com\/life1079fm\/"]},{"@type":"Person","@id":"https:\/\/radiolifefm.com.br\/noticias\/#\/schema\/person\/6339b9fac59d12b071dec680d7375d87","name":"ritanery","image":{"@type":"ImageObject","inLanguage":"pt-BR","@id":"https:\/\/secure.gravatar.com\/avatar\/0e37bb19071f47c0b8a23f62a903df117c5a0e75f65a0c2901562f97cd41cf86?s=96&d=mm&r=g","url":"https:\/\/secure.gravatar.com\/avatar\/0e37bb19071f47c0b8a23f62a903df117c5a0e75f65a0c2901562f97cd41cf86?s=96&d=mm&r=g","contentUrl":"https:\/\/secure.gravatar.com\/avatar\/0e37bb19071f47c0b8a23f62a903df117c5a0e75f65a0c2901562f97cd41cf86?s=96&d=mm&r=g","caption":"ritanery"}}]}},"amp_enabled":true,"_links":{"self":[{"href":"https:\/\/radiolifefm.com.br\/noticias\/wp-json\/wp\/v2\/posts\/52373","targetHints":{"allow":["GET"]}}],"collection":[{"href":"https:\/\/radiolifefm.com.br\/noticias\/wp-json\/wp\/v2\/posts"}],"about":[{"href":"https:\/\/radiolifefm.com.br\/noticias\/wp-json\/wp\/v2\/types\/post"}],"author":[{"embeddable":true,"href":"https:\/\/radiolifefm.com.br\/noticias\/wp-json\/wp\/v2\/users\/13"}],"replies":[{"embeddable":true,"href":"https:\/\/radiolifefm.com.br\/noticias\/wp-json\/wp\/v2\/comments?post=52373"}],"version-history":[{"count":2,"href":"https:\/\/radiolifefm.com.br\/noticias\/wp-json\/wp\/v2\/posts\/52373\/revisions"}],"predecessor-version":[{"id":52376,"href":"https:\/\/radiolifefm.com.br\/noticias\/wp-json\/wp\/v2\/posts\/52373\/revisions\/52376"}],"wp:featuredmedia":[{"embeddable":true,"href":"https:\/\/radiolifefm.com.br\/noticias\/wp-json\/wp\/v2\/media\/52374"}],"wp:attachment":[{"href":"https:\/\/radiolifefm.com.br\/noticias\/wp-json\/wp\/v2\/media?parent=52373"}],"wp:term":[{"taxonomy":"category","embeddable":true,"href":"https:\/\/radiolifefm.com.br\/noticias\/wp-json\/wp\/v2\/categories?post=52373"},{"taxonomy":"post_tag","embeddable":true,"href":"https:\/\/radiolifefm.com.br\/noticias\/wp-json\/wp\/v2\/tags?post=52373"}],"curies":[{"name":"wp","href":"https:\/\/api.w.org\/{rel}","templated":true}]}}