{"id":52370,"date":"2022-04-20T07:52:41","date_gmt":"2022-04-20T10:52:41","guid":{"rendered":"https:\/\/radiolifefm.com.br\/noticias\/?p=52370"},"modified":"2026-04-11T21:14:08","modified_gmt":"2026-04-12T00:14:08","slug":"raul-seixas-maluco-beleza-pra-sempreadamantina","status":"publish","type":"post","link":"https:\/\/radiolifefm.com.br\/noticias\/raul-seixas-maluco-beleza-pra-sempreadamantina\/","title":{"rendered":"RAUL SEIXAS: Maluco Beleza pra sempre!"},"content":{"rendered":"<div id=\"fb-root\"><\/div>\n<p><strong>\u201cMaluco Beleza \u00e9 sin\u00f4nimo de contemporaneidade.\u201d <\/strong><em>(Reinaldo)<\/em><strong> e \u201cPor ser um dos precursores do Rock\u00b4n and Roll no Brasil. Tenho uma hist\u00f3ria de Amor sobre RAUL SEIXAS, como por exemplo: conheci minha esposa num cover do RAUL em Adamantina no Bar do Tala. Meu filho se chama RAUL por causa do Raul&#8230; S\u00e3o tantas coisas que parece que o universo conspira a favor.\u201d <\/strong><em>(Vin\u00edcius)<\/em><\/p>\n<p><em>\u201cNingu\u00e9m tem o direito de me julgar a n\u00e3o ser eu mesmo. Eu me perten\u00e7o e de mim fa\u00e7o o que bem entender.\u201d (<\/em><a href=\"https:\/\/www.pensador.com\/autor\/raul_seixas\/\"><em>Raul Seixas<\/em><\/a><em>)<\/em><\/p>\n<p><strong><em>S\u00e9rgio Barbosa (*)<\/em><\/strong><\/p>\n<p><strong><em>Aos Malucos \u00a0PABLO\/Paulo, REINALDO e VIN\u00cdCUS, tamb\u00e9m, \u201cJP\u201d <\/em><\/strong><em>(in memoriam)<strong>, dedico!<\/strong><\/em><\/p>\n<p>O que se pode escrever sobre algu\u00e9m que NASCEU H\u00c1 DEZ MIL ANOS ATR\u00c1S&#8230; ainda, a PESCA DO PESCADOR e por a\u00ed caminha as aventuras do MALUCO BELEZA em busca dos OLHOS DO CEGO e ao mesmo tempo do tempo, a CEGUEIRA DA VIS\u00c3O&#8230;<\/p>\n<p>O IN\u00cdCIO, O FIM E O MEIO&#8230;<\/p>\n<p>Eis o mago que saiu do futuro para o passado e nem passou pelo presente, assim, talvez possa apresentar RAUL SEIXAS nesta vis\u00e3o apocaliptica das PORTAS que estavam sempre al\u00e9m de S\u00c9SAMO&#8230;<\/p>\n<p>Tamb\u00e9m, O PAI DO ROCK \u00c9 O DIABO, por\u00e9m, cada qual com a sua SOCIEDADE ALTERNATIVA, afinal de contas todos est\u00e3o em busca do OUTRO DO TOLO neste cen\u00e1rio que espera o TREM DAS 7&#8230;<\/p>\n<p>RAULZITO esteve em todos os lugares de um \u00fanico LUGAR para ser A MOSCA em meio aos desencontros do UNIVERSO que se perdeu no NOVO AEON&#8230;<\/p>\n<p>Do abismo que se perdeu nos descaminhos do seu tempo, talvez de tudo se perdeu para uma SOCIEDADE ALTERNATIVA, afinal de contas tudo pode ser uma LOTERIA DA BABIL\u00d5NIA com a marca al\u00e9m do registro sem patente de RAUL SEIXAS&#8230;<\/p>\n<p>Pode ser TUDO DA LEI, entretanto, todo cuidado \u00e9 pouco com a DENTADURA POSTI\u00c7A ou com o SAPATO 36, todavia, todos\/as podem buscar aquilo que n\u00e3o existe no seu interior e se perder em busca do DDI&#8230;<\/p>\n<p>As peraltices do MALUCO BELEZA sempre estiveram em todos os lugares do seu mundo, por\u00e9m, n\u00e3o se podem deixar de lado as alternativas mediadas pelo CARPINTEIRO DO UNIVERSO&#8230;<\/p>\n<p>Aquele que apresenta o CARIMBADOR MALUCO continua caminhando al\u00e9m daquele tempo de uma METAMORFOSE AMBULANTE, haja vista as transforma\u00e7\u00f5es de um DISCO VOADOR que aparece sem mais e sem menos&#8230;<\/p>\n<p>Tudo pode acontecer em uma SESS\u00c3O DAS DEZ, afinal de contas quem n\u00e3o tem MEDO DA CHUVA, deste lado tudo pode trazer o que se torna aquele algo mais al\u00e9m do imposs\u00edvel nesta PARA N\u00d3IA&#8230;<\/p>\n<p>Quem nunca encontrou a sua MOSCA NA SOPA e no final das contas fica pendente a \u00fanica escolha que \u00c9 S\u00d3 MUDAR DE ESTA\u00c7\u00c3O ou VIRAR O BOT\u00c3O, assim, RAUL SEIXAS registrava o nunca deveria estar naquele lugar que nunca foi comum para as suas viagens sem volta&#8230;<\/p>\n<p>S\u00e3o muitos olhares para uma aproxima\u00e7\u00e3o com RAUL SEIXAS, bem como, tudo pode se perder sem conseguir achar o caminho de volta se TODO MUNDO EXPLICA&#8230;<\/p>\n<p>AVE RAUL SEIXAS, O ETERNO MALUCO BELEZA!<\/p>\n<p><strong><em>_____________________________<\/em><\/strong><\/p>\n<p><strong><em>(*) jornalista diplomado e professor universit\u00e1rio.<\/em><\/strong><\/p>\n<p><strong><em>e-mail: <\/em><\/strong><a href=\"mailto:barbosa.sebar@gmail.com\"><strong><em>barbosa.sebar@gmail.com<\/em><\/strong><\/a><\/p>\n<p>&nbsp;<\/p>\n<p>&nbsp;<\/p>\n","protected":false},"excerpt":{"rendered":"<p>\u201cMaluco Beleza \u00e9 sin\u00f4nimo de contemporaneidade.\u201d (Reinaldo) e \u201cPor ser um dos precursores do Rock\u00b4n and Roll no Brasil. Tenho uma hist\u00f3ria de Amor sobre RAUL SEIXAS, como por exemplo: conheci minha esposa num cover do RAUL em Adamantina no Bar do Tala. Meu filho se chama RAUL por causa do Raul&#8230; S\u00e3o tantas coisas [&hellip;]<\/p>\n","protected":false},"author":13,"featured_media":51988,"comment_status":"closed","ping_status":"open","sticky":false,"template":"","format":"standard","meta":{"_acf_changed":false,"_exactmetrics_skip_tracking":false,"_exactmetrics_sitenote_active":false,"_exactmetrics_sitenote_note":"","_exactmetrics_sitenote_category":0,"footnotes":""},"categories":[59],"tags":[],"class_list":["post-52370","post","type-post","status-publish","format-standard","has-post-thumbnail","hentry","category-opiniao"],"acf":[],"yoast_head":"<!-- This site is optimized with the Yoast SEO plugin v27.2 - https:\/\/yoast.com\/product\/yoast-seo-wordpress\/ -->\n<title>RAUL SEIXAS: Maluco Beleza pra sempre! - R\u00e1dio Life FM<\/title>\n<meta name=\"robots\" content=\"index, follow, max-snippet:-1, max-image-preview:large, max-video-preview:-1\" \/>\n<link rel=\"canonical\" href=\"https:\/\/radiolifefm.com.br\/noticias\/raul-seixas-maluco-beleza-pra-sempreadamantina\/\" \/>\n<meta property=\"og:locale\" content=\"pt_BR\" \/>\n<meta property=\"og:type\" content=\"article\" \/>\n<meta property=\"og:title\" content=\"RAUL SEIXAS: Maluco Beleza pra sempre! - R\u00e1dio Life FM\" \/>\n<meta property=\"og:description\" content=\"\u201cMaluco Beleza \u00e9 sin\u00f4nimo de contemporaneidade.\u201d (Reinaldo) e \u201cPor ser um dos precursores do Rock\u00b4n and Roll no Brasil. Tenho uma hist\u00f3ria de Amor sobre RAUL SEIXAS, como por exemplo: conheci minha esposa num cover do RAUL em Adamantina no Bar do Tala. Meu filho se chama RAUL por causa do Raul&#8230; S\u00e3o tantas coisas [&hellip;]\" \/>\n<meta property=\"og:url\" content=\"https:\/\/radiolifefm.com.br\/noticias\/raul-seixas-maluco-beleza-pra-sempreadamantina\/\" \/>\n<meta property=\"og:site_name\" content=\"R\u00e1dio Life FM\" \/>\n<meta property=\"article:publisher\" content=\"https:\/\/www.facebook.com\/radiolifefm\/\" \/>\n<meta property=\"article:published_time\" content=\"2022-04-20T10:52:41+00:00\" \/>\n<meta property=\"article:modified_time\" content=\"2026-04-12T00:14:08+00:00\" \/>\n<meta property=\"og:image\" content=\"https:\/\/radiolifefm.com.br\/noticias\/wp-content\/uploads\/2022\/04\/WhatsApp-Image-2022-04-10-at-18.43.02.jpeg\" \/>\n\t<meta property=\"og:image:width\" content=\"972\" \/>\n\t<meta property=\"og:image:height\" content=\"1296\" \/>\n\t<meta property=\"og:image:type\" content=\"image\/jpeg\" \/>\n<meta name=\"author\" content=\"ritanery\" \/>\n<meta name=\"twitter:card\" content=\"summary_large_image\" \/>\n<meta name=\"twitter:label1\" content=\"Escrito por\" \/>\n\t<meta name=\"twitter:data1\" content=\"ritanery\" \/>\n\t<meta name=\"twitter:label2\" content=\"Est. tempo de leitura\" \/>\n\t<meta name=\"twitter:data2\" content=\"3 minutos\" \/>\n<script type=\"application\/ld+json\" class=\"yoast-schema-graph\">{\"@context\":\"https:\/\/schema.org\",\"@graph\":[{\"@type\":\"Article\",\"@id\":\"https:\/\/radiolifefm.com.br\/noticias\/raul-seixas-maluco-beleza-pra-sempreadamantina\/#article\",\"isPartOf\":{\"@id\":\"https:\/\/radiolifefm.com.br\/noticias\/raul-seixas-maluco-beleza-pra-sempreadamantina\/\"},\"author\":{\"name\":\"ritanery\",\"@id\":\"https:\/\/radiolifefm.com.br\/noticias\/#\/schema\/person\/6339b9fac59d12b071dec680d7375d87\"},\"headline\":\"RAUL SEIXAS: Maluco Beleza pra sempre!\",\"datePublished\":\"2022-04-20T10:52:41+00:00\",\"dateModified\":\"2026-04-12T00:14:08+00:00\",\"mainEntityOfPage\":{\"@id\":\"https:\/\/radiolifefm.com.br\/noticias\/raul-seixas-maluco-beleza-pra-sempreadamantina\/\"},\"wordCount\":552,\"publisher\":{\"@id\":\"https:\/\/radiolifefm.com.br\/noticias\/#organization\"},\"image\":{\"@id\":\"https:\/\/radiolifefm.com.br\/noticias\/raul-seixas-maluco-beleza-pra-sempreadamantina\/#primaryimage\"},\"thumbnailUrl\":\"https:\/\/radiolifefm.com.br\/noticias\/wp-content\/uploads\/2022\/04\/WhatsApp-Image-2022-04-10-at-18.43.02.jpeg\",\"articleSection\":[\"Opini\u00e3o\"],\"inLanguage\":\"pt-BR\"},{\"@type\":\"WebPage\",\"@id\":\"https:\/\/radiolifefm.com.br\/noticias\/raul-seixas-maluco-beleza-pra-sempreadamantina\/\",\"url\":\"https:\/\/radiolifefm.com.br\/noticias\/raul-seixas-maluco-beleza-pra-sempreadamantina\/\",\"name\":\"RAUL SEIXAS: Maluco Beleza pra sempre! - R\u00e1dio Life FM\",\"isPartOf\":{\"@id\":\"https:\/\/radiolifefm.com.br\/noticias\/#website\"},\"primaryImageOfPage\":{\"@id\":\"https:\/\/radiolifefm.com.br\/noticias\/raul-seixas-maluco-beleza-pra-sempreadamantina\/#primaryimage\"},\"image\":{\"@id\":\"https:\/\/radiolifefm.com.br\/noticias\/raul-seixas-maluco-beleza-pra-sempreadamantina\/#primaryimage\"},\"thumbnailUrl\":\"https:\/\/radiolifefm.com.br\/noticias\/wp-content\/uploads\/2022\/04\/WhatsApp-Image-2022-04-10-at-18.43.02.jpeg\",\"datePublished\":\"2022-04-20T10:52:41+00:00\",\"dateModified\":\"2026-04-12T00:14:08+00:00\",\"breadcrumb\":{\"@id\":\"https:\/\/radiolifefm.com.br\/noticias\/raul-seixas-maluco-beleza-pra-sempreadamantina\/#breadcrumb\"},\"inLanguage\":\"pt-BR\",\"potentialAction\":[{\"@type\":\"ReadAction\",\"target\":[\"https:\/\/radiolifefm.com.br\/noticias\/raul-seixas-maluco-beleza-pra-sempreadamantina\/\"]}]},{\"@type\":\"ImageObject\",\"inLanguage\":\"pt-BR\",\"@id\":\"https:\/\/radiolifefm.com.br\/noticias\/raul-seixas-maluco-beleza-pra-sempreadamantina\/#primaryimage\",\"url\":\"https:\/\/radiolifefm.com.br\/noticias\/wp-content\/uploads\/2022\/04\/WhatsApp-Image-2022-04-10-at-18.43.02.jpeg\",\"contentUrl\":\"https:\/\/radiolifefm.com.br\/noticias\/wp-content\/uploads\/2022\/04\/WhatsApp-Image-2022-04-10-at-18.43.02.jpeg\",\"width\":972,\"height\":1296,\"caption\":\"S\u00e9rgio Barbosa\"},{\"@type\":\"BreadcrumbList\",\"@id\":\"https:\/\/radiolifefm.com.br\/noticias\/raul-seixas-maluco-beleza-pra-sempreadamantina\/#breadcrumb\",\"itemListElement\":[{\"@type\":\"ListItem\",\"position\":1,\"name\":\"In\u00edcio\",\"item\":\"https:\/\/radiolifefm.com.br\/noticias\/\"},{\"@type\":\"ListItem\",\"position\":2,\"name\":\"RAUL SEIXAS: Maluco Beleza pra sempre!\"}]},{\"@type\":\"WebSite\",\"@id\":\"https:\/\/radiolifefm.com.br\/noticias\/#website\",\"url\":\"https:\/\/radiolifefm.com.br\/noticias\/\",\"name\":\"R\u00e1dio Life FM\",\"description\":\"O Portal de Not\u00edcias de Adamantina\",\"publisher\":{\"@id\":\"https:\/\/radiolifefm.com.br\/noticias\/#organization\"},\"alternateName\":\"Life FM\",\"potentialAction\":[{\"@type\":\"SearchAction\",\"target\":{\"@type\":\"EntryPoint\",\"urlTemplate\":\"https:\/\/radiolifefm.com.br\/noticias\/?s={search_term_string}\"},\"query-input\":{\"@type\":\"PropertyValueSpecification\",\"valueRequired\":true,\"valueName\":\"search_term_string\"}}],\"inLanguage\":\"pt-BR\"},{\"@type\":\"Organization\",\"@id\":\"https:\/\/radiolifefm.com.br\/noticias\/#organization\",\"name\":\"R\u00e1dio Life FM\",\"alternateName\":\"Life FM\",\"url\":\"https:\/\/radiolifefm.com.br\/noticias\/\",\"logo\":{\"@type\":\"ImageObject\",\"inLanguage\":\"pt-BR\",\"@id\":\"https:\/\/radiolifefm.com.br\/noticias\/#\/schema\/logo\/image\/\",\"url\":\"https:\/\/static.radiolifefm.com.br\/noticias\/wp-content\/uploads\/2019\/10\/logo-lifefm.png\",\"contentUrl\":\"https:\/\/static.radiolifefm.com.br\/noticias\/wp-content\/uploads\/2019\/10\/logo-lifefm.png\",\"width\":196,\"height\":47,\"caption\":\"R\u00e1dio Life FM\"},\"image\":{\"@id\":\"https:\/\/radiolifefm.com.br\/noticias\/#\/schema\/logo\/image\/\"},\"sameAs\":[\"https:\/\/www.facebook.com\/radiolifefm\/\",\"https:\/\/www.instagram.com\/life1079fm\/\"]},{\"@type\":\"Person\",\"@id\":\"https:\/\/radiolifefm.com.br\/noticias\/#\/schema\/person\/6339b9fac59d12b071dec680d7375d87\",\"name\":\"ritanery\",\"image\":{\"@type\":\"ImageObject\",\"inLanguage\":\"pt-BR\",\"@id\":\"https:\/\/secure.gravatar.com\/avatar\/0e37bb19071f47c0b8a23f62a903df117c5a0e75f65a0c2901562f97cd41cf86?s=96&d=mm&r=g\",\"url\":\"https:\/\/secure.gravatar.com\/avatar\/0e37bb19071f47c0b8a23f62a903df117c5a0e75f65a0c2901562f97cd41cf86?s=96&d=mm&r=g\",\"contentUrl\":\"https:\/\/secure.gravatar.com\/avatar\/0e37bb19071f47c0b8a23f62a903df117c5a0e75f65a0c2901562f97cd41cf86?s=96&d=mm&r=g\",\"caption\":\"ritanery\"}}]}<\/script>\n<!-- \/ Yoast SEO plugin. -->","yoast_head_json":{"title":"RAUL SEIXAS: Maluco Beleza pra sempre! - R\u00e1dio Life FM","robots":{"index":"index","follow":"follow","max-snippet":"max-snippet:-1","max-image-preview":"max-image-preview:large","max-video-preview":"max-video-preview:-1"},"canonical":"https:\/\/radiolifefm.com.br\/noticias\/raul-seixas-maluco-beleza-pra-sempreadamantina\/","og_locale":"pt_BR","og_type":"article","og_title":"RAUL SEIXAS: Maluco Beleza pra sempre! - R\u00e1dio Life FM","og_description":"\u201cMaluco Beleza \u00e9 sin\u00f4nimo de contemporaneidade.\u201d (Reinaldo) e \u201cPor ser um dos precursores do Rock\u00b4n and Roll no Brasil. Tenho uma hist\u00f3ria de Amor sobre RAUL SEIXAS, como por exemplo: conheci minha esposa num cover do RAUL em Adamantina no Bar do Tala. Meu filho se chama RAUL por causa do Raul&#8230; S\u00e3o tantas coisas [&hellip;]","og_url":"https:\/\/radiolifefm.com.br\/noticias\/raul-seixas-maluco-beleza-pra-sempreadamantina\/","og_site_name":"R\u00e1dio Life FM","article_publisher":"https:\/\/www.facebook.com\/radiolifefm\/","article_published_time":"2022-04-20T10:52:41+00:00","article_modified_time":"2026-04-12T00:14:08+00:00","og_image":[{"width":972,"height":1296,"url":"https:\/\/radiolifefm.com.br\/noticias\/wp-content\/uploads\/2022\/04\/WhatsApp-Image-2022-04-10-at-18.43.02.jpeg","type":"image\/jpeg"}],"author":"ritanery","twitter_card":"summary_large_image","twitter_misc":{"Escrito por":"ritanery","Est. tempo de leitura":"3 minutos"},"schema":{"@context":"https:\/\/schema.org","@graph":[{"@type":"Article","@id":"https:\/\/radiolifefm.com.br\/noticias\/raul-seixas-maluco-beleza-pra-sempreadamantina\/#article","isPartOf":{"@id":"https:\/\/radiolifefm.com.br\/noticias\/raul-seixas-maluco-beleza-pra-sempreadamantina\/"},"author":{"name":"ritanery","@id":"https:\/\/radiolifefm.com.br\/noticias\/#\/schema\/person\/6339b9fac59d12b071dec680d7375d87"},"headline":"RAUL SEIXAS: Maluco Beleza pra sempre!","datePublished":"2022-04-20T10:52:41+00:00","dateModified":"2026-04-12T00:14:08+00:00","mainEntityOfPage":{"@id":"https:\/\/radiolifefm.com.br\/noticias\/raul-seixas-maluco-beleza-pra-sempreadamantina\/"},"wordCount":552,"publisher":{"@id":"https:\/\/radiolifefm.com.br\/noticias\/#organization"},"image":{"@id":"https:\/\/radiolifefm.com.br\/noticias\/raul-seixas-maluco-beleza-pra-sempreadamantina\/#primaryimage"},"thumbnailUrl":"https:\/\/radiolifefm.com.br\/noticias\/wp-content\/uploads\/2022\/04\/WhatsApp-Image-2022-04-10-at-18.43.02.jpeg","articleSection":["Opini\u00e3o"],"inLanguage":"pt-BR"},{"@type":"WebPage","@id":"https:\/\/radiolifefm.com.br\/noticias\/raul-seixas-maluco-beleza-pra-sempreadamantina\/","url":"https:\/\/radiolifefm.com.br\/noticias\/raul-seixas-maluco-beleza-pra-sempreadamantina\/","name":"RAUL SEIXAS: Maluco Beleza pra sempre! - R\u00e1dio Life FM","isPartOf":{"@id":"https:\/\/radiolifefm.com.br\/noticias\/#website"},"primaryImageOfPage":{"@id":"https:\/\/radiolifefm.com.br\/noticias\/raul-seixas-maluco-beleza-pra-sempreadamantina\/#primaryimage"},"image":{"@id":"https:\/\/radiolifefm.com.br\/noticias\/raul-seixas-maluco-beleza-pra-sempreadamantina\/#primaryimage"},"thumbnailUrl":"https:\/\/radiolifefm.com.br\/noticias\/wp-content\/uploads\/2022\/04\/WhatsApp-Image-2022-04-10-at-18.43.02.jpeg","datePublished":"2022-04-20T10:52:41+00:00","dateModified":"2026-04-12T00:14:08+00:00","breadcrumb":{"@id":"https:\/\/radiolifefm.com.br\/noticias\/raul-seixas-maluco-beleza-pra-sempreadamantina\/#breadcrumb"},"inLanguage":"pt-BR","potentialAction":[{"@type":"ReadAction","target":["https:\/\/radiolifefm.com.br\/noticias\/raul-seixas-maluco-beleza-pra-sempreadamantina\/"]}]},{"@type":"ImageObject","inLanguage":"pt-BR","@id":"https:\/\/radiolifefm.com.br\/noticias\/raul-seixas-maluco-beleza-pra-sempreadamantina\/#primaryimage","url":"https:\/\/radiolifefm.com.br\/noticias\/wp-content\/uploads\/2022\/04\/WhatsApp-Image-2022-04-10-at-18.43.02.jpeg","contentUrl":"https:\/\/radiolifefm.com.br\/noticias\/wp-content\/uploads\/2022\/04\/WhatsApp-Image-2022-04-10-at-18.43.02.jpeg","width":972,"height":1296,"caption":"S\u00e9rgio Barbosa"},{"@type":"BreadcrumbList","@id":"https:\/\/radiolifefm.com.br\/noticias\/raul-seixas-maluco-beleza-pra-sempreadamantina\/#breadcrumb","itemListElement":[{"@type":"ListItem","position":1,"name":"In\u00edcio","item":"https:\/\/radiolifefm.com.br\/noticias\/"},{"@type":"ListItem","position":2,"name":"RAUL SEIXAS: Maluco Beleza pra sempre!"}]},{"@type":"WebSite","@id":"https:\/\/radiolifefm.com.br\/noticias\/#website","url":"https:\/\/radiolifefm.com.br\/noticias\/","name":"R\u00e1dio Life FM","description":"O Portal de Not\u00edcias de Adamantina","publisher":{"@id":"https:\/\/radiolifefm.com.br\/noticias\/#organization"},"alternateName":"Life FM","potentialAction":[{"@type":"SearchAction","target":{"@type":"EntryPoint","urlTemplate":"https:\/\/radiolifefm.com.br\/noticias\/?s={search_term_string}"},"query-input":{"@type":"PropertyValueSpecification","valueRequired":true,"valueName":"search_term_string"}}],"inLanguage":"pt-BR"},{"@type":"Organization","@id":"https:\/\/radiolifefm.com.br\/noticias\/#organization","name":"R\u00e1dio Life FM","alternateName":"Life FM","url":"https:\/\/radiolifefm.com.br\/noticias\/","logo":{"@type":"ImageObject","inLanguage":"pt-BR","@id":"https:\/\/radiolifefm.com.br\/noticias\/#\/schema\/logo\/image\/","url":"https:\/\/static.radiolifefm.com.br\/noticias\/wp-content\/uploads\/2019\/10\/logo-lifefm.png","contentUrl":"https:\/\/static.radiolifefm.com.br\/noticias\/wp-content\/uploads\/2019\/10\/logo-lifefm.png","width":196,"height":47,"caption":"R\u00e1dio Life FM"},"image":{"@id":"https:\/\/radiolifefm.com.br\/noticias\/#\/schema\/logo\/image\/"},"sameAs":["https:\/\/www.facebook.com\/radiolifefm\/","https:\/\/www.instagram.com\/life1079fm\/"]},{"@type":"Person","@id":"https:\/\/radiolifefm.com.br\/noticias\/#\/schema\/person\/6339b9fac59d12b071dec680d7375d87","name":"ritanery","image":{"@type":"ImageObject","inLanguage":"pt-BR","@id":"https:\/\/secure.gravatar.com\/avatar\/0e37bb19071f47c0b8a23f62a903df117c5a0e75f65a0c2901562f97cd41cf86?s=96&d=mm&r=g","url":"https:\/\/secure.gravatar.com\/avatar\/0e37bb19071f47c0b8a23f62a903df117c5a0e75f65a0c2901562f97cd41cf86?s=96&d=mm&r=g","contentUrl":"https:\/\/secure.gravatar.com\/avatar\/0e37bb19071f47c0b8a23f62a903df117c5a0e75f65a0c2901562f97cd41cf86?s=96&d=mm&r=g","caption":"ritanery"}}]}},"amp_enabled":true,"_links":{"self":[{"href":"https:\/\/radiolifefm.com.br\/noticias\/wp-json\/wp\/v2\/posts\/52370","targetHints":{"allow":["GET"]}}],"collection":[{"href":"https:\/\/radiolifefm.com.br\/noticias\/wp-json\/wp\/v2\/posts"}],"about":[{"href":"https:\/\/radiolifefm.com.br\/noticias\/wp-json\/wp\/v2\/types\/post"}],"author":[{"embeddable":true,"href":"https:\/\/radiolifefm.com.br\/noticias\/wp-json\/wp\/v2\/users\/13"}],"replies":[{"embeddable":true,"href":"https:\/\/radiolifefm.com.br\/noticias\/wp-json\/wp\/v2\/comments?post=52370"}],"version-history":[{"count":1,"href":"https:\/\/radiolifefm.com.br\/noticias\/wp-json\/wp\/v2\/posts\/52370\/revisions"}],"predecessor-version":[{"id":52371,"href":"https:\/\/radiolifefm.com.br\/noticias\/wp-json\/wp\/v2\/posts\/52370\/revisions\/52371"}],"wp:featuredmedia":[{"embeddable":true,"href":"https:\/\/radiolifefm.com.br\/noticias\/wp-json\/wp\/v2\/media\/51988"}],"wp:attachment":[{"href":"https:\/\/radiolifefm.com.br\/noticias\/wp-json\/wp\/v2\/media?parent=52370"}],"wp:term":[{"taxonomy":"category","embeddable":true,"href":"https:\/\/radiolifefm.com.br\/noticias\/wp-json\/wp\/v2\/categories?post=52370"},{"taxonomy":"post_tag","embeddable":true,"href":"https:\/\/radiolifefm.com.br\/noticias\/wp-json\/wp\/v2\/tags?post=52370"}],"curies":[{"name":"wp","href":"https:\/\/api.w.org\/{rel}","templated":true}]}}