{"id":52283,"date":"2022-04-18T10:39:09","date_gmt":"2022-04-18T13:39:09","guid":{"rendered":"https:\/\/radiolifefm.com.br\/noticias\/?p=52283"},"modified":"2026-04-19T10:08:14","modified_gmt":"2026-04-19T13:08:14","slug":"vitima-fatal-do-acidente-na-sp-294-em-adamantina-sera-sepultada-em-osvaldo-cruz","status":"publish","type":"post","link":"https:\/\/radiolifefm.com.br\/noticias\/vitima-fatal-do-acidente-na-sp-294-em-adamantina-sera-sepultada-em-osvaldo-cruz\/","title":{"rendered":"V\u00edtima fatal do acidente na SP-294, em Adamantina, ser\u00e1 sepultada em Osvaldo Cruz"},"content":{"rendered":"<div id=\"fb-root\"><\/div>\n<p style=\"font-weight: 400\">O corpo de Sueli Vindilino dos Santos, de 52 anos, v\u00edtima fatal do\u00a0<a href=\"https:\/\/www.sigamais.com\/noticias\/policia\/acidente-faz-uma-vitima-fatal-e-deixa-feridos-na-sp294-divisa-entre-adamantina-e-florida-paulista\/\"><b><strong>acidente ocorrido no final da tarde deste domingo (17)<\/strong><\/b><\/a>\u00a0na Rodovia Comandante Jo\u00e3o Ribeiro de Barros (SP-294), em Adamantina, ser\u00e1 sepultado \u00e0s 10h30 desta segunda-feira (18) em Osvaldo Cruz. O vel\u00f3rio foi iniciado \u00e0s 7h no Memorial Tamoios, na mesma cidade.<\/p>\n<p style=\"font-weight: 400\">O acidente, registrado \u00e0s 16h50 e caracterizado como colis\u00e3o lateral seguida de colis\u00e3o transversal, envolveu tr\u00eas ve\u00edculos e deixou outras quatro pessoas feridas em estado grave, levadas ao pronto-socorro da Santa Casa de Adamantina. A moradora de Osvaldo Cruz morreu no local.<\/p>\n<p><img decoding=\"async\" src=\"https:\/\/www.sigamais.com\/arquivo\/uploads\/whatsapp-image-20220418-at-005945jpg1650285359625d5b2fdb67b.jpg\" \/><\/p>\n<p>Segundo divulgou a Pol\u00edcia Militar Rodovi\u00e1ria em nota \u00e0 imprensa, o ve\u00edculo GM Vectra com placas de Osvaldo Cruz transitava pela SP-294 no sentido Fl\u00f3rida Paulista\/Adamantina, quando teria colidido lateralmente com moto com placas de Piracicaba que seguia no mesmo sentido de circula\u00e7\u00e3o. Na sequ\u00eancia, de acordo com o policiamento, o condutor do Vectra perdeu o controle da dire\u00e7\u00e3o e o ve\u00edculo invadiu a faixa contr\u00e1ria, sendo atingido transversalmente pelo GM Classic, com placas de Fl\u00f3rida Paulista. Desgovernada, a moto tombou e atingiu uma placa de sinaliza\u00e7\u00e3o \u00e0s margens da via.<\/p>\n<p style=\"font-weight: 400\">No Vectra estavam a mulher de 52 anos, que ocupava o banco de passageiro dianteiro e morreu no local, e um homem de 61 anos, condutor do carro, socorrido em estado grave, ambos moradores em Osvaldo Cruz. No Classic estavam dois homens, de Fl\u00f3rida Paulista, tamb\u00e9m socorridos em estado grave pelas equipes de resgate, juntamente com o ocupante da moto, de 27 anos, morador em Dracena.<\/p>\n<p style=\"font-weight: 400\"><img decoding=\"async\" src=\"https:\/\/www.sigamais.com\/arquivo\/uploads\/07jpg1650285278625d5ade7e969.jpg\" \/><\/p>\n<p style=\"font-weight: 400\">As circunst\u00e2ncias e eventuais responsabilidades do acidente ser\u00e3o investigadas pela Pol\u00edcia Civil. Laudos dos peritos da Pol\u00edcia Cient\u00edfica, sobre o local dos fatos e as condi\u00e7\u00f5es finais dos ve\u00edculos devem auxiliar a apura\u00e7\u00e3o, como tamb\u00e9m os depoimentos das v\u00edtimas.<\/p>\n<p>&nbsp;<\/p>\n<p>Fonte: Siga Mais<\/p>\n","protected":false},"excerpt":{"rendered":"<p>O corpo de Sueli Vindilino dos Santos, de 52 anos, v\u00edtima fatal do\u00a0acidente ocorrido no final da tarde deste domingo (17)\u00a0na Rodovia Comandante Jo\u00e3o Ribeiro de Barros (SP-294), em Adamantina, ser\u00e1 sepultado \u00e0s 10h30 desta segunda-feira (18) em Osvaldo Cruz. O vel\u00f3rio foi iniciado \u00e0s 7h no Memorial Tamoios, na mesma cidade. O acidente, registrado [&hellip;]<\/p>\n","protected":false},"author":13,"featured_media":52284,"comment_status":"closed","ping_status":"open","sticky":false,"template":"","format":"standard","meta":{"_acf_changed":false,"_exactmetrics_skip_tracking":false,"_exactmetrics_sitenote_active":false,"_exactmetrics_sitenote_note":"","_exactmetrics_sitenote_category":0,"footnotes":""},"categories":[21],"tags":[],"class_list":["post-52283","post","type-post","status-publish","format-standard","has-post-thumbnail","hentry","category-adamantina"],"acf":[],"yoast_head":"<!-- This site is optimized with the Yoast SEO plugin v27.2 - https:\/\/yoast.com\/product\/yoast-seo-wordpress\/ -->\n<title>V\u00edtima fatal do acidente na SP-294, em Adamantina, ser\u00e1 sepultada em Osvaldo Cruz - R\u00e1dio Life FM<\/title>\n<meta name=\"robots\" content=\"index, follow, max-snippet:-1, max-image-preview:large, max-video-preview:-1\" \/>\n<link rel=\"canonical\" href=\"https:\/\/radiolifefm.com.br\/noticias\/vitima-fatal-do-acidente-na-sp-294-em-adamantina-sera-sepultada-em-osvaldo-cruz\/\" \/>\n<meta property=\"og:locale\" content=\"pt_BR\" \/>\n<meta property=\"og:type\" content=\"article\" \/>\n<meta property=\"og:title\" content=\"V\u00edtima fatal do acidente na SP-294, em Adamantina, ser\u00e1 sepultada em Osvaldo Cruz - R\u00e1dio Life FM\" \/>\n<meta property=\"og:description\" content=\"O corpo de Sueli Vindilino dos Santos, de 52 anos, v\u00edtima fatal do\u00a0acidente ocorrido no final da tarde deste domingo (17)\u00a0na Rodovia Comandante Jo\u00e3o Ribeiro de Barros (SP-294), em Adamantina, ser\u00e1 sepultado \u00e0s 10h30 desta segunda-feira (18) em Osvaldo Cruz. O vel\u00f3rio foi iniciado \u00e0s 7h no Memorial Tamoios, na mesma cidade. O acidente, registrado [&hellip;]\" \/>\n<meta property=\"og:url\" content=\"https:\/\/radiolifefm.com.br\/noticias\/vitima-fatal-do-acidente-na-sp-294-em-adamantina-sera-sepultada-em-osvaldo-cruz\/\" \/>\n<meta property=\"og:site_name\" content=\"R\u00e1dio Life FM\" \/>\n<meta property=\"article:publisher\" content=\"https:\/\/www.facebook.com\/radiolifefm\/\" \/>\n<meta property=\"article:published_time\" content=\"2022-04-18T13:39:09+00:00\" \/>\n<meta property=\"article:modified_time\" content=\"2026-04-19T13:08:14+00:00\" \/>\n<meta property=\"og:image\" content=\"https:\/\/radiolifefm.com.br\/noticias\/wp-content\/uploads\/2022\/04\/sem-tatulo2jpg1650285507625d5bc31648d.jpg\" \/>\n\t<meta property=\"og:image:width\" content=\"600\" \/>\n\t<meta property=\"og:image:height\" content=\"337\" \/>\n\t<meta property=\"og:image:type\" content=\"image\/jpeg\" \/>\n<meta name=\"author\" content=\"ritanery\" \/>\n<meta name=\"twitter:card\" content=\"summary_large_image\" \/>\n<meta name=\"twitter:label1\" content=\"Escrito por\" \/>\n\t<meta name=\"twitter:data1\" content=\"ritanery\" \/>\n\t<meta name=\"twitter:label2\" content=\"Est. tempo de leitura\" \/>\n\t<meta name=\"twitter:data2\" content=\"3 minutos\" \/>\n<script type=\"application\/ld+json\" class=\"yoast-schema-graph\">{\"@context\":\"https:\/\/schema.org\",\"@graph\":[{\"@type\":\"Article\",\"@id\":\"https:\/\/radiolifefm.com.br\/noticias\/vitima-fatal-do-acidente-na-sp-294-em-adamantina-sera-sepultada-em-osvaldo-cruz\/#article\",\"isPartOf\":{\"@id\":\"https:\/\/radiolifefm.com.br\/noticias\/vitima-fatal-do-acidente-na-sp-294-em-adamantina-sera-sepultada-em-osvaldo-cruz\/\"},\"author\":{\"name\":\"ritanery\",\"@id\":\"https:\/\/radiolifefm.com.br\/noticias\/#\/schema\/person\/6339b9fac59d12b071dec680d7375d87\"},\"headline\":\"V\u00edtima fatal do acidente na SP-294, em Adamantina, ser\u00e1 sepultada em Osvaldo Cruz\",\"datePublished\":\"2022-04-18T13:39:09+00:00\",\"dateModified\":\"2026-04-19T13:08:14+00:00\",\"mainEntityOfPage\":{\"@id\":\"https:\/\/radiolifefm.com.br\/noticias\/vitima-fatal-do-acidente-na-sp-294-em-adamantina-sera-sepultada-em-osvaldo-cruz\/\"},\"wordCount\":334,\"publisher\":{\"@id\":\"https:\/\/radiolifefm.com.br\/noticias\/#organization\"},\"image\":{\"@id\":\"https:\/\/radiolifefm.com.br\/noticias\/vitima-fatal-do-acidente-na-sp-294-em-adamantina-sera-sepultada-em-osvaldo-cruz\/#primaryimage\"},\"thumbnailUrl\":\"https:\/\/radiolifefm.com.br\/noticias\/wp-content\/uploads\/2022\/04\/sem-tatulo2jpg1650285507625d5bc31648d.jpg\",\"articleSection\":[\"Adamantina\"],\"inLanguage\":\"pt-BR\"},{\"@type\":\"WebPage\",\"@id\":\"https:\/\/radiolifefm.com.br\/noticias\/vitima-fatal-do-acidente-na-sp-294-em-adamantina-sera-sepultada-em-osvaldo-cruz\/\",\"url\":\"https:\/\/radiolifefm.com.br\/noticias\/vitima-fatal-do-acidente-na-sp-294-em-adamantina-sera-sepultada-em-osvaldo-cruz\/\",\"name\":\"V\u00edtima fatal do acidente na SP-294, em Adamantina, ser\u00e1 sepultada em Osvaldo Cruz - R\u00e1dio Life FM\",\"isPartOf\":{\"@id\":\"https:\/\/radiolifefm.com.br\/noticias\/#website\"},\"primaryImageOfPage\":{\"@id\":\"https:\/\/radiolifefm.com.br\/noticias\/vitima-fatal-do-acidente-na-sp-294-em-adamantina-sera-sepultada-em-osvaldo-cruz\/#primaryimage\"},\"image\":{\"@id\":\"https:\/\/radiolifefm.com.br\/noticias\/vitima-fatal-do-acidente-na-sp-294-em-adamantina-sera-sepultada-em-osvaldo-cruz\/#primaryimage\"},\"thumbnailUrl\":\"https:\/\/radiolifefm.com.br\/noticias\/wp-content\/uploads\/2022\/04\/sem-tatulo2jpg1650285507625d5bc31648d.jpg\",\"datePublished\":\"2022-04-18T13:39:09+00:00\",\"dateModified\":\"2026-04-19T13:08:14+00:00\",\"breadcrumb\":{\"@id\":\"https:\/\/radiolifefm.com.br\/noticias\/vitima-fatal-do-acidente-na-sp-294-em-adamantina-sera-sepultada-em-osvaldo-cruz\/#breadcrumb\"},\"inLanguage\":\"pt-BR\",\"potentialAction\":[{\"@type\":\"ReadAction\",\"target\":[\"https:\/\/radiolifefm.com.br\/noticias\/vitima-fatal-do-acidente-na-sp-294-em-adamantina-sera-sepultada-em-osvaldo-cruz\/\"]}]},{\"@type\":\"ImageObject\",\"inLanguage\":\"pt-BR\",\"@id\":\"https:\/\/radiolifefm.com.br\/noticias\/vitima-fatal-do-acidente-na-sp-294-em-adamantina-sera-sepultada-em-osvaldo-cruz\/#primaryimage\",\"url\":\"https:\/\/radiolifefm.com.br\/noticias\/wp-content\/uploads\/2022\/04\/sem-tatulo2jpg1650285507625d5bc31648d.jpg\",\"contentUrl\":\"https:\/\/radiolifefm.com.br\/noticias\/wp-content\/uploads\/2022\/04\/sem-tatulo2jpg1650285507625d5bc31648d.jpg\",\"width\":600,\"height\":337,\"caption\":\"Mulher de 52 anos morreu no local do acidente, na tarde deste domingo de P\u00e1scoa, em Adamantina.\"},{\"@type\":\"BreadcrumbList\",\"@id\":\"https:\/\/radiolifefm.com.br\/noticias\/vitima-fatal-do-acidente-na-sp-294-em-adamantina-sera-sepultada-em-osvaldo-cruz\/#breadcrumb\",\"itemListElement\":[{\"@type\":\"ListItem\",\"position\":1,\"name\":\"In\u00edcio\",\"item\":\"https:\/\/radiolifefm.com.br\/noticias\/\"},{\"@type\":\"ListItem\",\"position\":2,\"name\":\"V\u00edtima fatal do acidente na SP-294, em Adamantina, ser\u00e1 sepultada em Osvaldo Cruz\"}]},{\"@type\":\"WebSite\",\"@id\":\"https:\/\/radiolifefm.com.br\/noticias\/#website\",\"url\":\"https:\/\/radiolifefm.com.br\/noticias\/\",\"name\":\"R\u00e1dio Life FM\",\"description\":\"O Portal de Not\u00edcias de Adamantina\",\"publisher\":{\"@id\":\"https:\/\/radiolifefm.com.br\/noticias\/#organization\"},\"alternateName\":\"Life FM\",\"potentialAction\":[{\"@type\":\"SearchAction\",\"target\":{\"@type\":\"EntryPoint\",\"urlTemplate\":\"https:\/\/radiolifefm.com.br\/noticias\/?s={search_term_string}\"},\"query-input\":{\"@type\":\"PropertyValueSpecification\",\"valueRequired\":true,\"valueName\":\"search_term_string\"}}],\"inLanguage\":\"pt-BR\"},{\"@type\":\"Organization\",\"@id\":\"https:\/\/radiolifefm.com.br\/noticias\/#organization\",\"name\":\"R\u00e1dio Life FM\",\"alternateName\":\"Life FM\",\"url\":\"https:\/\/radiolifefm.com.br\/noticias\/\",\"logo\":{\"@type\":\"ImageObject\",\"inLanguage\":\"pt-BR\",\"@id\":\"https:\/\/radiolifefm.com.br\/noticias\/#\/schema\/logo\/image\/\",\"url\":\"https:\/\/static.radiolifefm.com.br\/noticias\/wp-content\/uploads\/2019\/10\/logo-lifefm.png\",\"contentUrl\":\"https:\/\/static.radiolifefm.com.br\/noticias\/wp-content\/uploads\/2019\/10\/logo-lifefm.png\",\"width\":196,\"height\":47,\"caption\":\"R\u00e1dio Life FM\"},\"image\":{\"@id\":\"https:\/\/radiolifefm.com.br\/noticias\/#\/schema\/logo\/image\/\"},\"sameAs\":[\"https:\/\/www.facebook.com\/radiolifefm\/\",\"https:\/\/www.instagram.com\/life1079fm\/\"]},{\"@type\":\"Person\",\"@id\":\"https:\/\/radiolifefm.com.br\/noticias\/#\/schema\/person\/6339b9fac59d12b071dec680d7375d87\",\"name\":\"ritanery\",\"image\":{\"@type\":\"ImageObject\",\"inLanguage\":\"pt-BR\",\"@id\":\"https:\/\/secure.gravatar.com\/avatar\/0e37bb19071f47c0b8a23f62a903df117c5a0e75f65a0c2901562f97cd41cf86?s=96&d=mm&r=g\",\"url\":\"https:\/\/secure.gravatar.com\/avatar\/0e37bb19071f47c0b8a23f62a903df117c5a0e75f65a0c2901562f97cd41cf86?s=96&d=mm&r=g\",\"contentUrl\":\"https:\/\/secure.gravatar.com\/avatar\/0e37bb19071f47c0b8a23f62a903df117c5a0e75f65a0c2901562f97cd41cf86?s=96&d=mm&r=g\",\"caption\":\"ritanery\"}}]}<\/script>\n<!-- \/ Yoast SEO plugin. -->","yoast_head_json":{"title":"V\u00edtima fatal do acidente na SP-294, em Adamantina, ser\u00e1 sepultada em Osvaldo Cruz - R\u00e1dio Life FM","robots":{"index":"index","follow":"follow","max-snippet":"max-snippet:-1","max-image-preview":"max-image-preview:large","max-video-preview":"max-video-preview:-1"},"canonical":"https:\/\/radiolifefm.com.br\/noticias\/vitima-fatal-do-acidente-na-sp-294-em-adamantina-sera-sepultada-em-osvaldo-cruz\/","og_locale":"pt_BR","og_type":"article","og_title":"V\u00edtima fatal do acidente na SP-294, em Adamantina, ser\u00e1 sepultada em Osvaldo Cruz - R\u00e1dio Life FM","og_description":"O corpo de Sueli Vindilino dos Santos, de 52 anos, v\u00edtima fatal do\u00a0acidente ocorrido no final da tarde deste domingo (17)\u00a0na Rodovia Comandante Jo\u00e3o Ribeiro de Barros (SP-294), em Adamantina, ser\u00e1 sepultado \u00e0s 10h30 desta segunda-feira (18) em Osvaldo Cruz. O vel\u00f3rio foi iniciado \u00e0s 7h no Memorial Tamoios, na mesma cidade. O acidente, registrado [&hellip;]","og_url":"https:\/\/radiolifefm.com.br\/noticias\/vitima-fatal-do-acidente-na-sp-294-em-adamantina-sera-sepultada-em-osvaldo-cruz\/","og_site_name":"R\u00e1dio Life FM","article_publisher":"https:\/\/www.facebook.com\/radiolifefm\/","article_published_time":"2022-04-18T13:39:09+00:00","article_modified_time":"2026-04-19T13:08:14+00:00","og_image":[{"width":600,"height":337,"url":"https:\/\/radiolifefm.com.br\/noticias\/wp-content\/uploads\/2022\/04\/sem-tatulo2jpg1650285507625d5bc31648d.jpg","type":"image\/jpeg"}],"author":"ritanery","twitter_card":"summary_large_image","twitter_misc":{"Escrito por":"ritanery","Est. tempo de leitura":"3 minutos"},"schema":{"@context":"https:\/\/schema.org","@graph":[{"@type":"Article","@id":"https:\/\/radiolifefm.com.br\/noticias\/vitima-fatal-do-acidente-na-sp-294-em-adamantina-sera-sepultada-em-osvaldo-cruz\/#article","isPartOf":{"@id":"https:\/\/radiolifefm.com.br\/noticias\/vitima-fatal-do-acidente-na-sp-294-em-adamantina-sera-sepultada-em-osvaldo-cruz\/"},"author":{"name":"ritanery","@id":"https:\/\/radiolifefm.com.br\/noticias\/#\/schema\/person\/6339b9fac59d12b071dec680d7375d87"},"headline":"V\u00edtima fatal do acidente na SP-294, em Adamantina, ser\u00e1 sepultada em Osvaldo Cruz","datePublished":"2022-04-18T13:39:09+00:00","dateModified":"2026-04-19T13:08:14+00:00","mainEntityOfPage":{"@id":"https:\/\/radiolifefm.com.br\/noticias\/vitima-fatal-do-acidente-na-sp-294-em-adamantina-sera-sepultada-em-osvaldo-cruz\/"},"wordCount":334,"publisher":{"@id":"https:\/\/radiolifefm.com.br\/noticias\/#organization"},"image":{"@id":"https:\/\/radiolifefm.com.br\/noticias\/vitima-fatal-do-acidente-na-sp-294-em-adamantina-sera-sepultada-em-osvaldo-cruz\/#primaryimage"},"thumbnailUrl":"https:\/\/radiolifefm.com.br\/noticias\/wp-content\/uploads\/2022\/04\/sem-tatulo2jpg1650285507625d5bc31648d.jpg","articleSection":["Adamantina"],"inLanguage":"pt-BR"},{"@type":"WebPage","@id":"https:\/\/radiolifefm.com.br\/noticias\/vitima-fatal-do-acidente-na-sp-294-em-adamantina-sera-sepultada-em-osvaldo-cruz\/","url":"https:\/\/radiolifefm.com.br\/noticias\/vitima-fatal-do-acidente-na-sp-294-em-adamantina-sera-sepultada-em-osvaldo-cruz\/","name":"V\u00edtima fatal do acidente na SP-294, em Adamantina, ser\u00e1 sepultada em Osvaldo Cruz - R\u00e1dio Life FM","isPartOf":{"@id":"https:\/\/radiolifefm.com.br\/noticias\/#website"},"primaryImageOfPage":{"@id":"https:\/\/radiolifefm.com.br\/noticias\/vitima-fatal-do-acidente-na-sp-294-em-adamantina-sera-sepultada-em-osvaldo-cruz\/#primaryimage"},"image":{"@id":"https:\/\/radiolifefm.com.br\/noticias\/vitima-fatal-do-acidente-na-sp-294-em-adamantina-sera-sepultada-em-osvaldo-cruz\/#primaryimage"},"thumbnailUrl":"https:\/\/radiolifefm.com.br\/noticias\/wp-content\/uploads\/2022\/04\/sem-tatulo2jpg1650285507625d5bc31648d.jpg","datePublished":"2022-04-18T13:39:09+00:00","dateModified":"2026-04-19T13:08:14+00:00","breadcrumb":{"@id":"https:\/\/radiolifefm.com.br\/noticias\/vitima-fatal-do-acidente-na-sp-294-em-adamantina-sera-sepultada-em-osvaldo-cruz\/#breadcrumb"},"inLanguage":"pt-BR","potentialAction":[{"@type":"ReadAction","target":["https:\/\/radiolifefm.com.br\/noticias\/vitima-fatal-do-acidente-na-sp-294-em-adamantina-sera-sepultada-em-osvaldo-cruz\/"]}]},{"@type":"ImageObject","inLanguage":"pt-BR","@id":"https:\/\/radiolifefm.com.br\/noticias\/vitima-fatal-do-acidente-na-sp-294-em-adamantina-sera-sepultada-em-osvaldo-cruz\/#primaryimage","url":"https:\/\/radiolifefm.com.br\/noticias\/wp-content\/uploads\/2022\/04\/sem-tatulo2jpg1650285507625d5bc31648d.jpg","contentUrl":"https:\/\/radiolifefm.com.br\/noticias\/wp-content\/uploads\/2022\/04\/sem-tatulo2jpg1650285507625d5bc31648d.jpg","width":600,"height":337,"caption":"Mulher de 52 anos morreu no local do acidente, na tarde deste domingo de P\u00e1scoa, em Adamantina."},{"@type":"BreadcrumbList","@id":"https:\/\/radiolifefm.com.br\/noticias\/vitima-fatal-do-acidente-na-sp-294-em-adamantina-sera-sepultada-em-osvaldo-cruz\/#breadcrumb","itemListElement":[{"@type":"ListItem","position":1,"name":"In\u00edcio","item":"https:\/\/radiolifefm.com.br\/noticias\/"},{"@type":"ListItem","position":2,"name":"V\u00edtima fatal do acidente na SP-294, em Adamantina, ser\u00e1 sepultada em Osvaldo Cruz"}]},{"@type":"WebSite","@id":"https:\/\/radiolifefm.com.br\/noticias\/#website","url":"https:\/\/radiolifefm.com.br\/noticias\/","name":"R\u00e1dio Life FM","description":"O Portal de Not\u00edcias de Adamantina","publisher":{"@id":"https:\/\/radiolifefm.com.br\/noticias\/#organization"},"alternateName":"Life FM","potentialAction":[{"@type":"SearchAction","target":{"@type":"EntryPoint","urlTemplate":"https:\/\/radiolifefm.com.br\/noticias\/?s={search_term_string}"},"query-input":{"@type":"PropertyValueSpecification","valueRequired":true,"valueName":"search_term_string"}}],"inLanguage":"pt-BR"},{"@type":"Organization","@id":"https:\/\/radiolifefm.com.br\/noticias\/#organization","name":"R\u00e1dio Life FM","alternateName":"Life FM","url":"https:\/\/radiolifefm.com.br\/noticias\/","logo":{"@type":"ImageObject","inLanguage":"pt-BR","@id":"https:\/\/radiolifefm.com.br\/noticias\/#\/schema\/logo\/image\/","url":"https:\/\/static.radiolifefm.com.br\/noticias\/wp-content\/uploads\/2019\/10\/logo-lifefm.png","contentUrl":"https:\/\/static.radiolifefm.com.br\/noticias\/wp-content\/uploads\/2019\/10\/logo-lifefm.png","width":196,"height":47,"caption":"R\u00e1dio Life FM"},"image":{"@id":"https:\/\/radiolifefm.com.br\/noticias\/#\/schema\/logo\/image\/"},"sameAs":["https:\/\/www.facebook.com\/radiolifefm\/","https:\/\/www.instagram.com\/life1079fm\/"]},{"@type":"Person","@id":"https:\/\/radiolifefm.com.br\/noticias\/#\/schema\/person\/6339b9fac59d12b071dec680d7375d87","name":"ritanery","image":{"@type":"ImageObject","inLanguage":"pt-BR","@id":"https:\/\/secure.gravatar.com\/avatar\/0e37bb19071f47c0b8a23f62a903df117c5a0e75f65a0c2901562f97cd41cf86?s=96&d=mm&r=g","url":"https:\/\/secure.gravatar.com\/avatar\/0e37bb19071f47c0b8a23f62a903df117c5a0e75f65a0c2901562f97cd41cf86?s=96&d=mm&r=g","contentUrl":"https:\/\/secure.gravatar.com\/avatar\/0e37bb19071f47c0b8a23f62a903df117c5a0e75f65a0c2901562f97cd41cf86?s=96&d=mm&r=g","caption":"ritanery"}}]}},"amp_enabled":true,"_links":{"self":[{"href":"https:\/\/radiolifefm.com.br\/noticias\/wp-json\/wp\/v2\/posts\/52283","targetHints":{"allow":["GET"]}}],"collection":[{"href":"https:\/\/radiolifefm.com.br\/noticias\/wp-json\/wp\/v2\/posts"}],"about":[{"href":"https:\/\/radiolifefm.com.br\/noticias\/wp-json\/wp\/v2\/types\/post"}],"author":[{"embeddable":true,"href":"https:\/\/radiolifefm.com.br\/noticias\/wp-json\/wp\/v2\/users\/13"}],"replies":[{"embeddable":true,"href":"https:\/\/radiolifefm.com.br\/noticias\/wp-json\/wp\/v2\/comments?post=52283"}],"version-history":[{"count":4,"href":"https:\/\/radiolifefm.com.br\/noticias\/wp-json\/wp\/v2\/posts\/52283\/revisions"}],"predecessor-version":[{"id":52288,"href":"https:\/\/radiolifefm.com.br\/noticias\/wp-json\/wp\/v2\/posts\/52283\/revisions\/52288"}],"wp:featuredmedia":[{"embeddable":true,"href":"https:\/\/radiolifefm.com.br\/noticias\/wp-json\/wp\/v2\/media\/52284"}],"wp:attachment":[{"href":"https:\/\/radiolifefm.com.br\/noticias\/wp-json\/wp\/v2\/media?parent=52283"}],"wp:term":[{"taxonomy":"category","embeddable":true,"href":"https:\/\/radiolifefm.com.br\/noticias\/wp-json\/wp\/v2\/categories?post=52283"},{"taxonomy":"post_tag","embeddable":true,"href":"https:\/\/radiolifefm.com.br\/noticias\/wp-json\/wp\/v2\/tags?post=52283"}],"curies":[{"name":"wp","href":"https:\/\/api.w.org\/{rel}","templated":true}]}}