{"id":52268,"date":"2022-04-18T08:06:00","date_gmt":"2022-04-18T11:06:00","guid":{"rendered":"https:\/\/radiolifefm.com.br\/noticias\/?p=52268"},"modified":"2026-01-08T19:53:13","modified_gmt":"2026-01-08T22:53:13","slug":"filosofia-religiao-e-provincia","status":"publish","type":"post","link":"https:\/\/radiolifefm.com.br\/noticias\/filosofia-religiao-e-provincia\/","title":{"rendered":"Filosofia, Religi\u00e3o e Prov\u00edncia&#8230;"},"content":{"rendered":"<div id=\"fb-root\"><\/div>\n<p><strong>\u201c O FIL\u00d3SOFO \u00c9 AQUELE QUE LEVANTA E FALA \u201d (Merleau Ponty)<\/strong><\/p>\n<p><strong>\u00a0<\/strong><\/p>\n<p><strong>\u201cPorque Deus amou o mundo de tal maneira que deu o seu Filho unig\u00eanito, para que todo aquele que n&#8217;Ele cr\u00ea n\u00e3o pere\u00e7a, mas tenha a vida eterna.\u201d (<a href=\"https:\/\/www.pensador.com\/autor\/jesus_cristo\/\">Jesus Cristo<\/a>)<\/strong><\/p>\n<p><strong>\u00a0<\/strong><\/p>\n<p>&nbsp;<\/p>\n<p><strong>\u00a0<\/strong><\/p>\n<p><strong>\u00a0\u00a0\u00a0\u00a0\u00a0\u00a0\u00a0\u00a0\u00a0\u00a0\u00a0 S\u00e9rgio Barbosa (*)<\/strong><\/p>\n<p><strong>\u00a0<\/strong><\/p>\n<p><strong>\u00a0<\/strong><\/p>\n<p><strong>\u00a0\u00a0\u00a0\u00a0\u00a0\u00a0\u00a0\u00a0\u00a0\u00a0\u00a0 <\/strong>Em tempo de PROV\u00cdNCIA DO FAZ DE CONTA, torna-se necess\u00e1rio estar em sintonia com todas as \u00e1reas do CONHECIMENTO para uma aproxima\u00e7\u00e3o com o cotidiano provinciano.<\/p>\n<p>Desta forma, talvez a primeira op\u00e7\u00e3o possa ser um DESENCONTRO por meio do ENCONTRO com a \u201cm\u00e3e e o pai\u201d de todas as ci\u00eancias existentes at\u00e9 o momento, ou seja, a FILOSOFIA!<\/p>\n<p>Tal escolha est\u00e1 pautada em PESQUISAS sobre tudo e todos\/as, bem como, para um olhar al\u00e9m do SENSO COMUM que continua conduzindo as MENTES MED\u00cdOCRES nesta PROV\u00cdNCIA DO FAZ DE CONTA&#8230;<\/p>\n<p>Mas, voltando a FILOSOFIA que tem suas origens na hist\u00f3ria MILENAR na perspectiva do PENSAMENTO FILOS\u00d3FICO, tendo em vista que tal proposta preserva e destaca a import\u00e2ncia do contexto no qual estamos envolvidos de um jeito ou de outro&#8230;<\/p>\n<p>Entretanto, neste contexto plural mediado pela contextualiza\u00e7\u00e3o filos\u00f3fica, pode-se considerar a presen\u00e7a da RELIGI\u00c3O, neste caso, pelo olhar que est\u00e1 sempre pautado pelo SINGULAR que est\u00e1 patrocinado pela TRINDADE&#8230;<\/p>\n<p>Na SEXTA-FEIRA, 15, denominada de SANTA (sic), todos\/as os\/as CRIST\u00c3OS desta PROV\u00cdNCIA DO FAZ DE CONTA, estiveram comprometidos com a IDEOLOGIA denominada de CRISTIANISMO e ponto quase final&#8230;<\/p>\n<p>Portanto, se este ou aquele crist\u00e3o fez a sua ESCOLHA, ou seja, sou do lado do AT-ANTIGO TESTAMENTO, escolheu a proposta, a saber: DENTE POR DENTE, OLHO POR OLHO&#8230;<\/p>\n<p>Todavia, tamb\u00e9m, se escolheu o outro lado, ou seja, do NT-NOVO TESTAMENTO, neste caso, SE ALGU\u00c9M BATER NA SUA FACE, VOC\u00ca DEVE OFERECER A OUTRA&#8230;<\/p>\n<p>Por\u00e9m, tendo como PANO DE FUNDO os \u00faltimos fatos que correram em terras PROVINCIANAS, tudo indica que a escolha destes tais CRIST\u00c3OS, est\u00e3o sempre com a proposta do ANTIGO TESTAMENTO&#8230;<\/p>\n<p>Neste CEN\u00c1RIO de REDEN\u00c7\u00c3O patrocinada e mediada pela P\u00c1SCOA CRIST\u00c3, tal escolha est\u00e1 em DESACORDO com a MENSAGEM do profeta maior do cristianismo, JESUS CRISTO&#8230;<\/p>\n<p>Por ser uma DATA focada no CRISTIANISMO, neste caso em meio aos ocasos de um talvez, est\u00e3o todos neste mesmo BARCO, ou seja, CAT\u00d3LICOS\/AS, EVANG\u00c9LICOS\/AS, PENTECOSTAIS E N\u00c9O-PENTECOSTAIS&#8230;<\/p>\n<p>Ainda, a maioria das denominadas SEITAS que usam e abusam da MENSAGEM CRIST\u00c3 que est\u00e1 PAUTADA na proposta: DEUS, B\u00cdBLIA e JESUS CRISTO&#8230;<\/p>\n<p>Ah! De volta para a FILOSOFIA, neste caso, deve-se considerar que TODO CUIDADO \u00c9 POUCO, haja vista a REFLEX\u00c3O CR\u00cdTICA que est\u00e1 acima dos MILAGRES disto ou daquilo&#8230;<\/p>\n<p>Ent\u00e3o, a PROV\u00cdNCIA DO FAZ DE CONTA deve aproveitar esta SEXTA-FEIRA SANTA para estar em CONEX\u00c3O com a REFLEX\u00c3O sobre tudo e todos\/as para que a RESSURRE\u00c7\u00c3O possa estar com VOC\u00ca!<\/p>\n<p>QUEM SOBREVIVER VAI SABER&#8230;<\/p>\n<p><strong><em>______________________________<\/em><\/strong><\/p>\n<p><strong><em>(*) jornalista diplomado, mestre em ci\u00eancias da religi\u00e3o\/sociologia da religi\u00e3o e professor universit\u00e1rio.<\/em><\/strong><\/p>\n<p><strong><em>e-mail: <a href=\"mailto:barbosa.sebar@gmail.com\">barbosa.sebar@gmail.com<\/a><\/em><\/strong><\/p>\n","protected":false},"excerpt":{"rendered":"<p>\u201c O FIL\u00d3SOFO \u00c9 AQUELE QUE LEVANTA E FALA \u201d (Merleau Ponty) \u00a0 \u201cPorque Deus amou o mundo de tal maneira que deu o seu Filho unig\u00eanito, para que todo aquele que n&#8217;Ele cr\u00ea n\u00e3o pere\u00e7a, mas tenha a vida eterna.\u201d (Jesus Cristo) \u00a0 &nbsp; \u00a0 \u00a0\u00a0\u00a0\u00a0\u00a0\u00a0\u00a0\u00a0\u00a0\u00a0\u00a0 S\u00e9rgio Barbosa (*) \u00a0 \u00a0 \u00a0\u00a0\u00a0\u00a0\u00a0\u00a0\u00a0\u00a0\u00a0\u00a0\u00a0 Em tempo [&hellip;]<\/p>\n","protected":false},"author":13,"featured_media":51988,"comment_status":"closed","ping_status":"open","sticky":false,"template":"","format":"standard","meta":{"_acf_changed":false,"_exactmetrics_skip_tracking":false,"_exactmetrics_sitenote_active":false,"_exactmetrics_sitenote_note":"","_exactmetrics_sitenote_category":0,"footnotes":""},"categories":[59],"tags":[],"class_list":["post-52268","post","type-post","status-publish","format-standard","has-post-thumbnail","hentry","category-opiniao"],"acf":[],"yoast_head":"<!-- This site is optimized with the Yoast SEO plugin v27.2 - https:\/\/yoast.com\/product\/yoast-seo-wordpress\/ -->\n<title>Filosofia, Religi\u00e3o e Prov\u00edncia... - R\u00e1dio Life FM<\/title>\n<meta name=\"robots\" content=\"index, follow, max-snippet:-1, max-image-preview:large, max-video-preview:-1\" \/>\n<link rel=\"canonical\" href=\"https:\/\/radiolifefm.com.br\/noticias\/filosofia-religiao-e-provincia\/\" \/>\n<meta property=\"og:locale\" content=\"pt_BR\" \/>\n<meta property=\"og:type\" content=\"article\" \/>\n<meta property=\"og:title\" content=\"Filosofia, Religi\u00e3o e Prov\u00edncia... - R\u00e1dio Life FM\" \/>\n<meta property=\"og:description\" content=\"\u201c O FIL\u00d3SOFO \u00c9 AQUELE QUE LEVANTA E FALA \u201d (Merleau Ponty) \u00a0 \u201cPorque Deus amou o mundo de tal maneira que deu o seu Filho unig\u00eanito, para que todo aquele que n&#8217;Ele cr\u00ea n\u00e3o pere\u00e7a, mas tenha a vida eterna.\u201d (Jesus Cristo) \u00a0 &nbsp; \u00a0 \u00a0\u00a0\u00a0\u00a0\u00a0\u00a0\u00a0\u00a0\u00a0\u00a0\u00a0 S\u00e9rgio Barbosa (*) \u00a0 \u00a0 \u00a0\u00a0\u00a0\u00a0\u00a0\u00a0\u00a0\u00a0\u00a0\u00a0\u00a0 Em tempo [&hellip;]\" \/>\n<meta property=\"og:url\" content=\"https:\/\/radiolifefm.com.br\/noticias\/filosofia-religiao-e-provincia\/\" \/>\n<meta property=\"og:site_name\" content=\"R\u00e1dio Life FM\" \/>\n<meta property=\"article:publisher\" content=\"https:\/\/www.facebook.com\/radiolifefm\/\" \/>\n<meta property=\"article:published_time\" content=\"2022-04-18T11:06:00+00:00\" \/>\n<meta property=\"article:modified_time\" content=\"2026-01-08T22:53:13+00:00\" \/>\n<meta property=\"og:image\" content=\"https:\/\/radiolifefm.com.br\/noticias\/wp-content\/uploads\/2022\/04\/WhatsApp-Image-2022-04-10-at-18.43.02.jpeg\" \/>\n\t<meta property=\"og:image:width\" content=\"972\" \/>\n\t<meta property=\"og:image:height\" content=\"1296\" \/>\n\t<meta property=\"og:image:type\" content=\"image\/jpeg\" \/>\n<meta name=\"author\" content=\"ritanery\" \/>\n<meta name=\"twitter:card\" content=\"summary_large_image\" \/>\n<meta name=\"twitter:label1\" content=\"Escrito por\" \/>\n\t<meta name=\"twitter:data1\" content=\"ritanery\" \/>\n\t<meta name=\"twitter:label2\" content=\"Est. tempo de leitura\" \/>\n\t<meta name=\"twitter:data2\" content=\"3 minutos\" \/>\n<script type=\"application\/ld+json\" class=\"yoast-schema-graph\">{\"@context\":\"https:\/\/schema.org\",\"@graph\":[{\"@type\":\"Article\",\"@id\":\"https:\/\/radiolifefm.com.br\/noticias\/filosofia-religiao-e-provincia\/#article\",\"isPartOf\":{\"@id\":\"https:\/\/radiolifefm.com.br\/noticias\/filosofia-religiao-e-provincia\/\"},\"author\":{\"name\":\"ritanery\",\"@id\":\"https:\/\/radiolifefm.com.br\/noticias\/#\/schema\/person\/6339b9fac59d12b071dec680d7375d87\"},\"headline\":\"Filosofia, Religi\u00e3o e Prov\u00edncia&#8230;\",\"datePublished\":\"2022-04-18T11:06:00+00:00\",\"dateModified\":\"2026-01-08T22:53:13+00:00\",\"mainEntityOfPage\":{\"@id\":\"https:\/\/radiolifefm.com.br\/noticias\/filosofia-religiao-e-provincia\/\"},\"wordCount\":527,\"publisher\":{\"@id\":\"https:\/\/radiolifefm.com.br\/noticias\/#organization\"},\"image\":{\"@id\":\"https:\/\/radiolifefm.com.br\/noticias\/filosofia-religiao-e-provincia\/#primaryimage\"},\"thumbnailUrl\":\"https:\/\/radiolifefm.com.br\/noticias\/wp-content\/uploads\/2022\/04\/WhatsApp-Image-2022-04-10-at-18.43.02.jpeg\",\"articleSection\":[\"Opini\u00e3o\"],\"inLanguage\":\"pt-BR\"},{\"@type\":\"WebPage\",\"@id\":\"https:\/\/radiolifefm.com.br\/noticias\/filosofia-religiao-e-provincia\/\",\"url\":\"https:\/\/radiolifefm.com.br\/noticias\/filosofia-religiao-e-provincia\/\",\"name\":\"Filosofia, Religi\u00e3o e Prov\u00edncia... - R\u00e1dio Life FM\",\"isPartOf\":{\"@id\":\"https:\/\/radiolifefm.com.br\/noticias\/#website\"},\"primaryImageOfPage\":{\"@id\":\"https:\/\/radiolifefm.com.br\/noticias\/filosofia-religiao-e-provincia\/#primaryimage\"},\"image\":{\"@id\":\"https:\/\/radiolifefm.com.br\/noticias\/filosofia-religiao-e-provincia\/#primaryimage\"},\"thumbnailUrl\":\"https:\/\/radiolifefm.com.br\/noticias\/wp-content\/uploads\/2022\/04\/WhatsApp-Image-2022-04-10-at-18.43.02.jpeg\",\"datePublished\":\"2022-04-18T11:06:00+00:00\",\"dateModified\":\"2026-01-08T22:53:13+00:00\",\"breadcrumb\":{\"@id\":\"https:\/\/radiolifefm.com.br\/noticias\/filosofia-religiao-e-provincia\/#breadcrumb\"},\"inLanguage\":\"pt-BR\",\"potentialAction\":[{\"@type\":\"ReadAction\",\"target\":[\"https:\/\/radiolifefm.com.br\/noticias\/filosofia-religiao-e-provincia\/\"]}]},{\"@type\":\"ImageObject\",\"inLanguage\":\"pt-BR\",\"@id\":\"https:\/\/radiolifefm.com.br\/noticias\/filosofia-religiao-e-provincia\/#primaryimage\",\"url\":\"https:\/\/radiolifefm.com.br\/noticias\/wp-content\/uploads\/2022\/04\/WhatsApp-Image-2022-04-10-at-18.43.02.jpeg\",\"contentUrl\":\"https:\/\/radiolifefm.com.br\/noticias\/wp-content\/uploads\/2022\/04\/WhatsApp-Image-2022-04-10-at-18.43.02.jpeg\",\"width\":972,\"height\":1296,\"caption\":\"S\u00e9rgio Barbosa\"},{\"@type\":\"BreadcrumbList\",\"@id\":\"https:\/\/radiolifefm.com.br\/noticias\/filosofia-religiao-e-provincia\/#breadcrumb\",\"itemListElement\":[{\"@type\":\"ListItem\",\"position\":1,\"name\":\"In\u00edcio\",\"item\":\"https:\/\/radiolifefm.com.br\/noticias\/\"},{\"@type\":\"ListItem\",\"position\":2,\"name\":\"Filosofia, Religi\u00e3o e Prov\u00edncia&#8230;\"}]},{\"@type\":\"WebSite\",\"@id\":\"https:\/\/radiolifefm.com.br\/noticias\/#website\",\"url\":\"https:\/\/radiolifefm.com.br\/noticias\/\",\"name\":\"R\u00e1dio Life FM\",\"description\":\"O Portal de Not\u00edcias de Adamantina\",\"publisher\":{\"@id\":\"https:\/\/radiolifefm.com.br\/noticias\/#organization\"},\"alternateName\":\"Life FM\",\"potentialAction\":[{\"@type\":\"SearchAction\",\"target\":{\"@type\":\"EntryPoint\",\"urlTemplate\":\"https:\/\/radiolifefm.com.br\/noticias\/?s={search_term_string}\"},\"query-input\":{\"@type\":\"PropertyValueSpecification\",\"valueRequired\":true,\"valueName\":\"search_term_string\"}}],\"inLanguage\":\"pt-BR\"},{\"@type\":\"Organization\",\"@id\":\"https:\/\/radiolifefm.com.br\/noticias\/#organization\",\"name\":\"R\u00e1dio Life FM\",\"alternateName\":\"Life FM\",\"url\":\"https:\/\/radiolifefm.com.br\/noticias\/\",\"logo\":{\"@type\":\"ImageObject\",\"inLanguage\":\"pt-BR\",\"@id\":\"https:\/\/radiolifefm.com.br\/noticias\/#\/schema\/logo\/image\/\",\"url\":\"https:\/\/static.radiolifefm.com.br\/noticias\/wp-content\/uploads\/2019\/10\/logo-lifefm.png\",\"contentUrl\":\"https:\/\/static.radiolifefm.com.br\/noticias\/wp-content\/uploads\/2019\/10\/logo-lifefm.png\",\"width\":196,\"height\":47,\"caption\":\"R\u00e1dio Life FM\"},\"image\":{\"@id\":\"https:\/\/radiolifefm.com.br\/noticias\/#\/schema\/logo\/image\/\"},\"sameAs\":[\"https:\/\/www.facebook.com\/radiolifefm\/\",\"https:\/\/www.instagram.com\/life1079fm\/\"]},{\"@type\":\"Person\",\"@id\":\"https:\/\/radiolifefm.com.br\/noticias\/#\/schema\/person\/6339b9fac59d12b071dec680d7375d87\",\"name\":\"ritanery\",\"image\":{\"@type\":\"ImageObject\",\"inLanguage\":\"pt-BR\",\"@id\":\"https:\/\/secure.gravatar.com\/avatar\/0e37bb19071f47c0b8a23f62a903df117c5a0e75f65a0c2901562f97cd41cf86?s=96&d=mm&r=g\",\"url\":\"https:\/\/secure.gravatar.com\/avatar\/0e37bb19071f47c0b8a23f62a903df117c5a0e75f65a0c2901562f97cd41cf86?s=96&d=mm&r=g\",\"contentUrl\":\"https:\/\/secure.gravatar.com\/avatar\/0e37bb19071f47c0b8a23f62a903df117c5a0e75f65a0c2901562f97cd41cf86?s=96&d=mm&r=g\",\"caption\":\"ritanery\"}}]}<\/script>\n<!-- \/ Yoast SEO plugin. -->","yoast_head_json":{"title":"Filosofia, Religi\u00e3o e Prov\u00edncia... - R\u00e1dio Life FM","robots":{"index":"index","follow":"follow","max-snippet":"max-snippet:-1","max-image-preview":"max-image-preview:large","max-video-preview":"max-video-preview:-1"},"canonical":"https:\/\/radiolifefm.com.br\/noticias\/filosofia-religiao-e-provincia\/","og_locale":"pt_BR","og_type":"article","og_title":"Filosofia, Religi\u00e3o e Prov\u00edncia... - R\u00e1dio Life FM","og_description":"\u201c O FIL\u00d3SOFO \u00c9 AQUELE QUE LEVANTA E FALA \u201d (Merleau Ponty) \u00a0 \u201cPorque Deus amou o mundo de tal maneira que deu o seu Filho unig\u00eanito, para que todo aquele que n&#8217;Ele cr\u00ea n\u00e3o pere\u00e7a, mas tenha a vida eterna.\u201d (Jesus Cristo) \u00a0 &nbsp; \u00a0 \u00a0\u00a0\u00a0\u00a0\u00a0\u00a0\u00a0\u00a0\u00a0\u00a0\u00a0 S\u00e9rgio Barbosa (*) \u00a0 \u00a0 \u00a0\u00a0\u00a0\u00a0\u00a0\u00a0\u00a0\u00a0\u00a0\u00a0\u00a0 Em tempo [&hellip;]","og_url":"https:\/\/radiolifefm.com.br\/noticias\/filosofia-religiao-e-provincia\/","og_site_name":"R\u00e1dio Life FM","article_publisher":"https:\/\/www.facebook.com\/radiolifefm\/","article_published_time":"2022-04-18T11:06:00+00:00","article_modified_time":"2026-01-08T22:53:13+00:00","og_image":[{"width":972,"height":1296,"url":"https:\/\/radiolifefm.com.br\/noticias\/wp-content\/uploads\/2022\/04\/WhatsApp-Image-2022-04-10-at-18.43.02.jpeg","type":"image\/jpeg"}],"author":"ritanery","twitter_card":"summary_large_image","twitter_misc":{"Escrito por":"ritanery","Est. tempo de leitura":"3 minutos"},"schema":{"@context":"https:\/\/schema.org","@graph":[{"@type":"Article","@id":"https:\/\/radiolifefm.com.br\/noticias\/filosofia-religiao-e-provincia\/#article","isPartOf":{"@id":"https:\/\/radiolifefm.com.br\/noticias\/filosofia-religiao-e-provincia\/"},"author":{"name":"ritanery","@id":"https:\/\/radiolifefm.com.br\/noticias\/#\/schema\/person\/6339b9fac59d12b071dec680d7375d87"},"headline":"Filosofia, Religi\u00e3o e Prov\u00edncia&#8230;","datePublished":"2022-04-18T11:06:00+00:00","dateModified":"2026-01-08T22:53:13+00:00","mainEntityOfPage":{"@id":"https:\/\/radiolifefm.com.br\/noticias\/filosofia-religiao-e-provincia\/"},"wordCount":527,"publisher":{"@id":"https:\/\/radiolifefm.com.br\/noticias\/#organization"},"image":{"@id":"https:\/\/radiolifefm.com.br\/noticias\/filosofia-religiao-e-provincia\/#primaryimage"},"thumbnailUrl":"https:\/\/radiolifefm.com.br\/noticias\/wp-content\/uploads\/2022\/04\/WhatsApp-Image-2022-04-10-at-18.43.02.jpeg","articleSection":["Opini\u00e3o"],"inLanguage":"pt-BR"},{"@type":"WebPage","@id":"https:\/\/radiolifefm.com.br\/noticias\/filosofia-religiao-e-provincia\/","url":"https:\/\/radiolifefm.com.br\/noticias\/filosofia-religiao-e-provincia\/","name":"Filosofia, Religi\u00e3o e Prov\u00edncia... - R\u00e1dio Life FM","isPartOf":{"@id":"https:\/\/radiolifefm.com.br\/noticias\/#website"},"primaryImageOfPage":{"@id":"https:\/\/radiolifefm.com.br\/noticias\/filosofia-religiao-e-provincia\/#primaryimage"},"image":{"@id":"https:\/\/radiolifefm.com.br\/noticias\/filosofia-religiao-e-provincia\/#primaryimage"},"thumbnailUrl":"https:\/\/radiolifefm.com.br\/noticias\/wp-content\/uploads\/2022\/04\/WhatsApp-Image-2022-04-10-at-18.43.02.jpeg","datePublished":"2022-04-18T11:06:00+00:00","dateModified":"2026-01-08T22:53:13+00:00","breadcrumb":{"@id":"https:\/\/radiolifefm.com.br\/noticias\/filosofia-religiao-e-provincia\/#breadcrumb"},"inLanguage":"pt-BR","potentialAction":[{"@type":"ReadAction","target":["https:\/\/radiolifefm.com.br\/noticias\/filosofia-religiao-e-provincia\/"]}]},{"@type":"ImageObject","inLanguage":"pt-BR","@id":"https:\/\/radiolifefm.com.br\/noticias\/filosofia-religiao-e-provincia\/#primaryimage","url":"https:\/\/radiolifefm.com.br\/noticias\/wp-content\/uploads\/2022\/04\/WhatsApp-Image-2022-04-10-at-18.43.02.jpeg","contentUrl":"https:\/\/radiolifefm.com.br\/noticias\/wp-content\/uploads\/2022\/04\/WhatsApp-Image-2022-04-10-at-18.43.02.jpeg","width":972,"height":1296,"caption":"S\u00e9rgio Barbosa"},{"@type":"BreadcrumbList","@id":"https:\/\/radiolifefm.com.br\/noticias\/filosofia-religiao-e-provincia\/#breadcrumb","itemListElement":[{"@type":"ListItem","position":1,"name":"In\u00edcio","item":"https:\/\/radiolifefm.com.br\/noticias\/"},{"@type":"ListItem","position":2,"name":"Filosofia, Religi\u00e3o e Prov\u00edncia&#8230;"}]},{"@type":"WebSite","@id":"https:\/\/radiolifefm.com.br\/noticias\/#website","url":"https:\/\/radiolifefm.com.br\/noticias\/","name":"R\u00e1dio Life FM","description":"O Portal de Not\u00edcias de Adamantina","publisher":{"@id":"https:\/\/radiolifefm.com.br\/noticias\/#organization"},"alternateName":"Life FM","potentialAction":[{"@type":"SearchAction","target":{"@type":"EntryPoint","urlTemplate":"https:\/\/radiolifefm.com.br\/noticias\/?s={search_term_string}"},"query-input":{"@type":"PropertyValueSpecification","valueRequired":true,"valueName":"search_term_string"}}],"inLanguage":"pt-BR"},{"@type":"Organization","@id":"https:\/\/radiolifefm.com.br\/noticias\/#organization","name":"R\u00e1dio Life FM","alternateName":"Life FM","url":"https:\/\/radiolifefm.com.br\/noticias\/","logo":{"@type":"ImageObject","inLanguage":"pt-BR","@id":"https:\/\/radiolifefm.com.br\/noticias\/#\/schema\/logo\/image\/","url":"https:\/\/static.radiolifefm.com.br\/noticias\/wp-content\/uploads\/2019\/10\/logo-lifefm.png","contentUrl":"https:\/\/static.radiolifefm.com.br\/noticias\/wp-content\/uploads\/2019\/10\/logo-lifefm.png","width":196,"height":47,"caption":"R\u00e1dio Life FM"},"image":{"@id":"https:\/\/radiolifefm.com.br\/noticias\/#\/schema\/logo\/image\/"},"sameAs":["https:\/\/www.facebook.com\/radiolifefm\/","https:\/\/www.instagram.com\/life1079fm\/"]},{"@type":"Person","@id":"https:\/\/radiolifefm.com.br\/noticias\/#\/schema\/person\/6339b9fac59d12b071dec680d7375d87","name":"ritanery","image":{"@type":"ImageObject","inLanguage":"pt-BR","@id":"https:\/\/secure.gravatar.com\/avatar\/0e37bb19071f47c0b8a23f62a903df117c5a0e75f65a0c2901562f97cd41cf86?s=96&d=mm&r=g","url":"https:\/\/secure.gravatar.com\/avatar\/0e37bb19071f47c0b8a23f62a903df117c5a0e75f65a0c2901562f97cd41cf86?s=96&d=mm&r=g","contentUrl":"https:\/\/secure.gravatar.com\/avatar\/0e37bb19071f47c0b8a23f62a903df117c5a0e75f65a0c2901562f97cd41cf86?s=96&d=mm&r=g","caption":"ritanery"}}]}},"amp_enabled":true,"_links":{"self":[{"href":"https:\/\/radiolifefm.com.br\/noticias\/wp-json\/wp\/v2\/posts\/52268","targetHints":{"allow":["GET"]}}],"collection":[{"href":"https:\/\/radiolifefm.com.br\/noticias\/wp-json\/wp\/v2\/posts"}],"about":[{"href":"https:\/\/radiolifefm.com.br\/noticias\/wp-json\/wp\/v2\/types\/post"}],"author":[{"embeddable":true,"href":"https:\/\/radiolifefm.com.br\/noticias\/wp-json\/wp\/v2\/users\/13"}],"replies":[{"embeddable":true,"href":"https:\/\/radiolifefm.com.br\/noticias\/wp-json\/wp\/v2\/comments?post=52268"}],"version-history":[{"count":1,"href":"https:\/\/radiolifefm.com.br\/noticias\/wp-json\/wp\/v2\/posts\/52268\/revisions"}],"predecessor-version":[{"id":52269,"href":"https:\/\/radiolifefm.com.br\/noticias\/wp-json\/wp\/v2\/posts\/52268\/revisions\/52269"}],"wp:featuredmedia":[{"embeddable":true,"href":"https:\/\/radiolifefm.com.br\/noticias\/wp-json\/wp\/v2\/media\/51988"}],"wp:attachment":[{"href":"https:\/\/radiolifefm.com.br\/noticias\/wp-json\/wp\/v2\/media?parent=52268"}],"wp:term":[{"taxonomy":"category","embeddable":true,"href":"https:\/\/radiolifefm.com.br\/noticias\/wp-json\/wp\/v2\/categories?post=52268"},{"taxonomy":"post_tag","embeddable":true,"href":"https:\/\/radiolifefm.com.br\/noticias\/wp-json\/wp\/v2\/tags?post=52268"}],"curies":[{"name":"wp","href":"https:\/\/api.w.org\/{rel}","templated":true}]}}