{"id":52109,"date":"2022-04-12T16:02:20","date_gmt":"2022-04-12T19:02:20","guid":{"rendered":"https:\/\/radiolifefm.com.br\/noticias\/?p=52109"},"modified":"2026-04-06T02:10:39","modified_gmt":"2026-04-06T05:10:39","slug":"autoridades-e-liderancas-discutem-criacao-da-casa-afro","status":"publish","type":"post","link":"https:\/\/radiolifefm.com.br\/noticias\/autoridades-e-liderancas-discutem-criacao-da-casa-afro\/","title":{"rendered":"Autoridades e lideran\u00e7as discutem cria\u00e7\u00e3o da Casa Afro"},"content":{"rendered":"<div id=\"fb-root\"><\/div>\n<p>Representantes dos poderes Executivo, Legislativo e Judici\u00e1rio, al\u00e9m de representantes de coletivos afros de Adamantina, mantiveram reuni\u00e3o na sede do F\u00f3rum na tarde desta segunda-feira (11).<\/p>\n<p>O prefeito M\u00e1rcio Cardim levou pessoalmente ao conhecimento da ju\u00edza de direito dra. Ruth Duarte Menegatti a inten\u00e7\u00e3o do Munic\u00edpio em colocar em pr\u00e1tica um projeto que abrigar\u00e1 a\u00e7\u00f5es e programas voltados \u00e0 comunidade afro de Adamantina e regi\u00e3o.<\/p>\n<p>O referido projeto j\u00e1 conta com apoio do Governo do Estado, que tem contemplado alguns munic\u00edpios com a\u00e7\u00f5es semelhantes, e est\u00e1 em conson\u00e2ncia com projetos do Governo Federal sobre a equidade racial e o desenvolvimento socioecon\u00f4mico. Em Adamantina, v\u00e1rios locais est\u00e3o sendo estudados para receber o projeto, que inicialmente recebe o nome de Casa Afro.<\/p>\n<p>Agora Executivo, Legislativo, Judici\u00e1rio e volunt\u00e1rios trabalham em conjunto para a realiza\u00e7\u00e3o deste sonho. Os pr\u00f3ximos passos s\u00e3o a nomea\u00e7\u00e3o de um coordenador intersecretarial e a cria\u00e7\u00e3o do plano municipal e do conselho de equidade racial. A cria\u00e7\u00e3o da Casa ir\u00e1 correr em paralelo.<\/p>\n<p>Estiveram presentes na reuni\u00e3o: do Judici\u00e1rio, dra. Ruth Duarte Menegatti (ju\u00edza); do Executivo, M\u00e1rcio Cardim (prefeito), S\u00e9rgio Vanderlei (Cultura e Turismo) e Gustavo Tanigutti (Sa\u00fade); do Legislativo, os vereadores H\u00e9lio Jos\u00e9 dos Santos, Cid Santos, Riquinha e Norico Saito; e representantes da comunidade afro, m\u00e3e Suzana de Oya, pai Clovis de Oxagui\u00e3, Yuri Piardi Ortelan (og\u00e3), Carlos Fernando Martins Angria (og\u00e3), Jeferson Rodrigues filho (membro), Lincon Gabriel Ferreira Alves da Fonseca (sare), Wegliston Fernando Nascimento de Paula (og\u00e3), Luciano Barboza dos Santos Junior (membro), Cintia Aparecida Loureiro de Oliveira (ekedy); m\u00e3e Cristina de Onir\u00ea- l\u00ea Ax\u00e9 Ogum Onir\u00ea, Hiago Donizeti (vice-presidente e coordenador do N\u00facleo de Educa\u00e7\u00e3o e Cultura Negra do Grupo Gangazumba), Meire Cunha (presidente do Grupo Gangazumba de Cultura Negra e do Conselho Municipal de Cultura) e Edgar Cunha.<\/p>\n<p>Na quinta-feira (7), uma comitiva de Adamantina foi recebida no Pal\u00e1cio dos Bandeirantes pelo secret\u00e1rio executivo do Centro de Equidade Racial para o Desenvolvimento Socioecon\u00f4mico, Ivan Lima. Na oportunidade foi acordado o apoio do Governo do Estado neste projeto do munic\u00edpio.<\/p>\n<p>&nbsp;<\/p>\n<p>Fonte: Assessoria de Imprensa<\/p>\n","protected":false},"excerpt":{"rendered":"<p>Representantes dos poderes Executivo, Legislativo e Judici\u00e1rio, al\u00e9m de representantes de coletivos afros de Adamantina, mantiveram reuni\u00e3o na sede do F\u00f3rum na tarde desta segunda-feira (11). O prefeito M\u00e1rcio Cardim levou pessoalmente ao conhecimento da ju\u00edza de direito dra. Ruth Duarte Menegatti a inten\u00e7\u00e3o do Munic\u00edpio em colocar em pr\u00e1tica um projeto que abrigar\u00e1 a\u00e7\u00f5es [&hellip;]<\/p>\n","protected":false},"author":13,"featured_media":52110,"comment_status":"closed","ping_status":"open","sticky":false,"template":"","format":"standard","meta":{"_acf_changed":false,"_exactmetrics_skip_tracking":false,"_exactmetrics_sitenote_active":false,"_exactmetrics_sitenote_note":"","_exactmetrics_sitenote_category":0,"footnotes":""},"categories":[21],"tags":[],"class_list":["post-52109","post","type-post","status-publish","format-standard","has-post-thumbnail","hentry","category-adamantina"],"acf":[],"yoast_head":"<!-- This site is optimized with the Yoast SEO plugin v27.2 - https:\/\/yoast.com\/product\/yoast-seo-wordpress\/ -->\n<title>Autoridades e lideran\u00e7as discutem cria\u00e7\u00e3o da Casa Afro - R\u00e1dio Life FM<\/title>\n<meta name=\"robots\" content=\"index, follow, max-snippet:-1, max-image-preview:large, max-video-preview:-1\" \/>\n<link rel=\"canonical\" href=\"https:\/\/radiolifefm.com.br\/noticias\/autoridades-e-liderancas-discutem-criacao-da-casa-afro\/\" \/>\n<meta property=\"og:locale\" content=\"pt_BR\" \/>\n<meta property=\"og:type\" content=\"article\" \/>\n<meta property=\"og:title\" content=\"Autoridades e lideran\u00e7as discutem cria\u00e7\u00e3o da Casa Afro - R\u00e1dio Life FM\" \/>\n<meta property=\"og:description\" content=\"Representantes dos poderes Executivo, Legislativo e Judici\u00e1rio, al\u00e9m de representantes de coletivos afros de Adamantina, mantiveram reuni\u00e3o na sede do F\u00f3rum na tarde desta segunda-feira (11). O prefeito M\u00e1rcio Cardim levou pessoalmente ao conhecimento da ju\u00edza de direito dra. Ruth Duarte Menegatti a inten\u00e7\u00e3o do Munic\u00edpio em colocar em pr\u00e1tica um projeto que abrigar\u00e1 a\u00e7\u00f5es [&hellip;]\" \/>\n<meta property=\"og:url\" content=\"https:\/\/radiolifefm.com.br\/noticias\/autoridades-e-liderancas-discutem-criacao-da-casa-afro\/\" \/>\n<meta property=\"og:site_name\" content=\"R\u00e1dio Life FM\" \/>\n<meta property=\"article:publisher\" content=\"https:\/\/www.facebook.com\/radiolifefm\/\" \/>\n<meta property=\"article:published_time\" content=\"2022-04-12T19:02:20+00:00\" \/>\n<meta property=\"article:modified_time\" content=\"2026-04-06T05:10:39+00:00\" \/>\n<meta property=\"og:image\" content=\"https:\/\/radiolifefm.com.br\/noticias\/wp-content\/uploads\/2022\/04\/WhatsApp-Image-2022-04-12-at-15.39.46.jpeg\" \/>\n\t<meta property=\"og:image:width\" content=\"1156\" \/>\n\t<meta property=\"og:image:height\" content=\"578\" \/>\n\t<meta property=\"og:image:type\" content=\"image\/jpeg\" \/>\n<meta name=\"author\" content=\"ritanery\" \/>\n<meta name=\"twitter:card\" content=\"summary_large_image\" \/>\n<meta name=\"twitter:label1\" content=\"Escrito por\" \/>\n\t<meta name=\"twitter:data1\" content=\"ritanery\" \/>\n\t<meta name=\"twitter:label2\" content=\"Est. tempo de leitura\" \/>\n\t<meta name=\"twitter:data2\" content=\"2 minutos\" \/>\n<script type=\"application\/ld+json\" class=\"yoast-schema-graph\">{\"@context\":\"https:\/\/schema.org\",\"@graph\":[{\"@type\":\"Article\",\"@id\":\"https:\/\/radiolifefm.com.br\/noticias\/autoridades-e-liderancas-discutem-criacao-da-casa-afro\/#article\",\"isPartOf\":{\"@id\":\"https:\/\/radiolifefm.com.br\/noticias\/autoridades-e-liderancas-discutem-criacao-da-casa-afro\/\"},\"author\":{\"name\":\"ritanery\",\"@id\":\"https:\/\/radiolifefm.com.br\/noticias\/#\/schema\/person\/6339b9fac59d12b071dec680d7375d87\"},\"headline\":\"Autoridades e lideran\u00e7as discutem cria\u00e7\u00e3o da Casa Afro\",\"datePublished\":\"2022-04-12T19:02:20+00:00\",\"dateModified\":\"2026-04-06T05:10:39+00:00\",\"mainEntityOfPage\":{\"@id\":\"https:\/\/radiolifefm.com.br\/noticias\/autoridades-e-liderancas-discutem-criacao-da-casa-afro\/\"},\"wordCount\":389,\"publisher\":{\"@id\":\"https:\/\/radiolifefm.com.br\/noticias\/#organization\"},\"image\":{\"@id\":\"https:\/\/radiolifefm.com.br\/noticias\/autoridades-e-liderancas-discutem-criacao-da-casa-afro\/#primaryimage\"},\"thumbnailUrl\":\"https:\/\/radiolifefm.com.br\/noticias\/wp-content\/uploads\/2022\/04\/WhatsApp-Image-2022-04-12-at-15.39.46.jpeg\",\"articleSection\":[\"Adamantina\"],\"inLanguage\":\"pt-BR\"},{\"@type\":\"WebPage\",\"@id\":\"https:\/\/radiolifefm.com.br\/noticias\/autoridades-e-liderancas-discutem-criacao-da-casa-afro\/\",\"url\":\"https:\/\/radiolifefm.com.br\/noticias\/autoridades-e-liderancas-discutem-criacao-da-casa-afro\/\",\"name\":\"Autoridades e lideran\u00e7as discutem cria\u00e7\u00e3o da Casa Afro - R\u00e1dio Life FM\",\"isPartOf\":{\"@id\":\"https:\/\/radiolifefm.com.br\/noticias\/#website\"},\"primaryImageOfPage\":{\"@id\":\"https:\/\/radiolifefm.com.br\/noticias\/autoridades-e-liderancas-discutem-criacao-da-casa-afro\/#primaryimage\"},\"image\":{\"@id\":\"https:\/\/radiolifefm.com.br\/noticias\/autoridades-e-liderancas-discutem-criacao-da-casa-afro\/#primaryimage\"},\"thumbnailUrl\":\"https:\/\/radiolifefm.com.br\/noticias\/wp-content\/uploads\/2022\/04\/WhatsApp-Image-2022-04-12-at-15.39.46.jpeg\",\"datePublished\":\"2022-04-12T19:02:20+00:00\",\"dateModified\":\"2026-04-06T05:10:39+00:00\",\"breadcrumb\":{\"@id\":\"https:\/\/radiolifefm.com.br\/noticias\/autoridades-e-liderancas-discutem-criacao-da-casa-afro\/#breadcrumb\"},\"inLanguage\":\"pt-BR\",\"potentialAction\":[{\"@type\":\"ReadAction\",\"target\":[\"https:\/\/radiolifefm.com.br\/noticias\/autoridades-e-liderancas-discutem-criacao-da-casa-afro\/\"]}]},{\"@type\":\"ImageObject\",\"inLanguage\":\"pt-BR\",\"@id\":\"https:\/\/radiolifefm.com.br\/noticias\/autoridades-e-liderancas-discutem-criacao-da-casa-afro\/#primaryimage\",\"url\":\"https:\/\/radiolifefm.com.br\/noticias\/wp-content\/uploads\/2022\/04\/WhatsApp-Image-2022-04-12-at-15.39.46.jpeg\",\"contentUrl\":\"https:\/\/radiolifefm.com.br\/noticias\/wp-content\/uploads\/2022\/04\/WhatsApp-Image-2022-04-12-at-15.39.46.jpeg\",\"width\":1156,\"height\":578},{\"@type\":\"BreadcrumbList\",\"@id\":\"https:\/\/radiolifefm.com.br\/noticias\/autoridades-e-liderancas-discutem-criacao-da-casa-afro\/#breadcrumb\",\"itemListElement\":[{\"@type\":\"ListItem\",\"position\":1,\"name\":\"In\u00edcio\",\"item\":\"https:\/\/radiolifefm.com.br\/noticias\/\"},{\"@type\":\"ListItem\",\"position\":2,\"name\":\"Autoridades e lideran\u00e7as discutem cria\u00e7\u00e3o da Casa Afro\"}]},{\"@type\":\"WebSite\",\"@id\":\"https:\/\/radiolifefm.com.br\/noticias\/#website\",\"url\":\"https:\/\/radiolifefm.com.br\/noticias\/\",\"name\":\"R\u00e1dio Life FM\",\"description\":\"O Portal de Not\u00edcias de Adamantina\",\"publisher\":{\"@id\":\"https:\/\/radiolifefm.com.br\/noticias\/#organization\"},\"alternateName\":\"Life FM\",\"potentialAction\":[{\"@type\":\"SearchAction\",\"target\":{\"@type\":\"EntryPoint\",\"urlTemplate\":\"https:\/\/radiolifefm.com.br\/noticias\/?s={search_term_string}\"},\"query-input\":{\"@type\":\"PropertyValueSpecification\",\"valueRequired\":true,\"valueName\":\"search_term_string\"}}],\"inLanguage\":\"pt-BR\"},{\"@type\":\"Organization\",\"@id\":\"https:\/\/radiolifefm.com.br\/noticias\/#organization\",\"name\":\"R\u00e1dio Life FM\",\"alternateName\":\"Life FM\",\"url\":\"https:\/\/radiolifefm.com.br\/noticias\/\",\"logo\":{\"@type\":\"ImageObject\",\"inLanguage\":\"pt-BR\",\"@id\":\"https:\/\/radiolifefm.com.br\/noticias\/#\/schema\/logo\/image\/\",\"url\":\"https:\/\/static.radiolifefm.com.br\/noticias\/wp-content\/uploads\/2019\/10\/logo-lifefm.png\",\"contentUrl\":\"https:\/\/static.radiolifefm.com.br\/noticias\/wp-content\/uploads\/2019\/10\/logo-lifefm.png\",\"width\":196,\"height\":47,\"caption\":\"R\u00e1dio Life FM\"},\"image\":{\"@id\":\"https:\/\/radiolifefm.com.br\/noticias\/#\/schema\/logo\/image\/\"},\"sameAs\":[\"https:\/\/www.facebook.com\/radiolifefm\/\",\"https:\/\/www.instagram.com\/life1079fm\/\"]},{\"@type\":\"Person\",\"@id\":\"https:\/\/radiolifefm.com.br\/noticias\/#\/schema\/person\/6339b9fac59d12b071dec680d7375d87\",\"name\":\"ritanery\",\"image\":{\"@type\":\"ImageObject\",\"inLanguage\":\"pt-BR\",\"@id\":\"https:\/\/secure.gravatar.com\/avatar\/0e37bb19071f47c0b8a23f62a903df117c5a0e75f65a0c2901562f97cd41cf86?s=96&d=mm&r=g\",\"url\":\"https:\/\/secure.gravatar.com\/avatar\/0e37bb19071f47c0b8a23f62a903df117c5a0e75f65a0c2901562f97cd41cf86?s=96&d=mm&r=g\",\"contentUrl\":\"https:\/\/secure.gravatar.com\/avatar\/0e37bb19071f47c0b8a23f62a903df117c5a0e75f65a0c2901562f97cd41cf86?s=96&d=mm&r=g\",\"caption\":\"ritanery\"}}]}<\/script>\n<!-- \/ Yoast SEO plugin. -->","yoast_head_json":{"title":"Autoridades e lideran\u00e7as discutem cria\u00e7\u00e3o da Casa Afro - R\u00e1dio Life FM","robots":{"index":"index","follow":"follow","max-snippet":"max-snippet:-1","max-image-preview":"max-image-preview:large","max-video-preview":"max-video-preview:-1"},"canonical":"https:\/\/radiolifefm.com.br\/noticias\/autoridades-e-liderancas-discutem-criacao-da-casa-afro\/","og_locale":"pt_BR","og_type":"article","og_title":"Autoridades e lideran\u00e7as discutem cria\u00e7\u00e3o da Casa Afro - R\u00e1dio Life FM","og_description":"Representantes dos poderes Executivo, Legislativo e Judici\u00e1rio, al\u00e9m de representantes de coletivos afros de Adamantina, mantiveram reuni\u00e3o na sede do F\u00f3rum na tarde desta segunda-feira (11). O prefeito M\u00e1rcio Cardim levou pessoalmente ao conhecimento da ju\u00edza de direito dra. Ruth Duarte Menegatti a inten\u00e7\u00e3o do Munic\u00edpio em colocar em pr\u00e1tica um projeto que abrigar\u00e1 a\u00e7\u00f5es [&hellip;]","og_url":"https:\/\/radiolifefm.com.br\/noticias\/autoridades-e-liderancas-discutem-criacao-da-casa-afro\/","og_site_name":"R\u00e1dio Life FM","article_publisher":"https:\/\/www.facebook.com\/radiolifefm\/","article_published_time":"2022-04-12T19:02:20+00:00","article_modified_time":"2026-04-06T05:10:39+00:00","og_image":[{"width":1156,"height":578,"url":"https:\/\/radiolifefm.com.br\/noticias\/wp-content\/uploads\/2022\/04\/WhatsApp-Image-2022-04-12-at-15.39.46.jpeg","type":"image\/jpeg"}],"author":"ritanery","twitter_card":"summary_large_image","twitter_misc":{"Escrito por":"ritanery","Est. tempo de leitura":"2 minutos"},"schema":{"@context":"https:\/\/schema.org","@graph":[{"@type":"Article","@id":"https:\/\/radiolifefm.com.br\/noticias\/autoridades-e-liderancas-discutem-criacao-da-casa-afro\/#article","isPartOf":{"@id":"https:\/\/radiolifefm.com.br\/noticias\/autoridades-e-liderancas-discutem-criacao-da-casa-afro\/"},"author":{"name":"ritanery","@id":"https:\/\/radiolifefm.com.br\/noticias\/#\/schema\/person\/6339b9fac59d12b071dec680d7375d87"},"headline":"Autoridades e lideran\u00e7as discutem cria\u00e7\u00e3o da Casa Afro","datePublished":"2022-04-12T19:02:20+00:00","dateModified":"2026-04-06T05:10:39+00:00","mainEntityOfPage":{"@id":"https:\/\/radiolifefm.com.br\/noticias\/autoridades-e-liderancas-discutem-criacao-da-casa-afro\/"},"wordCount":389,"publisher":{"@id":"https:\/\/radiolifefm.com.br\/noticias\/#organization"},"image":{"@id":"https:\/\/radiolifefm.com.br\/noticias\/autoridades-e-liderancas-discutem-criacao-da-casa-afro\/#primaryimage"},"thumbnailUrl":"https:\/\/radiolifefm.com.br\/noticias\/wp-content\/uploads\/2022\/04\/WhatsApp-Image-2022-04-12-at-15.39.46.jpeg","articleSection":["Adamantina"],"inLanguage":"pt-BR"},{"@type":"WebPage","@id":"https:\/\/radiolifefm.com.br\/noticias\/autoridades-e-liderancas-discutem-criacao-da-casa-afro\/","url":"https:\/\/radiolifefm.com.br\/noticias\/autoridades-e-liderancas-discutem-criacao-da-casa-afro\/","name":"Autoridades e lideran\u00e7as discutem cria\u00e7\u00e3o da Casa Afro - R\u00e1dio Life FM","isPartOf":{"@id":"https:\/\/radiolifefm.com.br\/noticias\/#website"},"primaryImageOfPage":{"@id":"https:\/\/radiolifefm.com.br\/noticias\/autoridades-e-liderancas-discutem-criacao-da-casa-afro\/#primaryimage"},"image":{"@id":"https:\/\/radiolifefm.com.br\/noticias\/autoridades-e-liderancas-discutem-criacao-da-casa-afro\/#primaryimage"},"thumbnailUrl":"https:\/\/radiolifefm.com.br\/noticias\/wp-content\/uploads\/2022\/04\/WhatsApp-Image-2022-04-12-at-15.39.46.jpeg","datePublished":"2022-04-12T19:02:20+00:00","dateModified":"2026-04-06T05:10:39+00:00","breadcrumb":{"@id":"https:\/\/radiolifefm.com.br\/noticias\/autoridades-e-liderancas-discutem-criacao-da-casa-afro\/#breadcrumb"},"inLanguage":"pt-BR","potentialAction":[{"@type":"ReadAction","target":["https:\/\/radiolifefm.com.br\/noticias\/autoridades-e-liderancas-discutem-criacao-da-casa-afro\/"]}]},{"@type":"ImageObject","inLanguage":"pt-BR","@id":"https:\/\/radiolifefm.com.br\/noticias\/autoridades-e-liderancas-discutem-criacao-da-casa-afro\/#primaryimage","url":"https:\/\/radiolifefm.com.br\/noticias\/wp-content\/uploads\/2022\/04\/WhatsApp-Image-2022-04-12-at-15.39.46.jpeg","contentUrl":"https:\/\/radiolifefm.com.br\/noticias\/wp-content\/uploads\/2022\/04\/WhatsApp-Image-2022-04-12-at-15.39.46.jpeg","width":1156,"height":578},{"@type":"BreadcrumbList","@id":"https:\/\/radiolifefm.com.br\/noticias\/autoridades-e-liderancas-discutem-criacao-da-casa-afro\/#breadcrumb","itemListElement":[{"@type":"ListItem","position":1,"name":"In\u00edcio","item":"https:\/\/radiolifefm.com.br\/noticias\/"},{"@type":"ListItem","position":2,"name":"Autoridades e lideran\u00e7as discutem cria\u00e7\u00e3o da Casa Afro"}]},{"@type":"WebSite","@id":"https:\/\/radiolifefm.com.br\/noticias\/#website","url":"https:\/\/radiolifefm.com.br\/noticias\/","name":"R\u00e1dio Life FM","description":"O Portal de Not\u00edcias de Adamantina","publisher":{"@id":"https:\/\/radiolifefm.com.br\/noticias\/#organization"},"alternateName":"Life FM","potentialAction":[{"@type":"SearchAction","target":{"@type":"EntryPoint","urlTemplate":"https:\/\/radiolifefm.com.br\/noticias\/?s={search_term_string}"},"query-input":{"@type":"PropertyValueSpecification","valueRequired":true,"valueName":"search_term_string"}}],"inLanguage":"pt-BR"},{"@type":"Organization","@id":"https:\/\/radiolifefm.com.br\/noticias\/#organization","name":"R\u00e1dio Life FM","alternateName":"Life FM","url":"https:\/\/radiolifefm.com.br\/noticias\/","logo":{"@type":"ImageObject","inLanguage":"pt-BR","@id":"https:\/\/radiolifefm.com.br\/noticias\/#\/schema\/logo\/image\/","url":"https:\/\/static.radiolifefm.com.br\/noticias\/wp-content\/uploads\/2019\/10\/logo-lifefm.png","contentUrl":"https:\/\/static.radiolifefm.com.br\/noticias\/wp-content\/uploads\/2019\/10\/logo-lifefm.png","width":196,"height":47,"caption":"R\u00e1dio Life FM"},"image":{"@id":"https:\/\/radiolifefm.com.br\/noticias\/#\/schema\/logo\/image\/"},"sameAs":["https:\/\/www.facebook.com\/radiolifefm\/","https:\/\/www.instagram.com\/life1079fm\/"]},{"@type":"Person","@id":"https:\/\/radiolifefm.com.br\/noticias\/#\/schema\/person\/6339b9fac59d12b071dec680d7375d87","name":"ritanery","image":{"@type":"ImageObject","inLanguage":"pt-BR","@id":"https:\/\/secure.gravatar.com\/avatar\/0e37bb19071f47c0b8a23f62a903df117c5a0e75f65a0c2901562f97cd41cf86?s=96&d=mm&r=g","url":"https:\/\/secure.gravatar.com\/avatar\/0e37bb19071f47c0b8a23f62a903df117c5a0e75f65a0c2901562f97cd41cf86?s=96&d=mm&r=g","contentUrl":"https:\/\/secure.gravatar.com\/avatar\/0e37bb19071f47c0b8a23f62a903df117c5a0e75f65a0c2901562f97cd41cf86?s=96&d=mm&r=g","caption":"ritanery"}}]}},"amp_enabled":true,"_links":{"self":[{"href":"https:\/\/radiolifefm.com.br\/noticias\/wp-json\/wp\/v2\/posts\/52109","targetHints":{"allow":["GET"]}}],"collection":[{"href":"https:\/\/radiolifefm.com.br\/noticias\/wp-json\/wp\/v2\/posts"}],"about":[{"href":"https:\/\/radiolifefm.com.br\/noticias\/wp-json\/wp\/v2\/types\/post"}],"author":[{"embeddable":true,"href":"https:\/\/radiolifefm.com.br\/noticias\/wp-json\/wp\/v2\/users\/13"}],"replies":[{"embeddable":true,"href":"https:\/\/radiolifefm.com.br\/noticias\/wp-json\/wp\/v2\/comments?post=52109"}],"version-history":[{"count":1,"href":"https:\/\/radiolifefm.com.br\/noticias\/wp-json\/wp\/v2\/posts\/52109\/revisions"}],"predecessor-version":[{"id":52111,"href":"https:\/\/radiolifefm.com.br\/noticias\/wp-json\/wp\/v2\/posts\/52109\/revisions\/52111"}],"wp:featuredmedia":[{"embeddable":true,"href":"https:\/\/radiolifefm.com.br\/noticias\/wp-json\/wp\/v2\/media\/52110"}],"wp:attachment":[{"href":"https:\/\/radiolifefm.com.br\/noticias\/wp-json\/wp\/v2\/media?parent=52109"}],"wp:term":[{"taxonomy":"category","embeddable":true,"href":"https:\/\/radiolifefm.com.br\/noticias\/wp-json\/wp\/v2\/categories?post=52109"},{"taxonomy":"post_tag","embeddable":true,"href":"https:\/\/radiolifefm.com.br\/noticias\/wp-json\/wp\/v2\/tags?post=52109"}],"curies":[{"name":"wp","href":"https:\/\/api.w.org\/{rel}","templated":true}]}}