{"id":52052,"date":"2022-04-11T21:13:48","date_gmt":"2022-04-12T00:13:48","guid":{"rendered":"https:\/\/radiolifefm.com.br\/noticias\/?p=52052"},"modified":"2026-04-07T05:58:30","modified_gmt":"2026-04-07T08:58:30","slug":"mais-de-8-mil-procedimentos-de-saude-de-moradores-de-adamantina-aguardam-agendamentos","status":"publish","type":"post","link":"https:\/\/radiolifefm.com.br\/noticias\/mais-de-8-mil-procedimentos-de-saude-de-moradores-de-adamantina-aguardam-agendamentos\/","title":{"rendered":"Mais de 8 mil procedimentos de sa\u00fade de moradores de Adamantina aguardam agendamentos"},"content":{"rendered":"<div id=\"fb-root\"><\/div>\n<p style=\"font-weight: 400\">Em resposta ao\u00a0<a href=\"https:\/\/sapl.adamantina.sp.leg.br\/media\/sapl\/public\/materialegislativa\/2022\/13625\/requerimento_048_25a_ordinaria.pdf\"><b><strong>Requerimento N\u00ba 48\/2022<\/strong><\/b><\/a>, de autoria do vereador Alcio Ikeda, a Secretaria Municipal de Sa\u00fade de Adamantina informou que 8.322 procedimentos (consultas, cirurgias e ambulatoriais) de moradores da cidade est\u00e3o na fila de espera para serem atendidos, em demandas que s\u00e3o de responsabilidade da sa\u00fade estadual, por meio do Departamento Regional de Sa\u00fade (DRS) de Mar\u00edlia.<\/p>\n<p style=\"font-weight: 400\">O Requerimento foi apresentado pelo vereador na C\u00e2mara Municipal de Adamantina em 21 de mar\u00e7o, quando solicitou a quantidade e os tipos de procedimentos de sa\u00fade encaminhados pelo Munic\u00edpio ao DRS, que ainda n\u00e3o foram atendidos, e que colocam os moradores em fila de espera.<\/p>\n<p style=\"font-weight: 400\">Dentre as mais de 50 especialidades m\u00e9dicas listadas no documento da Secretaria Municipal de Sa\u00fade, h\u00e1 1.504 agendados aguardando atendimento na \u00e1rea de psicologia. Em neurologia s\u00e3o 1.157 agendamentos na fila. Outros destaques s\u00e3o 691 agendamentos esperando atendimento vascular, 591 aguardando consulta psiqui\u00e1trica e 520 em dermatologia.<\/p>\n<p style=\"font-weight: 400\">Outras duas \u00e1reas, quando agrupadas, tamb\u00e9m chamam a aten\u00e7\u00e3o. Em 12 classifica\u00e7\u00f5es na \u00e1rea de oftalmologia, s\u00e3o 974 agendamentos, e em 14 \u00e1reas da ortopedia, 379 moradores aguardam atendimentos.<\/p>\n<p style=\"font-weight: 400\">Veja, na sequ\u00eancia, a rela\u00e7\u00e3o completa dos procedimentos que aguardam agendamento:<\/p>\n<p><img decoding=\"async\" src=\"https:\/\/www.sigamais.com\/arquivo\/uploads\/listajpg164968856662543ff63899a.jpg\" \/><\/p>\n<p style=\"font-weight: 400\"><b><strong>Poder p\u00fablico aposta em programa de regionaliza\u00e7\u00e3o<\/strong><\/b><\/p>\n<p style=\"font-weight: 400\">O mesmo Requerimento do vereador Alcio Ikeda solicitou c\u00f3pia do projeto de Regionaliza\u00e7\u00e3o e Integraliza\u00e7\u00e3o da Sa\u00fade, apresentado pelo Munic\u00edpio \u00e0 Secretaria de Sa\u00fade do Estado.\u00a0<a href=\"https:\/\/www.sigamais.com\/noticias\/saude\/apresentado-projeto-de-regionalizacao-e-integralizacao-da-saude-a-secretaria-estadual-de-saude\/\"><b><strong>A pr\u00f3pria administra\u00e7\u00e3o municipal divulgou a entrega do documento ao \u00f3rg\u00e3o estadual<\/strong><\/b><\/a>, por\u00e9m negou c\u00f3pia ao vereador alegando n\u00e3o estar dispon\u00edvel em raz\u00e3o de ajustes t\u00e9cnicos no texto.<\/p>\n<p style=\"font-weight: 400\">O projeto, segundo j\u00e1 divulgou a administra\u00e7\u00e3o municipal, e conforme resposta ao Requerimento, \u00e9 a aposta de Adamantina e da microrregi\u00e3o para suprimir essa demanda represada.<\/p>\n<p>&nbsp;<\/p>\n<p>Fonte: Siga Mais<\/p>\n","protected":false},"excerpt":{"rendered":"<p>Em resposta ao\u00a0Requerimento N\u00ba 48\/2022, de autoria do vereador Alcio Ikeda, a Secretaria Municipal de Sa\u00fade de Adamantina informou que 8.322 procedimentos (consultas, cirurgias e ambulatoriais) de moradores da cidade est\u00e3o na fila de espera para serem atendidos, em demandas que s\u00e3o de responsabilidade da sa\u00fade estadual, por meio do Departamento Regional de Sa\u00fade (DRS) [&hellip;]<\/p>\n","protected":false},"author":13,"featured_media":52053,"comment_status":"closed","ping_status":"open","sticky":false,"template":"","format":"standard","meta":{"_acf_changed":false,"_exactmetrics_skip_tracking":false,"_exactmetrics_sitenote_active":false,"_exactmetrics_sitenote_note":"","_exactmetrics_sitenote_category":0,"footnotes":""},"categories":[21],"tags":[],"class_list":["post-52052","post","type-post","status-publish","format-standard","has-post-thumbnail","hentry","category-adamantina"],"acf":[],"yoast_head":"<!-- This site is optimized with the Yoast SEO plugin v27.2 - https:\/\/yoast.com\/product\/yoast-seo-wordpress\/ -->\n<title>Mais de 8 mil procedimentos de sa\u00fade de moradores de Adamantina aguardam agendamentos - R\u00e1dio Life FM<\/title>\n<meta name=\"robots\" content=\"index, follow, max-snippet:-1, max-image-preview:large, max-video-preview:-1\" \/>\n<link rel=\"canonical\" href=\"https:\/\/radiolifefm.com.br\/noticias\/mais-de-8-mil-procedimentos-de-saude-de-moradores-de-adamantina-aguardam-agendamentos\/\" \/>\n<meta property=\"og:locale\" content=\"pt_BR\" \/>\n<meta property=\"og:type\" content=\"article\" \/>\n<meta property=\"og:title\" content=\"Mais de 8 mil procedimentos de sa\u00fade de moradores de Adamantina aguardam agendamentos - R\u00e1dio Life FM\" \/>\n<meta property=\"og:description\" content=\"Em resposta ao\u00a0Requerimento N\u00ba 48\/2022, de autoria do vereador Alcio Ikeda, a Secretaria Municipal de Sa\u00fade de Adamantina informou que 8.322 procedimentos (consultas, cirurgias e ambulatoriais) de moradores da cidade est\u00e3o na fila de espera para serem atendidos, em demandas que s\u00e3o de responsabilidade da sa\u00fade estadual, por meio do Departamento Regional de Sa\u00fade (DRS) [&hellip;]\" \/>\n<meta property=\"og:url\" content=\"https:\/\/radiolifefm.com.br\/noticias\/mais-de-8-mil-procedimentos-de-saude-de-moradores-de-adamantina-aguardam-agendamentos\/\" \/>\n<meta property=\"og:site_name\" content=\"R\u00e1dio Life FM\" \/>\n<meta property=\"article:publisher\" content=\"https:\/\/www.facebook.com\/radiolifefm\/\" \/>\n<meta property=\"article:published_time\" content=\"2022-04-12T00:13:48+00:00\" \/>\n<meta property=\"article:modified_time\" content=\"2026-04-07T08:58:30+00:00\" \/>\n<meta property=\"og:image\" content=\"https:\/\/radiolifefm.com.br\/noticias\/wp-content\/uploads\/2022\/04\/eyetest50281031280jpg1649689312625442e0c9601.jpg\" \/>\n\t<meta property=\"og:image:width\" content=\"600\" \/>\n\t<meta property=\"og:image:height\" content=\"337\" \/>\n\t<meta property=\"og:image:type\" content=\"image\/jpeg\" \/>\n<meta name=\"author\" content=\"ritanery\" \/>\n<meta name=\"twitter:card\" content=\"summary_large_image\" \/>\n<meta name=\"twitter:label1\" content=\"Escrito por\" \/>\n\t<meta name=\"twitter:data1\" content=\"ritanery\" \/>\n\t<meta name=\"twitter:label2\" content=\"Est. tempo de leitura\" \/>\n\t<meta name=\"twitter:data2\" content=\"2 minutos\" \/>\n<script type=\"application\/ld+json\" class=\"yoast-schema-graph\">{\"@context\":\"https:\/\/schema.org\",\"@graph\":[{\"@type\":\"Article\",\"@id\":\"https:\/\/radiolifefm.com.br\/noticias\/mais-de-8-mil-procedimentos-de-saude-de-moradores-de-adamantina-aguardam-agendamentos\/#article\",\"isPartOf\":{\"@id\":\"https:\/\/radiolifefm.com.br\/noticias\/mais-de-8-mil-procedimentos-de-saude-de-moradores-de-adamantina-aguardam-agendamentos\/\"},\"author\":{\"name\":\"ritanery\",\"@id\":\"https:\/\/radiolifefm.com.br\/noticias\/#\/schema\/person\/6339b9fac59d12b071dec680d7375d87\"},\"headline\":\"Mais de 8 mil procedimentos de sa\u00fade de moradores de Adamantina aguardam agendamentos\",\"datePublished\":\"2022-04-12T00:13:48+00:00\",\"dateModified\":\"2026-04-07T08:58:30+00:00\",\"mainEntityOfPage\":{\"@id\":\"https:\/\/radiolifefm.com.br\/noticias\/mais-de-8-mil-procedimentos-de-saude-de-moradores-de-adamantina-aguardam-agendamentos\/\"},\"wordCount\":320,\"publisher\":{\"@id\":\"https:\/\/radiolifefm.com.br\/noticias\/#organization\"},\"image\":{\"@id\":\"https:\/\/radiolifefm.com.br\/noticias\/mais-de-8-mil-procedimentos-de-saude-de-moradores-de-adamantina-aguardam-agendamentos\/#primaryimage\"},\"thumbnailUrl\":\"https:\/\/radiolifefm.com.br\/noticias\/wp-content\/uploads\/2022\/04\/eyetest50281031280jpg1649689312625442e0c9601.jpg\",\"articleSection\":[\"Adamantina\"],\"inLanguage\":\"pt-BR\"},{\"@type\":\"WebPage\",\"@id\":\"https:\/\/radiolifefm.com.br\/noticias\/mais-de-8-mil-procedimentos-de-saude-de-moradores-de-adamantina-aguardam-agendamentos\/\",\"url\":\"https:\/\/radiolifefm.com.br\/noticias\/mais-de-8-mil-procedimentos-de-saude-de-moradores-de-adamantina-aguardam-agendamentos\/\",\"name\":\"Mais de 8 mil procedimentos de sa\u00fade de moradores de Adamantina aguardam agendamentos - R\u00e1dio Life FM\",\"isPartOf\":{\"@id\":\"https:\/\/radiolifefm.com.br\/noticias\/#website\"},\"primaryImageOfPage\":{\"@id\":\"https:\/\/radiolifefm.com.br\/noticias\/mais-de-8-mil-procedimentos-de-saude-de-moradores-de-adamantina-aguardam-agendamentos\/#primaryimage\"},\"image\":{\"@id\":\"https:\/\/radiolifefm.com.br\/noticias\/mais-de-8-mil-procedimentos-de-saude-de-moradores-de-adamantina-aguardam-agendamentos\/#primaryimage\"},\"thumbnailUrl\":\"https:\/\/radiolifefm.com.br\/noticias\/wp-content\/uploads\/2022\/04\/eyetest50281031280jpg1649689312625442e0c9601.jpg\",\"datePublished\":\"2022-04-12T00:13:48+00:00\",\"dateModified\":\"2026-04-07T08:58:30+00:00\",\"breadcrumb\":{\"@id\":\"https:\/\/radiolifefm.com.br\/noticias\/mais-de-8-mil-procedimentos-de-saude-de-moradores-de-adamantina-aguardam-agendamentos\/#breadcrumb\"},\"inLanguage\":\"pt-BR\",\"potentialAction\":[{\"@type\":\"ReadAction\",\"target\":[\"https:\/\/radiolifefm.com.br\/noticias\/mais-de-8-mil-procedimentos-de-saude-de-moradores-de-adamantina-aguardam-agendamentos\/\"]}]},{\"@type\":\"ImageObject\",\"inLanguage\":\"pt-BR\",\"@id\":\"https:\/\/radiolifefm.com.br\/noticias\/mais-de-8-mil-procedimentos-de-saude-de-moradores-de-adamantina-aguardam-agendamentos\/#primaryimage\",\"url\":\"https:\/\/radiolifefm.com.br\/noticias\/wp-content\/uploads\/2022\/04\/eyetest50281031280jpg1649689312625442e0c9601.jpg\",\"contentUrl\":\"https:\/\/radiolifefm.com.br\/noticias\/wp-content\/uploads\/2022\/04\/eyetest50281031280jpg1649689312625442e0c9601.jpg\",\"width\":600,\"height\":337,\"caption\":\"N\u00fameros s\u00e3o da Secretaria Municipal de Sa\u00fade sobre procedimentos encaminhados ao DRS de Mar\u00edlia.\"},{\"@type\":\"BreadcrumbList\",\"@id\":\"https:\/\/radiolifefm.com.br\/noticias\/mais-de-8-mil-procedimentos-de-saude-de-moradores-de-adamantina-aguardam-agendamentos\/#breadcrumb\",\"itemListElement\":[{\"@type\":\"ListItem\",\"position\":1,\"name\":\"In\u00edcio\",\"item\":\"https:\/\/radiolifefm.com.br\/noticias\/\"},{\"@type\":\"ListItem\",\"position\":2,\"name\":\"Mais de 8 mil procedimentos de sa\u00fade de moradores de Adamantina aguardam agendamentos\"}]},{\"@type\":\"WebSite\",\"@id\":\"https:\/\/radiolifefm.com.br\/noticias\/#website\",\"url\":\"https:\/\/radiolifefm.com.br\/noticias\/\",\"name\":\"R\u00e1dio Life FM\",\"description\":\"O Portal de Not\u00edcias de Adamantina\",\"publisher\":{\"@id\":\"https:\/\/radiolifefm.com.br\/noticias\/#organization\"},\"alternateName\":\"Life FM\",\"potentialAction\":[{\"@type\":\"SearchAction\",\"target\":{\"@type\":\"EntryPoint\",\"urlTemplate\":\"https:\/\/radiolifefm.com.br\/noticias\/?s={search_term_string}\"},\"query-input\":{\"@type\":\"PropertyValueSpecification\",\"valueRequired\":true,\"valueName\":\"search_term_string\"}}],\"inLanguage\":\"pt-BR\"},{\"@type\":\"Organization\",\"@id\":\"https:\/\/radiolifefm.com.br\/noticias\/#organization\",\"name\":\"R\u00e1dio Life FM\",\"alternateName\":\"Life FM\",\"url\":\"https:\/\/radiolifefm.com.br\/noticias\/\",\"logo\":{\"@type\":\"ImageObject\",\"inLanguage\":\"pt-BR\",\"@id\":\"https:\/\/radiolifefm.com.br\/noticias\/#\/schema\/logo\/image\/\",\"url\":\"https:\/\/static.radiolifefm.com.br\/noticias\/wp-content\/uploads\/2019\/10\/logo-lifefm.png\",\"contentUrl\":\"https:\/\/static.radiolifefm.com.br\/noticias\/wp-content\/uploads\/2019\/10\/logo-lifefm.png\",\"width\":196,\"height\":47,\"caption\":\"R\u00e1dio Life FM\"},\"image\":{\"@id\":\"https:\/\/radiolifefm.com.br\/noticias\/#\/schema\/logo\/image\/\"},\"sameAs\":[\"https:\/\/www.facebook.com\/radiolifefm\/\",\"https:\/\/www.instagram.com\/life1079fm\/\"]},{\"@type\":\"Person\",\"@id\":\"https:\/\/radiolifefm.com.br\/noticias\/#\/schema\/person\/6339b9fac59d12b071dec680d7375d87\",\"name\":\"ritanery\",\"image\":{\"@type\":\"ImageObject\",\"inLanguage\":\"pt-BR\",\"@id\":\"https:\/\/secure.gravatar.com\/avatar\/0e37bb19071f47c0b8a23f62a903df117c5a0e75f65a0c2901562f97cd41cf86?s=96&d=mm&r=g\",\"url\":\"https:\/\/secure.gravatar.com\/avatar\/0e37bb19071f47c0b8a23f62a903df117c5a0e75f65a0c2901562f97cd41cf86?s=96&d=mm&r=g\",\"contentUrl\":\"https:\/\/secure.gravatar.com\/avatar\/0e37bb19071f47c0b8a23f62a903df117c5a0e75f65a0c2901562f97cd41cf86?s=96&d=mm&r=g\",\"caption\":\"ritanery\"}}]}<\/script>\n<!-- \/ Yoast SEO plugin. -->","yoast_head_json":{"title":"Mais de 8 mil procedimentos de sa\u00fade de moradores de Adamantina aguardam agendamentos - R\u00e1dio Life FM","robots":{"index":"index","follow":"follow","max-snippet":"max-snippet:-1","max-image-preview":"max-image-preview:large","max-video-preview":"max-video-preview:-1"},"canonical":"https:\/\/radiolifefm.com.br\/noticias\/mais-de-8-mil-procedimentos-de-saude-de-moradores-de-adamantina-aguardam-agendamentos\/","og_locale":"pt_BR","og_type":"article","og_title":"Mais de 8 mil procedimentos de sa\u00fade de moradores de Adamantina aguardam agendamentos - R\u00e1dio Life FM","og_description":"Em resposta ao\u00a0Requerimento N\u00ba 48\/2022, de autoria do vereador Alcio Ikeda, a Secretaria Municipal de Sa\u00fade de Adamantina informou que 8.322 procedimentos (consultas, cirurgias e ambulatoriais) de moradores da cidade est\u00e3o na fila de espera para serem atendidos, em demandas que s\u00e3o de responsabilidade da sa\u00fade estadual, por meio do Departamento Regional de Sa\u00fade (DRS) [&hellip;]","og_url":"https:\/\/radiolifefm.com.br\/noticias\/mais-de-8-mil-procedimentos-de-saude-de-moradores-de-adamantina-aguardam-agendamentos\/","og_site_name":"R\u00e1dio Life FM","article_publisher":"https:\/\/www.facebook.com\/radiolifefm\/","article_published_time":"2022-04-12T00:13:48+00:00","article_modified_time":"2026-04-07T08:58:30+00:00","og_image":[{"width":600,"height":337,"url":"https:\/\/radiolifefm.com.br\/noticias\/wp-content\/uploads\/2022\/04\/eyetest50281031280jpg1649689312625442e0c9601.jpg","type":"image\/jpeg"}],"author":"ritanery","twitter_card":"summary_large_image","twitter_misc":{"Escrito por":"ritanery","Est. tempo de leitura":"2 minutos"},"schema":{"@context":"https:\/\/schema.org","@graph":[{"@type":"Article","@id":"https:\/\/radiolifefm.com.br\/noticias\/mais-de-8-mil-procedimentos-de-saude-de-moradores-de-adamantina-aguardam-agendamentos\/#article","isPartOf":{"@id":"https:\/\/radiolifefm.com.br\/noticias\/mais-de-8-mil-procedimentos-de-saude-de-moradores-de-adamantina-aguardam-agendamentos\/"},"author":{"name":"ritanery","@id":"https:\/\/radiolifefm.com.br\/noticias\/#\/schema\/person\/6339b9fac59d12b071dec680d7375d87"},"headline":"Mais de 8 mil procedimentos de sa\u00fade de moradores de Adamantina aguardam agendamentos","datePublished":"2022-04-12T00:13:48+00:00","dateModified":"2026-04-07T08:58:30+00:00","mainEntityOfPage":{"@id":"https:\/\/radiolifefm.com.br\/noticias\/mais-de-8-mil-procedimentos-de-saude-de-moradores-de-adamantina-aguardam-agendamentos\/"},"wordCount":320,"publisher":{"@id":"https:\/\/radiolifefm.com.br\/noticias\/#organization"},"image":{"@id":"https:\/\/radiolifefm.com.br\/noticias\/mais-de-8-mil-procedimentos-de-saude-de-moradores-de-adamantina-aguardam-agendamentos\/#primaryimage"},"thumbnailUrl":"https:\/\/radiolifefm.com.br\/noticias\/wp-content\/uploads\/2022\/04\/eyetest50281031280jpg1649689312625442e0c9601.jpg","articleSection":["Adamantina"],"inLanguage":"pt-BR"},{"@type":"WebPage","@id":"https:\/\/radiolifefm.com.br\/noticias\/mais-de-8-mil-procedimentos-de-saude-de-moradores-de-adamantina-aguardam-agendamentos\/","url":"https:\/\/radiolifefm.com.br\/noticias\/mais-de-8-mil-procedimentos-de-saude-de-moradores-de-adamantina-aguardam-agendamentos\/","name":"Mais de 8 mil procedimentos de sa\u00fade de moradores de Adamantina aguardam agendamentos - R\u00e1dio Life FM","isPartOf":{"@id":"https:\/\/radiolifefm.com.br\/noticias\/#website"},"primaryImageOfPage":{"@id":"https:\/\/radiolifefm.com.br\/noticias\/mais-de-8-mil-procedimentos-de-saude-de-moradores-de-adamantina-aguardam-agendamentos\/#primaryimage"},"image":{"@id":"https:\/\/radiolifefm.com.br\/noticias\/mais-de-8-mil-procedimentos-de-saude-de-moradores-de-adamantina-aguardam-agendamentos\/#primaryimage"},"thumbnailUrl":"https:\/\/radiolifefm.com.br\/noticias\/wp-content\/uploads\/2022\/04\/eyetest50281031280jpg1649689312625442e0c9601.jpg","datePublished":"2022-04-12T00:13:48+00:00","dateModified":"2026-04-07T08:58:30+00:00","breadcrumb":{"@id":"https:\/\/radiolifefm.com.br\/noticias\/mais-de-8-mil-procedimentos-de-saude-de-moradores-de-adamantina-aguardam-agendamentos\/#breadcrumb"},"inLanguage":"pt-BR","potentialAction":[{"@type":"ReadAction","target":["https:\/\/radiolifefm.com.br\/noticias\/mais-de-8-mil-procedimentos-de-saude-de-moradores-de-adamantina-aguardam-agendamentos\/"]}]},{"@type":"ImageObject","inLanguage":"pt-BR","@id":"https:\/\/radiolifefm.com.br\/noticias\/mais-de-8-mil-procedimentos-de-saude-de-moradores-de-adamantina-aguardam-agendamentos\/#primaryimage","url":"https:\/\/radiolifefm.com.br\/noticias\/wp-content\/uploads\/2022\/04\/eyetest50281031280jpg1649689312625442e0c9601.jpg","contentUrl":"https:\/\/radiolifefm.com.br\/noticias\/wp-content\/uploads\/2022\/04\/eyetest50281031280jpg1649689312625442e0c9601.jpg","width":600,"height":337,"caption":"N\u00fameros s\u00e3o da Secretaria Municipal de Sa\u00fade sobre procedimentos encaminhados ao DRS de Mar\u00edlia."},{"@type":"BreadcrumbList","@id":"https:\/\/radiolifefm.com.br\/noticias\/mais-de-8-mil-procedimentos-de-saude-de-moradores-de-adamantina-aguardam-agendamentos\/#breadcrumb","itemListElement":[{"@type":"ListItem","position":1,"name":"In\u00edcio","item":"https:\/\/radiolifefm.com.br\/noticias\/"},{"@type":"ListItem","position":2,"name":"Mais de 8 mil procedimentos de sa\u00fade de moradores de Adamantina aguardam agendamentos"}]},{"@type":"WebSite","@id":"https:\/\/radiolifefm.com.br\/noticias\/#website","url":"https:\/\/radiolifefm.com.br\/noticias\/","name":"R\u00e1dio Life FM","description":"O Portal de Not\u00edcias de Adamantina","publisher":{"@id":"https:\/\/radiolifefm.com.br\/noticias\/#organization"},"alternateName":"Life FM","potentialAction":[{"@type":"SearchAction","target":{"@type":"EntryPoint","urlTemplate":"https:\/\/radiolifefm.com.br\/noticias\/?s={search_term_string}"},"query-input":{"@type":"PropertyValueSpecification","valueRequired":true,"valueName":"search_term_string"}}],"inLanguage":"pt-BR"},{"@type":"Organization","@id":"https:\/\/radiolifefm.com.br\/noticias\/#organization","name":"R\u00e1dio Life FM","alternateName":"Life FM","url":"https:\/\/radiolifefm.com.br\/noticias\/","logo":{"@type":"ImageObject","inLanguage":"pt-BR","@id":"https:\/\/radiolifefm.com.br\/noticias\/#\/schema\/logo\/image\/","url":"https:\/\/static.radiolifefm.com.br\/noticias\/wp-content\/uploads\/2019\/10\/logo-lifefm.png","contentUrl":"https:\/\/static.radiolifefm.com.br\/noticias\/wp-content\/uploads\/2019\/10\/logo-lifefm.png","width":196,"height":47,"caption":"R\u00e1dio Life FM"},"image":{"@id":"https:\/\/radiolifefm.com.br\/noticias\/#\/schema\/logo\/image\/"},"sameAs":["https:\/\/www.facebook.com\/radiolifefm\/","https:\/\/www.instagram.com\/life1079fm\/"]},{"@type":"Person","@id":"https:\/\/radiolifefm.com.br\/noticias\/#\/schema\/person\/6339b9fac59d12b071dec680d7375d87","name":"ritanery","image":{"@type":"ImageObject","inLanguage":"pt-BR","@id":"https:\/\/secure.gravatar.com\/avatar\/0e37bb19071f47c0b8a23f62a903df117c5a0e75f65a0c2901562f97cd41cf86?s=96&d=mm&r=g","url":"https:\/\/secure.gravatar.com\/avatar\/0e37bb19071f47c0b8a23f62a903df117c5a0e75f65a0c2901562f97cd41cf86?s=96&d=mm&r=g","contentUrl":"https:\/\/secure.gravatar.com\/avatar\/0e37bb19071f47c0b8a23f62a903df117c5a0e75f65a0c2901562f97cd41cf86?s=96&d=mm&r=g","caption":"ritanery"}}]}},"amp_enabled":true,"_links":{"self":[{"href":"https:\/\/radiolifefm.com.br\/noticias\/wp-json\/wp\/v2\/posts\/52052","targetHints":{"allow":["GET"]}}],"collection":[{"href":"https:\/\/radiolifefm.com.br\/noticias\/wp-json\/wp\/v2\/posts"}],"about":[{"href":"https:\/\/radiolifefm.com.br\/noticias\/wp-json\/wp\/v2\/types\/post"}],"author":[{"embeddable":true,"href":"https:\/\/radiolifefm.com.br\/noticias\/wp-json\/wp\/v2\/users\/13"}],"replies":[{"embeddable":true,"href":"https:\/\/radiolifefm.com.br\/noticias\/wp-json\/wp\/v2\/comments?post=52052"}],"version-history":[{"count":4,"href":"https:\/\/radiolifefm.com.br\/noticias\/wp-json\/wp\/v2\/posts\/52052\/revisions"}],"predecessor-version":[{"id":52057,"href":"https:\/\/radiolifefm.com.br\/noticias\/wp-json\/wp\/v2\/posts\/52052\/revisions\/52057"}],"wp:featuredmedia":[{"embeddable":true,"href":"https:\/\/radiolifefm.com.br\/noticias\/wp-json\/wp\/v2\/media\/52053"}],"wp:attachment":[{"href":"https:\/\/radiolifefm.com.br\/noticias\/wp-json\/wp\/v2\/media?parent=52052"}],"wp:term":[{"taxonomy":"category","embeddable":true,"href":"https:\/\/radiolifefm.com.br\/noticias\/wp-json\/wp\/v2\/categories?post=52052"},{"taxonomy":"post_tag","embeddable":true,"href":"https:\/\/radiolifefm.com.br\/noticias\/wp-json\/wp\/v2\/tags?post=52052"}],"curies":[{"name":"wp","href":"https:\/\/api.w.org\/{rel}","templated":true}]}}