{"id":52039,"date":"2022-04-11T14:52:01","date_gmt":"2022-04-11T17:52:01","guid":{"rendered":"https:\/\/radiolifefm.com.br\/noticias\/?p=52039"},"modified":"2026-04-07T14:45:59","modified_gmt":"2026-04-07T17:45:59","slug":"confira-o-que-abre-e-fecha-no-feriado-de-pascoa","status":"publish","type":"post","link":"https:\/\/radiolifefm.com.br\/noticias\/confira-o-que-abre-e-fecha-no-feriado-de-pascoa\/","title":{"rendered":"Confira o que abre e fecha no feriado de P\u00e1scoa"},"content":{"rendered":"<div id=\"fb-root\"><\/div>\n<p>De acordo com o Decreto n\u00ba 6.460 de 09 de dezembro de 2021, a Prefeitura de Adamantina informa que sexta-feira (15) \u00e9 feriado devido a Semana Santa.<\/p>\n<p>&nbsp;<\/p>\n<p>Sendo assim, o expediente no Pa\u00e7o Municipal ser\u00e1 encerrado na quinta-feira (14), \u00e0s 17h30, e retomado na segunda-feira (18).<\/p>\n<p>&nbsp;<\/p>\n<p align=\"center\"><strong>Saiba o que abre e fecha no munic\u00edpio de Adamantina<\/strong><\/p>\n<p>&nbsp;<\/p>\n<p><strong>Coleta de lixo &#8211;<\/strong>\u00a0A coleta de lixo ser\u00e1 suspensa na sexta-feira (15). O servi\u00e7o ser\u00e1 retomado no s\u00e1bado (16).<\/p>\n<p>&nbsp;<\/p>\n<p><strong>Feiras &#8211;<\/strong>\u00a0A feira realizada tradicionalmente na sexta-feira na Pra\u00e7a Prestes Maia ser\u00e1 antecipada para quinta-feira (14). No domingo (17), a feira realizada na Pra\u00e7a Deputado Jos\u00e9 Costa acontece normalmente.<\/p>\n<p>&nbsp;<\/p>\n<p><strong>Central Covid-19-<\/strong>\u00a0O Post\u00e3o, local onde funciona a Central COVID- 19, suspender\u00e1 o atendimento na sexta-feira (15); s\u00e1bado (16) e domingo (17). Os atendimentos ser\u00e3o retomados na segunda-feira (18).<\/p>\n<p>&nbsp;<\/p>\n<p><strong>Ganha Tempo &#8211;<\/strong>\u00a0O Ganha Tempo tamb\u00e9m n\u00e3o funciona na sexta-feira (15). Os servi\u00e7os retornam segunda-feira (18). No espa\u00e7o funcionam: Banco do Povo, Detran.SP, Posto de Atendimento ao Trabalhador (PAT) e Procon.<\/p>\n<p>&nbsp;<\/p>\n<p><strong>Educa\u00e7\u00e3o Municipal &#8211;<\/strong>\u00a0\u00a0As aulas na rede municipal de ensino foram suspensas na sexta-feira (15). Os atendimentos ser\u00e3o retomados somente na segunda-feira (18).<\/p>\n<p>&nbsp;<\/p>\n<p>Fonte: Assessoria de Imprensa<\/p>\n","protected":false},"excerpt":{"rendered":"<p>De acordo com o Decreto n\u00ba 6.460 de 09 de dezembro de 2021, a Prefeitura de Adamantina informa que sexta-feira (15) \u00e9 feriado devido a Semana Santa. &nbsp; Sendo assim, o expediente no Pa\u00e7o Municipal ser\u00e1 encerrado na quinta-feira (14), \u00e0s 17h30, e retomado na segunda-feira (18). &nbsp; Saiba o que abre e fecha no [&hellip;]<\/p>\n","protected":false},"author":13,"featured_media":52040,"comment_status":"closed","ping_status":"open","sticky":false,"template":"","format":"standard","meta":{"_acf_changed":false,"_exactmetrics_skip_tracking":false,"_exactmetrics_sitenote_active":false,"_exactmetrics_sitenote_note":"","_exactmetrics_sitenote_category":0,"footnotes":""},"categories":[21],"tags":[],"class_list":["post-52039","post","type-post","status-publish","format-standard","has-post-thumbnail","hentry","category-adamantina"],"acf":[],"yoast_head":"<!-- This site is optimized with the Yoast SEO plugin v27.2 - https:\/\/yoast.com\/product\/yoast-seo-wordpress\/ -->\n<title>Confira o que abre e fecha no feriado de P\u00e1scoa - R\u00e1dio Life FM<\/title>\n<meta name=\"robots\" content=\"index, follow, max-snippet:-1, max-image-preview:large, max-video-preview:-1\" \/>\n<link rel=\"canonical\" href=\"https:\/\/radiolifefm.com.br\/noticias\/confira-o-que-abre-e-fecha-no-feriado-de-pascoa\/\" \/>\n<meta property=\"og:locale\" content=\"pt_BR\" \/>\n<meta property=\"og:type\" content=\"article\" \/>\n<meta property=\"og:title\" content=\"Confira o que abre e fecha no feriado de P\u00e1scoa - R\u00e1dio Life FM\" \/>\n<meta property=\"og:description\" content=\"De acordo com o Decreto n\u00ba 6.460 de 09 de dezembro de 2021, a Prefeitura de Adamantina informa que sexta-feira (15) \u00e9 feriado devido a Semana Santa. &nbsp; Sendo assim, o expediente no Pa\u00e7o Municipal ser\u00e1 encerrado na quinta-feira (14), \u00e0s 17h30, e retomado na segunda-feira (18). &nbsp; Saiba o que abre e fecha no [&hellip;]\" \/>\n<meta property=\"og:url\" content=\"https:\/\/radiolifefm.com.br\/noticias\/confira-o-que-abre-e-fecha-no-feriado-de-pascoa\/\" \/>\n<meta property=\"og:site_name\" content=\"R\u00e1dio Life FM\" \/>\n<meta property=\"article:publisher\" content=\"https:\/\/www.facebook.com\/radiolifefm\/\" \/>\n<meta property=\"article:published_time\" content=\"2022-04-11T17:52:01+00:00\" \/>\n<meta property=\"article:modified_time\" content=\"2026-04-07T17:45:59+00:00\" \/>\n<meta property=\"og:image\" content=\"https:\/\/radiolifefm.com.br\/noticias\/wp-content\/uploads\/2022\/04\/mensagens-de-pascoa-1024x538-1.png\" \/>\n\t<meta property=\"og:image:width\" content=\"1024\" \/>\n\t<meta property=\"og:image:height\" content=\"538\" \/>\n\t<meta property=\"og:image:type\" content=\"image\/png\" \/>\n<meta name=\"author\" content=\"ritanery\" \/>\n<meta name=\"twitter:card\" content=\"summary_large_image\" \/>\n<meta name=\"twitter:label1\" content=\"Escrito por\" \/>\n\t<meta name=\"twitter:data1\" content=\"ritanery\" \/>\n\t<meta name=\"twitter:label2\" content=\"Est. tempo de leitura\" \/>\n\t<meta name=\"twitter:data2\" content=\"1 minuto\" \/>\n<script type=\"application\/ld+json\" class=\"yoast-schema-graph\">{\"@context\":\"https:\/\/schema.org\",\"@graph\":[{\"@type\":\"Article\",\"@id\":\"https:\/\/radiolifefm.com.br\/noticias\/confira-o-que-abre-e-fecha-no-feriado-de-pascoa\/#article\",\"isPartOf\":{\"@id\":\"https:\/\/radiolifefm.com.br\/noticias\/confira-o-que-abre-e-fecha-no-feriado-de-pascoa\/\"},\"author\":{\"name\":\"ritanery\",\"@id\":\"https:\/\/radiolifefm.com.br\/noticias\/#\/schema\/person\/6339b9fac59d12b071dec680d7375d87\"},\"headline\":\"Confira o que abre e fecha no feriado de P\u00e1scoa\",\"datePublished\":\"2022-04-11T17:52:01+00:00\",\"dateModified\":\"2026-04-07T17:45:59+00:00\",\"mainEntityOfPage\":{\"@id\":\"https:\/\/radiolifefm.com.br\/noticias\/confira-o-que-abre-e-fecha-no-feriado-de-pascoa\/\"},\"wordCount\":210,\"publisher\":{\"@id\":\"https:\/\/radiolifefm.com.br\/noticias\/#organization\"},\"image\":{\"@id\":\"https:\/\/radiolifefm.com.br\/noticias\/confira-o-que-abre-e-fecha-no-feriado-de-pascoa\/#primaryimage\"},\"thumbnailUrl\":\"https:\/\/radiolifefm.com.br\/noticias\/wp-content\/uploads\/2022\/04\/mensagens-de-pascoa-1024x538-1.png\",\"articleSection\":[\"Adamantina\"],\"inLanguage\":\"pt-BR\"},{\"@type\":\"WebPage\",\"@id\":\"https:\/\/radiolifefm.com.br\/noticias\/confira-o-que-abre-e-fecha-no-feriado-de-pascoa\/\",\"url\":\"https:\/\/radiolifefm.com.br\/noticias\/confira-o-que-abre-e-fecha-no-feriado-de-pascoa\/\",\"name\":\"Confira o que abre e fecha no feriado de P\u00e1scoa - R\u00e1dio Life FM\",\"isPartOf\":{\"@id\":\"https:\/\/radiolifefm.com.br\/noticias\/#website\"},\"primaryImageOfPage\":{\"@id\":\"https:\/\/radiolifefm.com.br\/noticias\/confira-o-que-abre-e-fecha-no-feriado-de-pascoa\/#primaryimage\"},\"image\":{\"@id\":\"https:\/\/radiolifefm.com.br\/noticias\/confira-o-que-abre-e-fecha-no-feriado-de-pascoa\/#primaryimage\"},\"thumbnailUrl\":\"https:\/\/radiolifefm.com.br\/noticias\/wp-content\/uploads\/2022\/04\/mensagens-de-pascoa-1024x538-1.png\",\"datePublished\":\"2022-04-11T17:52:01+00:00\",\"dateModified\":\"2026-04-07T17:45:59+00:00\",\"breadcrumb\":{\"@id\":\"https:\/\/radiolifefm.com.br\/noticias\/confira-o-que-abre-e-fecha-no-feriado-de-pascoa\/#breadcrumb\"},\"inLanguage\":\"pt-BR\",\"potentialAction\":[{\"@type\":\"ReadAction\",\"target\":[\"https:\/\/radiolifefm.com.br\/noticias\/confira-o-que-abre-e-fecha-no-feriado-de-pascoa\/\"]}]},{\"@type\":\"ImageObject\",\"inLanguage\":\"pt-BR\",\"@id\":\"https:\/\/radiolifefm.com.br\/noticias\/confira-o-que-abre-e-fecha-no-feriado-de-pascoa\/#primaryimage\",\"url\":\"https:\/\/radiolifefm.com.br\/noticias\/wp-content\/uploads\/2022\/04\/mensagens-de-pascoa-1024x538-1.png\",\"contentUrl\":\"https:\/\/radiolifefm.com.br\/noticias\/wp-content\/uploads\/2022\/04\/mensagens-de-pascoa-1024x538-1.png\",\"width\":1024,\"height\":538},{\"@type\":\"BreadcrumbList\",\"@id\":\"https:\/\/radiolifefm.com.br\/noticias\/confira-o-que-abre-e-fecha-no-feriado-de-pascoa\/#breadcrumb\",\"itemListElement\":[{\"@type\":\"ListItem\",\"position\":1,\"name\":\"In\u00edcio\",\"item\":\"https:\/\/radiolifefm.com.br\/noticias\/\"},{\"@type\":\"ListItem\",\"position\":2,\"name\":\"Confira o que abre e fecha no feriado de P\u00e1scoa\"}]},{\"@type\":\"WebSite\",\"@id\":\"https:\/\/radiolifefm.com.br\/noticias\/#website\",\"url\":\"https:\/\/radiolifefm.com.br\/noticias\/\",\"name\":\"R\u00e1dio Life FM\",\"description\":\"O Portal de Not\u00edcias de Adamantina\",\"publisher\":{\"@id\":\"https:\/\/radiolifefm.com.br\/noticias\/#organization\"},\"alternateName\":\"Life FM\",\"potentialAction\":[{\"@type\":\"SearchAction\",\"target\":{\"@type\":\"EntryPoint\",\"urlTemplate\":\"https:\/\/radiolifefm.com.br\/noticias\/?s={search_term_string}\"},\"query-input\":{\"@type\":\"PropertyValueSpecification\",\"valueRequired\":true,\"valueName\":\"search_term_string\"}}],\"inLanguage\":\"pt-BR\"},{\"@type\":\"Organization\",\"@id\":\"https:\/\/radiolifefm.com.br\/noticias\/#organization\",\"name\":\"R\u00e1dio Life FM\",\"alternateName\":\"Life FM\",\"url\":\"https:\/\/radiolifefm.com.br\/noticias\/\",\"logo\":{\"@type\":\"ImageObject\",\"inLanguage\":\"pt-BR\",\"@id\":\"https:\/\/radiolifefm.com.br\/noticias\/#\/schema\/logo\/image\/\",\"url\":\"https:\/\/static.radiolifefm.com.br\/noticias\/wp-content\/uploads\/2019\/10\/logo-lifefm.png\",\"contentUrl\":\"https:\/\/static.radiolifefm.com.br\/noticias\/wp-content\/uploads\/2019\/10\/logo-lifefm.png\",\"width\":196,\"height\":47,\"caption\":\"R\u00e1dio Life FM\"},\"image\":{\"@id\":\"https:\/\/radiolifefm.com.br\/noticias\/#\/schema\/logo\/image\/\"},\"sameAs\":[\"https:\/\/www.facebook.com\/radiolifefm\/\",\"https:\/\/www.instagram.com\/life1079fm\/\"]},{\"@type\":\"Person\",\"@id\":\"https:\/\/radiolifefm.com.br\/noticias\/#\/schema\/person\/6339b9fac59d12b071dec680d7375d87\",\"name\":\"ritanery\",\"image\":{\"@type\":\"ImageObject\",\"inLanguage\":\"pt-BR\",\"@id\":\"https:\/\/secure.gravatar.com\/avatar\/0e37bb19071f47c0b8a23f62a903df117c5a0e75f65a0c2901562f97cd41cf86?s=96&d=mm&r=g\",\"url\":\"https:\/\/secure.gravatar.com\/avatar\/0e37bb19071f47c0b8a23f62a903df117c5a0e75f65a0c2901562f97cd41cf86?s=96&d=mm&r=g\",\"contentUrl\":\"https:\/\/secure.gravatar.com\/avatar\/0e37bb19071f47c0b8a23f62a903df117c5a0e75f65a0c2901562f97cd41cf86?s=96&d=mm&r=g\",\"caption\":\"ritanery\"}}]}<\/script>\n<!-- \/ Yoast SEO plugin. -->","yoast_head_json":{"title":"Confira o que abre e fecha no feriado de P\u00e1scoa - R\u00e1dio Life FM","robots":{"index":"index","follow":"follow","max-snippet":"max-snippet:-1","max-image-preview":"max-image-preview:large","max-video-preview":"max-video-preview:-1"},"canonical":"https:\/\/radiolifefm.com.br\/noticias\/confira-o-que-abre-e-fecha-no-feriado-de-pascoa\/","og_locale":"pt_BR","og_type":"article","og_title":"Confira o que abre e fecha no feriado de P\u00e1scoa - R\u00e1dio Life FM","og_description":"De acordo com o Decreto n\u00ba 6.460 de 09 de dezembro de 2021, a Prefeitura de Adamantina informa que sexta-feira (15) \u00e9 feriado devido a Semana Santa. &nbsp; Sendo assim, o expediente no Pa\u00e7o Municipal ser\u00e1 encerrado na quinta-feira (14), \u00e0s 17h30, e retomado na segunda-feira (18). &nbsp; Saiba o que abre e fecha no [&hellip;]","og_url":"https:\/\/radiolifefm.com.br\/noticias\/confira-o-que-abre-e-fecha-no-feriado-de-pascoa\/","og_site_name":"R\u00e1dio Life FM","article_publisher":"https:\/\/www.facebook.com\/radiolifefm\/","article_published_time":"2022-04-11T17:52:01+00:00","article_modified_time":"2026-04-07T17:45:59+00:00","og_image":[{"width":1024,"height":538,"url":"https:\/\/radiolifefm.com.br\/noticias\/wp-content\/uploads\/2022\/04\/mensagens-de-pascoa-1024x538-1.png","type":"image\/png"}],"author":"ritanery","twitter_card":"summary_large_image","twitter_misc":{"Escrito por":"ritanery","Est. tempo de leitura":"1 minuto"},"schema":{"@context":"https:\/\/schema.org","@graph":[{"@type":"Article","@id":"https:\/\/radiolifefm.com.br\/noticias\/confira-o-que-abre-e-fecha-no-feriado-de-pascoa\/#article","isPartOf":{"@id":"https:\/\/radiolifefm.com.br\/noticias\/confira-o-que-abre-e-fecha-no-feriado-de-pascoa\/"},"author":{"name":"ritanery","@id":"https:\/\/radiolifefm.com.br\/noticias\/#\/schema\/person\/6339b9fac59d12b071dec680d7375d87"},"headline":"Confira o que abre e fecha no feriado de P\u00e1scoa","datePublished":"2022-04-11T17:52:01+00:00","dateModified":"2026-04-07T17:45:59+00:00","mainEntityOfPage":{"@id":"https:\/\/radiolifefm.com.br\/noticias\/confira-o-que-abre-e-fecha-no-feriado-de-pascoa\/"},"wordCount":210,"publisher":{"@id":"https:\/\/radiolifefm.com.br\/noticias\/#organization"},"image":{"@id":"https:\/\/radiolifefm.com.br\/noticias\/confira-o-que-abre-e-fecha-no-feriado-de-pascoa\/#primaryimage"},"thumbnailUrl":"https:\/\/radiolifefm.com.br\/noticias\/wp-content\/uploads\/2022\/04\/mensagens-de-pascoa-1024x538-1.png","articleSection":["Adamantina"],"inLanguage":"pt-BR"},{"@type":"WebPage","@id":"https:\/\/radiolifefm.com.br\/noticias\/confira-o-que-abre-e-fecha-no-feriado-de-pascoa\/","url":"https:\/\/radiolifefm.com.br\/noticias\/confira-o-que-abre-e-fecha-no-feriado-de-pascoa\/","name":"Confira o que abre e fecha no feriado de P\u00e1scoa - R\u00e1dio Life FM","isPartOf":{"@id":"https:\/\/radiolifefm.com.br\/noticias\/#website"},"primaryImageOfPage":{"@id":"https:\/\/radiolifefm.com.br\/noticias\/confira-o-que-abre-e-fecha-no-feriado-de-pascoa\/#primaryimage"},"image":{"@id":"https:\/\/radiolifefm.com.br\/noticias\/confira-o-que-abre-e-fecha-no-feriado-de-pascoa\/#primaryimage"},"thumbnailUrl":"https:\/\/radiolifefm.com.br\/noticias\/wp-content\/uploads\/2022\/04\/mensagens-de-pascoa-1024x538-1.png","datePublished":"2022-04-11T17:52:01+00:00","dateModified":"2026-04-07T17:45:59+00:00","breadcrumb":{"@id":"https:\/\/radiolifefm.com.br\/noticias\/confira-o-que-abre-e-fecha-no-feriado-de-pascoa\/#breadcrumb"},"inLanguage":"pt-BR","potentialAction":[{"@type":"ReadAction","target":["https:\/\/radiolifefm.com.br\/noticias\/confira-o-que-abre-e-fecha-no-feriado-de-pascoa\/"]}]},{"@type":"ImageObject","inLanguage":"pt-BR","@id":"https:\/\/radiolifefm.com.br\/noticias\/confira-o-que-abre-e-fecha-no-feriado-de-pascoa\/#primaryimage","url":"https:\/\/radiolifefm.com.br\/noticias\/wp-content\/uploads\/2022\/04\/mensagens-de-pascoa-1024x538-1.png","contentUrl":"https:\/\/radiolifefm.com.br\/noticias\/wp-content\/uploads\/2022\/04\/mensagens-de-pascoa-1024x538-1.png","width":1024,"height":538},{"@type":"BreadcrumbList","@id":"https:\/\/radiolifefm.com.br\/noticias\/confira-o-que-abre-e-fecha-no-feriado-de-pascoa\/#breadcrumb","itemListElement":[{"@type":"ListItem","position":1,"name":"In\u00edcio","item":"https:\/\/radiolifefm.com.br\/noticias\/"},{"@type":"ListItem","position":2,"name":"Confira o que abre e fecha no feriado de P\u00e1scoa"}]},{"@type":"WebSite","@id":"https:\/\/radiolifefm.com.br\/noticias\/#website","url":"https:\/\/radiolifefm.com.br\/noticias\/","name":"R\u00e1dio Life FM","description":"O Portal de Not\u00edcias de Adamantina","publisher":{"@id":"https:\/\/radiolifefm.com.br\/noticias\/#organization"},"alternateName":"Life FM","potentialAction":[{"@type":"SearchAction","target":{"@type":"EntryPoint","urlTemplate":"https:\/\/radiolifefm.com.br\/noticias\/?s={search_term_string}"},"query-input":{"@type":"PropertyValueSpecification","valueRequired":true,"valueName":"search_term_string"}}],"inLanguage":"pt-BR"},{"@type":"Organization","@id":"https:\/\/radiolifefm.com.br\/noticias\/#organization","name":"R\u00e1dio Life FM","alternateName":"Life FM","url":"https:\/\/radiolifefm.com.br\/noticias\/","logo":{"@type":"ImageObject","inLanguage":"pt-BR","@id":"https:\/\/radiolifefm.com.br\/noticias\/#\/schema\/logo\/image\/","url":"https:\/\/static.radiolifefm.com.br\/noticias\/wp-content\/uploads\/2019\/10\/logo-lifefm.png","contentUrl":"https:\/\/static.radiolifefm.com.br\/noticias\/wp-content\/uploads\/2019\/10\/logo-lifefm.png","width":196,"height":47,"caption":"R\u00e1dio Life FM"},"image":{"@id":"https:\/\/radiolifefm.com.br\/noticias\/#\/schema\/logo\/image\/"},"sameAs":["https:\/\/www.facebook.com\/radiolifefm\/","https:\/\/www.instagram.com\/life1079fm\/"]},{"@type":"Person","@id":"https:\/\/radiolifefm.com.br\/noticias\/#\/schema\/person\/6339b9fac59d12b071dec680d7375d87","name":"ritanery","image":{"@type":"ImageObject","inLanguage":"pt-BR","@id":"https:\/\/secure.gravatar.com\/avatar\/0e37bb19071f47c0b8a23f62a903df117c5a0e75f65a0c2901562f97cd41cf86?s=96&d=mm&r=g","url":"https:\/\/secure.gravatar.com\/avatar\/0e37bb19071f47c0b8a23f62a903df117c5a0e75f65a0c2901562f97cd41cf86?s=96&d=mm&r=g","contentUrl":"https:\/\/secure.gravatar.com\/avatar\/0e37bb19071f47c0b8a23f62a903df117c5a0e75f65a0c2901562f97cd41cf86?s=96&d=mm&r=g","caption":"ritanery"}}]}},"amp_enabled":true,"_links":{"self":[{"href":"https:\/\/radiolifefm.com.br\/noticias\/wp-json\/wp\/v2\/posts\/52039","targetHints":{"allow":["GET"]}}],"collection":[{"href":"https:\/\/radiolifefm.com.br\/noticias\/wp-json\/wp\/v2\/posts"}],"about":[{"href":"https:\/\/radiolifefm.com.br\/noticias\/wp-json\/wp\/v2\/types\/post"}],"author":[{"embeddable":true,"href":"https:\/\/radiolifefm.com.br\/noticias\/wp-json\/wp\/v2\/users\/13"}],"replies":[{"embeddable":true,"href":"https:\/\/radiolifefm.com.br\/noticias\/wp-json\/wp\/v2\/comments?post=52039"}],"version-history":[{"count":1,"href":"https:\/\/radiolifefm.com.br\/noticias\/wp-json\/wp\/v2\/posts\/52039\/revisions"}],"predecessor-version":[{"id":52041,"href":"https:\/\/radiolifefm.com.br\/noticias\/wp-json\/wp\/v2\/posts\/52039\/revisions\/52041"}],"wp:featuredmedia":[{"embeddable":true,"href":"https:\/\/radiolifefm.com.br\/noticias\/wp-json\/wp\/v2\/media\/52040"}],"wp:attachment":[{"href":"https:\/\/radiolifefm.com.br\/noticias\/wp-json\/wp\/v2\/media?parent=52039"}],"wp:term":[{"taxonomy":"category","embeddable":true,"href":"https:\/\/radiolifefm.com.br\/noticias\/wp-json\/wp\/v2\/categories?post=52039"},{"taxonomy":"post_tag","embeddable":true,"href":"https:\/\/radiolifefm.com.br\/noticias\/wp-json\/wp\/v2\/tags?post=52039"}],"curies":[{"name":"wp","href":"https:\/\/api.w.org\/{rel}","templated":true}]}}