{"id":51973,"date":"2022-04-09T16:33:36","date_gmt":"2022-04-09T19:33:36","guid":{"rendered":"https:\/\/radiolifefm.com.br\/noticias\/?p=51973"},"modified":"2026-03-19T16:25:20","modified_gmt":"2026-03-19T19:25:20","slug":"idoso-e-seu-cao-sao-encontrados-sem-vida-no-quintal-de-casa-em-adamantina","status":"publish","type":"post","link":"https:\/\/radiolifefm.com.br\/noticias\/idoso-e-seu-cao-sao-encontrados-sem-vida-no-quintal-de-casa-em-adamantina\/","title":{"rendered":"Idoso e seu c\u00e3o s\u00e3o encontrados sem vida no quintal de casa, em Adamantina"},"content":{"rendered":"<div id=\"fb-root\"><\/div>\n<p style=\"font-weight: 400\">Um homem de 60 anos e seu c\u00e3o foram encontrados sem vida na manh\u00e3 deste s\u00e1bado (9) em Adamantina, na Rua Ant\u00f4nio Shimidt Vilela, proximidades da Igreja Nossa Senhora de F\u00e1tima.<\/p>\n<p style=\"font-weight: 400\">Segundo familiares ouvidos no local, hoje de manh\u00e3, o homem morava sozinho no im\u00f3vel. O \u00faltimo contato com ele ocorreu na ter\u00e7a-feira (5).<\/p>\n<p><img decoding=\"async\" src=\"https:\/\/www.sigamais.com\/arquivo\/uploads\/img1068-1jpg16495168936251a15d9733b.jpg\" \/><\/p>\n<p>Eles contaram que hoje pela manh\u00e3 um vizinho viu o c\u00e3o do morador, sem vida, na \u00e1rea em frente ao im\u00f3vel, e decidiu contat\u00e1-los. Eles foram at\u00e9 o local. O corpo do homem estava ca\u00eddo no quintal, rente a uma \u00e1rea de servi\u00e7o, no fundo da casa, j\u00e1 em estado de decomposi\u00e7\u00e3o.<\/p>\n<p>Equipes do Corpo de Bombeiros e da Pol\u00edcia Militar foram acionadas para as provid\u00eancias iniciais quanto ao caso. A \u00e1rea foi preservada para os trabalhos dos peritos da Pol\u00edcia Cient\u00edfica. Com a conclus\u00e3o do levantamento dos dados pelos peritos, o corpo do morador foi removido pelo servi\u00e7o funer\u00e1rio, para exames necropsiais pelos agentes do Instituto M\u00e9dico Legal (IML).<\/p>\n<p style=\"font-weight: 400\">Segundo familiares, ap\u00f3s a libera\u00e7\u00e3o do corpo pelo IML, haver\u00e1 o sepultamento no cemit\u00e9rio local. A previs\u00e3o \u00e9 que ocorra ainda hoje. A morte do morador provavelmente tenha ocorrido h\u00e1 cerca de tr\u00eas ou quadro dias.<\/p>\n<p style=\"font-weight: 400\">O caso foi registrado, tamb\u00e9m, junto ao plant\u00e3o da Pol\u00edcia Civil, que investigar\u00e1. Os laudos periciais dever\u00e3o subsidiar a apura\u00e7\u00e3o para tentar identificar a causa da morte.<\/p>\n<p>&nbsp;<\/p>\n<p>Fonte: Siga Mais<\/p>\n","protected":false},"excerpt":{"rendered":"<p>Um homem de 60 anos e seu c\u00e3o foram encontrados sem vida na manh\u00e3 deste s\u00e1bado (9) em Adamantina, na Rua Ant\u00f4nio Shimidt Vilela, proximidades da Igreja Nossa Senhora de F\u00e1tima. Segundo familiares ouvidos no local, hoje de manh\u00e3, o homem morava sozinho no im\u00f3vel. O \u00faltimo contato com ele ocorreu na ter\u00e7a-feira (5). Eles [&hellip;]<\/p>\n","protected":false},"author":13,"featured_media":51974,"comment_status":"closed","ping_status":"open","sticky":false,"template":"","format":"standard","meta":{"_acf_changed":false,"_exactmetrics_skip_tracking":false,"_exactmetrics_sitenote_active":false,"_exactmetrics_sitenote_note":"","_exactmetrics_sitenote_category":0,"footnotes":""},"categories":[21],"tags":[],"class_list":["post-51973","post","type-post","status-publish","format-standard","has-post-thumbnail","hentry","category-adamantina"],"acf":[],"yoast_head":"<!-- This site is optimized with the Yoast SEO plugin v27.2 - https:\/\/yoast.com\/product\/yoast-seo-wordpress\/ -->\n<title>Idoso e seu c\u00e3o s\u00e3o encontrados sem vida no quintal de casa, em Adamantina - R\u00e1dio Life FM<\/title>\n<meta name=\"robots\" content=\"index, follow, max-snippet:-1, max-image-preview:large, max-video-preview:-1\" \/>\n<link rel=\"canonical\" href=\"https:\/\/radiolifefm.com.br\/noticias\/idoso-e-seu-cao-sao-encontrados-sem-vida-no-quintal-de-casa-em-adamantina\/\" \/>\n<meta property=\"og:locale\" content=\"pt_BR\" \/>\n<meta property=\"og:type\" content=\"article\" \/>\n<meta property=\"og:title\" content=\"Idoso e seu c\u00e3o s\u00e3o encontrados sem vida no quintal de casa, em Adamantina - R\u00e1dio Life FM\" \/>\n<meta property=\"og:description\" content=\"Um homem de 60 anos e seu c\u00e3o foram encontrados sem vida na manh\u00e3 deste s\u00e1bado (9) em Adamantina, na Rua Ant\u00f4nio Shimidt Vilela, proximidades da Igreja Nossa Senhora de F\u00e1tima. Segundo familiares ouvidos no local, hoje de manh\u00e3, o homem morava sozinho no im\u00f3vel. O \u00faltimo contato com ele ocorreu na ter\u00e7a-feira (5). Eles [&hellip;]\" \/>\n<meta property=\"og:url\" content=\"https:\/\/radiolifefm.com.br\/noticias\/idoso-e-seu-cao-sao-encontrados-sem-vida-no-quintal-de-casa-em-adamantina\/\" \/>\n<meta property=\"og:site_name\" content=\"R\u00e1dio Life FM\" \/>\n<meta property=\"article:publisher\" content=\"https:\/\/www.facebook.com\/radiolifefm\/\" \/>\n<meta property=\"article:published_time\" content=\"2022-04-09T19:33:36+00:00\" \/>\n<meta property=\"article:modified_time\" content=\"2026-03-19T19:25:20+00:00\" \/>\n<meta property=\"og:image\" content=\"https:\/\/radiolifefm.com.br\/noticias\/wp-content\/uploads\/2022\/04\/img1067-1jpg16495169426251a18e552f7.jpg\" \/>\n\t<meta property=\"og:image:width\" content=\"600\" \/>\n\t<meta property=\"og:image:height\" content=\"337\" \/>\n\t<meta property=\"og:image:type\" content=\"image\/jpeg\" \/>\n<meta name=\"author\" content=\"ritanery\" \/>\n<meta name=\"twitter:card\" content=\"summary_large_image\" \/>\n<meta name=\"twitter:label1\" content=\"Escrito por\" \/>\n\t<meta name=\"twitter:data1\" content=\"ritanery\" \/>\n\t<meta name=\"twitter:label2\" content=\"Est. tempo de leitura\" \/>\n\t<meta name=\"twitter:data2\" content=\"2 minutos\" \/>\n<script type=\"application\/ld+json\" class=\"yoast-schema-graph\">{\"@context\":\"https:\/\/schema.org\",\"@graph\":[{\"@type\":\"Article\",\"@id\":\"https:\/\/radiolifefm.com.br\/noticias\/idoso-e-seu-cao-sao-encontrados-sem-vida-no-quintal-de-casa-em-adamantina\/#article\",\"isPartOf\":{\"@id\":\"https:\/\/radiolifefm.com.br\/noticias\/idoso-e-seu-cao-sao-encontrados-sem-vida-no-quintal-de-casa-em-adamantina\/\"},\"author\":{\"name\":\"ritanery\",\"@id\":\"https:\/\/radiolifefm.com.br\/noticias\/#\/schema\/person\/6339b9fac59d12b071dec680d7375d87\"},\"headline\":\"Idoso e seu c\u00e3o s\u00e3o encontrados sem vida no quintal de casa, em Adamantina\",\"datePublished\":\"2022-04-09T19:33:36+00:00\",\"dateModified\":\"2026-03-19T19:25:20+00:00\",\"mainEntityOfPage\":{\"@id\":\"https:\/\/radiolifefm.com.br\/noticias\/idoso-e-seu-cao-sao-encontrados-sem-vida-no-quintal-de-casa-em-adamantina\/\"},\"wordCount\":273,\"publisher\":{\"@id\":\"https:\/\/radiolifefm.com.br\/noticias\/#organization\"},\"image\":{\"@id\":\"https:\/\/radiolifefm.com.br\/noticias\/idoso-e-seu-cao-sao-encontrados-sem-vida-no-quintal-de-casa-em-adamantina\/#primaryimage\"},\"thumbnailUrl\":\"https:\/\/radiolifefm.com.br\/noticias\/wp-content\/uploads\/2022\/04\/img1067-1jpg16495169426251a18e552f7.jpg\",\"articleSection\":[\"Adamantina\"],\"inLanguage\":\"pt-BR\"},{\"@type\":\"WebPage\",\"@id\":\"https:\/\/radiolifefm.com.br\/noticias\/idoso-e-seu-cao-sao-encontrados-sem-vida-no-quintal-de-casa-em-adamantina\/\",\"url\":\"https:\/\/radiolifefm.com.br\/noticias\/idoso-e-seu-cao-sao-encontrados-sem-vida-no-quintal-de-casa-em-adamantina\/\",\"name\":\"Idoso e seu c\u00e3o s\u00e3o encontrados sem vida no quintal de casa, em Adamantina - R\u00e1dio Life FM\",\"isPartOf\":{\"@id\":\"https:\/\/radiolifefm.com.br\/noticias\/#website\"},\"primaryImageOfPage\":{\"@id\":\"https:\/\/radiolifefm.com.br\/noticias\/idoso-e-seu-cao-sao-encontrados-sem-vida-no-quintal-de-casa-em-adamantina\/#primaryimage\"},\"image\":{\"@id\":\"https:\/\/radiolifefm.com.br\/noticias\/idoso-e-seu-cao-sao-encontrados-sem-vida-no-quintal-de-casa-em-adamantina\/#primaryimage\"},\"thumbnailUrl\":\"https:\/\/radiolifefm.com.br\/noticias\/wp-content\/uploads\/2022\/04\/img1067-1jpg16495169426251a18e552f7.jpg\",\"datePublished\":\"2022-04-09T19:33:36+00:00\",\"dateModified\":\"2026-03-19T19:25:20+00:00\",\"breadcrumb\":{\"@id\":\"https:\/\/radiolifefm.com.br\/noticias\/idoso-e-seu-cao-sao-encontrados-sem-vida-no-quintal-de-casa-em-adamantina\/#breadcrumb\"},\"inLanguage\":\"pt-BR\",\"potentialAction\":[{\"@type\":\"ReadAction\",\"target\":[\"https:\/\/radiolifefm.com.br\/noticias\/idoso-e-seu-cao-sao-encontrados-sem-vida-no-quintal-de-casa-em-adamantina\/\"]}]},{\"@type\":\"ImageObject\",\"inLanguage\":\"pt-BR\",\"@id\":\"https:\/\/radiolifefm.com.br\/noticias\/idoso-e-seu-cao-sao-encontrados-sem-vida-no-quintal-de-casa-em-adamantina\/#primaryimage\",\"url\":\"https:\/\/radiolifefm.com.br\/noticias\/wp-content\/uploads\/2022\/04\/img1067-1jpg16495169426251a18e552f7.jpg\",\"contentUrl\":\"https:\/\/radiolifefm.com.br\/noticias\/wp-content\/uploads\/2022\/04\/img1067-1jpg16495169426251a18e552f7.jpg\",\"width\":600,\"height\":337,\"caption\":\"Homem foi encontrado sem vida no fundo da casa, e o c\u00e3o na \u00e1rea da frente do im\u00f3vel.\"},{\"@type\":\"BreadcrumbList\",\"@id\":\"https:\/\/radiolifefm.com.br\/noticias\/idoso-e-seu-cao-sao-encontrados-sem-vida-no-quintal-de-casa-em-adamantina\/#breadcrumb\",\"itemListElement\":[{\"@type\":\"ListItem\",\"position\":1,\"name\":\"In\u00edcio\",\"item\":\"https:\/\/radiolifefm.com.br\/noticias\/\"},{\"@type\":\"ListItem\",\"position\":2,\"name\":\"Idoso e seu c\u00e3o s\u00e3o encontrados sem vida no quintal de casa, em Adamantina\"}]},{\"@type\":\"WebSite\",\"@id\":\"https:\/\/radiolifefm.com.br\/noticias\/#website\",\"url\":\"https:\/\/radiolifefm.com.br\/noticias\/\",\"name\":\"R\u00e1dio Life FM\",\"description\":\"O Portal de Not\u00edcias de Adamantina\",\"publisher\":{\"@id\":\"https:\/\/radiolifefm.com.br\/noticias\/#organization\"},\"alternateName\":\"Life FM\",\"potentialAction\":[{\"@type\":\"SearchAction\",\"target\":{\"@type\":\"EntryPoint\",\"urlTemplate\":\"https:\/\/radiolifefm.com.br\/noticias\/?s={search_term_string}\"},\"query-input\":{\"@type\":\"PropertyValueSpecification\",\"valueRequired\":true,\"valueName\":\"search_term_string\"}}],\"inLanguage\":\"pt-BR\"},{\"@type\":\"Organization\",\"@id\":\"https:\/\/radiolifefm.com.br\/noticias\/#organization\",\"name\":\"R\u00e1dio Life FM\",\"alternateName\":\"Life FM\",\"url\":\"https:\/\/radiolifefm.com.br\/noticias\/\",\"logo\":{\"@type\":\"ImageObject\",\"inLanguage\":\"pt-BR\",\"@id\":\"https:\/\/radiolifefm.com.br\/noticias\/#\/schema\/logo\/image\/\",\"url\":\"https:\/\/static.radiolifefm.com.br\/noticias\/wp-content\/uploads\/2019\/10\/logo-lifefm.png\",\"contentUrl\":\"https:\/\/static.radiolifefm.com.br\/noticias\/wp-content\/uploads\/2019\/10\/logo-lifefm.png\",\"width\":196,\"height\":47,\"caption\":\"R\u00e1dio Life FM\"},\"image\":{\"@id\":\"https:\/\/radiolifefm.com.br\/noticias\/#\/schema\/logo\/image\/\"},\"sameAs\":[\"https:\/\/www.facebook.com\/radiolifefm\/\",\"https:\/\/www.instagram.com\/life1079fm\/\"]},{\"@type\":\"Person\",\"@id\":\"https:\/\/radiolifefm.com.br\/noticias\/#\/schema\/person\/6339b9fac59d12b071dec680d7375d87\",\"name\":\"ritanery\",\"image\":{\"@type\":\"ImageObject\",\"inLanguage\":\"pt-BR\",\"@id\":\"https:\/\/secure.gravatar.com\/avatar\/0e37bb19071f47c0b8a23f62a903df117c5a0e75f65a0c2901562f97cd41cf86?s=96&d=mm&r=g\",\"url\":\"https:\/\/secure.gravatar.com\/avatar\/0e37bb19071f47c0b8a23f62a903df117c5a0e75f65a0c2901562f97cd41cf86?s=96&d=mm&r=g\",\"contentUrl\":\"https:\/\/secure.gravatar.com\/avatar\/0e37bb19071f47c0b8a23f62a903df117c5a0e75f65a0c2901562f97cd41cf86?s=96&d=mm&r=g\",\"caption\":\"ritanery\"}}]}<\/script>\n<!-- \/ Yoast SEO plugin. -->","yoast_head_json":{"title":"Idoso e seu c\u00e3o s\u00e3o encontrados sem vida no quintal de casa, em Adamantina - R\u00e1dio Life FM","robots":{"index":"index","follow":"follow","max-snippet":"max-snippet:-1","max-image-preview":"max-image-preview:large","max-video-preview":"max-video-preview:-1"},"canonical":"https:\/\/radiolifefm.com.br\/noticias\/idoso-e-seu-cao-sao-encontrados-sem-vida-no-quintal-de-casa-em-adamantina\/","og_locale":"pt_BR","og_type":"article","og_title":"Idoso e seu c\u00e3o s\u00e3o encontrados sem vida no quintal de casa, em Adamantina - R\u00e1dio Life FM","og_description":"Um homem de 60 anos e seu c\u00e3o foram encontrados sem vida na manh\u00e3 deste s\u00e1bado (9) em Adamantina, na Rua Ant\u00f4nio Shimidt Vilela, proximidades da Igreja Nossa Senhora de F\u00e1tima. Segundo familiares ouvidos no local, hoje de manh\u00e3, o homem morava sozinho no im\u00f3vel. O \u00faltimo contato com ele ocorreu na ter\u00e7a-feira (5). Eles [&hellip;]","og_url":"https:\/\/radiolifefm.com.br\/noticias\/idoso-e-seu-cao-sao-encontrados-sem-vida-no-quintal-de-casa-em-adamantina\/","og_site_name":"R\u00e1dio Life FM","article_publisher":"https:\/\/www.facebook.com\/radiolifefm\/","article_published_time":"2022-04-09T19:33:36+00:00","article_modified_time":"2026-03-19T19:25:20+00:00","og_image":[{"width":600,"height":337,"url":"https:\/\/radiolifefm.com.br\/noticias\/wp-content\/uploads\/2022\/04\/img1067-1jpg16495169426251a18e552f7.jpg","type":"image\/jpeg"}],"author":"ritanery","twitter_card":"summary_large_image","twitter_misc":{"Escrito por":"ritanery","Est. tempo de leitura":"2 minutos"},"schema":{"@context":"https:\/\/schema.org","@graph":[{"@type":"Article","@id":"https:\/\/radiolifefm.com.br\/noticias\/idoso-e-seu-cao-sao-encontrados-sem-vida-no-quintal-de-casa-em-adamantina\/#article","isPartOf":{"@id":"https:\/\/radiolifefm.com.br\/noticias\/idoso-e-seu-cao-sao-encontrados-sem-vida-no-quintal-de-casa-em-adamantina\/"},"author":{"name":"ritanery","@id":"https:\/\/radiolifefm.com.br\/noticias\/#\/schema\/person\/6339b9fac59d12b071dec680d7375d87"},"headline":"Idoso e seu c\u00e3o s\u00e3o encontrados sem vida no quintal de casa, em Adamantina","datePublished":"2022-04-09T19:33:36+00:00","dateModified":"2026-03-19T19:25:20+00:00","mainEntityOfPage":{"@id":"https:\/\/radiolifefm.com.br\/noticias\/idoso-e-seu-cao-sao-encontrados-sem-vida-no-quintal-de-casa-em-adamantina\/"},"wordCount":273,"publisher":{"@id":"https:\/\/radiolifefm.com.br\/noticias\/#organization"},"image":{"@id":"https:\/\/radiolifefm.com.br\/noticias\/idoso-e-seu-cao-sao-encontrados-sem-vida-no-quintal-de-casa-em-adamantina\/#primaryimage"},"thumbnailUrl":"https:\/\/radiolifefm.com.br\/noticias\/wp-content\/uploads\/2022\/04\/img1067-1jpg16495169426251a18e552f7.jpg","articleSection":["Adamantina"],"inLanguage":"pt-BR"},{"@type":"WebPage","@id":"https:\/\/radiolifefm.com.br\/noticias\/idoso-e-seu-cao-sao-encontrados-sem-vida-no-quintal-de-casa-em-adamantina\/","url":"https:\/\/radiolifefm.com.br\/noticias\/idoso-e-seu-cao-sao-encontrados-sem-vida-no-quintal-de-casa-em-adamantina\/","name":"Idoso e seu c\u00e3o s\u00e3o encontrados sem vida no quintal de casa, em Adamantina - R\u00e1dio Life FM","isPartOf":{"@id":"https:\/\/radiolifefm.com.br\/noticias\/#website"},"primaryImageOfPage":{"@id":"https:\/\/radiolifefm.com.br\/noticias\/idoso-e-seu-cao-sao-encontrados-sem-vida-no-quintal-de-casa-em-adamantina\/#primaryimage"},"image":{"@id":"https:\/\/radiolifefm.com.br\/noticias\/idoso-e-seu-cao-sao-encontrados-sem-vida-no-quintal-de-casa-em-adamantina\/#primaryimage"},"thumbnailUrl":"https:\/\/radiolifefm.com.br\/noticias\/wp-content\/uploads\/2022\/04\/img1067-1jpg16495169426251a18e552f7.jpg","datePublished":"2022-04-09T19:33:36+00:00","dateModified":"2026-03-19T19:25:20+00:00","breadcrumb":{"@id":"https:\/\/radiolifefm.com.br\/noticias\/idoso-e-seu-cao-sao-encontrados-sem-vida-no-quintal-de-casa-em-adamantina\/#breadcrumb"},"inLanguage":"pt-BR","potentialAction":[{"@type":"ReadAction","target":["https:\/\/radiolifefm.com.br\/noticias\/idoso-e-seu-cao-sao-encontrados-sem-vida-no-quintal-de-casa-em-adamantina\/"]}]},{"@type":"ImageObject","inLanguage":"pt-BR","@id":"https:\/\/radiolifefm.com.br\/noticias\/idoso-e-seu-cao-sao-encontrados-sem-vida-no-quintal-de-casa-em-adamantina\/#primaryimage","url":"https:\/\/radiolifefm.com.br\/noticias\/wp-content\/uploads\/2022\/04\/img1067-1jpg16495169426251a18e552f7.jpg","contentUrl":"https:\/\/radiolifefm.com.br\/noticias\/wp-content\/uploads\/2022\/04\/img1067-1jpg16495169426251a18e552f7.jpg","width":600,"height":337,"caption":"Homem foi encontrado sem vida no fundo da casa, e o c\u00e3o na \u00e1rea da frente do im\u00f3vel."},{"@type":"BreadcrumbList","@id":"https:\/\/radiolifefm.com.br\/noticias\/idoso-e-seu-cao-sao-encontrados-sem-vida-no-quintal-de-casa-em-adamantina\/#breadcrumb","itemListElement":[{"@type":"ListItem","position":1,"name":"In\u00edcio","item":"https:\/\/radiolifefm.com.br\/noticias\/"},{"@type":"ListItem","position":2,"name":"Idoso e seu c\u00e3o s\u00e3o encontrados sem vida no quintal de casa, em Adamantina"}]},{"@type":"WebSite","@id":"https:\/\/radiolifefm.com.br\/noticias\/#website","url":"https:\/\/radiolifefm.com.br\/noticias\/","name":"R\u00e1dio Life FM","description":"O Portal de Not\u00edcias de Adamantina","publisher":{"@id":"https:\/\/radiolifefm.com.br\/noticias\/#organization"},"alternateName":"Life FM","potentialAction":[{"@type":"SearchAction","target":{"@type":"EntryPoint","urlTemplate":"https:\/\/radiolifefm.com.br\/noticias\/?s={search_term_string}"},"query-input":{"@type":"PropertyValueSpecification","valueRequired":true,"valueName":"search_term_string"}}],"inLanguage":"pt-BR"},{"@type":"Organization","@id":"https:\/\/radiolifefm.com.br\/noticias\/#organization","name":"R\u00e1dio Life FM","alternateName":"Life FM","url":"https:\/\/radiolifefm.com.br\/noticias\/","logo":{"@type":"ImageObject","inLanguage":"pt-BR","@id":"https:\/\/radiolifefm.com.br\/noticias\/#\/schema\/logo\/image\/","url":"https:\/\/static.radiolifefm.com.br\/noticias\/wp-content\/uploads\/2019\/10\/logo-lifefm.png","contentUrl":"https:\/\/static.radiolifefm.com.br\/noticias\/wp-content\/uploads\/2019\/10\/logo-lifefm.png","width":196,"height":47,"caption":"R\u00e1dio Life FM"},"image":{"@id":"https:\/\/radiolifefm.com.br\/noticias\/#\/schema\/logo\/image\/"},"sameAs":["https:\/\/www.facebook.com\/radiolifefm\/","https:\/\/www.instagram.com\/life1079fm\/"]},{"@type":"Person","@id":"https:\/\/radiolifefm.com.br\/noticias\/#\/schema\/person\/6339b9fac59d12b071dec680d7375d87","name":"ritanery","image":{"@type":"ImageObject","inLanguage":"pt-BR","@id":"https:\/\/secure.gravatar.com\/avatar\/0e37bb19071f47c0b8a23f62a903df117c5a0e75f65a0c2901562f97cd41cf86?s=96&d=mm&r=g","url":"https:\/\/secure.gravatar.com\/avatar\/0e37bb19071f47c0b8a23f62a903df117c5a0e75f65a0c2901562f97cd41cf86?s=96&d=mm&r=g","contentUrl":"https:\/\/secure.gravatar.com\/avatar\/0e37bb19071f47c0b8a23f62a903df117c5a0e75f65a0c2901562f97cd41cf86?s=96&d=mm&r=g","caption":"ritanery"}}]}},"amp_enabled":true,"_links":{"self":[{"href":"https:\/\/radiolifefm.com.br\/noticias\/wp-json\/wp\/v2\/posts\/51973","targetHints":{"allow":["GET"]}}],"collection":[{"href":"https:\/\/radiolifefm.com.br\/noticias\/wp-json\/wp\/v2\/posts"}],"about":[{"href":"https:\/\/radiolifefm.com.br\/noticias\/wp-json\/wp\/v2\/types\/post"}],"author":[{"embeddable":true,"href":"https:\/\/radiolifefm.com.br\/noticias\/wp-json\/wp\/v2\/users\/13"}],"replies":[{"embeddable":true,"href":"https:\/\/radiolifefm.com.br\/noticias\/wp-json\/wp\/v2\/comments?post=51973"}],"version-history":[{"count":4,"href":"https:\/\/radiolifefm.com.br\/noticias\/wp-json\/wp\/v2\/posts\/51973\/revisions"}],"predecessor-version":[{"id":51978,"href":"https:\/\/radiolifefm.com.br\/noticias\/wp-json\/wp\/v2\/posts\/51973\/revisions\/51978"}],"wp:featuredmedia":[{"embeddable":true,"href":"https:\/\/radiolifefm.com.br\/noticias\/wp-json\/wp\/v2\/media\/51974"}],"wp:attachment":[{"href":"https:\/\/radiolifefm.com.br\/noticias\/wp-json\/wp\/v2\/media?parent=51973"}],"wp:term":[{"taxonomy":"category","embeddable":true,"href":"https:\/\/radiolifefm.com.br\/noticias\/wp-json\/wp\/v2\/categories?post=51973"},{"taxonomy":"post_tag","embeddable":true,"href":"https:\/\/radiolifefm.com.br\/noticias\/wp-json\/wp\/v2\/tags?post=51973"}],"curies":[{"name":"wp","href":"https:\/\/api.w.org\/{rel}","templated":true}]}}