{"id":51966,"date":"2022-04-09T16:27:37","date_gmt":"2022-04-09T19:27:37","guid":{"rendered":"https:\/\/radiolifefm.com.br\/noticias\/?p=51966"},"modified":"2026-04-12T19:50:40","modified_gmt":"2026-04-12T22:50:40","slug":"em-protesto-como-anunciou-na-camara-vereador-leva-cavalos-para-pastar-em-areas-publicas-com-mato","status":"publish","type":"post","link":"https:\/\/radiolifefm.com.br\/noticias\/em-protesto-como-anunciou-na-camara-vereador-leva-cavalos-para-pastar-em-areas-publicas-com-mato\/","title":{"rendered":"Em protesto, como anunciou na C\u00e2mara, vereador leva cavalos para pastar em \u00e1reas p\u00fablicas com mato"},"content":{"rendered":"<div id=\"fb-root\"><\/div>\n<p>Em um v\u00eddeo publicado em seu perfil no Facebook neste s\u00e1bado (9), o vereador Bigode da Capoeira (Ant\u00f4nio Le\u00f4ncio da Silva), do Podemos, cumpriu com um desabafo feito durante recente sess\u00e3o da C\u00e2mara Municipal de Adamantina e levou cavalos para pastar na quadra da pra\u00e7a esportiva do Jardim Adamantina. \u201cComo dito em sess\u00e3o extraordin\u00e1ria e com v\u00e1rias indica\u00e7\u00f5es n\u00e3o atendida para limpeza de \u00e1rea verde, venho aqui cumprir com a minha palavra\u201d, diz o texto da descri\u00e7\u00e3o do v\u00eddeo. Assista:<\/p>\n<!--[if lt IE 9]><script>document.createElement('video');<\/script><![endif]-->\n\t<div class=\"wp-playlist wp-video-playlist wp-playlist-light\">\n\t\t<video controls=\"controls\" preload=\"none\" width=\"640\"\n\t\t height=\"1136\"\t><\/video>\n\t<div class=\"wp-playlist-next\"><\/div>\n\t<div class=\"wp-playlist-prev\"><\/div>\n\t<noscript>\n\t<ol>\n\t\t<li><a href='https:\/\/radiolifefm.com.br\/noticias\/wp-content\/uploads\/2022\/04\/10000000_944549339565420_3531603978515319156_n.mp4'>10000000_944549339565420_3531603978515319156_n<\/a><\/li>\t<\/ol>\n\t<\/noscript>\n\t<script type=\"application\/json\" class=\"wp-playlist-script\">{\"type\":\"video\",\"tracklist\":true,\"tracknumbers\":true,\"images\":true,\"artists\":true,\"tracks\":[{\"src\":\"https:\\\/\\\/radiolifefm.com.br\\\/noticias\\\/wp-content\\\/uploads\\\/2022\\\/04\\\/10000000_944549339565420_3531603978515319156_n.mp4\",\"type\":\"video\\\/mp4\",\"title\":\"10000000_944549339565420_3531603978515319156_n\",\"caption\":\"\",\"description\":\"\",\"meta\":{\"length_formatted\":\"3:42\"},\"dimensions\":{\"original\":{\"width\":240,\"height\":426},\"resized\":{\"width\":640,\"height\":1136}},\"image\":{\"src\":\"https:\\\/\\\/radiolifefm.com.br\\\/noticias\\\/wp-includes\\\/images\\\/media\\\/video.svg\",\"width\":48,\"height\":64},\"thumb\":{\"src\":\"https:\\\/\\\/radiolifefm.com.br\\\/noticias\\\/wp-includes\\\/images\\\/media\\\/video.svg\",\"width\":48,\"height\":64}}]}<\/script>\n<\/div>\n\t\n<p style=\"font-weight: 400\">Na C\u00e2mara, o vereador fez cr\u00edticas \u00e0 administra\u00e7\u00e3o municipal em raz\u00e3o do surgimento de mato em diferentes espa\u00e7os p\u00fablicos da cidade, o que tem gerado reclama\u00e7\u00f5es de moradores. O vereador disse que os pedidos n\u00e3o s\u00e3o atendidos e disse que iria levar cavalos para pastar nessas \u00e1reas.<\/p>\n<p style=\"font-weight: 400\">Assim, neste s\u00e1bado, montado em um dos animais, o vereador percorreu a quadra da pra\u00e7a esportiva do Jardim Adamantina. Em alguns pontos se embrenhou em meio \u00e0 vegeta\u00e7\u00e3o, para ilustrar a altura do mato.<\/p>\n<p style=\"font-weight: 400\">No v\u00eddeo, ele narra a iniciativa e reitera as cr\u00edticas \u00e0 administra\u00e7\u00e3o municipal, pela presen\u00e7a de mato alto nas \u00e1reas p\u00fablicas.<\/p>\n<p style=\"font-weight: 400\"><b><strong>Mato em terrneos x C\u00f3digo de Posturas<\/strong><\/b><\/p>\n<p style=\"font-weight: 400\">A exist\u00eancia de matos em terrenos \u00e9 uma infra\u00e7\u00e3o ao C\u00f3digo de Posturas do Munic\u00edpio de Adamantina, definido pela Lei N\u00ba 2.449, de 14 de dezembro de 1.992. Segundo a norma, os terrenos edificados ou n\u00e3o, cobertos de mato, dever\u00e3o ser periodicamente capinados sob responsabilidade do propriet\u00e1rio do im\u00f3vel.<\/p>\n<p style=\"font-weight: 400\">Segundo\u00a0<a href=\"https:\/\/www.sigamais.com\/noticias\/cidades\/fiscalizacao-intensifica-trabalho-de-orientacao-e-inspecao-de-terrenos-na-cidade\/\"><b><strong>divulgou a Prefeitura de Adamantina em fevereiro deste ano,<\/strong><\/b><\/a>\u00a0o descumprimento da legisla\u00e7\u00e3o acarreta em multa de 200 e 300 UFMs, ou seja, R$ 830,00 e R$ 1.245,00.<\/p>\n<p style=\"font-weight: 400\">Quando a \u00e1rea \u00e9 p\u00fablica, a reponsabilidade pelo zero e conserva\u00e7\u00e3o \u00e9 da administra\u00e7\u00e3o municipal.<\/p>\n<p>&nbsp;<\/p>\n<p>Fonte: Siga Mais<\/p>\n","protected":false},"excerpt":{"rendered":"<p>Em um v\u00eddeo publicado em seu perfil no Facebook neste s\u00e1bado (9), o vereador Bigode da Capoeira (Ant\u00f4nio Le\u00f4ncio da Silva), do Podemos, cumpriu com um desabafo feito durante recente sess\u00e3o da C\u00e2mara Municipal de Adamantina e levou cavalos para pastar na quadra da pra\u00e7a esportiva do Jardim Adamantina. \u201cComo dito em sess\u00e3o extraordin\u00e1ria e [&hellip;]<\/p>\n","protected":false},"author":13,"featured_media":51968,"comment_status":"closed","ping_status":"open","sticky":false,"template":"","format":"standard","meta":{"_acf_changed":false,"_exactmetrics_skip_tracking":false,"_exactmetrics_sitenote_active":false,"_exactmetrics_sitenote_note":"","_exactmetrics_sitenote_category":0,"footnotes":""},"categories":[21],"tags":[],"class_list":["post-51966","post","type-post","status-publish","format-standard","has-post-thumbnail","hentry","category-adamantina"],"acf":[],"yoast_head":"<!-- This site is optimized with the Yoast SEO plugin v27.2 - https:\/\/yoast.com\/product\/yoast-seo-wordpress\/ -->\n<title>Em protesto, como anunciou na C\u00e2mara, vereador leva cavalos para pastar em \u00e1reas p\u00fablicas com mato - R\u00e1dio Life FM<\/title>\n<meta name=\"robots\" content=\"index, follow, max-snippet:-1, max-image-preview:large, max-video-preview:-1\" \/>\n<link rel=\"canonical\" href=\"https:\/\/radiolifefm.com.br\/noticias\/em-protesto-como-anunciou-na-camara-vereador-leva-cavalos-para-pastar-em-areas-publicas-com-mato\/\" \/>\n<meta property=\"og:locale\" content=\"pt_BR\" \/>\n<meta property=\"og:type\" content=\"article\" \/>\n<meta property=\"og:title\" content=\"Em protesto, como anunciou na C\u00e2mara, vereador leva cavalos para pastar em \u00e1reas p\u00fablicas com mato - R\u00e1dio Life FM\" \/>\n<meta property=\"og:description\" content=\"Em um v\u00eddeo publicado em seu perfil no Facebook neste s\u00e1bado (9), o vereador Bigode da Capoeira (Ant\u00f4nio Le\u00f4ncio da Silva), do Podemos, cumpriu com um desabafo feito durante recente sess\u00e3o da C\u00e2mara Municipal de Adamantina e levou cavalos para pastar na quadra da pra\u00e7a esportiva do Jardim Adamantina. \u201cComo dito em sess\u00e3o extraordin\u00e1ria e [&hellip;]\" \/>\n<meta property=\"og:url\" content=\"https:\/\/radiolifefm.com.br\/noticias\/em-protesto-como-anunciou-na-camara-vereador-leva-cavalos-para-pastar-em-areas-publicas-com-mato\/\" \/>\n<meta property=\"og:site_name\" content=\"R\u00e1dio Life FM\" \/>\n<meta property=\"article:publisher\" content=\"https:\/\/www.facebook.com\/radiolifefm\/\" \/>\n<meta property=\"article:published_time\" content=\"2022-04-09T19:27:37+00:00\" \/>\n<meta property=\"article:modified_time\" content=\"2026-04-12T22:50:40+00:00\" \/>\n<meta property=\"og:image\" content=\"https:\/\/radiolifefm.com.br\/noticias\/wp-content\/uploads\/2022\/04\/sem-tatulo1333jpg16495295416251d2c5e1b2c.jpg\" \/>\n\t<meta property=\"og:image:width\" content=\"600\" \/>\n\t<meta property=\"og:image:height\" content=\"336\" \/>\n\t<meta property=\"og:image:type\" content=\"image\/jpeg\" \/>\n<meta name=\"author\" content=\"ritanery\" \/>\n<meta name=\"twitter:card\" content=\"summary_large_image\" \/>\n<meta name=\"twitter:label1\" content=\"Escrito por\" \/>\n\t<meta name=\"twitter:data1\" content=\"ritanery\" \/>\n\t<meta name=\"twitter:label2\" content=\"Est. tempo de leitura\" \/>\n\t<meta name=\"twitter:data2\" content=\"2 minutos\" \/>\n<script type=\"application\/ld+json\" class=\"yoast-schema-graph\">{\"@context\":\"https:\/\/schema.org\",\"@graph\":[{\"@type\":\"Article\",\"@id\":\"https:\/\/radiolifefm.com.br\/noticias\/em-protesto-como-anunciou-na-camara-vereador-leva-cavalos-para-pastar-em-areas-publicas-com-mato\/#article\",\"isPartOf\":{\"@id\":\"https:\/\/radiolifefm.com.br\/noticias\/em-protesto-como-anunciou-na-camara-vereador-leva-cavalos-para-pastar-em-areas-publicas-com-mato\/\"},\"author\":{\"name\":\"ritanery\",\"@id\":\"https:\/\/radiolifefm.com.br\/noticias\/#\/schema\/person\/6339b9fac59d12b071dec680d7375d87\"},\"headline\":\"Em protesto, como anunciou na C\u00e2mara, vereador leva cavalos para pastar em \u00e1reas p\u00fablicas com mato\",\"datePublished\":\"2022-04-09T19:27:37+00:00\",\"dateModified\":\"2026-04-12T22:50:40+00:00\",\"mainEntityOfPage\":{\"@id\":\"https:\/\/radiolifefm.com.br\/noticias\/em-protesto-como-anunciou-na-camara-vereador-leva-cavalos-para-pastar-em-areas-publicas-com-mato\/\"},\"wordCount\":338,\"publisher\":{\"@id\":\"https:\/\/radiolifefm.com.br\/noticias\/#organization\"},\"image\":{\"@id\":\"https:\/\/radiolifefm.com.br\/noticias\/em-protesto-como-anunciou-na-camara-vereador-leva-cavalos-para-pastar-em-areas-publicas-com-mato\/#primaryimage\"},\"thumbnailUrl\":\"https:\/\/radiolifefm.com.br\/noticias\/wp-content\/uploads\/2022\/04\/sem-tatulo1333jpg16495295416251d2c5e1b2c.jpg\",\"articleSection\":[\"Adamantina\"],\"inLanguage\":\"pt-BR\"},{\"@type\":\"WebPage\",\"@id\":\"https:\/\/radiolifefm.com.br\/noticias\/em-protesto-como-anunciou-na-camara-vereador-leva-cavalos-para-pastar-em-areas-publicas-com-mato\/\",\"url\":\"https:\/\/radiolifefm.com.br\/noticias\/em-protesto-como-anunciou-na-camara-vereador-leva-cavalos-para-pastar-em-areas-publicas-com-mato\/\",\"name\":\"Em protesto, como anunciou na C\u00e2mara, vereador leva cavalos para pastar em \u00e1reas p\u00fablicas com mato - R\u00e1dio Life FM\",\"isPartOf\":{\"@id\":\"https:\/\/radiolifefm.com.br\/noticias\/#website\"},\"primaryImageOfPage\":{\"@id\":\"https:\/\/radiolifefm.com.br\/noticias\/em-protesto-como-anunciou-na-camara-vereador-leva-cavalos-para-pastar-em-areas-publicas-com-mato\/#primaryimage\"},\"image\":{\"@id\":\"https:\/\/radiolifefm.com.br\/noticias\/em-protesto-como-anunciou-na-camara-vereador-leva-cavalos-para-pastar-em-areas-publicas-com-mato\/#primaryimage\"},\"thumbnailUrl\":\"https:\/\/radiolifefm.com.br\/noticias\/wp-content\/uploads\/2022\/04\/sem-tatulo1333jpg16495295416251d2c5e1b2c.jpg\",\"datePublished\":\"2022-04-09T19:27:37+00:00\",\"dateModified\":\"2026-04-12T22:50:40+00:00\",\"breadcrumb\":{\"@id\":\"https:\/\/radiolifefm.com.br\/noticias\/em-protesto-como-anunciou-na-camara-vereador-leva-cavalos-para-pastar-em-areas-publicas-com-mato\/#breadcrumb\"},\"inLanguage\":\"pt-BR\",\"potentialAction\":[{\"@type\":\"ReadAction\",\"target\":[\"https:\/\/radiolifefm.com.br\/noticias\/em-protesto-como-anunciou-na-camara-vereador-leva-cavalos-para-pastar-em-areas-publicas-com-mato\/\"]}]},{\"@type\":\"ImageObject\",\"inLanguage\":\"pt-BR\",\"@id\":\"https:\/\/radiolifefm.com.br\/noticias\/em-protesto-como-anunciou-na-camara-vereador-leva-cavalos-para-pastar-em-areas-publicas-com-mato\/#primaryimage\",\"url\":\"https:\/\/radiolifefm.com.br\/noticias\/wp-content\/uploads\/2022\/04\/sem-tatulo1333jpg16495295416251d2c5e1b2c.jpg\",\"contentUrl\":\"https:\/\/radiolifefm.com.br\/noticias\/wp-content\/uploads\/2022\/04\/sem-tatulo1333jpg16495295416251d2c5e1b2c.jpg\",\"width\":600,\"height\":336,\"caption\":\"\u201cComo dito em sess\u00e3o extraordin\u00e1ria, venho aqui cumprir com a minha palavra\u201d, escreveu o vereador.\"},{\"@type\":\"BreadcrumbList\",\"@id\":\"https:\/\/radiolifefm.com.br\/noticias\/em-protesto-como-anunciou-na-camara-vereador-leva-cavalos-para-pastar-em-areas-publicas-com-mato\/#breadcrumb\",\"itemListElement\":[{\"@type\":\"ListItem\",\"position\":1,\"name\":\"In\u00edcio\",\"item\":\"https:\/\/radiolifefm.com.br\/noticias\/\"},{\"@type\":\"ListItem\",\"position\":2,\"name\":\"Em protesto, como anunciou na C\u00e2mara, vereador leva cavalos para pastar em \u00e1reas p\u00fablicas com mato\"}]},{\"@type\":\"WebSite\",\"@id\":\"https:\/\/radiolifefm.com.br\/noticias\/#website\",\"url\":\"https:\/\/radiolifefm.com.br\/noticias\/\",\"name\":\"R\u00e1dio Life FM\",\"description\":\"O Portal de Not\u00edcias de Adamantina\",\"publisher\":{\"@id\":\"https:\/\/radiolifefm.com.br\/noticias\/#organization\"},\"alternateName\":\"Life FM\",\"potentialAction\":[{\"@type\":\"SearchAction\",\"target\":{\"@type\":\"EntryPoint\",\"urlTemplate\":\"https:\/\/radiolifefm.com.br\/noticias\/?s={search_term_string}\"},\"query-input\":{\"@type\":\"PropertyValueSpecification\",\"valueRequired\":true,\"valueName\":\"search_term_string\"}}],\"inLanguage\":\"pt-BR\"},{\"@type\":\"Organization\",\"@id\":\"https:\/\/radiolifefm.com.br\/noticias\/#organization\",\"name\":\"R\u00e1dio Life FM\",\"alternateName\":\"Life FM\",\"url\":\"https:\/\/radiolifefm.com.br\/noticias\/\",\"logo\":{\"@type\":\"ImageObject\",\"inLanguage\":\"pt-BR\",\"@id\":\"https:\/\/radiolifefm.com.br\/noticias\/#\/schema\/logo\/image\/\",\"url\":\"https:\/\/static.radiolifefm.com.br\/noticias\/wp-content\/uploads\/2019\/10\/logo-lifefm.png\",\"contentUrl\":\"https:\/\/static.radiolifefm.com.br\/noticias\/wp-content\/uploads\/2019\/10\/logo-lifefm.png\",\"width\":196,\"height\":47,\"caption\":\"R\u00e1dio Life FM\"},\"image\":{\"@id\":\"https:\/\/radiolifefm.com.br\/noticias\/#\/schema\/logo\/image\/\"},\"sameAs\":[\"https:\/\/www.facebook.com\/radiolifefm\/\",\"https:\/\/www.instagram.com\/life1079fm\/\"]},{\"@type\":\"Person\",\"@id\":\"https:\/\/radiolifefm.com.br\/noticias\/#\/schema\/person\/6339b9fac59d12b071dec680d7375d87\",\"name\":\"ritanery\",\"image\":{\"@type\":\"ImageObject\",\"inLanguage\":\"pt-BR\",\"@id\":\"https:\/\/secure.gravatar.com\/avatar\/0e37bb19071f47c0b8a23f62a903df117c5a0e75f65a0c2901562f97cd41cf86?s=96&d=mm&r=g\",\"url\":\"https:\/\/secure.gravatar.com\/avatar\/0e37bb19071f47c0b8a23f62a903df117c5a0e75f65a0c2901562f97cd41cf86?s=96&d=mm&r=g\",\"contentUrl\":\"https:\/\/secure.gravatar.com\/avatar\/0e37bb19071f47c0b8a23f62a903df117c5a0e75f65a0c2901562f97cd41cf86?s=96&d=mm&r=g\",\"caption\":\"ritanery\"}}]}<\/script>\n<!-- \/ Yoast SEO plugin. -->","yoast_head_json":{"title":"Em protesto, como anunciou na C\u00e2mara, vereador leva cavalos para pastar em \u00e1reas p\u00fablicas com mato - R\u00e1dio Life FM","robots":{"index":"index","follow":"follow","max-snippet":"max-snippet:-1","max-image-preview":"max-image-preview:large","max-video-preview":"max-video-preview:-1"},"canonical":"https:\/\/radiolifefm.com.br\/noticias\/em-protesto-como-anunciou-na-camara-vereador-leva-cavalos-para-pastar-em-areas-publicas-com-mato\/","og_locale":"pt_BR","og_type":"article","og_title":"Em protesto, como anunciou na C\u00e2mara, vereador leva cavalos para pastar em \u00e1reas p\u00fablicas com mato - R\u00e1dio Life FM","og_description":"Em um v\u00eddeo publicado em seu perfil no Facebook neste s\u00e1bado (9), o vereador Bigode da Capoeira (Ant\u00f4nio Le\u00f4ncio da Silva), do Podemos, cumpriu com um desabafo feito durante recente sess\u00e3o da C\u00e2mara Municipal de Adamantina e levou cavalos para pastar na quadra da pra\u00e7a esportiva do Jardim Adamantina. \u201cComo dito em sess\u00e3o extraordin\u00e1ria e [&hellip;]","og_url":"https:\/\/radiolifefm.com.br\/noticias\/em-protesto-como-anunciou-na-camara-vereador-leva-cavalos-para-pastar-em-areas-publicas-com-mato\/","og_site_name":"R\u00e1dio Life FM","article_publisher":"https:\/\/www.facebook.com\/radiolifefm\/","article_published_time":"2022-04-09T19:27:37+00:00","article_modified_time":"2026-04-12T22:50:40+00:00","og_image":[{"width":600,"height":336,"url":"https:\/\/radiolifefm.com.br\/noticias\/wp-content\/uploads\/2022\/04\/sem-tatulo1333jpg16495295416251d2c5e1b2c.jpg","type":"image\/jpeg"}],"author":"ritanery","twitter_card":"summary_large_image","twitter_misc":{"Escrito por":"ritanery","Est. tempo de leitura":"2 minutos"},"schema":{"@context":"https:\/\/schema.org","@graph":[{"@type":"Article","@id":"https:\/\/radiolifefm.com.br\/noticias\/em-protesto-como-anunciou-na-camara-vereador-leva-cavalos-para-pastar-em-areas-publicas-com-mato\/#article","isPartOf":{"@id":"https:\/\/radiolifefm.com.br\/noticias\/em-protesto-como-anunciou-na-camara-vereador-leva-cavalos-para-pastar-em-areas-publicas-com-mato\/"},"author":{"name":"ritanery","@id":"https:\/\/radiolifefm.com.br\/noticias\/#\/schema\/person\/6339b9fac59d12b071dec680d7375d87"},"headline":"Em protesto, como anunciou na C\u00e2mara, vereador leva cavalos para pastar em \u00e1reas p\u00fablicas com mato","datePublished":"2022-04-09T19:27:37+00:00","dateModified":"2026-04-12T22:50:40+00:00","mainEntityOfPage":{"@id":"https:\/\/radiolifefm.com.br\/noticias\/em-protesto-como-anunciou-na-camara-vereador-leva-cavalos-para-pastar-em-areas-publicas-com-mato\/"},"wordCount":338,"publisher":{"@id":"https:\/\/radiolifefm.com.br\/noticias\/#organization"},"image":{"@id":"https:\/\/radiolifefm.com.br\/noticias\/em-protesto-como-anunciou-na-camara-vereador-leva-cavalos-para-pastar-em-areas-publicas-com-mato\/#primaryimage"},"thumbnailUrl":"https:\/\/radiolifefm.com.br\/noticias\/wp-content\/uploads\/2022\/04\/sem-tatulo1333jpg16495295416251d2c5e1b2c.jpg","articleSection":["Adamantina"],"inLanguage":"pt-BR"},{"@type":"WebPage","@id":"https:\/\/radiolifefm.com.br\/noticias\/em-protesto-como-anunciou-na-camara-vereador-leva-cavalos-para-pastar-em-areas-publicas-com-mato\/","url":"https:\/\/radiolifefm.com.br\/noticias\/em-protesto-como-anunciou-na-camara-vereador-leva-cavalos-para-pastar-em-areas-publicas-com-mato\/","name":"Em protesto, como anunciou na C\u00e2mara, vereador leva cavalos para pastar em \u00e1reas p\u00fablicas com mato - R\u00e1dio Life FM","isPartOf":{"@id":"https:\/\/radiolifefm.com.br\/noticias\/#website"},"primaryImageOfPage":{"@id":"https:\/\/radiolifefm.com.br\/noticias\/em-protesto-como-anunciou-na-camara-vereador-leva-cavalos-para-pastar-em-areas-publicas-com-mato\/#primaryimage"},"image":{"@id":"https:\/\/radiolifefm.com.br\/noticias\/em-protesto-como-anunciou-na-camara-vereador-leva-cavalos-para-pastar-em-areas-publicas-com-mato\/#primaryimage"},"thumbnailUrl":"https:\/\/radiolifefm.com.br\/noticias\/wp-content\/uploads\/2022\/04\/sem-tatulo1333jpg16495295416251d2c5e1b2c.jpg","datePublished":"2022-04-09T19:27:37+00:00","dateModified":"2026-04-12T22:50:40+00:00","breadcrumb":{"@id":"https:\/\/radiolifefm.com.br\/noticias\/em-protesto-como-anunciou-na-camara-vereador-leva-cavalos-para-pastar-em-areas-publicas-com-mato\/#breadcrumb"},"inLanguage":"pt-BR","potentialAction":[{"@type":"ReadAction","target":["https:\/\/radiolifefm.com.br\/noticias\/em-protesto-como-anunciou-na-camara-vereador-leva-cavalos-para-pastar-em-areas-publicas-com-mato\/"]}]},{"@type":"ImageObject","inLanguage":"pt-BR","@id":"https:\/\/radiolifefm.com.br\/noticias\/em-protesto-como-anunciou-na-camara-vereador-leva-cavalos-para-pastar-em-areas-publicas-com-mato\/#primaryimage","url":"https:\/\/radiolifefm.com.br\/noticias\/wp-content\/uploads\/2022\/04\/sem-tatulo1333jpg16495295416251d2c5e1b2c.jpg","contentUrl":"https:\/\/radiolifefm.com.br\/noticias\/wp-content\/uploads\/2022\/04\/sem-tatulo1333jpg16495295416251d2c5e1b2c.jpg","width":600,"height":336,"caption":"\u201cComo dito em sess\u00e3o extraordin\u00e1ria, venho aqui cumprir com a minha palavra\u201d, escreveu o vereador."},{"@type":"BreadcrumbList","@id":"https:\/\/radiolifefm.com.br\/noticias\/em-protesto-como-anunciou-na-camara-vereador-leva-cavalos-para-pastar-em-areas-publicas-com-mato\/#breadcrumb","itemListElement":[{"@type":"ListItem","position":1,"name":"In\u00edcio","item":"https:\/\/radiolifefm.com.br\/noticias\/"},{"@type":"ListItem","position":2,"name":"Em protesto, como anunciou na C\u00e2mara, vereador leva cavalos para pastar em \u00e1reas p\u00fablicas com mato"}]},{"@type":"WebSite","@id":"https:\/\/radiolifefm.com.br\/noticias\/#website","url":"https:\/\/radiolifefm.com.br\/noticias\/","name":"R\u00e1dio Life FM","description":"O Portal de Not\u00edcias de Adamantina","publisher":{"@id":"https:\/\/radiolifefm.com.br\/noticias\/#organization"},"alternateName":"Life FM","potentialAction":[{"@type":"SearchAction","target":{"@type":"EntryPoint","urlTemplate":"https:\/\/radiolifefm.com.br\/noticias\/?s={search_term_string}"},"query-input":{"@type":"PropertyValueSpecification","valueRequired":true,"valueName":"search_term_string"}}],"inLanguage":"pt-BR"},{"@type":"Organization","@id":"https:\/\/radiolifefm.com.br\/noticias\/#organization","name":"R\u00e1dio Life FM","alternateName":"Life FM","url":"https:\/\/radiolifefm.com.br\/noticias\/","logo":{"@type":"ImageObject","inLanguage":"pt-BR","@id":"https:\/\/radiolifefm.com.br\/noticias\/#\/schema\/logo\/image\/","url":"https:\/\/static.radiolifefm.com.br\/noticias\/wp-content\/uploads\/2019\/10\/logo-lifefm.png","contentUrl":"https:\/\/static.radiolifefm.com.br\/noticias\/wp-content\/uploads\/2019\/10\/logo-lifefm.png","width":196,"height":47,"caption":"R\u00e1dio Life FM"},"image":{"@id":"https:\/\/radiolifefm.com.br\/noticias\/#\/schema\/logo\/image\/"},"sameAs":["https:\/\/www.facebook.com\/radiolifefm\/","https:\/\/www.instagram.com\/life1079fm\/"]},{"@type":"Person","@id":"https:\/\/radiolifefm.com.br\/noticias\/#\/schema\/person\/6339b9fac59d12b071dec680d7375d87","name":"ritanery","image":{"@type":"ImageObject","inLanguage":"pt-BR","@id":"https:\/\/secure.gravatar.com\/avatar\/0e37bb19071f47c0b8a23f62a903df117c5a0e75f65a0c2901562f97cd41cf86?s=96&d=mm&r=g","url":"https:\/\/secure.gravatar.com\/avatar\/0e37bb19071f47c0b8a23f62a903df117c5a0e75f65a0c2901562f97cd41cf86?s=96&d=mm&r=g","contentUrl":"https:\/\/secure.gravatar.com\/avatar\/0e37bb19071f47c0b8a23f62a903df117c5a0e75f65a0c2901562f97cd41cf86?s=96&d=mm&r=g","caption":"ritanery"}}]}},"amp_enabled":true,"_links":{"self":[{"href":"https:\/\/radiolifefm.com.br\/noticias\/wp-json\/wp\/v2\/posts\/51966","targetHints":{"allow":["GET"]}}],"collection":[{"href":"https:\/\/radiolifefm.com.br\/noticias\/wp-json\/wp\/v2\/posts"}],"about":[{"href":"https:\/\/radiolifefm.com.br\/noticias\/wp-json\/wp\/v2\/types\/post"}],"author":[{"embeddable":true,"href":"https:\/\/radiolifefm.com.br\/noticias\/wp-json\/wp\/v2\/users\/13"}],"replies":[{"embeddable":true,"href":"https:\/\/radiolifefm.com.br\/noticias\/wp-json\/wp\/v2\/comments?post=51966"}],"version-history":[{"count":4,"href":"https:\/\/radiolifefm.com.br\/noticias\/wp-json\/wp\/v2\/posts\/51966\/revisions"}],"predecessor-version":[{"id":51972,"href":"https:\/\/radiolifefm.com.br\/noticias\/wp-json\/wp\/v2\/posts\/51966\/revisions\/51972"}],"wp:featuredmedia":[{"embeddable":true,"href":"https:\/\/radiolifefm.com.br\/noticias\/wp-json\/wp\/v2\/media\/51968"}],"wp:attachment":[{"href":"https:\/\/radiolifefm.com.br\/noticias\/wp-json\/wp\/v2\/media?parent=51966"}],"wp:term":[{"taxonomy":"category","embeddable":true,"href":"https:\/\/radiolifefm.com.br\/noticias\/wp-json\/wp\/v2\/categories?post=51966"},{"taxonomy":"post_tag","embeddable":true,"href":"https:\/\/radiolifefm.com.br\/noticias\/wp-json\/wp\/v2\/tags?post=51966"}],"curies":[{"name":"wp","href":"https:\/\/api.w.org\/{rel}","templated":true}]}}