{"id":51924,"date":"2022-04-08T10:44:13","date_gmt":"2022-04-08T13:44:13","guid":{"rendered":"https:\/\/radiolifefm.com.br\/noticias\/?p=51924"},"modified":"2025-10-07T17:56:57","modified_gmt":"2025-10-07T20:56:57","slug":"com-mudancas-partidarias-tres-adamantinenses-anunciam-pre-candidatura-nas-eleicoes-deste-anoadamantina","status":"publish","type":"post","link":"https:\/\/radiolifefm.com.br\/noticias\/com-mudancas-partidarias-tres-adamantinenses-anunciam-pre-candidatura-nas-eleicoes-deste-anoadamantina\/","title":{"rendered":"Com mudan\u00e7as partid\u00e1rias, tr\u00eas adamantinenses  anunciam pr\u00e9-candidatura nas elei\u00e7\u00f5es deste ano"},"content":{"rendered":"<div id=\"fb-root\"><\/div>\n<p>O cen\u00e1rio eleitoral come\u00e7a a se definir e promete ser bastante agitado para o processo eleitoral deste ano e n\u00e3o s\u00f3 na disputa presidencial, que j\u00e1 atrai grande parte da aten\u00e7\u00e3o da popula\u00e7\u00e3o. Apenas em Adamantina, ao menos tr\u00eas pr\u00e9-candidatos a deputado estadual est\u00e3o confirmados.<br \/>\nAt\u00e9 o final do ano passado, dois nomes j\u00e1 haviam lan\u00e7ado a pr\u00e9-candidatura, o vereador e supervisor de ensino H\u00e9lio Jos\u00e9 dos Santos e o advogado e empres\u00e1rio H\u00e9lio Vieira Malheiros Junior, mas este grupo aumentou com a inclus\u00e3o do m\u00e9dico veterin\u00e1rio o m\u00e9dico veterin\u00e1rio e servidor p\u00fablico municipal, Marcos Ant\u00f4nio Gon\u00e7alves da Silva, popularmente conhecido como Marcos Lama.<br \/>\nAl\u00e9m do aumento do n\u00famero de candidatos, a chamada &#8220;janela partid\u00e1ria&#8221;, que permaneceu aberta por 30 dias e foi encerrada no in\u00edcio do m\u00eas, resultou em importantes movimentos neste complexo tabuleiro eleitoral, j\u00e1 que permitiu a mudan\u00e7a de legenda sem que isso implique infidelidade partid\u00e1ria e consequente perda de mandato.<br \/>\nNa sess\u00e3o da C\u00e2mara Municipal desta segunda-feira (4), o vereador H\u00e9lio Jos\u00e9 dos Santos, anunciou sua sa\u00edda do Partido Liberal (PL) e filia\u00e7\u00e3o ao Partido Progressistas (PP). Fazendo uso da tribuna para explica\u00e7\u00f5es pessoais, o vereador pelo quinto mandato reafirmou que disputar\u00e1 elei\u00e7\u00e3o a deputado estadual neste ano, em busca de uma cadeira na Assembleia Legislativa do Estado de S\u00e3o Paulo. \u201cEnquanto no PL est\u00e1vamos avaliando a candidatura, agora, \u00e9 fato\u201d, afirmou.<br \/>\nSegundo H\u00e9lio Jos\u00e9 dos Santos, sua candidatura vem sendo constru\u00edda desde 2014 e agora, mais preparado para o projeto, chegou o momento de assumir novos desafios em sua vida p\u00fablica \u201cEstou me preparando para este momento desde 2014, quando fui convidado, e n\u00e3o pude assumir a candidatura. Em 2018, tamb\u00e9m houve o convite. Mas neste momento, com muita humildade, muita experi\u00eancia, muita honra e muito trabalho, acredito que estou pronto para assumir mais um desafio em minha vida p\u00fablica\u201d, disse.<br \/>\nQuem tamb\u00e9m mudou de legenda foi Marcos Lama, candidato a prefeito de Adamantina pelo Partido Social Democr\u00e1tico (PSD), anunciou sua filia\u00e7\u00e3o ao Movimento Democr\u00e1tico Brasileiro (MDB), partido pelo qual \u00e9 pr\u00e9-candidato a deputado estadual. A filia\u00e7\u00e3o \u00e0 nova sigla foi efetivada pelo presidente do diret\u00f3rio nacional do parido, o deputado federal Baleia Rossi. \u201cJ\u00e1 estou me mobilizando para fazer algumas alian\u00e7as de apoio na regi\u00e3o, inclusive tenho algumas pessoas se mobilizando para minha campanha em v\u00e1rias cidades, de Parapu\u00e3 a Pacaembu j\u00e1 tenho colaboradores\u201d, destacou Marcos Lama.<br \/>\nO m\u00e9dico veterin\u00e1rio e servidor p\u00fablico municipal destacou que a candidatura ser\u00e1 alinhada com o partido, fazendo \u201cdobradinha\u201d com candidato a deputado federal indicado pela legenda. \u201cAceitei ir ao MDB por ser uma sigla muito forte e estou recebendo muito apoio do partido, mas ainda n\u00e3o tenho vaga garantida\u201d, revelou. \u201cComo fa\u00e7o muitos trabalhos nos rodeios, exposi\u00e7\u00f5es, leil\u00f5es e provas equestres, estou tendo apoios de v\u00e1rias pessoas de outras regi\u00f5es tamb\u00e9m. Espero conseguir me eleger, irei trabalhar para isso\u201d, concluiu.<br \/>\nO outro candidato da cidade nessa disputa \u00e9 o advogado e empres\u00e1rio H\u00e9lio Vieira Malheiros Junior, que presidia o Diret\u00f3rio Municipal do Partido Social Democr\u00e1tico (PSD), partido que ocupou posi\u00e7\u00e3o de destaque na \u00faltima elei\u00e7\u00e3o municipal, e tamb\u00e9m migrou para outro grupo pol\u00edtico, passando a integrar o Uni\u00e3o Brasil, partido criado com a fus\u00e3o do PSL e DEM.<\/p>\n<p><strong>H\u00e9lio Jos\u00e9 dos Santos<\/strong><br \/>\nProfessor H\u00e9lio exerce seu quinto mandato como vereador adamantinense. Eleito pela primeira vez em 1996, integrou a 12\u00aa Legislatura (1997\/2000) e foi reeleito para ocupar uma das nove vagas no Legislativo entre 2001\/2004. Ap\u00f3s um hiato de 8 anos, voltou a ser eleito para a 16\u00aa Legislatura, alcan\u00e7ando ainda duas reelei\u00e7\u00f5es seguidas e mantendo-se como um dos representantes da popula\u00e7\u00e3o no per\u00edodo de 2013 at\u00e9 os dias atuais.<br \/>\nH\u00e9lio possui carreira profissional na educa\u00e7\u00e3o, atuando como supervisor de ensino da Secretaria Estadual da Educa\u00e7\u00e3o na Diretoria de Ensino de Adamantina. E v\u00ea entre os colegas educadores uma for\u00e7a de apoio e motiva\u00e7\u00e3o \u00e0 nova pretens\u00e3o pol\u00edtica. \u201cE quero agradecer a todos os educadores as 33 escolas estaduais da Diretoria de Ensino de Adamantina, distribu\u00eddas em 22 munic\u00edpios, pelo apoio incondicional, o que muito nos honra, e muito nos orgulha\u201d.<br \/>\nO vereador e pr\u00e9-candidato deputado estadual afirmou ter o apoio diret\u00f3rio municipal, coordena\u00e7\u00e3o regional e diret\u00f3rio estadual do partido, e sinalizou temas em que pretende atuar no parlamento paulista. \u201cEntendo, (..) que caso seja eleito, posso representar a popula\u00e7\u00e3o de Adamantina e regi\u00e3o com muita honra, muito respeito e muita dignidade, e trazer muitos benef\u00edcios para a nossa regi\u00e3o, da Nova Alta Paulista\u201d, disse no plen\u00e1rio da C\u00e2mara. \u201cE mais, contribuir para implementa\u00e7\u00e3o de importantes pol\u00edticas p\u00fablicas na sa\u00fade, na educa\u00e7\u00e3o, na gera\u00e7\u00e3o de empregos e tamb\u00e9m na constru\u00e7\u00e3o de moradias populares\u201d, continuou.<\/p>\n<p><img loading=\"lazy\" decoding=\"async\" class=\"alignnone size-full wp-image-51928\" src=\"https:\/\/static.radiolifefm.com.br\/wp-content\/uploads\/sites\/2\/2022\/04\/foto_-_camara_02_dTvRDKa-1.jpg.256x256_q85_box-5011550115_crop_detail-1.jpg\" alt=\"\" width=\"256\" height=\"256\" srcset=\"https:\/\/radiolifefm.com.br\/noticias\/wp-content\/uploads\/2022\/04\/foto_-_camara_02_dTvRDKa-1.jpg.256x256_q85_box-5011550115_crop_detail-1.jpg 256w, https:\/\/radiolifefm.com.br\/noticias\/wp-content\/uploads\/2022\/04\/foto_-_camara_02_dTvRDKa-1.jpg.256x256_q85_box-5011550115_crop_detail-1-150x150.jpg 150w, https:\/\/radiolifefm.com.br\/noticias\/wp-content\/uploads\/2022\/04\/foto_-_camara_02_dTvRDKa-1.jpg.256x256_q85_box-5011550115_crop_detail-1-200x200.jpg 200w, https:\/\/radiolifefm.com.br\/noticias\/wp-content\/uploads\/2022\/04\/foto_-_camara_02_dTvRDKa-1.jpg.256x256_q85_box-5011550115_crop_detail-1-250x250.jpg 250w, https:\/\/radiolifefm.com.br\/noticias\/wp-content\/uploads\/2022\/04\/foto_-_camara_02_dTvRDKa-1.jpg.256x256_q85_box-5011550115_crop_detail-1-500x500.jpg 500w, https:\/\/radiolifefm.com.br\/noticias\/wp-content\/uploads\/2022\/04\/foto_-_camara_02_dTvRDKa-1.jpg.256x256_q85_box-5011550115_crop_detail-1-700x700.jpg 700w\" sizes=\"auto, (max-width: 256px) 100vw, 256px\" \/><\/p>\n<p><strong>H\u00e9lio Malheiros<\/strong><br \/>\nAdvogado h\u00e1 20 anos e com atua\u00e7\u00e3o destacada tamb\u00e9m como empres\u00e1rio na \u00e1rea educacional, H\u00e9lio Vieira Malheiros J\u00fanior j\u00e1 foi presidente da 59\u00aa Subse\u00e7\u00e3o da Ordem dos Advogados do Brasil de Adamantina, de 2016 a 2018, integrante da diretoria por nove anos e presidente da Comiss\u00e3o de Cultura e Eventos da OAB local por 15 anos. Especialista em Direito e Processo do Trabalho, atuou tamb\u00e9m como presidente da Comiss\u00e3o Estadual de Defesa dos Advogados de Conselhos Profissionais da OAB\/SP, membro do Tribunal de \u00c9tica e Disciplina e da Comiss\u00e3o Eleitoral da entidade.<br \/>\nIngressou na pol\u00edtica, filiando-se e presidindo o Diret\u00f3rio Municipal do PSD e agora passa a integrar o quadro de filiados o Uni\u00e3o Brasil, nova sigla partid\u00e1ria formada pela uni\u00e3o de Democratas (DEM) e Partido Social Liberal (PSL) e que conta, inclusive, com o prefeito de Adamantina, M\u00e1rcio Cardim (Uni\u00e3o Brasil).<br \/>\n\u201cEstava filiado, presidindo inclusive, o PSD aqui na nossa cidade. Eu tive convite o ano passado de assumir o partido pela diretora estadual, atrav\u00e9s do presidente estadual e ex-ministro Gilberto Kassab. Mas veio um convite muito especial eu n\u00e3o poderia falar n\u00e3o tamb\u00e9m\u201d, destacou em entrevista ao radialista Jonas Bonassa, o Sabi\u00e1.<br \/>\nH\u00e9lio Malheiros destacou ter recebido convite de seu amigo pessoal e ex-presidente da Seccional Paulista da OAB, Caio Augusto Silva dos Santos, que \u00e9 de Bauru, e diante dessa nova possibilidade, desse novo projeto, acabou optando em ir para o Uni\u00e3o Brasil.<br \/>\nA efetiva\u00e7\u00e3o da filia\u00e7\u00e3o partid\u00e1ria foi realizada na \u00faltima semana, com a presen\u00e7a do presidente do Diret\u00f3rio Estadual do partido, Ant\u00f4nio Rueda. \u201cS\u00f3 tenho agradecer esse apoio todo que eu estou tendo\u201d, enalteceu.<br \/>\nCom reconhecida atua\u00e7\u00e3o na pol\u00edtica interna da OAB, Malheiros pretende agora atuar em favor de toda a comunidade. \u201cNa OAB, realizamos diversas a\u00e7\u00f5es sociais que colaboraram com as mais diversas entidades do Munic\u00edpio. Agora, com o partido, quero buscar um projeto de consenso, com membros de diversos setores, que pensem no progresso de Adamantina e da regi\u00e3o da Alta Paulista\u201d, ressalta.<\/p>\n<p><img loading=\"lazy\" decoding=\"async\" class=\"alignnone size-medium wp-image-51929\" src=\"https:\/\/static.radiolifefm.com.br\/wp-content\/uploads\/sites\/2\/2022\/04\/img9288copiascaled111jpg1649358633624f372904162-300x169.jpg\" alt=\"\" width=\"300\" height=\"169\" srcset=\"https:\/\/radiolifefm.com.br\/noticias\/wp-content\/uploads\/2022\/04\/img9288copiascaled111jpg1649358633624f372904162-300x169.jpg 300w, https:\/\/radiolifefm.com.br\/noticias\/wp-content\/uploads\/2022\/04\/img9288copiascaled111jpg1649358633624f372904162.jpg 600w\" sizes=\"auto, (max-width: 300px) 100vw, 300px\" \/><\/p>\n<p><strong>Marcos Lama<\/strong><br \/>\nNatural de Adamantina, Marcos Ant\u00f4nio Gon\u00e7alves da Silva, popularmente conhecido como Marcos Lama, \u00e9 m\u00e9dico veterin\u00e1rio e servidor p\u00fablico municipal, tendo ainda sido presidente da Associa\u00e7\u00e3o dos Tropeiros, Cavaleiros e Amazonas de Adamantina e da Associa\u00e7\u00e3o de Moradores do Conjunto Oiti\/Tipuanas.<br \/>\nNas elei\u00e7\u00f5es municipais de 2020, \u00e0 \u00e9poca filiado ao PSD, enfrentou o prefeito M\u00e1rcio Cardim (Uni\u00e3o Brasil). No pleito municipal, o m\u00e9dico veterin\u00e1rio e servidor p\u00fablico municipal obteve 3.367 votos, o correspondente a 22,11% dos votos v\u00e1lidos.<br \/>\nMarcos Lama se junta agora ao Movimento Democr\u00e1tico Brasileiro (MDB), sigla com 35 deputados federais e 39 estaduais, na atual legislatura.<br \/>\nAp\u00f3s a experi\u00eancia com sua candidatura a prefeito e, mediante convite de um novo grupo partid\u00e1rio, Marcos Lama decidiu aceitar o convite do MDB e lan\u00e7ou sua pr\u00e9-candidatura, que ter\u00e1 como objetivo o desenvolvimento regional, com foco em investimentos nas \u00e1reas de sa\u00fade, habita\u00e7\u00e3o popular e gera\u00e7\u00e3o de emprego e renda.<\/p>\n<p><img loading=\"lazy\" decoding=\"async\" class=\"alignnone size-medium wp-image-51930\" src=\"https:\/\/static.radiolifefm.com.br\/wp-content\/uploads\/sites\/2\/2022\/04\/sem-tatulo1jpg164941815562501fab9ab07-e1649425703461-300x255.jpg\" alt=\"\" width=\"300\" height=\"255\" srcset=\"https:\/\/radiolifefm.com.br\/noticias\/wp-content\/uploads\/2022\/04\/sem-tatulo1jpg164941815562501fab9ab07-e1649425703461-300x255.jpg 300w, https:\/\/radiolifefm.com.br\/noticias\/wp-content\/uploads\/2022\/04\/sem-tatulo1jpg164941815562501fab9ab07-e1649425703461.jpg 397w\" sizes=\"auto, (max-width: 300px) 100vw, 300px\" \/><\/p>\n<p>Fonte: Everton Santos<\/p>\n","protected":false},"excerpt":{"rendered":"<p>O cen\u00e1rio eleitoral come\u00e7a a se definir e promete ser bastante agitado para o processo eleitoral deste ano e n\u00e3o s\u00f3 na disputa presidencial, que j\u00e1 atrai grande parte da aten\u00e7\u00e3o da popula\u00e7\u00e3o. Apenas em Adamantina, ao menos tr\u00eas pr\u00e9-candidatos a deputado estadual est\u00e3o confirmados. At\u00e9 o final do ano passado, dois nomes j\u00e1 haviam [&hellip;]<\/p>\n","protected":false},"author":13,"featured_media":51932,"comment_status":"closed","ping_status":"open","sticky":false,"template":"","format":"standard","meta":{"_acf_changed":false,"_exactmetrics_skip_tracking":false,"_exactmetrics_sitenote_active":false,"_exactmetrics_sitenote_note":"","_exactmetrics_sitenote_category":0,"footnotes":""},"categories":[21],"tags":[],"class_list":["post-51924","post","type-post","status-publish","format-standard","has-post-thumbnail","hentry","category-adamantina"],"acf":[],"yoast_head":"<!-- This site is optimized with the Yoast SEO plugin v27.2 - https:\/\/yoast.com\/product\/yoast-seo-wordpress\/ -->\n<title>Com mudan\u00e7as partid\u00e1rias, tr\u00eas adamantinenses anunciam pr\u00e9-candidatura nas elei\u00e7\u00f5es deste ano - R\u00e1dio Life FM<\/title>\n<meta name=\"robots\" content=\"index, follow, max-snippet:-1, max-image-preview:large, max-video-preview:-1\" \/>\n<link rel=\"canonical\" href=\"https:\/\/radiolifefm.com.br\/noticias\/com-mudancas-partidarias-tres-adamantinenses-anunciam-pre-candidatura-nas-eleicoes-deste-anoadamantina\/\" \/>\n<meta property=\"og:locale\" content=\"pt_BR\" \/>\n<meta property=\"og:type\" content=\"article\" \/>\n<meta property=\"og:title\" content=\"Com mudan\u00e7as partid\u00e1rias, tr\u00eas adamantinenses anunciam pr\u00e9-candidatura nas elei\u00e7\u00f5es deste ano - R\u00e1dio Life FM\" \/>\n<meta property=\"og:description\" content=\"O cen\u00e1rio eleitoral come\u00e7a a se definir e promete ser bastante agitado para o processo eleitoral deste ano e n\u00e3o s\u00f3 na disputa presidencial, que j\u00e1 atrai grande parte da aten\u00e7\u00e3o da popula\u00e7\u00e3o. Apenas em Adamantina, ao menos tr\u00eas pr\u00e9-candidatos a deputado estadual est\u00e3o confirmados. At\u00e9 o final do ano passado, dois nomes j\u00e1 haviam [&hellip;]\" \/>\n<meta property=\"og:url\" content=\"https:\/\/radiolifefm.com.br\/noticias\/com-mudancas-partidarias-tres-adamantinenses-anunciam-pre-candidatura-nas-eleicoes-deste-anoadamantina\/\" \/>\n<meta property=\"og:site_name\" content=\"R\u00e1dio Life FM\" \/>\n<meta property=\"article:publisher\" content=\"https:\/\/www.facebook.com\/radiolifefm\/\" \/>\n<meta property=\"article:published_time\" content=\"2022-04-08T13:44:13+00:00\" \/>\n<meta property=\"article:modified_time\" content=\"2025-10-07T20:56:57+00:00\" \/>\n<meta property=\"og:image\" content=\"https:\/\/static.radiolifefm.com.br\/noticias\/wp-content\/uploads\/2022\/04\/Prancheta-1-100-1024x640-1.jpg\" \/>\n\t<meta property=\"og:image:width\" content=\"1024\" \/>\n\t<meta property=\"og:image:height\" content=\"640\" \/>\n\t<meta property=\"og:image:type\" content=\"image\/jpeg\" \/>\n<meta name=\"author\" content=\"ritanery\" \/>\n<meta name=\"twitter:card\" content=\"summary_large_image\" \/>\n<meta name=\"twitter:label1\" content=\"Escrito por\" \/>\n\t<meta name=\"twitter:data1\" content=\"ritanery\" \/>\n\t<meta name=\"twitter:label2\" content=\"Est. tempo de leitura\" \/>\n\t<meta name=\"twitter:data2\" content=\"7 minutos\" \/>\n<script type=\"application\/ld+json\" class=\"yoast-schema-graph\">{\"@context\":\"https:\/\/schema.org\",\"@graph\":[{\"@type\":\"Article\",\"@id\":\"https:\/\/radiolifefm.com.br\/noticias\/com-mudancas-partidarias-tres-adamantinenses-anunciam-pre-candidatura-nas-eleicoes-deste-anoadamantina\/#article\",\"isPartOf\":{\"@id\":\"https:\/\/radiolifefm.com.br\/noticias\/com-mudancas-partidarias-tres-adamantinenses-anunciam-pre-candidatura-nas-eleicoes-deste-anoadamantina\/\"},\"author\":{\"name\":\"ritanery\",\"@id\":\"https:\/\/radiolifefm.com.br\/noticias\/#\/schema\/person\/6339b9fac59d12b071dec680d7375d87\"},\"headline\":\"Com mudan\u00e7as partid\u00e1rias, tr\u00eas adamantinenses anunciam pr\u00e9-candidatura nas elei\u00e7\u00f5es deste ano\",\"datePublished\":\"2022-04-08T13:44:13+00:00\",\"dateModified\":\"2025-10-07T20:56:57+00:00\",\"mainEntityOfPage\":{\"@id\":\"https:\/\/radiolifefm.com.br\/noticias\/com-mudancas-partidarias-tres-adamantinenses-anunciam-pre-candidatura-nas-eleicoes-deste-anoadamantina\/\"},\"wordCount\":1405,\"publisher\":{\"@id\":\"https:\/\/radiolifefm.com.br\/noticias\/#organization\"},\"image\":{\"@id\":\"https:\/\/radiolifefm.com.br\/noticias\/com-mudancas-partidarias-tres-adamantinenses-anunciam-pre-candidatura-nas-eleicoes-deste-anoadamantina\/#primaryimage\"},\"thumbnailUrl\":\"https:\/\/radiolifefm.com.br\/noticias\/wp-content\/uploads\/2022\/04\/Prancheta-1-100-1024x640-1.jpg\",\"articleSection\":[\"Adamantina\"],\"inLanguage\":\"pt-BR\"},{\"@type\":\"WebPage\",\"@id\":\"https:\/\/radiolifefm.com.br\/noticias\/com-mudancas-partidarias-tres-adamantinenses-anunciam-pre-candidatura-nas-eleicoes-deste-anoadamantina\/\",\"url\":\"https:\/\/radiolifefm.com.br\/noticias\/com-mudancas-partidarias-tres-adamantinenses-anunciam-pre-candidatura-nas-eleicoes-deste-anoadamantina\/\",\"name\":\"Com mudan\u00e7as partid\u00e1rias, tr\u00eas adamantinenses anunciam pr\u00e9-candidatura nas elei\u00e7\u00f5es deste ano - R\u00e1dio Life FM\",\"isPartOf\":{\"@id\":\"https:\/\/radiolifefm.com.br\/noticias\/#website\"},\"primaryImageOfPage\":{\"@id\":\"https:\/\/radiolifefm.com.br\/noticias\/com-mudancas-partidarias-tres-adamantinenses-anunciam-pre-candidatura-nas-eleicoes-deste-anoadamantina\/#primaryimage\"},\"image\":{\"@id\":\"https:\/\/radiolifefm.com.br\/noticias\/com-mudancas-partidarias-tres-adamantinenses-anunciam-pre-candidatura-nas-eleicoes-deste-anoadamantina\/#primaryimage\"},\"thumbnailUrl\":\"https:\/\/radiolifefm.com.br\/noticias\/wp-content\/uploads\/2022\/04\/Prancheta-1-100-1024x640-1.jpg\",\"datePublished\":\"2022-04-08T13:44:13+00:00\",\"dateModified\":\"2025-10-07T20:56:57+00:00\",\"breadcrumb\":{\"@id\":\"https:\/\/radiolifefm.com.br\/noticias\/com-mudancas-partidarias-tres-adamantinenses-anunciam-pre-candidatura-nas-eleicoes-deste-anoadamantina\/#breadcrumb\"},\"inLanguage\":\"pt-BR\",\"potentialAction\":[{\"@type\":\"ReadAction\",\"target\":[\"https:\/\/radiolifefm.com.br\/noticias\/com-mudancas-partidarias-tres-adamantinenses-anunciam-pre-candidatura-nas-eleicoes-deste-anoadamantina\/\"]}]},{\"@type\":\"ImageObject\",\"inLanguage\":\"pt-BR\",\"@id\":\"https:\/\/radiolifefm.com.br\/noticias\/com-mudancas-partidarias-tres-adamantinenses-anunciam-pre-candidatura-nas-eleicoes-deste-anoadamantina\/#primaryimage\",\"url\":\"https:\/\/radiolifefm.com.br\/noticias\/wp-content\/uploads\/2022\/04\/Prancheta-1-100-1024x640-1.jpg\",\"contentUrl\":\"https:\/\/radiolifefm.com.br\/noticias\/wp-content\/uploads\/2022\/04\/Prancheta-1-100-1024x640-1.jpg\",\"width\":1024,\"height\":640,\"caption\":\"Todos aproveitaram a \u201cjanela partid\u00e1ria\u201d e filiaram-se a novas legendas, mas confirmaram as pr\u00e9-candidaturas ao pleito que ser\u00e1 realizado neste ano\"},{\"@type\":\"BreadcrumbList\",\"@id\":\"https:\/\/radiolifefm.com.br\/noticias\/com-mudancas-partidarias-tres-adamantinenses-anunciam-pre-candidatura-nas-eleicoes-deste-anoadamantina\/#breadcrumb\",\"itemListElement\":[{\"@type\":\"ListItem\",\"position\":1,\"name\":\"In\u00edcio\",\"item\":\"https:\/\/radiolifefm.com.br\/noticias\/\"},{\"@type\":\"ListItem\",\"position\":2,\"name\":\"Com mudan\u00e7as partid\u00e1rias, tr\u00eas adamantinenses anunciam pr\u00e9-candidatura nas elei\u00e7\u00f5es deste ano\"}]},{\"@type\":\"WebSite\",\"@id\":\"https:\/\/radiolifefm.com.br\/noticias\/#website\",\"url\":\"https:\/\/radiolifefm.com.br\/noticias\/\",\"name\":\"R\u00e1dio Life FM\",\"description\":\"O Portal de Not\u00edcias de Adamantina\",\"publisher\":{\"@id\":\"https:\/\/radiolifefm.com.br\/noticias\/#organization\"},\"alternateName\":\"Life FM\",\"potentialAction\":[{\"@type\":\"SearchAction\",\"target\":{\"@type\":\"EntryPoint\",\"urlTemplate\":\"https:\/\/radiolifefm.com.br\/noticias\/?s={search_term_string}\"},\"query-input\":{\"@type\":\"PropertyValueSpecification\",\"valueRequired\":true,\"valueName\":\"search_term_string\"}}],\"inLanguage\":\"pt-BR\"},{\"@type\":\"Organization\",\"@id\":\"https:\/\/radiolifefm.com.br\/noticias\/#organization\",\"name\":\"R\u00e1dio Life FM\",\"alternateName\":\"Life FM\",\"url\":\"https:\/\/radiolifefm.com.br\/noticias\/\",\"logo\":{\"@type\":\"ImageObject\",\"inLanguage\":\"pt-BR\",\"@id\":\"https:\/\/radiolifefm.com.br\/noticias\/#\/schema\/logo\/image\/\",\"url\":\"https:\/\/static.radiolifefm.com.br\/noticias\/wp-content\/uploads\/2019\/10\/logo-lifefm.png\",\"contentUrl\":\"https:\/\/static.radiolifefm.com.br\/noticias\/wp-content\/uploads\/2019\/10\/logo-lifefm.png\",\"width\":196,\"height\":47,\"caption\":\"R\u00e1dio Life FM\"},\"image\":{\"@id\":\"https:\/\/radiolifefm.com.br\/noticias\/#\/schema\/logo\/image\/\"},\"sameAs\":[\"https:\/\/www.facebook.com\/radiolifefm\/\",\"https:\/\/www.instagram.com\/life1079fm\/\"]},{\"@type\":\"Person\",\"@id\":\"https:\/\/radiolifefm.com.br\/noticias\/#\/schema\/person\/6339b9fac59d12b071dec680d7375d87\",\"name\":\"ritanery\",\"image\":{\"@type\":\"ImageObject\",\"inLanguage\":\"pt-BR\",\"@id\":\"https:\/\/secure.gravatar.com\/avatar\/0e37bb19071f47c0b8a23f62a903df117c5a0e75f65a0c2901562f97cd41cf86?s=96&d=mm&r=g\",\"url\":\"https:\/\/secure.gravatar.com\/avatar\/0e37bb19071f47c0b8a23f62a903df117c5a0e75f65a0c2901562f97cd41cf86?s=96&d=mm&r=g\",\"contentUrl\":\"https:\/\/secure.gravatar.com\/avatar\/0e37bb19071f47c0b8a23f62a903df117c5a0e75f65a0c2901562f97cd41cf86?s=96&d=mm&r=g\",\"caption\":\"ritanery\"}}]}<\/script>\n<!-- \/ Yoast SEO plugin. -->","yoast_head_json":{"title":"Com mudan\u00e7as partid\u00e1rias, tr\u00eas adamantinenses anunciam pr\u00e9-candidatura nas elei\u00e7\u00f5es deste ano - R\u00e1dio Life FM","robots":{"index":"index","follow":"follow","max-snippet":"max-snippet:-1","max-image-preview":"max-image-preview:large","max-video-preview":"max-video-preview:-1"},"canonical":"https:\/\/radiolifefm.com.br\/noticias\/com-mudancas-partidarias-tres-adamantinenses-anunciam-pre-candidatura-nas-eleicoes-deste-anoadamantina\/","og_locale":"pt_BR","og_type":"article","og_title":"Com mudan\u00e7as partid\u00e1rias, tr\u00eas adamantinenses anunciam pr\u00e9-candidatura nas elei\u00e7\u00f5es deste ano - R\u00e1dio Life FM","og_description":"O cen\u00e1rio eleitoral come\u00e7a a se definir e promete ser bastante agitado para o processo eleitoral deste ano e n\u00e3o s\u00f3 na disputa presidencial, que j\u00e1 atrai grande parte da aten\u00e7\u00e3o da popula\u00e7\u00e3o. Apenas em Adamantina, ao menos tr\u00eas pr\u00e9-candidatos a deputado estadual est\u00e3o confirmados. At\u00e9 o final do ano passado, dois nomes j\u00e1 haviam [&hellip;]","og_url":"https:\/\/radiolifefm.com.br\/noticias\/com-mudancas-partidarias-tres-adamantinenses-anunciam-pre-candidatura-nas-eleicoes-deste-anoadamantina\/","og_site_name":"R\u00e1dio Life FM","article_publisher":"https:\/\/www.facebook.com\/radiolifefm\/","article_published_time":"2022-04-08T13:44:13+00:00","article_modified_time":"2025-10-07T20:56:57+00:00","og_image":[{"width":1024,"height":640,"url":"https:\/\/static.radiolifefm.com.br\/noticias\/wp-content\/uploads\/2022\/04\/Prancheta-1-100-1024x640-1.jpg","type":"image\/jpeg"}],"author":"ritanery","twitter_card":"summary_large_image","twitter_misc":{"Escrito por":"ritanery","Est. tempo de leitura":"7 minutos"},"schema":{"@context":"https:\/\/schema.org","@graph":[{"@type":"Article","@id":"https:\/\/radiolifefm.com.br\/noticias\/com-mudancas-partidarias-tres-adamantinenses-anunciam-pre-candidatura-nas-eleicoes-deste-anoadamantina\/#article","isPartOf":{"@id":"https:\/\/radiolifefm.com.br\/noticias\/com-mudancas-partidarias-tres-adamantinenses-anunciam-pre-candidatura-nas-eleicoes-deste-anoadamantina\/"},"author":{"name":"ritanery","@id":"https:\/\/radiolifefm.com.br\/noticias\/#\/schema\/person\/6339b9fac59d12b071dec680d7375d87"},"headline":"Com mudan\u00e7as partid\u00e1rias, tr\u00eas adamantinenses anunciam pr\u00e9-candidatura nas elei\u00e7\u00f5es deste ano","datePublished":"2022-04-08T13:44:13+00:00","dateModified":"2025-10-07T20:56:57+00:00","mainEntityOfPage":{"@id":"https:\/\/radiolifefm.com.br\/noticias\/com-mudancas-partidarias-tres-adamantinenses-anunciam-pre-candidatura-nas-eleicoes-deste-anoadamantina\/"},"wordCount":1405,"publisher":{"@id":"https:\/\/radiolifefm.com.br\/noticias\/#organization"},"image":{"@id":"https:\/\/radiolifefm.com.br\/noticias\/com-mudancas-partidarias-tres-adamantinenses-anunciam-pre-candidatura-nas-eleicoes-deste-anoadamantina\/#primaryimage"},"thumbnailUrl":"https:\/\/radiolifefm.com.br\/noticias\/wp-content\/uploads\/2022\/04\/Prancheta-1-100-1024x640-1.jpg","articleSection":["Adamantina"],"inLanguage":"pt-BR"},{"@type":"WebPage","@id":"https:\/\/radiolifefm.com.br\/noticias\/com-mudancas-partidarias-tres-adamantinenses-anunciam-pre-candidatura-nas-eleicoes-deste-anoadamantina\/","url":"https:\/\/radiolifefm.com.br\/noticias\/com-mudancas-partidarias-tres-adamantinenses-anunciam-pre-candidatura-nas-eleicoes-deste-anoadamantina\/","name":"Com mudan\u00e7as partid\u00e1rias, tr\u00eas adamantinenses anunciam pr\u00e9-candidatura nas elei\u00e7\u00f5es deste ano - R\u00e1dio Life FM","isPartOf":{"@id":"https:\/\/radiolifefm.com.br\/noticias\/#website"},"primaryImageOfPage":{"@id":"https:\/\/radiolifefm.com.br\/noticias\/com-mudancas-partidarias-tres-adamantinenses-anunciam-pre-candidatura-nas-eleicoes-deste-anoadamantina\/#primaryimage"},"image":{"@id":"https:\/\/radiolifefm.com.br\/noticias\/com-mudancas-partidarias-tres-adamantinenses-anunciam-pre-candidatura-nas-eleicoes-deste-anoadamantina\/#primaryimage"},"thumbnailUrl":"https:\/\/radiolifefm.com.br\/noticias\/wp-content\/uploads\/2022\/04\/Prancheta-1-100-1024x640-1.jpg","datePublished":"2022-04-08T13:44:13+00:00","dateModified":"2025-10-07T20:56:57+00:00","breadcrumb":{"@id":"https:\/\/radiolifefm.com.br\/noticias\/com-mudancas-partidarias-tres-adamantinenses-anunciam-pre-candidatura-nas-eleicoes-deste-anoadamantina\/#breadcrumb"},"inLanguage":"pt-BR","potentialAction":[{"@type":"ReadAction","target":["https:\/\/radiolifefm.com.br\/noticias\/com-mudancas-partidarias-tres-adamantinenses-anunciam-pre-candidatura-nas-eleicoes-deste-anoadamantina\/"]}]},{"@type":"ImageObject","inLanguage":"pt-BR","@id":"https:\/\/radiolifefm.com.br\/noticias\/com-mudancas-partidarias-tres-adamantinenses-anunciam-pre-candidatura-nas-eleicoes-deste-anoadamantina\/#primaryimage","url":"https:\/\/radiolifefm.com.br\/noticias\/wp-content\/uploads\/2022\/04\/Prancheta-1-100-1024x640-1.jpg","contentUrl":"https:\/\/radiolifefm.com.br\/noticias\/wp-content\/uploads\/2022\/04\/Prancheta-1-100-1024x640-1.jpg","width":1024,"height":640,"caption":"Todos aproveitaram a \u201cjanela partid\u00e1ria\u201d e filiaram-se a novas legendas, mas confirmaram as pr\u00e9-candidaturas ao pleito que ser\u00e1 realizado neste ano"},{"@type":"BreadcrumbList","@id":"https:\/\/radiolifefm.com.br\/noticias\/com-mudancas-partidarias-tres-adamantinenses-anunciam-pre-candidatura-nas-eleicoes-deste-anoadamantina\/#breadcrumb","itemListElement":[{"@type":"ListItem","position":1,"name":"In\u00edcio","item":"https:\/\/radiolifefm.com.br\/noticias\/"},{"@type":"ListItem","position":2,"name":"Com mudan\u00e7as partid\u00e1rias, tr\u00eas adamantinenses anunciam pr\u00e9-candidatura nas elei\u00e7\u00f5es deste ano"}]},{"@type":"WebSite","@id":"https:\/\/radiolifefm.com.br\/noticias\/#website","url":"https:\/\/radiolifefm.com.br\/noticias\/","name":"R\u00e1dio Life FM","description":"O Portal de Not\u00edcias de Adamantina","publisher":{"@id":"https:\/\/radiolifefm.com.br\/noticias\/#organization"},"alternateName":"Life FM","potentialAction":[{"@type":"SearchAction","target":{"@type":"EntryPoint","urlTemplate":"https:\/\/radiolifefm.com.br\/noticias\/?s={search_term_string}"},"query-input":{"@type":"PropertyValueSpecification","valueRequired":true,"valueName":"search_term_string"}}],"inLanguage":"pt-BR"},{"@type":"Organization","@id":"https:\/\/radiolifefm.com.br\/noticias\/#organization","name":"R\u00e1dio Life FM","alternateName":"Life FM","url":"https:\/\/radiolifefm.com.br\/noticias\/","logo":{"@type":"ImageObject","inLanguage":"pt-BR","@id":"https:\/\/radiolifefm.com.br\/noticias\/#\/schema\/logo\/image\/","url":"https:\/\/static.radiolifefm.com.br\/noticias\/wp-content\/uploads\/2019\/10\/logo-lifefm.png","contentUrl":"https:\/\/static.radiolifefm.com.br\/noticias\/wp-content\/uploads\/2019\/10\/logo-lifefm.png","width":196,"height":47,"caption":"R\u00e1dio Life FM"},"image":{"@id":"https:\/\/radiolifefm.com.br\/noticias\/#\/schema\/logo\/image\/"},"sameAs":["https:\/\/www.facebook.com\/radiolifefm\/","https:\/\/www.instagram.com\/life1079fm\/"]},{"@type":"Person","@id":"https:\/\/radiolifefm.com.br\/noticias\/#\/schema\/person\/6339b9fac59d12b071dec680d7375d87","name":"ritanery","image":{"@type":"ImageObject","inLanguage":"pt-BR","@id":"https:\/\/secure.gravatar.com\/avatar\/0e37bb19071f47c0b8a23f62a903df117c5a0e75f65a0c2901562f97cd41cf86?s=96&d=mm&r=g","url":"https:\/\/secure.gravatar.com\/avatar\/0e37bb19071f47c0b8a23f62a903df117c5a0e75f65a0c2901562f97cd41cf86?s=96&d=mm&r=g","contentUrl":"https:\/\/secure.gravatar.com\/avatar\/0e37bb19071f47c0b8a23f62a903df117c5a0e75f65a0c2901562f97cd41cf86?s=96&d=mm&r=g","caption":"ritanery"}}]}},"amp_enabled":true,"_links":{"self":[{"href":"https:\/\/radiolifefm.com.br\/noticias\/wp-json\/wp\/v2\/posts\/51924","targetHints":{"allow":["GET"]}}],"collection":[{"href":"https:\/\/radiolifefm.com.br\/noticias\/wp-json\/wp\/v2\/posts"}],"about":[{"href":"https:\/\/radiolifefm.com.br\/noticias\/wp-json\/wp\/v2\/types\/post"}],"author":[{"embeddable":true,"href":"https:\/\/radiolifefm.com.br\/noticias\/wp-json\/wp\/v2\/users\/13"}],"replies":[{"embeddable":true,"href":"https:\/\/radiolifefm.com.br\/noticias\/wp-json\/wp\/v2\/comments?post=51924"}],"version-history":[{"count":4,"href":"https:\/\/radiolifefm.com.br\/noticias\/wp-json\/wp\/v2\/posts\/51924\/revisions"}],"predecessor-version":[{"id":51933,"href":"https:\/\/radiolifefm.com.br\/noticias\/wp-json\/wp\/v2\/posts\/51924\/revisions\/51933"}],"wp:featuredmedia":[{"embeddable":true,"href":"https:\/\/radiolifefm.com.br\/noticias\/wp-json\/wp\/v2\/media\/51932"}],"wp:attachment":[{"href":"https:\/\/radiolifefm.com.br\/noticias\/wp-json\/wp\/v2\/media?parent=51924"}],"wp:term":[{"taxonomy":"category","embeddable":true,"href":"https:\/\/radiolifefm.com.br\/noticias\/wp-json\/wp\/v2\/categories?post=51924"},{"taxonomy":"post_tag","embeddable":true,"href":"https:\/\/radiolifefm.com.br\/noticias\/wp-json\/wp\/v2\/tags?post=51924"}],"curies":[{"name":"wp","href":"https:\/\/api.w.org\/{rel}","templated":true}]}}