{"id":51866,"date":"2022-04-07T20:50:46","date_gmt":"2022-04-07T23:50:46","guid":{"rendered":"https:\/\/radiolifefm.com.br\/noticias\/?p=51866"},"modified":"2026-03-24T16:23:47","modified_gmt":"2026-03-24T19:23:47","slug":"adamantina-participa-de-encontro-promovido-pela-associacao-da-frente-paulista-dos-dirigentes-publicos-municipais-da-assistencia-socialadamantina","status":"publish","type":"post","link":"https:\/\/radiolifefm.com.br\/noticias\/adamantina-participa-de-encontro-promovido-pela-associacao-da-frente-paulista-dos-dirigentes-publicos-municipais-da-assistencia-socialadamantina\/","title":{"rendered":"Adamantina participa de encontro promovido pela Associa\u00e7\u00e3o da Frente Paulista dos Dirigentes P\u00fablicos Municipais da Assist\u00eancia Social"},"content":{"rendered":"<div id=\"fb-root\"><\/div>\n<p>A Prefeitura de Adamantina, por meio do Centro de Refer\u00eancia em Assist\u00eancia Social, participou da 2\u00aa Assembleia Geral Ordin\u00e1ria da Associa\u00e7\u00e3o da Frente Paulista dos Dirigentes P\u00fablicos Municipais da Assist\u00eancia \u2013 COEGEMAS\/SP do ano de 2022 realizada na cidade de Valinhos.<\/p>\n<p>Participaram do encontro a diretora do Centro de Refer\u00eancia de Assist\u00eancia Social (CRAS), Thais Carmona e a Franciele Sanches de Assis, t\u00e9cnica do \u00f3rg\u00e3o. Durante o evento, foi realizada a palestra \u201cTrabalho Social com Fam\u00edlias\u201d, ministrada pela assistente social Renata Aparecida Ferreira.<\/p>\n<p>De acordo com a diretora do CRAS, a import\u00e2ncia da participa\u00e7\u00e3o no encontro est\u00e1 na oportunidade de obter a capacita\u00e7\u00e3o para quem atua com o\u00a0Sistema \u00danico de Assist\u00eancia Social (Suas).<\/p>\n<p style=\"font-weight: 400\">\u201cA palestra tratou sobre a origem, significados atribu\u00eddos, e as possibilidades de enfrentamento das situa\u00e7\u00f5es de vulnerabilidade vivenciada por toda a fam\u00edlia, contribuindo para sua prote\u00e7\u00e3o de forma integral materializando a matricidade sociofamiliar no \u00e2mbito do SUAS\u201d, explica.<\/p>\n<p>&nbsp;<\/p>\n<p>Fonte: Assessoria de Imprensa<\/p>\n","protected":false},"excerpt":{"rendered":"<p>A Prefeitura de Adamantina, por meio do Centro de Refer\u00eancia em Assist\u00eancia Social, participou da 2\u00aa Assembleia Geral Ordin\u00e1ria da Associa\u00e7\u00e3o da Frente Paulista dos Dirigentes P\u00fablicos Municipais da Assist\u00eancia \u2013 COEGEMAS\/SP do ano de 2022 realizada na cidade de Valinhos. Participaram do encontro a diretora do Centro de Refer\u00eancia de Assist\u00eancia Social (CRAS), Thais [&hellip;]<\/p>\n","protected":false},"author":13,"featured_media":51873,"comment_status":"closed","ping_status":"open","sticky":false,"template":"","format":"standard","meta":{"_acf_changed":false,"_exactmetrics_skip_tracking":false,"_exactmetrics_sitenote_active":false,"_exactmetrics_sitenote_note":"","_exactmetrics_sitenote_category":0,"footnotes":""},"categories":[21],"tags":[],"class_list":["post-51866","post","type-post","status-publish","format-standard","has-post-thumbnail","hentry","category-adamantina"],"acf":[],"yoast_head":"<!-- This site is optimized with the Yoast SEO plugin v27.2 - https:\/\/yoast.com\/product\/yoast-seo-wordpress\/ -->\n<title>Adamantina participa de encontro promovido pela Associa\u00e7\u00e3o da Frente Paulista dos Dirigentes P\u00fablicos Municipais da Assist\u00eancia Social - R\u00e1dio Life FM<\/title>\n<meta name=\"robots\" content=\"index, follow, max-snippet:-1, max-image-preview:large, max-video-preview:-1\" \/>\n<link rel=\"canonical\" href=\"https:\/\/radiolifefm.com.br\/noticias\/adamantina-participa-de-encontro-promovido-pela-associacao-da-frente-paulista-dos-dirigentes-publicos-municipais-da-assistencia-socialadamantina\/\" \/>\n<meta property=\"og:locale\" content=\"pt_BR\" \/>\n<meta property=\"og:type\" content=\"article\" \/>\n<meta property=\"og:title\" content=\"Adamantina participa de encontro promovido pela Associa\u00e7\u00e3o da Frente Paulista dos Dirigentes P\u00fablicos Municipais da Assist\u00eancia Social - R\u00e1dio Life FM\" \/>\n<meta property=\"og:description\" content=\"A Prefeitura de Adamantina, por meio do Centro de Refer\u00eancia em Assist\u00eancia Social, participou da 2\u00aa Assembleia Geral Ordin\u00e1ria da Associa\u00e7\u00e3o da Frente Paulista dos Dirigentes P\u00fablicos Municipais da Assist\u00eancia \u2013 COEGEMAS\/SP do ano de 2022 realizada na cidade de Valinhos. Participaram do encontro a diretora do Centro de Refer\u00eancia de Assist\u00eancia Social (CRAS), Thais [&hellip;]\" \/>\n<meta property=\"og:url\" content=\"https:\/\/radiolifefm.com.br\/noticias\/adamantina-participa-de-encontro-promovido-pela-associacao-da-frente-paulista-dos-dirigentes-publicos-municipais-da-assistencia-socialadamantina\/\" \/>\n<meta property=\"og:site_name\" content=\"R\u00e1dio Life FM\" \/>\n<meta property=\"article:publisher\" content=\"https:\/\/www.facebook.com\/radiolifefm\/\" \/>\n<meta property=\"article:published_time\" content=\"2022-04-07T23:50:46+00:00\" \/>\n<meta property=\"article:modified_time\" content=\"2026-03-24T19:23:47+00:00\" \/>\n<meta property=\"og:image\" content=\"https:\/\/radiolifefm.com.br\/noticias\/wp-content\/uploads\/2022\/04\/1-11.jpg\" \/>\n\t<meta property=\"og:image:width\" content=\"1920\" \/>\n\t<meta property=\"og:image:height\" content=\"1080\" \/>\n\t<meta property=\"og:image:type\" content=\"image\/jpeg\" \/>\n<meta name=\"author\" content=\"ritanery\" \/>\n<meta name=\"twitter:card\" content=\"summary_large_image\" \/>\n<meta name=\"twitter:label1\" content=\"Escrito por\" \/>\n\t<meta name=\"twitter:data1\" content=\"ritanery\" \/>\n\t<meta name=\"twitter:label2\" content=\"Est. tempo de leitura\" \/>\n\t<meta name=\"twitter:data2\" content=\"1 minuto\" \/>\n<script type=\"application\/ld+json\" class=\"yoast-schema-graph\">{\"@context\":\"https:\/\/schema.org\",\"@graph\":[{\"@type\":\"Article\",\"@id\":\"https:\/\/radiolifefm.com.br\/noticias\/adamantina-participa-de-encontro-promovido-pela-associacao-da-frente-paulista-dos-dirigentes-publicos-municipais-da-assistencia-socialadamantina\/#article\",\"isPartOf\":{\"@id\":\"https:\/\/radiolifefm.com.br\/noticias\/adamantina-participa-de-encontro-promovido-pela-associacao-da-frente-paulista-dos-dirigentes-publicos-municipais-da-assistencia-socialadamantina\/\"},\"author\":{\"name\":\"ritanery\",\"@id\":\"https:\/\/radiolifefm.com.br\/noticias\/#\/schema\/person\/6339b9fac59d12b071dec680d7375d87\"},\"headline\":\"Adamantina participa de encontro promovido pela Associa\u00e7\u00e3o da Frente Paulista dos Dirigentes P\u00fablicos Municipais da Assist\u00eancia Social\",\"datePublished\":\"2022-04-07T23:50:46+00:00\",\"dateModified\":\"2026-03-24T19:23:47+00:00\",\"mainEntityOfPage\":{\"@id\":\"https:\/\/radiolifefm.com.br\/noticias\/adamantina-participa-de-encontro-promovido-pela-associacao-da-frente-paulista-dos-dirigentes-publicos-municipais-da-assistencia-socialadamantina\/\"},\"wordCount\":194,\"publisher\":{\"@id\":\"https:\/\/radiolifefm.com.br\/noticias\/#organization\"},\"image\":{\"@id\":\"https:\/\/radiolifefm.com.br\/noticias\/adamantina-participa-de-encontro-promovido-pela-associacao-da-frente-paulista-dos-dirigentes-publicos-municipais-da-assistencia-socialadamantina\/#primaryimage\"},\"thumbnailUrl\":\"https:\/\/radiolifefm.com.br\/noticias\/wp-content\/uploads\/2022\/04\/1-11.jpg\",\"articleSection\":[\"Adamantina\"],\"inLanguage\":\"pt-BR\"},{\"@type\":\"WebPage\",\"@id\":\"https:\/\/radiolifefm.com.br\/noticias\/adamantina-participa-de-encontro-promovido-pela-associacao-da-frente-paulista-dos-dirigentes-publicos-municipais-da-assistencia-socialadamantina\/\",\"url\":\"https:\/\/radiolifefm.com.br\/noticias\/adamantina-participa-de-encontro-promovido-pela-associacao-da-frente-paulista-dos-dirigentes-publicos-municipais-da-assistencia-socialadamantina\/\",\"name\":\"Adamantina participa de encontro promovido pela Associa\u00e7\u00e3o da Frente Paulista dos Dirigentes P\u00fablicos Municipais da Assist\u00eancia Social - R\u00e1dio Life FM\",\"isPartOf\":{\"@id\":\"https:\/\/radiolifefm.com.br\/noticias\/#website\"},\"primaryImageOfPage\":{\"@id\":\"https:\/\/radiolifefm.com.br\/noticias\/adamantina-participa-de-encontro-promovido-pela-associacao-da-frente-paulista-dos-dirigentes-publicos-municipais-da-assistencia-socialadamantina\/#primaryimage\"},\"image\":{\"@id\":\"https:\/\/radiolifefm.com.br\/noticias\/adamantina-participa-de-encontro-promovido-pela-associacao-da-frente-paulista-dos-dirigentes-publicos-municipais-da-assistencia-socialadamantina\/#primaryimage\"},\"thumbnailUrl\":\"https:\/\/radiolifefm.com.br\/noticias\/wp-content\/uploads\/2022\/04\/1-11.jpg\",\"datePublished\":\"2022-04-07T23:50:46+00:00\",\"dateModified\":\"2026-03-24T19:23:47+00:00\",\"breadcrumb\":{\"@id\":\"https:\/\/radiolifefm.com.br\/noticias\/adamantina-participa-de-encontro-promovido-pela-associacao-da-frente-paulista-dos-dirigentes-publicos-municipais-da-assistencia-socialadamantina\/#breadcrumb\"},\"inLanguage\":\"pt-BR\",\"potentialAction\":[{\"@type\":\"ReadAction\",\"target\":[\"https:\/\/radiolifefm.com.br\/noticias\/adamantina-participa-de-encontro-promovido-pela-associacao-da-frente-paulista-dos-dirigentes-publicos-municipais-da-assistencia-socialadamantina\/\"]}]},{\"@type\":\"ImageObject\",\"inLanguage\":\"pt-BR\",\"@id\":\"https:\/\/radiolifefm.com.br\/noticias\/adamantina-participa-de-encontro-promovido-pela-associacao-da-frente-paulista-dos-dirigentes-publicos-municipais-da-assistencia-socialadamantina\/#primaryimage\",\"url\":\"https:\/\/radiolifefm.com.br\/noticias\/wp-content\/uploads\/2022\/04\/1-11.jpg\",\"contentUrl\":\"https:\/\/radiolifefm.com.br\/noticias\/wp-content\/uploads\/2022\/04\/1-11.jpg\",\"width\":1920,\"height\":1080},{\"@type\":\"BreadcrumbList\",\"@id\":\"https:\/\/radiolifefm.com.br\/noticias\/adamantina-participa-de-encontro-promovido-pela-associacao-da-frente-paulista-dos-dirigentes-publicos-municipais-da-assistencia-socialadamantina\/#breadcrumb\",\"itemListElement\":[{\"@type\":\"ListItem\",\"position\":1,\"name\":\"In\u00edcio\",\"item\":\"https:\/\/radiolifefm.com.br\/noticias\/\"},{\"@type\":\"ListItem\",\"position\":2,\"name\":\"Adamantina participa de encontro promovido pela Associa\u00e7\u00e3o da Frente Paulista dos Dirigentes P\u00fablicos Municipais da Assist\u00eancia Social\"}]},{\"@type\":\"WebSite\",\"@id\":\"https:\/\/radiolifefm.com.br\/noticias\/#website\",\"url\":\"https:\/\/radiolifefm.com.br\/noticias\/\",\"name\":\"R\u00e1dio Life FM\",\"description\":\"O Portal de Not\u00edcias de Adamantina\",\"publisher\":{\"@id\":\"https:\/\/radiolifefm.com.br\/noticias\/#organization\"},\"alternateName\":\"Life FM\",\"potentialAction\":[{\"@type\":\"SearchAction\",\"target\":{\"@type\":\"EntryPoint\",\"urlTemplate\":\"https:\/\/radiolifefm.com.br\/noticias\/?s={search_term_string}\"},\"query-input\":{\"@type\":\"PropertyValueSpecification\",\"valueRequired\":true,\"valueName\":\"search_term_string\"}}],\"inLanguage\":\"pt-BR\"},{\"@type\":\"Organization\",\"@id\":\"https:\/\/radiolifefm.com.br\/noticias\/#organization\",\"name\":\"R\u00e1dio Life FM\",\"alternateName\":\"Life FM\",\"url\":\"https:\/\/radiolifefm.com.br\/noticias\/\",\"logo\":{\"@type\":\"ImageObject\",\"inLanguage\":\"pt-BR\",\"@id\":\"https:\/\/radiolifefm.com.br\/noticias\/#\/schema\/logo\/image\/\",\"url\":\"https:\/\/static.radiolifefm.com.br\/noticias\/wp-content\/uploads\/2019\/10\/logo-lifefm.png\",\"contentUrl\":\"https:\/\/static.radiolifefm.com.br\/noticias\/wp-content\/uploads\/2019\/10\/logo-lifefm.png\",\"width\":196,\"height\":47,\"caption\":\"R\u00e1dio Life FM\"},\"image\":{\"@id\":\"https:\/\/radiolifefm.com.br\/noticias\/#\/schema\/logo\/image\/\"},\"sameAs\":[\"https:\/\/www.facebook.com\/radiolifefm\/\",\"https:\/\/www.instagram.com\/life1079fm\/\"]},{\"@type\":\"Person\",\"@id\":\"https:\/\/radiolifefm.com.br\/noticias\/#\/schema\/person\/6339b9fac59d12b071dec680d7375d87\",\"name\":\"ritanery\",\"image\":{\"@type\":\"ImageObject\",\"inLanguage\":\"pt-BR\",\"@id\":\"https:\/\/secure.gravatar.com\/avatar\/0e37bb19071f47c0b8a23f62a903df117c5a0e75f65a0c2901562f97cd41cf86?s=96&d=mm&r=g\",\"url\":\"https:\/\/secure.gravatar.com\/avatar\/0e37bb19071f47c0b8a23f62a903df117c5a0e75f65a0c2901562f97cd41cf86?s=96&d=mm&r=g\",\"contentUrl\":\"https:\/\/secure.gravatar.com\/avatar\/0e37bb19071f47c0b8a23f62a903df117c5a0e75f65a0c2901562f97cd41cf86?s=96&d=mm&r=g\",\"caption\":\"ritanery\"}}]}<\/script>\n<!-- \/ Yoast SEO plugin. -->","yoast_head_json":{"title":"Adamantina participa de encontro promovido pela Associa\u00e7\u00e3o da Frente Paulista dos Dirigentes P\u00fablicos Municipais da Assist\u00eancia Social - R\u00e1dio Life FM","robots":{"index":"index","follow":"follow","max-snippet":"max-snippet:-1","max-image-preview":"max-image-preview:large","max-video-preview":"max-video-preview:-1"},"canonical":"https:\/\/radiolifefm.com.br\/noticias\/adamantina-participa-de-encontro-promovido-pela-associacao-da-frente-paulista-dos-dirigentes-publicos-municipais-da-assistencia-socialadamantina\/","og_locale":"pt_BR","og_type":"article","og_title":"Adamantina participa de encontro promovido pela Associa\u00e7\u00e3o da Frente Paulista dos Dirigentes P\u00fablicos Municipais da Assist\u00eancia Social - R\u00e1dio Life FM","og_description":"A Prefeitura de Adamantina, por meio do Centro de Refer\u00eancia em Assist\u00eancia Social, participou da 2\u00aa Assembleia Geral Ordin\u00e1ria da Associa\u00e7\u00e3o da Frente Paulista dos Dirigentes P\u00fablicos Municipais da Assist\u00eancia \u2013 COEGEMAS\/SP do ano de 2022 realizada na cidade de Valinhos. Participaram do encontro a diretora do Centro de Refer\u00eancia de Assist\u00eancia Social (CRAS), Thais [&hellip;]","og_url":"https:\/\/radiolifefm.com.br\/noticias\/adamantina-participa-de-encontro-promovido-pela-associacao-da-frente-paulista-dos-dirigentes-publicos-municipais-da-assistencia-socialadamantina\/","og_site_name":"R\u00e1dio Life FM","article_publisher":"https:\/\/www.facebook.com\/radiolifefm\/","article_published_time":"2022-04-07T23:50:46+00:00","article_modified_time":"2026-03-24T19:23:47+00:00","og_image":[{"width":1920,"height":1080,"url":"https:\/\/radiolifefm.com.br\/noticias\/wp-content\/uploads\/2022\/04\/1-11.jpg","type":"image\/jpeg"}],"author":"ritanery","twitter_card":"summary_large_image","twitter_misc":{"Escrito por":"ritanery","Est. tempo de leitura":"1 minuto"},"schema":{"@context":"https:\/\/schema.org","@graph":[{"@type":"Article","@id":"https:\/\/radiolifefm.com.br\/noticias\/adamantina-participa-de-encontro-promovido-pela-associacao-da-frente-paulista-dos-dirigentes-publicos-municipais-da-assistencia-socialadamantina\/#article","isPartOf":{"@id":"https:\/\/radiolifefm.com.br\/noticias\/adamantina-participa-de-encontro-promovido-pela-associacao-da-frente-paulista-dos-dirigentes-publicos-municipais-da-assistencia-socialadamantina\/"},"author":{"name":"ritanery","@id":"https:\/\/radiolifefm.com.br\/noticias\/#\/schema\/person\/6339b9fac59d12b071dec680d7375d87"},"headline":"Adamantina participa de encontro promovido pela Associa\u00e7\u00e3o da Frente Paulista dos Dirigentes P\u00fablicos Municipais da Assist\u00eancia Social","datePublished":"2022-04-07T23:50:46+00:00","dateModified":"2026-03-24T19:23:47+00:00","mainEntityOfPage":{"@id":"https:\/\/radiolifefm.com.br\/noticias\/adamantina-participa-de-encontro-promovido-pela-associacao-da-frente-paulista-dos-dirigentes-publicos-municipais-da-assistencia-socialadamantina\/"},"wordCount":194,"publisher":{"@id":"https:\/\/radiolifefm.com.br\/noticias\/#organization"},"image":{"@id":"https:\/\/radiolifefm.com.br\/noticias\/adamantina-participa-de-encontro-promovido-pela-associacao-da-frente-paulista-dos-dirigentes-publicos-municipais-da-assistencia-socialadamantina\/#primaryimage"},"thumbnailUrl":"https:\/\/radiolifefm.com.br\/noticias\/wp-content\/uploads\/2022\/04\/1-11.jpg","articleSection":["Adamantina"],"inLanguage":"pt-BR"},{"@type":"WebPage","@id":"https:\/\/radiolifefm.com.br\/noticias\/adamantina-participa-de-encontro-promovido-pela-associacao-da-frente-paulista-dos-dirigentes-publicos-municipais-da-assistencia-socialadamantina\/","url":"https:\/\/radiolifefm.com.br\/noticias\/adamantina-participa-de-encontro-promovido-pela-associacao-da-frente-paulista-dos-dirigentes-publicos-municipais-da-assistencia-socialadamantina\/","name":"Adamantina participa de encontro promovido pela Associa\u00e7\u00e3o da Frente Paulista dos Dirigentes P\u00fablicos Municipais da Assist\u00eancia Social - R\u00e1dio Life FM","isPartOf":{"@id":"https:\/\/radiolifefm.com.br\/noticias\/#website"},"primaryImageOfPage":{"@id":"https:\/\/radiolifefm.com.br\/noticias\/adamantina-participa-de-encontro-promovido-pela-associacao-da-frente-paulista-dos-dirigentes-publicos-municipais-da-assistencia-socialadamantina\/#primaryimage"},"image":{"@id":"https:\/\/radiolifefm.com.br\/noticias\/adamantina-participa-de-encontro-promovido-pela-associacao-da-frente-paulista-dos-dirigentes-publicos-municipais-da-assistencia-socialadamantina\/#primaryimage"},"thumbnailUrl":"https:\/\/radiolifefm.com.br\/noticias\/wp-content\/uploads\/2022\/04\/1-11.jpg","datePublished":"2022-04-07T23:50:46+00:00","dateModified":"2026-03-24T19:23:47+00:00","breadcrumb":{"@id":"https:\/\/radiolifefm.com.br\/noticias\/adamantina-participa-de-encontro-promovido-pela-associacao-da-frente-paulista-dos-dirigentes-publicos-municipais-da-assistencia-socialadamantina\/#breadcrumb"},"inLanguage":"pt-BR","potentialAction":[{"@type":"ReadAction","target":["https:\/\/radiolifefm.com.br\/noticias\/adamantina-participa-de-encontro-promovido-pela-associacao-da-frente-paulista-dos-dirigentes-publicos-municipais-da-assistencia-socialadamantina\/"]}]},{"@type":"ImageObject","inLanguage":"pt-BR","@id":"https:\/\/radiolifefm.com.br\/noticias\/adamantina-participa-de-encontro-promovido-pela-associacao-da-frente-paulista-dos-dirigentes-publicos-municipais-da-assistencia-socialadamantina\/#primaryimage","url":"https:\/\/radiolifefm.com.br\/noticias\/wp-content\/uploads\/2022\/04\/1-11.jpg","contentUrl":"https:\/\/radiolifefm.com.br\/noticias\/wp-content\/uploads\/2022\/04\/1-11.jpg","width":1920,"height":1080},{"@type":"BreadcrumbList","@id":"https:\/\/radiolifefm.com.br\/noticias\/adamantina-participa-de-encontro-promovido-pela-associacao-da-frente-paulista-dos-dirigentes-publicos-municipais-da-assistencia-socialadamantina\/#breadcrumb","itemListElement":[{"@type":"ListItem","position":1,"name":"In\u00edcio","item":"https:\/\/radiolifefm.com.br\/noticias\/"},{"@type":"ListItem","position":2,"name":"Adamantina participa de encontro promovido pela Associa\u00e7\u00e3o da Frente Paulista dos Dirigentes P\u00fablicos Municipais da Assist\u00eancia Social"}]},{"@type":"WebSite","@id":"https:\/\/radiolifefm.com.br\/noticias\/#website","url":"https:\/\/radiolifefm.com.br\/noticias\/","name":"R\u00e1dio Life FM","description":"O Portal de Not\u00edcias de Adamantina","publisher":{"@id":"https:\/\/radiolifefm.com.br\/noticias\/#organization"},"alternateName":"Life FM","potentialAction":[{"@type":"SearchAction","target":{"@type":"EntryPoint","urlTemplate":"https:\/\/radiolifefm.com.br\/noticias\/?s={search_term_string}"},"query-input":{"@type":"PropertyValueSpecification","valueRequired":true,"valueName":"search_term_string"}}],"inLanguage":"pt-BR"},{"@type":"Organization","@id":"https:\/\/radiolifefm.com.br\/noticias\/#organization","name":"R\u00e1dio Life FM","alternateName":"Life FM","url":"https:\/\/radiolifefm.com.br\/noticias\/","logo":{"@type":"ImageObject","inLanguage":"pt-BR","@id":"https:\/\/radiolifefm.com.br\/noticias\/#\/schema\/logo\/image\/","url":"https:\/\/static.radiolifefm.com.br\/noticias\/wp-content\/uploads\/2019\/10\/logo-lifefm.png","contentUrl":"https:\/\/static.radiolifefm.com.br\/noticias\/wp-content\/uploads\/2019\/10\/logo-lifefm.png","width":196,"height":47,"caption":"R\u00e1dio Life FM"},"image":{"@id":"https:\/\/radiolifefm.com.br\/noticias\/#\/schema\/logo\/image\/"},"sameAs":["https:\/\/www.facebook.com\/radiolifefm\/","https:\/\/www.instagram.com\/life1079fm\/"]},{"@type":"Person","@id":"https:\/\/radiolifefm.com.br\/noticias\/#\/schema\/person\/6339b9fac59d12b071dec680d7375d87","name":"ritanery","image":{"@type":"ImageObject","inLanguage":"pt-BR","@id":"https:\/\/secure.gravatar.com\/avatar\/0e37bb19071f47c0b8a23f62a903df117c5a0e75f65a0c2901562f97cd41cf86?s=96&d=mm&r=g","url":"https:\/\/secure.gravatar.com\/avatar\/0e37bb19071f47c0b8a23f62a903df117c5a0e75f65a0c2901562f97cd41cf86?s=96&d=mm&r=g","contentUrl":"https:\/\/secure.gravatar.com\/avatar\/0e37bb19071f47c0b8a23f62a903df117c5a0e75f65a0c2901562f97cd41cf86?s=96&d=mm&r=g","caption":"ritanery"}}]}},"amp_enabled":true,"_links":{"self":[{"href":"https:\/\/radiolifefm.com.br\/noticias\/wp-json\/wp\/v2\/posts\/51866","targetHints":{"allow":["GET"]}}],"collection":[{"href":"https:\/\/radiolifefm.com.br\/noticias\/wp-json\/wp\/v2\/posts"}],"about":[{"href":"https:\/\/radiolifefm.com.br\/noticias\/wp-json\/wp\/v2\/types\/post"}],"author":[{"embeddable":true,"href":"https:\/\/radiolifefm.com.br\/noticias\/wp-json\/wp\/v2\/users\/13"}],"replies":[{"embeddable":true,"href":"https:\/\/radiolifefm.com.br\/noticias\/wp-json\/wp\/v2\/comments?post=51866"}],"version-history":[{"count":11,"href":"https:\/\/radiolifefm.com.br\/noticias\/wp-json\/wp\/v2\/posts\/51866\/revisions"}],"predecessor-version":[{"id":51879,"href":"https:\/\/radiolifefm.com.br\/noticias\/wp-json\/wp\/v2\/posts\/51866\/revisions\/51879"}],"wp:featuredmedia":[{"embeddable":true,"href":"https:\/\/radiolifefm.com.br\/noticias\/wp-json\/wp\/v2\/media\/51873"}],"wp:attachment":[{"href":"https:\/\/radiolifefm.com.br\/noticias\/wp-json\/wp\/v2\/media?parent=51866"}],"wp:term":[{"taxonomy":"category","embeddable":true,"href":"https:\/\/radiolifefm.com.br\/noticias\/wp-json\/wp\/v2\/categories?post=51866"},{"taxonomy":"post_tag","embeddable":true,"href":"https:\/\/radiolifefm.com.br\/noticias\/wp-json\/wp\/v2\/tags?post=51866"}],"curies":[{"name":"wp","href":"https:\/\/api.w.org\/{rel}","templated":true}]}}