{"id":51814,"date":"2022-04-06T19:41:52","date_gmt":"2022-04-06T22:41:52","guid":{"rendered":"https:\/\/radiolifefm.com.br\/noticias\/?p=51814"},"modified":"2026-01-15T16:56:20","modified_gmt":"2026-01-15T19:56:20","slug":"educacao-cidadania-e-meio-ambiente","status":"publish","type":"post","link":"https:\/\/radiolifefm.com.br\/noticias\/educacao-cidadania-e-meio-ambiente\/","title":{"rendered":"EDUCA\u00c7\u00c3O, CIDADANIA E MEIO AMBIENTE."},"content":{"rendered":"<div id=\"fb-root\"><\/div>\n<p><em>\u00a0\u201cTudo parece muito \u00f3bvio: se n\u00e3o houvesse esperan\u00e7a, n\u00e3o estar\u00edamos lutando. A esperan\u00e7a alimenta a alma e faz tudo parecer poss\u00edvel\u201d. (An\u00f4nimo)<\/em><\/p>\n<p>&nbsp;<\/p>\n<p><strong><em>S\u00e9rgio Barbosa (*)<\/em><\/strong><\/p>\n<p>&nbsp;<\/p>\n<p>As sucessivas devasta\u00e7\u00f5es das florestas tropicais e suas implica\u00e7\u00f5es desvantajosas para a vida humana proporcionam a reflex\u00e3o te\u00f3rica e cr\u00edtica, cada vez mais, sobre a necessidade de sensibiliza\u00e7\u00e3o, conscientiza\u00e7\u00e3o e educa\u00e7\u00e3o comunit\u00e1ria referentes \u00e0s quest\u00f5es ambientais&#8230;<\/p>\n<p>No entanto, frente a uma realidade carente de informa\u00e7\u00f5es que contribuam para o desenvolvimento cultural e profissional do indiv\u00edduo&#8230;<\/p>\n<p>Deve-se procurar adequar um programa cultural\/educativo com foco na cidadania para um compromisso efetivo das pessoas envolvidas neste contexto plural para o Planeta Terra em tempo de p\u00f3s-globaliza\u00e7\u00e3o midi\u00e1tica na busca do acesso as informa\u00e7\u00f5es dos recursos dispon\u00edveis&#8230;<\/p>\n<p>Os resultados decorrentes da conjuntura mundial emergem a necessidade de conhecer e estudar os potenciais econ\u00f4micos \u201cglocal\u201d, ou seja, do global para o local para que posteriormente aconte\u00e7a uma contribui\u00e7\u00e3o e proje\u00e7\u00e3o das diferentes sociedades em n\u00edvel internacional&#8230;<\/p>\n<p><strong>Homem e exist\u00eancia<\/strong><\/p>\n<p>A preocupa\u00e7\u00e3o em efetuar um projeto de divulga\u00e7\u00e3o comunit\u00e1ria neste cen\u00e1rio de preocupa\u00e7\u00e3o com o \u201cmeio ambiente\u201d por meio de a\u00e7\u00f5es diversas afins aos objetivos da proposta educacional&#8230;<\/p>\n<p>Tamb\u00e9m, do compromisso \u00e9tico com a cidadania, pode acontecer em duas \u00e1reas iniciais, a saber: projetos interdisciplinares visando estabelecer a implanta\u00e7\u00e3o de um experimento com ess\u00eancias nativas em conjunto com a comunidade, utilizando metodologias de divulga\u00e7\u00e3o midi\u00e1tica e cient\u00edfica&#8230;<\/p>\n<p>Frente ao r\u00e1pido avan\u00e7o da ci\u00eancia e tecnologia, o homem necessita ter conhecimento sobre aquilo que lhe diz respeito, desde o processo de conserva\u00e7\u00e3o dos alimentos at\u00e9 o destino das embalagens que os acondicionam, por exemplo&#8230;<\/p>\n<p>A necessidade deste conhecimento est\u00e1 relacionada com o homem e sua exist\u00eancia, ou seja, com a necessidade de dotar pessoas de informa\u00e7\u00f5es, que expliquem a raz\u00e3o dos fatos que acontecem no dia-a-dia, como o problema das enchentes, muitas vezes, decorrentes das mudan\u00e7as clim\u00e1ticas&#8230;<\/p>\n<p>A divulga\u00e7\u00e3o acad\u00eamica e cient\u00edfica, por meio dos processos de educa\u00e7\u00e3o ambiental, pode se transformar em um poderoso instrumento que torne as pessoas bem informadas, para desenvolverem seus direitos enquanto cidad\u00e3os&#8230;<\/p>\n<p>Desta forma, assumirem novas posturas com rela\u00e7\u00e3o ao meio ambiente, como a redu\u00e7\u00e3o do consumo de \u00e1gua e energia el\u00e9trica, a contribui\u00e7\u00e3o com a limpeza p\u00fablica, a separa\u00e7\u00e3o dos componentes recicl\u00e1veis contidos no lixo dom\u00e9stico&#8230;<\/p>\n<p>Ainda, entre outras a\u00e7\u00f5es que, para serem realizadas, dependem de um trabalho persistente, sensibilizador, conscientizador e o mais importante nestes processos, que a comunidade possa ser parte integrante dos procedimentos em pauta&#8230;<\/p>\n<p><strong>Objetivos <\/strong><\/p>\n<p>Desenvolver junto \u00e0 comunidade em geral, a veicula\u00e7\u00e3o cient\u00edfica de um programa de educa\u00e7\u00e3o ambiental, fundamentado em informa\u00e7\u00f5es da implanta\u00e7\u00e3o de um experimento ambiental dos trabalhos desenvolvidos em institui\u00e7\u00f5es de pesquisas e acad\u00eamicas&#8230;<\/p>\n<p>Divulgar as pesquisas cient\u00edficas sobre o meio ambiente por meio de um programa de educa\u00e7\u00e3o ambiental, facilitando o acesso do \u201cp\u00fablico leigo\u201d \u00e0s informa\u00e7\u00f5es cient\u00edficas ou acad\u00eamicas&#8230;<\/p>\n<p>Sensibilizar e conscientizar os cidad\u00e3os quanto ao desenvolvimento de pr\u00e1ticas para a preserva\u00e7\u00e3o dos recursos naturais, ainda, preparar a comunidade para as pesquisas realizadas afins ao desenvolvimento econ\u00f4mico, \u00a0familiar ou comunit\u00e1rio.<\/p>\n<p><em>_________________________________________<\/em><\/p>\n<p><em>\u00a0\u00a0\u00a0\u00a0\u00a0\u00a0\u00a0\u00a0\u00a0\u00a0\u00a0\u00a0\u00a0\u00a0\u00a0\u00a0\u00a0\u00a0\u00a0\u00a0\u00a0\u00a0 (*) Jornalista diplomado, professor universit\u00e1rio e consultor na \u00e1rea de m\u00eddia organizacional.<\/em><\/p>\n<p><em>e-mail: <\/em><a href=\"mailto:barbosa.sebar@gmail.com\"><em>barbosa.sebar@gmail.com<\/em><\/a><\/p>\n","protected":false},"excerpt":{"rendered":"<p>\u00a0\u201cTudo parece muito \u00f3bvio: se n\u00e3o houvesse esperan\u00e7a, n\u00e3o estar\u00edamos lutando. A esperan\u00e7a alimenta a alma e faz tudo parecer poss\u00edvel\u201d. (An\u00f4nimo) &nbsp; S\u00e9rgio Barbosa (*) &nbsp; As sucessivas devasta\u00e7\u00f5es das florestas tropicais e suas implica\u00e7\u00f5es desvantajosas para a vida humana proporcionam a reflex\u00e3o te\u00f3rica e cr\u00edtica, cada vez mais, sobre a necessidade de sensibiliza\u00e7\u00e3o, [&hellip;]<\/p>\n","protected":false},"author":13,"featured_media":51815,"comment_status":"closed","ping_status":"open","sticky":false,"template":"","format":"standard","meta":{"_acf_changed":false,"_exactmetrics_skip_tracking":false,"_exactmetrics_sitenote_active":false,"_exactmetrics_sitenote_note":"","_exactmetrics_sitenote_category":0,"footnotes":""},"categories":[59],"tags":[],"class_list":["post-51814","post","type-post","status-publish","format-standard","has-post-thumbnail","hentry","category-opiniao"],"acf":[],"yoast_head":"<!-- This site is optimized with the Yoast SEO plugin v27.2 - https:\/\/yoast.com\/product\/yoast-seo-wordpress\/ -->\n<title>EDUCA\u00c7\u00c3O, CIDADANIA E MEIO AMBIENTE. - R\u00e1dio Life FM<\/title>\n<meta name=\"robots\" content=\"index, follow, max-snippet:-1, max-image-preview:large, max-video-preview:-1\" \/>\n<link rel=\"canonical\" href=\"https:\/\/radiolifefm.com.br\/noticias\/educacao-cidadania-e-meio-ambiente\/\" \/>\n<meta property=\"og:locale\" content=\"pt_BR\" \/>\n<meta property=\"og:type\" content=\"article\" \/>\n<meta property=\"og:title\" content=\"EDUCA\u00c7\u00c3O, CIDADANIA E MEIO AMBIENTE. - R\u00e1dio Life FM\" \/>\n<meta property=\"og:description\" content=\"\u00a0\u201cTudo parece muito \u00f3bvio: se n\u00e3o houvesse esperan\u00e7a, n\u00e3o estar\u00edamos lutando. A esperan\u00e7a alimenta a alma e faz tudo parecer poss\u00edvel\u201d. (An\u00f4nimo) &nbsp; S\u00e9rgio Barbosa (*) &nbsp; As sucessivas devasta\u00e7\u00f5es das florestas tropicais e suas implica\u00e7\u00f5es desvantajosas para a vida humana proporcionam a reflex\u00e3o te\u00f3rica e cr\u00edtica, cada vez mais, sobre a necessidade de sensibiliza\u00e7\u00e3o, [&hellip;]\" \/>\n<meta property=\"og:url\" content=\"https:\/\/radiolifefm.com.br\/noticias\/educacao-cidadania-e-meio-ambiente\/\" \/>\n<meta property=\"og:site_name\" content=\"R\u00e1dio Life FM\" \/>\n<meta property=\"article:publisher\" content=\"https:\/\/www.facebook.com\/radiolifefm\/\" \/>\n<meta property=\"article:published_time\" content=\"2022-04-06T22:41:52+00:00\" \/>\n<meta property=\"article:modified_time\" content=\"2026-01-15T19:56:20+00:00\" \/>\n<meta property=\"og:image\" content=\"https:\/\/radiolifefm.com.br\/noticias\/wp-content\/uploads\/2022\/04\/WhatsApp-Image-2022-04-06-at-19.33.24.jpeg\" \/>\n\t<meta property=\"og:image:width\" content=\"1296\" \/>\n\t<meta property=\"og:image:height\" content=\"972\" \/>\n\t<meta property=\"og:image:type\" content=\"image\/jpeg\" \/>\n<meta name=\"author\" content=\"ritanery\" \/>\n<meta name=\"twitter:card\" content=\"summary_large_image\" \/>\n<meta name=\"twitter:label1\" content=\"Escrito por\" \/>\n\t<meta name=\"twitter:data1\" content=\"ritanery\" \/>\n\t<meta name=\"twitter:label2\" content=\"Est. tempo de leitura\" \/>\n\t<meta name=\"twitter:data2\" content=\"3 minutos\" \/>\n<script type=\"application\/ld+json\" class=\"yoast-schema-graph\">{\"@context\":\"https:\/\/schema.org\",\"@graph\":[{\"@type\":\"Article\",\"@id\":\"https:\/\/radiolifefm.com.br\/noticias\/educacao-cidadania-e-meio-ambiente\/#article\",\"isPartOf\":{\"@id\":\"https:\/\/radiolifefm.com.br\/noticias\/educacao-cidadania-e-meio-ambiente\/\"},\"author\":{\"name\":\"ritanery\",\"@id\":\"https:\/\/radiolifefm.com.br\/noticias\/#\/schema\/person\/6339b9fac59d12b071dec680d7375d87\"},\"headline\":\"EDUCA\u00c7\u00c3O, CIDADANIA E MEIO AMBIENTE.\",\"datePublished\":\"2022-04-06T22:41:52+00:00\",\"dateModified\":\"2026-01-15T19:56:20+00:00\",\"mainEntityOfPage\":{\"@id\":\"https:\/\/radiolifefm.com.br\/noticias\/educacao-cidadania-e-meio-ambiente\/\"},\"wordCount\":604,\"publisher\":{\"@id\":\"https:\/\/radiolifefm.com.br\/noticias\/#organization\"},\"image\":{\"@id\":\"https:\/\/radiolifefm.com.br\/noticias\/educacao-cidadania-e-meio-ambiente\/#primaryimage\"},\"thumbnailUrl\":\"https:\/\/radiolifefm.com.br\/noticias\/wp-content\/uploads\/2022\/04\/WhatsApp-Image-2022-04-06-at-19.33.24.jpeg\",\"articleSection\":[\"Opini\u00e3o\"],\"inLanguage\":\"pt-BR\"},{\"@type\":\"WebPage\",\"@id\":\"https:\/\/radiolifefm.com.br\/noticias\/educacao-cidadania-e-meio-ambiente\/\",\"url\":\"https:\/\/radiolifefm.com.br\/noticias\/educacao-cidadania-e-meio-ambiente\/\",\"name\":\"EDUCA\u00c7\u00c3O, CIDADANIA E MEIO AMBIENTE. - R\u00e1dio Life FM\",\"isPartOf\":{\"@id\":\"https:\/\/radiolifefm.com.br\/noticias\/#website\"},\"primaryImageOfPage\":{\"@id\":\"https:\/\/radiolifefm.com.br\/noticias\/educacao-cidadania-e-meio-ambiente\/#primaryimage\"},\"image\":{\"@id\":\"https:\/\/radiolifefm.com.br\/noticias\/educacao-cidadania-e-meio-ambiente\/#primaryimage\"},\"thumbnailUrl\":\"https:\/\/radiolifefm.com.br\/noticias\/wp-content\/uploads\/2022\/04\/WhatsApp-Image-2022-04-06-at-19.33.24.jpeg\",\"datePublished\":\"2022-04-06T22:41:52+00:00\",\"dateModified\":\"2026-01-15T19:56:20+00:00\",\"breadcrumb\":{\"@id\":\"https:\/\/radiolifefm.com.br\/noticias\/educacao-cidadania-e-meio-ambiente\/#breadcrumb\"},\"inLanguage\":\"pt-BR\",\"potentialAction\":[{\"@type\":\"ReadAction\",\"target\":[\"https:\/\/radiolifefm.com.br\/noticias\/educacao-cidadania-e-meio-ambiente\/\"]}]},{\"@type\":\"ImageObject\",\"inLanguage\":\"pt-BR\",\"@id\":\"https:\/\/radiolifefm.com.br\/noticias\/educacao-cidadania-e-meio-ambiente\/#primaryimage\",\"url\":\"https:\/\/radiolifefm.com.br\/noticias\/wp-content\/uploads\/2022\/04\/WhatsApp-Image-2022-04-06-at-19.33.24.jpeg\",\"contentUrl\":\"https:\/\/radiolifefm.com.br\/noticias\/wp-content\/uploads\/2022\/04\/WhatsApp-Image-2022-04-06-at-19.33.24.jpeg\",\"width\":1296,\"height\":972},{\"@type\":\"BreadcrumbList\",\"@id\":\"https:\/\/radiolifefm.com.br\/noticias\/educacao-cidadania-e-meio-ambiente\/#breadcrumb\",\"itemListElement\":[{\"@type\":\"ListItem\",\"position\":1,\"name\":\"In\u00edcio\",\"item\":\"https:\/\/radiolifefm.com.br\/noticias\/\"},{\"@type\":\"ListItem\",\"position\":2,\"name\":\"EDUCA\u00c7\u00c3O, CIDADANIA E MEIO AMBIENTE.\"}]},{\"@type\":\"WebSite\",\"@id\":\"https:\/\/radiolifefm.com.br\/noticias\/#website\",\"url\":\"https:\/\/radiolifefm.com.br\/noticias\/\",\"name\":\"R\u00e1dio Life FM\",\"description\":\"O Portal de Not\u00edcias de Adamantina\",\"publisher\":{\"@id\":\"https:\/\/radiolifefm.com.br\/noticias\/#organization\"},\"alternateName\":\"Life FM\",\"potentialAction\":[{\"@type\":\"SearchAction\",\"target\":{\"@type\":\"EntryPoint\",\"urlTemplate\":\"https:\/\/radiolifefm.com.br\/noticias\/?s={search_term_string}\"},\"query-input\":{\"@type\":\"PropertyValueSpecification\",\"valueRequired\":true,\"valueName\":\"search_term_string\"}}],\"inLanguage\":\"pt-BR\"},{\"@type\":\"Organization\",\"@id\":\"https:\/\/radiolifefm.com.br\/noticias\/#organization\",\"name\":\"R\u00e1dio Life FM\",\"alternateName\":\"Life FM\",\"url\":\"https:\/\/radiolifefm.com.br\/noticias\/\",\"logo\":{\"@type\":\"ImageObject\",\"inLanguage\":\"pt-BR\",\"@id\":\"https:\/\/radiolifefm.com.br\/noticias\/#\/schema\/logo\/image\/\",\"url\":\"https:\/\/static.radiolifefm.com.br\/noticias\/wp-content\/uploads\/2019\/10\/logo-lifefm.png\",\"contentUrl\":\"https:\/\/static.radiolifefm.com.br\/noticias\/wp-content\/uploads\/2019\/10\/logo-lifefm.png\",\"width\":196,\"height\":47,\"caption\":\"R\u00e1dio Life FM\"},\"image\":{\"@id\":\"https:\/\/radiolifefm.com.br\/noticias\/#\/schema\/logo\/image\/\"},\"sameAs\":[\"https:\/\/www.facebook.com\/radiolifefm\/\",\"https:\/\/www.instagram.com\/life1079fm\/\"]},{\"@type\":\"Person\",\"@id\":\"https:\/\/radiolifefm.com.br\/noticias\/#\/schema\/person\/6339b9fac59d12b071dec680d7375d87\",\"name\":\"ritanery\",\"image\":{\"@type\":\"ImageObject\",\"inLanguage\":\"pt-BR\",\"@id\":\"https:\/\/secure.gravatar.com\/avatar\/0e37bb19071f47c0b8a23f62a903df117c5a0e75f65a0c2901562f97cd41cf86?s=96&d=mm&r=g\",\"url\":\"https:\/\/secure.gravatar.com\/avatar\/0e37bb19071f47c0b8a23f62a903df117c5a0e75f65a0c2901562f97cd41cf86?s=96&d=mm&r=g\",\"contentUrl\":\"https:\/\/secure.gravatar.com\/avatar\/0e37bb19071f47c0b8a23f62a903df117c5a0e75f65a0c2901562f97cd41cf86?s=96&d=mm&r=g\",\"caption\":\"ritanery\"}}]}<\/script>\n<!-- \/ Yoast SEO plugin. -->","yoast_head_json":{"title":"EDUCA\u00c7\u00c3O, CIDADANIA E MEIO AMBIENTE. - R\u00e1dio Life FM","robots":{"index":"index","follow":"follow","max-snippet":"max-snippet:-1","max-image-preview":"max-image-preview:large","max-video-preview":"max-video-preview:-1"},"canonical":"https:\/\/radiolifefm.com.br\/noticias\/educacao-cidadania-e-meio-ambiente\/","og_locale":"pt_BR","og_type":"article","og_title":"EDUCA\u00c7\u00c3O, CIDADANIA E MEIO AMBIENTE. - R\u00e1dio Life FM","og_description":"\u00a0\u201cTudo parece muito \u00f3bvio: se n\u00e3o houvesse esperan\u00e7a, n\u00e3o estar\u00edamos lutando. A esperan\u00e7a alimenta a alma e faz tudo parecer poss\u00edvel\u201d. (An\u00f4nimo) &nbsp; S\u00e9rgio Barbosa (*) &nbsp; As sucessivas devasta\u00e7\u00f5es das florestas tropicais e suas implica\u00e7\u00f5es desvantajosas para a vida humana proporcionam a reflex\u00e3o te\u00f3rica e cr\u00edtica, cada vez mais, sobre a necessidade de sensibiliza\u00e7\u00e3o, [&hellip;]","og_url":"https:\/\/radiolifefm.com.br\/noticias\/educacao-cidadania-e-meio-ambiente\/","og_site_name":"R\u00e1dio Life FM","article_publisher":"https:\/\/www.facebook.com\/radiolifefm\/","article_published_time":"2022-04-06T22:41:52+00:00","article_modified_time":"2026-01-15T19:56:20+00:00","og_image":[{"width":1296,"height":972,"url":"https:\/\/radiolifefm.com.br\/noticias\/wp-content\/uploads\/2022\/04\/WhatsApp-Image-2022-04-06-at-19.33.24.jpeg","type":"image\/jpeg"}],"author":"ritanery","twitter_card":"summary_large_image","twitter_misc":{"Escrito por":"ritanery","Est. tempo de leitura":"3 minutos"},"schema":{"@context":"https:\/\/schema.org","@graph":[{"@type":"Article","@id":"https:\/\/radiolifefm.com.br\/noticias\/educacao-cidadania-e-meio-ambiente\/#article","isPartOf":{"@id":"https:\/\/radiolifefm.com.br\/noticias\/educacao-cidadania-e-meio-ambiente\/"},"author":{"name":"ritanery","@id":"https:\/\/radiolifefm.com.br\/noticias\/#\/schema\/person\/6339b9fac59d12b071dec680d7375d87"},"headline":"EDUCA\u00c7\u00c3O, CIDADANIA E MEIO AMBIENTE.","datePublished":"2022-04-06T22:41:52+00:00","dateModified":"2026-01-15T19:56:20+00:00","mainEntityOfPage":{"@id":"https:\/\/radiolifefm.com.br\/noticias\/educacao-cidadania-e-meio-ambiente\/"},"wordCount":604,"publisher":{"@id":"https:\/\/radiolifefm.com.br\/noticias\/#organization"},"image":{"@id":"https:\/\/radiolifefm.com.br\/noticias\/educacao-cidadania-e-meio-ambiente\/#primaryimage"},"thumbnailUrl":"https:\/\/radiolifefm.com.br\/noticias\/wp-content\/uploads\/2022\/04\/WhatsApp-Image-2022-04-06-at-19.33.24.jpeg","articleSection":["Opini\u00e3o"],"inLanguage":"pt-BR"},{"@type":"WebPage","@id":"https:\/\/radiolifefm.com.br\/noticias\/educacao-cidadania-e-meio-ambiente\/","url":"https:\/\/radiolifefm.com.br\/noticias\/educacao-cidadania-e-meio-ambiente\/","name":"EDUCA\u00c7\u00c3O, CIDADANIA E MEIO AMBIENTE. - R\u00e1dio Life FM","isPartOf":{"@id":"https:\/\/radiolifefm.com.br\/noticias\/#website"},"primaryImageOfPage":{"@id":"https:\/\/radiolifefm.com.br\/noticias\/educacao-cidadania-e-meio-ambiente\/#primaryimage"},"image":{"@id":"https:\/\/radiolifefm.com.br\/noticias\/educacao-cidadania-e-meio-ambiente\/#primaryimage"},"thumbnailUrl":"https:\/\/radiolifefm.com.br\/noticias\/wp-content\/uploads\/2022\/04\/WhatsApp-Image-2022-04-06-at-19.33.24.jpeg","datePublished":"2022-04-06T22:41:52+00:00","dateModified":"2026-01-15T19:56:20+00:00","breadcrumb":{"@id":"https:\/\/radiolifefm.com.br\/noticias\/educacao-cidadania-e-meio-ambiente\/#breadcrumb"},"inLanguage":"pt-BR","potentialAction":[{"@type":"ReadAction","target":["https:\/\/radiolifefm.com.br\/noticias\/educacao-cidadania-e-meio-ambiente\/"]}]},{"@type":"ImageObject","inLanguage":"pt-BR","@id":"https:\/\/radiolifefm.com.br\/noticias\/educacao-cidadania-e-meio-ambiente\/#primaryimage","url":"https:\/\/radiolifefm.com.br\/noticias\/wp-content\/uploads\/2022\/04\/WhatsApp-Image-2022-04-06-at-19.33.24.jpeg","contentUrl":"https:\/\/radiolifefm.com.br\/noticias\/wp-content\/uploads\/2022\/04\/WhatsApp-Image-2022-04-06-at-19.33.24.jpeg","width":1296,"height":972},{"@type":"BreadcrumbList","@id":"https:\/\/radiolifefm.com.br\/noticias\/educacao-cidadania-e-meio-ambiente\/#breadcrumb","itemListElement":[{"@type":"ListItem","position":1,"name":"In\u00edcio","item":"https:\/\/radiolifefm.com.br\/noticias\/"},{"@type":"ListItem","position":2,"name":"EDUCA\u00c7\u00c3O, CIDADANIA E MEIO AMBIENTE."}]},{"@type":"WebSite","@id":"https:\/\/radiolifefm.com.br\/noticias\/#website","url":"https:\/\/radiolifefm.com.br\/noticias\/","name":"R\u00e1dio Life FM","description":"O Portal de Not\u00edcias de Adamantina","publisher":{"@id":"https:\/\/radiolifefm.com.br\/noticias\/#organization"},"alternateName":"Life FM","potentialAction":[{"@type":"SearchAction","target":{"@type":"EntryPoint","urlTemplate":"https:\/\/radiolifefm.com.br\/noticias\/?s={search_term_string}"},"query-input":{"@type":"PropertyValueSpecification","valueRequired":true,"valueName":"search_term_string"}}],"inLanguage":"pt-BR"},{"@type":"Organization","@id":"https:\/\/radiolifefm.com.br\/noticias\/#organization","name":"R\u00e1dio Life FM","alternateName":"Life FM","url":"https:\/\/radiolifefm.com.br\/noticias\/","logo":{"@type":"ImageObject","inLanguage":"pt-BR","@id":"https:\/\/radiolifefm.com.br\/noticias\/#\/schema\/logo\/image\/","url":"https:\/\/static.radiolifefm.com.br\/noticias\/wp-content\/uploads\/2019\/10\/logo-lifefm.png","contentUrl":"https:\/\/static.radiolifefm.com.br\/noticias\/wp-content\/uploads\/2019\/10\/logo-lifefm.png","width":196,"height":47,"caption":"R\u00e1dio Life FM"},"image":{"@id":"https:\/\/radiolifefm.com.br\/noticias\/#\/schema\/logo\/image\/"},"sameAs":["https:\/\/www.facebook.com\/radiolifefm\/","https:\/\/www.instagram.com\/life1079fm\/"]},{"@type":"Person","@id":"https:\/\/radiolifefm.com.br\/noticias\/#\/schema\/person\/6339b9fac59d12b071dec680d7375d87","name":"ritanery","image":{"@type":"ImageObject","inLanguage":"pt-BR","@id":"https:\/\/secure.gravatar.com\/avatar\/0e37bb19071f47c0b8a23f62a903df117c5a0e75f65a0c2901562f97cd41cf86?s=96&d=mm&r=g","url":"https:\/\/secure.gravatar.com\/avatar\/0e37bb19071f47c0b8a23f62a903df117c5a0e75f65a0c2901562f97cd41cf86?s=96&d=mm&r=g","contentUrl":"https:\/\/secure.gravatar.com\/avatar\/0e37bb19071f47c0b8a23f62a903df117c5a0e75f65a0c2901562f97cd41cf86?s=96&d=mm&r=g","caption":"ritanery"}}]}},"amp_enabled":true,"_links":{"self":[{"href":"https:\/\/radiolifefm.com.br\/noticias\/wp-json\/wp\/v2\/posts\/51814","targetHints":{"allow":["GET"]}}],"collection":[{"href":"https:\/\/radiolifefm.com.br\/noticias\/wp-json\/wp\/v2\/posts"}],"about":[{"href":"https:\/\/radiolifefm.com.br\/noticias\/wp-json\/wp\/v2\/types\/post"}],"author":[{"embeddable":true,"href":"https:\/\/radiolifefm.com.br\/noticias\/wp-json\/wp\/v2\/users\/13"}],"replies":[{"embeddable":true,"href":"https:\/\/radiolifefm.com.br\/noticias\/wp-json\/wp\/v2\/comments?post=51814"}],"version-history":[{"count":1,"href":"https:\/\/radiolifefm.com.br\/noticias\/wp-json\/wp\/v2\/posts\/51814\/revisions"}],"predecessor-version":[{"id":51816,"href":"https:\/\/radiolifefm.com.br\/noticias\/wp-json\/wp\/v2\/posts\/51814\/revisions\/51816"}],"wp:featuredmedia":[{"embeddable":true,"href":"https:\/\/radiolifefm.com.br\/noticias\/wp-json\/wp\/v2\/media\/51815"}],"wp:attachment":[{"href":"https:\/\/radiolifefm.com.br\/noticias\/wp-json\/wp\/v2\/media?parent=51814"}],"wp:term":[{"taxonomy":"category","embeddable":true,"href":"https:\/\/radiolifefm.com.br\/noticias\/wp-json\/wp\/v2\/categories?post=51814"},{"taxonomy":"post_tag","embeddable":true,"href":"https:\/\/radiolifefm.com.br\/noticias\/wp-json\/wp\/v2\/tags?post=51814"}],"curies":[{"name":"wp","href":"https:\/\/api.w.org\/{rel}","templated":true}]}}