{"id":51791,"date":"2022-04-06T08:33:56","date_gmt":"2022-04-06T11:33:56","guid":{"rendered":"https:\/\/radiolifefm.com.br\/noticias\/?p=51791"},"modified":"2026-04-24T16:04:36","modified_gmt":"2026-04-24T19:04:36","slug":"prefeitura-de-adamantina-inaugura-centro-de-formacao-esportiva-2","status":"publish","type":"post","link":"https:\/\/radiolifefm.com.br\/noticias\/prefeitura-de-adamantina-inaugura-centro-de-formacao-esportiva-2\/","title":{"rendered":"Prefeitura de Adamantina inaugura Centro de Forma\u00e7\u00e3o Esportiva"},"content":{"rendered":"<div id=\"fb-root\"><\/div>\n<p>A Prefeitura de Adamantina realizou na noite de ontem (4), a inaugura\u00e7\u00e3o do Centro de Forma\u00e7\u00e3o Esportiva. O espa\u00e7o agora ser\u00e1 usado para o desenvolvimento de atividades esportivas de t\u00eanis de mesa, xadrez, dama e domin\u00f3.<\/p>\n<p>Com isso, ser\u00e1 poss\u00edvel descobrir novos talentos e, ainda, formar equipes competitivas para as disputas de competi\u00e7\u00f5es oficiais do calend\u00e1rio do estadual como Jogos Regionais, Jogos da Juventude, Jogos Escolares, Olimp\u00edadas Estadual, al\u00e9m de servir tamb\u00e9m como um centro de lazer e treinamentos para os idosos praticarem jogos de mesa visando as competi\u00e7\u00f5es como o Jogos Regionais da Melhor Idade (JOMI).<\/p>\n<p>De acordo com o secret\u00e1rio, Ronaldo Pereira Dutra &#8220;Tuiui\u00fa&#8221;, os funcion\u00e1rios executaram as melhorias no pr\u00e9dio. Para isso, foi investido em torno de 22 mil reais com o pagamento de contas de \u00e1gua e energia el\u00e9trica que estavam em atraso e a aquisi\u00e7\u00e3o de 5 jogos de mesa para a pr\u00e1tica do t\u00eanis de mesa, bebedouro e pintura.<\/p>\n<p style=\"font-weight: 400\">\u201cReformamos esse espa\u00e7o com o objetivo de oferecer mais op\u00e7\u00f5es esportivas para as nossas crian\u00e7as e assim quebrar o\u00a0paradigma\u00a0de que s\u00f3 temos futebol no munic\u00edpio\u201d, afirma.<\/p>\n<p>O presidente da C\u00e2mara Municipal, Paulo Cervelheira, parabenizou a administra\u00e7\u00e3o pela recupera\u00e7\u00e3o do local, pois foi poss\u00edvel resolver um problema at\u00e9 de pr\u00e1ticas il\u00edcitas no local e disse que pretende frequentar o espa\u00e7o para praticar xadrez.<\/p>\n<p>A vice-prefeita Maria de Lourdes Santos Gil \u201cDinha\u201d comentou que mora nas proximidades e que a medida \u00e9 positiva, pois \u00e9 uma \u00e1rea que foi recuperada e vai beneficiar os praticantes das modalidades.<\/p>\n<p style=\"font-weight: 400\">\u201cEsse \u00e9 um momento importante, porque com poucos recursos e com a disposi\u00e7\u00e3o dos funcion\u00e1rios foi poss\u00edvel criar o Centro de Forma\u00e7\u00e3o Esportiva para atender mais crian\u00e7as, pois precisamos trabalhar para oferecer condi\u00e7\u00f5es de desenvolvimento e essa a\u00e7\u00e3o \u00e9 uma forma de deixar um\u00a0legado&#8221;, afirma o prefeito M\u00e1rcio Cardim.<\/p>\n<p>&nbsp;<\/p>\n<p>Fonte: Assessoria de Imprensa<\/p>\n","protected":false},"excerpt":{"rendered":"<p>A Prefeitura de Adamantina realizou na noite de ontem (4), a inaugura\u00e7\u00e3o do Centro de Forma\u00e7\u00e3o Esportiva. O espa\u00e7o agora ser\u00e1 usado para o desenvolvimento de atividades esportivas de t\u00eanis de mesa, xadrez, dama e domin\u00f3. Com isso, ser\u00e1 poss\u00edvel descobrir novos talentos e, ainda, formar equipes competitivas para as disputas de competi\u00e7\u00f5es oficiais do [&hellip;]<\/p>\n","protected":false},"author":13,"featured_media":51792,"comment_status":"closed","ping_status":"open","sticky":false,"template":"","format":"standard","meta":{"_acf_changed":false,"_exactmetrics_skip_tracking":false,"_exactmetrics_sitenote_active":false,"_exactmetrics_sitenote_note":"","_exactmetrics_sitenote_category":0,"footnotes":""},"categories":[21],"tags":[],"class_list":["post-51791","post","type-post","status-publish","format-standard","has-post-thumbnail","hentry","category-adamantina"],"acf":[],"yoast_head":"<!-- This site is optimized with the Yoast SEO plugin v27.2 - https:\/\/yoast.com\/product\/yoast-seo-wordpress\/ -->\n<title>Prefeitura de Adamantina inaugura Centro de Forma\u00e7\u00e3o Esportiva - R\u00e1dio Life FM<\/title>\n<meta name=\"robots\" content=\"index, follow, max-snippet:-1, max-image-preview:large, max-video-preview:-1\" \/>\n<link rel=\"canonical\" href=\"https:\/\/radiolifefm.com.br\/noticias\/prefeitura-de-adamantina-inaugura-centro-de-formacao-esportiva-2\/\" \/>\n<meta property=\"og:locale\" content=\"pt_BR\" \/>\n<meta property=\"og:type\" content=\"article\" \/>\n<meta property=\"og:title\" content=\"Prefeitura de Adamantina inaugura Centro de Forma\u00e7\u00e3o Esportiva - R\u00e1dio Life FM\" \/>\n<meta property=\"og:description\" content=\"A Prefeitura de Adamantina realizou na noite de ontem (4), a inaugura\u00e7\u00e3o do Centro de Forma\u00e7\u00e3o Esportiva. O espa\u00e7o agora ser\u00e1 usado para o desenvolvimento de atividades esportivas de t\u00eanis de mesa, xadrez, dama e domin\u00f3. Com isso, ser\u00e1 poss\u00edvel descobrir novos talentos e, ainda, formar equipes competitivas para as disputas de competi\u00e7\u00f5es oficiais do [&hellip;]\" \/>\n<meta property=\"og:url\" content=\"https:\/\/radiolifefm.com.br\/noticias\/prefeitura-de-adamantina-inaugura-centro-de-formacao-esportiva-2\/\" \/>\n<meta property=\"og:site_name\" content=\"R\u00e1dio Life FM\" \/>\n<meta property=\"article:publisher\" content=\"https:\/\/www.facebook.com\/radiolifefm\/\" \/>\n<meta property=\"article:published_time\" content=\"2022-04-06T11:33:56+00:00\" \/>\n<meta property=\"article:modified_time\" content=\"2026-04-24T19:04:36+00:00\" \/>\n<meta property=\"og:image\" content=\"https:\/\/radiolifefm.com.br\/noticias\/wp-content\/uploads\/2022\/04\/foto-scaled.jpg\" \/>\n\t<meta property=\"og:image:width\" content=\"2560\" \/>\n\t<meta property=\"og:image:height\" content=\"1711\" \/>\n\t<meta property=\"og:image:type\" content=\"image\/jpeg\" \/>\n<meta name=\"author\" content=\"ritanery\" \/>\n<meta name=\"twitter:card\" content=\"summary_large_image\" \/>\n<meta name=\"twitter:label1\" content=\"Escrito por\" \/>\n\t<meta name=\"twitter:data1\" content=\"ritanery\" \/>\n\t<meta name=\"twitter:label2\" content=\"Est. tempo de leitura\" \/>\n\t<meta name=\"twitter:data2\" content=\"2 minutos\" \/>\n<script type=\"application\/ld+json\" class=\"yoast-schema-graph\">{\"@context\":\"https:\/\/schema.org\",\"@graph\":[{\"@type\":\"Article\",\"@id\":\"https:\/\/radiolifefm.com.br\/noticias\/prefeitura-de-adamantina-inaugura-centro-de-formacao-esportiva-2\/#article\",\"isPartOf\":{\"@id\":\"https:\/\/radiolifefm.com.br\/noticias\/prefeitura-de-adamantina-inaugura-centro-de-formacao-esportiva-2\/\"},\"author\":{\"name\":\"ritanery\",\"@id\":\"https:\/\/radiolifefm.com.br\/noticias\/#\/schema\/person\/6339b9fac59d12b071dec680d7375d87\"},\"headline\":\"Prefeitura de Adamantina inaugura Centro de Forma\u00e7\u00e3o Esportiva\",\"datePublished\":\"2022-04-06T11:33:56+00:00\",\"dateModified\":\"2026-04-24T19:04:36+00:00\",\"mainEntityOfPage\":{\"@id\":\"https:\/\/radiolifefm.com.br\/noticias\/prefeitura-de-adamantina-inaugura-centro-de-formacao-esportiva-2\/\"},\"wordCount\":346,\"publisher\":{\"@id\":\"https:\/\/radiolifefm.com.br\/noticias\/#organization\"},\"image\":{\"@id\":\"https:\/\/radiolifefm.com.br\/noticias\/prefeitura-de-adamantina-inaugura-centro-de-formacao-esportiva-2\/#primaryimage\"},\"thumbnailUrl\":\"https:\/\/radiolifefm.com.br\/noticias\/wp-content\/uploads\/2022\/04\/foto-scaled.jpg\",\"articleSection\":[\"Adamantina\"],\"inLanguage\":\"pt-BR\"},{\"@type\":\"WebPage\",\"@id\":\"https:\/\/radiolifefm.com.br\/noticias\/prefeitura-de-adamantina-inaugura-centro-de-formacao-esportiva-2\/\",\"url\":\"https:\/\/radiolifefm.com.br\/noticias\/prefeitura-de-adamantina-inaugura-centro-de-formacao-esportiva-2\/\",\"name\":\"Prefeitura de Adamantina inaugura Centro de Forma\u00e7\u00e3o Esportiva - R\u00e1dio Life FM\",\"isPartOf\":{\"@id\":\"https:\/\/radiolifefm.com.br\/noticias\/#website\"},\"primaryImageOfPage\":{\"@id\":\"https:\/\/radiolifefm.com.br\/noticias\/prefeitura-de-adamantina-inaugura-centro-de-formacao-esportiva-2\/#primaryimage\"},\"image\":{\"@id\":\"https:\/\/radiolifefm.com.br\/noticias\/prefeitura-de-adamantina-inaugura-centro-de-formacao-esportiva-2\/#primaryimage\"},\"thumbnailUrl\":\"https:\/\/radiolifefm.com.br\/noticias\/wp-content\/uploads\/2022\/04\/foto-scaled.jpg\",\"datePublished\":\"2022-04-06T11:33:56+00:00\",\"dateModified\":\"2026-04-24T19:04:36+00:00\",\"breadcrumb\":{\"@id\":\"https:\/\/radiolifefm.com.br\/noticias\/prefeitura-de-adamantina-inaugura-centro-de-formacao-esportiva-2\/#breadcrumb\"},\"inLanguage\":\"pt-BR\",\"potentialAction\":[{\"@type\":\"ReadAction\",\"target\":[\"https:\/\/radiolifefm.com.br\/noticias\/prefeitura-de-adamantina-inaugura-centro-de-formacao-esportiva-2\/\"]}]},{\"@type\":\"ImageObject\",\"inLanguage\":\"pt-BR\",\"@id\":\"https:\/\/radiolifefm.com.br\/noticias\/prefeitura-de-adamantina-inaugura-centro-de-formacao-esportiva-2\/#primaryimage\",\"url\":\"https:\/\/radiolifefm.com.br\/noticias\/wp-content\/uploads\/2022\/04\/foto-scaled.jpg\",\"contentUrl\":\"https:\/\/radiolifefm.com.br\/noticias\/wp-content\/uploads\/2022\/04\/foto-scaled.jpg\",\"width\":2560,\"height\":1711,\"caption\":\"Espa\u00e7o ser\u00e1 sede dos Jogos Abertos da Juventude na fase sub-regional\"},{\"@type\":\"BreadcrumbList\",\"@id\":\"https:\/\/radiolifefm.com.br\/noticias\/prefeitura-de-adamantina-inaugura-centro-de-formacao-esportiva-2\/#breadcrumb\",\"itemListElement\":[{\"@type\":\"ListItem\",\"position\":1,\"name\":\"In\u00edcio\",\"item\":\"https:\/\/radiolifefm.com.br\/noticias\/\"},{\"@type\":\"ListItem\",\"position\":2,\"name\":\"Prefeitura de Adamantina inaugura Centro de Forma\u00e7\u00e3o Esportiva\"}]},{\"@type\":\"WebSite\",\"@id\":\"https:\/\/radiolifefm.com.br\/noticias\/#website\",\"url\":\"https:\/\/radiolifefm.com.br\/noticias\/\",\"name\":\"R\u00e1dio Life FM\",\"description\":\"O Portal de Not\u00edcias de Adamantina\",\"publisher\":{\"@id\":\"https:\/\/radiolifefm.com.br\/noticias\/#organization\"},\"alternateName\":\"Life FM\",\"potentialAction\":[{\"@type\":\"SearchAction\",\"target\":{\"@type\":\"EntryPoint\",\"urlTemplate\":\"https:\/\/radiolifefm.com.br\/noticias\/?s={search_term_string}\"},\"query-input\":{\"@type\":\"PropertyValueSpecification\",\"valueRequired\":true,\"valueName\":\"search_term_string\"}}],\"inLanguage\":\"pt-BR\"},{\"@type\":\"Organization\",\"@id\":\"https:\/\/radiolifefm.com.br\/noticias\/#organization\",\"name\":\"R\u00e1dio Life FM\",\"alternateName\":\"Life FM\",\"url\":\"https:\/\/radiolifefm.com.br\/noticias\/\",\"logo\":{\"@type\":\"ImageObject\",\"inLanguage\":\"pt-BR\",\"@id\":\"https:\/\/radiolifefm.com.br\/noticias\/#\/schema\/logo\/image\/\",\"url\":\"https:\/\/static.radiolifefm.com.br\/noticias\/wp-content\/uploads\/2019\/10\/logo-lifefm.png\",\"contentUrl\":\"https:\/\/static.radiolifefm.com.br\/noticias\/wp-content\/uploads\/2019\/10\/logo-lifefm.png\",\"width\":196,\"height\":47,\"caption\":\"R\u00e1dio Life FM\"},\"image\":{\"@id\":\"https:\/\/radiolifefm.com.br\/noticias\/#\/schema\/logo\/image\/\"},\"sameAs\":[\"https:\/\/www.facebook.com\/radiolifefm\/\",\"https:\/\/www.instagram.com\/life1079fm\/\"]},{\"@type\":\"Person\",\"@id\":\"https:\/\/radiolifefm.com.br\/noticias\/#\/schema\/person\/6339b9fac59d12b071dec680d7375d87\",\"name\":\"ritanery\",\"image\":{\"@type\":\"ImageObject\",\"inLanguage\":\"pt-BR\",\"@id\":\"https:\/\/secure.gravatar.com\/avatar\/0e37bb19071f47c0b8a23f62a903df117c5a0e75f65a0c2901562f97cd41cf86?s=96&d=mm&r=g\",\"url\":\"https:\/\/secure.gravatar.com\/avatar\/0e37bb19071f47c0b8a23f62a903df117c5a0e75f65a0c2901562f97cd41cf86?s=96&d=mm&r=g\",\"contentUrl\":\"https:\/\/secure.gravatar.com\/avatar\/0e37bb19071f47c0b8a23f62a903df117c5a0e75f65a0c2901562f97cd41cf86?s=96&d=mm&r=g\",\"caption\":\"ritanery\"}}]}<\/script>\n<!-- \/ Yoast SEO plugin. -->","yoast_head_json":{"title":"Prefeitura de Adamantina inaugura Centro de Forma\u00e7\u00e3o Esportiva - R\u00e1dio Life FM","robots":{"index":"index","follow":"follow","max-snippet":"max-snippet:-1","max-image-preview":"max-image-preview:large","max-video-preview":"max-video-preview:-1"},"canonical":"https:\/\/radiolifefm.com.br\/noticias\/prefeitura-de-adamantina-inaugura-centro-de-formacao-esportiva-2\/","og_locale":"pt_BR","og_type":"article","og_title":"Prefeitura de Adamantina inaugura Centro de Forma\u00e7\u00e3o Esportiva - R\u00e1dio Life FM","og_description":"A Prefeitura de Adamantina realizou na noite de ontem (4), a inaugura\u00e7\u00e3o do Centro de Forma\u00e7\u00e3o Esportiva. O espa\u00e7o agora ser\u00e1 usado para o desenvolvimento de atividades esportivas de t\u00eanis de mesa, xadrez, dama e domin\u00f3. Com isso, ser\u00e1 poss\u00edvel descobrir novos talentos e, ainda, formar equipes competitivas para as disputas de competi\u00e7\u00f5es oficiais do [&hellip;]","og_url":"https:\/\/radiolifefm.com.br\/noticias\/prefeitura-de-adamantina-inaugura-centro-de-formacao-esportiva-2\/","og_site_name":"R\u00e1dio Life FM","article_publisher":"https:\/\/www.facebook.com\/radiolifefm\/","article_published_time":"2022-04-06T11:33:56+00:00","article_modified_time":"2026-04-24T19:04:36+00:00","og_image":[{"width":2560,"height":1711,"url":"https:\/\/radiolifefm.com.br\/noticias\/wp-content\/uploads\/2022\/04\/foto-scaled.jpg","type":"image\/jpeg"}],"author":"ritanery","twitter_card":"summary_large_image","twitter_misc":{"Escrito por":"ritanery","Est. tempo de leitura":"2 minutos"},"schema":{"@context":"https:\/\/schema.org","@graph":[{"@type":"Article","@id":"https:\/\/radiolifefm.com.br\/noticias\/prefeitura-de-adamantina-inaugura-centro-de-formacao-esportiva-2\/#article","isPartOf":{"@id":"https:\/\/radiolifefm.com.br\/noticias\/prefeitura-de-adamantina-inaugura-centro-de-formacao-esportiva-2\/"},"author":{"name":"ritanery","@id":"https:\/\/radiolifefm.com.br\/noticias\/#\/schema\/person\/6339b9fac59d12b071dec680d7375d87"},"headline":"Prefeitura de Adamantina inaugura Centro de Forma\u00e7\u00e3o Esportiva","datePublished":"2022-04-06T11:33:56+00:00","dateModified":"2026-04-24T19:04:36+00:00","mainEntityOfPage":{"@id":"https:\/\/radiolifefm.com.br\/noticias\/prefeitura-de-adamantina-inaugura-centro-de-formacao-esportiva-2\/"},"wordCount":346,"publisher":{"@id":"https:\/\/radiolifefm.com.br\/noticias\/#organization"},"image":{"@id":"https:\/\/radiolifefm.com.br\/noticias\/prefeitura-de-adamantina-inaugura-centro-de-formacao-esportiva-2\/#primaryimage"},"thumbnailUrl":"https:\/\/radiolifefm.com.br\/noticias\/wp-content\/uploads\/2022\/04\/foto-scaled.jpg","articleSection":["Adamantina"],"inLanguage":"pt-BR"},{"@type":"WebPage","@id":"https:\/\/radiolifefm.com.br\/noticias\/prefeitura-de-adamantina-inaugura-centro-de-formacao-esportiva-2\/","url":"https:\/\/radiolifefm.com.br\/noticias\/prefeitura-de-adamantina-inaugura-centro-de-formacao-esportiva-2\/","name":"Prefeitura de Adamantina inaugura Centro de Forma\u00e7\u00e3o Esportiva - R\u00e1dio Life FM","isPartOf":{"@id":"https:\/\/radiolifefm.com.br\/noticias\/#website"},"primaryImageOfPage":{"@id":"https:\/\/radiolifefm.com.br\/noticias\/prefeitura-de-adamantina-inaugura-centro-de-formacao-esportiva-2\/#primaryimage"},"image":{"@id":"https:\/\/radiolifefm.com.br\/noticias\/prefeitura-de-adamantina-inaugura-centro-de-formacao-esportiva-2\/#primaryimage"},"thumbnailUrl":"https:\/\/radiolifefm.com.br\/noticias\/wp-content\/uploads\/2022\/04\/foto-scaled.jpg","datePublished":"2022-04-06T11:33:56+00:00","dateModified":"2026-04-24T19:04:36+00:00","breadcrumb":{"@id":"https:\/\/radiolifefm.com.br\/noticias\/prefeitura-de-adamantina-inaugura-centro-de-formacao-esportiva-2\/#breadcrumb"},"inLanguage":"pt-BR","potentialAction":[{"@type":"ReadAction","target":["https:\/\/radiolifefm.com.br\/noticias\/prefeitura-de-adamantina-inaugura-centro-de-formacao-esportiva-2\/"]}]},{"@type":"ImageObject","inLanguage":"pt-BR","@id":"https:\/\/radiolifefm.com.br\/noticias\/prefeitura-de-adamantina-inaugura-centro-de-formacao-esportiva-2\/#primaryimage","url":"https:\/\/radiolifefm.com.br\/noticias\/wp-content\/uploads\/2022\/04\/foto-scaled.jpg","contentUrl":"https:\/\/radiolifefm.com.br\/noticias\/wp-content\/uploads\/2022\/04\/foto-scaled.jpg","width":2560,"height":1711,"caption":"Espa\u00e7o ser\u00e1 sede dos Jogos Abertos da Juventude na fase sub-regional"},{"@type":"BreadcrumbList","@id":"https:\/\/radiolifefm.com.br\/noticias\/prefeitura-de-adamantina-inaugura-centro-de-formacao-esportiva-2\/#breadcrumb","itemListElement":[{"@type":"ListItem","position":1,"name":"In\u00edcio","item":"https:\/\/radiolifefm.com.br\/noticias\/"},{"@type":"ListItem","position":2,"name":"Prefeitura de Adamantina inaugura Centro de Forma\u00e7\u00e3o Esportiva"}]},{"@type":"WebSite","@id":"https:\/\/radiolifefm.com.br\/noticias\/#website","url":"https:\/\/radiolifefm.com.br\/noticias\/","name":"R\u00e1dio Life FM","description":"O Portal de Not\u00edcias de Adamantina","publisher":{"@id":"https:\/\/radiolifefm.com.br\/noticias\/#organization"},"alternateName":"Life FM","potentialAction":[{"@type":"SearchAction","target":{"@type":"EntryPoint","urlTemplate":"https:\/\/radiolifefm.com.br\/noticias\/?s={search_term_string}"},"query-input":{"@type":"PropertyValueSpecification","valueRequired":true,"valueName":"search_term_string"}}],"inLanguage":"pt-BR"},{"@type":"Organization","@id":"https:\/\/radiolifefm.com.br\/noticias\/#organization","name":"R\u00e1dio Life FM","alternateName":"Life FM","url":"https:\/\/radiolifefm.com.br\/noticias\/","logo":{"@type":"ImageObject","inLanguage":"pt-BR","@id":"https:\/\/radiolifefm.com.br\/noticias\/#\/schema\/logo\/image\/","url":"https:\/\/static.radiolifefm.com.br\/noticias\/wp-content\/uploads\/2019\/10\/logo-lifefm.png","contentUrl":"https:\/\/static.radiolifefm.com.br\/noticias\/wp-content\/uploads\/2019\/10\/logo-lifefm.png","width":196,"height":47,"caption":"R\u00e1dio Life FM"},"image":{"@id":"https:\/\/radiolifefm.com.br\/noticias\/#\/schema\/logo\/image\/"},"sameAs":["https:\/\/www.facebook.com\/radiolifefm\/","https:\/\/www.instagram.com\/life1079fm\/"]},{"@type":"Person","@id":"https:\/\/radiolifefm.com.br\/noticias\/#\/schema\/person\/6339b9fac59d12b071dec680d7375d87","name":"ritanery","image":{"@type":"ImageObject","inLanguage":"pt-BR","@id":"https:\/\/secure.gravatar.com\/avatar\/0e37bb19071f47c0b8a23f62a903df117c5a0e75f65a0c2901562f97cd41cf86?s=96&d=mm&r=g","url":"https:\/\/secure.gravatar.com\/avatar\/0e37bb19071f47c0b8a23f62a903df117c5a0e75f65a0c2901562f97cd41cf86?s=96&d=mm&r=g","contentUrl":"https:\/\/secure.gravatar.com\/avatar\/0e37bb19071f47c0b8a23f62a903df117c5a0e75f65a0c2901562f97cd41cf86?s=96&d=mm&r=g","caption":"ritanery"}}]}},"amp_enabled":true,"_links":{"self":[{"href":"https:\/\/radiolifefm.com.br\/noticias\/wp-json\/wp\/v2\/posts\/51791","targetHints":{"allow":["GET"]}}],"collection":[{"href":"https:\/\/radiolifefm.com.br\/noticias\/wp-json\/wp\/v2\/posts"}],"about":[{"href":"https:\/\/radiolifefm.com.br\/noticias\/wp-json\/wp\/v2\/types\/post"}],"author":[{"embeddable":true,"href":"https:\/\/radiolifefm.com.br\/noticias\/wp-json\/wp\/v2\/users\/13"}],"replies":[{"embeddable":true,"href":"https:\/\/radiolifefm.com.br\/noticias\/wp-json\/wp\/v2\/comments?post=51791"}],"version-history":[{"count":4,"href":"https:\/\/radiolifefm.com.br\/noticias\/wp-json\/wp\/v2\/posts\/51791\/revisions"}],"predecessor-version":[{"id":51796,"href":"https:\/\/radiolifefm.com.br\/noticias\/wp-json\/wp\/v2\/posts\/51791\/revisions\/51796"}],"wp:featuredmedia":[{"embeddable":true,"href":"https:\/\/radiolifefm.com.br\/noticias\/wp-json\/wp\/v2\/media\/51792"}],"wp:attachment":[{"href":"https:\/\/radiolifefm.com.br\/noticias\/wp-json\/wp\/v2\/media?parent=51791"}],"wp:term":[{"taxonomy":"category","embeddable":true,"href":"https:\/\/radiolifefm.com.br\/noticias\/wp-json\/wp\/v2\/categories?post=51791"},{"taxonomy":"post_tag","embeddable":true,"href":"https:\/\/radiolifefm.com.br\/noticias\/wp-json\/wp\/v2\/tags?post=51791"}],"curies":[{"name":"wp","href":"https:\/\/api.w.org\/{rel}","templated":true}]}}