{"id":51760,"date":"2022-04-05T14:40:42","date_gmt":"2022-04-05T17:40:42","guid":{"rendered":"https:\/\/radiolifefm.com.br\/noticias\/?p=51760"},"modified":"2026-03-26T16:02:30","modified_gmt":"2026-03-26T19:02:30","slug":"justica-de-adamantina-nega-indenizacao-a-oficina-apos-incendio-causado-por-trator","status":"publish","type":"post","link":"https:\/\/radiolifefm.com.br\/noticias\/justica-de-adamantina-nega-indenizacao-a-oficina-apos-incendio-causado-por-trator\/","title":{"rendered":"Justi\u00e7a de Adamantina nega indeniza\u00e7\u00e3o a oficina ap\u00f3s inc\u00eandio causado por trator"},"content":{"rendered":"<div id=\"fb-root\"><\/div>\n<p style=\"font-weight: 400\">Um inc\u00eandio iniciado em um trator que estava em uma oficina mec\u00e2nica em Adamantina, em 10 de agosto de 2016, e que causou danos ao espa\u00e7o, a equipamentos e a outros ve\u00edculos agr\u00edcolas que estavam no local, levou o dono da empresa a buscar junto ao Poder Judici\u00e1rio indeniza\u00e7\u00e3o por danos materiais e morais, em decorr\u00eancia do inc\u00eandio.<\/p>\n<p style=\"font-weight: 400\">A per\u00edcia constatou, \u00e0 \u00e9poca, que o trator marca Valtra, modelo BH 85 1, levado \u00e0 oficina localizada na Avenida Francisco Bellusci, para a realiza\u00e7\u00e3o de manuten\u00e7\u00e3o, e que estava sob a guarda da empresa, foi o causador do inc\u00eandio. Com essa constata\u00e7\u00e3o, o dono da empresa buscou a repara\u00e7\u00e3o dos preju\u00edzos assumidos em raz\u00e3o das chamas. Ap\u00f3s tentativas amig\u00e1veis, ingressou com a\u00e7\u00e3o judicial.<\/p>\n<p style=\"font-weight: 400\">No Poder Judici\u00e1rio de Adamantina o representante da empresa buscou indeniza\u00e7\u00e3o por danos materiais calculada em R$ 129.283,33, indeniza\u00e7\u00e3o por danos morais em R$ 30.000,00, al\u00e9m dos al\u00e9m dos lucros que deixou de ter pela interrup\u00e7\u00e3o das atividades, no montante de R$ 69.860,99.<\/p>\n<p style=\"font-weight: 400\">O caso tramitou na Justi\u00e7a e em fevereiro passado, conforme divulgou o portal\u00a0<a href=\"https:\/\/www.conjur.com.br\/2022-abr-03\/justica-nega-indenizacao-oficina-incendio-causado-trator?fbclid=IwAR2ct3M60zeH_RsTp7wXWS86h9NRZdNwHc3xyA06935cgJ4WkSUQzNDEb6g\"><b><strong>Consultor Jur\u00eddico (Conjur<\/strong><\/b><\/a>), em 3 de abril \u00faltimo, foi proferida a senten\u00e7a onde a\u00a03\u00aa Vara de Adamantina negou pedido de indeniza\u00e7\u00e3o. A informa\u00e7\u00e3o tamb\u00e9m est\u00e1 na edi\u00e7\u00e3o desta ter\u00e7a-feira (5) do jornal Di\u00e1rio do Oeste.<\/p>\n<p style=\"font-weight: 400\">Nos autos, as partes propriet\u00e1rias do trator se defenderam argumentando que a oficina era respons\u00e1vel pelos danos causados ao trator, j\u00e1 que estava com a guarda do ve\u00edculo no momento do acidente.<\/p>\n<p style=\"font-weight: 400\">Em sua decis\u00e3o, a partir dos elementos que integram os autos do processo, a ju\u00edza Ruth Duarte Menegatti constatou que o respons\u00e1vel pela oficina \u201cdeveria ter agido com maior dilig\u00eancia e cuidado na guarda do trator\u201d, escreveu. \u201cA empresa autora n\u00e3o dispunha de qualquer sistema eficaz de vigil\u00e2ncia ou seguran\u00e7a para os tratores que l\u00e1 permaneciam fora do hor\u00e1rio de trabalho\u201d, continuou na senten\u00e7a.<\/p>\n<p style=\"font-weight: 400\">Ainda de acordo com os autos, uma testemunha \u2013 funcion\u00e1rio da oficina na \u00e9poca dos fatos \u2013 disse que ap\u00f3s o epis\u00f3dio \u201co propriet\u00e1rio da empresa autora passou a desconectar os cabos que ligam \u00e0 bateria dos tratores, a fim de evitar outro futuro inc\u00eandio\u201d.<\/p>\n<p style=\"font-weight: 400\">A magistrada reconheceu que \u201cn\u00e3o h\u00e1 como responsabilizar o propriet\u00e1rio do trator pelo inc\u00eandio, pois se nem os profissionais que costumeiramente trabalham com tratores conseguiram visualizar qualquer risco, tampouco o dono do referido trator, que n\u00e3o possui qualquer capacidade t\u00e9cnica, ou pelo menos n\u00e3o deveria possuir\u201d. E continuou: \u201cPela l\u00f3gica da pr\u00f3pria atividade desempenhada pelos autores, tratando-se de oficina mec\u00e2nica, espera-se que se adentre no estabelecimento, tratores com algum problema em seu funcionamento e que podem de algum modo gerar um dano em potencial, o que faz com que a responsabilidade da parte autora seja ainda maior, notadamente ao zelo de guarda dos ve\u00edculos em suas depend\u00eancias e instala\u00e7\u00e3o de sistemas de prote\u00e7\u00e3o ao bem alheio\u201d.<\/p>\n<p style=\"font-weight: 400\">Al\u00e9m de n\u00e3o obter as indeniza\u00e7\u00f5es pretendidas, a parte autora foi condenada ainda ao pagamento dos honor\u00e1rios advocat\u00edcios.<\/p>\n<p>&nbsp;<\/p>\n<p>Fonte: Siga Mais<\/p>\n","protected":false},"excerpt":{"rendered":"<p>Um inc\u00eandio iniciado em um trator que estava em uma oficina mec\u00e2nica em Adamantina, em 10 de agosto de 2016, e que causou danos ao espa\u00e7o, a equipamentos e a outros ve\u00edculos agr\u00edcolas que estavam no local, levou o dono da empresa a buscar junto ao Poder Judici\u00e1rio indeniza\u00e7\u00e3o por danos materiais e morais, em [&hellip;]<\/p>\n","protected":false},"author":13,"featured_media":51761,"comment_status":"closed","ping_status":"open","sticky":false,"template":"","format":"standard","meta":{"_acf_changed":false,"_exactmetrics_skip_tracking":false,"_exactmetrics_sitenote_active":false,"_exactmetrics_sitenote_note":"","_exactmetrics_sitenote_category":0,"footnotes":""},"categories":[21],"tags":[],"class_list":["post-51760","post","type-post","status-publish","format-standard","has-post-thumbnail","hentry","category-adamantina"],"acf":[],"yoast_head":"<!-- This site is optimized with the Yoast SEO plugin v27.2 - https:\/\/yoast.com\/product\/yoast-seo-wordpress\/ -->\n<title>Justi\u00e7a de Adamantina nega indeniza\u00e7\u00e3o a oficina ap\u00f3s inc\u00eandio causado por trator - R\u00e1dio Life FM<\/title>\n<meta name=\"robots\" content=\"index, follow, max-snippet:-1, max-image-preview:large, max-video-preview:-1\" \/>\n<link rel=\"canonical\" href=\"https:\/\/radiolifefm.com.br\/noticias\/justica-de-adamantina-nega-indenizacao-a-oficina-apos-incendio-causado-por-trator\/\" \/>\n<meta property=\"og:locale\" content=\"pt_BR\" \/>\n<meta property=\"og:type\" content=\"article\" \/>\n<meta property=\"og:title\" content=\"Justi\u00e7a de Adamantina nega indeniza\u00e7\u00e3o a oficina ap\u00f3s inc\u00eandio causado por trator - R\u00e1dio Life FM\" \/>\n<meta property=\"og:description\" content=\"Um inc\u00eandio iniciado em um trator que estava em uma oficina mec\u00e2nica em Adamantina, em 10 de agosto de 2016, e que causou danos ao espa\u00e7o, a equipamentos e a outros ve\u00edculos agr\u00edcolas que estavam no local, levou o dono da empresa a buscar junto ao Poder Judici\u00e1rio indeniza\u00e7\u00e3o por danos materiais e morais, em [&hellip;]\" \/>\n<meta property=\"og:url\" content=\"https:\/\/radiolifefm.com.br\/noticias\/justica-de-adamantina-nega-indenizacao-a-oficina-apos-incendio-causado-por-trator\/\" \/>\n<meta property=\"og:site_name\" content=\"R\u00e1dio Life FM\" \/>\n<meta property=\"article:publisher\" content=\"https:\/\/www.facebook.com\/radiolifefm\/\" \/>\n<meta property=\"article:published_time\" content=\"2022-04-05T17:40:42+00:00\" \/>\n<meta property=\"article:modified_time\" content=\"2026-03-26T19:02:30+00:00\" \/>\n<meta property=\"og:image\" content=\"https:\/\/radiolifefm.com.br\/noticias\/wp-content\/uploads\/2022\/04\/judge3665164640jpg1649170394624c57dac335f.jpg\" \/>\n\t<meta property=\"og:image:width\" content=\"600\" \/>\n\t<meta property=\"og:image:height\" content=\"337\" \/>\n\t<meta property=\"og:image:type\" content=\"image\/jpeg\" \/>\n<meta name=\"author\" content=\"ritanery\" \/>\n<meta name=\"twitter:card\" content=\"summary_large_image\" \/>\n<meta name=\"twitter:label1\" content=\"Escrito por\" \/>\n\t<meta name=\"twitter:data1\" content=\"ritanery\" \/>\n\t<meta name=\"twitter:label2\" content=\"Est. tempo de leitura\" \/>\n\t<meta name=\"twitter:data2\" content=\"3 minutos\" \/>\n<script type=\"application\/ld+json\" class=\"yoast-schema-graph\">{\"@context\":\"https:\/\/schema.org\",\"@graph\":[{\"@type\":\"Article\",\"@id\":\"https:\/\/radiolifefm.com.br\/noticias\/justica-de-adamantina-nega-indenizacao-a-oficina-apos-incendio-causado-por-trator\/#article\",\"isPartOf\":{\"@id\":\"https:\/\/radiolifefm.com.br\/noticias\/justica-de-adamantina-nega-indenizacao-a-oficina-apos-incendio-causado-por-trator\/\"},\"author\":{\"name\":\"ritanery\",\"@id\":\"https:\/\/radiolifefm.com.br\/noticias\/#\/schema\/person\/6339b9fac59d12b071dec680d7375d87\"},\"headline\":\"Justi\u00e7a de Adamantina nega indeniza\u00e7\u00e3o a oficina ap\u00f3s inc\u00eandio causado por trator\",\"datePublished\":\"2022-04-05T17:40:42+00:00\",\"dateModified\":\"2026-03-26T19:02:30+00:00\",\"mainEntityOfPage\":{\"@id\":\"https:\/\/radiolifefm.com.br\/noticias\/justica-de-adamantina-nega-indenizacao-a-oficina-apos-incendio-causado-por-trator\/\"},\"wordCount\":564,\"publisher\":{\"@id\":\"https:\/\/radiolifefm.com.br\/noticias\/#organization\"},\"image\":{\"@id\":\"https:\/\/radiolifefm.com.br\/noticias\/justica-de-adamantina-nega-indenizacao-a-oficina-apos-incendio-causado-por-trator\/#primaryimage\"},\"thumbnailUrl\":\"https:\/\/radiolifefm.com.br\/noticias\/wp-content\/uploads\/2022\/04\/judge3665164640jpg1649170394624c57dac335f.jpg\",\"articleSection\":[\"Adamantina\"],\"inLanguage\":\"pt-BR\"},{\"@type\":\"WebPage\",\"@id\":\"https:\/\/radiolifefm.com.br\/noticias\/justica-de-adamantina-nega-indenizacao-a-oficina-apos-incendio-causado-por-trator\/\",\"url\":\"https:\/\/radiolifefm.com.br\/noticias\/justica-de-adamantina-nega-indenizacao-a-oficina-apos-incendio-causado-por-trator\/\",\"name\":\"Justi\u00e7a de Adamantina nega indeniza\u00e7\u00e3o a oficina ap\u00f3s inc\u00eandio causado por trator - R\u00e1dio Life FM\",\"isPartOf\":{\"@id\":\"https:\/\/radiolifefm.com.br\/noticias\/#website\"},\"primaryImageOfPage\":{\"@id\":\"https:\/\/radiolifefm.com.br\/noticias\/justica-de-adamantina-nega-indenizacao-a-oficina-apos-incendio-causado-por-trator\/#primaryimage\"},\"image\":{\"@id\":\"https:\/\/radiolifefm.com.br\/noticias\/justica-de-adamantina-nega-indenizacao-a-oficina-apos-incendio-causado-por-trator\/#primaryimage\"},\"thumbnailUrl\":\"https:\/\/radiolifefm.com.br\/noticias\/wp-content\/uploads\/2022\/04\/judge3665164640jpg1649170394624c57dac335f.jpg\",\"datePublished\":\"2022-04-05T17:40:42+00:00\",\"dateModified\":\"2026-03-26T19:02:30+00:00\",\"breadcrumb\":{\"@id\":\"https:\/\/radiolifefm.com.br\/noticias\/justica-de-adamantina-nega-indenizacao-a-oficina-apos-incendio-causado-por-trator\/#breadcrumb\"},\"inLanguage\":\"pt-BR\",\"potentialAction\":[{\"@type\":\"ReadAction\",\"target\":[\"https:\/\/radiolifefm.com.br\/noticias\/justica-de-adamantina-nega-indenizacao-a-oficina-apos-incendio-causado-por-trator\/\"]}]},{\"@type\":\"ImageObject\",\"inLanguage\":\"pt-BR\",\"@id\":\"https:\/\/radiolifefm.com.br\/noticias\/justica-de-adamantina-nega-indenizacao-a-oficina-apos-incendio-causado-por-trator\/#primaryimage\",\"url\":\"https:\/\/radiolifefm.com.br\/noticias\/wp-content\/uploads\/2022\/04\/judge3665164640jpg1649170394624c57dac335f.jpg\",\"contentUrl\":\"https:\/\/radiolifefm.com.br\/noticias\/wp-content\/uploads\/2022\/04\/judge3665164640jpg1649170394624c57dac335f.jpg\",\"width\":600,\"height\":337,\"caption\":\"Trator de cliente estava na oficina e laudo apontou que inc\u00eandio foi iniciado na m\u00e1quina agr\u00edcola.\"},{\"@type\":\"BreadcrumbList\",\"@id\":\"https:\/\/radiolifefm.com.br\/noticias\/justica-de-adamantina-nega-indenizacao-a-oficina-apos-incendio-causado-por-trator\/#breadcrumb\",\"itemListElement\":[{\"@type\":\"ListItem\",\"position\":1,\"name\":\"In\u00edcio\",\"item\":\"https:\/\/radiolifefm.com.br\/noticias\/\"},{\"@type\":\"ListItem\",\"position\":2,\"name\":\"Justi\u00e7a de Adamantina nega indeniza\u00e7\u00e3o a oficina ap\u00f3s inc\u00eandio causado por trator\"}]},{\"@type\":\"WebSite\",\"@id\":\"https:\/\/radiolifefm.com.br\/noticias\/#website\",\"url\":\"https:\/\/radiolifefm.com.br\/noticias\/\",\"name\":\"R\u00e1dio Life FM\",\"description\":\"O Portal de Not\u00edcias de Adamantina\",\"publisher\":{\"@id\":\"https:\/\/radiolifefm.com.br\/noticias\/#organization\"},\"alternateName\":\"Life FM\",\"potentialAction\":[{\"@type\":\"SearchAction\",\"target\":{\"@type\":\"EntryPoint\",\"urlTemplate\":\"https:\/\/radiolifefm.com.br\/noticias\/?s={search_term_string}\"},\"query-input\":{\"@type\":\"PropertyValueSpecification\",\"valueRequired\":true,\"valueName\":\"search_term_string\"}}],\"inLanguage\":\"pt-BR\"},{\"@type\":\"Organization\",\"@id\":\"https:\/\/radiolifefm.com.br\/noticias\/#organization\",\"name\":\"R\u00e1dio Life FM\",\"alternateName\":\"Life FM\",\"url\":\"https:\/\/radiolifefm.com.br\/noticias\/\",\"logo\":{\"@type\":\"ImageObject\",\"inLanguage\":\"pt-BR\",\"@id\":\"https:\/\/radiolifefm.com.br\/noticias\/#\/schema\/logo\/image\/\",\"url\":\"https:\/\/static.radiolifefm.com.br\/noticias\/wp-content\/uploads\/2019\/10\/logo-lifefm.png\",\"contentUrl\":\"https:\/\/static.radiolifefm.com.br\/noticias\/wp-content\/uploads\/2019\/10\/logo-lifefm.png\",\"width\":196,\"height\":47,\"caption\":\"R\u00e1dio Life FM\"},\"image\":{\"@id\":\"https:\/\/radiolifefm.com.br\/noticias\/#\/schema\/logo\/image\/\"},\"sameAs\":[\"https:\/\/www.facebook.com\/radiolifefm\/\",\"https:\/\/www.instagram.com\/life1079fm\/\"]},{\"@type\":\"Person\",\"@id\":\"https:\/\/radiolifefm.com.br\/noticias\/#\/schema\/person\/6339b9fac59d12b071dec680d7375d87\",\"name\":\"ritanery\",\"image\":{\"@type\":\"ImageObject\",\"inLanguage\":\"pt-BR\",\"@id\":\"https:\/\/secure.gravatar.com\/avatar\/0e37bb19071f47c0b8a23f62a903df117c5a0e75f65a0c2901562f97cd41cf86?s=96&d=mm&r=g\",\"url\":\"https:\/\/secure.gravatar.com\/avatar\/0e37bb19071f47c0b8a23f62a903df117c5a0e75f65a0c2901562f97cd41cf86?s=96&d=mm&r=g\",\"contentUrl\":\"https:\/\/secure.gravatar.com\/avatar\/0e37bb19071f47c0b8a23f62a903df117c5a0e75f65a0c2901562f97cd41cf86?s=96&d=mm&r=g\",\"caption\":\"ritanery\"}}]}<\/script>\n<!-- \/ Yoast SEO plugin. -->","yoast_head_json":{"title":"Justi\u00e7a de Adamantina nega indeniza\u00e7\u00e3o a oficina ap\u00f3s inc\u00eandio causado por trator - R\u00e1dio Life FM","robots":{"index":"index","follow":"follow","max-snippet":"max-snippet:-1","max-image-preview":"max-image-preview:large","max-video-preview":"max-video-preview:-1"},"canonical":"https:\/\/radiolifefm.com.br\/noticias\/justica-de-adamantina-nega-indenizacao-a-oficina-apos-incendio-causado-por-trator\/","og_locale":"pt_BR","og_type":"article","og_title":"Justi\u00e7a de Adamantina nega indeniza\u00e7\u00e3o a oficina ap\u00f3s inc\u00eandio causado por trator - R\u00e1dio Life FM","og_description":"Um inc\u00eandio iniciado em um trator que estava em uma oficina mec\u00e2nica em Adamantina, em 10 de agosto de 2016, e que causou danos ao espa\u00e7o, a equipamentos e a outros ve\u00edculos agr\u00edcolas que estavam no local, levou o dono da empresa a buscar junto ao Poder Judici\u00e1rio indeniza\u00e7\u00e3o por danos materiais e morais, em [&hellip;]","og_url":"https:\/\/radiolifefm.com.br\/noticias\/justica-de-adamantina-nega-indenizacao-a-oficina-apos-incendio-causado-por-trator\/","og_site_name":"R\u00e1dio Life FM","article_publisher":"https:\/\/www.facebook.com\/radiolifefm\/","article_published_time":"2022-04-05T17:40:42+00:00","article_modified_time":"2026-03-26T19:02:30+00:00","og_image":[{"width":600,"height":337,"url":"https:\/\/radiolifefm.com.br\/noticias\/wp-content\/uploads\/2022\/04\/judge3665164640jpg1649170394624c57dac335f.jpg","type":"image\/jpeg"}],"author":"ritanery","twitter_card":"summary_large_image","twitter_misc":{"Escrito por":"ritanery","Est. tempo de leitura":"3 minutos"},"schema":{"@context":"https:\/\/schema.org","@graph":[{"@type":"Article","@id":"https:\/\/radiolifefm.com.br\/noticias\/justica-de-adamantina-nega-indenizacao-a-oficina-apos-incendio-causado-por-trator\/#article","isPartOf":{"@id":"https:\/\/radiolifefm.com.br\/noticias\/justica-de-adamantina-nega-indenizacao-a-oficina-apos-incendio-causado-por-trator\/"},"author":{"name":"ritanery","@id":"https:\/\/radiolifefm.com.br\/noticias\/#\/schema\/person\/6339b9fac59d12b071dec680d7375d87"},"headline":"Justi\u00e7a de Adamantina nega indeniza\u00e7\u00e3o a oficina ap\u00f3s inc\u00eandio causado por trator","datePublished":"2022-04-05T17:40:42+00:00","dateModified":"2026-03-26T19:02:30+00:00","mainEntityOfPage":{"@id":"https:\/\/radiolifefm.com.br\/noticias\/justica-de-adamantina-nega-indenizacao-a-oficina-apos-incendio-causado-por-trator\/"},"wordCount":564,"publisher":{"@id":"https:\/\/radiolifefm.com.br\/noticias\/#organization"},"image":{"@id":"https:\/\/radiolifefm.com.br\/noticias\/justica-de-adamantina-nega-indenizacao-a-oficina-apos-incendio-causado-por-trator\/#primaryimage"},"thumbnailUrl":"https:\/\/radiolifefm.com.br\/noticias\/wp-content\/uploads\/2022\/04\/judge3665164640jpg1649170394624c57dac335f.jpg","articleSection":["Adamantina"],"inLanguage":"pt-BR"},{"@type":"WebPage","@id":"https:\/\/radiolifefm.com.br\/noticias\/justica-de-adamantina-nega-indenizacao-a-oficina-apos-incendio-causado-por-trator\/","url":"https:\/\/radiolifefm.com.br\/noticias\/justica-de-adamantina-nega-indenizacao-a-oficina-apos-incendio-causado-por-trator\/","name":"Justi\u00e7a de Adamantina nega indeniza\u00e7\u00e3o a oficina ap\u00f3s inc\u00eandio causado por trator - R\u00e1dio Life FM","isPartOf":{"@id":"https:\/\/radiolifefm.com.br\/noticias\/#website"},"primaryImageOfPage":{"@id":"https:\/\/radiolifefm.com.br\/noticias\/justica-de-adamantina-nega-indenizacao-a-oficina-apos-incendio-causado-por-trator\/#primaryimage"},"image":{"@id":"https:\/\/radiolifefm.com.br\/noticias\/justica-de-adamantina-nega-indenizacao-a-oficina-apos-incendio-causado-por-trator\/#primaryimage"},"thumbnailUrl":"https:\/\/radiolifefm.com.br\/noticias\/wp-content\/uploads\/2022\/04\/judge3665164640jpg1649170394624c57dac335f.jpg","datePublished":"2022-04-05T17:40:42+00:00","dateModified":"2026-03-26T19:02:30+00:00","breadcrumb":{"@id":"https:\/\/radiolifefm.com.br\/noticias\/justica-de-adamantina-nega-indenizacao-a-oficina-apos-incendio-causado-por-trator\/#breadcrumb"},"inLanguage":"pt-BR","potentialAction":[{"@type":"ReadAction","target":["https:\/\/radiolifefm.com.br\/noticias\/justica-de-adamantina-nega-indenizacao-a-oficina-apos-incendio-causado-por-trator\/"]}]},{"@type":"ImageObject","inLanguage":"pt-BR","@id":"https:\/\/radiolifefm.com.br\/noticias\/justica-de-adamantina-nega-indenizacao-a-oficina-apos-incendio-causado-por-trator\/#primaryimage","url":"https:\/\/radiolifefm.com.br\/noticias\/wp-content\/uploads\/2022\/04\/judge3665164640jpg1649170394624c57dac335f.jpg","contentUrl":"https:\/\/radiolifefm.com.br\/noticias\/wp-content\/uploads\/2022\/04\/judge3665164640jpg1649170394624c57dac335f.jpg","width":600,"height":337,"caption":"Trator de cliente estava na oficina e laudo apontou que inc\u00eandio foi iniciado na m\u00e1quina agr\u00edcola."},{"@type":"BreadcrumbList","@id":"https:\/\/radiolifefm.com.br\/noticias\/justica-de-adamantina-nega-indenizacao-a-oficina-apos-incendio-causado-por-trator\/#breadcrumb","itemListElement":[{"@type":"ListItem","position":1,"name":"In\u00edcio","item":"https:\/\/radiolifefm.com.br\/noticias\/"},{"@type":"ListItem","position":2,"name":"Justi\u00e7a de Adamantina nega indeniza\u00e7\u00e3o a oficina ap\u00f3s inc\u00eandio causado por trator"}]},{"@type":"WebSite","@id":"https:\/\/radiolifefm.com.br\/noticias\/#website","url":"https:\/\/radiolifefm.com.br\/noticias\/","name":"R\u00e1dio Life FM","description":"O Portal de Not\u00edcias de Adamantina","publisher":{"@id":"https:\/\/radiolifefm.com.br\/noticias\/#organization"},"alternateName":"Life FM","potentialAction":[{"@type":"SearchAction","target":{"@type":"EntryPoint","urlTemplate":"https:\/\/radiolifefm.com.br\/noticias\/?s={search_term_string}"},"query-input":{"@type":"PropertyValueSpecification","valueRequired":true,"valueName":"search_term_string"}}],"inLanguage":"pt-BR"},{"@type":"Organization","@id":"https:\/\/radiolifefm.com.br\/noticias\/#organization","name":"R\u00e1dio Life FM","alternateName":"Life FM","url":"https:\/\/radiolifefm.com.br\/noticias\/","logo":{"@type":"ImageObject","inLanguage":"pt-BR","@id":"https:\/\/radiolifefm.com.br\/noticias\/#\/schema\/logo\/image\/","url":"https:\/\/static.radiolifefm.com.br\/noticias\/wp-content\/uploads\/2019\/10\/logo-lifefm.png","contentUrl":"https:\/\/static.radiolifefm.com.br\/noticias\/wp-content\/uploads\/2019\/10\/logo-lifefm.png","width":196,"height":47,"caption":"R\u00e1dio Life FM"},"image":{"@id":"https:\/\/radiolifefm.com.br\/noticias\/#\/schema\/logo\/image\/"},"sameAs":["https:\/\/www.facebook.com\/radiolifefm\/","https:\/\/www.instagram.com\/life1079fm\/"]},{"@type":"Person","@id":"https:\/\/radiolifefm.com.br\/noticias\/#\/schema\/person\/6339b9fac59d12b071dec680d7375d87","name":"ritanery","image":{"@type":"ImageObject","inLanguage":"pt-BR","@id":"https:\/\/secure.gravatar.com\/avatar\/0e37bb19071f47c0b8a23f62a903df117c5a0e75f65a0c2901562f97cd41cf86?s=96&d=mm&r=g","url":"https:\/\/secure.gravatar.com\/avatar\/0e37bb19071f47c0b8a23f62a903df117c5a0e75f65a0c2901562f97cd41cf86?s=96&d=mm&r=g","contentUrl":"https:\/\/secure.gravatar.com\/avatar\/0e37bb19071f47c0b8a23f62a903df117c5a0e75f65a0c2901562f97cd41cf86?s=96&d=mm&r=g","caption":"ritanery"}}]}},"amp_enabled":true,"_links":{"self":[{"href":"https:\/\/radiolifefm.com.br\/noticias\/wp-json\/wp\/v2\/posts\/51760","targetHints":{"allow":["GET"]}}],"collection":[{"href":"https:\/\/radiolifefm.com.br\/noticias\/wp-json\/wp\/v2\/posts"}],"about":[{"href":"https:\/\/radiolifefm.com.br\/noticias\/wp-json\/wp\/v2\/types\/post"}],"author":[{"embeddable":true,"href":"https:\/\/radiolifefm.com.br\/noticias\/wp-json\/wp\/v2\/users\/13"}],"replies":[{"embeddable":true,"href":"https:\/\/radiolifefm.com.br\/noticias\/wp-json\/wp\/v2\/comments?post=51760"}],"version-history":[{"count":4,"href":"https:\/\/radiolifefm.com.br\/noticias\/wp-json\/wp\/v2\/posts\/51760\/revisions"}],"predecessor-version":[{"id":51765,"href":"https:\/\/radiolifefm.com.br\/noticias\/wp-json\/wp\/v2\/posts\/51760\/revisions\/51765"}],"wp:featuredmedia":[{"embeddable":true,"href":"https:\/\/radiolifefm.com.br\/noticias\/wp-json\/wp\/v2\/media\/51761"}],"wp:attachment":[{"href":"https:\/\/radiolifefm.com.br\/noticias\/wp-json\/wp\/v2\/media?parent=51760"}],"wp:term":[{"taxonomy":"category","embeddable":true,"href":"https:\/\/radiolifefm.com.br\/noticias\/wp-json\/wp\/v2\/categories?post=51760"},{"taxonomy":"post_tag","embeddable":true,"href":"https:\/\/radiolifefm.com.br\/noticias\/wp-json\/wp\/v2\/tags?post=51760"}],"curies":[{"name":"wp","href":"https:\/\/api.w.org\/{rel}","templated":true}]}}