{"id":51754,"date":"2022-04-05T07:57:36","date_gmt":"2022-04-05T10:57:36","guid":{"rendered":"https:\/\/radiolifefm.com.br\/noticias\/?p=51754"},"modified":"2026-03-30T18:24:37","modified_gmt":"2026-03-30T21:24:37","slug":"na-camara-helio-santos-anuncia-filiacao-ao-pp-e-que-vai-disputar-eleicao-a-deputado-estadual","status":"publish","type":"post","link":"https:\/\/radiolifefm.com.br\/noticias\/na-camara-helio-santos-anuncia-filiacao-ao-pp-e-que-vai-disputar-eleicao-a-deputado-estadual\/","title":{"rendered":"Na C\u00e2mara, H\u00e9lio Santos anuncia filia\u00e7\u00e3o ao PP e que vai disputar elei\u00e7\u00e3o a deputado estadual"},"content":{"rendered":"<div id=\"fb-root\"><\/div>\n<p style=\"font-weight: 400\">Na sess\u00e3o da C\u00e2mara Municipal de Adamantina desta segunda-feira (4), o vereador H\u00e9lio Jos\u00e9 dos Santos, no uso da tribuna para explica\u00e7\u00f5es pessoais, anunciou que vai disputar elei\u00e7\u00e3o a deputado estadual neste ano, em busca de uma cadeira na Assembleia Legislativa do Estado de S\u00e3o Paulo.<\/p>\n<p style=\"font-weight: 400\">Para a constru\u00e7\u00e3o da pr\u00e9-candidatura, parlamentar deixou o Partido Liberal (PL) e filiou-se ao Partido Republicanos (PP), que garantiu a vaga na legenda, para a elei\u00e7\u00e3o deste ano. \u201cEnquanto no PL est\u00e1vamos avaliando a candidatura, agora, \u00e9 fato\u201d, afirmou.<\/p>\n<p style=\"font-weight: 400\">H\u00e9lio est\u00e1 em seu quinto mandato na C\u00e2mara Municipal de Adamantina (1997\/2000, 2001\/2004, 2013\/2016, 2017\/2020 e 2021\/2024). J\u00e1 presidiu o legislativo adamantinense e atualmente \u00e9 l\u00edder do prefeito M\u00e1rcio Cardim (Uni\u00e3o Brasil) na C\u00e2mara Municipal.<\/p>\n<p style=\"font-weight: 400\">H\u00e9lio disse em dois momentos anteriores recebeu convites para esse desafio, e que agora decidiu aceitar, dizendo estar mais preparado para o projeto. \u201cEstou me preparando para este momento desde 2014, quando fui convidado, e n\u00e3o pude assumir a candidatura. Em 2018, tamb\u00e9m houve o convite. Mas neste momento, com muita humildade, muita experi\u00eancia, muita honra e muito trabalho, acredito que estou pronto para assumir mais um desafio em minha vida p\u00fablica\u201d, disse.<\/p>\n<p style=\"font-weight: 400\">O vereador e agora pr\u00e9-candidato deputado estadual afirmou ter o apoio diret\u00f3rio municipal, coordena\u00e7\u00e3o regional e diret\u00f3rio estadual do partido, e sinalizou temas em que pretende atuar no parlamento paulista. \u201cEntendo, senhor presidente e nobres pares, que caso seja eleito, posso representar a popula\u00e7\u00e3o de Adamantina e regi\u00e3o com muita honra, muito respeito e muita dignidade, e trazer muitos benef\u00edcios para a nossa regi\u00e3o, da Nova Alta Paulista\u201d, disse no plen\u00e1rio da C\u00e2mara. \u201cE mais, contribuir para implementa\u00e7\u00e3o de importantes pol\u00edticas p\u00fablicas na sa\u00fade, na educa\u00e7\u00e3o, na gera\u00e7\u00e3o de empregos e tamb\u00e9m na constru\u00e7\u00e3o de moradias populares\u201d, continuou.<\/p>\n<p style=\"font-weight: 400\"><b><strong>Atua\u00e7\u00e3o da educa\u00e7\u00e3o<\/strong><\/b><\/p>\n<p style=\"font-weight: 400\">Com carreira profissional na educa\u00e7\u00e3o, H\u00e9lio \u00e9 supervisor de ensino da Secretaria Estadual da Educa\u00e7\u00e3o na Diretoria de Ensino de Adamantina. E v\u00ea entre os colegas educadores uma for\u00e7a de apoio e motiva\u00e7\u00e3o \u00e0 nova pretens\u00e3o pol\u00edtica. \u201cE quero agradecer a todos os educadores as 33 escolas estaduais da Diretoria de Ensino de Adamantina, distribu\u00eddas em 22 munic\u00edpios, pelo apoio incondicional, o que muito nos honra, e muito nos orgulha. Que Deus possa aben\u00e7oar, a todos\u201d, encerrou.<\/p>\n<p style=\"font-weight: 400\"><b><strong>Deputados do PP por S\u00e3o Paulo<\/strong><\/b><\/p>\n<p style=\"font-weight: 400\">Na Assembleia Legislativa, hoje s\u00e3o cinco deputados estaduais pela legenda: Coronel Telhada, Delegado Bruno Lima, Delegado Olim, Let\u00edcia Aguiar e Professor Kenny. Pelo PL, o Estado de S\u00e3o Paulo tem dois deputados federais em Bras\u00edlia: Fausto Pinato e Guilherme Mussi.<\/p>\n<p>&nbsp;<\/p>\n<p>Fonte: Siga Mais<\/p>\n","protected":false},"excerpt":{"rendered":"<p>Na sess\u00e3o da C\u00e2mara Municipal de Adamantina desta segunda-feira (4), o vereador H\u00e9lio Jos\u00e9 dos Santos, no uso da tribuna para explica\u00e7\u00f5es pessoais, anunciou que vai disputar elei\u00e7\u00e3o a deputado estadual neste ano, em busca de uma cadeira na Assembleia Legislativa do Estado de S\u00e3o Paulo. Para a constru\u00e7\u00e3o da pr\u00e9-candidatura, parlamentar deixou o Partido [&hellip;]<\/p>\n","protected":false},"author":13,"featured_media":51755,"comment_status":"closed","ping_status":"open","sticky":false,"template":"","format":"standard","meta":{"_acf_changed":false,"_exactmetrics_skip_tracking":false,"_exactmetrics_sitenote_active":false,"_exactmetrics_sitenote_note":"","_exactmetrics_sitenote_category":0,"footnotes":""},"categories":[21],"tags":[],"class_list":["post-51754","post","type-post","status-publish","format-standard","has-post-thumbnail","hentry","category-adamantina"],"acf":[],"yoast_head":"<!-- This site is optimized with the Yoast SEO plugin v27.2 - https:\/\/yoast.com\/product\/yoast-seo-wordpress\/ -->\n<title>Na C\u00e2mara, H\u00e9lio Santos anuncia filia\u00e7\u00e3o ao PP e que vai disputar elei\u00e7\u00e3o a deputado estadual - R\u00e1dio Life FM<\/title>\n<meta name=\"robots\" content=\"index, follow, max-snippet:-1, max-image-preview:large, max-video-preview:-1\" \/>\n<link rel=\"canonical\" href=\"https:\/\/radiolifefm.com.br\/noticias\/na-camara-helio-santos-anuncia-filiacao-ao-pp-e-que-vai-disputar-eleicao-a-deputado-estadual\/\" \/>\n<meta property=\"og:locale\" content=\"pt_BR\" \/>\n<meta property=\"og:type\" content=\"article\" \/>\n<meta property=\"og:title\" content=\"Na C\u00e2mara, H\u00e9lio Santos anuncia filia\u00e7\u00e3o ao PP e que vai disputar elei\u00e7\u00e3o a deputado estadual - R\u00e1dio Life FM\" \/>\n<meta property=\"og:description\" content=\"Na sess\u00e3o da C\u00e2mara Municipal de Adamantina desta segunda-feira (4), o vereador H\u00e9lio Jos\u00e9 dos Santos, no uso da tribuna para explica\u00e7\u00f5es pessoais, anunciou que vai disputar elei\u00e7\u00e3o a deputado estadual neste ano, em busca de uma cadeira na Assembleia Legislativa do Estado de S\u00e3o Paulo. Para a constru\u00e7\u00e3o da pr\u00e9-candidatura, parlamentar deixou o Partido [&hellip;]\" \/>\n<meta property=\"og:url\" content=\"https:\/\/radiolifefm.com.br\/noticias\/na-camara-helio-santos-anuncia-filiacao-ao-pp-e-que-vai-disputar-eleicao-a-deputado-estadual\/\" \/>\n<meta property=\"og:site_name\" content=\"R\u00e1dio Life FM\" \/>\n<meta property=\"article:publisher\" content=\"https:\/\/www.facebook.com\/radiolifefm\/\" \/>\n<meta property=\"article:published_time\" content=\"2022-04-05T10:57:36+00:00\" \/>\n<meta property=\"article:modified_time\" content=\"2026-03-30T21:24:37+00:00\" \/>\n<meta property=\"og:image\" content=\"https:\/\/radiolifefm.com.br\/noticias\/wp-content\/uploads\/2022\/04\/img0995png1649120272624b941088998.jpg\" \/>\n\t<meta property=\"og:image:width\" content=\"600\" \/>\n\t<meta property=\"og:image:height\" content=\"337\" \/>\n\t<meta property=\"og:image:type\" content=\"image\/jpeg\" \/>\n<meta name=\"author\" content=\"ritanery\" \/>\n<meta name=\"twitter:card\" content=\"summary_large_image\" \/>\n<meta name=\"twitter:label1\" content=\"Escrito por\" \/>\n\t<meta name=\"twitter:data1\" content=\"ritanery\" \/>\n\t<meta name=\"twitter:label2\" content=\"Est. tempo de leitura\" \/>\n\t<meta name=\"twitter:data2\" content=\"2 minutos\" \/>\n<script type=\"application\/ld+json\" class=\"yoast-schema-graph\">{\"@context\":\"https:\/\/schema.org\",\"@graph\":[{\"@type\":\"Article\",\"@id\":\"https:\/\/radiolifefm.com.br\/noticias\/na-camara-helio-santos-anuncia-filiacao-ao-pp-e-que-vai-disputar-eleicao-a-deputado-estadual\/#article\",\"isPartOf\":{\"@id\":\"https:\/\/radiolifefm.com.br\/noticias\/na-camara-helio-santos-anuncia-filiacao-ao-pp-e-que-vai-disputar-eleicao-a-deputado-estadual\/\"},\"author\":{\"name\":\"ritanery\",\"@id\":\"https:\/\/radiolifefm.com.br\/noticias\/#\/schema\/person\/6339b9fac59d12b071dec680d7375d87\"},\"headline\":\"Na C\u00e2mara, H\u00e9lio Santos anuncia filia\u00e7\u00e3o ao PP e que vai disputar elei\u00e7\u00e3o a deputado estadual\",\"datePublished\":\"2022-04-05T10:57:36+00:00\",\"dateModified\":\"2026-03-30T21:24:37+00:00\",\"mainEntityOfPage\":{\"@id\":\"https:\/\/radiolifefm.com.br\/noticias\/na-camara-helio-santos-anuncia-filiacao-ao-pp-e-que-vai-disputar-eleicao-a-deputado-estadual\/\"},\"wordCount\":483,\"publisher\":{\"@id\":\"https:\/\/radiolifefm.com.br\/noticias\/#organization\"},\"image\":{\"@id\":\"https:\/\/radiolifefm.com.br\/noticias\/na-camara-helio-santos-anuncia-filiacao-ao-pp-e-que-vai-disputar-eleicao-a-deputado-estadual\/#primaryimage\"},\"thumbnailUrl\":\"https:\/\/radiolifefm.com.br\/noticias\/wp-content\/uploads\/2022\/04\/img0995png1649120272624b941088998.jpg\",\"articleSection\":[\"Adamantina\"],\"inLanguage\":\"pt-BR\"},{\"@type\":\"WebPage\",\"@id\":\"https:\/\/radiolifefm.com.br\/noticias\/na-camara-helio-santos-anuncia-filiacao-ao-pp-e-que-vai-disputar-eleicao-a-deputado-estadual\/\",\"url\":\"https:\/\/radiolifefm.com.br\/noticias\/na-camara-helio-santos-anuncia-filiacao-ao-pp-e-que-vai-disputar-eleicao-a-deputado-estadual\/\",\"name\":\"Na C\u00e2mara, H\u00e9lio Santos anuncia filia\u00e7\u00e3o ao PP e que vai disputar elei\u00e7\u00e3o a deputado estadual - R\u00e1dio Life FM\",\"isPartOf\":{\"@id\":\"https:\/\/radiolifefm.com.br\/noticias\/#website\"},\"primaryImageOfPage\":{\"@id\":\"https:\/\/radiolifefm.com.br\/noticias\/na-camara-helio-santos-anuncia-filiacao-ao-pp-e-que-vai-disputar-eleicao-a-deputado-estadual\/#primaryimage\"},\"image\":{\"@id\":\"https:\/\/radiolifefm.com.br\/noticias\/na-camara-helio-santos-anuncia-filiacao-ao-pp-e-que-vai-disputar-eleicao-a-deputado-estadual\/#primaryimage\"},\"thumbnailUrl\":\"https:\/\/radiolifefm.com.br\/noticias\/wp-content\/uploads\/2022\/04\/img0995png1649120272624b941088998.jpg\",\"datePublished\":\"2022-04-05T10:57:36+00:00\",\"dateModified\":\"2026-03-30T21:24:37+00:00\",\"breadcrumb\":{\"@id\":\"https:\/\/radiolifefm.com.br\/noticias\/na-camara-helio-santos-anuncia-filiacao-ao-pp-e-que-vai-disputar-eleicao-a-deputado-estadual\/#breadcrumb\"},\"inLanguage\":\"pt-BR\",\"potentialAction\":[{\"@type\":\"ReadAction\",\"target\":[\"https:\/\/radiolifefm.com.br\/noticias\/na-camara-helio-santos-anuncia-filiacao-ao-pp-e-que-vai-disputar-eleicao-a-deputado-estadual\/\"]}]},{\"@type\":\"ImageObject\",\"inLanguage\":\"pt-BR\",\"@id\":\"https:\/\/radiolifefm.com.br\/noticias\/na-camara-helio-santos-anuncia-filiacao-ao-pp-e-que-vai-disputar-eleicao-a-deputado-estadual\/#primaryimage\",\"url\":\"https:\/\/radiolifefm.com.br\/noticias\/wp-content\/uploads\/2022\/04\/img0995png1649120272624b941088998.jpg\",\"contentUrl\":\"https:\/\/radiolifefm.com.br\/noticias\/wp-content\/uploads\/2022\/04\/img0995png1649120272624b941088998.jpg\",\"width\":600,\"height\":337},{\"@type\":\"BreadcrumbList\",\"@id\":\"https:\/\/radiolifefm.com.br\/noticias\/na-camara-helio-santos-anuncia-filiacao-ao-pp-e-que-vai-disputar-eleicao-a-deputado-estadual\/#breadcrumb\",\"itemListElement\":[{\"@type\":\"ListItem\",\"position\":1,\"name\":\"In\u00edcio\",\"item\":\"https:\/\/radiolifefm.com.br\/noticias\/\"},{\"@type\":\"ListItem\",\"position\":2,\"name\":\"Na C\u00e2mara, H\u00e9lio Santos anuncia filia\u00e7\u00e3o ao PP e que vai disputar elei\u00e7\u00e3o a deputado estadual\"}]},{\"@type\":\"WebSite\",\"@id\":\"https:\/\/radiolifefm.com.br\/noticias\/#website\",\"url\":\"https:\/\/radiolifefm.com.br\/noticias\/\",\"name\":\"R\u00e1dio Life FM\",\"description\":\"O Portal de Not\u00edcias de Adamantina\",\"publisher\":{\"@id\":\"https:\/\/radiolifefm.com.br\/noticias\/#organization\"},\"alternateName\":\"Life FM\",\"potentialAction\":[{\"@type\":\"SearchAction\",\"target\":{\"@type\":\"EntryPoint\",\"urlTemplate\":\"https:\/\/radiolifefm.com.br\/noticias\/?s={search_term_string}\"},\"query-input\":{\"@type\":\"PropertyValueSpecification\",\"valueRequired\":true,\"valueName\":\"search_term_string\"}}],\"inLanguage\":\"pt-BR\"},{\"@type\":\"Organization\",\"@id\":\"https:\/\/radiolifefm.com.br\/noticias\/#organization\",\"name\":\"R\u00e1dio Life FM\",\"alternateName\":\"Life FM\",\"url\":\"https:\/\/radiolifefm.com.br\/noticias\/\",\"logo\":{\"@type\":\"ImageObject\",\"inLanguage\":\"pt-BR\",\"@id\":\"https:\/\/radiolifefm.com.br\/noticias\/#\/schema\/logo\/image\/\",\"url\":\"https:\/\/static.radiolifefm.com.br\/noticias\/wp-content\/uploads\/2019\/10\/logo-lifefm.png\",\"contentUrl\":\"https:\/\/static.radiolifefm.com.br\/noticias\/wp-content\/uploads\/2019\/10\/logo-lifefm.png\",\"width\":196,\"height\":47,\"caption\":\"R\u00e1dio Life FM\"},\"image\":{\"@id\":\"https:\/\/radiolifefm.com.br\/noticias\/#\/schema\/logo\/image\/\"},\"sameAs\":[\"https:\/\/www.facebook.com\/radiolifefm\/\",\"https:\/\/www.instagram.com\/life1079fm\/\"]},{\"@type\":\"Person\",\"@id\":\"https:\/\/radiolifefm.com.br\/noticias\/#\/schema\/person\/6339b9fac59d12b071dec680d7375d87\",\"name\":\"ritanery\",\"image\":{\"@type\":\"ImageObject\",\"inLanguage\":\"pt-BR\",\"@id\":\"https:\/\/secure.gravatar.com\/avatar\/0e37bb19071f47c0b8a23f62a903df117c5a0e75f65a0c2901562f97cd41cf86?s=96&d=mm&r=g\",\"url\":\"https:\/\/secure.gravatar.com\/avatar\/0e37bb19071f47c0b8a23f62a903df117c5a0e75f65a0c2901562f97cd41cf86?s=96&d=mm&r=g\",\"contentUrl\":\"https:\/\/secure.gravatar.com\/avatar\/0e37bb19071f47c0b8a23f62a903df117c5a0e75f65a0c2901562f97cd41cf86?s=96&d=mm&r=g\",\"caption\":\"ritanery\"}}]}<\/script>\n<!-- \/ Yoast SEO plugin. -->","yoast_head_json":{"title":"Na C\u00e2mara, H\u00e9lio Santos anuncia filia\u00e7\u00e3o ao PP e que vai disputar elei\u00e7\u00e3o a deputado estadual - R\u00e1dio Life FM","robots":{"index":"index","follow":"follow","max-snippet":"max-snippet:-1","max-image-preview":"max-image-preview:large","max-video-preview":"max-video-preview:-1"},"canonical":"https:\/\/radiolifefm.com.br\/noticias\/na-camara-helio-santos-anuncia-filiacao-ao-pp-e-que-vai-disputar-eleicao-a-deputado-estadual\/","og_locale":"pt_BR","og_type":"article","og_title":"Na C\u00e2mara, H\u00e9lio Santos anuncia filia\u00e7\u00e3o ao PP e que vai disputar elei\u00e7\u00e3o a deputado estadual - R\u00e1dio Life FM","og_description":"Na sess\u00e3o da C\u00e2mara Municipal de Adamantina desta segunda-feira (4), o vereador H\u00e9lio Jos\u00e9 dos Santos, no uso da tribuna para explica\u00e7\u00f5es pessoais, anunciou que vai disputar elei\u00e7\u00e3o a deputado estadual neste ano, em busca de uma cadeira na Assembleia Legislativa do Estado de S\u00e3o Paulo. Para a constru\u00e7\u00e3o da pr\u00e9-candidatura, parlamentar deixou o Partido [&hellip;]","og_url":"https:\/\/radiolifefm.com.br\/noticias\/na-camara-helio-santos-anuncia-filiacao-ao-pp-e-que-vai-disputar-eleicao-a-deputado-estadual\/","og_site_name":"R\u00e1dio Life FM","article_publisher":"https:\/\/www.facebook.com\/radiolifefm\/","article_published_time":"2022-04-05T10:57:36+00:00","article_modified_time":"2026-03-30T21:24:37+00:00","og_image":[{"width":600,"height":337,"url":"https:\/\/radiolifefm.com.br\/noticias\/wp-content\/uploads\/2022\/04\/img0995png1649120272624b941088998.jpg","type":"image\/jpeg"}],"author":"ritanery","twitter_card":"summary_large_image","twitter_misc":{"Escrito por":"ritanery","Est. tempo de leitura":"2 minutos"},"schema":{"@context":"https:\/\/schema.org","@graph":[{"@type":"Article","@id":"https:\/\/radiolifefm.com.br\/noticias\/na-camara-helio-santos-anuncia-filiacao-ao-pp-e-que-vai-disputar-eleicao-a-deputado-estadual\/#article","isPartOf":{"@id":"https:\/\/radiolifefm.com.br\/noticias\/na-camara-helio-santos-anuncia-filiacao-ao-pp-e-que-vai-disputar-eleicao-a-deputado-estadual\/"},"author":{"name":"ritanery","@id":"https:\/\/radiolifefm.com.br\/noticias\/#\/schema\/person\/6339b9fac59d12b071dec680d7375d87"},"headline":"Na C\u00e2mara, H\u00e9lio Santos anuncia filia\u00e7\u00e3o ao PP e que vai disputar elei\u00e7\u00e3o a deputado estadual","datePublished":"2022-04-05T10:57:36+00:00","dateModified":"2026-03-30T21:24:37+00:00","mainEntityOfPage":{"@id":"https:\/\/radiolifefm.com.br\/noticias\/na-camara-helio-santos-anuncia-filiacao-ao-pp-e-que-vai-disputar-eleicao-a-deputado-estadual\/"},"wordCount":483,"publisher":{"@id":"https:\/\/radiolifefm.com.br\/noticias\/#organization"},"image":{"@id":"https:\/\/radiolifefm.com.br\/noticias\/na-camara-helio-santos-anuncia-filiacao-ao-pp-e-que-vai-disputar-eleicao-a-deputado-estadual\/#primaryimage"},"thumbnailUrl":"https:\/\/radiolifefm.com.br\/noticias\/wp-content\/uploads\/2022\/04\/img0995png1649120272624b941088998.jpg","articleSection":["Adamantina"],"inLanguage":"pt-BR"},{"@type":"WebPage","@id":"https:\/\/radiolifefm.com.br\/noticias\/na-camara-helio-santos-anuncia-filiacao-ao-pp-e-que-vai-disputar-eleicao-a-deputado-estadual\/","url":"https:\/\/radiolifefm.com.br\/noticias\/na-camara-helio-santos-anuncia-filiacao-ao-pp-e-que-vai-disputar-eleicao-a-deputado-estadual\/","name":"Na C\u00e2mara, H\u00e9lio Santos anuncia filia\u00e7\u00e3o ao PP e que vai disputar elei\u00e7\u00e3o a deputado estadual - R\u00e1dio Life FM","isPartOf":{"@id":"https:\/\/radiolifefm.com.br\/noticias\/#website"},"primaryImageOfPage":{"@id":"https:\/\/radiolifefm.com.br\/noticias\/na-camara-helio-santos-anuncia-filiacao-ao-pp-e-que-vai-disputar-eleicao-a-deputado-estadual\/#primaryimage"},"image":{"@id":"https:\/\/radiolifefm.com.br\/noticias\/na-camara-helio-santos-anuncia-filiacao-ao-pp-e-que-vai-disputar-eleicao-a-deputado-estadual\/#primaryimage"},"thumbnailUrl":"https:\/\/radiolifefm.com.br\/noticias\/wp-content\/uploads\/2022\/04\/img0995png1649120272624b941088998.jpg","datePublished":"2022-04-05T10:57:36+00:00","dateModified":"2026-03-30T21:24:37+00:00","breadcrumb":{"@id":"https:\/\/radiolifefm.com.br\/noticias\/na-camara-helio-santos-anuncia-filiacao-ao-pp-e-que-vai-disputar-eleicao-a-deputado-estadual\/#breadcrumb"},"inLanguage":"pt-BR","potentialAction":[{"@type":"ReadAction","target":["https:\/\/radiolifefm.com.br\/noticias\/na-camara-helio-santos-anuncia-filiacao-ao-pp-e-que-vai-disputar-eleicao-a-deputado-estadual\/"]}]},{"@type":"ImageObject","inLanguage":"pt-BR","@id":"https:\/\/radiolifefm.com.br\/noticias\/na-camara-helio-santos-anuncia-filiacao-ao-pp-e-que-vai-disputar-eleicao-a-deputado-estadual\/#primaryimage","url":"https:\/\/radiolifefm.com.br\/noticias\/wp-content\/uploads\/2022\/04\/img0995png1649120272624b941088998.jpg","contentUrl":"https:\/\/radiolifefm.com.br\/noticias\/wp-content\/uploads\/2022\/04\/img0995png1649120272624b941088998.jpg","width":600,"height":337},{"@type":"BreadcrumbList","@id":"https:\/\/radiolifefm.com.br\/noticias\/na-camara-helio-santos-anuncia-filiacao-ao-pp-e-que-vai-disputar-eleicao-a-deputado-estadual\/#breadcrumb","itemListElement":[{"@type":"ListItem","position":1,"name":"In\u00edcio","item":"https:\/\/radiolifefm.com.br\/noticias\/"},{"@type":"ListItem","position":2,"name":"Na C\u00e2mara, H\u00e9lio Santos anuncia filia\u00e7\u00e3o ao PP e que vai disputar elei\u00e7\u00e3o a deputado estadual"}]},{"@type":"WebSite","@id":"https:\/\/radiolifefm.com.br\/noticias\/#website","url":"https:\/\/radiolifefm.com.br\/noticias\/","name":"R\u00e1dio Life FM","description":"O Portal de Not\u00edcias de Adamantina","publisher":{"@id":"https:\/\/radiolifefm.com.br\/noticias\/#organization"},"alternateName":"Life FM","potentialAction":[{"@type":"SearchAction","target":{"@type":"EntryPoint","urlTemplate":"https:\/\/radiolifefm.com.br\/noticias\/?s={search_term_string}"},"query-input":{"@type":"PropertyValueSpecification","valueRequired":true,"valueName":"search_term_string"}}],"inLanguage":"pt-BR"},{"@type":"Organization","@id":"https:\/\/radiolifefm.com.br\/noticias\/#organization","name":"R\u00e1dio Life FM","alternateName":"Life FM","url":"https:\/\/radiolifefm.com.br\/noticias\/","logo":{"@type":"ImageObject","inLanguage":"pt-BR","@id":"https:\/\/radiolifefm.com.br\/noticias\/#\/schema\/logo\/image\/","url":"https:\/\/static.radiolifefm.com.br\/noticias\/wp-content\/uploads\/2019\/10\/logo-lifefm.png","contentUrl":"https:\/\/static.radiolifefm.com.br\/noticias\/wp-content\/uploads\/2019\/10\/logo-lifefm.png","width":196,"height":47,"caption":"R\u00e1dio Life FM"},"image":{"@id":"https:\/\/radiolifefm.com.br\/noticias\/#\/schema\/logo\/image\/"},"sameAs":["https:\/\/www.facebook.com\/radiolifefm\/","https:\/\/www.instagram.com\/life1079fm\/"]},{"@type":"Person","@id":"https:\/\/radiolifefm.com.br\/noticias\/#\/schema\/person\/6339b9fac59d12b071dec680d7375d87","name":"ritanery","image":{"@type":"ImageObject","inLanguage":"pt-BR","@id":"https:\/\/secure.gravatar.com\/avatar\/0e37bb19071f47c0b8a23f62a903df117c5a0e75f65a0c2901562f97cd41cf86?s=96&d=mm&r=g","url":"https:\/\/secure.gravatar.com\/avatar\/0e37bb19071f47c0b8a23f62a903df117c5a0e75f65a0c2901562f97cd41cf86?s=96&d=mm&r=g","contentUrl":"https:\/\/secure.gravatar.com\/avatar\/0e37bb19071f47c0b8a23f62a903df117c5a0e75f65a0c2901562f97cd41cf86?s=96&d=mm&r=g","caption":"ritanery"}}]}},"amp_enabled":true,"_links":{"self":[{"href":"https:\/\/radiolifefm.com.br\/noticias\/wp-json\/wp\/v2\/posts\/51754","targetHints":{"allow":["GET"]}}],"collection":[{"href":"https:\/\/radiolifefm.com.br\/noticias\/wp-json\/wp\/v2\/posts"}],"about":[{"href":"https:\/\/radiolifefm.com.br\/noticias\/wp-json\/wp\/v2\/types\/post"}],"author":[{"embeddable":true,"href":"https:\/\/radiolifefm.com.br\/noticias\/wp-json\/wp\/v2\/users\/13"}],"replies":[{"embeddable":true,"href":"https:\/\/radiolifefm.com.br\/noticias\/wp-json\/wp\/v2\/comments?post=51754"}],"version-history":[{"count":4,"href":"https:\/\/radiolifefm.com.br\/noticias\/wp-json\/wp\/v2\/posts\/51754\/revisions"}],"predecessor-version":[{"id":51759,"href":"https:\/\/radiolifefm.com.br\/noticias\/wp-json\/wp\/v2\/posts\/51754\/revisions\/51759"}],"wp:featuredmedia":[{"embeddable":true,"href":"https:\/\/radiolifefm.com.br\/noticias\/wp-json\/wp\/v2\/media\/51755"}],"wp:attachment":[{"href":"https:\/\/radiolifefm.com.br\/noticias\/wp-json\/wp\/v2\/media?parent=51754"}],"wp:term":[{"taxonomy":"category","embeddable":true,"href":"https:\/\/radiolifefm.com.br\/noticias\/wp-json\/wp\/v2\/categories?post=51754"},{"taxonomy":"post_tag","embeddable":true,"href":"https:\/\/radiolifefm.com.br\/noticias\/wp-json\/wp\/v2\/tags?post=51754"}],"curies":[{"name":"wp","href":"https:\/\/api.w.org\/{rel}","templated":true}]}}