{"id":51707,"date":"2022-04-04T08:03:33","date_gmt":"2022-04-04T11:03:33","guid":{"rendered":"https:\/\/radiolifefm.com.br\/noticias\/?p=51707"},"modified":"2026-04-09T05:45:35","modified_gmt":"2026-04-09T08:45:35","slug":"provincia-e-madalenas-arrependidas","status":"publish","type":"post","link":"https:\/\/radiolifefm.com.br\/noticias\/provincia-e-madalenas-arrependidas\/","title":{"rendered":"Prov\u00edncia e \u201cMadalenas\u201d arrependidas&#8230;"},"content":{"rendered":"<div id=\"fb-root\"><\/div>\n<p><em>\u201cBreve \u00e9 a loucura, longo o arrependimento.\u201d (<\/em><a href=\"https:\/\/www.pensador.com\/autor\/friedrich_schiller\/\"><em>Friedrich Schiller<\/em><\/a><em>)<\/em><\/p>\n<p><strong><em>\u00a0<\/em><\/strong><\/p>\n<p><strong>S\u00e9rgio Barbosa (*)<\/strong><\/p>\n<p>Isso mesmo, do jeito que as coisas est\u00e3o caminhando nesta PROV\u00cdNCIA DO FAZ DE CONTA, tudo pode acontecer de um jeito ou de outro, ainda, para todos os lados de um mesmo lado&#8230;<\/p>\n<p>As denominadas MADALENAS ARREPENDIDAS, ou seja, pode ser deste e do outro lado quanto ao g\u00eanero, portanto, como diz o dito popular, DE M\u00c9DICO\/A E DE LOUCO\/A, TODO MUNDO TEM UM POUCO&#8230;<\/p>\n<p>Assim, afirmou o poeta do outro tempo do tempo, CAMINHA A HUMANIDADE nas idas e vindas deste DESGOVERNO BOZZONARO com seus COISOS com COISAS&#8230;<\/p>\n<p>Deste lado, tem o BO.DO.QUIO PROVINCIANO pra fazer a diferen\u00e7a com seus desencontros mediados por isto e mais aquilo, haja vista as eternas TROCAS NADA SIMB\u00d3LICAS patrocinadas pelo PODER pelo PODER em busca do PODER&#8230;<\/p>\n<p>Tamb\u00e9m, o DITO CUJO que continua sendo o eterno VIGILANTE PROVINCIANO, a saber, aquele que PENSA que sabe tudo e no fundo n\u00e3o sabe nada de nada&#8230;<\/p>\n<p>Ah! As tais MADALENAS ARREPENDIDAS continuam circulando pelos quatro cantos desta PROV\u00cdNCIA DO FAZ DE CONTA, como sempre, seguindo aquele BERRANTE que conduz as MENTES MED\u00cdOCRES para o ABISMO SECULAR&#8230;<\/p>\n<p>N\u00e3o se pode esquecer da ALICE que sempre se achou a BELA que estava acima de tudo e de todos, tal qual a BARBIE e tantas outras que apareceram e sumiram sem deixar rastro pelo caminho&#8230;<\/p>\n<p>Isso sem deixar de lado as muitas DESPEDIDAS por causa dos acertos que eram REMENDOS e ponto quase final, todavia, nada pode ser para todo o sempre neste PA\u00cdS DO FAZ DE CONTA&#8230;<\/p>\n<p>Hoje, 31 de mar\u00e7o, DIA DO GOLPE DE 1.964, por\u00e9m, o artigo est\u00e1 sendo postado no dia 1 DE ABRIL, pra variar, pode-se aproximar com toda a certeza este GOLPE das eternas MENTIRAS propagadas pelo DESGOVERNO BOZZONARO&#8230;<\/p>\n<p>Tais considera\u00e7\u00f5es s\u00e3o necess\u00e1rias, tendo em vista que a M\u00cdDIA PROVINCIANA continua a mesma de sempre, assim, pelo menos um ou outro ARTICULISTA pode fazer a diferen\u00e7a por meio da proposta OPINATIVA, neste caso, sempre que poss\u00edvel, utilizando das PALAVRAS e da TERCEIRA PESSOA para muitos OLHARES sobre SI MESMO\/A&#8230;<\/p>\n<p>Mas, VOC\u00ca pode fazer a diferen\u00e7a por meio da REFLEX\u00c3O CR\u00cdTICA sobre este CEN\u00c1RIO em que se encontra, por\u00e9m, TODO CUIDADO \u00c9 POUCO com as PALAVRAS e ADJETIVOS sobre os fatos que ocorreram e continuam acontecendo nesta PROV\u00cdNCIA DO FAZ DE CONTA&#8230;<\/p>\n<p>QUEM SOBREVIVER VAI SABER&#8230;<\/p>\n<p><strong><em>__________________________<\/em><\/strong><\/p>\n<p><strong><em>(*) jornalista DIPLOMADO e professor universit\u00e1rio.<\/em><\/strong><\/p>\n<p><strong><em>e-mail: <\/em><\/strong><a href=\"mailto:barbosa.sebar@gmail.com\"><strong><em>barbosa.sebar@gmail.com<\/em><\/strong><\/a><\/p>\n<p>&nbsp;<\/p>\n<p>&nbsp;<\/p>\n","protected":false},"excerpt":{"rendered":"<p>\u201cBreve \u00e9 a loucura, longo o arrependimento.\u201d (Friedrich Schiller) \u00a0 S\u00e9rgio Barbosa (*) Isso mesmo, do jeito que as coisas est\u00e3o caminhando nesta PROV\u00cdNCIA DO FAZ DE CONTA, tudo pode acontecer de um jeito ou de outro, ainda, para todos os lados de um mesmo lado&#8230; As denominadas MADALENAS ARREPENDIDAS, ou seja, pode ser deste [&hellip;]<\/p>\n","protected":false},"author":13,"featured_media":51708,"comment_status":"closed","ping_status":"open","sticky":false,"template":"","format":"standard","meta":{"_acf_changed":false,"_exactmetrics_skip_tracking":false,"_exactmetrics_sitenote_active":false,"_exactmetrics_sitenote_note":"","_exactmetrics_sitenote_category":0,"footnotes":""},"categories":[59],"tags":[],"class_list":["post-51707","post","type-post","status-publish","format-standard","has-post-thumbnail","hentry","category-opiniao"],"acf":[],"yoast_head":"<!-- This site is optimized with the Yoast SEO plugin v27.2 - https:\/\/yoast.com\/product\/yoast-seo-wordpress\/ -->\n<title>Prov\u00edncia e \u201cMadalenas\u201d arrependidas... - R\u00e1dio Life FM<\/title>\n<meta name=\"robots\" content=\"index, follow, max-snippet:-1, max-image-preview:large, max-video-preview:-1\" \/>\n<link rel=\"canonical\" href=\"https:\/\/radiolifefm.com.br\/noticias\/provincia-e-madalenas-arrependidas\/\" \/>\n<meta property=\"og:locale\" content=\"pt_BR\" \/>\n<meta property=\"og:type\" content=\"article\" \/>\n<meta property=\"og:title\" content=\"Prov\u00edncia e \u201cMadalenas\u201d arrependidas... - R\u00e1dio Life FM\" \/>\n<meta property=\"og:description\" content=\"\u201cBreve \u00e9 a loucura, longo o arrependimento.\u201d (Friedrich Schiller) \u00a0 S\u00e9rgio Barbosa (*) Isso mesmo, do jeito que as coisas est\u00e3o caminhando nesta PROV\u00cdNCIA DO FAZ DE CONTA, tudo pode acontecer de um jeito ou de outro, ainda, para todos os lados de um mesmo lado&#8230; As denominadas MADALENAS ARREPENDIDAS, ou seja, pode ser deste [&hellip;]\" \/>\n<meta property=\"og:url\" content=\"https:\/\/radiolifefm.com.br\/noticias\/provincia-e-madalenas-arrependidas\/\" \/>\n<meta property=\"og:site_name\" content=\"R\u00e1dio Life FM\" \/>\n<meta property=\"article:publisher\" content=\"https:\/\/www.facebook.com\/radiolifefm\/\" \/>\n<meta property=\"article:published_time\" content=\"2022-04-04T11:03:33+00:00\" \/>\n<meta property=\"article:modified_time\" content=\"2026-04-09T08:45:35+00:00\" \/>\n<meta property=\"og:image\" content=\"https:\/\/radiolifefm.com.br\/noticias\/wp-content\/uploads\/2022\/04\/WhatsApp-Image-2022-04-03-at-23.08.11.jpeg\" \/>\n\t<meta property=\"og:image:width\" content=\"1600\" \/>\n\t<meta property=\"og:image:height\" content=\"1200\" \/>\n\t<meta property=\"og:image:type\" content=\"image\/jpeg\" \/>\n<meta name=\"author\" content=\"ritanery\" \/>\n<meta name=\"twitter:card\" content=\"summary_large_image\" \/>\n<meta name=\"twitter:label1\" content=\"Escrito por\" \/>\n\t<meta name=\"twitter:data1\" content=\"ritanery\" \/>\n\t<meta name=\"twitter:label2\" content=\"Est. tempo de leitura\" \/>\n\t<meta name=\"twitter:data2\" content=\"2 minutos\" \/>\n<script type=\"application\/ld+json\" class=\"yoast-schema-graph\">{\"@context\":\"https:\/\/schema.org\",\"@graph\":[{\"@type\":\"Article\",\"@id\":\"https:\/\/radiolifefm.com.br\/noticias\/provincia-e-madalenas-arrependidas\/#article\",\"isPartOf\":{\"@id\":\"https:\/\/radiolifefm.com.br\/noticias\/provincia-e-madalenas-arrependidas\/\"},\"author\":{\"name\":\"ritanery\",\"@id\":\"https:\/\/radiolifefm.com.br\/noticias\/#\/schema\/person\/6339b9fac59d12b071dec680d7375d87\"},\"headline\":\"Prov\u00edncia e \u201cMadalenas\u201d arrependidas&#8230;\",\"datePublished\":\"2022-04-04T11:03:33+00:00\",\"dateModified\":\"2026-04-09T08:45:35+00:00\",\"mainEntityOfPage\":{\"@id\":\"https:\/\/radiolifefm.com.br\/noticias\/provincia-e-madalenas-arrependidas\/\"},\"wordCount\":439,\"publisher\":{\"@id\":\"https:\/\/radiolifefm.com.br\/noticias\/#organization\"},\"image\":{\"@id\":\"https:\/\/radiolifefm.com.br\/noticias\/provincia-e-madalenas-arrependidas\/#primaryimage\"},\"thumbnailUrl\":\"https:\/\/radiolifefm.com.br\/noticias\/wp-content\/uploads\/2022\/04\/WhatsApp-Image-2022-04-03-at-23.08.11.jpeg\",\"articleSection\":[\"Opini\u00e3o\"],\"inLanguage\":\"pt-BR\"},{\"@type\":\"WebPage\",\"@id\":\"https:\/\/radiolifefm.com.br\/noticias\/provincia-e-madalenas-arrependidas\/\",\"url\":\"https:\/\/radiolifefm.com.br\/noticias\/provincia-e-madalenas-arrependidas\/\",\"name\":\"Prov\u00edncia e \u201cMadalenas\u201d arrependidas... - R\u00e1dio Life FM\",\"isPartOf\":{\"@id\":\"https:\/\/radiolifefm.com.br\/noticias\/#website\"},\"primaryImageOfPage\":{\"@id\":\"https:\/\/radiolifefm.com.br\/noticias\/provincia-e-madalenas-arrependidas\/#primaryimage\"},\"image\":{\"@id\":\"https:\/\/radiolifefm.com.br\/noticias\/provincia-e-madalenas-arrependidas\/#primaryimage\"},\"thumbnailUrl\":\"https:\/\/radiolifefm.com.br\/noticias\/wp-content\/uploads\/2022\/04\/WhatsApp-Image-2022-04-03-at-23.08.11.jpeg\",\"datePublished\":\"2022-04-04T11:03:33+00:00\",\"dateModified\":\"2026-04-09T08:45:35+00:00\",\"breadcrumb\":{\"@id\":\"https:\/\/radiolifefm.com.br\/noticias\/provincia-e-madalenas-arrependidas\/#breadcrumb\"},\"inLanguage\":\"pt-BR\",\"potentialAction\":[{\"@type\":\"ReadAction\",\"target\":[\"https:\/\/radiolifefm.com.br\/noticias\/provincia-e-madalenas-arrependidas\/\"]}]},{\"@type\":\"ImageObject\",\"inLanguage\":\"pt-BR\",\"@id\":\"https:\/\/radiolifefm.com.br\/noticias\/provincia-e-madalenas-arrependidas\/#primaryimage\",\"url\":\"https:\/\/radiolifefm.com.br\/noticias\/wp-content\/uploads\/2022\/04\/WhatsApp-Image-2022-04-03-at-23.08.11.jpeg\",\"contentUrl\":\"https:\/\/radiolifefm.com.br\/noticias\/wp-content\/uploads\/2022\/04\/WhatsApp-Image-2022-04-03-at-23.08.11.jpeg\",\"width\":1600,\"height\":1200},{\"@type\":\"BreadcrumbList\",\"@id\":\"https:\/\/radiolifefm.com.br\/noticias\/provincia-e-madalenas-arrependidas\/#breadcrumb\",\"itemListElement\":[{\"@type\":\"ListItem\",\"position\":1,\"name\":\"In\u00edcio\",\"item\":\"https:\/\/radiolifefm.com.br\/noticias\/\"},{\"@type\":\"ListItem\",\"position\":2,\"name\":\"Prov\u00edncia e \u201cMadalenas\u201d arrependidas&#8230;\"}]},{\"@type\":\"WebSite\",\"@id\":\"https:\/\/radiolifefm.com.br\/noticias\/#website\",\"url\":\"https:\/\/radiolifefm.com.br\/noticias\/\",\"name\":\"R\u00e1dio Life FM\",\"description\":\"O Portal de Not\u00edcias de Adamantina\",\"publisher\":{\"@id\":\"https:\/\/radiolifefm.com.br\/noticias\/#organization\"},\"alternateName\":\"Life FM\",\"potentialAction\":[{\"@type\":\"SearchAction\",\"target\":{\"@type\":\"EntryPoint\",\"urlTemplate\":\"https:\/\/radiolifefm.com.br\/noticias\/?s={search_term_string}\"},\"query-input\":{\"@type\":\"PropertyValueSpecification\",\"valueRequired\":true,\"valueName\":\"search_term_string\"}}],\"inLanguage\":\"pt-BR\"},{\"@type\":\"Organization\",\"@id\":\"https:\/\/radiolifefm.com.br\/noticias\/#organization\",\"name\":\"R\u00e1dio Life FM\",\"alternateName\":\"Life FM\",\"url\":\"https:\/\/radiolifefm.com.br\/noticias\/\",\"logo\":{\"@type\":\"ImageObject\",\"inLanguage\":\"pt-BR\",\"@id\":\"https:\/\/radiolifefm.com.br\/noticias\/#\/schema\/logo\/image\/\",\"url\":\"https:\/\/static.radiolifefm.com.br\/noticias\/wp-content\/uploads\/2019\/10\/logo-lifefm.png\",\"contentUrl\":\"https:\/\/static.radiolifefm.com.br\/noticias\/wp-content\/uploads\/2019\/10\/logo-lifefm.png\",\"width\":196,\"height\":47,\"caption\":\"R\u00e1dio Life FM\"},\"image\":{\"@id\":\"https:\/\/radiolifefm.com.br\/noticias\/#\/schema\/logo\/image\/\"},\"sameAs\":[\"https:\/\/www.facebook.com\/radiolifefm\/\",\"https:\/\/www.instagram.com\/life1079fm\/\"]},{\"@type\":\"Person\",\"@id\":\"https:\/\/radiolifefm.com.br\/noticias\/#\/schema\/person\/6339b9fac59d12b071dec680d7375d87\",\"name\":\"ritanery\",\"image\":{\"@type\":\"ImageObject\",\"inLanguage\":\"pt-BR\",\"@id\":\"https:\/\/secure.gravatar.com\/avatar\/0e37bb19071f47c0b8a23f62a903df117c5a0e75f65a0c2901562f97cd41cf86?s=96&d=mm&r=g\",\"url\":\"https:\/\/secure.gravatar.com\/avatar\/0e37bb19071f47c0b8a23f62a903df117c5a0e75f65a0c2901562f97cd41cf86?s=96&d=mm&r=g\",\"contentUrl\":\"https:\/\/secure.gravatar.com\/avatar\/0e37bb19071f47c0b8a23f62a903df117c5a0e75f65a0c2901562f97cd41cf86?s=96&d=mm&r=g\",\"caption\":\"ritanery\"}}]}<\/script>\n<!-- \/ Yoast SEO plugin. -->","yoast_head_json":{"title":"Prov\u00edncia e \u201cMadalenas\u201d arrependidas... - R\u00e1dio Life FM","robots":{"index":"index","follow":"follow","max-snippet":"max-snippet:-1","max-image-preview":"max-image-preview:large","max-video-preview":"max-video-preview:-1"},"canonical":"https:\/\/radiolifefm.com.br\/noticias\/provincia-e-madalenas-arrependidas\/","og_locale":"pt_BR","og_type":"article","og_title":"Prov\u00edncia e \u201cMadalenas\u201d arrependidas... - R\u00e1dio Life FM","og_description":"\u201cBreve \u00e9 a loucura, longo o arrependimento.\u201d (Friedrich Schiller) \u00a0 S\u00e9rgio Barbosa (*) Isso mesmo, do jeito que as coisas est\u00e3o caminhando nesta PROV\u00cdNCIA DO FAZ DE CONTA, tudo pode acontecer de um jeito ou de outro, ainda, para todos os lados de um mesmo lado&#8230; As denominadas MADALENAS ARREPENDIDAS, ou seja, pode ser deste [&hellip;]","og_url":"https:\/\/radiolifefm.com.br\/noticias\/provincia-e-madalenas-arrependidas\/","og_site_name":"R\u00e1dio Life FM","article_publisher":"https:\/\/www.facebook.com\/radiolifefm\/","article_published_time":"2022-04-04T11:03:33+00:00","article_modified_time":"2026-04-09T08:45:35+00:00","og_image":[{"width":1600,"height":1200,"url":"https:\/\/radiolifefm.com.br\/noticias\/wp-content\/uploads\/2022\/04\/WhatsApp-Image-2022-04-03-at-23.08.11.jpeg","type":"image\/jpeg"}],"author":"ritanery","twitter_card":"summary_large_image","twitter_misc":{"Escrito por":"ritanery","Est. tempo de leitura":"2 minutos"},"schema":{"@context":"https:\/\/schema.org","@graph":[{"@type":"Article","@id":"https:\/\/radiolifefm.com.br\/noticias\/provincia-e-madalenas-arrependidas\/#article","isPartOf":{"@id":"https:\/\/radiolifefm.com.br\/noticias\/provincia-e-madalenas-arrependidas\/"},"author":{"name":"ritanery","@id":"https:\/\/radiolifefm.com.br\/noticias\/#\/schema\/person\/6339b9fac59d12b071dec680d7375d87"},"headline":"Prov\u00edncia e \u201cMadalenas\u201d arrependidas&#8230;","datePublished":"2022-04-04T11:03:33+00:00","dateModified":"2026-04-09T08:45:35+00:00","mainEntityOfPage":{"@id":"https:\/\/radiolifefm.com.br\/noticias\/provincia-e-madalenas-arrependidas\/"},"wordCount":439,"publisher":{"@id":"https:\/\/radiolifefm.com.br\/noticias\/#organization"},"image":{"@id":"https:\/\/radiolifefm.com.br\/noticias\/provincia-e-madalenas-arrependidas\/#primaryimage"},"thumbnailUrl":"https:\/\/radiolifefm.com.br\/noticias\/wp-content\/uploads\/2022\/04\/WhatsApp-Image-2022-04-03-at-23.08.11.jpeg","articleSection":["Opini\u00e3o"],"inLanguage":"pt-BR"},{"@type":"WebPage","@id":"https:\/\/radiolifefm.com.br\/noticias\/provincia-e-madalenas-arrependidas\/","url":"https:\/\/radiolifefm.com.br\/noticias\/provincia-e-madalenas-arrependidas\/","name":"Prov\u00edncia e \u201cMadalenas\u201d arrependidas... - R\u00e1dio Life FM","isPartOf":{"@id":"https:\/\/radiolifefm.com.br\/noticias\/#website"},"primaryImageOfPage":{"@id":"https:\/\/radiolifefm.com.br\/noticias\/provincia-e-madalenas-arrependidas\/#primaryimage"},"image":{"@id":"https:\/\/radiolifefm.com.br\/noticias\/provincia-e-madalenas-arrependidas\/#primaryimage"},"thumbnailUrl":"https:\/\/radiolifefm.com.br\/noticias\/wp-content\/uploads\/2022\/04\/WhatsApp-Image-2022-04-03-at-23.08.11.jpeg","datePublished":"2022-04-04T11:03:33+00:00","dateModified":"2026-04-09T08:45:35+00:00","breadcrumb":{"@id":"https:\/\/radiolifefm.com.br\/noticias\/provincia-e-madalenas-arrependidas\/#breadcrumb"},"inLanguage":"pt-BR","potentialAction":[{"@type":"ReadAction","target":["https:\/\/radiolifefm.com.br\/noticias\/provincia-e-madalenas-arrependidas\/"]}]},{"@type":"ImageObject","inLanguage":"pt-BR","@id":"https:\/\/radiolifefm.com.br\/noticias\/provincia-e-madalenas-arrependidas\/#primaryimage","url":"https:\/\/radiolifefm.com.br\/noticias\/wp-content\/uploads\/2022\/04\/WhatsApp-Image-2022-04-03-at-23.08.11.jpeg","contentUrl":"https:\/\/radiolifefm.com.br\/noticias\/wp-content\/uploads\/2022\/04\/WhatsApp-Image-2022-04-03-at-23.08.11.jpeg","width":1600,"height":1200},{"@type":"BreadcrumbList","@id":"https:\/\/radiolifefm.com.br\/noticias\/provincia-e-madalenas-arrependidas\/#breadcrumb","itemListElement":[{"@type":"ListItem","position":1,"name":"In\u00edcio","item":"https:\/\/radiolifefm.com.br\/noticias\/"},{"@type":"ListItem","position":2,"name":"Prov\u00edncia e \u201cMadalenas\u201d arrependidas&#8230;"}]},{"@type":"WebSite","@id":"https:\/\/radiolifefm.com.br\/noticias\/#website","url":"https:\/\/radiolifefm.com.br\/noticias\/","name":"R\u00e1dio Life FM","description":"O Portal de Not\u00edcias de Adamantina","publisher":{"@id":"https:\/\/radiolifefm.com.br\/noticias\/#organization"},"alternateName":"Life FM","potentialAction":[{"@type":"SearchAction","target":{"@type":"EntryPoint","urlTemplate":"https:\/\/radiolifefm.com.br\/noticias\/?s={search_term_string}"},"query-input":{"@type":"PropertyValueSpecification","valueRequired":true,"valueName":"search_term_string"}}],"inLanguage":"pt-BR"},{"@type":"Organization","@id":"https:\/\/radiolifefm.com.br\/noticias\/#organization","name":"R\u00e1dio Life FM","alternateName":"Life FM","url":"https:\/\/radiolifefm.com.br\/noticias\/","logo":{"@type":"ImageObject","inLanguage":"pt-BR","@id":"https:\/\/radiolifefm.com.br\/noticias\/#\/schema\/logo\/image\/","url":"https:\/\/static.radiolifefm.com.br\/noticias\/wp-content\/uploads\/2019\/10\/logo-lifefm.png","contentUrl":"https:\/\/static.radiolifefm.com.br\/noticias\/wp-content\/uploads\/2019\/10\/logo-lifefm.png","width":196,"height":47,"caption":"R\u00e1dio Life FM"},"image":{"@id":"https:\/\/radiolifefm.com.br\/noticias\/#\/schema\/logo\/image\/"},"sameAs":["https:\/\/www.facebook.com\/radiolifefm\/","https:\/\/www.instagram.com\/life1079fm\/"]},{"@type":"Person","@id":"https:\/\/radiolifefm.com.br\/noticias\/#\/schema\/person\/6339b9fac59d12b071dec680d7375d87","name":"ritanery","image":{"@type":"ImageObject","inLanguage":"pt-BR","@id":"https:\/\/secure.gravatar.com\/avatar\/0e37bb19071f47c0b8a23f62a903df117c5a0e75f65a0c2901562f97cd41cf86?s=96&d=mm&r=g","url":"https:\/\/secure.gravatar.com\/avatar\/0e37bb19071f47c0b8a23f62a903df117c5a0e75f65a0c2901562f97cd41cf86?s=96&d=mm&r=g","contentUrl":"https:\/\/secure.gravatar.com\/avatar\/0e37bb19071f47c0b8a23f62a903df117c5a0e75f65a0c2901562f97cd41cf86?s=96&d=mm&r=g","caption":"ritanery"}}]}},"amp_enabled":true,"_links":{"self":[{"href":"https:\/\/radiolifefm.com.br\/noticias\/wp-json\/wp\/v2\/posts\/51707","targetHints":{"allow":["GET"]}}],"collection":[{"href":"https:\/\/radiolifefm.com.br\/noticias\/wp-json\/wp\/v2\/posts"}],"about":[{"href":"https:\/\/radiolifefm.com.br\/noticias\/wp-json\/wp\/v2\/types\/post"}],"author":[{"embeddable":true,"href":"https:\/\/radiolifefm.com.br\/noticias\/wp-json\/wp\/v2\/users\/13"}],"replies":[{"embeddable":true,"href":"https:\/\/radiolifefm.com.br\/noticias\/wp-json\/wp\/v2\/comments?post=51707"}],"version-history":[{"count":1,"href":"https:\/\/radiolifefm.com.br\/noticias\/wp-json\/wp\/v2\/posts\/51707\/revisions"}],"predecessor-version":[{"id":51709,"href":"https:\/\/radiolifefm.com.br\/noticias\/wp-json\/wp\/v2\/posts\/51707\/revisions\/51709"}],"wp:featuredmedia":[{"embeddable":true,"href":"https:\/\/radiolifefm.com.br\/noticias\/wp-json\/wp\/v2\/media\/51708"}],"wp:attachment":[{"href":"https:\/\/radiolifefm.com.br\/noticias\/wp-json\/wp\/v2\/media?parent=51707"}],"wp:term":[{"taxonomy":"category","embeddable":true,"href":"https:\/\/radiolifefm.com.br\/noticias\/wp-json\/wp\/v2\/categories?post=51707"},{"taxonomy":"post_tag","embeddable":true,"href":"https:\/\/radiolifefm.com.br\/noticias\/wp-json\/wp\/v2\/tags?post=51707"}],"curies":[{"name":"wp","href":"https:\/\/api.w.org\/{rel}","templated":true}]}}