{"id":51659,"date":"2022-04-01T20:28:51","date_gmt":"2022-04-01T23:28:51","guid":{"rendered":"https:\/\/radiolifefm.com.br\/noticias\/?p=51659"},"modified":"2026-04-22T18:28:04","modified_gmt":"2026-04-22T21:28:04","slug":"e-por-falar-em-musica-vamos-ouvir-aquela","status":"publish","type":"post","link":"https:\/\/radiolifefm.com.br\/noticias\/e-por-falar-em-musica-vamos-ouvir-aquela\/","title":{"rendered":"E POR FALAR EM M\u00daSICA, VAMOS OUVIR AQUELA&#8230;"},"content":{"rendered":"<div id=\"fb-root\"><\/div>\n<p><em>\u00a0\u201cN\u00e3o h\u00e1 fatos, s\u00f3 interpreta\u00e7\u00f5es\u201d (Nietzche)<\/em><\/p>\n<p>&nbsp;<\/p>\n<p><strong><em>S\u00e9rgio Barbosa (*)<\/em><\/strong><\/p>\n<p>&nbsp;<\/p>\n<p>Ah! A m\u00fasica como sempre abala as estruturas de qualquer mortal, assim, sempre \u00e9 bom ir ao encontro daquele som, deste ou daquele tempo, o que vale \u00e9 o desencontro do momento e ponto quase final&#8230;<\/p>\n<p>Estes dias ouvi algu\u00e9m dizer que n\u00e3o gosta mais das m\u00fasicas do \u201cRei\u201d Roberto Carlos, ainda, por causa dos seus desencontros nestes \u00faltimos anos com o seu lado um tanto quanto \u201creligioso\u201d&#8230;<\/p>\n<p>Bom, as mudan\u00e7as acontecem para todos\/as, sempre que isto acontece causa rea\u00e7\u00f5es positivas ou negativas nas pessoas em nossa volta, ainda mais quando se trata deste ou daquele \u00eddolo dos\/as f\u00e3s do presente em meio \u00e0s recorda\u00e7\u00f5es do passado perdido na mem\u00f3ria&#8230;<\/p>\n<p>Andei pesquisando e percebi que RC faz anos que est\u00e1 revendo suas convic\u00e7\u00f5es pessoais e profissionais, desta forma, pode estar em alguma fase de reflex\u00e3o sobre isto e mais aquilo, por\u00e9m, continua sendo aclamado pela m\u00eddia como o eterno \u201cRei\u201d para outros desencontros desde os bons e velhos tempos da Jovem Guarda&#8230;<\/p>\n<p>Hoje, est\u00e1 cada vez mais f\u00e1cil rever posi\u00e7\u00f5es nas \u00e1reas afins aos nossos interesses, tendo em vista que o cen\u00e1rio exige um novo perfil em tempo de p\u00f3s-globaliza\u00e7\u00e3o organizacional, desta forma, mudar \u00e9 necess\u00e1rio, mesmo que seja para ser um camale\u00e3o neste tempo novo tempo de Pandemia&#8230;<\/p>\n<p>Mas, recordar \u00e9 viver diz o dito popular, ma m\u00fasica tudo \u00e9 permitido para ir em busca daquela saudade musical, por isto, a poesia em forma de m\u00fasica se faz presente no cotidiano das pessoas&#8230;<\/p>\n<p>Os anos passam com uma rapidez incr\u00edvel, o que era n\u00e3o vale mais, menos para os f\u00e3s de sempre, ou seja, est\u00e3o sempre buscando estar em sintonia com o seu \u201c\u00eddolo\u201d&#8230;<\/p>\n<p>Talvez, \u201cviajando e sentindo\u201d por meio da m\u00fasica, a presen\u00e7a do do outro tempo do tempo, ainda, \u201csem medo de ser feliz\u201d&#8230;<\/p>\n<p>Tem pessoas que apreciam um pouco de tudo em termos de m\u00fasica, uma alternativa para estar de bem com o outro lado, por\u00e9m, existem aqueles\/as que s\u00e3o radicais com suas escolhas e acabam criando uma redoma de vidro em volta como mecanismo de defesa contra tudo e todos\/as&#8230;<\/p>\n<p>N\u00e3o tem como fugir da m\u00fasica, a mesma marca presen\u00e7a em todos os lugares, demonstrando sua neutralidade frente aos f\u00e3s do presente em meio \u00e0s recorda\u00e7\u00f5es do passado em uma perspectiva de futuro&#8230;<\/p>\n<p>Sempre vai ter querendo relembrar uma ou mais m\u00fasicas da sua caminhada, isto faz parte do seu interior enquanto ser humano, afinal, a poesia musical causa encanto e tristeza ao mesmo tempo, depende sempre do estado de gra\u00e7a ou sem gra\u00e7a do momento&#8230;<\/p>\n<p>\u00c9 isto a\u00ed leitor\/a, \u201ccada louco\/a com sua mania\u201d, discutir m\u00fasica, bem como, futebol, religi\u00e3o e pol\u00edtica, pode n\u00e3o ser uma op\u00e7\u00e3o interessante, entretanto, talvez seja melhor cada um ficar na sua, se poss\u00edvel, com suas lembran\u00e7as dos bons e velhos tempos, aqueles que n\u00e3o voltam nunca mais, isso \u00e9, pelo menos na \u00e1rea musical ou em outras&#8230;<\/p>\n<p><strong><em>____________________________<\/em><\/strong><\/p>\n<p><strong><em>(*) Jornalista diplomado e professor universit\u00e1rio<\/em><\/strong><\/p>\n<p><strong><em>e-mail: barbosa.sebar@gmail.com.<\/em><\/strong><\/p>\n<p>&nbsp;<\/p>\n<div class='flex flex-wrap items-center -mx-1'>\r\n<a class='thumbnail gallery p-1 w-1\/2 md:w-1\/4' href='https:\/\/radiolifefm.com.br\/noticias\/wp-content\/uploads\/2022\/04\/EXPO-VERDE-2012-053-scaled.jpg'><img class='border border-white' src='https:\/\/radiolifefm.com.br\/noticias\/wp-content\/uploads\/2022\/04\/EXPO-VERDE-2012-053-200x200.jpg' alt='EXPO VERDE 2012 053' \/><\/a><a class='thumbnail gallery p-1 w-1\/2 md:w-1\/4' href='https:\/\/radiolifefm.com.br\/noticias\/wp-content\/uploads\/2022\/04\/Nikolas-016.jpg'><img class='border border-white' src='https:\/\/radiolifefm.com.br\/noticias\/wp-content\/uploads\/2022\/04\/Nikolas-016-200x200.jpg' alt='Nikolas 016' \/><\/a><a class='thumbnail gallery p-1 w-1\/2 md:w-1\/4' href='https:\/\/radiolifefm.com.br\/noticias\/wp-content\/uploads\/2022\/04\/DSC00027.jpg'><img class='border border-white' src='https:\/\/radiolifefm.com.br\/noticias\/wp-content\/uploads\/2022\/04\/DSC00027-200x200.jpg' alt='DSC00027' \/><\/a><\/div>\n","protected":false},"excerpt":{"rendered":"<p>\u00a0\u201cN\u00e3o h\u00e1 fatos, s\u00f3 interpreta\u00e7\u00f5es\u201d (Nietzche) &nbsp; S\u00e9rgio Barbosa (*) &nbsp; Ah! A m\u00fasica como sempre abala as estruturas de qualquer mortal, assim, sempre \u00e9 bom ir ao encontro daquele som, deste ou daquele tempo, o que vale \u00e9 o desencontro do momento e ponto quase final&#8230; Estes dias ouvi algu\u00e9m dizer que n\u00e3o gosta [&hellip;]<\/p>\n","protected":false},"author":13,"featured_media":51660,"comment_status":"closed","ping_status":"open","sticky":false,"template":"","format":"standard","meta":{"_acf_changed":false,"_exactmetrics_skip_tracking":false,"_exactmetrics_sitenote_active":false,"_exactmetrics_sitenote_note":"","_exactmetrics_sitenote_category":0,"footnotes":""},"categories":[59],"tags":[],"class_list":["post-51659","post","type-post","status-publish","format-standard","has-post-thumbnail","hentry","category-opiniao"],"acf":[],"yoast_head":"<!-- This site is optimized with the Yoast SEO plugin v27.2 - https:\/\/yoast.com\/product\/yoast-seo-wordpress\/ -->\n<title>E POR FALAR EM M\u00daSICA, VAMOS OUVIR AQUELA... - R\u00e1dio Life FM<\/title>\n<meta name=\"robots\" content=\"index, follow, max-snippet:-1, max-image-preview:large, max-video-preview:-1\" \/>\n<link rel=\"canonical\" href=\"https:\/\/radiolifefm.com.br\/noticias\/e-por-falar-em-musica-vamos-ouvir-aquela\/\" \/>\n<meta property=\"og:locale\" content=\"pt_BR\" \/>\n<meta property=\"og:type\" content=\"article\" \/>\n<meta property=\"og:title\" content=\"E POR FALAR EM M\u00daSICA, VAMOS OUVIR AQUELA... - R\u00e1dio Life FM\" \/>\n<meta property=\"og:description\" content=\"\u00a0\u201cN\u00e3o h\u00e1 fatos, s\u00f3 interpreta\u00e7\u00f5es\u201d (Nietzche) &nbsp; S\u00e9rgio Barbosa (*) &nbsp; Ah! A m\u00fasica como sempre abala as estruturas de qualquer mortal, assim, sempre \u00e9 bom ir ao encontro daquele som, deste ou daquele tempo, o que vale \u00e9 o desencontro do momento e ponto quase final&#8230; Estes dias ouvi algu\u00e9m dizer que n\u00e3o gosta [&hellip;]\" \/>\n<meta property=\"og:url\" content=\"https:\/\/radiolifefm.com.br\/noticias\/e-por-falar-em-musica-vamos-ouvir-aquela\/\" \/>\n<meta property=\"og:site_name\" content=\"R\u00e1dio Life FM\" \/>\n<meta property=\"article:publisher\" content=\"https:\/\/www.facebook.com\/radiolifefm\/\" \/>\n<meta property=\"article:published_time\" content=\"2022-04-01T23:28:51+00:00\" \/>\n<meta property=\"article:modified_time\" content=\"2026-04-22T21:28:04+00:00\" \/>\n<meta property=\"og:image\" content=\"https:\/\/radiolifefm.com.br\/noticias\/wp-content\/uploads\/2022\/04\/DSC09908-scaled.jpg\" \/>\n\t<meta property=\"og:image:width\" content=\"2560\" \/>\n\t<meta property=\"og:image:height\" content=\"1920\" \/>\n\t<meta property=\"og:image:type\" content=\"image\/jpeg\" \/>\n<meta name=\"author\" content=\"ritanery\" \/>\n<meta name=\"twitter:card\" content=\"summary_large_image\" \/>\n<meta name=\"twitter:label1\" content=\"Escrito por\" \/>\n\t<meta name=\"twitter:data1\" content=\"ritanery\" \/>\n\t<meta name=\"twitter:label2\" content=\"Est. tempo de leitura\" \/>\n\t<meta name=\"twitter:data2\" content=\"3 minutos\" \/>\n<script type=\"application\/ld+json\" class=\"yoast-schema-graph\">{\"@context\":\"https:\/\/schema.org\",\"@graph\":[{\"@type\":\"Article\",\"@id\":\"https:\/\/radiolifefm.com.br\/noticias\/e-por-falar-em-musica-vamos-ouvir-aquela\/#article\",\"isPartOf\":{\"@id\":\"https:\/\/radiolifefm.com.br\/noticias\/e-por-falar-em-musica-vamos-ouvir-aquela\/\"},\"author\":{\"name\":\"ritanery\",\"@id\":\"https:\/\/radiolifefm.com.br\/noticias\/#\/schema\/person\/6339b9fac59d12b071dec680d7375d87\"},\"headline\":\"E POR FALAR EM M\u00daSICA, VAMOS OUVIR AQUELA&#8230;\",\"datePublished\":\"2022-04-01T23:28:51+00:00\",\"dateModified\":\"2026-04-22T21:28:04+00:00\",\"mainEntityOfPage\":{\"@id\":\"https:\/\/radiolifefm.com.br\/noticias\/e-por-falar-em-musica-vamos-ouvir-aquela\/\"},\"wordCount\":563,\"publisher\":{\"@id\":\"https:\/\/radiolifefm.com.br\/noticias\/#organization\"},\"image\":{\"@id\":\"https:\/\/radiolifefm.com.br\/noticias\/e-por-falar-em-musica-vamos-ouvir-aquela\/#primaryimage\"},\"thumbnailUrl\":\"https:\/\/radiolifefm.com.br\/noticias\/wp-content\/uploads\/2022\/04\/DSC09908-scaled.jpg\",\"articleSection\":[\"Opini\u00e3o\"],\"inLanguage\":\"pt-BR\"},{\"@type\":\"WebPage\",\"@id\":\"https:\/\/radiolifefm.com.br\/noticias\/e-por-falar-em-musica-vamos-ouvir-aquela\/\",\"url\":\"https:\/\/radiolifefm.com.br\/noticias\/e-por-falar-em-musica-vamos-ouvir-aquela\/\",\"name\":\"E POR FALAR EM M\u00daSICA, VAMOS OUVIR AQUELA... - R\u00e1dio Life FM\",\"isPartOf\":{\"@id\":\"https:\/\/radiolifefm.com.br\/noticias\/#website\"},\"primaryImageOfPage\":{\"@id\":\"https:\/\/radiolifefm.com.br\/noticias\/e-por-falar-em-musica-vamos-ouvir-aquela\/#primaryimage\"},\"image\":{\"@id\":\"https:\/\/radiolifefm.com.br\/noticias\/e-por-falar-em-musica-vamos-ouvir-aquela\/#primaryimage\"},\"thumbnailUrl\":\"https:\/\/radiolifefm.com.br\/noticias\/wp-content\/uploads\/2022\/04\/DSC09908-scaled.jpg\",\"datePublished\":\"2022-04-01T23:28:51+00:00\",\"dateModified\":\"2026-04-22T21:28:04+00:00\",\"breadcrumb\":{\"@id\":\"https:\/\/radiolifefm.com.br\/noticias\/e-por-falar-em-musica-vamos-ouvir-aquela\/#breadcrumb\"},\"inLanguage\":\"pt-BR\",\"potentialAction\":[{\"@type\":\"ReadAction\",\"target\":[\"https:\/\/radiolifefm.com.br\/noticias\/e-por-falar-em-musica-vamos-ouvir-aquela\/\"]}]},{\"@type\":\"ImageObject\",\"inLanguage\":\"pt-BR\",\"@id\":\"https:\/\/radiolifefm.com.br\/noticias\/e-por-falar-em-musica-vamos-ouvir-aquela\/#primaryimage\",\"url\":\"https:\/\/radiolifefm.com.br\/noticias\/wp-content\/uploads\/2022\/04\/DSC09908-scaled.jpg\",\"contentUrl\":\"https:\/\/radiolifefm.com.br\/noticias\/wp-content\/uploads\/2022\/04\/DSC09908-scaled.jpg\",\"width\":2560,\"height\":1920},{\"@type\":\"BreadcrumbList\",\"@id\":\"https:\/\/radiolifefm.com.br\/noticias\/e-por-falar-em-musica-vamos-ouvir-aquela\/#breadcrumb\",\"itemListElement\":[{\"@type\":\"ListItem\",\"position\":1,\"name\":\"In\u00edcio\",\"item\":\"https:\/\/radiolifefm.com.br\/noticias\/\"},{\"@type\":\"ListItem\",\"position\":2,\"name\":\"E POR FALAR EM M\u00daSICA, VAMOS OUVIR AQUELA&#8230;\"}]},{\"@type\":\"WebSite\",\"@id\":\"https:\/\/radiolifefm.com.br\/noticias\/#website\",\"url\":\"https:\/\/radiolifefm.com.br\/noticias\/\",\"name\":\"R\u00e1dio Life FM\",\"description\":\"O Portal de Not\u00edcias de Adamantina\",\"publisher\":{\"@id\":\"https:\/\/radiolifefm.com.br\/noticias\/#organization\"},\"alternateName\":\"Life FM\",\"potentialAction\":[{\"@type\":\"SearchAction\",\"target\":{\"@type\":\"EntryPoint\",\"urlTemplate\":\"https:\/\/radiolifefm.com.br\/noticias\/?s={search_term_string}\"},\"query-input\":{\"@type\":\"PropertyValueSpecification\",\"valueRequired\":true,\"valueName\":\"search_term_string\"}}],\"inLanguage\":\"pt-BR\"},{\"@type\":\"Organization\",\"@id\":\"https:\/\/radiolifefm.com.br\/noticias\/#organization\",\"name\":\"R\u00e1dio Life FM\",\"alternateName\":\"Life FM\",\"url\":\"https:\/\/radiolifefm.com.br\/noticias\/\",\"logo\":{\"@type\":\"ImageObject\",\"inLanguage\":\"pt-BR\",\"@id\":\"https:\/\/radiolifefm.com.br\/noticias\/#\/schema\/logo\/image\/\",\"url\":\"https:\/\/static.radiolifefm.com.br\/noticias\/wp-content\/uploads\/2019\/10\/logo-lifefm.png\",\"contentUrl\":\"https:\/\/static.radiolifefm.com.br\/noticias\/wp-content\/uploads\/2019\/10\/logo-lifefm.png\",\"width\":196,\"height\":47,\"caption\":\"R\u00e1dio Life FM\"},\"image\":{\"@id\":\"https:\/\/radiolifefm.com.br\/noticias\/#\/schema\/logo\/image\/\"},\"sameAs\":[\"https:\/\/www.facebook.com\/radiolifefm\/\",\"https:\/\/www.instagram.com\/life1079fm\/\"]},{\"@type\":\"Person\",\"@id\":\"https:\/\/radiolifefm.com.br\/noticias\/#\/schema\/person\/6339b9fac59d12b071dec680d7375d87\",\"name\":\"ritanery\",\"image\":{\"@type\":\"ImageObject\",\"inLanguage\":\"pt-BR\",\"@id\":\"https:\/\/secure.gravatar.com\/avatar\/0e37bb19071f47c0b8a23f62a903df117c5a0e75f65a0c2901562f97cd41cf86?s=96&d=mm&r=g\",\"url\":\"https:\/\/secure.gravatar.com\/avatar\/0e37bb19071f47c0b8a23f62a903df117c5a0e75f65a0c2901562f97cd41cf86?s=96&d=mm&r=g\",\"contentUrl\":\"https:\/\/secure.gravatar.com\/avatar\/0e37bb19071f47c0b8a23f62a903df117c5a0e75f65a0c2901562f97cd41cf86?s=96&d=mm&r=g\",\"caption\":\"ritanery\"}}]}<\/script>\n<!-- \/ Yoast SEO plugin. -->","yoast_head_json":{"title":"E POR FALAR EM M\u00daSICA, VAMOS OUVIR AQUELA... - R\u00e1dio Life FM","robots":{"index":"index","follow":"follow","max-snippet":"max-snippet:-1","max-image-preview":"max-image-preview:large","max-video-preview":"max-video-preview:-1"},"canonical":"https:\/\/radiolifefm.com.br\/noticias\/e-por-falar-em-musica-vamos-ouvir-aquela\/","og_locale":"pt_BR","og_type":"article","og_title":"E POR FALAR EM M\u00daSICA, VAMOS OUVIR AQUELA... - R\u00e1dio Life FM","og_description":"\u00a0\u201cN\u00e3o h\u00e1 fatos, s\u00f3 interpreta\u00e7\u00f5es\u201d (Nietzche) &nbsp; S\u00e9rgio Barbosa (*) &nbsp; Ah! A m\u00fasica como sempre abala as estruturas de qualquer mortal, assim, sempre \u00e9 bom ir ao encontro daquele som, deste ou daquele tempo, o que vale \u00e9 o desencontro do momento e ponto quase final&#8230; Estes dias ouvi algu\u00e9m dizer que n\u00e3o gosta [&hellip;]","og_url":"https:\/\/radiolifefm.com.br\/noticias\/e-por-falar-em-musica-vamos-ouvir-aquela\/","og_site_name":"R\u00e1dio Life FM","article_publisher":"https:\/\/www.facebook.com\/radiolifefm\/","article_published_time":"2022-04-01T23:28:51+00:00","article_modified_time":"2026-04-22T21:28:04+00:00","og_image":[{"width":2560,"height":1920,"url":"https:\/\/radiolifefm.com.br\/noticias\/wp-content\/uploads\/2022\/04\/DSC09908-scaled.jpg","type":"image\/jpeg"}],"author":"ritanery","twitter_card":"summary_large_image","twitter_misc":{"Escrito por":"ritanery","Est. tempo de leitura":"3 minutos"},"schema":{"@context":"https:\/\/schema.org","@graph":[{"@type":"Article","@id":"https:\/\/radiolifefm.com.br\/noticias\/e-por-falar-em-musica-vamos-ouvir-aquela\/#article","isPartOf":{"@id":"https:\/\/radiolifefm.com.br\/noticias\/e-por-falar-em-musica-vamos-ouvir-aquela\/"},"author":{"name":"ritanery","@id":"https:\/\/radiolifefm.com.br\/noticias\/#\/schema\/person\/6339b9fac59d12b071dec680d7375d87"},"headline":"E POR FALAR EM M\u00daSICA, VAMOS OUVIR AQUELA&#8230;","datePublished":"2022-04-01T23:28:51+00:00","dateModified":"2026-04-22T21:28:04+00:00","mainEntityOfPage":{"@id":"https:\/\/radiolifefm.com.br\/noticias\/e-por-falar-em-musica-vamos-ouvir-aquela\/"},"wordCount":563,"publisher":{"@id":"https:\/\/radiolifefm.com.br\/noticias\/#organization"},"image":{"@id":"https:\/\/radiolifefm.com.br\/noticias\/e-por-falar-em-musica-vamos-ouvir-aquela\/#primaryimage"},"thumbnailUrl":"https:\/\/radiolifefm.com.br\/noticias\/wp-content\/uploads\/2022\/04\/DSC09908-scaled.jpg","articleSection":["Opini\u00e3o"],"inLanguage":"pt-BR"},{"@type":"WebPage","@id":"https:\/\/radiolifefm.com.br\/noticias\/e-por-falar-em-musica-vamos-ouvir-aquela\/","url":"https:\/\/radiolifefm.com.br\/noticias\/e-por-falar-em-musica-vamos-ouvir-aquela\/","name":"E POR FALAR EM M\u00daSICA, VAMOS OUVIR AQUELA... - R\u00e1dio Life FM","isPartOf":{"@id":"https:\/\/radiolifefm.com.br\/noticias\/#website"},"primaryImageOfPage":{"@id":"https:\/\/radiolifefm.com.br\/noticias\/e-por-falar-em-musica-vamos-ouvir-aquela\/#primaryimage"},"image":{"@id":"https:\/\/radiolifefm.com.br\/noticias\/e-por-falar-em-musica-vamos-ouvir-aquela\/#primaryimage"},"thumbnailUrl":"https:\/\/radiolifefm.com.br\/noticias\/wp-content\/uploads\/2022\/04\/DSC09908-scaled.jpg","datePublished":"2022-04-01T23:28:51+00:00","dateModified":"2026-04-22T21:28:04+00:00","breadcrumb":{"@id":"https:\/\/radiolifefm.com.br\/noticias\/e-por-falar-em-musica-vamos-ouvir-aquela\/#breadcrumb"},"inLanguage":"pt-BR","potentialAction":[{"@type":"ReadAction","target":["https:\/\/radiolifefm.com.br\/noticias\/e-por-falar-em-musica-vamos-ouvir-aquela\/"]}]},{"@type":"ImageObject","inLanguage":"pt-BR","@id":"https:\/\/radiolifefm.com.br\/noticias\/e-por-falar-em-musica-vamos-ouvir-aquela\/#primaryimage","url":"https:\/\/radiolifefm.com.br\/noticias\/wp-content\/uploads\/2022\/04\/DSC09908-scaled.jpg","contentUrl":"https:\/\/radiolifefm.com.br\/noticias\/wp-content\/uploads\/2022\/04\/DSC09908-scaled.jpg","width":2560,"height":1920},{"@type":"BreadcrumbList","@id":"https:\/\/radiolifefm.com.br\/noticias\/e-por-falar-em-musica-vamos-ouvir-aquela\/#breadcrumb","itemListElement":[{"@type":"ListItem","position":1,"name":"In\u00edcio","item":"https:\/\/radiolifefm.com.br\/noticias\/"},{"@type":"ListItem","position":2,"name":"E POR FALAR EM M\u00daSICA, VAMOS OUVIR AQUELA&#8230;"}]},{"@type":"WebSite","@id":"https:\/\/radiolifefm.com.br\/noticias\/#website","url":"https:\/\/radiolifefm.com.br\/noticias\/","name":"R\u00e1dio Life FM","description":"O Portal de Not\u00edcias de Adamantina","publisher":{"@id":"https:\/\/radiolifefm.com.br\/noticias\/#organization"},"alternateName":"Life FM","potentialAction":[{"@type":"SearchAction","target":{"@type":"EntryPoint","urlTemplate":"https:\/\/radiolifefm.com.br\/noticias\/?s={search_term_string}"},"query-input":{"@type":"PropertyValueSpecification","valueRequired":true,"valueName":"search_term_string"}}],"inLanguage":"pt-BR"},{"@type":"Organization","@id":"https:\/\/radiolifefm.com.br\/noticias\/#organization","name":"R\u00e1dio Life FM","alternateName":"Life FM","url":"https:\/\/radiolifefm.com.br\/noticias\/","logo":{"@type":"ImageObject","inLanguage":"pt-BR","@id":"https:\/\/radiolifefm.com.br\/noticias\/#\/schema\/logo\/image\/","url":"https:\/\/static.radiolifefm.com.br\/noticias\/wp-content\/uploads\/2019\/10\/logo-lifefm.png","contentUrl":"https:\/\/static.radiolifefm.com.br\/noticias\/wp-content\/uploads\/2019\/10\/logo-lifefm.png","width":196,"height":47,"caption":"R\u00e1dio Life FM"},"image":{"@id":"https:\/\/radiolifefm.com.br\/noticias\/#\/schema\/logo\/image\/"},"sameAs":["https:\/\/www.facebook.com\/radiolifefm\/","https:\/\/www.instagram.com\/life1079fm\/"]},{"@type":"Person","@id":"https:\/\/radiolifefm.com.br\/noticias\/#\/schema\/person\/6339b9fac59d12b071dec680d7375d87","name":"ritanery","image":{"@type":"ImageObject","inLanguage":"pt-BR","@id":"https:\/\/secure.gravatar.com\/avatar\/0e37bb19071f47c0b8a23f62a903df117c5a0e75f65a0c2901562f97cd41cf86?s=96&d=mm&r=g","url":"https:\/\/secure.gravatar.com\/avatar\/0e37bb19071f47c0b8a23f62a903df117c5a0e75f65a0c2901562f97cd41cf86?s=96&d=mm&r=g","contentUrl":"https:\/\/secure.gravatar.com\/avatar\/0e37bb19071f47c0b8a23f62a903df117c5a0e75f65a0c2901562f97cd41cf86?s=96&d=mm&r=g","caption":"ritanery"}}]}},"amp_enabled":true,"_links":{"self":[{"href":"https:\/\/radiolifefm.com.br\/noticias\/wp-json\/wp\/v2\/posts\/51659","targetHints":{"allow":["GET"]}}],"collection":[{"href":"https:\/\/radiolifefm.com.br\/noticias\/wp-json\/wp\/v2\/posts"}],"about":[{"href":"https:\/\/radiolifefm.com.br\/noticias\/wp-json\/wp\/v2\/types\/post"}],"author":[{"embeddable":true,"href":"https:\/\/radiolifefm.com.br\/noticias\/wp-json\/wp\/v2\/users\/13"}],"replies":[{"embeddable":true,"href":"https:\/\/radiolifefm.com.br\/noticias\/wp-json\/wp\/v2\/comments?post=51659"}],"version-history":[{"count":1,"href":"https:\/\/radiolifefm.com.br\/noticias\/wp-json\/wp\/v2\/posts\/51659\/revisions"}],"predecessor-version":[{"id":51664,"href":"https:\/\/radiolifefm.com.br\/noticias\/wp-json\/wp\/v2\/posts\/51659\/revisions\/51664"}],"wp:featuredmedia":[{"embeddable":true,"href":"https:\/\/radiolifefm.com.br\/noticias\/wp-json\/wp\/v2\/media\/51660"}],"wp:attachment":[{"href":"https:\/\/radiolifefm.com.br\/noticias\/wp-json\/wp\/v2\/media?parent=51659"}],"wp:term":[{"taxonomy":"category","embeddable":true,"href":"https:\/\/radiolifefm.com.br\/noticias\/wp-json\/wp\/v2\/categories?post=51659"},{"taxonomy":"post_tag","embeddable":true,"href":"https:\/\/radiolifefm.com.br\/noticias\/wp-json\/wp\/v2\/tags?post=51659"}],"curies":[{"name":"wp","href":"https:\/\/api.w.org\/{rel}","templated":true}]}}