{"id":51546,"date":"2022-03-31T15:39:43","date_gmt":"2022-03-31T18:39:43","guid":{"rendered":"https:\/\/radiolifefm.com.br\/noticias\/?p=51546"},"modified":"2026-04-02T14:54:33","modified_gmt":"2026-04-02T17:54:33","slug":"prefeitura-de-adamantina-inaugura-centro-de-formacao-esportiva","status":"publish","type":"post","link":"https:\/\/radiolifefm.com.br\/noticias\/prefeitura-de-adamantina-inaugura-centro-de-formacao-esportiva\/","title":{"rendered":"Prefeitura de Adamantina inaugura Centro de Forma\u00e7\u00e3o Esportiva"},"content":{"rendered":"<div id=\"fb-root\"><\/div>\n<p style=\"font-weight: 400\">A Prefeitura de Adamantina, por meio da Secretaria de Esportes, Lazer e Recrea\u00e7\u00e3o (SELAR), realizar\u00e1 na pr\u00f3xima segunda-feira (04), \u00e0s 18h, a inaugura\u00e7\u00e3o do Centro de Forma\u00e7\u00e3o Esportiva. O im\u00f3vel abrigava a Associa\u00e7\u00e3o de Moradores do Jardim Am\u00e9rica, Ipiranga e Palmeiras (AMJAIP).<\/p>\n<p style=\"font-weight: 400\">O espa\u00e7o agora ser\u00e1 usado para o desenvolvimento de atividades esportivas de t\u00eanis de mesa, xadrez, dama e domin\u00f3.<\/p>\n<p style=\"font-weight: 400\">Com isso, ser\u00e1 poss\u00edvel descobrir novos talentos e, ainda, formar equipes competitivas para as disputas de competi\u00e7\u00f5es oficiais do calend\u00e1rio do estadual como Jogos Regionais, Jogos da Juventude, Jogos Escolares, Olimp\u00edadas Estadual, al\u00e9m de servir tamb\u00e9m como um centro de lazer e treinamentos para os idosos praticarem jogos de mesa visando as competi\u00e7\u00f5es como o Jogos Regionais da Melhor Idade (JOMI).<\/p>\n<p style=\"font-weight: 400\">De acordo com o secret\u00e1rio, Ronaldo Pereira Dutra \u201cTuiui\u00fa\u201d, os funcion\u00e1rios executaram as melhorias no pr\u00e9dio. Para isso, foi investido em torno de 22 mil reais com o pagamento de contas de \u00e1gua e energia el\u00e9trica que estavam em atraso e a aquisi\u00e7\u00e3o de 5 jogos de mesa para a pr\u00e1tica do t\u00eanis de mesa, bebedouro e pintura.<\/p>\n<p style=\"font-weight: 400\"><strong>AMJAIP\u00a0&#8211;\u00a0Associa\u00e7\u00e3o de Moradores do Jardim Am\u00e9rica Ipiranga e Palmeiras<\/strong><\/p>\n<p style=\"font-weight: 400\">De acordo com o Decreto n\u00ba 6.431 de 21 de setembro de 2021 disp\u00f5e sobre o uso do im\u00f3vel denominado AMJAIP \u2013 Associa\u00e7\u00e3o de Moradores do Jardim Am\u00e9rica Ipiranga e Palmeiras o im\u00f3vel foi revertido para o munic\u00edpio por tempo indeterminado.<\/p>\n<p style=\"font-weight: 400\">\u00a0O Centro de Forma\u00e7\u00e3o Esportiva funcionar\u00e1 na Rua Adoniram Barbosa, n\u00ba. 377 \u2013 Jardim Am\u00e9rica.<\/p>\n<p>&nbsp;<\/p>\n<p>Fonte: Assessoria de Imprensa<\/p>\n","protected":false},"excerpt":{"rendered":"<p>A Prefeitura de Adamantina, por meio da Secretaria de Esportes, Lazer e Recrea\u00e7\u00e3o (SELAR), realizar\u00e1 na pr\u00f3xima segunda-feira (04), \u00e0s 18h, a inaugura\u00e7\u00e3o do Centro de Forma\u00e7\u00e3o Esportiva. O im\u00f3vel abrigava a Associa\u00e7\u00e3o de Moradores do Jardim Am\u00e9rica, Ipiranga e Palmeiras (AMJAIP). O espa\u00e7o agora ser\u00e1 usado para o desenvolvimento de atividades esportivas de t\u00eanis [&hellip;]<\/p>\n","protected":false},"author":13,"featured_media":51547,"comment_status":"closed","ping_status":"open","sticky":false,"template":"","format":"standard","meta":{"_acf_changed":false,"_exactmetrics_skip_tracking":false,"_exactmetrics_sitenote_active":false,"_exactmetrics_sitenote_note":"","_exactmetrics_sitenote_category":0,"footnotes":""},"categories":[21],"tags":[],"class_list":["post-51546","post","type-post","status-publish","format-standard","has-post-thumbnail","hentry","category-adamantina"],"acf":[],"yoast_head":"<!-- This site is optimized with the Yoast SEO plugin v27.2 - https:\/\/yoast.com\/product\/yoast-seo-wordpress\/ -->\n<title>Prefeitura de Adamantina inaugura Centro de Forma\u00e7\u00e3o Esportiva - R\u00e1dio Life FM<\/title>\n<meta name=\"robots\" content=\"index, follow, max-snippet:-1, max-image-preview:large, max-video-preview:-1\" \/>\n<link rel=\"canonical\" href=\"https:\/\/radiolifefm.com.br\/noticias\/prefeitura-de-adamantina-inaugura-centro-de-formacao-esportiva\/\" \/>\n<meta property=\"og:locale\" content=\"pt_BR\" \/>\n<meta property=\"og:type\" content=\"article\" \/>\n<meta property=\"og:title\" content=\"Prefeitura de Adamantina inaugura Centro de Forma\u00e7\u00e3o Esportiva - R\u00e1dio Life FM\" \/>\n<meta property=\"og:description\" content=\"A Prefeitura de Adamantina, por meio da Secretaria de Esportes, Lazer e Recrea\u00e7\u00e3o (SELAR), realizar\u00e1 na pr\u00f3xima segunda-feira (04), \u00e0s 18h, a inaugura\u00e7\u00e3o do Centro de Forma\u00e7\u00e3o Esportiva. O im\u00f3vel abrigava a Associa\u00e7\u00e3o de Moradores do Jardim Am\u00e9rica, Ipiranga e Palmeiras (AMJAIP). O espa\u00e7o agora ser\u00e1 usado para o desenvolvimento de atividades esportivas de t\u00eanis [&hellip;]\" \/>\n<meta property=\"og:url\" content=\"https:\/\/radiolifefm.com.br\/noticias\/prefeitura-de-adamantina-inaugura-centro-de-formacao-esportiva\/\" \/>\n<meta property=\"og:site_name\" content=\"R\u00e1dio Life FM\" \/>\n<meta property=\"article:publisher\" content=\"https:\/\/www.facebook.com\/radiolifefm\/\" \/>\n<meta property=\"article:published_time\" content=\"2022-03-31T18:39:43+00:00\" \/>\n<meta property=\"article:modified_time\" content=\"2026-04-02T17:54:33+00:00\" \/>\n<meta property=\"og:image\" content=\"https:\/\/radiolifefm.com.br\/noticias\/wp-content\/uploads\/2022\/03\/foto-2-1.jpeg\" \/>\n\t<meta property=\"og:image:width\" content=\"1280\" \/>\n\t<meta property=\"og:image:height\" content=\"774\" \/>\n\t<meta property=\"og:image:type\" content=\"image\/jpeg\" \/>\n<meta name=\"author\" content=\"ritanery\" \/>\n<meta name=\"twitter:card\" content=\"summary_large_image\" \/>\n<meta name=\"twitter:label1\" content=\"Escrito por\" \/>\n\t<meta name=\"twitter:data1\" content=\"ritanery\" \/>\n\t<meta name=\"twitter:label2\" content=\"Est. tempo de leitura\" \/>\n\t<meta name=\"twitter:data2\" content=\"1 minuto\" \/>\n<script type=\"application\/ld+json\" class=\"yoast-schema-graph\">{\"@context\":\"https:\/\/schema.org\",\"@graph\":[{\"@type\":\"Article\",\"@id\":\"https:\/\/radiolifefm.com.br\/noticias\/prefeitura-de-adamantina-inaugura-centro-de-formacao-esportiva\/#article\",\"isPartOf\":{\"@id\":\"https:\/\/radiolifefm.com.br\/noticias\/prefeitura-de-adamantina-inaugura-centro-de-formacao-esportiva\/\"},\"author\":{\"name\":\"ritanery\",\"@id\":\"https:\/\/radiolifefm.com.br\/noticias\/#\/schema\/person\/6339b9fac59d12b071dec680d7375d87\"},\"headline\":\"Prefeitura de Adamantina inaugura Centro de Forma\u00e7\u00e3o Esportiva\",\"datePublished\":\"2022-03-31T18:39:43+00:00\",\"dateModified\":\"2026-04-02T17:54:33+00:00\",\"mainEntityOfPage\":{\"@id\":\"https:\/\/radiolifefm.com.br\/noticias\/prefeitura-de-adamantina-inaugura-centro-de-formacao-esportiva\/\"},\"wordCount\":285,\"publisher\":{\"@id\":\"https:\/\/radiolifefm.com.br\/noticias\/#organization\"},\"image\":{\"@id\":\"https:\/\/radiolifefm.com.br\/noticias\/prefeitura-de-adamantina-inaugura-centro-de-formacao-esportiva\/#primaryimage\"},\"thumbnailUrl\":\"https:\/\/radiolifefm.com.br\/noticias\/wp-content\/uploads\/2022\/03\/foto-2-1.jpeg\",\"articleSection\":[\"Adamantina\"],\"inLanguage\":\"pt-BR\"},{\"@type\":\"WebPage\",\"@id\":\"https:\/\/radiolifefm.com.br\/noticias\/prefeitura-de-adamantina-inaugura-centro-de-formacao-esportiva\/\",\"url\":\"https:\/\/radiolifefm.com.br\/noticias\/prefeitura-de-adamantina-inaugura-centro-de-formacao-esportiva\/\",\"name\":\"Prefeitura de Adamantina inaugura Centro de Forma\u00e7\u00e3o Esportiva - R\u00e1dio Life FM\",\"isPartOf\":{\"@id\":\"https:\/\/radiolifefm.com.br\/noticias\/#website\"},\"primaryImageOfPage\":{\"@id\":\"https:\/\/radiolifefm.com.br\/noticias\/prefeitura-de-adamantina-inaugura-centro-de-formacao-esportiva\/#primaryimage\"},\"image\":{\"@id\":\"https:\/\/radiolifefm.com.br\/noticias\/prefeitura-de-adamantina-inaugura-centro-de-formacao-esportiva\/#primaryimage\"},\"thumbnailUrl\":\"https:\/\/radiolifefm.com.br\/noticias\/wp-content\/uploads\/2022\/03\/foto-2-1.jpeg\",\"datePublished\":\"2022-03-31T18:39:43+00:00\",\"dateModified\":\"2026-04-02T17:54:33+00:00\",\"breadcrumb\":{\"@id\":\"https:\/\/radiolifefm.com.br\/noticias\/prefeitura-de-adamantina-inaugura-centro-de-formacao-esportiva\/#breadcrumb\"},\"inLanguage\":\"pt-BR\",\"potentialAction\":[{\"@type\":\"ReadAction\",\"target\":[\"https:\/\/radiolifefm.com.br\/noticias\/prefeitura-de-adamantina-inaugura-centro-de-formacao-esportiva\/\"]}]},{\"@type\":\"ImageObject\",\"inLanguage\":\"pt-BR\",\"@id\":\"https:\/\/radiolifefm.com.br\/noticias\/prefeitura-de-adamantina-inaugura-centro-de-formacao-esportiva\/#primaryimage\",\"url\":\"https:\/\/radiolifefm.com.br\/noticias\/wp-content\/uploads\/2022\/03\/foto-2-1.jpeg\",\"contentUrl\":\"https:\/\/radiolifefm.com.br\/noticias\/wp-content\/uploads\/2022\/03\/foto-2-1.jpeg\",\"width\":1280,\"height\":774,\"caption\":\"Espa\u00e7o ser\u00e1 destinado ao desenvolvimento de atividades esportivas de t\u00eanis de mesa, xadrez, dama e domin\u00f3\"},{\"@type\":\"BreadcrumbList\",\"@id\":\"https:\/\/radiolifefm.com.br\/noticias\/prefeitura-de-adamantina-inaugura-centro-de-formacao-esportiva\/#breadcrumb\",\"itemListElement\":[{\"@type\":\"ListItem\",\"position\":1,\"name\":\"In\u00edcio\",\"item\":\"https:\/\/radiolifefm.com.br\/noticias\/\"},{\"@type\":\"ListItem\",\"position\":2,\"name\":\"Prefeitura de Adamantina inaugura Centro de Forma\u00e7\u00e3o Esportiva\"}]},{\"@type\":\"WebSite\",\"@id\":\"https:\/\/radiolifefm.com.br\/noticias\/#website\",\"url\":\"https:\/\/radiolifefm.com.br\/noticias\/\",\"name\":\"R\u00e1dio Life FM\",\"description\":\"O Portal de Not\u00edcias de Adamantina\",\"publisher\":{\"@id\":\"https:\/\/radiolifefm.com.br\/noticias\/#organization\"},\"alternateName\":\"Life FM\",\"potentialAction\":[{\"@type\":\"SearchAction\",\"target\":{\"@type\":\"EntryPoint\",\"urlTemplate\":\"https:\/\/radiolifefm.com.br\/noticias\/?s={search_term_string}\"},\"query-input\":{\"@type\":\"PropertyValueSpecification\",\"valueRequired\":true,\"valueName\":\"search_term_string\"}}],\"inLanguage\":\"pt-BR\"},{\"@type\":\"Organization\",\"@id\":\"https:\/\/radiolifefm.com.br\/noticias\/#organization\",\"name\":\"R\u00e1dio Life FM\",\"alternateName\":\"Life FM\",\"url\":\"https:\/\/radiolifefm.com.br\/noticias\/\",\"logo\":{\"@type\":\"ImageObject\",\"inLanguage\":\"pt-BR\",\"@id\":\"https:\/\/radiolifefm.com.br\/noticias\/#\/schema\/logo\/image\/\",\"url\":\"https:\/\/static.radiolifefm.com.br\/noticias\/wp-content\/uploads\/2019\/10\/logo-lifefm.png\",\"contentUrl\":\"https:\/\/static.radiolifefm.com.br\/noticias\/wp-content\/uploads\/2019\/10\/logo-lifefm.png\",\"width\":196,\"height\":47,\"caption\":\"R\u00e1dio Life FM\"},\"image\":{\"@id\":\"https:\/\/radiolifefm.com.br\/noticias\/#\/schema\/logo\/image\/\"},\"sameAs\":[\"https:\/\/www.facebook.com\/radiolifefm\/\",\"https:\/\/www.instagram.com\/life1079fm\/\"]},{\"@type\":\"Person\",\"@id\":\"https:\/\/radiolifefm.com.br\/noticias\/#\/schema\/person\/6339b9fac59d12b071dec680d7375d87\",\"name\":\"ritanery\",\"image\":{\"@type\":\"ImageObject\",\"inLanguage\":\"pt-BR\",\"@id\":\"https:\/\/secure.gravatar.com\/avatar\/0e37bb19071f47c0b8a23f62a903df117c5a0e75f65a0c2901562f97cd41cf86?s=96&d=mm&r=g\",\"url\":\"https:\/\/secure.gravatar.com\/avatar\/0e37bb19071f47c0b8a23f62a903df117c5a0e75f65a0c2901562f97cd41cf86?s=96&d=mm&r=g\",\"contentUrl\":\"https:\/\/secure.gravatar.com\/avatar\/0e37bb19071f47c0b8a23f62a903df117c5a0e75f65a0c2901562f97cd41cf86?s=96&d=mm&r=g\",\"caption\":\"ritanery\"}}]}<\/script>\n<!-- \/ Yoast SEO plugin. -->","yoast_head_json":{"title":"Prefeitura de Adamantina inaugura Centro de Forma\u00e7\u00e3o Esportiva - R\u00e1dio Life FM","robots":{"index":"index","follow":"follow","max-snippet":"max-snippet:-1","max-image-preview":"max-image-preview:large","max-video-preview":"max-video-preview:-1"},"canonical":"https:\/\/radiolifefm.com.br\/noticias\/prefeitura-de-adamantina-inaugura-centro-de-formacao-esportiva\/","og_locale":"pt_BR","og_type":"article","og_title":"Prefeitura de Adamantina inaugura Centro de Forma\u00e7\u00e3o Esportiva - R\u00e1dio Life FM","og_description":"A Prefeitura de Adamantina, por meio da Secretaria de Esportes, Lazer e Recrea\u00e7\u00e3o (SELAR), realizar\u00e1 na pr\u00f3xima segunda-feira (04), \u00e0s 18h, a inaugura\u00e7\u00e3o do Centro de Forma\u00e7\u00e3o Esportiva. O im\u00f3vel abrigava a Associa\u00e7\u00e3o de Moradores do Jardim Am\u00e9rica, Ipiranga e Palmeiras (AMJAIP). O espa\u00e7o agora ser\u00e1 usado para o desenvolvimento de atividades esportivas de t\u00eanis [&hellip;]","og_url":"https:\/\/radiolifefm.com.br\/noticias\/prefeitura-de-adamantina-inaugura-centro-de-formacao-esportiva\/","og_site_name":"R\u00e1dio Life FM","article_publisher":"https:\/\/www.facebook.com\/radiolifefm\/","article_published_time":"2022-03-31T18:39:43+00:00","article_modified_time":"2026-04-02T17:54:33+00:00","og_image":[{"width":1280,"height":774,"url":"https:\/\/radiolifefm.com.br\/noticias\/wp-content\/uploads\/2022\/03\/foto-2-1.jpeg","type":"image\/jpeg"}],"author":"ritanery","twitter_card":"summary_large_image","twitter_misc":{"Escrito por":"ritanery","Est. tempo de leitura":"1 minuto"},"schema":{"@context":"https:\/\/schema.org","@graph":[{"@type":"Article","@id":"https:\/\/radiolifefm.com.br\/noticias\/prefeitura-de-adamantina-inaugura-centro-de-formacao-esportiva\/#article","isPartOf":{"@id":"https:\/\/radiolifefm.com.br\/noticias\/prefeitura-de-adamantina-inaugura-centro-de-formacao-esportiva\/"},"author":{"name":"ritanery","@id":"https:\/\/radiolifefm.com.br\/noticias\/#\/schema\/person\/6339b9fac59d12b071dec680d7375d87"},"headline":"Prefeitura de Adamantina inaugura Centro de Forma\u00e7\u00e3o Esportiva","datePublished":"2022-03-31T18:39:43+00:00","dateModified":"2026-04-02T17:54:33+00:00","mainEntityOfPage":{"@id":"https:\/\/radiolifefm.com.br\/noticias\/prefeitura-de-adamantina-inaugura-centro-de-formacao-esportiva\/"},"wordCount":285,"publisher":{"@id":"https:\/\/radiolifefm.com.br\/noticias\/#organization"},"image":{"@id":"https:\/\/radiolifefm.com.br\/noticias\/prefeitura-de-adamantina-inaugura-centro-de-formacao-esportiva\/#primaryimage"},"thumbnailUrl":"https:\/\/radiolifefm.com.br\/noticias\/wp-content\/uploads\/2022\/03\/foto-2-1.jpeg","articleSection":["Adamantina"],"inLanguage":"pt-BR"},{"@type":"WebPage","@id":"https:\/\/radiolifefm.com.br\/noticias\/prefeitura-de-adamantina-inaugura-centro-de-formacao-esportiva\/","url":"https:\/\/radiolifefm.com.br\/noticias\/prefeitura-de-adamantina-inaugura-centro-de-formacao-esportiva\/","name":"Prefeitura de Adamantina inaugura Centro de Forma\u00e7\u00e3o Esportiva - R\u00e1dio Life FM","isPartOf":{"@id":"https:\/\/radiolifefm.com.br\/noticias\/#website"},"primaryImageOfPage":{"@id":"https:\/\/radiolifefm.com.br\/noticias\/prefeitura-de-adamantina-inaugura-centro-de-formacao-esportiva\/#primaryimage"},"image":{"@id":"https:\/\/radiolifefm.com.br\/noticias\/prefeitura-de-adamantina-inaugura-centro-de-formacao-esportiva\/#primaryimage"},"thumbnailUrl":"https:\/\/radiolifefm.com.br\/noticias\/wp-content\/uploads\/2022\/03\/foto-2-1.jpeg","datePublished":"2022-03-31T18:39:43+00:00","dateModified":"2026-04-02T17:54:33+00:00","breadcrumb":{"@id":"https:\/\/radiolifefm.com.br\/noticias\/prefeitura-de-adamantina-inaugura-centro-de-formacao-esportiva\/#breadcrumb"},"inLanguage":"pt-BR","potentialAction":[{"@type":"ReadAction","target":["https:\/\/radiolifefm.com.br\/noticias\/prefeitura-de-adamantina-inaugura-centro-de-formacao-esportiva\/"]}]},{"@type":"ImageObject","inLanguage":"pt-BR","@id":"https:\/\/radiolifefm.com.br\/noticias\/prefeitura-de-adamantina-inaugura-centro-de-formacao-esportiva\/#primaryimage","url":"https:\/\/radiolifefm.com.br\/noticias\/wp-content\/uploads\/2022\/03\/foto-2-1.jpeg","contentUrl":"https:\/\/radiolifefm.com.br\/noticias\/wp-content\/uploads\/2022\/03\/foto-2-1.jpeg","width":1280,"height":774,"caption":"Espa\u00e7o ser\u00e1 destinado ao desenvolvimento de atividades esportivas de t\u00eanis de mesa, xadrez, dama e domin\u00f3"},{"@type":"BreadcrumbList","@id":"https:\/\/radiolifefm.com.br\/noticias\/prefeitura-de-adamantina-inaugura-centro-de-formacao-esportiva\/#breadcrumb","itemListElement":[{"@type":"ListItem","position":1,"name":"In\u00edcio","item":"https:\/\/radiolifefm.com.br\/noticias\/"},{"@type":"ListItem","position":2,"name":"Prefeitura de Adamantina inaugura Centro de Forma\u00e7\u00e3o Esportiva"}]},{"@type":"WebSite","@id":"https:\/\/radiolifefm.com.br\/noticias\/#website","url":"https:\/\/radiolifefm.com.br\/noticias\/","name":"R\u00e1dio Life FM","description":"O Portal de Not\u00edcias de Adamantina","publisher":{"@id":"https:\/\/radiolifefm.com.br\/noticias\/#organization"},"alternateName":"Life FM","potentialAction":[{"@type":"SearchAction","target":{"@type":"EntryPoint","urlTemplate":"https:\/\/radiolifefm.com.br\/noticias\/?s={search_term_string}"},"query-input":{"@type":"PropertyValueSpecification","valueRequired":true,"valueName":"search_term_string"}}],"inLanguage":"pt-BR"},{"@type":"Organization","@id":"https:\/\/radiolifefm.com.br\/noticias\/#organization","name":"R\u00e1dio Life FM","alternateName":"Life FM","url":"https:\/\/radiolifefm.com.br\/noticias\/","logo":{"@type":"ImageObject","inLanguage":"pt-BR","@id":"https:\/\/radiolifefm.com.br\/noticias\/#\/schema\/logo\/image\/","url":"https:\/\/static.radiolifefm.com.br\/noticias\/wp-content\/uploads\/2019\/10\/logo-lifefm.png","contentUrl":"https:\/\/static.radiolifefm.com.br\/noticias\/wp-content\/uploads\/2019\/10\/logo-lifefm.png","width":196,"height":47,"caption":"R\u00e1dio Life FM"},"image":{"@id":"https:\/\/radiolifefm.com.br\/noticias\/#\/schema\/logo\/image\/"},"sameAs":["https:\/\/www.facebook.com\/radiolifefm\/","https:\/\/www.instagram.com\/life1079fm\/"]},{"@type":"Person","@id":"https:\/\/radiolifefm.com.br\/noticias\/#\/schema\/person\/6339b9fac59d12b071dec680d7375d87","name":"ritanery","image":{"@type":"ImageObject","inLanguage":"pt-BR","@id":"https:\/\/secure.gravatar.com\/avatar\/0e37bb19071f47c0b8a23f62a903df117c5a0e75f65a0c2901562f97cd41cf86?s=96&d=mm&r=g","url":"https:\/\/secure.gravatar.com\/avatar\/0e37bb19071f47c0b8a23f62a903df117c5a0e75f65a0c2901562f97cd41cf86?s=96&d=mm&r=g","contentUrl":"https:\/\/secure.gravatar.com\/avatar\/0e37bb19071f47c0b8a23f62a903df117c5a0e75f65a0c2901562f97cd41cf86?s=96&d=mm&r=g","caption":"ritanery"}}]}},"amp_enabled":true,"_links":{"self":[{"href":"https:\/\/radiolifefm.com.br\/noticias\/wp-json\/wp\/v2\/posts\/51546","targetHints":{"allow":["GET"]}}],"collection":[{"href":"https:\/\/radiolifefm.com.br\/noticias\/wp-json\/wp\/v2\/posts"}],"about":[{"href":"https:\/\/radiolifefm.com.br\/noticias\/wp-json\/wp\/v2\/types\/post"}],"author":[{"embeddable":true,"href":"https:\/\/radiolifefm.com.br\/noticias\/wp-json\/wp\/v2\/users\/13"}],"replies":[{"embeddable":true,"href":"https:\/\/radiolifefm.com.br\/noticias\/wp-json\/wp\/v2\/comments?post=51546"}],"version-history":[{"count":4,"href":"https:\/\/radiolifefm.com.br\/noticias\/wp-json\/wp\/v2\/posts\/51546\/revisions"}],"predecessor-version":[{"id":51551,"href":"https:\/\/radiolifefm.com.br\/noticias\/wp-json\/wp\/v2\/posts\/51546\/revisions\/51551"}],"wp:featuredmedia":[{"embeddable":true,"href":"https:\/\/radiolifefm.com.br\/noticias\/wp-json\/wp\/v2\/media\/51547"}],"wp:attachment":[{"href":"https:\/\/radiolifefm.com.br\/noticias\/wp-json\/wp\/v2\/media?parent=51546"}],"wp:term":[{"taxonomy":"category","embeddable":true,"href":"https:\/\/radiolifefm.com.br\/noticias\/wp-json\/wp\/v2\/categories?post=51546"},{"taxonomy":"post_tag","embeddable":true,"href":"https:\/\/radiolifefm.com.br\/noticias\/wp-json\/wp\/v2\/tags?post=51546"}],"curies":[{"name":"wp","href":"https:\/\/api.w.org\/{rel}","templated":true}]}}