{"id":51505,"date":"2022-03-31T08:02:28","date_gmt":"2022-03-31T11:02:28","guid":{"rendered":"https:\/\/radiolifefm.com.br\/noticias\/?p=51505"},"modified":"2026-04-14T12:39:01","modified_gmt":"2026-04-14T15:39:01","slug":"juri-desclassifica-tentativa-de-feminicidio-e-condenacao-de-reu-se-restringe-a-incendio-em-imovel","status":"publish","type":"post","link":"https:\/\/radiolifefm.com.br\/noticias\/juri-desclassifica-tentativa-de-feminicidio-e-condenacao-de-reu-se-restringe-a-incendio-em-imovel\/","title":{"rendered":"J\u00fari desclassifica tentativa de feminic\u00eddio e condena\u00e7\u00e3o de r\u00e9u se restringe a inc\u00eandio em im\u00f3vel"},"content":{"rendered":"<div id=\"fb-root\"><\/div>\n<p style=\"font-weight: 400\">Em sess\u00e3o do Tribunal do J\u00fari nesta quarta-feira (30) no F\u00f3rum de Adamantina, o r\u00e9u Ant\u00f4nio Paulino, hoje com 53 anos, foi absolvido da acusa\u00e7\u00e3o de tentativa de feminic\u00eddio, quando em 23 de fevereiro de 2020 colocou fogo na casa onde ele e sua mulher moravam, em uma propriedade rural na Estrada 6, em Adamantina.<\/p>\n<p style=\"font-weight: 400\">Na ocasi\u00e3o, a mulher conseguiu sair ilesa e o caso foi apurado, \u00e0 \u00e9poca, em inqu\u00e9rito policial, pela Delegacia de Defesa da Mulher (DDM), e depois tramitou no F\u00f3rum da Comarca de Adamantina, conforme\u00a0<a href=\"https:\/\/esaj.tjsp.jus.br\/cpopg\/show.do?conversationId=&amp;cbPesquisa=NMADVOGADO&amp;dadosConsulta.valorConsulta=alexandre+ramenzoni&amp;dadosConsulta.localPesquisa.cdLocal=81&amp;uuidCaptcha=sajcaptcha_6729cd0a962f4a468402fa31e3ea02e7&amp;g-recaptcha-response=03AGdBq25S-YnzMgsTSvIdh5JV-Zrzb8JMvOopRVN9B9vES2FnhH0khqBZZZrER6R-BiT0YsZweoJFRnyty2HHVumbQNZ5odxWdpjhd9-MUV2xvJnZ7sMhrx6WiP11G-3JA-pe8EvIhb_RBLAM7Qyn3suDKpe80TaMX8nLolHZ4eZXaK0j_wOjo9vf3mvJRBKGze7Pl7fF9L7QnMSdmferBXzHdxUI7-MiVO3z160cZosJtY0hTcYQ_YsaTFMPVcJpFfIOiN2g_J6vZ3PmmbSDX-awdSzPqTVHND7sQ-H0j0zm-m8OtK7L9-HvAsQ6YK8akG3X3LsGykJN-MEvf29rYGZ4ttevvTbL-4dQXnilMtqkekV2FpmxJHIKZv26HE4YFfXpxlsnRlo7KL-4UR_kvuGelAy4Q0rpI-tnGO-GvyJKCWQniQ1vJFuzh2EvtolRW3dKul3W4UARZi09tRbOj3P8ISUQOQBaBLmuFVdtsHVRycru7yLZvFFF5JuduL3pNu6LBN3k_heQ94ANYVKjaX3_TXipTzY3Cg&amp;processo.codigo=2900017H50000\"><b><strong>Processo 1500304-75.2020.8.26.0081<\/strong><\/b><\/a>.<\/p>\n<p style=\"font-weight: 400\">O r\u00e9u foi preso cerca de tr\u00eas meses depois do crime, em \u00c1lvares Machado, ap\u00f3s decreta\u00e7\u00e3o de pris\u00e3o preventiva expedida pela Justi\u00e7a de Adamantina. A medida inicial foi convertida em pris\u00e3o tempor\u00e1ria e desde ent\u00e3o, por quase dois anos, ele aguardava o julgamento recolhido junto ao sistema penitenci\u00e1rio estadual.<\/p>\n<p style=\"font-weight: 400\"><b><strong>O julgamento<\/strong><\/b><\/p>\n<p style=\"font-weight: 400\">O SIGA MAIS acompanhou todo o julgamento. Os trabalhos do Tribunal do J\u00fari, no F\u00f3rum de Adamantina, foram iniciados \u00e0s 9h, presididos pela ju\u00edza de Ruth Duarte Menegatti, e terminaram \u00e0s 16h15, com uma hora de intervalo para o almo\u00e7o. As acusa\u00e7\u00f5es ao r\u00e9u foram conduzidas pelo promotor de justi\u00e7a Marlon Roberth de\u00a0\u00a0Sales e a defesa exercida pelo advogado Alexandre Lima Ramenzoni.<\/p>\n<p style=\"font-weight: 400\">O per\u00edodo da manh\u00e3 foi marcado pelo sorteio dos jurados, que acabou composto por quatro homens e tr\u00eas mulheres. Os sete representantes da sociedade compuseram o conselho de senten\u00e7a. Depois ocorreram os depoimentos da mulher e tr\u00eas testemunhas, e o interrogat\u00f3rio do r\u00e9u.<\/p>\n<p style=\"font-weight: 400\">J\u00e1 o per\u00edodo da tarde foi marcado pelos debates da acusa\u00e7\u00e3o e defesa. Ap\u00f3s a participa\u00e7\u00e3o de cada um, houve r\u00e9plica e tr\u00e9plica. Encerrados os debates os jurados foram conduzidos \u00e0 sala secreta e \u00e0 16h15 retornaram ao plen\u00e1rio, quando a magistrada proferiu a senten\u00e7a.<\/p>\n<p><img decoding=\"async\" src=\"https:\/\/www.sigamais.com\/arquivo\/uploads\/img0838-1jpg16486795786244da9ac7787.jpg\" \/><\/p>\n<p style=\"font-weight: 400\">Ao final, os jurados do conselho de senten\u00e7a reconheceram que o r\u00e9u n\u00e3o praticou crime de tentativa de feminic\u00eddio. Com isso, a magistrada julgou procedente a pretens\u00e3o punitiva para desclassificar a conduta do r\u00e9u, de tentativa de feminic\u00eddio, para o crime de \u201ccausar inc\u00eandio, expondo a perigo a vida, a integridade f\u00edsica ou o patrim\u00f4nio de outrem\u201d, previsto no artigo 250 do C\u00f3digo Penal.<\/p>\n<p style=\"font-weight: 400\">Com esse desfecho, o r\u00e9u se livrou de eventual pena por crime de tentativa de feminic\u00eddio, sendo condenado, portanto, pelo inc\u00eandio ao im\u00f3vel, com pena estabelecida em 4 anos de reclus\u00e3o e 13 dias-multa no valor unit\u00e1rio m\u00ednimo legal, no regime inicial aberto. Ele obteve tamb\u00e9m o direito de responder em liberdade. Na senten\u00e7a, a ju\u00edza determinou tamb\u00e9m a expedi\u00e7\u00e3o do alvar\u00e1 de soltura.<\/p>\n<p style=\"font-weight: 400\">Em consulta ao processo, no site do Tribunal de Justi\u00e7a do Estado de S\u00e3o Paulo, j\u00e1 consta a expedi\u00e7\u00e3o do alvar\u00e1 de soltura.<\/p>\n<p style=\"font-weight: 400\"><b><strong>Mulher n\u00e3o queria a condena\u00e7\u00e3o do homem<\/strong><\/b><\/p>\n<p style=\"font-weight: 400\">Um dos momentos de destaquem do julgamento foi o depoimento da mulher, figurada como v\u00edtima nos autos do processo. Suas coloca\u00e7\u00f5es, em diferentes momentos, poupavam o acusado.<\/p>\n<p style=\"font-weight: 400\">Sobre os fatos, na v\u00e9spera do ocorrido o casal havia deixado a propriedade rural e ido \u00e0 cidade para fazer compras. Os dois pararam em um bar, para beber, por volta das 10h, e deixaram o local por volta das 16h, retornando \u00e0 ch\u00e1cara.<\/p>\n<p style=\"font-weight: 400\">O homem desconfiou que a mulher havia trocado olhares com frequentadores do bar, o que teria desencadeado uma crise de ci\u00fames, nele, levando a uma discuss\u00e3o. Em seu interrogat\u00f3rio o homem disse ter ficado descontrolado, por ci\u00fames, levando a atear fogo no im\u00f3vel. As vers\u00f5es sobre as participa\u00e7\u00f5es do homem e da mulher no cen\u00e1rio do inc\u00eandio narraram pontos de vista diferentes. J\u00e1 o depoimento das tr\u00eas testemunhas endossavam a primeira vers\u00e3o da mulher dada \u00e0 Pol\u00edcia Civil.<\/p>\n<p><img decoding=\"async\" src=\"https:\/\/www.sigamais.com\/arquivo\/uploads\/img0846-1jpg16486795936244daa924cd6.jpg\" \/><\/p>\n<p style=\"font-weight: 400\">O advogado de defesa pontuou, todavia, conflitos de vers\u00f5es nos depoimentos dados na fase do inqu\u00e9rito policial, com os novos depoimentos colhidos nos autos do processo judicial, o que p\u00f4de ter provocado inseguran\u00e7a e d\u00favidas entre os jurados. Aproveitando-se desses apontamentos sobre diverg\u00eancias, o advogado invocou a presun\u00e7\u00e3o da inoc\u00eancia e que, na d\u00favida, r\u00e9u fosse absolvido.<\/p>\n<p style=\"font-weight: 400\">O promotor atuou para buscar a condena\u00e7\u00e3o do r\u00e9u. Uma das investidas foi para convencer os jurados sobre a tentativa de homic\u00eddio, e o peso das circunst\u00e2ncias, mesmo sem o fator morte consumado. No direito penal essa condi\u00e7\u00e3o recebe o nome de \u201ctentativa branca\u201d, ou \u201cincruenta\u201d, quando o objeto material (pessoa ou coisa) n\u00e3o \u00e9 atingido. Ele explicou que uma tentativa de homic\u00eddio pode n\u00e3o resultar em les\u00f5es corporais (no caso de tentativa branca). Essa condi\u00e7\u00e3o, conforme ressaltou, n\u00e3o ausenta a culpabilidade do autor.<\/p>\n<p style=\"font-weight: 400\">Pela manh\u00e3, ao ser perguntada pelo promotor se queria ver o acusado processado, a mulher respondeu \u201cn\u00e3o\u201d. Na ocasi\u00e3o da pris\u00e3o do homem em 2020, em \u00c1lvares Machado, ele e a mulher j\u00e1 haviam retomado a conviv\u00eancia.<\/p>\n<p>&nbsp;<\/p>\n<p>Fonte: Siga Mais<\/p>\n","protected":false},"excerpt":{"rendered":"<p>Em sess\u00e3o do Tribunal do J\u00fari nesta quarta-feira (30) no F\u00f3rum de Adamantina, o r\u00e9u Ant\u00f4nio Paulino, hoje com 53 anos, foi absolvido da acusa\u00e7\u00e3o de tentativa de feminic\u00eddio, quando em 23 de fevereiro de 2020 colocou fogo na casa onde ele e sua mulher moravam, em uma propriedade rural na Estrada 6, em Adamantina. [&hellip;]<\/p>\n","protected":false},"author":13,"featured_media":51506,"comment_status":"closed","ping_status":"open","sticky":false,"template":"","format":"standard","meta":{"_acf_changed":false,"_exactmetrics_skip_tracking":false,"_exactmetrics_sitenote_active":false,"_exactmetrics_sitenote_note":"","_exactmetrics_sitenote_category":0,"footnotes":""},"categories":[21],"tags":[],"class_list":["post-51505","post","type-post","status-publish","format-standard","has-post-thumbnail","hentry","category-adamantina"],"acf":[],"yoast_head":"<!-- This site is optimized with the Yoast SEO plugin v27.2 - https:\/\/yoast.com\/product\/yoast-seo-wordpress\/ -->\n<title>J\u00fari desclassifica tentativa de feminic\u00eddio e condena\u00e7\u00e3o de r\u00e9u se restringe a inc\u00eandio em im\u00f3vel - R\u00e1dio Life FM<\/title>\n<meta name=\"robots\" content=\"index, follow, max-snippet:-1, max-image-preview:large, max-video-preview:-1\" \/>\n<link rel=\"canonical\" href=\"https:\/\/radiolifefm.com.br\/noticias\/juri-desclassifica-tentativa-de-feminicidio-e-condenacao-de-reu-se-restringe-a-incendio-em-imovel\/\" \/>\n<meta property=\"og:locale\" content=\"pt_BR\" \/>\n<meta property=\"og:type\" content=\"article\" \/>\n<meta property=\"og:title\" content=\"J\u00fari desclassifica tentativa de feminic\u00eddio e condena\u00e7\u00e3o de r\u00e9u se restringe a inc\u00eandio em im\u00f3vel - R\u00e1dio Life FM\" \/>\n<meta property=\"og:description\" content=\"Em sess\u00e3o do Tribunal do J\u00fari nesta quarta-feira (30) no F\u00f3rum de Adamantina, o r\u00e9u Ant\u00f4nio Paulino, hoje com 53 anos, foi absolvido da acusa\u00e7\u00e3o de tentativa de feminic\u00eddio, quando em 23 de fevereiro de 2020 colocou fogo na casa onde ele e sua mulher moravam, em uma propriedade rural na Estrada 6, em Adamantina. [&hellip;]\" \/>\n<meta property=\"og:url\" content=\"https:\/\/radiolifefm.com.br\/noticias\/juri-desclassifica-tentativa-de-feminicidio-e-condenacao-de-reu-se-restringe-a-incendio-em-imovel\/\" \/>\n<meta property=\"og:site_name\" content=\"R\u00e1dio Life FM\" \/>\n<meta property=\"article:publisher\" content=\"https:\/\/www.facebook.com\/radiolifefm\/\" \/>\n<meta property=\"article:published_time\" content=\"2022-03-31T11:02:28+00:00\" \/>\n<meta property=\"article:modified_time\" content=\"2026-04-14T15:39:01+00:00\" \/>\n<meta property=\"og:image\" content=\"https:\/\/radiolifefm.com.br\/noticias\/wp-content\/uploads\/2022\/03\/xxx-1jpg16486802526244dd3c308cd.jpg\" \/>\n\t<meta property=\"og:image:width\" content=\"600\" \/>\n\t<meta property=\"og:image:height\" content=\"337\" \/>\n\t<meta property=\"og:image:type\" content=\"image\/jpeg\" \/>\n<meta name=\"author\" content=\"ritanery\" \/>\n<meta name=\"twitter:card\" content=\"summary_large_image\" \/>\n<meta name=\"twitter:label1\" content=\"Escrito por\" \/>\n\t<meta name=\"twitter:data1\" content=\"ritanery\" \/>\n\t<meta name=\"twitter:label2\" content=\"Est. tempo de leitura\" \/>\n\t<meta name=\"twitter:data2\" content=\"5 minutos\" \/>\n<script type=\"application\/ld+json\" class=\"yoast-schema-graph\">{\"@context\":\"https:\/\/schema.org\",\"@graph\":[{\"@type\":\"Article\",\"@id\":\"https:\/\/radiolifefm.com.br\/noticias\/juri-desclassifica-tentativa-de-feminicidio-e-condenacao-de-reu-se-restringe-a-incendio-em-imovel\/#article\",\"isPartOf\":{\"@id\":\"https:\/\/radiolifefm.com.br\/noticias\/juri-desclassifica-tentativa-de-feminicidio-e-condenacao-de-reu-se-restringe-a-incendio-em-imovel\/\"},\"author\":{\"name\":\"ritanery\",\"@id\":\"https:\/\/radiolifefm.com.br\/noticias\/#\/schema\/person\/6339b9fac59d12b071dec680d7375d87\"},\"headline\":\"J\u00fari desclassifica tentativa de feminic\u00eddio e condena\u00e7\u00e3o de r\u00e9u se restringe a inc\u00eandio em im\u00f3vel\",\"datePublished\":\"2022-03-31T11:02:28+00:00\",\"dateModified\":\"2026-04-14T15:39:01+00:00\",\"mainEntityOfPage\":{\"@id\":\"https:\/\/radiolifefm.com.br\/noticias\/juri-desclassifica-tentativa-de-feminicidio-e-condenacao-de-reu-se-restringe-a-incendio-em-imovel\/\"},\"wordCount\":897,\"publisher\":{\"@id\":\"https:\/\/radiolifefm.com.br\/noticias\/#organization\"},\"image\":{\"@id\":\"https:\/\/radiolifefm.com.br\/noticias\/juri-desclassifica-tentativa-de-feminicidio-e-condenacao-de-reu-se-restringe-a-incendio-em-imovel\/#primaryimage\"},\"thumbnailUrl\":\"https:\/\/radiolifefm.com.br\/noticias\/wp-content\/uploads\/2022\/03\/xxx-1jpg16486802526244dd3c308cd.jpg\",\"articleSection\":[\"Adamantina\"],\"inLanguage\":\"pt-BR\"},{\"@type\":\"WebPage\",\"@id\":\"https:\/\/radiolifefm.com.br\/noticias\/juri-desclassifica-tentativa-de-feminicidio-e-condenacao-de-reu-se-restringe-a-incendio-em-imovel\/\",\"url\":\"https:\/\/radiolifefm.com.br\/noticias\/juri-desclassifica-tentativa-de-feminicidio-e-condenacao-de-reu-se-restringe-a-incendio-em-imovel\/\",\"name\":\"J\u00fari desclassifica tentativa de feminic\u00eddio e condena\u00e7\u00e3o de r\u00e9u se restringe a inc\u00eandio em im\u00f3vel - R\u00e1dio Life FM\",\"isPartOf\":{\"@id\":\"https:\/\/radiolifefm.com.br\/noticias\/#website\"},\"primaryImageOfPage\":{\"@id\":\"https:\/\/radiolifefm.com.br\/noticias\/juri-desclassifica-tentativa-de-feminicidio-e-condenacao-de-reu-se-restringe-a-incendio-em-imovel\/#primaryimage\"},\"image\":{\"@id\":\"https:\/\/radiolifefm.com.br\/noticias\/juri-desclassifica-tentativa-de-feminicidio-e-condenacao-de-reu-se-restringe-a-incendio-em-imovel\/#primaryimage\"},\"thumbnailUrl\":\"https:\/\/radiolifefm.com.br\/noticias\/wp-content\/uploads\/2022\/03\/xxx-1jpg16486802526244dd3c308cd.jpg\",\"datePublished\":\"2022-03-31T11:02:28+00:00\",\"dateModified\":\"2026-04-14T15:39:01+00:00\",\"breadcrumb\":{\"@id\":\"https:\/\/radiolifefm.com.br\/noticias\/juri-desclassifica-tentativa-de-feminicidio-e-condenacao-de-reu-se-restringe-a-incendio-em-imovel\/#breadcrumb\"},\"inLanguage\":\"pt-BR\",\"potentialAction\":[{\"@type\":\"ReadAction\",\"target\":[\"https:\/\/radiolifefm.com.br\/noticias\/juri-desclassifica-tentativa-de-feminicidio-e-condenacao-de-reu-se-restringe-a-incendio-em-imovel\/\"]}]},{\"@type\":\"ImageObject\",\"inLanguage\":\"pt-BR\",\"@id\":\"https:\/\/radiolifefm.com.br\/noticias\/juri-desclassifica-tentativa-de-feminicidio-e-condenacao-de-reu-se-restringe-a-incendio-em-imovel\/#primaryimage\",\"url\":\"https:\/\/radiolifefm.com.br\/noticias\/wp-content\/uploads\/2022\/03\/xxx-1jpg16486802526244dd3c308cd.jpg\",\"contentUrl\":\"https:\/\/radiolifefm.com.br\/noticias\/wp-content\/uploads\/2022\/03\/xxx-1jpg16486802526244dd3c308cd.jpg\",\"width\":600,\"height\":337,\"caption\":\"Pena por causar inc\u00eandio expondo a perigo a vida e o patrim\u00f4nio foi fixada a 4 anos de reclus\u00e3o.\"},{\"@type\":\"BreadcrumbList\",\"@id\":\"https:\/\/radiolifefm.com.br\/noticias\/juri-desclassifica-tentativa-de-feminicidio-e-condenacao-de-reu-se-restringe-a-incendio-em-imovel\/#breadcrumb\",\"itemListElement\":[{\"@type\":\"ListItem\",\"position\":1,\"name\":\"In\u00edcio\",\"item\":\"https:\/\/radiolifefm.com.br\/noticias\/\"},{\"@type\":\"ListItem\",\"position\":2,\"name\":\"J\u00fari desclassifica tentativa de feminic\u00eddio e condena\u00e7\u00e3o de r\u00e9u se restringe a inc\u00eandio em im\u00f3vel\"}]},{\"@type\":\"WebSite\",\"@id\":\"https:\/\/radiolifefm.com.br\/noticias\/#website\",\"url\":\"https:\/\/radiolifefm.com.br\/noticias\/\",\"name\":\"R\u00e1dio Life FM\",\"description\":\"O Portal de Not\u00edcias de Adamantina\",\"publisher\":{\"@id\":\"https:\/\/radiolifefm.com.br\/noticias\/#organization\"},\"alternateName\":\"Life FM\",\"potentialAction\":[{\"@type\":\"SearchAction\",\"target\":{\"@type\":\"EntryPoint\",\"urlTemplate\":\"https:\/\/radiolifefm.com.br\/noticias\/?s={search_term_string}\"},\"query-input\":{\"@type\":\"PropertyValueSpecification\",\"valueRequired\":true,\"valueName\":\"search_term_string\"}}],\"inLanguage\":\"pt-BR\"},{\"@type\":\"Organization\",\"@id\":\"https:\/\/radiolifefm.com.br\/noticias\/#organization\",\"name\":\"R\u00e1dio Life FM\",\"alternateName\":\"Life FM\",\"url\":\"https:\/\/radiolifefm.com.br\/noticias\/\",\"logo\":{\"@type\":\"ImageObject\",\"inLanguage\":\"pt-BR\",\"@id\":\"https:\/\/radiolifefm.com.br\/noticias\/#\/schema\/logo\/image\/\",\"url\":\"https:\/\/static.radiolifefm.com.br\/noticias\/wp-content\/uploads\/2019\/10\/logo-lifefm.png\",\"contentUrl\":\"https:\/\/static.radiolifefm.com.br\/noticias\/wp-content\/uploads\/2019\/10\/logo-lifefm.png\",\"width\":196,\"height\":47,\"caption\":\"R\u00e1dio Life FM\"},\"image\":{\"@id\":\"https:\/\/radiolifefm.com.br\/noticias\/#\/schema\/logo\/image\/\"},\"sameAs\":[\"https:\/\/www.facebook.com\/radiolifefm\/\",\"https:\/\/www.instagram.com\/life1079fm\/\"]},{\"@type\":\"Person\",\"@id\":\"https:\/\/radiolifefm.com.br\/noticias\/#\/schema\/person\/6339b9fac59d12b071dec680d7375d87\",\"name\":\"ritanery\",\"image\":{\"@type\":\"ImageObject\",\"inLanguage\":\"pt-BR\",\"@id\":\"https:\/\/secure.gravatar.com\/avatar\/0e37bb19071f47c0b8a23f62a903df117c5a0e75f65a0c2901562f97cd41cf86?s=96&d=mm&r=g\",\"url\":\"https:\/\/secure.gravatar.com\/avatar\/0e37bb19071f47c0b8a23f62a903df117c5a0e75f65a0c2901562f97cd41cf86?s=96&d=mm&r=g\",\"contentUrl\":\"https:\/\/secure.gravatar.com\/avatar\/0e37bb19071f47c0b8a23f62a903df117c5a0e75f65a0c2901562f97cd41cf86?s=96&d=mm&r=g\",\"caption\":\"ritanery\"}}]}<\/script>\n<!-- \/ Yoast SEO plugin. -->","yoast_head_json":{"title":"J\u00fari desclassifica tentativa de feminic\u00eddio e condena\u00e7\u00e3o de r\u00e9u se restringe a inc\u00eandio em im\u00f3vel - R\u00e1dio Life FM","robots":{"index":"index","follow":"follow","max-snippet":"max-snippet:-1","max-image-preview":"max-image-preview:large","max-video-preview":"max-video-preview:-1"},"canonical":"https:\/\/radiolifefm.com.br\/noticias\/juri-desclassifica-tentativa-de-feminicidio-e-condenacao-de-reu-se-restringe-a-incendio-em-imovel\/","og_locale":"pt_BR","og_type":"article","og_title":"J\u00fari desclassifica tentativa de feminic\u00eddio e condena\u00e7\u00e3o de r\u00e9u se restringe a inc\u00eandio em im\u00f3vel - R\u00e1dio Life FM","og_description":"Em sess\u00e3o do Tribunal do J\u00fari nesta quarta-feira (30) no F\u00f3rum de Adamantina, o r\u00e9u Ant\u00f4nio Paulino, hoje com 53 anos, foi absolvido da acusa\u00e7\u00e3o de tentativa de feminic\u00eddio, quando em 23 de fevereiro de 2020 colocou fogo na casa onde ele e sua mulher moravam, em uma propriedade rural na Estrada 6, em Adamantina. [&hellip;]","og_url":"https:\/\/radiolifefm.com.br\/noticias\/juri-desclassifica-tentativa-de-feminicidio-e-condenacao-de-reu-se-restringe-a-incendio-em-imovel\/","og_site_name":"R\u00e1dio Life FM","article_publisher":"https:\/\/www.facebook.com\/radiolifefm\/","article_published_time":"2022-03-31T11:02:28+00:00","article_modified_time":"2026-04-14T15:39:01+00:00","og_image":[{"width":600,"height":337,"url":"https:\/\/radiolifefm.com.br\/noticias\/wp-content\/uploads\/2022\/03\/xxx-1jpg16486802526244dd3c308cd.jpg","type":"image\/jpeg"}],"author":"ritanery","twitter_card":"summary_large_image","twitter_misc":{"Escrito por":"ritanery","Est. tempo de leitura":"5 minutos"},"schema":{"@context":"https:\/\/schema.org","@graph":[{"@type":"Article","@id":"https:\/\/radiolifefm.com.br\/noticias\/juri-desclassifica-tentativa-de-feminicidio-e-condenacao-de-reu-se-restringe-a-incendio-em-imovel\/#article","isPartOf":{"@id":"https:\/\/radiolifefm.com.br\/noticias\/juri-desclassifica-tentativa-de-feminicidio-e-condenacao-de-reu-se-restringe-a-incendio-em-imovel\/"},"author":{"name":"ritanery","@id":"https:\/\/radiolifefm.com.br\/noticias\/#\/schema\/person\/6339b9fac59d12b071dec680d7375d87"},"headline":"J\u00fari desclassifica tentativa de feminic\u00eddio e condena\u00e7\u00e3o de r\u00e9u se restringe a inc\u00eandio em im\u00f3vel","datePublished":"2022-03-31T11:02:28+00:00","dateModified":"2026-04-14T15:39:01+00:00","mainEntityOfPage":{"@id":"https:\/\/radiolifefm.com.br\/noticias\/juri-desclassifica-tentativa-de-feminicidio-e-condenacao-de-reu-se-restringe-a-incendio-em-imovel\/"},"wordCount":897,"publisher":{"@id":"https:\/\/radiolifefm.com.br\/noticias\/#organization"},"image":{"@id":"https:\/\/radiolifefm.com.br\/noticias\/juri-desclassifica-tentativa-de-feminicidio-e-condenacao-de-reu-se-restringe-a-incendio-em-imovel\/#primaryimage"},"thumbnailUrl":"https:\/\/radiolifefm.com.br\/noticias\/wp-content\/uploads\/2022\/03\/xxx-1jpg16486802526244dd3c308cd.jpg","articleSection":["Adamantina"],"inLanguage":"pt-BR"},{"@type":"WebPage","@id":"https:\/\/radiolifefm.com.br\/noticias\/juri-desclassifica-tentativa-de-feminicidio-e-condenacao-de-reu-se-restringe-a-incendio-em-imovel\/","url":"https:\/\/radiolifefm.com.br\/noticias\/juri-desclassifica-tentativa-de-feminicidio-e-condenacao-de-reu-se-restringe-a-incendio-em-imovel\/","name":"J\u00fari desclassifica tentativa de feminic\u00eddio e condena\u00e7\u00e3o de r\u00e9u se restringe a inc\u00eandio em im\u00f3vel - R\u00e1dio Life FM","isPartOf":{"@id":"https:\/\/radiolifefm.com.br\/noticias\/#website"},"primaryImageOfPage":{"@id":"https:\/\/radiolifefm.com.br\/noticias\/juri-desclassifica-tentativa-de-feminicidio-e-condenacao-de-reu-se-restringe-a-incendio-em-imovel\/#primaryimage"},"image":{"@id":"https:\/\/radiolifefm.com.br\/noticias\/juri-desclassifica-tentativa-de-feminicidio-e-condenacao-de-reu-se-restringe-a-incendio-em-imovel\/#primaryimage"},"thumbnailUrl":"https:\/\/radiolifefm.com.br\/noticias\/wp-content\/uploads\/2022\/03\/xxx-1jpg16486802526244dd3c308cd.jpg","datePublished":"2022-03-31T11:02:28+00:00","dateModified":"2026-04-14T15:39:01+00:00","breadcrumb":{"@id":"https:\/\/radiolifefm.com.br\/noticias\/juri-desclassifica-tentativa-de-feminicidio-e-condenacao-de-reu-se-restringe-a-incendio-em-imovel\/#breadcrumb"},"inLanguage":"pt-BR","potentialAction":[{"@type":"ReadAction","target":["https:\/\/radiolifefm.com.br\/noticias\/juri-desclassifica-tentativa-de-feminicidio-e-condenacao-de-reu-se-restringe-a-incendio-em-imovel\/"]}]},{"@type":"ImageObject","inLanguage":"pt-BR","@id":"https:\/\/radiolifefm.com.br\/noticias\/juri-desclassifica-tentativa-de-feminicidio-e-condenacao-de-reu-se-restringe-a-incendio-em-imovel\/#primaryimage","url":"https:\/\/radiolifefm.com.br\/noticias\/wp-content\/uploads\/2022\/03\/xxx-1jpg16486802526244dd3c308cd.jpg","contentUrl":"https:\/\/radiolifefm.com.br\/noticias\/wp-content\/uploads\/2022\/03\/xxx-1jpg16486802526244dd3c308cd.jpg","width":600,"height":337,"caption":"Pena por causar inc\u00eandio expondo a perigo a vida e o patrim\u00f4nio foi fixada a 4 anos de reclus\u00e3o."},{"@type":"BreadcrumbList","@id":"https:\/\/radiolifefm.com.br\/noticias\/juri-desclassifica-tentativa-de-feminicidio-e-condenacao-de-reu-se-restringe-a-incendio-em-imovel\/#breadcrumb","itemListElement":[{"@type":"ListItem","position":1,"name":"In\u00edcio","item":"https:\/\/radiolifefm.com.br\/noticias\/"},{"@type":"ListItem","position":2,"name":"J\u00fari desclassifica tentativa de feminic\u00eddio e condena\u00e7\u00e3o de r\u00e9u se restringe a inc\u00eandio em im\u00f3vel"}]},{"@type":"WebSite","@id":"https:\/\/radiolifefm.com.br\/noticias\/#website","url":"https:\/\/radiolifefm.com.br\/noticias\/","name":"R\u00e1dio Life FM","description":"O Portal de Not\u00edcias de Adamantina","publisher":{"@id":"https:\/\/radiolifefm.com.br\/noticias\/#organization"},"alternateName":"Life FM","potentialAction":[{"@type":"SearchAction","target":{"@type":"EntryPoint","urlTemplate":"https:\/\/radiolifefm.com.br\/noticias\/?s={search_term_string}"},"query-input":{"@type":"PropertyValueSpecification","valueRequired":true,"valueName":"search_term_string"}}],"inLanguage":"pt-BR"},{"@type":"Organization","@id":"https:\/\/radiolifefm.com.br\/noticias\/#organization","name":"R\u00e1dio Life FM","alternateName":"Life FM","url":"https:\/\/radiolifefm.com.br\/noticias\/","logo":{"@type":"ImageObject","inLanguage":"pt-BR","@id":"https:\/\/radiolifefm.com.br\/noticias\/#\/schema\/logo\/image\/","url":"https:\/\/static.radiolifefm.com.br\/noticias\/wp-content\/uploads\/2019\/10\/logo-lifefm.png","contentUrl":"https:\/\/static.radiolifefm.com.br\/noticias\/wp-content\/uploads\/2019\/10\/logo-lifefm.png","width":196,"height":47,"caption":"R\u00e1dio Life FM"},"image":{"@id":"https:\/\/radiolifefm.com.br\/noticias\/#\/schema\/logo\/image\/"},"sameAs":["https:\/\/www.facebook.com\/radiolifefm\/","https:\/\/www.instagram.com\/life1079fm\/"]},{"@type":"Person","@id":"https:\/\/radiolifefm.com.br\/noticias\/#\/schema\/person\/6339b9fac59d12b071dec680d7375d87","name":"ritanery","image":{"@type":"ImageObject","inLanguage":"pt-BR","@id":"https:\/\/secure.gravatar.com\/avatar\/0e37bb19071f47c0b8a23f62a903df117c5a0e75f65a0c2901562f97cd41cf86?s=96&d=mm&r=g","url":"https:\/\/secure.gravatar.com\/avatar\/0e37bb19071f47c0b8a23f62a903df117c5a0e75f65a0c2901562f97cd41cf86?s=96&d=mm&r=g","contentUrl":"https:\/\/secure.gravatar.com\/avatar\/0e37bb19071f47c0b8a23f62a903df117c5a0e75f65a0c2901562f97cd41cf86?s=96&d=mm&r=g","caption":"ritanery"}}]}},"amp_enabled":true,"_links":{"self":[{"href":"https:\/\/radiolifefm.com.br\/noticias\/wp-json\/wp\/v2\/posts\/51505","targetHints":{"allow":["GET"]}}],"collection":[{"href":"https:\/\/radiolifefm.com.br\/noticias\/wp-json\/wp\/v2\/posts"}],"about":[{"href":"https:\/\/radiolifefm.com.br\/noticias\/wp-json\/wp\/v2\/types\/post"}],"author":[{"embeddable":true,"href":"https:\/\/radiolifefm.com.br\/noticias\/wp-json\/wp\/v2\/users\/13"}],"replies":[{"embeddable":true,"href":"https:\/\/radiolifefm.com.br\/noticias\/wp-json\/wp\/v2\/comments?post=51505"}],"version-history":[{"count":4,"href":"https:\/\/radiolifefm.com.br\/noticias\/wp-json\/wp\/v2\/posts\/51505\/revisions"}],"predecessor-version":[{"id":51510,"href":"https:\/\/radiolifefm.com.br\/noticias\/wp-json\/wp\/v2\/posts\/51505\/revisions\/51510"}],"wp:featuredmedia":[{"embeddable":true,"href":"https:\/\/radiolifefm.com.br\/noticias\/wp-json\/wp\/v2\/media\/51506"}],"wp:attachment":[{"href":"https:\/\/radiolifefm.com.br\/noticias\/wp-json\/wp\/v2\/media?parent=51505"}],"wp:term":[{"taxonomy":"category","embeddable":true,"href":"https:\/\/radiolifefm.com.br\/noticias\/wp-json\/wp\/v2\/categories?post=51505"},{"taxonomy":"post_tag","embeddable":true,"href":"https:\/\/radiolifefm.com.br\/noticias\/wp-json\/wp\/v2\/tags?post=51505"}],"curies":[{"name":"wp","href":"https:\/\/api.w.org\/{rel}","templated":true}]}}