{"id":51498,"date":"2022-03-30T13:07:02","date_gmt":"2022-03-30T16:07:02","guid":{"rendered":"https:\/\/radiolifefm.com.br\/noticias\/?p=51498"},"modified":"2026-03-22T11:16:38","modified_gmt":"2026-03-22T14:16:38","slug":"prefeitura-de-adamantina-participa-de-encontro-no-parque-tecnologico-em-sao-jose-dos-campos","status":"publish","type":"post","link":"https:\/\/radiolifefm.com.br\/noticias\/prefeitura-de-adamantina-participa-de-encontro-no-parque-tecnologico-em-sao-jose-dos-campos\/","title":{"rendered":"Prefeitura de Adamantina participa de encontro no Parque Tecnol\u00f3gico em S\u00e3o Jos\u00e9 dos Campos"},"content":{"rendered":"<div id=\"fb-root\"><\/div>\n<p style=\"font-weight: 400\">O prefeito M\u00e1rcio Cardim e o secret\u00e1rio de sa\u00fade, Gustavo Taniguchi Rufino, estiveram na manh\u00e3 de ontem (29), no Parque Tecnol\u00f3gico na cidade de S\u00e3o Jos\u00e9 dos Campos.<\/p>\n<p style=\"font-weight: 400\">Na oportunidade, foram recebidos pelo diretor de desenvolvimento de neg\u00f3cios, Marcelo Nunes da Silva e Jos\u00e9 Felipe, membro da diretoria.<\/p>\n<p style=\"font-weight: 400\">A visita teve como objetivo firmar parceria com o Parque Tecnol\u00f3gico. A partir da formaliza\u00e7\u00e3o do termo, a Prefeitura de Adamantina poder\u00e1 fazer solicita\u00e7\u00f5es tecnol\u00f3gicas a fim de solucionar demandas existentes no munic\u00edpio.<\/p>\n<p style=\"font-weight: 400\">O Parque Tecnol\u00f3gico S\u00e3o Jos\u00e9 dos Campos \u00e9 um espa\u00e7o onde objetiva-se fazer a promo\u00e7\u00e3o da ci\u00eancia, da tecnologia, da inova\u00e7\u00e3o e do empreendedorismo por meio do desenvolvimento das empresas e institui\u00e7\u00f5es que est\u00e3o vinculadas.<\/p>\n<p style=\"font-weight: 400\">Ao todo, ele tem mais de 300 empresas vinculadas, 188 mil metros quadrados e cerca de 7 mil pessoas circulam no local diariamente.<\/p>\n<p style=\"font-weight: 400\"><strong>Relembre<\/strong><\/p>\n<p style=\"font-weight: 400\">Em janeiro, O prefeito M\u00e1rcio Cardim, os secret\u00e1rios Jo\u00e3o Vitor Marega e Sergio Vanderlei e o engenheiro Vin\u00edcius Ribeiro estiveram na cidade de S\u00e3o Jos\u00e9 dos Campos com o objetivo de conhecer o Parque Tecnol\u00f3gico bem como a Secretaria de Desenvolvimento e Tecnologia de S\u00e3o Jos\u00e9 dos Campos.<\/p>\n<p style=\"font-weight: 400\">Participaram ainda da visita o presidente da C\u00e2mara Municipal, Paulo Cervelheira, o assessor da presid\u00eancia do Crea-SP, Daniel Robles e representando a OAB de Adamantina, o advogado H\u00e9lio Malheiros.<\/p>\n<p style=\"font-weight: 400\">A comitiva al\u00e9m de conhecer o espa\u00e7o, realizou visitas a empresas que desenvolvem produtos de inova\u00e7\u00e3o com foco no desenvolvimento e gera\u00e7\u00e3o de emprego e renda.<\/p>\n<p>&nbsp;<\/p>\n<p>Fonte: Assessoria de Imprensa<\/p>\n","protected":false},"excerpt":{"rendered":"<p>O prefeito M\u00e1rcio Cardim e o secret\u00e1rio de sa\u00fade, Gustavo Taniguchi Rufino, estiveram na manh\u00e3 de ontem (29), no Parque Tecnol\u00f3gico na cidade de S\u00e3o Jos\u00e9 dos Campos. Na oportunidade, foram recebidos pelo diretor de desenvolvimento de neg\u00f3cios, Marcelo Nunes da Silva e Jos\u00e9 Felipe, membro da diretoria. A visita teve como objetivo firmar parceria [&hellip;]<\/p>\n","protected":false},"author":13,"featured_media":51499,"comment_status":"closed","ping_status":"open","sticky":false,"template":"","format":"standard","meta":{"_acf_changed":false,"_exactmetrics_skip_tracking":false,"_exactmetrics_sitenote_active":false,"_exactmetrics_sitenote_note":"","_exactmetrics_sitenote_category":0,"footnotes":""},"categories":[21],"tags":[],"class_list":["post-51498","post","type-post","status-publish","format-standard","has-post-thumbnail","hentry","category-adamantina"],"acf":[],"yoast_head":"<!-- This site is optimized with the Yoast SEO plugin v27.2 - https:\/\/yoast.com\/product\/yoast-seo-wordpress\/ -->\n<title>Prefeitura de Adamantina participa de encontro no Parque Tecnol\u00f3gico em S\u00e3o Jos\u00e9 dos Campos - R\u00e1dio Life FM<\/title>\n<meta name=\"robots\" content=\"index, follow, max-snippet:-1, max-image-preview:large, max-video-preview:-1\" \/>\n<link rel=\"canonical\" href=\"https:\/\/radiolifefm.com.br\/noticias\/prefeitura-de-adamantina-participa-de-encontro-no-parque-tecnologico-em-sao-jose-dos-campos\/\" \/>\n<meta property=\"og:locale\" content=\"pt_BR\" \/>\n<meta property=\"og:type\" content=\"article\" \/>\n<meta property=\"og:title\" content=\"Prefeitura de Adamantina participa de encontro no Parque Tecnol\u00f3gico em S\u00e3o Jos\u00e9 dos Campos - R\u00e1dio Life FM\" \/>\n<meta property=\"og:description\" content=\"O prefeito M\u00e1rcio Cardim e o secret\u00e1rio de sa\u00fade, Gustavo Taniguchi Rufino, estiveram na manh\u00e3 de ontem (29), no Parque Tecnol\u00f3gico na cidade de S\u00e3o Jos\u00e9 dos Campos. Na oportunidade, foram recebidos pelo diretor de desenvolvimento de neg\u00f3cios, Marcelo Nunes da Silva e Jos\u00e9 Felipe, membro da diretoria. A visita teve como objetivo firmar parceria [&hellip;]\" \/>\n<meta property=\"og:url\" content=\"https:\/\/radiolifefm.com.br\/noticias\/prefeitura-de-adamantina-participa-de-encontro-no-parque-tecnologico-em-sao-jose-dos-campos\/\" \/>\n<meta property=\"og:site_name\" content=\"R\u00e1dio Life FM\" \/>\n<meta property=\"article:publisher\" content=\"https:\/\/www.facebook.com\/radiolifefm\/\" \/>\n<meta property=\"article:published_time\" content=\"2022-03-30T16:07:02+00:00\" \/>\n<meta property=\"article:modified_time\" content=\"2026-03-22T14:16:38+00:00\" \/>\n<meta property=\"og:image\" content=\"https:\/\/radiolifefm.com.br\/noticias\/wp-content\/uploads\/2022\/03\/foto-3.jpeg\" \/>\n\t<meta property=\"og:image:width\" content=\"1156\" \/>\n\t<meta property=\"og:image:height\" content=\"867\" \/>\n\t<meta property=\"og:image:type\" content=\"image\/jpeg\" \/>\n<meta name=\"author\" content=\"ritanery\" \/>\n<meta name=\"twitter:card\" content=\"summary_large_image\" \/>\n<meta name=\"twitter:label1\" content=\"Escrito por\" \/>\n\t<meta name=\"twitter:data1\" content=\"ritanery\" \/>\n\t<meta name=\"twitter:label2\" content=\"Est. tempo de leitura\" \/>\n\t<meta name=\"twitter:data2\" content=\"1 minuto\" \/>\n<script type=\"application\/ld+json\" class=\"yoast-schema-graph\">{\"@context\":\"https:\/\/schema.org\",\"@graph\":[{\"@type\":\"Article\",\"@id\":\"https:\/\/radiolifefm.com.br\/noticias\/prefeitura-de-adamantina-participa-de-encontro-no-parque-tecnologico-em-sao-jose-dos-campos\/#article\",\"isPartOf\":{\"@id\":\"https:\/\/radiolifefm.com.br\/noticias\/prefeitura-de-adamantina-participa-de-encontro-no-parque-tecnologico-em-sao-jose-dos-campos\/\"},\"author\":{\"name\":\"ritanery\",\"@id\":\"https:\/\/radiolifefm.com.br\/noticias\/#\/schema\/person\/6339b9fac59d12b071dec680d7375d87\"},\"headline\":\"Prefeitura de Adamantina participa de encontro no Parque Tecnol\u00f3gico em S\u00e3o Jos\u00e9 dos Campos\",\"datePublished\":\"2022-03-30T16:07:02+00:00\",\"dateModified\":\"2026-03-22T14:16:38+00:00\",\"mainEntityOfPage\":{\"@id\":\"https:\/\/radiolifefm.com.br\/noticias\/prefeitura-de-adamantina-participa-de-encontro-no-parque-tecnologico-em-sao-jose-dos-campos\/\"},\"wordCount\":292,\"publisher\":{\"@id\":\"https:\/\/radiolifefm.com.br\/noticias\/#organization\"},\"image\":{\"@id\":\"https:\/\/radiolifefm.com.br\/noticias\/prefeitura-de-adamantina-participa-de-encontro-no-parque-tecnologico-em-sao-jose-dos-campos\/#primaryimage\"},\"thumbnailUrl\":\"https:\/\/radiolifefm.com.br\/noticias\/wp-content\/uploads\/2022\/03\/foto-3.jpeg\",\"articleSection\":[\"Adamantina\"],\"inLanguage\":\"pt-BR\"},{\"@type\":\"WebPage\",\"@id\":\"https:\/\/radiolifefm.com.br\/noticias\/prefeitura-de-adamantina-participa-de-encontro-no-parque-tecnologico-em-sao-jose-dos-campos\/\",\"url\":\"https:\/\/radiolifefm.com.br\/noticias\/prefeitura-de-adamantina-participa-de-encontro-no-parque-tecnologico-em-sao-jose-dos-campos\/\",\"name\":\"Prefeitura de Adamantina participa de encontro no Parque Tecnol\u00f3gico em S\u00e3o Jos\u00e9 dos Campos - R\u00e1dio Life FM\",\"isPartOf\":{\"@id\":\"https:\/\/radiolifefm.com.br\/noticias\/#website\"},\"primaryImageOfPage\":{\"@id\":\"https:\/\/radiolifefm.com.br\/noticias\/prefeitura-de-adamantina-participa-de-encontro-no-parque-tecnologico-em-sao-jose-dos-campos\/#primaryimage\"},\"image\":{\"@id\":\"https:\/\/radiolifefm.com.br\/noticias\/prefeitura-de-adamantina-participa-de-encontro-no-parque-tecnologico-em-sao-jose-dos-campos\/#primaryimage\"},\"thumbnailUrl\":\"https:\/\/radiolifefm.com.br\/noticias\/wp-content\/uploads\/2022\/03\/foto-3.jpeg\",\"datePublished\":\"2022-03-30T16:07:02+00:00\",\"dateModified\":\"2026-03-22T14:16:38+00:00\",\"breadcrumb\":{\"@id\":\"https:\/\/radiolifefm.com.br\/noticias\/prefeitura-de-adamantina-participa-de-encontro-no-parque-tecnologico-em-sao-jose-dos-campos\/#breadcrumb\"},\"inLanguage\":\"pt-BR\",\"potentialAction\":[{\"@type\":\"ReadAction\",\"target\":[\"https:\/\/radiolifefm.com.br\/noticias\/prefeitura-de-adamantina-participa-de-encontro-no-parque-tecnologico-em-sao-jose-dos-campos\/\"]}]},{\"@type\":\"ImageObject\",\"inLanguage\":\"pt-BR\",\"@id\":\"https:\/\/radiolifefm.com.br\/noticias\/prefeitura-de-adamantina-participa-de-encontro-no-parque-tecnologico-em-sao-jose-dos-campos\/#primaryimage\",\"url\":\"https:\/\/radiolifefm.com.br\/noticias\/wp-content\/uploads\/2022\/03\/foto-3.jpeg\",\"contentUrl\":\"https:\/\/radiolifefm.com.br\/noticias\/wp-content\/uploads\/2022\/03\/foto-3.jpeg\",\"width\":1156,\"height\":867},{\"@type\":\"BreadcrumbList\",\"@id\":\"https:\/\/radiolifefm.com.br\/noticias\/prefeitura-de-adamantina-participa-de-encontro-no-parque-tecnologico-em-sao-jose-dos-campos\/#breadcrumb\",\"itemListElement\":[{\"@type\":\"ListItem\",\"position\":1,\"name\":\"In\u00edcio\",\"item\":\"https:\/\/radiolifefm.com.br\/noticias\/\"},{\"@type\":\"ListItem\",\"position\":2,\"name\":\"Prefeitura de Adamantina participa de encontro no Parque Tecnol\u00f3gico em S\u00e3o Jos\u00e9 dos Campos\"}]},{\"@type\":\"WebSite\",\"@id\":\"https:\/\/radiolifefm.com.br\/noticias\/#website\",\"url\":\"https:\/\/radiolifefm.com.br\/noticias\/\",\"name\":\"R\u00e1dio Life FM\",\"description\":\"O Portal de Not\u00edcias de Adamantina\",\"publisher\":{\"@id\":\"https:\/\/radiolifefm.com.br\/noticias\/#organization\"},\"alternateName\":\"Life FM\",\"potentialAction\":[{\"@type\":\"SearchAction\",\"target\":{\"@type\":\"EntryPoint\",\"urlTemplate\":\"https:\/\/radiolifefm.com.br\/noticias\/?s={search_term_string}\"},\"query-input\":{\"@type\":\"PropertyValueSpecification\",\"valueRequired\":true,\"valueName\":\"search_term_string\"}}],\"inLanguage\":\"pt-BR\"},{\"@type\":\"Organization\",\"@id\":\"https:\/\/radiolifefm.com.br\/noticias\/#organization\",\"name\":\"R\u00e1dio Life FM\",\"alternateName\":\"Life FM\",\"url\":\"https:\/\/radiolifefm.com.br\/noticias\/\",\"logo\":{\"@type\":\"ImageObject\",\"inLanguage\":\"pt-BR\",\"@id\":\"https:\/\/radiolifefm.com.br\/noticias\/#\/schema\/logo\/image\/\",\"url\":\"https:\/\/static.radiolifefm.com.br\/noticias\/wp-content\/uploads\/2019\/10\/logo-lifefm.png\",\"contentUrl\":\"https:\/\/static.radiolifefm.com.br\/noticias\/wp-content\/uploads\/2019\/10\/logo-lifefm.png\",\"width\":196,\"height\":47,\"caption\":\"R\u00e1dio Life FM\"},\"image\":{\"@id\":\"https:\/\/radiolifefm.com.br\/noticias\/#\/schema\/logo\/image\/\"},\"sameAs\":[\"https:\/\/www.facebook.com\/radiolifefm\/\",\"https:\/\/www.instagram.com\/life1079fm\/\"]},{\"@type\":\"Person\",\"@id\":\"https:\/\/radiolifefm.com.br\/noticias\/#\/schema\/person\/6339b9fac59d12b071dec680d7375d87\",\"name\":\"ritanery\",\"image\":{\"@type\":\"ImageObject\",\"inLanguage\":\"pt-BR\",\"@id\":\"https:\/\/secure.gravatar.com\/avatar\/0e37bb19071f47c0b8a23f62a903df117c5a0e75f65a0c2901562f97cd41cf86?s=96&d=mm&r=g\",\"url\":\"https:\/\/secure.gravatar.com\/avatar\/0e37bb19071f47c0b8a23f62a903df117c5a0e75f65a0c2901562f97cd41cf86?s=96&d=mm&r=g\",\"contentUrl\":\"https:\/\/secure.gravatar.com\/avatar\/0e37bb19071f47c0b8a23f62a903df117c5a0e75f65a0c2901562f97cd41cf86?s=96&d=mm&r=g\",\"caption\":\"ritanery\"}}]}<\/script>\n<!-- \/ Yoast SEO plugin. -->","yoast_head_json":{"title":"Prefeitura de Adamantina participa de encontro no Parque Tecnol\u00f3gico em S\u00e3o Jos\u00e9 dos Campos - R\u00e1dio Life FM","robots":{"index":"index","follow":"follow","max-snippet":"max-snippet:-1","max-image-preview":"max-image-preview:large","max-video-preview":"max-video-preview:-1"},"canonical":"https:\/\/radiolifefm.com.br\/noticias\/prefeitura-de-adamantina-participa-de-encontro-no-parque-tecnologico-em-sao-jose-dos-campos\/","og_locale":"pt_BR","og_type":"article","og_title":"Prefeitura de Adamantina participa de encontro no Parque Tecnol\u00f3gico em S\u00e3o Jos\u00e9 dos Campos - R\u00e1dio Life FM","og_description":"O prefeito M\u00e1rcio Cardim e o secret\u00e1rio de sa\u00fade, Gustavo Taniguchi Rufino, estiveram na manh\u00e3 de ontem (29), no Parque Tecnol\u00f3gico na cidade de S\u00e3o Jos\u00e9 dos Campos. Na oportunidade, foram recebidos pelo diretor de desenvolvimento de neg\u00f3cios, Marcelo Nunes da Silva e Jos\u00e9 Felipe, membro da diretoria. A visita teve como objetivo firmar parceria [&hellip;]","og_url":"https:\/\/radiolifefm.com.br\/noticias\/prefeitura-de-adamantina-participa-de-encontro-no-parque-tecnologico-em-sao-jose-dos-campos\/","og_site_name":"R\u00e1dio Life FM","article_publisher":"https:\/\/www.facebook.com\/radiolifefm\/","article_published_time":"2022-03-30T16:07:02+00:00","article_modified_time":"2026-03-22T14:16:38+00:00","og_image":[{"width":1156,"height":867,"url":"https:\/\/radiolifefm.com.br\/noticias\/wp-content\/uploads\/2022\/03\/foto-3.jpeg","type":"image\/jpeg"}],"author":"ritanery","twitter_card":"summary_large_image","twitter_misc":{"Escrito por":"ritanery","Est. tempo de leitura":"1 minuto"},"schema":{"@context":"https:\/\/schema.org","@graph":[{"@type":"Article","@id":"https:\/\/radiolifefm.com.br\/noticias\/prefeitura-de-adamantina-participa-de-encontro-no-parque-tecnologico-em-sao-jose-dos-campos\/#article","isPartOf":{"@id":"https:\/\/radiolifefm.com.br\/noticias\/prefeitura-de-adamantina-participa-de-encontro-no-parque-tecnologico-em-sao-jose-dos-campos\/"},"author":{"name":"ritanery","@id":"https:\/\/radiolifefm.com.br\/noticias\/#\/schema\/person\/6339b9fac59d12b071dec680d7375d87"},"headline":"Prefeitura de Adamantina participa de encontro no Parque Tecnol\u00f3gico em S\u00e3o Jos\u00e9 dos Campos","datePublished":"2022-03-30T16:07:02+00:00","dateModified":"2026-03-22T14:16:38+00:00","mainEntityOfPage":{"@id":"https:\/\/radiolifefm.com.br\/noticias\/prefeitura-de-adamantina-participa-de-encontro-no-parque-tecnologico-em-sao-jose-dos-campos\/"},"wordCount":292,"publisher":{"@id":"https:\/\/radiolifefm.com.br\/noticias\/#organization"},"image":{"@id":"https:\/\/radiolifefm.com.br\/noticias\/prefeitura-de-adamantina-participa-de-encontro-no-parque-tecnologico-em-sao-jose-dos-campos\/#primaryimage"},"thumbnailUrl":"https:\/\/radiolifefm.com.br\/noticias\/wp-content\/uploads\/2022\/03\/foto-3.jpeg","articleSection":["Adamantina"],"inLanguage":"pt-BR"},{"@type":"WebPage","@id":"https:\/\/radiolifefm.com.br\/noticias\/prefeitura-de-adamantina-participa-de-encontro-no-parque-tecnologico-em-sao-jose-dos-campos\/","url":"https:\/\/radiolifefm.com.br\/noticias\/prefeitura-de-adamantina-participa-de-encontro-no-parque-tecnologico-em-sao-jose-dos-campos\/","name":"Prefeitura de Adamantina participa de encontro no Parque Tecnol\u00f3gico em S\u00e3o Jos\u00e9 dos Campos - R\u00e1dio Life FM","isPartOf":{"@id":"https:\/\/radiolifefm.com.br\/noticias\/#website"},"primaryImageOfPage":{"@id":"https:\/\/radiolifefm.com.br\/noticias\/prefeitura-de-adamantina-participa-de-encontro-no-parque-tecnologico-em-sao-jose-dos-campos\/#primaryimage"},"image":{"@id":"https:\/\/radiolifefm.com.br\/noticias\/prefeitura-de-adamantina-participa-de-encontro-no-parque-tecnologico-em-sao-jose-dos-campos\/#primaryimage"},"thumbnailUrl":"https:\/\/radiolifefm.com.br\/noticias\/wp-content\/uploads\/2022\/03\/foto-3.jpeg","datePublished":"2022-03-30T16:07:02+00:00","dateModified":"2026-03-22T14:16:38+00:00","breadcrumb":{"@id":"https:\/\/radiolifefm.com.br\/noticias\/prefeitura-de-adamantina-participa-de-encontro-no-parque-tecnologico-em-sao-jose-dos-campos\/#breadcrumb"},"inLanguage":"pt-BR","potentialAction":[{"@type":"ReadAction","target":["https:\/\/radiolifefm.com.br\/noticias\/prefeitura-de-adamantina-participa-de-encontro-no-parque-tecnologico-em-sao-jose-dos-campos\/"]}]},{"@type":"ImageObject","inLanguage":"pt-BR","@id":"https:\/\/radiolifefm.com.br\/noticias\/prefeitura-de-adamantina-participa-de-encontro-no-parque-tecnologico-em-sao-jose-dos-campos\/#primaryimage","url":"https:\/\/radiolifefm.com.br\/noticias\/wp-content\/uploads\/2022\/03\/foto-3.jpeg","contentUrl":"https:\/\/radiolifefm.com.br\/noticias\/wp-content\/uploads\/2022\/03\/foto-3.jpeg","width":1156,"height":867},{"@type":"BreadcrumbList","@id":"https:\/\/radiolifefm.com.br\/noticias\/prefeitura-de-adamantina-participa-de-encontro-no-parque-tecnologico-em-sao-jose-dos-campos\/#breadcrumb","itemListElement":[{"@type":"ListItem","position":1,"name":"In\u00edcio","item":"https:\/\/radiolifefm.com.br\/noticias\/"},{"@type":"ListItem","position":2,"name":"Prefeitura de Adamantina participa de encontro no Parque Tecnol\u00f3gico em S\u00e3o Jos\u00e9 dos Campos"}]},{"@type":"WebSite","@id":"https:\/\/radiolifefm.com.br\/noticias\/#website","url":"https:\/\/radiolifefm.com.br\/noticias\/","name":"R\u00e1dio Life FM","description":"O Portal de Not\u00edcias de Adamantina","publisher":{"@id":"https:\/\/radiolifefm.com.br\/noticias\/#organization"},"alternateName":"Life FM","potentialAction":[{"@type":"SearchAction","target":{"@type":"EntryPoint","urlTemplate":"https:\/\/radiolifefm.com.br\/noticias\/?s={search_term_string}"},"query-input":{"@type":"PropertyValueSpecification","valueRequired":true,"valueName":"search_term_string"}}],"inLanguage":"pt-BR"},{"@type":"Organization","@id":"https:\/\/radiolifefm.com.br\/noticias\/#organization","name":"R\u00e1dio Life FM","alternateName":"Life FM","url":"https:\/\/radiolifefm.com.br\/noticias\/","logo":{"@type":"ImageObject","inLanguage":"pt-BR","@id":"https:\/\/radiolifefm.com.br\/noticias\/#\/schema\/logo\/image\/","url":"https:\/\/static.radiolifefm.com.br\/noticias\/wp-content\/uploads\/2019\/10\/logo-lifefm.png","contentUrl":"https:\/\/static.radiolifefm.com.br\/noticias\/wp-content\/uploads\/2019\/10\/logo-lifefm.png","width":196,"height":47,"caption":"R\u00e1dio Life FM"},"image":{"@id":"https:\/\/radiolifefm.com.br\/noticias\/#\/schema\/logo\/image\/"},"sameAs":["https:\/\/www.facebook.com\/radiolifefm\/","https:\/\/www.instagram.com\/life1079fm\/"]},{"@type":"Person","@id":"https:\/\/radiolifefm.com.br\/noticias\/#\/schema\/person\/6339b9fac59d12b071dec680d7375d87","name":"ritanery","image":{"@type":"ImageObject","inLanguage":"pt-BR","@id":"https:\/\/secure.gravatar.com\/avatar\/0e37bb19071f47c0b8a23f62a903df117c5a0e75f65a0c2901562f97cd41cf86?s=96&d=mm&r=g","url":"https:\/\/secure.gravatar.com\/avatar\/0e37bb19071f47c0b8a23f62a903df117c5a0e75f65a0c2901562f97cd41cf86?s=96&d=mm&r=g","contentUrl":"https:\/\/secure.gravatar.com\/avatar\/0e37bb19071f47c0b8a23f62a903df117c5a0e75f65a0c2901562f97cd41cf86?s=96&d=mm&r=g","caption":"ritanery"}}]}},"amp_enabled":true,"_links":{"self":[{"href":"https:\/\/radiolifefm.com.br\/noticias\/wp-json\/wp\/v2\/posts\/51498","targetHints":{"allow":["GET"]}}],"collection":[{"href":"https:\/\/radiolifefm.com.br\/noticias\/wp-json\/wp\/v2\/posts"}],"about":[{"href":"https:\/\/radiolifefm.com.br\/noticias\/wp-json\/wp\/v2\/types\/post"}],"author":[{"embeddable":true,"href":"https:\/\/radiolifefm.com.br\/noticias\/wp-json\/wp\/v2\/users\/13"}],"replies":[{"embeddable":true,"href":"https:\/\/radiolifefm.com.br\/noticias\/wp-json\/wp\/v2\/comments?post=51498"}],"version-history":[{"count":4,"href":"https:\/\/radiolifefm.com.br\/noticias\/wp-json\/wp\/v2\/posts\/51498\/revisions"}],"predecessor-version":[{"id":51503,"href":"https:\/\/radiolifefm.com.br\/noticias\/wp-json\/wp\/v2\/posts\/51498\/revisions\/51503"}],"wp:featuredmedia":[{"embeddable":true,"href":"https:\/\/radiolifefm.com.br\/noticias\/wp-json\/wp\/v2\/media\/51499"}],"wp:attachment":[{"href":"https:\/\/radiolifefm.com.br\/noticias\/wp-json\/wp\/v2\/media?parent=51498"}],"wp:term":[{"taxonomy":"category","embeddable":true,"href":"https:\/\/radiolifefm.com.br\/noticias\/wp-json\/wp\/v2\/categories?post=51498"},{"taxonomy":"post_tag","embeddable":true,"href":"https:\/\/radiolifefm.com.br\/noticias\/wp-json\/wp\/v2\/tags?post=51498"}],"curies":[{"name":"wp","href":"https:\/\/api.w.org\/{rel}","templated":true}]}}