{"id":51474,"date":"2022-03-30T08:13:31","date_gmt":"2022-03-30T11:13:31","guid":{"rendered":"https:\/\/radiolifefm.com.br\/noticias\/?p=51474"},"modified":"2025-12-17T21:39:06","modified_gmt":"2025-12-18T00:39:06","slug":"mercado-picaretas-e-provincia","status":"publish","type":"post","link":"https:\/\/radiolifefm.com.br\/noticias\/mercado-picaretas-e-provincia\/","title":{"rendered":"MERCADO, PICARETAS E PROV\u00cdNCIA&#8230;"},"content":{"rendered":"<div id=\"fb-root\"><\/div>\n<p><em>&#8220;N\u00e3o basta saber, \u00e9 preciso aplicar; n\u00e3o basta querer, \u00e9 preciso fazer.&#8221; (Goethe)<\/em><\/p>\n<p><strong><em>S\u00e9rgio Barbosa (*)<\/em><\/strong><\/p>\n<p>Faz alguns anos, o ent\u00e3o diretor do jornal &#8220;Di\u00e1rio do Oeste&#8221; (Adamantina-SP), Ant\u00f4nio V\u00edtor, solicitou um artigo sobre a predomin\u00e2ncia dos famigerados &#8220;picaretas&#8221; que buscam patroc\u00ednios e patrocinados para esta ou aquela publica\u00e7\u00e3o nestas terras provincianas&#8230;<\/p>\n<p>O que se pode destacar daquele tempo para este novo tempo novo, \u00e9 que pelo jeito, as coisas continuam na mesmice de sempre ou at\u00e9 pioraram para este ou aquele lado de um mesmo lado&#8230;<\/p>\n<p>O mercado provinciano em n\u00edvel REGIOCAL, ou seja, do REGIONAL PARA O LOCAL, continua se rendendo aos parasitas de sempre, ou seja, as publica\u00e7\u00f5es que aparecem e desaparecem num &#8220;piscar de olhos&#8221; pra variar, os empres\u00e1rios ficam sem saber onde\u00a0 foi parar o INVESTIMENTO nesta ou naquela PROPAGANDA de ocasi\u00e3o&#8230;<\/p>\n<p>E o pior de tudo, s\u00e3o publica\u00e7\u00f5es sem registro e muito menos &#8220;expediente&#8221; profissional para informar aos leitores em geral que \u00e9 o respons\u00e1vel ou qual editora est\u00e1 por tr\u00e1s da tal publica\u00e7\u00e3o em pauta&#8230;<\/p>\n<p>Desta forma, \u00e9 lament\u00e1vel que tais desencontros continuem ocorrendo na prov\u00edncia, por\u00e9m, cada qual sabe onde aperta o seu cinto ou a sua cinta, dependendo de cada caso&#8230;<\/p>\n<p>O pode p\u00fablico local por meio de fiscaliza\u00e7\u00e3o, deveria estar em sintonia com tais publica\u00e7\u00f5es, tendo em vista que as mesmas n\u00e3o publicam &#8220;expediente&#8221;, assim, tamb\u00e9m, n\u00e3o recolhem os devidos impostos para os cofres p\u00fablicos&#8230;<\/p>\n<p>Mas, acredito que n\u00e3o se pode esperar\u00a0 respostas destas indaga\u00e7\u00f5es, considerando que existem outros interesses por tr\u00e1s disto ou daquilo, por\u00e9m, faz-se necess\u00e1rio uma reflex\u00e3o sobre o tema em pauta&#8230;<\/p>\n<p>O mercado local trabalha com foco no regional, considerando as novas propostas mediadas pela p\u00f3s-globaliza\u00e7\u00e3o midi\u00e1tica em tempo de PANDEMIA, todavia, os ditos &#8220;picaretas&#8221; continuam desenvolvendo pr\u00e1ticas diversas e CRIATIVAS neste MERCADO com propostas mais do que duvidosas&#8230;<\/p>\n<p>Este novo tempo novo, exige compromisso de ambas as partes, bem como, t\u00e9cnicas mercadol\u00f3gicas por meio das pesquisas de campo em busca das respostas que o mercado considera como &#8220;p\u00fablico alvo&#8221;&#8230;<\/p>\n<p>Neste CEN\u00c1RIO, os\/as EMPRES\u00c1RIOS\/AS e EMPREENDEDORES\/AS deste contexto PLURAL em todas as \u00e1reas do MERCADO, est\u00e3o mais do que CONECTADOS com as TEORIAS dos 4 P\u00b4s (Produto, Pra\u00e7a, Pre\u00e7o e Promo\u00e7\u00e3o) por meio das a\u00e7\u00f5es patrocinadas pelo MARKETING DIGITAL&#8230;<\/p>\n<p>Ainda, n\u00e3o se pode deixar de lado, que se faz necess\u00e1rio desenvolver uma PESQUISA DE MERCADO para todos os desencontros poss\u00edveis, bem como, buscar apoio na proposta de Gest\u00e3o da AN\u00c1LISE OU MATRIZ \u201cSWOT\u201d (FOFA)&#8230;<\/p>\n<p><strong>______________________________<\/strong><\/p>\n<p><strong><em>(*) Jornalista diplomado, professor universit\u00e1rio e consultor na \u00e1rea de gest\u00e3o em m\u00eddia organizacional.<\/em><\/strong><\/p>\n<p><strong><em>e-mail: barbosa.sebar@gmail.com<\/em><\/strong><\/p>\n<p><strong>\u00a0<\/strong><\/p>\n","protected":false},"excerpt":{"rendered":"<p>&#8220;N\u00e3o basta saber, \u00e9 preciso aplicar; n\u00e3o basta querer, \u00e9 preciso fazer.&#8221; (Goethe) S\u00e9rgio Barbosa (*) Faz alguns anos, o ent\u00e3o diretor do jornal &#8220;Di\u00e1rio do Oeste&#8221; (Adamantina-SP), Ant\u00f4nio V\u00edtor, solicitou um artigo sobre a predomin\u00e2ncia dos famigerados &#8220;picaretas&#8221; que buscam patroc\u00ednios e patrocinados para esta ou aquela publica\u00e7\u00e3o nestas terras provincianas&#8230; O que se [&hellip;]<\/p>\n","protected":false},"author":13,"featured_media":51475,"comment_status":"closed","ping_status":"open","sticky":false,"template":"","format":"standard","meta":{"_acf_changed":false,"_exactmetrics_skip_tracking":false,"_exactmetrics_sitenote_active":false,"_exactmetrics_sitenote_note":"","_exactmetrics_sitenote_category":0,"footnotes":""},"categories":[59],"tags":[],"class_list":["post-51474","post","type-post","status-publish","format-standard","has-post-thumbnail","hentry","category-opiniao"],"acf":[],"yoast_head":"<!-- This site is optimized with the Yoast SEO plugin v27.2 - https:\/\/yoast.com\/product\/yoast-seo-wordpress\/ -->\n<title>MERCADO, PICARETAS E PROV\u00cdNCIA... - R\u00e1dio Life FM<\/title>\n<meta name=\"robots\" content=\"index, follow, max-snippet:-1, max-image-preview:large, max-video-preview:-1\" \/>\n<link rel=\"canonical\" href=\"https:\/\/radiolifefm.com.br\/noticias\/mercado-picaretas-e-provincia\/\" \/>\n<meta property=\"og:locale\" content=\"pt_BR\" \/>\n<meta property=\"og:type\" content=\"article\" \/>\n<meta property=\"og:title\" content=\"MERCADO, PICARETAS E PROV\u00cdNCIA... - R\u00e1dio Life FM\" \/>\n<meta property=\"og:description\" content=\"&#8220;N\u00e3o basta saber, \u00e9 preciso aplicar; n\u00e3o basta querer, \u00e9 preciso fazer.&#8221; (Goethe) S\u00e9rgio Barbosa (*) Faz alguns anos, o ent\u00e3o diretor do jornal &#8220;Di\u00e1rio do Oeste&#8221; (Adamantina-SP), Ant\u00f4nio V\u00edtor, solicitou um artigo sobre a predomin\u00e2ncia dos famigerados &#8220;picaretas&#8221; que buscam patroc\u00ednios e patrocinados para esta ou aquela publica\u00e7\u00e3o nestas terras provincianas&#8230; O que se [&hellip;]\" \/>\n<meta property=\"og:url\" content=\"https:\/\/radiolifefm.com.br\/noticias\/mercado-picaretas-e-provincia\/\" \/>\n<meta property=\"og:site_name\" content=\"R\u00e1dio Life FM\" \/>\n<meta property=\"article:publisher\" content=\"https:\/\/www.facebook.com\/radiolifefm\/\" \/>\n<meta property=\"article:published_time\" content=\"2022-03-30T11:13:31+00:00\" \/>\n<meta property=\"article:modified_time\" content=\"2025-12-18T00:39:06+00:00\" \/>\n<meta property=\"og:image\" content=\"https:\/\/radiolifefm.com.br\/noticias\/wp-content\/uploads\/2022\/03\/WhatsApp-Image-2022-03-29-at-16.34.19.jpeg\" \/>\n\t<meta property=\"og:image:width\" content=\"1200\" \/>\n\t<meta property=\"og:image:height\" content=\"1600\" \/>\n\t<meta property=\"og:image:type\" content=\"image\/jpeg\" \/>\n<meta name=\"author\" content=\"ritanery\" \/>\n<meta name=\"twitter:card\" content=\"summary_large_image\" \/>\n<meta name=\"twitter:label1\" content=\"Escrito por\" \/>\n\t<meta name=\"twitter:data1\" content=\"ritanery\" \/>\n\t<meta name=\"twitter:label2\" content=\"Est. tempo de leitura\" \/>\n\t<meta name=\"twitter:data2\" content=\"2 minutos\" \/>\n<script type=\"application\/ld+json\" class=\"yoast-schema-graph\">{\"@context\":\"https:\/\/schema.org\",\"@graph\":[{\"@type\":\"Article\",\"@id\":\"https:\/\/radiolifefm.com.br\/noticias\/mercado-picaretas-e-provincia\/#article\",\"isPartOf\":{\"@id\":\"https:\/\/radiolifefm.com.br\/noticias\/mercado-picaretas-e-provincia\/\"},\"author\":{\"name\":\"ritanery\",\"@id\":\"https:\/\/radiolifefm.com.br\/noticias\/#\/schema\/person\/6339b9fac59d12b071dec680d7375d87\"},\"headline\":\"MERCADO, PICARETAS E PROV\u00cdNCIA&#8230;\",\"datePublished\":\"2022-03-30T11:13:31+00:00\",\"dateModified\":\"2025-12-18T00:39:06+00:00\",\"mainEntityOfPage\":{\"@id\":\"https:\/\/radiolifefm.com.br\/noticias\/mercado-picaretas-e-provincia\/\"},\"wordCount\":485,\"publisher\":{\"@id\":\"https:\/\/radiolifefm.com.br\/noticias\/#organization\"},\"image\":{\"@id\":\"https:\/\/radiolifefm.com.br\/noticias\/mercado-picaretas-e-provincia\/#primaryimage\"},\"thumbnailUrl\":\"https:\/\/radiolifefm.com.br\/noticias\/wp-content\/uploads\/2022\/03\/WhatsApp-Image-2022-03-29-at-16.34.19.jpeg\",\"articleSection\":[\"Opini\u00e3o\"],\"inLanguage\":\"pt-BR\"},{\"@type\":\"WebPage\",\"@id\":\"https:\/\/radiolifefm.com.br\/noticias\/mercado-picaretas-e-provincia\/\",\"url\":\"https:\/\/radiolifefm.com.br\/noticias\/mercado-picaretas-e-provincia\/\",\"name\":\"MERCADO, PICARETAS E PROV\u00cdNCIA... - R\u00e1dio Life FM\",\"isPartOf\":{\"@id\":\"https:\/\/radiolifefm.com.br\/noticias\/#website\"},\"primaryImageOfPage\":{\"@id\":\"https:\/\/radiolifefm.com.br\/noticias\/mercado-picaretas-e-provincia\/#primaryimage\"},\"image\":{\"@id\":\"https:\/\/radiolifefm.com.br\/noticias\/mercado-picaretas-e-provincia\/#primaryimage\"},\"thumbnailUrl\":\"https:\/\/radiolifefm.com.br\/noticias\/wp-content\/uploads\/2022\/03\/WhatsApp-Image-2022-03-29-at-16.34.19.jpeg\",\"datePublished\":\"2022-03-30T11:13:31+00:00\",\"dateModified\":\"2025-12-18T00:39:06+00:00\",\"breadcrumb\":{\"@id\":\"https:\/\/radiolifefm.com.br\/noticias\/mercado-picaretas-e-provincia\/#breadcrumb\"},\"inLanguage\":\"pt-BR\",\"potentialAction\":[{\"@type\":\"ReadAction\",\"target\":[\"https:\/\/radiolifefm.com.br\/noticias\/mercado-picaretas-e-provincia\/\"]}]},{\"@type\":\"ImageObject\",\"inLanguage\":\"pt-BR\",\"@id\":\"https:\/\/radiolifefm.com.br\/noticias\/mercado-picaretas-e-provincia\/#primaryimage\",\"url\":\"https:\/\/radiolifefm.com.br\/noticias\/wp-content\/uploads\/2022\/03\/WhatsApp-Image-2022-03-29-at-16.34.19.jpeg\",\"contentUrl\":\"https:\/\/radiolifefm.com.br\/noticias\/wp-content\/uploads\/2022\/03\/WhatsApp-Image-2022-03-29-at-16.34.19.jpeg\",\"width\":1200,\"height\":1600},{\"@type\":\"BreadcrumbList\",\"@id\":\"https:\/\/radiolifefm.com.br\/noticias\/mercado-picaretas-e-provincia\/#breadcrumb\",\"itemListElement\":[{\"@type\":\"ListItem\",\"position\":1,\"name\":\"In\u00edcio\",\"item\":\"https:\/\/radiolifefm.com.br\/noticias\/\"},{\"@type\":\"ListItem\",\"position\":2,\"name\":\"MERCADO, PICARETAS E PROV\u00cdNCIA&#8230;\"}]},{\"@type\":\"WebSite\",\"@id\":\"https:\/\/radiolifefm.com.br\/noticias\/#website\",\"url\":\"https:\/\/radiolifefm.com.br\/noticias\/\",\"name\":\"R\u00e1dio Life FM\",\"description\":\"O Portal de Not\u00edcias de Adamantina\",\"publisher\":{\"@id\":\"https:\/\/radiolifefm.com.br\/noticias\/#organization\"},\"alternateName\":\"Life FM\",\"potentialAction\":[{\"@type\":\"SearchAction\",\"target\":{\"@type\":\"EntryPoint\",\"urlTemplate\":\"https:\/\/radiolifefm.com.br\/noticias\/?s={search_term_string}\"},\"query-input\":{\"@type\":\"PropertyValueSpecification\",\"valueRequired\":true,\"valueName\":\"search_term_string\"}}],\"inLanguage\":\"pt-BR\"},{\"@type\":\"Organization\",\"@id\":\"https:\/\/radiolifefm.com.br\/noticias\/#organization\",\"name\":\"R\u00e1dio Life FM\",\"alternateName\":\"Life FM\",\"url\":\"https:\/\/radiolifefm.com.br\/noticias\/\",\"logo\":{\"@type\":\"ImageObject\",\"inLanguage\":\"pt-BR\",\"@id\":\"https:\/\/radiolifefm.com.br\/noticias\/#\/schema\/logo\/image\/\",\"url\":\"https:\/\/static.radiolifefm.com.br\/noticias\/wp-content\/uploads\/2019\/10\/logo-lifefm.png\",\"contentUrl\":\"https:\/\/static.radiolifefm.com.br\/noticias\/wp-content\/uploads\/2019\/10\/logo-lifefm.png\",\"width\":196,\"height\":47,\"caption\":\"R\u00e1dio Life FM\"},\"image\":{\"@id\":\"https:\/\/radiolifefm.com.br\/noticias\/#\/schema\/logo\/image\/\"},\"sameAs\":[\"https:\/\/www.facebook.com\/radiolifefm\/\",\"https:\/\/www.instagram.com\/life1079fm\/\"]},{\"@type\":\"Person\",\"@id\":\"https:\/\/radiolifefm.com.br\/noticias\/#\/schema\/person\/6339b9fac59d12b071dec680d7375d87\",\"name\":\"ritanery\",\"image\":{\"@type\":\"ImageObject\",\"inLanguage\":\"pt-BR\",\"@id\":\"https:\/\/secure.gravatar.com\/avatar\/0e37bb19071f47c0b8a23f62a903df117c5a0e75f65a0c2901562f97cd41cf86?s=96&d=mm&r=g\",\"url\":\"https:\/\/secure.gravatar.com\/avatar\/0e37bb19071f47c0b8a23f62a903df117c5a0e75f65a0c2901562f97cd41cf86?s=96&d=mm&r=g\",\"contentUrl\":\"https:\/\/secure.gravatar.com\/avatar\/0e37bb19071f47c0b8a23f62a903df117c5a0e75f65a0c2901562f97cd41cf86?s=96&d=mm&r=g\",\"caption\":\"ritanery\"}}]}<\/script>\n<!-- \/ Yoast SEO plugin. -->","yoast_head_json":{"title":"MERCADO, PICARETAS E PROV\u00cdNCIA... - R\u00e1dio Life FM","robots":{"index":"index","follow":"follow","max-snippet":"max-snippet:-1","max-image-preview":"max-image-preview:large","max-video-preview":"max-video-preview:-1"},"canonical":"https:\/\/radiolifefm.com.br\/noticias\/mercado-picaretas-e-provincia\/","og_locale":"pt_BR","og_type":"article","og_title":"MERCADO, PICARETAS E PROV\u00cdNCIA... - R\u00e1dio Life FM","og_description":"&#8220;N\u00e3o basta saber, \u00e9 preciso aplicar; n\u00e3o basta querer, \u00e9 preciso fazer.&#8221; (Goethe) S\u00e9rgio Barbosa (*) Faz alguns anos, o ent\u00e3o diretor do jornal &#8220;Di\u00e1rio do Oeste&#8221; (Adamantina-SP), Ant\u00f4nio V\u00edtor, solicitou um artigo sobre a predomin\u00e2ncia dos famigerados &#8220;picaretas&#8221; que buscam patroc\u00ednios e patrocinados para esta ou aquela publica\u00e7\u00e3o nestas terras provincianas&#8230; O que se [&hellip;]","og_url":"https:\/\/radiolifefm.com.br\/noticias\/mercado-picaretas-e-provincia\/","og_site_name":"R\u00e1dio Life FM","article_publisher":"https:\/\/www.facebook.com\/radiolifefm\/","article_published_time":"2022-03-30T11:13:31+00:00","article_modified_time":"2025-12-18T00:39:06+00:00","og_image":[{"width":1200,"height":1600,"url":"https:\/\/radiolifefm.com.br\/noticias\/wp-content\/uploads\/2022\/03\/WhatsApp-Image-2022-03-29-at-16.34.19.jpeg","type":"image\/jpeg"}],"author":"ritanery","twitter_card":"summary_large_image","twitter_misc":{"Escrito por":"ritanery","Est. tempo de leitura":"2 minutos"},"schema":{"@context":"https:\/\/schema.org","@graph":[{"@type":"Article","@id":"https:\/\/radiolifefm.com.br\/noticias\/mercado-picaretas-e-provincia\/#article","isPartOf":{"@id":"https:\/\/radiolifefm.com.br\/noticias\/mercado-picaretas-e-provincia\/"},"author":{"name":"ritanery","@id":"https:\/\/radiolifefm.com.br\/noticias\/#\/schema\/person\/6339b9fac59d12b071dec680d7375d87"},"headline":"MERCADO, PICARETAS E PROV\u00cdNCIA&#8230;","datePublished":"2022-03-30T11:13:31+00:00","dateModified":"2025-12-18T00:39:06+00:00","mainEntityOfPage":{"@id":"https:\/\/radiolifefm.com.br\/noticias\/mercado-picaretas-e-provincia\/"},"wordCount":485,"publisher":{"@id":"https:\/\/radiolifefm.com.br\/noticias\/#organization"},"image":{"@id":"https:\/\/radiolifefm.com.br\/noticias\/mercado-picaretas-e-provincia\/#primaryimage"},"thumbnailUrl":"https:\/\/radiolifefm.com.br\/noticias\/wp-content\/uploads\/2022\/03\/WhatsApp-Image-2022-03-29-at-16.34.19.jpeg","articleSection":["Opini\u00e3o"],"inLanguage":"pt-BR"},{"@type":"WebPage","@id":"https:\/\/radiolifefm.com.br\/noticias\/mercado-picaretas-e-provincia\/","url":"https:\/\/radiolifefm.com.br\/noticias\/mercado-picaretas-e-provincia\/","name":"MERCADO, PICARETAS E PROV\u00cdNCIA... - R\u00e1dio Life FM","isPartOf":{"@id":"https:\/\/radiolifefm.com.br\/noticias\/#website"},"primaryImageOfPage":{"@id":"https:\/\/radiolifefm.com.br\/noticias\/mercado-picaretas-e-provincia\/#primaryimage"},"image":{"@id":"https:\/\/radiolifefm.com.br\/noticias\/mercado-picaretas-e-provincia\/#primaryimage"},"thumbnailUrl":"https:\/\/radiolifefm.com.br\/noticias\/wp-content\/uploads\/2022\/03\/WhatsApp-Image-2022-03-29-at-16.34.19.jpeg","datePublished":"2022-03-30T11:13:31+00:00","dateModified":"2025-12-18T00:39:06+00:00","breadcrumb":{"@id":"https:\/\/radiolifefm.com.br\/noticias\/mercado-picaretas-e-provincia\/#breadcrumb"},"inLanguage":"pt-BR","potentialAction":[{"@type":"ReadAction","target":["https:\/\/radiolifefm.com.br\/noticias\/mercado-picaretas-e-provincia\/"]}]},{"@type":"ImageObject","inLanguage":"pt-BR","@id":"https:\/\/radiolifefm.com.br\/noticias\/mercado-picaretas-e-provincia\/#primaryimage","url":"https:\/\/radiolifefm.com.br\/noticias\/wp-content\/uploads\/2022\/03\/WhatsApp-Image-2022-03-29-at-16.34.19.jpeg","contentUrl":"https:\/\/radiolifefm.com.br\/noticias\/wp-content\/uploads\/2022\/03\/WhatsApp-Image-2022-03-29-at-16.34.19.jpeg","width":1200,"height":1600},{"@type":"BreadcrumbList","@id":"https:\/\/radiolifefm.com.br\/noticias\/mercado-picaretas-e-provincia\/#breadcrumb","itemListElement":[{"@type":"ListItem","position":1,"name":"In\u00edcio","item":"https:\/\/radiolifefm.com.br\/noticias\/"},{"@type":"ListItem","position":2,"name":"MERCADO, PICARETAS E PROV\u00cdNCIA&#8230;"}]},{"@type":"WebSite","@id":"https:\/\/radiolifefm.com.br\/noticias\/#website","url":"https:\/\/radiolifefm.com.br\/noticias\/","name":"R\u00e1dio Life FM","description":"O Portal de Not\u00edcias de Adamantina","publisher":{"@id":"https:\/\/radiolifefm.com.br\/noticias\/#organization"},"alternateName":"Life FM","potentialAction":[{"@type":"SearchAction","target":{"@type":"EntryPoint","urlTemplate":"https:\/\/radiolifefm.com.br\/noticias\/?s={search_term_string}"},"query-input":{"@type":"PropertyValueSpecification","valueRequired":true,"valueName":"search_term_string"}}],"inLanguage":"pt-BR"},{"@type":"Organization","@id":"https:\/\/radiolifefm.com.br\/noticias\/#organization","name":"R\u00e1dio Life FM","alternateName":"Life FM","url":"https:\/\/radiolifefm.com.br\/noticias\/","logo":{"@type":"ImageObject","inLanguage":"pt-BR","@id":"https:\/\/radiolifefm.com.br\/noticias\/#\/schema\/logo\/image\/","url":"https:\/\/static.radiolifefm.com.br\/noticias\/wp-content\/uploads\/2019\/10\/logo-lifefm.png","contentUrl":"https:\/\/static.radiolifefm.com.br\/noticias\/wp-content\/uploads\/2019\/10\/logo-lifefm.png","width":196,"height":47,"caption":"R\u00e1dio Life FM"},"image":{"@id":"https:\/\/radiolifefm.com.br\/noticias\/#\/schema\/logo\/image\/"},"sameAs":["https:\/\/www.facebook.com\/radiolifefm\/","https:\/\/www.instagram.com\/life1079fm\/"]},{"@type":"Person","@id":"https:\/\/radiolifefm.com.br\/noticias\/#\/schema\/person\/6339b9fac59d12b071dec680d7375d87","name":"ritanery","image":{"@type":"ImageObject","inLanguage":"pt-BR","@id":"https:\/\/secure.gravatar.com\/avatar\/0e37bb19071f47c0b8a23f62a903df117c5a0e75f65a0c2901562f97cd41cf86?s=96&d=mm&r=g","url":"https:\/\/secure.gravatar.com\/avatar\/0e37bb19071f47c0b8a23f62a903df117c5a0e75f65a0c2901562f97cd41cf86?s=96&d=mm&r=g","contentUrl":"https:\/\/secure.gravatar.com\/avatar\/0e37bb19071f47c0b8a23f62a903df117c5a0e75f65a0c2901562f97cd41cf86?s=96&d=mm&r=g","caption":"ritanery"}}]}},"amp_enabled":true,"_links":{"self":[{"href":"https:\/\/radiolifefm.com.br\/noticias\/wp-json\/wp\/v2\/posts\/51474","targetHints":{"allow":["GET"]}}],"collection":[{"href":"https:\/\/radiolifefm.com.br\/noticias\/wp-json\/wp\/v2\/posts"}],"about":[{"href":"https:\/\/radiolifefm.com.br\/noticias\/wp-json\/wp\/v2\/types\/post"}],"author":[{"embeddable":true,"href":"https:\/\/radiolifefm.com.br\/noticias\/wp-json\/wp\/v2\/users\/13"}],"replies":[{"embeddable":true,"href":"https:\/\/radiolifefm.com.br\/noticias\/wp-json\/wp\/v2\/comments?post=51474"}],"version-history":[{"count":1,"href":"https:\/\/radiolifefm.com.br\/noticias\/wp-json\/wp\/v2\/posts\/51474\/revisions"}],"predecessor-version":[{"id":51476,"href":"https:\/\/radiolifefm.com.br\/noticias\/wp-json\/wp\/v2\/posts\/51474\/revisions\/51476"}],"wp:featuredmedia":[{"embeddable":true,"href":"https:\/\/radiolifefm.com.br\/noticias\/wp-json\/wp\/v2\/media\/51475"}],"wp:attachment":[{"href":"https:\/\/radiolifefm.com.br\/noticias\/wp-json\/wp\/v2\/media?parent=51474"}],"wp:term":[{"taxonomy":"category","embeddable":true,"href":"https:\/\/radiolifefm.com.br\/noticias\/wp-json\/wp\/v2\/categories?post=51474"},{"taxonomy":"post_tag","embeddable":true,"href":"https:\/\/radiolifefm.com.br\/noticias\/wp-json\/wp\/v2\/tags?post=51474"}],"curies":[{"name":"wp","href":"https:\/\/api.w.org\/{rel}","templated":true}]}}