{"id":51384,"date":"2022-03-28T08:10:23","date_gmt":"2022-03-28T11:10:23","guid":{"rendered":"https:\/\/radiolifefm.com.br\/noticias\/?p=51384"},"modified":"2026-02-27T09:39:03","modified_gmt":"2026-02-27T12:39:03","slug":"era-uma-vez-uma-provincia-do-faz-de-conta-2","status":"publish","type":"post","link":"https:\/\/radiolifefm.com.br\/noticias\/era-uma-vez-uma-provincia-do-faz-de-conta-2\/","title":{"rendered":"Era uma vez uma PROV\u00cdNCIA DO FAZ DE CONTA&#8230;"},"content":{"rendered":"<div id=\"fb-root\"><\/div>\n<p><strong><em>\u00a0\u201cTudo come\u00e7ou quando o Coringa e eu terminamos. Foi completamente m\u00fatuo. N\u00e3o demorou para eu me levantar de novo. Pronta para abra\u00e7ar a deusa feroz dentro de mim.\u201d (Aves de Rapina)<\/em><\/strong><\/p>\n<p><strong>\u00a0<\/strong><\/p>\n<p><strong>S\u00e9rgio Barbosa (*)<\/strong><\/p>\n<p>Nos denominados CONTOS DE FADAS, tamb\u00e9m, pode ser os tais CONTOS DA CAROCHINHA, tudo pode ser aquilo que nunca foi e assim por diante&#8230;<\/p>\n<p>Portanto, nesta PROV\u00cdNCIA DO FAZ DE CONTA com os\/as PERSONAGENS um tanto quando ESQUISITOS\/AS em todos os sentidos deste PALAVRA, nada parece ser o que \u00e9 e ponto quase final&#8230;<\/p>\n<p>Assim, o tal do BO.DO.QUIO, antes, PIN\u00d3QUIO, ainda, o eterno VIGILANTE, al\u00e9m do ESCRITA, bem como, a ALICE e BARBIE, ainda, todos\/as PROVINCIANOS\/AS, continuam marcando presen\u00e7a de um jeito ou de outro nesta PROV\u00cdNCIA DO FAZ DE CONTA&#8230;<\/p>\n<p>N\u00e3o se pode esquecer que mais dia ou menos dia, tudo VIRA DE CABE\u00c7A PRA BAIXO, afinal de contas este \u00e9 o CEN\u00c1RIO quando se trata de FADAS e CAROCHINHAS&#8230;<\/p>\n<p>Todavia, acredito (sic), haja vista que diz o dito popular que a MENTIRA TEM PERNA CURTA, ou seja, TODO CUIDADO \u00c9 POUCO com o tal do DITO CUJO, aquele que ACREDITA SER o que nunca poder\u00e1 SER&#8230;<\/p>\n<p>Outra coisa, n\u00e3o tem COISA com COISO que possa ser mais interessante do que BRINCAR COM AS PALAVRAS neste ou naquele ARTIGO, tendo em vista que as MENTES MED\u00cdOCRES ficam patinando sempre no mesmo lugar de sempre&#8230;<\/p>\n<p>Tamb\u00e9m, deve-se refor\u00e7ar que SE VOC\u00ca PENSA QUE T\u00c1 RUIM, PODE PIORAR e sem mais com muito menos, todavia, s\u00e3o todos\/as ALOPRADOS\/AS PROVINCIANOS\/AS&#8230;<\/p>\n<p>Al\u00e9m disto ou daquilo, tais PERSONAGENS se colocam acima do BEM e do MAL, ainda, travestidos\/as como BONZINHOS\/AS, por\u00e9m, s\u00e3o AVES DE RAPINA e est\u00e3o sempre SOBREVOANDO em C\u00cdRCULOS mediados pelo SENSO COMUM que predomina com as MENTES MED\u00cdOCRES desta PROV\u00cdNCIA DO FAZ DE CONTA&#8230;<\/p>\n<p>Nas NOITES PROVINCIANAS e neste ou naquele CHURRASCO, pode-se escrever que TODOS OS GATOS S\u00c3O PARDOS, por isso, tudo pode ocorrer sem muitas considera\u00e7\u00f5es quanto ao outro lado, tendo em vista aquele outro dito popular que afirma, a saber: QUANDO O INIMIGO \u00c9 COMUM, aqueles\/as que foram sempre INIMIGOS\/AS, acabam se JUNTANDO para as mesmas TROCAS NADA SIMB\u00d3LICAS de sempre&#8230;<\/p>\n<p>O PASSADO continua marcando presen\u00e7a para refor\u00e7ar que se torna necess\u00e1rio ficar sempre na DEFENSIVA nestes ocasos de um talvez, por\u00e9m, deve-se considerar que A MELHOR DEFESA \u00c9 O ATAQUE&#8230;<\/p>\n<p>QUEM SOBREVIVER VAI SABER&#8230;<\/p>\n<p>____________________________<\/p>\n<p>(*) jornalista DIPLOMADO e professor universit\u00e1rio.<\/p>\n<p>e-mail: barbosa.sebar@gmail.com<\/p>\n","protected":false},"excerpt":{"rendered":"<p>\u00a0\u201cTudo come\u00e7ou quando o Coringa e eu terminamos. Foi completamente m\u00fatuo. N\u00e3o demorou para eu me levantar de novo. Pronta para abra\u00e7ar a deusa feroz dentro de mim.\u201d (Aves de Rapina) \u00a0 S\u00e9rgio Barbosa (*) Nos denominados CONTOS DE FADAS, tamb\u00e9m, pode ser os tais CONTOS DA CAROCHINHA, tudo pode ser aquilo que nunca foi [&hellip;]<\/p>\n","protected":false},"author":13,"featured_media":51385,"comment_status":"closed","ping_status":"open","sticky":false,"template":"","format":"standard","meta":{"_acf_changed":false,"_exactmetrics_skip_tracking":false,"_exactmetrics_sitenote_active":false,"_exactmetrics_sitenote_note":"","_exactmetrics_sitenote_category":0,"footnotes":""},"categories":[59],"tags":[],"class_list":["post-51384","post","type-post","status-publish","format-standard","has-post-thumbnail","hentry","category-opiniao"],"acf":[],"yoast_head":"<!-- This site is optimized with the Yoast SEO plugin v27.2 - https:\/\/yoast.com\/product\/yoast-seo-wordpress\/ -->\n<title>Era uma vez uma PROV\u00cdNCIA DO FAZ DE CONTA... - R\u00e1dio Life FM<\/title>\n<meta name=\"robots\" content=\"index, follow, max-snippet:-1, max-image-preview:large, max-video-preview:-1\" \/>\n<link rel=\"canonical\" href=\"https:\/\/radiolifefm.com.br\/noticias\/era-uma-vez-uma-provincia-do-faz-de-conta-2\/\" \/>\n<meta property=\"og:locale\" content=\"pt_BR\" \/>\n<meta property=\"og:type\" content=\"article\" \/>\n<meta property=\"og:title\" content=\"Era uma vez uma PROV\u00cdNCIA DO FAZ DE CONTA... - R\u00e1dio Life FM\" \/>\n<meta property=\"og:description\" content=\"\u00a0\u201cTudo come\u00e7ou quando o Coringa e eu terminamos. Foi completamente m\u00fatuo. N\u00e3o demorou para eu me levantar de novo. Pronta para abra\u00e7ar a deusa feroz dentro de mim.\u201d (Aves de Rapina) \u00a0 S\u00e9rgio Barbosa (*) Nos denominados CONTOS DE FADAS, tamb\u00e9m, pode ser os tais CONTOS DA CAROCHINHA, tudo pode ser aquilo que nunca foi [&hellip;]\" \/>\n<meta property=\"og:url\" content=\"https:\/\/radiolifefm.com.br\/noticias\/era-uma-vez-uma-provincia-do-faz-de-conta-2\/\" \/>\n<meta property=\"og:site_name\" content=\"R\u00e1dio Life FM\" \/>\n<meta property=\"article:publisher\" content=\"https:\/\/www.facebook.com\/radiolifefm\/\" \/>\n<meta property=\"article:published_time\" content=\"2022-03-28T11:10:23+00:00\" \/>\n<meta property=\"article:modified_time\" content=\"2026-02-27T12:39:03+00:00\" \/>\n<meta property=\"og:image\" content=\"https:\/\/radiolifefm.com.br\/noticias\/wp-content\/uploads\/2022\/03\/WhatsApp-Image-2022-03-27-at-20.46.28.jpeg\" \/>\n\t<meta property=\"og:image:width\" content=\"539\" \/>\n\t<meta property=\"og:image:height\" content=\"483\" \/>\n\t<meta property=\"og:image:type\" content=\"image\/jpeg\" \/>\n<meta name=\"author\" content=\"ritanery\" \/>\n<meta name=\"twitter:card\" content=\"summary_large_image\" \/>\n<meta name=\"twitter:label1\" content=\"Escrito por\" \/>\n\t<meta name=\"twitter:data1\" content=\"ritanery\" \/>\n\t<meta name=\"twitter:label2\" content=\"Est. tempo de leitura\" \/>\n\t<meta name=\"twitter:data2\" content=\"3 minutos\" \/>\n<script type=\"application\/ld+json\" class=\"yoast-schema-graph\">{\"@context\":\"https:\/\/schema.org\",\"@graph\":[{\"@type\":\"Article\",\"@id\":\"https:\/\/radiolifefm.com.br\/noticias\/era-uma-vez-uma-provincia-do-faz-de-conta-2\/#article\",\"isPartOf\":{\"@id\":\"https:\/\/radiolifefm.com.br\/noticias\/era-uma-vez-uma-provincia-do-faz-de-conta-2\/\"},\"author\":{\"name\":\"ritanery\",\"@id\":\"https:\/\/radiolifefm.com.br\/noticias\/#\/schema\/person\/6339b9fac59d12b071dec680d7375d87\"},\"headline\":\"Era uma vez uma PROV\u00cdNCIA DO FAZ DE CONTA&#8230;\",\"datePublished\":\"2022-03-28T11:10:23+00:00\",\"dateModified\":\"2026-02-27T12:39:03+00:00\",\"mainEntityOfPage\":{\"@id\":\"https:\/\/radiolifefm.com.br\/noticias\/era-uma-vez-uma-provincia-do-faz-de-conta-2\/\"},\"wordCount\":453,\"publisher\":{\"@id\":\"https:\/\/radiolifefm.com.br\/noticias\/#organization\"},\"image\":{\"@id\":\"https:\/\/radiolifefm.com.br\/noticias\/era-uma-vez-uma-provincia-do-faz-de-conta-2\/#primaryimage\"},\"thumbnailUrl\":\"https:\/\/radiolifefm.com.br\/noticias\/wp-content\/uploads\/2022\/03\/WhatsApp-Image-2022-03-27-at-20.46.28.jpeg\",\"articleSection\":[\"Opini\u00e3o\"],\"inLanguage\":\"pt-BR\"},{\"@type\":\"WebPage\",\"@id\":\"https:\/\/radiolifefm.com.br\/noticias\/era-uma-vez-uma-provincia-do-faz-de-conta-2\/\",\"url\":\"https:\/\/radiolifefm.com.br\/noticias\/era-uma-vez-uma-provincia-do-faz-de-conta-2\/\",\"name\":\"Era uma vez uma PROV\u00cdNCIA DO FAZ DE CONTA... - R\u00e1dio Life FM\",\"isPartOf\":{\"@id\":\"https:\/\/radiolifefm.com.br\/noticias\/#website\"},\"primaryImageOfPage\":{\"@id\":\"https:\/\/radiolifefm.com.br\/noticias\/era-uma-vez-uma-provincia-do-faz-de-conta-2\/#primaryimage\"},\"image\":{\"@id\":\"https:\/\/radiolifefm.com.br\/noticias\/era-uma-vez-uma-provincia-do-faz-de-conta-2\/#primaryimage\"},\"thumbnailUrl\":\"https:\/\/radiolifefm.com.br\/noticias\/wp-content\/uploads\/2022\/03\/WhatsApp-Image-2022-03-27-at-20.46.28.jpeg\",\"datePublished\":\"2022-03-28T11:10:23+00:00\",\"dateModified\":\"2026-02-27T12:39:03+00:00\",\"breadcrumb\":{\"@id\":\"https:\/\/radiolifefm.com.br\/noticias\/era-uma-vez-uma-provincia-do-faz-de-conta-2\/#breadcrumb\"},\"inLanguage\":\"pt-BR\",\"potentialAction\":[{\"@type\":\"ReadAction\",\"target\":[\"https:\/\/radiolifefm.com.br\/noticias\/era-uma-vez-uma-provincia-do-faz-de-conta-2\/\"]}]},{\"@type\":\"ImageObject\",\"inLanguage\":\"pt-BR\",\"@id\":\"https:\/\/radiolifefm.com.br\/noticias\/era-uma-vez-uma-provincia-do-faz-de-conta-2\/#primaryimage\",\"url\":\"https:\/\/radiolifefm.com.br\/noticias\/wp-content\/uploads\/2022\/03\/WhatsApp-Image-2022-03-27-at-20.46.28.jpeg\",\"contentUrl\":\"https:\/\/radiolifefm.com.br\/noticias\/wp-content\/uploads\/2022\/03\/WhatsApp-Image-2022-03-27-at-20.46.28.jpeg\",\"width\":539,\"height\":483},{\"@type\":\"BreadcrumbList\",\"@id\":\"https:\/\/radiolifefm.com.br\/noticias\/era-uma-vez-uma-provincia-do-faz-de-conta-2\/#breadcrumb\",\"itemListElement\":[{\"@type\":\"ListItem\",\"position\":1,\"name\":\"In\u00edcio\",\"item\":\"https:\/\/radiolifefm.com.br\/noticias\/\"},{\"@type\":\"ListItem\",\"position\":2,\"name\":\"Era uma vez uma PROV\u00cdNCIA DO FAZ DE CONTA&#8230;\"}]},{\"@type\":\"WebSite\",\"@id\":\"https:\/\/radiolifefm.com.br\/noticias\/#website\",\"url\":\"https:\/\/radiolifefm.com.br\/noticias\/\",\"name\":\"R\u00e1dio Life FM\",\"description\":\"O Portal de Not\u00edcias de Adamantina\",\"publisher\":{\"@id\":\"https:\/\/radiolifefm.com.br\/noticias\/#organization\"},\"alternateName\":\"Life FM\",\"potentialAction\":[{\"@type\":\"SearchAction\",\"target\":{\"@type\":\"EntryPoint\",\"urlTemplate\":\"https:\/\/radiolifefm.com.br\/noticias\/?s={search_term_string}\"},\"query-input\":{\"@type\":\"PropertyValueSpecification\",\"valueRequired\":true,\"valueName\":\"search_term_string\"}}],\"inLanguage\":\"pt-BR\"},{\"@type\":\"Organization\",\"@id\":\"https:\/\/radiolifefm.com.br\/noticias\/#organization\",\"name\":\"R\u00e1dio Life FM\",\"alternateName\":\"Life FM\",\"url\":\"https:\/\/radiolifefm.com.br\/noticias\/\",\"logo\":{\"@type\":\"ImageObject\",\"inLanguage\":\"pt-BR\",\"@id\":\"https:\/\/radiolifefm.com.br\/noticias\/#\/schema\/logo\/image\/\",\"url\":\"https:\/\/static.radiolifefm.com.br\/noticias\/wp-content\/uploads\/2019\/10\/logo-lifefm.png\",\"contentUrl\":\"https:\/\/static.radiolifefm.com.br\/noticias\/wp-content\/uploads\/2019\/10\/logo-lifefm.png\",\"width\":196,\"height\":47,\"caption\":\"R\u00e1dio Life FM\"},\"image\":{\"@id\":\"https:\/\/radiolifefm.com.br\/noticias\/#\/schema\/logo\/image\/\"},\"sameAs\":[\"https:\/\/www.facebook.com\/radiolifefm\/\",\"https:\/\/www.instagram.com\/life1079fm\/\"]},{\"@type\":\"Person\",\"@id\":\"https:\/\/radiolifefm.com.br\/noticias\/#\/schema\/person\/6339b9fac59d12b071dec680d7375d87\",\"name\":\"ritanery\",\"image\":{\"@type\":\"ImageObject\",\"inLanguage\":\"pt-BR\",\"@id\":\"https:\/\/secure.gravatar.com\/avatar\/0e37bb19071f47c0b8a23f62a903df117c5a0e75f65a0c2901562f97cd41cf86?s=96&d=mm&r=g\",\"url\":\"https:\/\/secure.gravatar.com\/avatar\/0e37bb19071f47c0b8a23f62a903df117c5a0e75f65a0c2901562f97cd41cf86?s=96&d=mm&r=g\",\"contentUrl\":\"https:\/\/secure.gravatar.com\/avatar\/0e37bb19071f47c0b8a23f62a903df117c5a0e75f65a0c2901562f97cd41cf86?s=96&d=mm&r=g\",\"caption\":\"ritanery\"}}]}<\/script>\n<!-- \/ Yoast SEO plugin. -->","yoast_head_json":{"title":"Era uma vez uma PROV\u00cdNCIA DO FAZ DE CONTA... - R\u00e1dio Life FM","robots":{"index":"index","follow":"follow","max-snippet":"max-snippet:-1","max-image-preview":"max-image-preview:large","max-video-preview":"max-video-preview:-1"},"canonical":"https:\/\/radiolifefm.com.br\/noticias\/era-uma-vez-uma-provincia-do-faz-de-conta-2\/","og_locale":"pt_BR","og_type":"article","og_title":"Era uma vez uma PROV\u00cdNCIA DO FAZ DE CONTA... - R\u00e1dio Life FM","og_description":"\u00a0\u201cTudo come\u00e7ou quando o Coringa e eu terminamos. Foi completamente m\u00fatuo. N\u00e3o demorou para eu me levantar de novo. Pronta para abra\u00e7ar a deusa feroz dentro de mim.\u201d (Aves de Rapina) \u00a0 S\u00e9rgio Barbosa (*) Nos denominados CONTOS DE FADAS, tamb\u00e9m, pode ser os tais CONTOS DA CAROCHINHA, tudo pode ser aquilo que nunca foi [&hellip;]","og_url":"https:\/\/radiolifefm.com.br\/noticias\/era-uma-vez-uma-provincia-do-faz-de-conta-2\/","og_site_name":"R\u00e1dio Life FM","article_publisher":"https:\/\/www.facebook.com\/radiolifefm\/","article_published_time":"2022-03-28T11:10:23+00:00","article_modified_time":"2026-02-27T12:39:03+00:00","og_image":[{"width":539,"height":483,"url":"https:\/\/radiolifefm.com.br\/noticias\/wp-content\/uploads\/2022\/03\/WhatsApp-Image-2022-03-27-at-20.46.28.jpeg","type":"image\/jpeg"}],"author":"ritanery","twitter_card":"summary_large_image","twitter_misc":{"Escrito por":"ritanery","Est. tempo de leitura":"3 minutos"},"schema":{"@context":"https:\/\/schema.org","@graph":[{"@type":"Article","@id":"https:\/\/radiolifefm.com.br\/noticias\/era-uma-vez-uma-provincia-do-faz-de-conta-2\/#article","isPartOf":{"@id":"https:\/\/radiolifefm.com.br\/noticias\/era-uma-vez-uma-provincia-do-faz-de-conta-2\/"},"author":{"name":"ritanery","@id":"https:\/\/radiolifefm.com.br\/noticias\/#\/schema\/person\/6339b9fac59d12b071dec680d7375d87"},"headline":"Era uma vez uma PROV\u00cdNCIA DO FAZ DE CONTA&#8230;","datePublished":"2022-03-28T11:10:23+00:00","dateModified":"2026-02-27T12:39:03+00:00","mainEntityOfPage":{"@id":"https:\/\/radiolifefm.com.br\/noticias\/era-uma-vez-uma-provincia-do-faz-de-conta-2\/"},"wordCount":453,"publisher":{"@id":"https:\/\/radiolifefm.com.br\/noticias\/#organization"},"image":{"@id":"https:\/\/radiolifefm.com.br\/noticias\/era-uma-vez-uma-provincia-do-faz-de-conta-2\/#primaryimage"},"thumbnailUrl":"https:\/\/radiolifefm.com.br\/noticias\/wp-content\/uploads\/2022\/03\/WhatsApp-Image-2022-03-27-at-20.46.28.jpeg","articleSection":["Opini\u00e3o"],"inLanguage":"pt-BR"},{"@type":"WebPage","@id":"https:\/\/radiolifefm.com.br\/noticias\/era-uma-vez-uma-provincia-do-faz-de-conta-2\/","url":"https:\/\/radiolifefm.com.br\/noticias\/era-uma-vez-uma-provincia-do-faz-de-conta-2\/","name":"Era uma vez uma PROV\u00cdNCIA DO FAZ DE CONTA... - R\u00e1dio Life FM","isPartOf":{"@id":"https:\/\/radiolifefm.com.br\/noticias\/#website"},"primaryImageOfPage":{"@id":"https:\/\/radiolifefm.com.br\/noticias\/era-uma-vez-uma-provincia-do-faz-de-conta-2\/#primaryimage"},"image":{"@id":"https:\/\/radiolifefm.com.br\/noticias\/era-uma-vez-uma-provincia-do-faz-de-conta-2\/#primaryimage"},"thumbnailUrl":"https:\/\/radiolifefm.com.br\/noticias\/wp-content\/uploads\/2022\/03\/WhatsApp-Image-2022-03-27-at-20.46.28.jpeg","datePublished":"2022-03-28T11:10:23+00:00","dateModified":"2026-02-27T12:39:03+00:00","breadcrumb":{"@id":"https:\/\/radiolifefm.com.br\/noticias\/era-uma-vez-uma-provincia-do-faz-de-conta-2\/#breadcrumb"},"inLanguage":"pt-BR","potentialAction":[{"@type":"ReadAction","target":["https:\/\/radiolifefm.com.br\/noticias\/era-uma-vez-uma-provincia-do-faz-de-conta-2\/"]}]},{"@type":"ImageObject","inLanguage":"pt-BR","@id":"https:\/\/radiolifefm.com.br\/noticias\/era-uma-vez-uma-provincia-do-faz-de-conta-2\/#primaryimage","url":"https:\/\/radiolifefm.com.br\/noticias\/wp-content\/uploads\/2022\/03\/WhatsApp-Image-2022-03-27-at-20.46.28.jpeg","contentUrl":"https:\/\/radiolifefm.com.br\/noticias\/wp-content\/uploads\/2022\/03\/WhatsApp-Image-2022-03-27-at-20.46.28.jpeg","width":539,"height":483},{"@type":"BreadcrumbList","@id":"https:\/\/radiolifefm.com.br\/noticias\/era-uma-vez-uma-provincia-do-faz-de-conta-2\/#breadcrumb","itemListElement":[{"@type":"ListItem","position":1,"name":"In\u00edcio","item":"https:\/\/radiolifefm.com.br\/noticias\/"},{"@type":"ListItem","position":2,"name":"Era uma vez uma PROV\u00cdNCIA DO FAZ DE CONTA&#8230;"}]},{"@type":"WebSite","@id":"https:\/\/radiolifefm.com.br\/noticias\/#website","url":"https:\/\/radiolifefm.com.br\/noticias\/","name":"R\u00e1dio Life FM","description":"O Portal de Not\u00edcias de Adamantina","publisher":{"@id":"https:\/\/radiolifefm.com.br\/noticias\/#organization"},"alternateName":"Life FM","potentialAction":[{"@type":"SearchAction","target":{"@type":"EntryPoint","urlTemplate":"https:\/\/radiolifefm.com.br\/noticias\/?s={search_term_string}"},"query-input":{"@type":"PropertyValueSpecification","valueRequired":true,"valueName":"search_term_string"}}],"inLanguage":"pt-BR"},{"@type":"Organization","@id":"https:\/\/radiolifefm.com.br\/noticias\/#organization","name":"R\u00e1dio Life FM","alternateName":"Life FM","url":"https:\/\/radiolifefm.com.br\/noticias\/","logo":{"@type":"ImageObject","inLanguage":"pt-BR","@id":"https:\/\/radiolifefm.com.br\/noticias\/#\/schema\/logo\/image\/","url":"https:\/\/static.radiolifefm.com.br\/noticias\/wp-content\/uploads\/2019\/10\/logo-lifefm.png","contentUrl":"https:\/\/static.radiolifefm.com.br\/noticias\/wp-content\/uploads\/2019\/10\/logo-lifefm.png","width":196,"height":47,"caption":"R\u00e1dio Life FM"},"image":{"@id":"https:\/\/radiolifefm.com.br\/noticias\/#\/schema\/logo\/image\/"},"sameAs":["https:\/\/www.facebook.com\/radiolifefm\/","https:\/\/www.instagram.com\/life1079fm\/"]},{"@type":"Person","@id":"https:\/\/radiolifefm.com.br\/noticias\/#\/schema\/person\/6339b9fac59d12b071dec680d7375d87","name":"ritanery","image":{"@type":"ImageObject","inLanguage":"pt-BR","@id":"https:\/\/secure.gravatar.com\/avatar\/0e37bb19071f47c0b8a23f62a903df117c5a0e75f65a0c2901562f97cd41cf86?s=96&d=mm&r=g","url":"https:\/\/secure.gravatar.com\/avatar\/0e37bb19071f47c0b8a23f62a903df117c5a0e75f65a0c2901562f97cd41cf86?s=96&d=mm&r=g","contentUrl":"https:\/\/secure.gravatar.com\/avatar\/0e37bb19071f47c0b8a23f62a903df117c5a0e75f65a0c2901562f97cd41cf86?s=96&d=mm&r=g","caption":"ritanery"}}]}},"amp_enabled":true,"_links":{"self":[{"href":"https:\/\/radiolifefm.com.br\/noticias\/wp-json\/wp\/v2\/posts\/51384","targetHints":{"allow":["GET"]}}],"collection":[{"href":"https:\/\/radiolifefm.com.br\/noticias\/wp-json\/wp\/v2\/posts"}],"about":[{"href":"https:\/\/radiolifefm.com.br\/noticias\/wp-json\/wp\/v2\/types\/post"}],"author":[{"embeddable":true,"href":"https:\/\/radiolifefm.com.br\/noticias\/wp-json\/wp\/v2\/users\/13"}],"replies":[{"embeddable":true,"href":"https:\/\/radiolifefm.com.br\/noticias\/wp-json\/wp\/v2\/comments?post=51384"}],"version-history":[{"count":1,"href":"https:\/\/radiolifefm.com.br\/noticias\/wp-json\/wp\/v2\/posts\/51384\/revisions"}],"predecessor-version":[{"id":51386,"href":"https:\/\/radiolifefm.com.br\/noticias\/wp-json\/wp\/v2\/posts\/51384\/revisions\/51386"}],"wp:featuredmedia":[{"embeddable":true,"href":"https:\/\/radiolifefm.com.br\/noticias\/wp-json\/wp\/v2\/media\/51385"}],"wp:attachment":[{"href":"https:\/\/radiolifefm.com.br\/noticias\/wp-json\/wp\/v2\/media?parent=51384"}],"wp:term":[{"taxonomy":"category","embeddable":true,"href":"https:\/\/radiolifefm.com.br\/noticias\/wp-json\/wp\/v2\/categories?post=51384"},{"taxonomy":"post_tag","embeddable":true,"href":"https:\/\/radiolifefm.com.br\/noticias\/wp-json\/wp\/v2\/tags?post=51384"}],"curies":[{"name":"wp","href":"https:\/\/api.w.org\/{rel}","templated":true}]}}