{"id":51306,"date":"2022-03-25T10:52:11","date_gmt":"2022-03-25T13:52:11","guid":{"rendered":"https:\/\/radiolifefm.com.br\/noticias\/?p=51306"},"modified":"2026-04-09T04:58:58","modified_gmt":"2026-04-09T07:58:58","slug":"prefeitura-de-adamantina-participa-de-encontro-na-secretaria-de-desenvolvimento-economico-ciencia-e-tecnologia-do-estado-de-sao-paulo","status":"publish","type":"post","link":"https:\/\/radiolifefm.com.br\/noticias\/prefeitura-de-adamantina-participa-de-encontro-na-secretaria-de-desenvolvimento-economico-ciencia-e-tecnologia-do-estado-de-sao-paulo\/","title":{"rendered":"Prefeitura de Adamantina participa de encontro na Secretaria de Desenvolvimento Econ\u00f4mico, Ci\u00eancia e Tecnologia do Estado de S\u00e3o Paulo"},"content":{"rendered":"<div id=\"fb-root\"><\/div>\n<div>O prefeito M\u00e1rcio Cardim e o secret\u00e1rio de desenvolvimento econ\u00f4mico, Gustavo Andrade participaram de uma reuni\u00e3o na Secretaria de Desenvolvimento Econ\u00f4mico, Ci\u00eancia e Tecnologia do Estado de S\u00e3o Paulo.<\/div>\n<div><\/div>\n<div>Na pasta estadual, os representantes do poder executivo foram recebidos pela diretora do Banco do Povo, Aline Negri, Bruna Barros, subsecret\u00e1ria de empreendedorismo e Sueli Cavalheiro, diretora de empreendedorismo.<\/div>\n<div><\/div>\n<div>De acordo com o prefeito M\u00e1rcio Cardim, o encontro possibilitou obter novas ideias relacionadas ao empreendedorismo que poder\u00e3o ser aplicadas no munic\u00edpio, por meio da Secretaria de Desenvolvimento Econ\u00f4mico municipal.<\/div>\n<div><\/div>\n<div>\u201cA ideia \u00e9 montar um Centro de Inova\u00e7\u00e3o Tecnol\u00f3gica para aproximar o empreendedor e as startups para que \u00a0gerem emprego e renda no munic\u00edpio\u201d, comenta o prefeito.<\/div>\n<div><\/div>\n<div>Al\u00e9m disso, o Programa Empreenda Mulher foi apresentado aos representantes municipais. A iniciativa do Governo do Estado consiste em dar espa\u00e7o para a mulher empreendedora no Banco do Povo.<\/div>\n<div><\/div>\n<div>\u201cPara obten\u00e7\u00e3o do financiamento, as mulheres precisar\u00e3o ser capacitadas e o munic\u00edpio oferecer\u00e1 o curso em parceria com o Sebrae\u201d, afirma o secret\u00e1rio Gustavo Andrade.<\/div>\n<div><\/div>\n<div>O munic\u00edpio ainda objetiva oferecer o curso Empreenda R\u00e1pido tamb\u00e9m em parceria com o Sebrae. A iniciativa \u00e9 voltada tanto para homens como para mulheres e a partir da realiza\u00e7\u00e3o, o financiamento pode ser pleiteado tamb\u00e9m junto ao Banco do Povo.<\/div>\n<div><\/div>\n<div><b>Relembre<\/b><\/div>\n<div>No in\u00edcio do m\u00eas de mar\u00e7o, a vice-prefeita, Maria de Lourdes Santos Gil &#8220;Dinha&#8221; e as secret\u00e1rias Andreia Regina Ribeiro e Luciana Pereira participaram do evento Empreenda Mulher, realizado pela Secretaria de Desenvolvimento Econ\u00f4mico, Ci\u00eancia e Tecnologia do Estado de S\u00e3o Paulo.<\/div>\n<div><\/div>\n<div>O objetivo do encontro foi apresentar \u00e0s participantes o programa Empreenda Mulher que tem como foco promover a autonomia das mulheres.<\/div>\n<div><\/div>\n<div>Fonte: Assessoria de Imprensa<\/div>\n","protected":false},"excerpt":{"rendered":"<p>O prefeito M\u00e1rcio Cardim e o secret\u00e1rio de desenvolvimento econ\u00f4mico, Gustavo Andrade participaram de uma reuni\u00e3o na Secretaria de Desenvolvimento Econ\u00f4mico, Ci\u00eancia e Tecnologia do Estado de S\u00e3o Paulo. Na pasta estadual, os representantes do poder executivo foram recebidos pela diretora do Banco do Povo, Aline Negri, Bruna Barros, subsecret\u00e1ria de empreendedorismo e Sueli Cavalheiro, [&hellip;]<\/p>\n","protected":false},"author":13,"featured_media":51307,"comment_status":"closed","ping_status":"open","sticky":false,"template":"","format":"standard","meta":{"_acf_changed":false,"_exactmetrics_skip_tracking":false,"_exactmetrics_sitenote_active":false,"_exactmetrics_sitenote_note":"","_exactmetrics_sitenote_category":0,"footnotes":""},"categories":[21],"tags":[],"class_list":["post-51306","post","type-post","status-publish","format-standard","has-post-thumbnail","hentry","category-adamantina"],"acf":[],"yoast_head":"<!-- This site is optimized with the Yoast SEO plugin v27.2 - https:\/\/yoast.com\/product\/yoast-seo-wordpress\/ -->\n<title>Prefeitura de Adamantina participa de encontro na Secretaria de Desenvolvimento Econ\u00f4mico, Ci\u00eancia e Tecnologia do Estado de S\u00e3o Paulo - R\u00e1dio Life FM<\/title>\n<meta name=\"robots\" content=\"index, follow, max-snippet:-1, max-image-preview:large, max-video-preview:-1\" \/>\n<link rel=\"canonical\" href=\"https:\/\/radiolifefm.com.br\/noticias\/prefeitura-de-adamantina-participa-de-encontro-na-secretaria-de-desenvolvimento-economico-ciencia-e-tecnologia-do-estado-de-sao-paulo\/\" \/>\n<meta property=\"og:locale\" content=\"pt_BR\" \/>\n<meta property=\"og:type\" content=\"article\" \/>\n<meta property=\"og:title\" content=\"Prefeitura de Adamantina participa de encontro na Secretaria de Desenvolvimento Econ\u00f4mico, Ci\u00eancia e Tecnologia do Estado de S\u00e3o Paulo - R\u00e1dio Life FM\" \/>\n<meta property=\"og:description\" content=\"O prefeito M\u00e1rcio Cardim e o secret\u00e1rio de desenvolvimento econ\u00f4mico, Gustavo Andrade participaram de uma reuni\u00e3o na Secretaria de Desenvolvimento Econ\u00f4mico, Ci\u00eancia e Tecnologia do Estado de S\u00e3o Paulo. Na pasta estadual, os representantes do poder executivo foram recebidos pela diretora do Banco do Povo, Aline Negri, Bruna Barros, subsecret\u00e1ria de empreendedorismo e Sueli Cavalheiro, [&hellip;]\" \/>\n<meta property=\"og:url\" content=\"https:\/\/radiolifefm.com.br\/noticias\/prefeitura-de-adamantina-participa-de-encontro-na-secretaria-de-desenvolvimento-economico-ciencia-e-tecnologia-do-estado-de-sao-paulo\/\" \/>\n<meta property=\"og:site_name\" content=\"R\u00e1dio Life FM\" \/>\n<meta property=\"article:publisher\" content=\"https:\/\/www.facebook.com\/radiolifefm\/\" \/>\n<meta property=\"article:published_time\" content=\"2022-03-25T13:52:11+00:00\" \/>\n<meta property=\"article:modified_time\" content=\"2026-04-09T07:58:58+00:00\" \/>\n<meta property=\"og:image\" content=\"https:\/\/radiolifefm.com.br\/noticias\/wp-content\/uploads\/2022\/03\/foto-1.jpeg\" \/>\n\t<meta property=\"og:image:width\" content=\"1156\" \/>\n\t<meta property=\"og:image:height\" content=\"868\" \/>\n\t<meta property=\"og:image:type\" content=\"image\/jpeg\" \/>\n<meta name=\"author\" content=\"ritanery\" \/>\n<meta name=\"twitter:card\" content=\"summary_large_image\" \/>\n<meta name=\"twitter:label1\" content=\"Escrito por\" \/>\n\t<meta name=\"twitter:data1\" content=\"ritanery\" \/>\n\t<meta name=\"twitter:label2\" content=\"Est. tempo de leitura\" \/>\n\t<meta name=\"twitter:data2\" content=\"2 minutos\" \/>\n<script type=\"application\/ld+json\" class=\"yoast-schema-graph\">{\"@context\":\"https:\/\/schema.org\",\"@graph\":[{\"@type\":\"Article\",\"@id\":\"https:\/\/radiolifefm.com.br\/noticias\/prefeitura-de-adamantina-participa-de-encontro-na-secretaria-de-desenvolvimento-economico-ciencia-e-tecnologia-do-estado-de-sao-paulo\/#article\",\"isPartOf\":{\"@id\":\"https:\/\/radiolifefm.com.br\/noticias\/prefeitura-de-adamantina-participa-de-encontro-na-secretaria-de-desenvolvimento-economico-ciencia-e-tecnologia-do-estado-de-sao-paulo\/\"},\"author\":{\"name\":\"ritanery\",\"@id\":\"https:\/\/radiolifefm.com.br\/noticias\/#\/schema\/person\/6339b9fac59d12b071dec680d7375d87\"},\"headline\":\"Prefeitura de Adamantina participa de encontro na Secretaria de Desenvolvimento Econ\u00f4mico, Ci\u00eancia e Tecnologia do Estado de S\u00e3o Paulo\",\"datePublished\":\"2022-03-25T13:52:11+00:00\",\"dateModified\":\"2026-04-09T07:58:58+00:00\",\"mainEntityOfPage\":{\"@id\":\"https:\/\/radiolifefm.com.br\/noticias\/prefeitura-de-adamantina-participa-de-encontro-na-secretaria-de-desenvolvimento-economico-ciencia-e-tecnologia-do-estado-de-sao-paulo\/\"},\"wordCount\":331,\"publisher\":{\"@id\":\"https:\/\/radiolifefm.com.br\/noticias\/#organization\"},\"image\":{\"@id\":\"https:\/\/radiolifefm.com.br\/noticias\/prefeitura-de-adamantina-participa-de-encontro-na-secretaria-de-desenvolvimento-economico-ciencia-e-tecnologia-do-estado-de-sao-paulo\/#primaryimage\"},\"thumbnailUrl\":\"https:\/\/radiolifefm.com.br\/noticias\/wp-content\/uploads\/2022\/03\/foto-1.jpeg\",\"articleSection\":[\"Adamantina\"],\"inLanguage\":\"pt-BR\"},{\"@type\":\"WebPage\",\"@id\":\"https:\/\/radiolifefm.com.br\/noticias\/prefeitura-de-adamantina-participa-de-encontro-na-secretaria-de-desenvolvimento-economico-ciencia-e-tecnologia-do-estado-de-sao-paulo\/\",\"url\":\"https:\/\/radiolifefm.com.br\/noticias\/prefeitura-de-adamantina-participa-de-encontro-na-secretaria-de-desenvolvimento-economico-ciencia-e-tecnologia-do-estado-de-sao-paulo\/\",\"name\":\"Prefeitura de Adamantina participa de encontro na Secretaria de Desenvolvimento Econ\u00f4mico, Ci\u00eancia e Tecnologia do Estado de S\u00e3o Paulo - R\u00e1dio Life FM\",\"isPartOf\":{\"@id\":\"https:\/\/radiolifefm.com.br\/noticias\/#website\"},\"primaryImageOfPage\":{\"@id\":\"https:\/\/radiolifefm.com.br\/noticias\/prefeitura-de-adamantina-participa-de-encontro-na-secretaria-de-desenvolvimento-economico-ciencia-e-tecnologia-do-estado-de-sao-paulo\/#primaryimage\"},\"image\":{\"@id\":\"https:\/\/radiolifefm.com.br\/noticias\/prefeitura-de-adamantina-participa-de-encontro-na-secretaria-de-desenvolvimento-economico-ciencia-e-tecnologia-do-estado-de-sao-paulo\/#primaryimage\"},\"thumbnailUrl\":\"https:\/\/radiolifefm.com.br\/noticias\/wp-content\/uploads\/2022\/03\/foto-1.jpeg\",\"datePublished\":\"2022-03-25T13:52:11+00:00\",\"dateModified\":\"2026-04-09T07:58:58+00:00\",\"breadcrumb\":{\"@id\":\"https:\/\/radiolifefm.com.br\/noticias\/prefeitura-de-adamantina-participa-de-encontro-na-secretaria-de-desenvolvimento-economico-ciencia-e-tecnologia-do-estado-de-sao-paulo\/#breadcrumb\"},\"inLanguage\":\"pt-BR\",\"potentialAction\":[{\"@type\":\"ReadAction\",\"target\":[\"https:\/\/radiolifefm.com.br\/noticias\/prefeitura-de-adamantina-participa-de-encontro-na-secretaria-de-desenvolvimento-economico-ciencia-e-tecnologia-do-estado-de-sao-paulo\/\"]}]},{\"@type\":\"ImageObject\",\"inLanguage\":\"pt-BR\",\"@id\":\"https:\/\/radiolifefm.com.br\/noticias\/prefeitura-de-adamantina-participa-de-encontro-na-secretaria-de-desenvolvimento-economico-ciencia-e-tecnologia-do-estado-de-sao-paulo\/#primaryimage\",\"url\":\"https:\/\/radiolifefm.com.br\/noticias\/wp-content\/uploads\/2022\/03\/foto-1.jpeg\",\"contentUrl\":\"https:\/\/radiolifefm.com.br\/noticias\/wp-content\/uploads\/2022\/03\/foto-1.jpeg\",\"width\":1156,\"height\":868,\"caption\":\"Encontro teve como objetivo a busca por a\u00e7\u00f5es que podem gerar emprego e renda no munic\u00edpio\"},{\"@type\":\"BreadcrumbList\",\"@id\":\"https:\/\/radiolifefm.com.br\/noticias\/prefeitura-de-adamantina-participa-de-encontro-na-secretaria-de-desenvolvimento-economico-ciencia-e-tecnologia-do-estado-de-sao-paulo\/#breadcrumb\",\"itemListElement\":[{\"@type\":\"ListItem\",\"position\":1,\"name\":\"In\u00edcio\",\"item\":\"https:\/\/radiolifefm.com.br\/noticias\/\"},{\"@type\":\"ListItem\",\"position\":2,\"name\":\"Prefeitura de Adamantina participa de encontro na Secretaria de Desenvolvimento Econ\u00f4mico, Ci\u00eancia e Tecnologia do Estado de S\u00e3o Paulo\"}]},{\"@type\":\"WebSite\",\"@id\":\"https:\/\/radiolifefm.com.br\/noticias\/#website\",\"url\":\"https:\/\/radiolifefm.com.br\/noticias\/\",\"name\":\"R\u00e1dio Life FM\",\"description\":\"O Portal de Not\u00edcias de Adamantina\",\"publisher\":{\"@id\":\"https:\/\/radiolifefm.com.br\/noticias\/#organization\"},\"alternateName\":\"Life FM\",\"potentialAction\":[{\"@type\":\"SearchAction\",\"target\":{\"@type\":\"EntryPoint\",\"urlTemplate\":\"https:\/\/radiolifefm.com.br\/noticias\/?s={search_term_string}\"},\"query-input\":{\"@type\":\"PropertyValueSpecification\",\"valueRequired\":true,\"valueName\":\"search_term_string\"}}],\"inLanguage\":\"pt-BR\"},{\"@type\":\"Organization\",\"@id\":\"https:\/\/radiolifefm.com.br\/noticias\/#organization\",\"name\":\"R\u00e1dio Life FM\",\"alternateName\":\"Life FM\",\"url\":\"https:\/\/radiolifefm.com.br\/noticias\/\",\"logo\":{\"@type\":\"ImageObject\",\"inLanguage\":\"pt-BR\",\"@id\":\"https:\/\/radiolifefm.com.br\/noticias\/#\/schema\/logo\/image\/\",\"url\":\"https:\/\/static.radiolifefm.com.br\/noticias\/wp-content\/uploads\/2019\/10\/logo-lifefm.png\",\"contentUrl\":\"https:\/\/static.radiolifefm.com.br\/noticias\/wp-content\/uploads\/2019\/10\/logo-lifefm.png\",\"width\":196,\"height\":47,\"caption\":\"R\u00e1dio Life FM\"},\"image\":{\"@id\":\"https:\/\/radiolifefm.com.br\/noticias\/#\/schema\/logo\/image\/\"},\"sameAs\":[\"https:\/\/www.facebook.com\/radiolifefm\/\",\"https:\/\/www.instagram.com\/life1079fm\/\"]},{\"@type\":\"Person\",\"@id\":\"https:\/\/radiolifefm.com.br\/noticias\/#\/schema\/person\/6339b9fac59d12b071dec680d7375d87\",\"name\":\"ritanery\",\"image\":{\"@type\":\"ImageObject\",\"inLanguage\":\"pt-BR\",\"@id\":\"https:\/\/secure.gravatar.com\/avatar\/0e37bb19071f47c0b8a23f62a903df117c5a0e75f65a0c2901562f97cd41cf86?s=96&d=mm&r=g\",\"url\":\"https:\/\/secure.gravatar.com\/avatar\/0e37bb19071f47c0b8a23f62a903df117c5a0e75f65a0c2901562f97cd41cf86?s=96&d=mm&r=g\",\"contentUrl\":\"https:\/\/secure.gravatar.com\/avatar\/0e37bb19071f47c0b8a23f62a903df117c5a0e75f65a0c2901562f97cd41cf86?s=96&d=mm&r=g\",\"caption\":\"ritanery\"}}]}<\/script>\n<!-- \/ Yoast SEO plugin. -->","yoast_head_json":{"title":"Prefeitura de Adamantina participa de encontro na Secretaria de Desenvolvimento Econ\u00f4mico, Ci\u00eancia e Tecnologia do Estado de S\u00e3o Paulo - R\u00e1dio Life FM","robots":{"index":"index","follow":"follow","max-snippet":"max-snippet:-1","max-image-preview":"max-image-preview:large","max-video-preview":"max-video-preview:-1"},"canonical":"https:\/\/radiolifefm.com.br\/noticias\/prefeitura-de-adamantina-participa-de-encontro-na-secretaria-de-desenvolvimento-economico-ciencia-e-tecnologia-do-estado-de-sao-paulo\/","og_locale":"pt_BR","og_type":"article","og_title":"Prefeitura de Adamantina participa de encontro na Secretaria de Desenvolvimento Econ\u00f4mico, Ci\u00eancia e Tecnologia do Estado de S\u00e3o Paulo - R\u00e1dio Life FM","og_description":"O prefeito M\u00e1rcio Cardim e o secret\u00e1rio de desenvolvimento econ\u00f4mico, Gustavo Andrade participaram de uma reuni\u00e3o na Secretaria de Desenvolvimento Econ\u00f4mico, Ci\u00eancia e Tecnologia do Estado de S\u00e3o Paulo. Na pasta estadual, os representantes do poder executivo foram recebidos pela diretora do Banco do Povo, Aline Negri, Bruna Barros, subsecret\u00e1ria de empreendedorismo e Sueli Cavalheiro, [&hellip;]","og_url":"https:\/\/radiolifefm.com.br\/noticias\/prefeitura-de-adamantina-participa-de-encontro-na-secretaria-de-desenvolvimento-economico-ciencia-e-tecnologia-do-estado-de-sao-paulo\/","og_site_name":"R\u00e1dio Life FM","article_publisher":"https:\/\/www.facebook.com\/radiolifefm\/","article_published_time":"2022-03-25T13:52:11+00:00","article_modified_time":"2026-04-09T07:58:58+00:00","og_image":[{"width":1156,"height":868,"url":"https:\/\/radiolifefm.com.br\/noticias\/wp-content\/uploads\/2022\/03\/foto-1.jpeg","type":"image\/jpeg"}],"author":"ritanery","twitter_card":"summary_large_image","twitter_misc":{"Escrito por":"ritanery","Est. tempo de leitura":"2 minutos"},"schema":{"@context":"https:\/\/schema.org","@graph":[{"@type":"Article","@id":"https:\/\/radiolifefm.com.br\/noticias\/prefeitura-de-adamantina-participa-de-encontro-na-secretaria-de-desenvolvimento-economico-ciencia-e-tecnologia-do-estado-de-sao-paulo\/#article","isPartOf":{"@id":"https:\/\/radiolifefm.com.br\/noticias\/prefeitura-de-adamantina-participa-de-encontro-na-secretaria-de-desenvolvimento-economico-ciencia-e-tecnologia-do-estado-de-sao-paulo\/"},"author":{"name":"ritanery","@id":"https:\/\/radiolifefm.com.br\/noticias\/#\/schema\/person\/6339b9fac59d12b071dec680d7375d87"},"headline":"Prefeitura de Adamantina participa de encontro na Secretaria de Desenvolvimento Econ\u00f4mico, Ci\u00eancia e Tecnologia do Estado de S\u00e3o Paulo","datePublished":"2022-03-25T13:52:11+00:00","dateModified":"2026-04-09T07:58:58+00:00","mainEntityOfPage":{"@id":"https:\/\/radiolifefm.com.br\/noticias\/prefeitura-de-adamantina-participa-de-encontro-na-secretaria-de-desenvolvimento-economico-ciencia-e-tecnologia-do-estado-de-sao-paulo\/"},"wordCount":331,"publisher":{"@id":"https:\/\/radiolifefm.com.br\/noticias\/#organization"},"image":{"@id":"https:\/\/radiolifefm.com.br\/noticias\/prefeitura-de-adamantina-participa-de-encontro-na-secretaria-de-desenvolvimento-economico-ciencia-e-tecnologia-do-estado-de-sao-paulo\/#primaryimage"},"thumbnailUrl":"https:\/\/radiolifefm.com.br\/noticias\/wp-content\/uploads\/2022\/03\/foto-1.jpeg","articleSection":["Adamantina"],"inLanguage":"pt-BR"},{"@type":"WebPage","@id":"https:\/\/radiolifefm.com.br\/noticias\/prefeitura-de-adamantina-participa-de-encontro-na-secretaria-de-desenvolvimento-economico-ciencia-e-tecnologia-do-estado-de-sao-paulo\/","url":"https:\/\/radiolifefm.com.br\/noticias\/prefeitura-de-adamantina-participa-de-encontro-na-secretaria-de-desenvolvimento-economico-ciencia-e-tecnologia-do-estado-de-sao-paulo\/","name":"Prefeitura de Adamantina participa de encontro na Secretaria de Desenvolvimento Econ\u00f4mico, Ci\u00eancia e Tecnologia do Estado de S\u00e3o Paulo - R\u00e1dio Life FM","isPartOf":{"@id":"https:\/\/radiolifefm.com.br\/noticias\/#website"},"primaryImageOfPage":{"@id":"https:\/\/radiolifefm.com.br\/noticias\/prefeitura-de-adamantina-participa-de-encontro-na-secretaria-de-desenvolvimento-economico-ciencia-e-tecnologia-do-estado-de-sao-paulo\/#primaryimage"},"image":{"@id":"https:\/\/radiolifefm.com.br\/noticias\/prefeitura-de-adamantina-participa-de-encontro-na-secretaria-de-desenvolvimento-economico-ciencia-e-tecnologia-do-estado-de-sao-paulo\/#primaryimage"},"thumbnailUrl":"https:\/\/radiolifefm.com.br\/noticias\/wp-content\/uploads\/2022\/03\/foto-1.jpeg","datePublished":"2022-03-25T13:52:11+00:00","dateModified":"2026-04-09T07:58:58+00:00","breadcrumb":{"@id":"https:\/\/radiolifefm.com.br\/noticias\/prefeitura-de-adamantina-participa-de-encontro-na-secretaria-de-desenvolvimento-economico-ciencia-e-tecnologia-do-estado-de-sao-paulo\/#breadcrumb"},"inLanguage":"pt-BR","potentialAction":[{"@type":"ReadAction","target":["https:\/\/radiolifefm.com.br\/noticias\/prefeitura-de-adamantina-participa-de-encontro-na-secretaria-de-desenvolvimento-economico-ciencia-e-tecnologia-do-estado-de-sao-paulo\/"]}]},{"@type":"ImageObject","inLanguage":"pt-BR","@id":"https:\/\/radiolifefm.com.br\/noticias\/prefeitura-de-adamantina-participa-de-encontro-na-secretaria-de-desenvolvimento-economico-ciencia-e-tecnologia-do-estado-de-sao-paulo\/#primaryimage","url":"https:\/\/radiolifefm.com.br\/noticias\/wp-content\/uploads\/2022\/03\/foto-1.jpeg","contentUrl":"https:\/\/radiolifefm.com.br\/noticias\/wp-content\/uploads\/2022\/03\/foto-1.jpeg","width":1156,"height":868,"caption":"Encontro teve como objetivo a busca por a\u00e7\u00f5es que podem gerar emprego e renda no munic\u00edpio"},{"@type":"BreadcrumbList","@id":"https:\/\/radiolifefm.com.br\/noticias\/prefeitura-de-adamantina-participa-de-encontro-na-secretaria-de-desenvolvimento-economico-ciencia-e-tecnologia-do-estado-de-sao-paulo\/#breadcrumb","itemListElement":[{"@type":"ListItem","position":1,"name":"In\u00edcio","item":"https:\/\/radiolifefm.com.br\/noticias\/"},{"@type":"ListItem","position":2,"name":"Prefeitura de Adamantina participa de encontro na Secretaria de Desenvolvimento Econ\u00f4mico, Ci\u00eancia e Tecnologia do Estado de S\u00e3o Paulo"}]},{"@type":"WebSite","@id":"https:\/\/radiolifefm.com.br\/noticias\/#website","url":"https:\/\/radiolifefm.com.br\/noticias\/","name":"R\u00e1dio Life FM","description":"O Portal de Not\u00edcias de Adamantina","publisher":{"@id":"https:\/\/radiolifefm.com.br\/noticias\/#organization"},"alternateName":"Life FM","potentialAction":[{"@type":"SearchAction","target":{"@type":"EntryPoint","urlTemplate":"https:\/\/radiolifefm.com.br\/noticias\/?s={search_term_string}"},"query-input":{"@type":"PropertyValueSpecification","valueRequired":true,"valueName":"search_term_string"}}],"inLanguage":"pt-BR"},{"@type":"Organization","@id":"https:\/\/radiolifefm.com.br\/noticias\/#organization","name":"R\u00e1dio Life FM","alternateName":"Life FM","url":"https:\/\/radiolifefm.com.br\/noticias\/","logo":{"@type":"ImageObject","inLanguage":"pt-BR","@id":"https:\/\/radiolifefm.com.br\/noticias\/#\/schema\/logo\/image\/","url":"https:\/\/static.radiolifefm.com.br\/noticias\/wp-content\/uploads\/2019\/10\/logo-lifefm.png","contentUrl":"https:\/\/static.radiolifefm.com.br\/noticias\/wp-content\/uploads\/2019\/10\/logo-lifefm.png","width":196,"height":47,"caption":"R\u00e1dio Life FM"},"image":{"@id":"https:\/\/radiolifefm.com.br\/noticias\/#\/schema\/logo\/image\/"},"sameAs":["https:\/\/www.facebook.com\/radiolifefm\/","https:\/\/www.instagram.com\/life1079fm\/"]},{"@type":"Person","@id":"https:\/\/radiolifefm.com.br\/noticias\/#\/schema\/person\/6339b9fac59d12b071dec680d7375d87","name":"ritanery","image":{"@type":"ImageObject","inLanguage":"pt-BR","@id":"https:\/\/secure.gravatar.com\/avatar\/0e37bb19071f47c0b8a23f62a903df117c5a0e75f65a0c2901562f97cd41cf86?s=96&d=mm&r=g","url":"https:\/\/secure.gravatar.com\/avatar\/0e37bb19071f47c0b8a23f62a903df117c5a0e75f65a0c2901562f97cd41cf86?s=96&d=mm&r=g","contentUrl":"https:\/\/secure.gravatar.com\/avatar\/0e37bb19071f47c0b8a23f62a903df117c5a0e75f65a0c2901562f97cd41cf86?s=96&d=mm&r=g","caption":"ritanery"}}]}},"amp_enabled":true,"_links":{"self":[{"href":"https:\/\/radiolifefm.com.br\/noticias\/wp-json\/wp\/v2\/posts\/51306","targetHints":{"allow":["GET"]}}],"collection":[{"href":"https:\/\/radiolifefm.com.br\/noticias\/wp-json\/wp\/v2\/posts"}],"about":[{"href":"https:\/\/radiolifefm.com.br\/noticias\/wp-json\/wp\/v2\/types\/post"}],"author":[{"embeddable":true,"href":"https:\/\/radiolifefm.com.br\/noticias\/wp-json\/wp\/v2\/users\/13"}],"replies":[{"embeddable":true,"href":"https:\/\/radiolifefm.com.br\/noticias\/wp-json\/wp\/v2\/comments?post=51306"}],"version-history":[{"count":1,"href":"https:\/\/radiolifefm.com.br\/noticias\/wp-json\/wp\/v2\/posts\/51306\/revisions"}],"predecessor-version":[{"id":51308,"href":"https:\/\/radiolifefm.com.br\/noticias\/wp-json\/wp\/v2\/posts\/51306\/revisions\/51308"}],"wp:featuredmedia":[{"embeddable":true,"href":"https:\/\/radiolifefm.com.br\/noticias\/wp-json\/wp\/v2\/media\/51307"}],"wp:attachment":[{"href":"https:\/\/radiolifefm.com.br\/noticias\/wp-json\/wp\/v2\/media?parent=51306"}],"wp:term":[{"taxonomy":"category","embeddable":true,"href":"https:\/\/radiolifefm.com.br\/noticias\/wp-json\/wp\/v2\/categories?post=51306"},{"taxonomy":"post_tag","embeddable":true,"href":"https:\/\/radiolifefm.com.br\/noticias\/wp-json\/wp\/v2\/tags?post=51306"}],"curies":[{"name":"wp","href":"https:\/\/api.w.org\/{rel}","templated":true}]}}