{"id":51291,"date":"2022-03-25T08:01:44","date_gmt":"2022-03-25T11:01:44","guid":{"rendered":"https:\/\/radiolifefm.com.br\/noticias\/?p=51291"},"modified":"2026-04-08T04:47:26","modified_gmt":"2026-04-08T07:47:26","slug":"o-nascer-do-sol","status":"publish","type":"post","link":"https:\/\/radiolifefm.com.br\/noticias\/o-nascer-do-sol\/","title":{"rendered":"O NASCER DO SOL&#8230;"},"content":{"rendered":"<div id=\"fb-root\"><\/div>\n<p><em>\u00a0\u201cDevia ter amado mais, ter chorado mais, ter visto o sol nascer&#8230;\u201d (S\u00e9rgio Brito in \u201cA melhor banda de todos os tempos\/Tit\u00e3s-2001)<\/em><\/p>\n<p><strong><em>\u00c0 CLAUDIA V., dedico! <\/em><\/strong><\/p>\n<p>&nbsp;<\/p>\n<p><strong><em>By seb@r.<\/em><\/strong><\/p>\n<p>&nbsp;<\/p>\n<p>As pessoas deveriam saber o que busca neste novo tempo que se chama hoje, pois, mais do que nunca, o tempo corre contra o tempo em meio aos desencontros do cotidiano para um encontro casual do ocaso com a realidade terrena&#8230;<\/p>\n<p>Neste cen\u00e1rio que envolve o ser humano em sua busca pelo outro lado de um mundo afinado com as descobertas da infelicidade de um momento, por\u00e9m, nas andan\u00e7as do presente se perde nas contradi\u00e7\u00f5es do passado sem pensar no futuro&#8230;<\/p>\n<p>Ningu\u00e9m se preocupa com os detalhes do cen\u00e1rio da vida, pois, como sempre, existem outras preocupa\u00e7\u00f5es para o homem deste novo tempo, portanto, as causas mediadas pelas bandeiras da felicidade ficam para tr\u00e1s numa estrada sem fim de um universo al\u00e9m da nossa imagina\u00e7\u00e3o&#8230;<\/p>\n<p>As complica\u00e7\u00f5es do presente ficam no cora\u00e7\u00e3o do homem e deixam cicatrizes\u00a0 de morte em meio \u00e0 vida pela paix\u00e3o de sentir apenas o nascer do sol num quadro em preto e branco, destoando do mundo mais do que colorido para um olhar distante das novas descobertas&#8230;<\/p>\n<p>Muitas pessoas v\u00e3o sair dizendo que \u201cassim caminha a humanidade\u201d, mas, antes de outras d\u00favidas frente aos descaminhos de uma mesma estrada silenciosa pela aus\u00eancia das divindades protetoras da natureza, pode-se pensar em parar para um toque a mais sobre o nascer do sol no horizonte de uma montanha infinita&#8230;<\/p>\n<p>Se \u201co ocaso vai me proteger\u201d como escreveu o poeta para calar as vozes destoantes daquele momento plural para o homem do presente, ficando em exposi\u00e7\u00e3o para um futuro sem passado, neste caso em pauta, as perdas continuam fazendo parte do processo do ocaso do ser humano&#8230;<\/p>\n<p>O nascer do sol \u00e9 um momento sublime para a natureza e no decorrer do dia a luz solar marca presen\u00e7a de forma extraordin\u00e1ria para a vida terrena e quando o sol se p\u00f5e no horizonte distante, eleva se no c\u00e9u um novo astro para fazer a diferen\u00e7a entre o dia e a noite que se aproxima lentamente para determinar novos desafios mediados pelas estrelas do universo&#8230;<\/p>\n<p>S\u00e3o os desafios de um risco qualquer que proporciona momentos al\u00e9m da nossa imagina\u00e7\u00e3o terrena na busca do amor pela paix\u00e3o de si mesmo frente aos olhares dos amantes das estrelas na esperan\u00e7a do nascer do sol&#8230;<\/p>\n<p>APENAS VOC\u00ca PODE SABER ONDE NASCE O SOL NO TEMPO DO SEU TEMPO EM BUSCA DO TEMPO&#8230;<\/p>\n","protected":false},"excerpt":{"rendered":"<p>\u00a0\u201cDevia ter amado mais, ter chorado mais, ter visto o sol nascer&#8230;\u201d (S\u00e9rgio Brito in \u201cA melhor banda de todos os tempos\/Tit\u00e3s-2001) \u00c0 CLAUDIA V., dedico! &nbsp; By seb@r. &nbsp; As pessoas deveriam saber o que busca neste novo tempo que se chama hoje, pois, mais do que nunca, o tempo corre contra o tempo [&hellip;]<\/p>\n","protected":false},"author":13,"featured_media":51292,"comment_status":"closed","ping_status":"open","sticky":false,"template":"","format":"standard","meta":{"_acf_changed":false,"_exactmetrics_skip_tracking":false,"_exactmetrics_sitenote_active":false,"_exactmetrics_sitenote_note":"","_exactmetrics_sitenote_category":0,"footnotes":""},"categories":[59],"tags":[],"class_list":["post-51291","post","type-post","status-publish","format-standard","has-post-thumbnail","hentry","category-opiniao"],"acf":[],"yoast_head":"<!-- This site is optimized with the Yoast SEO plugin v27.2 - https:\/\/yoast.com\/product\/yoast-seo-wordpress\/ -->\n<title>O NASCER DO SOL... - R\u00e1dio Life FM<\/title>\n<meta name=\"robots\" content=\"index, follow, max-snippet:-1, max-image-preview:large, max-video-preview:-1\" \/>\n<link rel=\"canonical\" href=\"https:\/\/radiolifefm.com.br\/noticias\/o-nascer-do-sol\/\" \/>\n<meta property=\"og:locale\" content=\"pt_BR\" \/>\n<meta property=\"og:type\" content=\"article\" \/>\n<meta property=\"og:title\" content=\"O NASCER DO SOL... - R\u00e1dio Life FM\" \/>\n<meta property=\"og:description\" content=\"\u00a0\u201cDevia ter amado mais, ter chorado mais, ter visto o sol nascer&#8230;\u201d (S\u00e9rgio Brito in \u201cA melhor banda de todos os tempos\/Tit\u00e3s-2001) \u00c0 CLAUDIA V., dedico! &nbsp; By seb@r. &nbsp; As pessoas deveriam saber o que busca neste novo tempo que se chama hoje, pois, mais do que nunca, o tempo corre contra o tempo [&hellip;]\" \/>\n<meta property=\"og:url\" content=\"https:\/\/radiolifefm.com.br\/noticias\/o-nascer-do-sol\/\" \/>\n<meta property=\"og:site_name\" content=\"R\u00e1dio Life FM\" \/>\n<meta property=\"article:publisher\" content=\"https:\/\/www.facebook.com\/radiolifefm\/\" \/>\n<meta property=\"article:published_time\" content=\"2022-03-25T11:01:44+00:00\" \/>\n<meta property=\"article:modified_time\" content=\"2026-04-08T07:47:26+00:00\" \/>\n<meta property=\"og:image\" content=\"https:\/\/radiolifefm.com.br\/noticias\/wp-content\/uploads\/2022\/03\/WhatsApp-Image-2022-03-24-at-21.50.57.jpeg\" \/>\n\t<meta property=\"og:image:width\" content=\"1032\" \/>\n\t<meta property=\"og:image:height\" content=\"581\" \/>\n\t<meta property=\"og:image:type\" content=\"image\/jpeg\" \/>\n<meta name=\"author\" content=\"ritanery\" \/>\n<meta name=\"twitter:card\" content=\"summary_large_image\" \/>\n<meta name=\"twitter:label1\" content=\"Escrito por\" \/>\n\t<meta name=\"twitter:data1\" content=\"ritanery\" \/>\n\t<meta name=\"twitter:label2\" content=\"Est. tempo de leitura\" \/>\n\t<meta name=\"twitter:data2\" content=\"2 minutos\" \/>\n<script type=\"application\/ld+json\" class=\"yoast-schema-graph\">{\"@context\":\"https:\/\/schema.org\",\"@graph\":[{\"@type\":\"Article\",\"@id\":\"https:\/\/radiolifefm.com.br\/noticias\/o-nascer-do-sol\/#article\",\"isPartOf\":{\"@id\":\"https:\/\/radiolifefm.com.br\/noticias\/o-nascer-do-sol\/\"},\"author\":{\"name\":\"ritanery\",\"@id\":\"https:\/\/radiolifefm.com.br\/noticias\/#\/schema\/person\/6339b9fac59d12b071dec680d7375d87\"},\"headline\":\"O NASCER DO SOL&#8230;\",\"datePublished\":\"2022-03-25T11:01:44+00:00\",\"dateModified\":\"2026-04-08T07:47:26+00:00\",\"mainEntityOfPage\":{\"@id\":\"https:\/\/radiolifefm.com.br\/noticias\/o-nascer-do-sol\/\"},\"wordCount\":452,\"publisher\":{\"@id\":\"https:\/\/radiolifefm.com.br\/noticias\/#organization\"},\"image\":{\"@id\":\"https:\/\/radiolifefm.com.br\/noticias\/o-nascer-do-sol\/#primaryimage\"},\"thumbnailUrl\":\"https:\/\/radiolifefm.com.br\/noticias\/wp-content\/uploads\/2022\/03\/WhatsApp-Image-2022-03-24-at-21.50.57.jpeg\",\"articleSection\":[\"Opini\u00e3o\"],\"inLanguage\":\"pt-BR\"},{\"@type\":\"WebPage\",\"@id\":\"https:\/\/radiolifefm.com.br\/noticias\/o-nascer-do-sol\/\",\"url\":\"https:\/\/radiolifefm.com.br\/noticias\/o-nascer-do-sol\/\",\"name\":\"O NASCER DO SOL... - R\u00e1dio Life FM\",\"isPartOf\":{\"@id\":\"https:\/\/radiolifefm.com.br\/noticias\/#website\"},\"primaryImageOfPage\":{\"@id\":\"https:\/\/radiolifefm.com.br\/noticias\/o-nascer-do-sol\/#primaryimage\"},\"image\":{\"@id\":\"https:\/\/radiolifefm.com.br\/noticias\/o-nascer-do-sol\/#primaryimage\"},\"thumbnailUrl\":\"https:\/\/radiolifefm.com.br\/noticias\/wp-content\/uploads\/2022\/03\/WhatsApp-Image-2022-03-24-at-21.50.57.jpeg\",\"datePublished\":\"2022-03-25T11:01:44+00:00\",\"dateModified\":\"2026-04-08T07:47:26+00:00\",\"breadcrumb\":{\"@id\":\"https:\/\/radiolifefm.com.br\/noticias\/o-nascer-do-sol\/#breadcrumb\"},\"inLanguage\":\"pt-BR\",\"potentialAction\":[{\"@type\":\"ReadAction\",\"target\":[\"https:\/\/radiolifefm.com.br\/noticias\/o-nascer-do-sol\/\"]}]},{\"@type\":\"ImageObject\",\"inLanguage\":\"pt-BR\",\"@id\":\"https:\/\/radiolifefm.com.br\/noticias\/o-nascer-do-sol\/#primaryimage\",\"url\":\"https:\/\/radiolifefm.com.br\/noticias\/wp-content\/uploads\/2022\/03\/WhatsApp-Image-2022-03-24-at-21.50.57.jpeg\",\"contentUrl\":\"https:\/\/radiolifefm.com.br\/noticias\/wp-content\/uploads\/2022\/03\/WhatsApp-Image-2022-03-24-at-21.50.57.jpeg\",\"width\":1032,\"height\":581},{\"@type\":\"BreadcrumbList\",\"@id\":\"https:\/\/radiolifefm.com.br\/noticias\/o-nascer-do-sol\/#breadcrumb\",\"itemListElement\":[{\"@type\":\"ListItem\",\"position\":1,\"name\":\"In\u00edcio\",\"item\":\"https:\/\/radiolifefm.com.br\/noticias\/\"},{\"@type\":\"ListItem\",\"position\":2,\"name\":\"O NASCER DO SOL&#8230;\"}]},{\"@type\":\"WebSite\",\"@id\":\"https:\/\/radiolifefm.com.br\/noticias\/#website\",\"url\":\"https:\/\/radiolifefm.com.br\/noticias\/\",\"name\":\"R\u00e1dio Life FM\",\"description\":\"O Portal de Not\u00edcias de Adamantina\",\"publisher\":{\"@id\":\"https:\/\/radiolifefm.com.br\/noticias\/#organization\"},\"alternateName\":\"Life FM\",\"potentialAction\":[{\"@type\":\"SearchAction\",\"target\":{\"@type\":\"EntryPoint\",\"urlTemplate\":\"https:\/\/radiolifefm.com.br\/noticias\/?s={search_term_string}\"},\"query-input\":{\"@type\":\"PropertyValueSpecification\",\"valueRequired\":true,\"valueName\":\"search_term_string\"}}],\"inLanguage\":\"pt-BR\"},{\"@type\":\"Organization\",\"@id\":\"https:\/\/radiolifefm.com.br\/noticias\/#organization\",\"name\":\"R\u00e1dio Life FM\",\"alternateName\":\"Life FM\",\"url\":\"https:\/\/radiolifefm.com.br\/noticias\/\",\"logo\":{\"@type\":\"ImageObject\",\"inLanguage\":\"pt-BR\",\"@id\":\"https:\/\/radiolifefm.com.br\/noticias\/#\/schema\/logo\/image\/\",\"url\":\"https:\/\/static.radiolifefm.com.br\/noticias\/wp-content\/uploads\/2019\/10\/logo-lifefm.png\",\"contentUrl\":\"https:\/\/static.radiolifefm.com.br\/noticias\/wp-content\/uploads\/2019\/10\/logo-lifefm.png\",\"width\":196,\"height\":47,\"caption\":\"R\u00e1dio Life FM\"},\"image\":{\"@id\":\"https:\/\/radiolifefm.com.br\/noticias\/#\/schema\/logo\/image\/\"},\"sameAs\":[\"https:\/\/www.facebook.com\/radiolifefm\/\",\"https:\/\/www.instagram.com\/life1079fm\/\"]},{\"@type\":\"Person\",\"@id\":\"https:\/\/radiolifefm.com.br\/noticias\/#\/schema\/person\/6339b9fac59d12b071dec680d7375d87\",\"name\":\"ritanery\",\"image\":{\"@type\":\"ImageObject\",\"inLanguage\":\"pt-BR\",\"@id\":\"https:\/\/secure.gravatar.com\/avatar\/0e37bb19071f47c0b8a23f62a903df117c5a0e75f65a0c2901562f97cd41cf86?s=96&d=mm&r=g\",\"url\":\"https:\/\/secure.gravatar.com\/avatar\/0e37bb19071f47c0b8a23f62a903df117c5a0e75f65a0c2901562f97cd41cf86?s=96&d=mm&r=g\",\"contentUrl\":\"https:\/\/secure.gravatar.com\/avatar\/0e37bb19071f47c0b8a23f62a903df117c5a0e75f65a0c2901562f97cd41cf86?s=96&d=mm&r=g\",\"caption\":\"ritanery\"}}]}<\/script>\n<!-- \/ Yoast SEO plugin. -->","yoast_head_json":{"title":"O NASCER DO SOL... - R\u00e1dio Life FM","robots":{"index":"index","follow":"follow","max-snippet":"max-snippet:-1","max-image-preview":"max-image-preview:large","max-video-preview":"max-video-preview:-1"},"canonical":"https:\/\/radiolifefm.com.br\/noticias\/o-nascer-do-sol\/","og_locale":"pt_BR","og_type":"article","og_title":"O NASCER DO SOL... - R\u00e1dio Life FM","og_description":"\u00a0\u201cDevia ter amado mais, ter chorado mais, ter visto o sol nascer&#8230;\u201d (S\u00e9rgio Brito in \u201cA melhor banda de todos os tempos\/Tit\u00e3s-2001) \u00c0 CLAUDIA V., dedico! &nbsp; By seb@r. &nbsp; As pessoas deveriam saber o que busca neste novo tempo que se chama hoje, pois, mais do que nunca, o tempo corre contra o tempo [&hellip;]","og_url":"https:\/\/radiolifefm.com.br\/noticias\/o-nascer-do-sol\/","og_site_name":"R\u00e1dio Life FM","article_publisher":"https:\/\/www.facebook.com\/radiolifefm\/","article_published_time":"2022-03-25T11:01:44+00:00","article_modified_time":"2026-04-08T07:47:26+00:00","og_image":[{"width":1032,"height":581,"url":"https:\/\/radiolifefm.com.br\/noticias\/wp-content\/uploads\/2022\/03\/WhatsApp-Image-2022-03-24-at-21.50.57.jpeg","type":"image\/jpeg"}],"author":"ritanery","twitter_card":"summary_large_image","twitter_misc":{"Escrito por":"ritanery","Est. tempo de leitura":"2 minutos"},"schema":{"@context":"https:\/\/schema.org","@graph":[{"@type":"Article","@id":"https:\/\/radiolifefm.com.br\/noticias\/o-nascer-do-sol\/#article","isPartOf":{"@id":"https:\/\/radiolifefm.com.br\/noticias\/o-nascer-do-sol\/"},"author":{"name":"ritanery","@id":"https:\/\/radiolifefm.com.br\/noticias\/#\/schema\/person\/6339b9fac59d12b071dec680d7375d87"},"headline":"O NASCER DO SOL&#8230;","datePublished":"2022-03-25T11:01:44+00:00","dateModified":"2026-04-08T07:47:26+00:00","mainEntityOfPage":{"@id":"https:\/\/radiolifefm.com.br\/noticias\/o-nascer-do-sol\/"},"wordCount":452,"publisher":{"@id":"https:\/\/radiolifefm.com.br\/noticias\/#organization"},"image":{"@id":"https:\/\/radiolifefm.com.br\/noticias\/o-nascer-do-sol\/#primaryimage"},"thumbnailUrl":"https:\/\/radiolifefm.com.br\/noticias\/wp-content\/uploads\/2022\/03\/WhatsApp-Image-2022-03-24-at-21.50.57.jpeg","articleSection":["Opini\u00e3o"],"inLanguage":"pt-BR"},{"@type":"WebPage","@id":"https:\/\/radiolifefm.com.br\/noticias\/o-nascer-do-sol\/","url":"https:\/\/radiolifefm.com.br\/noticias\/o-nascer-do-sol\/","name":"O NASCER DO SOL... - R\u00e1dio Life FM","isPartOf":{"@id":"https:\/\/radiolifefm.com.br\/noticias\/#website"},"primaryImageOfPage":{"@id":"https:\/\/radiolifefm.com.br\/noticias\/o-nascer-do-sol\/#primaryimage"},"image":{"@id":"https:\/\/radiolifefm.com.br\/noticias\/o-nascer-do-sol\/#primaryimage"},"thumbnailUrl":"https:\/\/radiolifefm.com.br\/noticias\/wp-content\/uploads\/2022\/03\/WhatsApp-Image-2022-03-24-at-21.50.57.jpeg","datePublished":"2022-03-25T11:01:44+00:00","dateModified":"2026-04-08T07:47:26+00:00","breadcrumb":{"@id":"https:\/\/radiolifefm.com.br\/noticias\/o-nascer-do-sol\/#breadcrumb"},"inLanguage":"pt-BR","potentialAction":[{"@type":"ReadAction","target":["https:\/\/radiolifefm.com.br\/noticias\/o-nascer-do-sol\/"]}]},{"@type":"ImageObject","inLanguage":"pt-BR","@id":"https:\/\/radiolifefm.com.br\/noticias\/o-nascer-do-sol\/#primaryimage","url":"https:\/\/radiolifefm.com.br\/noticias\/wp-content\/uploads\/2022\/03\/WhatsApp-Image-2022-03-24-at-21.50.57.jpeg","contentUrl":"https:\/\/radiolifefm.com.br\/noticias\/wp-content\/uploads\/2022\/03\/WhatsApp-Image-2022-03-24-at-21.50.57.jpeg","width":1032,"height":581},{"@type":"BreadcrumbList","@id":"https:\/\/radiolifefm.com.br\/noticias\/o-nascer-do-sol\/#breadcrumb","itemListElement":[{"@type":"ListItem","position":1,"name":"In\u00edcio","item":"https:\/\/radiolifefm.com.br\/noticias\/"},{"@type":"ListItem","position":2,"name":"O NASCER DO SOL&#8230;"}]},{"@type":"WebSite","@id":"https:\/\/radiolifefm.com.br\/noticias\/#website","url":"https:\/\/radiolifefm.com.br\/noticias\/","name":"R\u00e1dio Life FM","description":"O Portal de Not\u00edcias de Adamantina","publisher":{"@id":"https:\/\/radiolifefm.com.br\/noticias\/#organization"},"alternateName":"Life FM","potentialAction":[{"@type":"SearchAction","target":{"@type":"EntryPoint","urlTemplate":"https:\/\/radiolifefm.com.br\/noticias\/?s={search_term_string}"},"query-input":{"@type":"PropertyValueSpecification","valueRequired":true,"valueName":"search_term_string"}}],"inLanguage":"pt-BR"},{"@type":"Organization","@id":"https:\/\/radiolifefm.com.br\/noticias\/#organization","name":"R\u00e1dio Life FM","alternateName":"Life FM","url":"https:\/\/radiolifefm.com.br\/noticias\/","logo":{"@type":"ImageObject","inLanguage":"pt-BR","@id":"https:\/\/radiolifefm.com.br\/noticias\/#\/schema\/logo\/image\/","url":"https:\/\/static.radiolifefm.com.br\/noticias\/wp-content\/uploads\/2019\/10\/logo-lifefm.png","contentUrl":"https:\/\/static.radiolifefm.com.br\/noticias\/wp-content\/uploads\/2019\/10\/logo-lifefm.png","width":196,"height":47,"caption":"R\u00e1dio Life FM"},"image":{"@id":"https:\/\/radiolifefm.com.br\/noticias\/#\/schema\/logo\/image\/"},"sameAs":["https:\/\/www.facebook.com\/radiolifefm\/","https:\/\/www.instagram.com\/life1079fm\/"]},{"@type":"Person","@id":"https:\/\/radiolifefm.com.br\/noticias\/#\/schema\/person\/6339b9fac59d12b071dec680d7375d87","name":"ritanery","image":{"@type":"ImageObject","inLanguage":"pt-BR","@id":"https:\/\/secure.gravatar.com\/avatar\/0e37bb19071f47c0b8a23f62a903df117c5a0e75f65a0c2901562f97cd41cf86?s=96&d=mm&r=g","url":"https:\/\/secure.gravatar.com\/avatar\/0e37bb19071f47c0b8a23f62a903df117c5a0e75f65a0c2901562f97cd41cf86?s=96&d=mm&r=g","contentUrl":"https:\/\/secure.gravatar.com\/avatar\/0e37bb19071f47c0b8a23f62a903df117c5a0e75f65a0c2901562f97cd41cf86?s=96&d=mm&r=g","caption":"ritanery"}}]}},"amp_enabled":true,"_links":{"self":[{"href":"https:\/\/radiolifefm.com.br\/noticias\/wp-json\/wp\/v2\/posts\/51291","targetHints":{"allow":["GET"]}}],"collection":[{"href":"https:\/\/radiolifefm.com.br\/noticias\/wp-json\/wp\/v2\/posts"}],"about":[{"href":"https:\/\/radiolifefm.com.br\/noticias\/wp-json\/wp\/v2\/types\/post"}],"author":[{"embeddable":true,"href":"https:\/\/radiolifefm.com.br\/noticias\/wp-json\/wp\/v2\/users\/13"}],"replies":[{"embeddable":true,"href":"https:\/\/radiolifefm.com.br\/noticias\/wp-json\/wp\/v2\/comments?post=51291"}],"version-history":[{"count":1,"href":"https:\/\/radiolifefm.com.br\/noticias\/wp-json\/wp\/v2\/posts\/51291\/revisions"}],"predecessor-version":[{"id":51293,"href":"https:\/\/radiolifefm.com.br\/noticias\/wp-json\/wp\/v2\/posts\/51291\/revisions\/51293"}],"wp:featuredmedia":[{"embeddable":true,"href":"https:\/\/radiolifefm.com.br\/noticias\/wp-json\/wp\/v2\/media\/51292"}],"wp:attachment":[{"href":"https:\/\/radiolifefm.com.br\/noticias\/wp-json\/wp\/v2\/media?parent=51291"}],"wp:term":[{"taxonomy":"category","embeddable":true,"href":"https:\/\/radiolifefm.com.br\/noticias\/wp-json\/wp\/v2\/categories?post=51291"},{"taxonomy":"post_tag","embeddable":true,"href":"https:\/\/radiolifefm.com.br\/noticias\/wp-json\/wp\/v2\/tags?post=51291"}],"curies":[{"name":"wp","href":"https:\/\/api.w.org\/{rel}","templated":true}]}}