{"id":51191,"date":"2022-03-23T07:56:16","date_gmt":"2022-03-23T10:56:16","guid":{"rendered":"https:\/\/radiolifefm.com.br\/noticias\/?p=51191"},"modified":"2026-04-27T00:34:09","modified_gmt":"2026-04-27T03:34:09","slug":"apos-novos-ataques-a-unifai-vereadores-reiteram-a-reitoria-que-faca-auditoria-geral-na-instituicao","status":"publish","type":"post","link":"https:\/\/radiolifefm.com.br\/noticias\/apos-novos-ataques-a-unifai-vereadores-reiteram-a-reitoria-que-faca-auditoria-geral-na-instituicao\/","title":{"rendered":"Ap\u00f3s novos ataques \u00e0 UniFAI, vereadores reiteram \u00e0 reitoria que fa\u00e7a auditoria geral na institui\u00e7\u00e3o"},"content":{"rendered":"<div id=\"fb-root\"><\/div>\n<p style=\"font-weight: 400\">Na sess\u00e3o da C\u00e2mara Municipal de Adamantina nesta segunda-feira (21), uma nova indica\u00e7\u00e3o legislativa reiterou \u00e0 reitoria do Centro Universit\u00e1rio de Adamantina (UniFAI) que realize uma auditoria geral na institui\u00e7\u00e3o de ensino, \u201ca fim de que a administra\u00e7\u00e3o tenha em m\u00e3os toda realidade cont\u00e1bil, financeira, acad\u00eamica e administrativa da UniFAI\u201d, diz o documento.<\/p>\n<p style=\"font-weight: 400\">O pedido consta da Indica\u00e7\u00e3o N\u00ba 103\/22, de autoria dos vereadores Alcio Ikeda, Bigode da Capoeira e\u00a0\u00a0Rafael Pacheco, do Podemos. \u201cIndicamos, reiteradamente ao Reitor da UNIFAI, que seja realizada uma auditoria geral institucional a fim de que a administra\u00e7\u00e3o tenha em m\u00e3os toda realidade cont\u00e1bil, financeira, acad\u00eamica e administrativa. Se pertinente e adequado, indicamos a contrata\u00e7\u00e3o, pelas vias legais, de empresa especializada no assunto, objetivando uma an\u00e1lise com crit\u00e9rios t\u00e9cnicos e imparciais\u201d, aponta o documento legislativo.<\/p>\n<p style=\"font-weight: 400\">Na Indica\u00e7\u00e3o, os vereadores justificam a solicita\u00e7\u00e3o. \u201cRenovamos o pedido realizado atrav\u00e9s da\u00a0<a href=\"https:\/\/sapl.adamantina.sp.leg.br\/media\/sapl\/public\/materialegislativa\/2021\/13035\/indicacao_615_14a_ordinaria.pdf\"><b><strong>Indica\u00e7\u00e3o n\u00ba 615<\/strong><\/b><\/a>\u00a0de setembro de 2021, pois entendemos que a atual administra\u00e7\u00e3o precisa ter em m\u00e3os a realidade da institui\u00e7\u00e3o que assumiu em 2021. As in\u00fameras situa\u00e7\u00f5es embara\u00e7osas ocasionadas por terceiros nos \u00faltimos tempos, buscando desconstruir a imagem da institui\u00e7\u00e3o para atingir a atual administra\u00e7\u00e3o por situa\u00e7\u00f5es do passado comprovam essa necessidade. Atrav\u00e9s da auditoria geral, ser\u00e1 poss\u00edvel ter um panorama para planejar o futuro e corrigir o que for necess\u00e1rio\u201d, ressaltam os autores.<\/p>\n<p style=\"font-weight: 400\">A Indica\u00e7\u00e3o \u00e9 uma sugest\u00e3o legislativa. O novo documento ser\u00e1 enviado pela C\u00e2mara Municipal ao reitor da UniFAI.<\/p>\n<p>&nbsp;<\/p>\n<p>Fonte: Siga Mais<\/p>\n","protected":false},"excerpt":{"rendered":"<p>Na sess\u00e3o da C\u00e2mara Municipal de Adamantina nesta segunda-feira (21), uma nova indica\u00e7\u00e3o legislativa reiterou \u00e0 reitoria do Centro Universit\u00e1rio de Adamantina (UniFAI) que realize uma auditoria geral na institui\u00e7\u00e3o de ensino, \u201ca fim de que a administra\u00e7\u00e3o tenha em m\u00e3os toda realidade cont\u00e1bil, financeira, acad\u00eamica e administrativa da UniFAI\u201d, diz o documento. O pedido [&hellip;]<\/p>\n","protected":false},"author":13,"featured_media":51192,"comment_status":"closed","ping_status":"open","sticky":false,"template":"","format":"standard","meta":{"_acf_changed":false,"_exactmetrics_skip_tracking":false,"_exactmetrics_sitenote_active":false,"_exactmetrics_sitenote_note":"","_exactmetrics_sitenote_category":0,"footnotes":""},"categories":[21],"tags":[],"class_list":["post-51191","post","type-post","status-publish","format-standard","has-post-thumbnail","hentry","category-adamantina"],"acf":[],"yoast_head":"<!-- This site is optimized with the Yoast SEO plugin v27.2 - https:\/\/yoast.com\/product\/yoast-seo-wordpress\/ -->\n<title>Ap\u00f3s novos ataques \u00e0 UniFAI, vereadores reiteram \u00e0 reitoria que fa\u00e7a auditoria geral na institui\u00e7\u00e3o - R\u00e1dio Life FM<\/title>\n<meta name=\"robots\" content=\"index, follow, max-snippet:-1, max-image-preview:large, max-video-preview:-1\" \/>\n<link rel=\"canonical\" href=\"https:\/\/radiolifefm.com.br\/noticias\/apos-novos-ataques-a-unifai-vereadores-reiteram-a-reitoria-que-faca-auditoria-geral-na-instituicao\/\" \/>\n<meta property=\"og:locale\" content=\"pt_BR\" \/>\n<meta property=\"og:type\" content=\"article\" \/>\n<meta property=\"og:title\" content=\"Ap\u00f3s novos ataques \u00e0 UniFAI, vereadores reiteram \u00e0 reitoria que fa\u00e7a auditoria geral na institui\u00e7\u00e3o - R\u00e1dio Life FM\" \/>\n<meta property=\"og:description\" content=\"Na sess\u00e3o da C\u00e2mara Municipal de Adamantina nesta segunda-feira (21), uma nova indica\u00e7\u00e3o legislativa reiterou \u00e0 reitoria do Centro Universit\u00e1rio de Adamantina (UniFAI) que realize uma auditoria geral na institui\u00e7\u00e3o de ensino, \u201ca fim de que a administra\u00e7\u00e3o tenha em m\u00e3os toda realidade cont\u00e1bil, financeira, acad\u00eamica e administrativa da UniFAI\u201d, diz o documento. O pedido [&hellip;]\" \/>\n<meta property=\"og:url\" content=\"https:\/\/radiolifefm.com.br\/noticias\/apos-novos-ataques-a-unifai-vereadores-reiteram-a-reitoria-que-faca-auditoria-geral-na-instituicao\/\" \/>\n<meta property=\"og:site_name\" content=\"R\u00e1dio Life FM\" \/>\n<meta property=\"article:publisher\" content=\"https:\/\/www.facebook.com\/radiolifefm\/\" \/>\n<meta property=\"article:published_time\" content=\"2022-03-23T10:56:16+00:00\" \/>\n<meta property=\"article:modified_time\" content=\"2026-04-27T03:34:09+00:00\" \/>\n<meta property=\"og:image\" content=\"https:\/\/radiolifefm.com.br\/noticias\/wp-content\/uploads\/2022\/03\/campus-2-rec-filmagensjpg1647971880623a0e283df9e.jpg\" \/>\n\t<meta property=\"og:image:width\" content=\"600\" \/>\n\t<meta property=\"og:image:height\" content=\"337\" \/>\n\t<meta property=\"og:image:type\" content=\"image\/jpeg\" \/>\n<meta name=\"author\" content=\"ritanery\" \/>\n<meta name=\"twitter:card\" content=\"summary_large_image\" \/>\n<meta name=\"twitter:label1\" content=\"Escrito por\" \/>\n\t<meta name=\"twitter:data1\" content=\"ritanery\" \/>\n\t<meta name=\"twitter:label2\" content=\"Est. tempo de leitura\" \/>\n\t<meta name=\"twitter:data2\" content=\"1 minuto\" \/>\n<script type=\"application\/ld+json\" class=\"yoast-schema-graph\">{\"@context\":\"https:\/\/schema.org\",\"@graph\":[{\"@type\":\"Article\",\"@id\":\"https:\/\/radiolifefm.com.br\/noticias\/apos-novos-ataques-a-unifai-vereadores-reiteram-a-reitoria-que-faca-auditoria-geral-na-instituicao\/#article\",\"isPartOf\":{\"@id\":\"https:\/\/radiolifefm.com.br\/noticias\/apos-novos-ataques-a-unifai-vereadores-reiteram-a-reitoria-que-faca-auditoria-geral-na-instituicao\/\"},\"author\":{\"name\":\"ritanery\",\"@id\":\"https:\/\/radiolifefm.com.br\/noticias\/#\/schema\/person\/6339b9fac59d12b071dec680d7375d87\"},\"headline\":\"Ap\u00f3s novos ataques \u00e0 UniFAI, vereadores reiteram \u00e0 reitoria que fa\u00e7a auditoria geral na institui\u00e7\u00e3o\",\"datePublished\":\"2022-03-23T10:56:16+00:00\",\"dateModified\":\"2026-04-27T03:34:09+00:00\",\"mainEntityOfPage\":{\"@id\":\"https:\/\/radiolifefm.com.br\/noticias\/apos-novos-ataques-a-unifai-vereadores-reiteram-a-reitoria-que-faca-auditoria-geral-na-instituicao\/\"},\"wordCount\":286,\"publisher\":{\"@id\":\"https:\/\/radiolifefm.com.br\/noticias\/#organization\"},\"image\":{\"@id\":\"https:\/\/radiolifefm.com.br\/noticias\/apos-novos-ataques-a-unifai-vereadores-reiteram-a-reitoria-que-faca-auditoria-geral-na-instituicao\/#primaryimage\"},\"thumbnailUrl\":\"https:\/\/radiolifefm.com.br\/noticias\/wp-content\/uploads\/2022\/03\/campus-2-rec-filmagensjpg1647971880623a0e283df9e.jpg\",\"articleSection\":[\"Adamantina\"],\"inLanguage\":\"pt-BR\"},{\"@type\":\"WebPage\",\"@id\":\"https:\/\/radiolifefm.com.br\/noticias\/apos-novos-ataques-a-unifai-vereadores-reiteram-a-reitoria-que-faca-auditoria-geral-na-instituicao\/\",\"url\":\"https:\/\/radiolifefm.com.br\/noticias\/apos-novos-ataques-a-unifai-vereadores-reiteram-a-reitoria-que-faca-auditoria-geral-na-instituicao\/\",\"name\":\"Ap\u00f3s novos ataques \u00e0 UniFAI, vereadores reiteram \u00e0 reitoria que fa\u00e7a auditoria geral na institui\u00e7\u00e3o - R\u00e1dio Life FM\",\"isPartOf\":{\"@id\":\"https:\/\/radiolifefm.com.br\/noticias\/#website\"},\"primaryImageOfPage\":{\"@id\":\"https:\/\/radiolifefm.com.br\/noticias\/apos-novos-ataques-a-unifai-vereadores-reiteram-a-reitoria-que-faca-auditoria-geral-na-instituicao\/#primaryimage\"},\"image\":{\"@id\":\"https:\/\/radiolifefm.com.br\/noticias\/apos-novos-ataques-a-unifai-vereadores-reiteram-a-reitoria-que-faca-auditoria-geral-na-instituicao\/#primaryimage\"},\"thumbnailUrl\":\"https:\/\/radiolifefm.com.br\/noticias\/wp-content\/uploads\/2022\/03\/campus-2-rec-filmagensjpg1647971880623a0e283df9e.jpg\",\"datePublished\":\"2022-03-23T10:56:16+00:00\",\"dateModified\":\"2026-04-27T03:34:09+00:00\",\"breadcrumb\":{\"@id\":\"https:\/\/radiolifefm.com.br\/noticias\/apos-novos-ataques-a-unifai-vereadores-reiteram-a-reitoria-que-faca-auditoria-geral-na-instituicao\/#breadcrumb\"},\"inLanguage\":\"pt-BR\",\"potentialAction\":[{\"@type\":\"ReadAction\",\"target\":[\"https:\/\/radiolifefm.com.br\/noticias\/apos-novos-ataques-a-unifai-vereadores-reiteram-a-reitoria-que-faca-auditoria-geral-na-instituicao\/\"]}]},{\"@type\":\"ImageObject\",\"inLanguage\":\"pt-BR\",\"@id\":\"https:\/\/radiolifefm.com.br\/noticias\/apos-novos-ataques-a-unifai-vereadores-reiteram-a-reitoria-que-faca-auditoria-geral-na-instituicao\/#primaryimage\",\"url\":\"https:\/\/radiolifefm.com.br\/noticias\/wp-content\/uploads\/2022\/03\/campus-2-rec-filmagensjpg1647971880623a0e283df9e.jpg\",\"contentUrl\":\"https:\/\/radiolifefm.com.br\/noticias\/wp-content\/uploads\/2022\/03\/campus-2-rec-filmagensjpg1647971880623a0e283df9e.jpg\",\"width\":600,\"height\":337,\"caption\":\"Epis\u00f3dios recentes para desconstruir a imagem da institui\u00e7\u00e3o levaram \u00e0 reitera\u00e7\u00e3o do pedido.\"},{\"@type\":\"BreadcrumbList\",\"@id\":\"https:\/\/radiolifefm.com.br\/noticias\/apos-novos-ataques-a-unifai-vereadores-reiteram-a-reitoria-que-faca-auditoria-geral-na-instituicao\/#breadcrumb\",\"itemListElement\":[{\"@type\":\"ListItem\",\"position\":1,\"name\":\"In\u00edcio\",\"item\":\"https:\/\/radiolifefm.com.br\/noticias\/\"},{\"@type\":\"ListItem\",\"position\":2,\"name\":\"Ap\u00f3s novos ataques \u00e0 UniFAI, vereadores reiteram \u00e0 reitoria que fa\u00e7a auditoria geral na institui\u00e7\u00e3o\"}]},{\"@type\":\"WebSite\",\"@id\":\"https:\/\/radiolifefm.com.br\/noticias\/#website\",\"url\":\"https:\/\/radiolifefm.com.br\/noticias\/\",\"name\":\"R\u00e1dio Life FM\",\"description\":\"O Portal de Not\u00edcias de Adamantina\",\"publisher\":{\"@id\":\"https:\/\/radiolifefm.com.br\/noticias\/#organization\"},\"alternateName\":\"Life FM\",\"potentialAction\":[{\"@type\":\"SearchAction\",\"target\":{\"@type\":\"EntryPoint\",\"urlTemplate\":\"https:\/\/radiolifefm.com.br\/noticias\/?s={search_term_string}\"},\"query-input\":{\"@type\":\"PropertyValueSpecification\",\"valueRequired\":true,\"valueName\":\"search_term_string\"}}],\"inLanguage\":\"pt-BR\"},{\"@type\":\"Organization\",\"@id\":\"https:\/\/radiolifefm.com.br\/noticias\/#organization\",\"name\":\"R\u00e1dio Life FM\",\"alternateName\":\"Life FM\",\"url\":\"https:\/\/radiolifefm.com.br\/noticias\/\",\"logo\":{\"@type\":\"ImageObject\",\"inLanguage\":\"pt-BR\",\"@id\":\"https:\/\/radiolifefm.com.br\/noticias\/#\/schema\/logo\/image\/\",\"url\":\"https:\/\/static.radiolifefm.com.br\/noticias\/wp-content\/uploads\/2019\/10\/logo-lifefm.png\",\"contentUrl\":\"https:\/\/static.radiolifefm.com.br\/noticias\/wp-content\/uploads\/2019\/10\/logo-lifefm.png\",\"width\":196,\"height\":47,\"caption\":\"R\u00e1dio Life FM\"},\"image\":{\"@id\":\"https:\/\/radiolifefm.com.br\/noticias\/#\/schema\/logo\/image\/\"},\"sameAs\":[\"https:\/\/www.facebook.com\/radiolifefm\/\",\"https:\/\/www.instagram.com\/life1079fm\/\"]},{\"@type\":\"Person\",\"@id\":\"https:\/\/radiolifefm.com.br\/noticias\/#\/schema\/person\/6339b9fac59d12b071dec680d7375d87\",\"name\":\"ritanery\",\"image\":{\"@type\":\"ImageObject\",\"inLanguage\":\"pt-BR\",\"@id\":\"https:\/\/secure.gravatar.com\/avatar\/0e37bb19071f47c0b8a23f62a903df117c5a0e75f65a0c2901562f97cd41cf86?s=96&d=mm&r=g\",\"url\":\"https:\/\/secure.gravatar.com\/avatar\/0e37bb19071f47c0b8a23f62a903df117c5a0e75f65a0c2901562f97cd41cf86?s=96&d=mm&r=g\",\"contentUrl\":\"https:\/\/secure.gravatar.com\/avatar\/0e37bb19071f47c0b8a23f62a903df117c5a0e75f65a0c2901562f97cd41cf86?s=96&d=mm&r=g\",\"caption\":\"ritanery\"}}]}<\/script>\n<!-- \/ Yoast SEO plugin. -->","yoast_head_json":{"title":"Ap\u00f3s novos ataques \u00e0 UniFAI, vereadores reiteram \u00e0 reitoria que fa\u00e7a auditoria geral na institui\u00e7\u00e3o - R\u00e1dio Life FM","robots":{"index":"index","follow":"follow","max-snippet":"max-snippet:-1","max-image-preview":"max-image-preview:large","max-video-preview":"max-video-preview:-1"},"canonical":"https:\/\/radiolifefm.com.br\/noticias\/apos-novos-ataques-a-unifai-vereadores-reiteram-a-reitoria-que-faca-auditoria-geral-na-instituicao\/","og_locale":"pt_BR","og_type":"article","og_title":"Ap\u00f3s novos ataques \u00e0 UniFAI, vereadores reiteram \u00e0 reitoria que fa\u00e7a auditoria geral na institui\u00e7\u00e3o - R\u00e1dio Life FM","og_description":"Na sess\u00e3o da C\u00e2mara Municipal de Adamantina nesta segunda-feira (21), uma nova indica\u00e7\u00e3o legislativa reiterou \u00e0 reitoria do Centro Universit\u00e1rio de Adamantina (UniFAI) que realize uma auditoria geral na institui\u00e7\u00e3o de ensino, \u201ca fim de que a administra\u00e7\u00e3o tenha em m\u00e3os toda realidade cont\u00e1bil, financeira, acad\u00eamica e administrativa da UniFAI\u201d, diz o documento. O pedido [&hellip;]","og_url":"https:\/\/radiolifefm.com.br\/noticias\/apos-novos-ataques-a-unifai-vereadores-reiteram-a-reitoria-que-faca-auditoria-geral-na-instituicao\/","og_site_name":"R\u00e1dio Life FM","article_publisher":"https:\/\/www.facebook.com\/radiolifefm\/","article_published_time":"2022-03-23T10:56:16+00:00","article_modified_time":"2026-04-27T03:34:09+00:00","og_image":[{"width":600,"height":337,"url":"https:\/\/radiolifefm.com.br\/noticias\/wp-content\/uploads\/2022\/03\/campus-2-rec-filmagensjpg1647971880623a0e283df9e.jpg","type":"image\/jpeg"}],"author":"ritanery","twitter_card":"summary_large_image","twitter_misc":{"Escrito por":"ritanery","Est. tempo de leitura":"1 minuto"},"schema":{"@context":"https:\/\/schema.org","@graph":[{"@type":"Article","@id":"https:\/\/radiolifefm.com.br\/noticias\/apos-novos-ataques-a-unifai-vereadores-reiteram-a-reitoria-que-faca-auditoria-geral-na-instituicao\/#article","isPartOf":{"@id":"https:\/\/radiolifefm.com.br\/noticias\/apos-novos-ataques-a-unifai-vereadores-reiteram-a-reitoria-que-faca-auditoria-geral-na-instituicao\/"},"author":{"name":"ritanery","@id":"https:\/\/radiolifefm.com.br\/noticias\/#\/schema\/person\/6339b9fac59d12b071dec680d7375d87"},"headline":"Ap\u00f3s novos ataques \u00e0 UniFAI, vereadores reiteram \u00e0 reitoria que fa\u00e7a auditoria geral na institui\u00e7\u00e3o","datePublished":"2022-03-23T10:56:16+00:00","dateModified":"2026-04-27T03:34:09+00:00","mainEntityOfPage":{"@id":"https:\/\/radiolifefm.com.br\/noticias\/apos-novos-ataques-a-unifai-vereadores-reiteram-a-reitoria-que-faca-auditoria-geral-na-instituicao\/"},"wordCount":286,"publisher":{"@id":"https:\/\/radiolifefm.com.br\/noticias\/#organization"},"image":{"@id":"https:\/\/radiolifefm.com.br\/noticias\/apos-novos-ataques-a-unifai-vereadores-reiteram-a-reitoria-que-faca-auditoria-geral-na-instituicao\/#primaryimage"},"thumbnailUrl":"https:\/\/radiolifefm.com.br\/noticias\/wp-content\/uploads\/2022\/03\/campus-2-rec-filmagensjpg1647971880623a0e283df9e.jpg","articleSection":["Adamantina"],"inLanguage":"pt-BR"},{"@type":"WebPage","@id":"https:\/\/radiolifefm.com.br\/noticias\/apos-novos-ataques-a-unifai-vereadores-reiteram-a-reitoria-que-faca-auditoria-geral-na-instituicao\/","url":"https:\/\/radiolifefm.com.br\/noticias\/apos-novos-ataques-a-unifai-vereadores-reiteram-a-reitoria-que-faca-auditoria-geral-na-instituicao\/","name":"Ap\u00f3s novos ataques \u00e0 UniFAI, vereadores reiteram \u00e0 reitoria que fa\u00e7a auditoria geral na institui\u00e7\u00e3o - R\u00e1dio Life FM","isPartOf":{"@id":"https:\/\/radiolifefm.com.br\/noticias\/#website"},"primaryImageOfPage":{"@id":"https:\/\/radiolifefm.com.br\/noticias\/apos-novos-ataques-a-unifai-vereadores-reiteram-a-reitoria-que-faca-auditoria-geral-na-instituicao\/#primaryimage"},"image":{"@id":"https:\/\/radiolifefm.com.br\/noticias\/apos-novos-ataques-a-unifai-vereadores-reiteram-a-reitoria-que-faca-auditoria-geral-na-instituicao\/#primaryimage"},"thumbnailUrl":"https:\/\/radiolifefm.com.br\/noticias\/wp-content\/uploads\/2022\/03\/campus-2-rec-filmagensjpg1647971880623a0e283df9e.jpg","datePublished":"2022-03-23T10:56:16+00:00","dateModified":"2026-04-27T03:34:09+00:00","breadcrumb":{"@id":"https:\/\/radiolifefm.com.br\/noticias\/apos-novos-ataques-a-unifai-vereadores-reiteram-a-reitoria-que-faca-auditoria-geral-na-instituicao\/#breadcrumb"},"inLanguage":"pt-BR","potentialAction":[{"@type":"ReadAction","target":["https:\/\/radiolifefm.com.br\/noticias\/apos-novos-ataques-a-unifai-vereadores-reiteram-a-reitoria-que-faca-auditoria-geral-na-instituicao\/"]}]},{"@type":"ImageObject","inLanguage":"pt-BR","@id":"https:\/\/radiolifefm.com.br\/noticias\/apos-novos-ataques-a-unifai-vereadores-reiteram-a-reitoria-que-faca-auditoria-geral-na-instituicao\/#primaryimage","url":"https:\/\/radiolifefm.com.br\/noticias\/wp-content\/uploads\/2022\/03\/campus-2-rec-filmagensjpg1647971880623a0e283df9e.jpg","contentUrl":"https:\/\/radiolifefm.com.br\/noticias\/wp-content\/uploads\/2022\/03\/campus-2-rec-filmagensjpg1647971880623a0e283df9e.jpg","width":600,"height":337,"caption":"Epis\u00f3dios recentes para desconstruir a imagem da institui\u00e7\u00e3o levaram \u00e0 reitera\u00e7\u00e3o do pedido."},{"@type":"BreadcrumbList","@id":"https:\/\/radiolifefm.com.br\/noticias\/apos-novos-ataques-a-unifai-vereadores-reiteram-a-reitoria-que-faca-auditoria-geral-na-instituicao\/#breadcrumb","itemListElement":[{"@type":"ListItem","position":1,"name":"In\u00edcio","item":"https:\/\/radiolifefm.com.br\/noticias\/"},{"@type":"ListItem","position":2,"name":"Ap\u00f3s novos ataques \u00e0 UniFAI, vereadores reiteram \u00e0 reitoria que fa\u00e7a auditoria geral na institui\u00e7\u00e3o"}]},{"@type":"WebSite","@id":"https:\/\/radiolifefm.com.br\/noticias\/#website","url":"https:\/\/radiolifefm.com.br\/noticias\/","name":"R\u00e1dio Life FM","description":"O Portal de Not\u00edcias de Adamantina","publisher":{"@id":"https:\/\/radiolifefm.com.br\/noticias\/#organization"},"alternateName":"Life FM","potentialAction":[{"@type":"SearchAction","target":{"@type":"EntryPoint","urlTemplate":"https:\/\/radiolifefm.com.br\/noticias\/?s={search_term_string}"},"query-input":{"@type":"PropertyValueSpecification","valueRequired":true,"valueName":"search_term_string"}}],"inLanguage":"pt-BR"},{"@type":"Organization","@id":"https:\/\/radiolifefm.com.br\/noticias\/#organization","name":"R\u00e1dio Life FM","alternateName":"Life FM","url":"https:\/\/radiolifefm.com.br\/noticias\/","logo":{"@type":"ImageObject","inLanguage":"pt-BR","@id":"https:\/\/radiolifefm.com.br\/noticias\/#\/schema\/logo\/image\/","url":"https:\/\/static.radiolifefm.com.br\/noticias\/wp-content\/uploads\/2019\/10\/logo-lifefm.png","contentUrl":"https:\/\/static.radiolifefm.com.br\/noticias\/wp-content\/uploads\/2019\/10\/logo-lifefm.png","width":196,"height":47,"caption":"R\u00e1dio Life FM"},"image":{"@id":"https:\/\/radiolifefm.com.br\/noticias\/#\/schema\/logo\/image\/"},"sameAs":["https:\/\/www.facebook.com\/radiolifefm\/","https:\/\/www.instagram.com\/life1079fm\/"]},{"@type":"Person","@id":"https:\/\/radiolifefm.com.br\/noticias\/#\/schema\/person\/6339b9fac59d12b071dec680d7375d87","name":"ritanery","image":{"@type":"ImageObject","inLanguage":"pt-BR","@id":"https:\/\/secure.gravatar.com\/avatar\/0e37bb19071f47c0b8a23f62a903df117c5a0e75f65a0c2901562f97cd41cf86?s=96&d=mm&r=g","url":"https:\/\/secure.gravatar.com\/avatar\/0e37bb19071f47c0b8a23f62a903df117c5a0e75f65a0c2901562f97cd41cf86?s=96&d=mm&r=g","contentUrl":"https:\/\/secure.gravatar.com\/avatar\/0e37bb19071f47c0b8a23f62a903df117c5a0e75f65a0c2901562f97cd41cf86?s=96&d=mm&r=g","caption":"ritanery"}}]}},"amp_enabled":true,"_links":{"self":[{"href":"https:\/\/radiolifefm.com.br\/noticias\/wp-json\/wp\/v2\/posts\/51191","targetHints":{"allow":["GET"]}}],"collection":[{"href":"https:\/\/radiolifefm.com.br\/noticias\/wp-json\/wp\/v2\/posts"}],"about":[{"href":"https:\/\/radiolifefm.com.br\/noticias\/wp-json\/wp\/v2\/types\/post"}],"author":[{"embeddable":true,"href":"https:\/\/radiolifefm.com.br\/noticias\/wp-json\/wp\/v2\/users\/13"}],"replies":[{"embeddable":true,"href":"https:\/\/radiolifefm.com.br\/noticias\/wp-json\/wp\/v2\/comments?post=51191"}],"version-history":[{"count":4,"href":"https:\/\/radiolifefm.com.br\/noticias\/wp-json\/wp\/v2\/posts\/51191\/revisions"}],"predecessor-version":[{"id":51196,"href":"https:\/\/radiolifefm.com.br\/noticias\/wp-json\/wp\/v2\/posts\/51191\/revisions\/51196"}],"wp:featuredmedia":[{"embeddable":true,"href":"https:\/\/radiolifefm.com.br\/noticias\/wp-json\/wp\/v2\/media\/51192"}],"wp:attachment":[{"href":"https:\/\/radiolifefm.com.br\/noticias\/wp-json\/wp\/v2\/media?parent=51191"}],"wp:term":[{"taxonomy":"category","embeddable":true,"href":"https:\/\/radiolifefm.com.br\/noticias\/wp-json\/wp\/v2\/categories?post=51191"},{"taxonomy":"post_tag","embeddable":true,"href":"https:\/\/radiolifefm.com.br\/noticias\/wp-json\/wp\/v2\/tags?post=51191"}],"curies":[{"name":"wp","href":"https:\/\/api.w.org\/{rel}","templated":true}]}}