{"id":51179,"date":"2022-03-22T21:21:10","date_gmt":"2022-03-23T00:21:10","guid":{"rendered":"https:\/\/radiolifefm.com.br\/noticias\/?p=51179"},"modified":"2025-11-13T12:52:34","modified_gmt":"2025-11-13T15:52:34","slug":"obras-para-adequacao-no-predio-que-abrigara-o-museu-e-arquivo-historico-tem-inicio-em-adamantina","status":"publish","type":"post","link":"https:\/\/radiolifefm.com.br\/noticias\/obras-para-adequacao-no-predio-que-abrigara-o-museu-e-arquivo-historico-tem-inicio-em-adamantina\/","title":{"rendered":"Obras para adequa\u00e7\u00e3o no pr\u00e9dio que abrigar\u00e1 o Museu e Arquivo Hist\u00f3rico tem in\u00edcio em Adamantina"},"content":{"rendered":"<div id=\"fb-root\"><\/div>\n<p style=\"font-weight: 400\">Ap\u00f3s a realiza\u00e7\u00e3o do processo licitat\u00f3rio e expedida a ordem de servi\u00e7o para a empresa contratada, teve in\u00edcio ontem (21), as obras no pr\u00e9dio que abrigar\u00e1 o futuro Museu e Arquivo Hist\u00f3rico de Adamantina.<\/p>\n<p style=\"font-weight: 400\">O local que abrigar\u00e1 o \u00f3rg\u00e3o municipal \u00e9 o pr\u00e9dio em desuso que foi sede da Igreja Budista de Adamantina e que foi destinado ao munic\u00edpio. A assinatura da escritura foi realizada em outubro do ano passado.<\/p>\n<p style=\"font-weight: 400\">Dentre as a\u00e7\u00f5es executadas est\u00e3o: a reforma completa do espa\u00e7o bem como a adequa\u00e7\u00e3o da acessibilidade que atender\u00e1 as necessidades para implanta\u00e7\u00e3o do museu.<\/p>\n<p style=\"font-weight: 400\">O valor do investimento no local \u00e9 de R$193.418,60 em recursos pr\u00f3prios e a expectativa da administra\u00e7\u00e3o \u00e9 que o local seja inaugurado durante as festividades dos 73 anos, por\u00e9m \u00e9 preciso considerar a execu\u00e7\u00e3o das obras.<\/p>\n<p style=\"font-weight: 400\"><strong>Adamantina \u00e9 MIT<\/strong><\/p>\n<p style=\"font-weight: 400\">A classifica\u00e7\u00e3o de Adamantina como Munic\u00edpio de Interesse Tur\u00edstico (MIT) se deu por meio da Lei 16.938 de 26 de fevereiro de 2019.<\/p>\n<p style=\"font-weight: 400\">Com isso, Adamantina pode pleitear recursos do Governo do Estado para investimento em a\u00e7\u00f5es de infraestrutura e melhorias tur\u00edsticas. Para se tornar MIT, a cidade contou com o apoio do deputado estadual Andr\u00e9 do Prado e do vereador, H\u00e9lio Jos\u00e9 dos Santos.<\/p>\n<p>&nbsp;<\/p>\n<p>Fonte: Assessoria de Imprensa<\/p>\n","protected":false},"excerpt":{"rendered":"<p>Ap\u00f3s a realiza\u00e7\u00e3o do processo licitat\u00f3rio e expedida a ordem de servi\u00e7o para a empresa contratada, teve in\u00edcio ontem (21), as obras no pr\u00e9dio que abrigar\u00e1 o futuro Museu e Arquivo Hist\u00f3rico de Adamantina. O local que abrigar\u00e1 o \u00f3rg\u00e3o municipal \u00e9 o pr\u00e9dio em desuso que foi sede da Igreja Budista de Adamantina e [&hellip;]<\/p>\n","protected":false},"author":13,"featured_media":51180,"comment_status":"closed","ping_status":"open","sticky":false,"template":"","format":"standard","meta":{"_acf_changed":false,"_exactmetrics_skip_tracking":false,"_exactmetrics_sitenote_active":false,"_exactmetrics_sitenote_note":"","_exactmetrics_sitenote_category":0,"footnotes":""},"categories":[21],"tags":[],"class_list":["post-51179","post","type-post","status-publish","format-standard","has-post-thumbnail","hentry","category-adamantina"],"acf":[],"yoast_head":"<!-- This site is optimized with the Yoast SEO plugin v27.2 - https:\/\/yoast.com\/product\/yoast-seo-wordpress\/ -->\n<title>Obras para adequa\u00e7\u00e3o no pr\u00e9dio que abrigar\u00e1 o Museu e Arquivo Hist\u00f3rico tem in\u00edcio em Adamantina - R\u00e1dio Life FM<\/title>\n<meta name=\"robots\" content=\"index, follow, max-snippet:-1, max-image-preview:large, max-video-preview:-1\" \/>\n<link rel=\"canonical\" href=\"https:\/\/radiolifefm.com.br\/noticias\/obras-para-adequacao-no-predio-que-abrigara-o-museu-e-arquivo-historico-tem-inicio-em-adamantina\/\" \/>\n<meta property=\"og:locale\" content=\"pt_BR\" \/>\n<meta property=\"og:type\" content=\"article\" \/>\n<meta property=\"og:title\" content=\"Obras para adequa\u00e7\u00e3o no pr\u00e9dio que abrigar\u00e1 o Museu e Arquivo Hist\u00f3rico tem in\u00edcio em Adamantina - R\u00e1dio Life FM\" \/>\n<meta property=\"og:description\" content=\"Ap\u00f3s a realiza\u00e7\u00e3o do processo licitat\u00f3rio e expedida a ordem de servi\u00e7o para a empresa contratada, teve in\u00edcio ontem (21), as obras no pr\u00e9dio que abrigar\u00e1 o futuro Museu e Arquivo Hist\u00f3rico de Adamantina. O local que abrigar\u00e1 o \u00f3rg\u00e3o municipal \u00e9 o pr\u00e9dio em desuso que foi sede da Igreja Budista de Adamantina e [&hellip;]\" \/>\n<meta property=\"og:url\" content=\"https:\/\/radiolifefm.com.br\/noticias\/obras-para-adequacao-no-predio-que-abrigara-o-museu-e-arquivo-historico-tem-inicio-em-adamantina\/\" \/>\n<meta property=\"og:site_name\" content=\"R\u00e1dio Life FM\" \/>\n<meta property=\"article:publisher\" content=\"https:\/\/www.facebook.com\/radiolifefm\/\" \/>\n<meta property=\"article:published_time\" content=\"2022-03-23T00:21:10+00:00\" \/>\n<meta property=\"article:modified_time\" content=\"2025-11-13T15:52:34+00:00\" \/>\n<meta property=\"og:image\" content=\"https:\/\/static.radiolifefm.com.br\/noticias\/wp-content\/uploads\/2022\/03\/museu-2.jpeg\" \/>\n\t<meta property=\"og:image:width\" content=\"1280\" \/>\n\t<meta property=\"og:image:height\" content=\"960\" \/>\n\t<meta property=\"og:image:type\" content=\"image\/jpeg\" \/>\n<meta name=\"author\" content=\"ritanery\" \/>\n<meta name=\"twitter:card\" content=\"summary_large_image\" \/>\n<meta name=\"twitter:label1\" content=\"Escrito por\" \/>\n\t<meta name=\"twitter:data1\" content=\"ritanery\" \/>\n\t<meta name=\"twitter:label2\" content=\"Est. tempo de leitura\" \/>\n\t<meta name=\"twitter:data2\" content=\"1 minuto\" \/>\n<script type=\"application\/ld+json\" class=\"yoast-schema-graph\">{\"@context\":\"https:\/\/schema.org\",\"@graph\":[{\"@type\":\"Article\",\"@id\":\"https:\/\/radiolifefm.com.br\/noticias\/obras-para-adequacao-no-predio-que-abrigara-o-museu-e-arquivo-historico-tem-inicio-em-adamantina\/#article\",\"isPartOf\":{\"@id\":\"https:\/\/radiolifefm.com.br\/noticias\/obras-para-adequacao-no-predio-que-abrigara-o-museu-e-arquivo-historico-tem-inicio-em-adamantina\/\"},\"author\":{\"name\":\"ritanery\",\"@id\":\"https:\/\/radiolifefm.com.br\/noticias\/#\/schema\/person\/6339b9fac59d12b071dec680d7375d87\"},\"headline\":\"Obras para adequa\u00e7\u00e3o no pr\u00e9dio que abrigar\u00e1 o Museu e Arquivo Hist\u00f3rico tem in\u00edcio em Adamantina\",\"datePublished\":\"2022-03-23T00:21:10+00:00\",\"dateModified\":\"2025-11-13T15:52:34+00:00\",\"mainEntityOfPage\":{\"@id\":\"https:\/\/radiolifefm.com.br\/noticias\/obras-para-adequacao-no-predio-que-abrigara-o-museu-e-arquivo-historico-tem-inicio-em-adamantina\/\"},\"wordCount\":240,\"publisher\":{\"@id\":\"https:\/\/radiolifefm.com.br\/noticias\/#organization\"},\"image\":{\"@id\":\"https:\/\/radiolifefm.com.br\/noticias\/obras-para-adequacao-no-predio-que-abrigara-o-museu-e-arquivo-historico-tem-inicio-em-adamantina\/#primaryimage\"},\"thumbnailUrl\":\"https:\/\/radiolifefm.com.br\/noticias\/wp-content\/uploads\/2022\/03\/museu-2.jpeg\",\"articleSection\":[\"Adamantina\"],\"inLanguage\":\"pt-BR\"},{\"@type\":\"WebPage\",\"@id\":\"https:\/\/radiolifefm.com.br\/noticias\/obras-para-adequacao-no-predio-que-abrigara-o-museu-e-arquivo-historico-tem-inicio-em-adamantina\/\",\"url\":\"https:\/\/radiolifefm.com.br\/noticias\/obras-para-adequacao-no-predio-que-abrigara-o-museu-e-arquivo-historico-tem-inicio-em-adamantina\/\",\"name\":\"Obras para adequa\u00e7\u00e3o no pr\u00e9dio que abrigar\u00e1 o Museu e Arquivo Hist\u00f3rico tem in\u00edcio em Adamantina - R\u00e1dio Life FM\",\"isPartOf\":{\"@id\":\"https:\/\/radiolifefm.com.br\/noticias\/#website\"},\"primaryImageOfPage\":{\"@id\":\"https:\/\/radiolifefm.com.br\/noticias\/obras-para-adequacao-no-predio-que-abrigara-o-museu-e-arquivo-historico-tem-inicio-em-adamantina\/#primaryimage\"},\"image\":{\"@id\":\"https:\/\/radiolifefm.com.br\/noticias\/obras-para-adequacao-no-predio-que-abrigara-o-museu-e-arquivo-historico-tem-inicio-em-adamantina\/#primaryimage\"},\"thumbnailUrl\":\"https:\/\/radiolifefm.com.br\/noticias\/wp-content\/uploads\/2022\/03\/museu-2.jpeg\",\"datePublished\":\"2022-03-23T00:21:10+00:00\",\"dateModified\":\"2025-11-13T15:52:34+00:00\",\"breadcrumb\":{\"@id\":\"https:\/\/radiolifefm.com.br\/noticias\/obras-para-adequacao-no-predio-que-abrigara-o-museu-e-arquivo-historico-tem-inicio-em-adamantina\/#breadcrumb\"},\"inLanguage\":\"pt-BR\",\"potentialAction\":[{\"@type\":\"ReadAction\",\"target\":[\"https:\/\/radiolifefm.com.br\/noticias\/obras-para-adequacao-no-predio-que-abrigara-o-museu-e-arquivo-historico-tem-inicio-em-adamantina\/\"]}]},{\"@type\":\"ImageObject\",\"inLanguage\":\"pt-BR\",\"@id\":\"https:\/\/radiolifefm.com.br\/noticias\/obras-para-adequacao-no-predio-que-abrigara-o-museu-e-arquivo-historico-tem-inicio-em-adamantina\/#primaryimage\",\"url\":\"https:\/\/radiolifefm.com.br\/noticias\/wp-content\/uploads\/2022\/03\/museu-2.jpeg\",\"contentUrl\":\"https:\/\/radiolifefm.com.br\/noticias\/wp-content\/uploads\/2022\/03\/museu-2.jpeg\",\"width\":1280,\"height\":960},{\"@type\":\"BreadcrumbList\",\"@id\":\"https:\/\/radiolifefm.com.br\/noticias\/obras-para-adequacao-no-predio-que-abrigara-o-museu-e-arquivo-historico-tem-inicio-em-adamantina\/#breadcrumb\",\"itemListElement\":[{\"@type\":\"ListItem\",\"position\":1,\"name\":\"In\u00edcio\",\"item\":\"https:\/\/radiolifefm.com.br\/noticias\/\"},{\"@type\":\"ListItem\",\"position\":2,\"name\":\"Obras para adequa\u00e7\u00e3o no pr\u00e9dio que abrigar\u00e1 o Museu e Arquivo Hist\u00f3rico tem in\u00edcio em Adamantina\"}]},{\"@type\":\"WebSite\",\"@id\":\"https:\/\/radiolifefm.com.br\/noticias\/#website\",\"url\":\"https:\/\/radiolifefm.com.br\/noticias\/\",\"name\":\"R\u00e1dio Life FM\",\"description\":\"O Portal de Not\u00edcias de Adamantina\",\"publisher\":{\"@id\":\"https:\/\/radiolifefm.com.br\/noticias\/#organization\"},\"alternateName\":\"Life FM\",\"potentialAction\":[{\"@type\":\"SearchAction\",\"target\":{\"@type\":\"EntryPoint\",\"urlTemplate\":\"https:\/\/radiolifefm.com.br\/noticias\/?s={search_term_string}\"},\"query-input\":{\"@type\":\"PropertyValueSpecification\",\"valueRequired\":true,\"valueName\":\"search_term_string\"}}],\"inLanguage\":\"pt-BR\"},{\"@type\":\"Organization\",\"@id\":\"https:\/\/radiolifefm.com.br\/noticias\/#organization\",\"name\":\"R\u00e1dio Life FM\",\"alternateName\":\"Life FM\",\"url\":\"https:\/\/radiolifefm.com.br\/noticias\/\",\"logo\":{\"@type\":\"ImageObject\",\"inLanguage\":\"pt-BR\",\"@id\":\"https:\/\/radiolifefm.com.br\/noticias\/#\/schema\/logo\/image\/\",\"url\":\"https:\/\/static.radiolifefm.com.br\/noticias\/wp-content\/uploads\/2019\/10\/logo-lifefm.png\",\"contentUrl\":\"https:\/\/static.radiolifefm.com.br\/noticias\/wp-content\/uploads\/2019\/10\/logo-lifefm.png\",\"width\":196,\"height\":47,\"caption\":\"R\u00e1dio Life FM\"},\"image\":{\"@id\":\"https:\/\/radiolifefm.com.br\/noticias\/#\/schema\/logo\/image\/\"},\"sameAs\":[\"https:\/\/www.facebook.com\/radiolifefm\/\",\"https:\/\/www.instagram.com\/life1079fm\/\"]},{\"@type\":\"Person\",\"@id\":\"https:\/\/radiolifefm.com.br\/noticias\/#\/schema\/person\/6339b9fac59d12b071dec680d7375d87\",\"name\":\"ritanery\",\"image\":{\"@type\":\"ImageObject\",\"inLanguage\":\"pt-BR\",\"@id\":\"https:\/\/secure.gravatar.com\/avatar\/0e37bb19071f47c0b8a23f62a903df117c5a0e75f65a0c2901562f97cd41cf86?s=96&d=mm&r=g\",\"url\":\"https:\/\/secure.gravatar.com\/avatar\/0e37bb19071f47c0b8a23f62a903df117c5a0e75f65a0c2901562f97cd41cf86?s=96&d=mm&r=g\",\"contentUrl\":\"https:\/\/secure.gravatar.com\/avatar\/0e37bb19071f47c0b8a23f62a903df117c5a0e75f65a0c2901562f97cd41cf86?s=96&d=mm&r=g\",\"caption\":\"ritanery\"}}]}<\/script>\n<!-- \/ Yoast SEO plugin. -->","yoast_head_json":{"title":"Obras para adequa\u00e7\u00e3o no pr\u00e9dio que abrigar\u00e1 o Museu e Arquivo Hist\u00f3rico tem in\u00edcio em Adamantina - R\u00e1dio Life FM","robots":{"index":"index","follow":"follow","max-snippet":"max-snippet:-1","max-image-preview":"max-image-preview:large","max-video-preview":"max-video-preview:-1"},"canonical":"https:\/\/radiolifefm.com.br\/noticias\/obras-para-adequacao-no-predio-que-abrigara-o-museu-e-arquivo-historico-tem-inicio-em-adamantina\/","og_locale":"pt_BR","og_type":"article","og_title":"Obras para adequa\u00e7\u00e3o no pr\u00e9dio que abrigar\u00e1 o Museu e Arquivo Hist\u00f3rico tem in\u00edcio em Adamantina - R\u00e1dio Life FM","og_description":"Ap\u00f3s a realiza\u00e7\u00e3o do processo licitat\u00f3rio e expedida a ordem de servi\u00e7o para a empresa contratada, teve in\u00edcio ontem (21), as obras no pr\u00e9dio que abrigar\u00e1 o futuro Museu e Arquivo Hist\u00f3rico de Adamantina. O local que abrigar\u00e1 o \u00f3rg\u00e3o municipal \u00e9 o pr\u00e9dio em desuso que foi sede da Igreja Budista de Adamantina e [&hellip;]","og_url":"https:\/\/radiolifefm.com.br\/noticias\/obras-para-adequacao-no-predio-que-abrigara-o-museu-e-arquivo-historico-tem-inicio-em-adamantina\/","og_site_name":"R\u00e1dio Life FM","article_publisher":"https:\/\/www.facebook.com\/radiolifefm\/","article_published_time":"2022-03-23T00:21:10+00:00","article_modified_time":"2025-11-13T15:52:34+00:00","og_image":[{"width":1280,"height":960,"url":"https:\/\/static.radiolifefm.com.br\/noticias\/wp-content\/uploads\/2022\/03\/museu-2.jpeg","type":"image\/jpeg"}],"author":"ritanery","twitter_card":"summary_large_image","twitter_misc":{"Escrito por":"ritanery","Est. tempo de leitura":"1 minuto"},"schema":{"@context":"https:\/\/schema.org","@graph":[{"@type":"Article","@id":"https:\/\/radiolifefm.com.br\/noticias\/obras-para-adequacao-no-predio-que-abrigara-o-museu-e-arquivo-historico-tem-inicio-em-adamantina\/#article","isPartOf":{"@id":"https:\/\/radiolifefm.com.br\/noticias\/obras-para-adequacao-no-predio-que-abrigara-o-museu-e-arquivo-historico-tem-inicio-em-adamantina\/"},"author":{"name":"ritanery","@id":"https:\/\/radiolifefm.com.br\/noticias\/#\/schema\/person\/6339b9fac59d12b071dec680d7375d87"},"headline":"Obras para adequa\u00e7\u00e3o no pr\u00e9dio que abrigar\u00e1 o Museu e Arquivo Hist\u00f3rico tem in\u00edcio em Adamantina","datePublished":"2022-03-23T00:21:10+00:00","dateModified":"2025-11-13T15:52:34+00:00","mainEntityOfPage":{"@id":"https:\/\/radiolifefm.com.br\/noticias\/obras-para-adequacao-no-predio-que-abrigara-o-museu-e-arquivo-historico-tem-inicio-em-adamantina\/"},"wordCount":240,"publisher":{"@id":"https:\/\/radiolifefm.com.br\/noticias\/#organization"},"image":{"@id":"https:\/\/radiolifefm.com.br\/noticias\/obras-para-adequacao-no-predio-que-abrigara-o-museu-e-arquivo-historico-tem-inicio-em-adamantina\/#primaryimage"},"thumbnailUrl":"https:\/\/radiolifefm.com.br\/noticias\/wp-content\/uploads\/2022\/03\/museu-2.jpeg","articleSection":["Adamantina"],"inLanguage":"pt-BR"},{"@type":"WebPage","@id":"https:\/\/radiolifefm.com.br\/noticias\/obras-para-adequacao-no-predio-que-abrigara-o-museu-e-arquivo-historico-tem-inicio-em-adamantina\/","url":"https:\/\/radiolifefm.com.br\/noticias\/obras-para-adequacao-no-predio-que-abrigara-o-museu-e-arquivo-historico-tem-inicio-em-adamantina\/","name":"Obras para adequa\u00e7\u00e3o no pr\u00e9dio que abrigar\u00e1 o Museu e Arquivo Hist\u00f3rico tem in\u00edcio em Adamantina - R\u00e1dio Life FM","isPartOf":{"@id":"https:\/\/radiolifefm.com.br\/noticias\/#website"},"primaryImageOfPage":{"@id":"https:\/\/radiolifefm.com.br\/noticias\/obras-para-adequacao-no-predio-que-abrigara-o-museu-e-arquivo-historico-tem-inicio-em-adamantina\/#primaryimage"},"image":{"@id":"https:\/\/radiolifefm.com.br\/noticias\/obras-para-adequacao-no-predio-que-abrigara-o-museu-e-arquivo-historico-tem-inicio-em-adamantina\/#primaryimage"},"thumbnailUrl":"https:\/\/radiolifefm.com.br\/noticias\/wp-content\/uploads\/2022\/03\/museu-2.jpeg","datePublished":"2022-03-23T00:21:10+00:00","dateModified":"2025-11-13T15:52:34+00:00","breadcrumb":{"@id":"https:\/\/radiolifefm.com.br\/noticias\/obras-para-adequacao-no-predio-que-abrigara-o-museu-e-arquivo-historico-tem-inicio-em-adamantina\/#breadcrumb"},"inLanguage":"pt-BR","potentialAction":[{"@type":"ReadAction","target":["https:\/\/radiolifefm.com.br\/noticias\/obras-para-adequacao-no-predio-que-abrigara-o-museu-e-arquivo-historico-tem-inicio-em-adamantina\/"]}]},{"@type":"ImageObject","inLanguage":"pt-BR","@id":"https:\/\/radiolifefm.com.br\/noticias\/obras-para-adequacao-no-predio-que-abrigara-o-museu-e-arquivo-historico-tem-inicio-em-adamantina\/#primaryimage","url":"https:\/\/radiolifefm.com.br\/noticias\/wp-content\/uploads\/2022\/03\/museu-2.jpeg","contentUrl":"https:\/\/radiolifefm.com.br\/noticias\/wp-content\/uploads\/2022\/03\/museu-2.jpeg","width":1280,"height":960},{"@type":"BreadcrumbList","@id":"https:\/\/radiolifefm.com.br\/noticias\/obras-para-adequacao-no-predio-que-abrigara-o-museu-e-arquivo-historico-tem-inicio-em-adamantina\/#breadcrumb","itemListElement":[{"@type":"ListItem","position":1,"name":"In\u00edcio","item":"https:\/\/radiolifefm.com.br\/noticias\/"},{"@type":"ListItem","position":2,"name":"Obras para adequa\u00e7\u00e3o no pr\u00e9dio que abrigar\u00e1 o Museu e Arquivo Hist\u00f3rico tem in\u00edcio em Adamantina"}]},{"@type":"WebSite","@id":"https:\/\/radiolifefm.com.br\/noticias\/#website","url":"https:\/\/radiolifefm.com.br\/noticias\/","name":"R\u00e1dio Life FM","description":"O Portal de Not\u00edcias de Adamantina","publisher":{"@id":"https:\/\/radiolifefm.com.br\/noticias\/#organization"},"alternateName":"Life FM","potentialAction":[{"@type":"SearchAction","target":{"@type":"EntryPoint","urlTemplate":"https:\/\/radiolifefm.com.br\/noticias\/?s={search_term_string}"},"query-input":{"@type":"PropertyValueSpecification","valueRequired":true,"valueName":"search_term_string"}}],"inLanguage":"pt-BR"},{"@type":"Organization","@id":"https:\/\/radiolifefm.com.br\/noticias\/#organization","name":"R\u00e1dio Life FM","alternateName":"Life FM","url":"https:\/\/radiolifefm.com.br\/noticias\/","logo":{"@type":"ImageObject","inLanguage":"pt-BR","@id":"https:\/\/radiolifefm.com.br\/noticias\/#\/schema\/logo\/image\/","url":"https:\/\/static.radiolifefm.com.br\/noticias\/wp-content\/uploads\/2019\/10\/logo-lifefm.png","contentUrl":"https:\/\/static.radiolifefm.com.br\/noticias\/wp-content\/uploads\/2019\/10\/logo-lifefm.png","width":196,"height":47,"caption":"R\u00e1dio Life FM"},"image":{"@id":"https:\/\/radiolifefm.com.br\/noticias\/#\/schema\/logo\/image\/"},"sameAs":["https:\/\/www.facebook.com\/radiolifefm\/","https:\/\/www.instagram.com\/life1079fm\/"]},{"@type":"Person","@id":"https:\/\/radiolifefm.com.br\/noticias\/#\/schema\/person\/6339b9fac59d12b071dec680d7375d87","name":"ritanery","image":{"@type":"ImageObject","inLanguage":"pt-BR","@id":"https:\/\/secure.gravatar.com\/avatar\/0e37bb19071f47c0b8a23f62a903df117c5a0e75f65a0c2901562f97cd41cf86?s=96&d=mm&r=g","url":"https:\/\/secure.gravatar.com\/avatar\/0e37bb19071f47c0b8a23f62a903df117c5a0e75f65a0c2901562f97cd41cf86?s=96&d=mm&r=g","contentUrl":"https:\/\/secure.gravatar.com\/avatar\/0e37bb19071f47c0b8a23f62a903df117c5a0e75f65a0c2901562f97cd41cf86?s=96&d=mm&r=g","caption":"ritanery"}}]}},"amp_enabled":true,"_links":{"self":[{"href":"https:\/\/radiolifefm.com.br\/noticias\/wp-json\/wp\/v2\/posts\/51179","targetHints":{"allow":["GET"]}}],"collection":[{"href":"https:\/\/radiolifefm.com.br\/noticias\/wp-json\/wp\/v2\/posts"}],"about":[{"href":"https:\/\/radiolifefm.com.br\/noticias\/wp-json\/wp\/v2\/types\/post"}],"author":[{"embeddable":true,"href":"https:\/\/radiolifefm.com.br\/noticias\/wp-json\/wp\/v2\/users\/13"}],"replies":[{"embeddable":true,"href":"https:\/\/radiolifefm.com.br\/noticias\/wp-json\/wp\/v2\/comments?post=51179"}],"version-history":[{"count":4,"href":"https:\/\/radiolifefm.com.br\/noticias\/wp-json\/wp\/v2\/posts\/51179\/revisions"}],"predecessor-version":[{"id":51184,"href":"https:\/\/radiolifefm.com.br\/noticias\/wp-json\/wp\/v2\/posts\/51179\/revisions\/51184"}],"wp:featuredmedia":[{"embeddable":true,"href":"https:\/\/radiolifefm.com.br\/noticias\/wp-json\/wp\/v2\/media\/51180"}],"wp:attachment":[{"href":"https:\/\/radiolifefm.com.br\/noticias\/wp-json\/wp\/v2\/media?parent=51179"}],"wp:term":[{"taxonomy":"category","embeddable":true,"href":"https:\/\/radiolifefm.com.br\/noticias\/wp-json\/wp\/v2\/categories?post=51179"},{"taxonomy":"post_tag","embeddable":true,"href":"https:\/\/radiolifefm.com.br\/noticias\/wp-json\/wp\/v2\/tags?post=51179"}],"curies":[{"name":"wp","href":"https:\/\/api.w.org\/{rel}","templated":true}]}}