{"id":51092,"date":"2022-03-21T15:04:39","date_gmt":"2022-03-21T18:04:39","guid":{"rendered":"https:\/\/radiolifefm.com.br\/noticias\/?p=51092"},"modified":"2026-01-24T16:15:21","modified_gmt":"2026-01-24T19:15:21","slug":"prefeitura-de-adamantina-comemora-os-60-anos-do-corpo-de-bombeiros-na-regiao","status":"publish","type":"post","link":"https:\/\/radiolifefm.com.br\/noticias\/prefeitura-de-adamantina-comemora-os-60-anos-do-corpo-de-bombeiros-na-regiao\/","title":{"rendered":"Prefeitura de Adamantina comemora os 60 anos do Corpo de Bombeiros na regi\u00e3o"},"content":{"rendered":"<div id=\"fb-root\"><\/div>\n<p style=\"font-weight: 400\">Na quarta-feira (23), a Prefeitura de Adamantina, por meio do Departamento Municipal de Tr\u00e2nsito (DEMTRAN) realiza uma a\u00e7\u00e3o de conscientiza\u00e7\u00e3o e comemora\u00e7\u00e3o aos 60 anos da presen\u00e7a do Corpo de Bombeiros na regi\u00e3o de Presidente Prudente.<\/p>\n<p style=\"font-weight: 400\">O evento ser\u00e1 realizado na Alameda Fern\u00e3o Dias, trecho entre a Avenida Santo Ant\u00f4nio e a Rua Deputado Salles Filho \u2013 Secretaria de Planejamento e Desenvolvimento das 9h \u00e0s15h e contar\u00e1 com a presen\u00e7a do Corpo de Bombeiros para as festividades de comemora\u00e7\u00e3o, onde haver\u00e1 exposi\u00e7\u00e3o de materiais, equipamentos e viaturas do Corpo de Bombeiros de Adamantina.<\/p>\n<p style=\"font-weight: 400\">Al\u00e9m disso, o DEMTRAN e a Pol\u00edcia Militar far\u00e3o a\u00e7\u00f5es de conscientiza\u00e7\u00e3o de tr\u00e2nsito. A iniciativa vem ao encontro do tema das campanhas do Sistema Nacional de Tr\u00e2nsito para o ano de 2022 que \u00e9 \u201cJuntos Salvamos Vidas\u201d.<\/p>\n<p style=\"font-weight: 400\">\u201cAo sair de casa, todos n\u00f3s temos que nos proteger e com isso, estamos salvando vidas, a sua e a de quem cruza seu caminho. Exatamente porque o contr\u00e1rio \u00e9 verdadeiro: se voc\u00ea desrespeitar as regras, voc\u00ea coloca sua vida em risco, mas coloca tamb\u00e9m a vida de quem divide a rua ou a estrada com voc\u00ea\u201d, refor\u00e7a o secret\u00e1rio de planejamento Jo\u00e3o Vitor Marega.<\/p>\n<p>Fonte: Assessoria de Imprensa<\/p>\n","protected":false},"excerpt":{"rendered":"<p>Na quarta-feira (23), a Prefeitura de Adamantina, por meio do Departamento Municipal de Tr\u00e2nsito (DEMTRAN) realiza uma a\u00e7\u00e3o de conscientiza\u00e7\u00e3o e comemora\u00e7\u00e3o aos 60 anos da presen\u00e7a do Corpo de Bombeiros na regi\u00e3o de Presidente Prudente. O evento ser\u00e1 realizado na Alameda Fern\u00e3o Dias, trecho entre a Avenida Santo Ant\u00f4nio e a Rua Deputado Salles [&hellip;]<\/p>\n","protected":false},"author":13,"featured_media":51094,"comment_status":"closed","ping_status":"open","sticky":false,"template":"","format":"standard","meta":{"_acf_changed":false,"_exactmetrics_skip_tracking":false,"_exactmetrics_sitenote_active":false,"_exactmetrics_sitenote_note":"","_exactmetrics_sitenote_category":0,"footnotes":""},"categories":[21],"tags":[],"class_list":["post-51092","post","type-post","status-publish","format-standard","has-post-thumbnail","hentry","category-adamantina"],"acf":[],"yoast_head":"<!-- This site is optimized with the Yoast SEO plugin v27.2 - https:\/\/yoast.com\/product\/yoast-seo-wordpress\/ -->\n<title>Prefeitura de Adamantina comemora os 60 anos do Corpo de Bombeiros na regi\u00e3o - R\u00e1dio Life FM<\/title>\n<meta name=\"robots\" content=\"index, follow, max-snippet:-1, max-image-preview:large, max-video-preview:-1\" \/>\n<link rel=\"canonical\" href=\"https:\/\/radiolifefm.com.br\/noticias\/prefeitura-de-adamantina-comemora-os-60-anos-do-corpo-de-bombeiros-na-regiao\/\" \/>\n<meta property=\"og:locale\" content=\"pt_BR\" \/>\n<meta property=\"og:type\" content=\"article\" \/>\n<meta property=\"og:title\" content=\"Prefeitura de Adamantina comemora os 60 anos do Corpo de Bombeiros na regi\u00e3o - R\u00e1dio Life FM\" \/>\n<meta property=\"og:description\" content=\"Na quarta-feira (23), a Prefeitura de Adamantina, por meio do Departamento Municipal de Tr\u00e2nsito (DEMTRAN) realiza uma a\u00e7\u00e3o de conscientiza\u00e7\u00e3o e comemora\u00e7\u00e3o aos 60 anos da presen\u00e7a do Corpo de Bombeiros na regi\u00e3o de Presidente Prudente. O evento ser\u00e1 realizado na Alameda Fern\u00e3o Dias, trecho entre a Avenida Santo Ant\u00f4nio e a Rua Deputado Salles [&hellip;]\" \/>\n<meta property=\"og:url\" content=\"https:\/\/radiolifefm.com.br\/noticias\/prefeitura-de-adamantina-comemora-os-60-anos-do-corpo-de-bombeiros-na-regiao\/\" \/>\n<meta property=\"og:site_name\" content=\"R\u00e1dio Life FM\" \/>\n<meta property=\"article:publisher\" content=\"https:\/\/www.facebook.com\/radiolifefm\/\" \/>\n<meta property=\"article:published_time\" content=\"2022-03-21T18:04:39+00:00\" \/>\n<meta property=\"article:modified_time\" content=\"2026-01-24T19:15:21+00:00\" \/>\n<meta property=\"og:image\" content=\"https:\/\/radiolifefm.com.br\/noticias\/wp-content\/uploads\/2022\/03\/download-3.jpg\" \/>\n\t<meta property=\"og:image:width\" content=\"300\" \/>\n\t<meta property=\"og:image:height\" content=\"168\" \/>\n\t<meta property=\"og:image:type\" content=\"image\/jpeg\" \/>\n<meta name=\"author\" content=\"ritanery\" \/>\n<meta name=\"twitter:card\" content=\"summary_large_image\" \/>\n<meta name=\"twitter:label1\" content=\"Escrito por\" \/>\n\t<meta name=\"twitter:data1\" content=\"ritanery\" \/>\n\t<meta name=\"twitter:label2\" content=\"Est. tempo de leitura\" \/>\n\t<meta name=\"twitter:data2\" content=\"1 minuto\" \/>\n<script type=\"application\/ld+json\" class=\"yoast-schema-graph\">{\"@context\":\"https:\/\/schema.org\",\"@graph\":[{\"@type\":\"Article\",\"@id\":\"https:\/\/radiolifefm.com.br\/noticias\/prefeitura-de-adamantina-comemora-os-60-anos-do-corpo-de-bombeiros-na-regiao\/#article\",\"isPartOf\":{\"@id\":\"https:\/\/radiolifefm.com.br\/noticias\/prefeitura-de-adamantina-comemora-os-60-anos-do-corpo-de-bombeiros-na-regiao\/\"},\"author\":{\"name\":\"ritanery\",\"@id\":\"https:\/\/radiolifefm.com.br\/noticias\/#\/schema\/person\/6339b9fac59d12b071dec680d7375d87\"},\"headline\":\"Prefeitura de Adamantina comemora os 60 anos do Corpo de Bombeiros na regi\u00e3o\",\"datePublished\":\"2022-03-21T18:04:39+00:00\",\"dateModified\":\"2026-01-24T19:15:21+00:00\",\"mainEntityOfPage\":{\"@id\":\"https:\/\/radiolifefm.com.br\/noticias\/prefeitura-de-adamantina-comemora-os-60-anos-do-corpo-de-bombeiros-na-regiao\/\"},\"wordCount\":232,\"publisher\":{\"@id\":\"https:\/\/radiolifefm.com.br\/noticias\/#organization\"},\"image\":{\"@id\":\"https:\/\/radiolifefm.com.br\/noticias\/prefeitura-de-adamantina-comemora-os-60-anos-do-corpo-de-bombeiros-na-regiao\/#primaryimage\"},\"thumbnailUrl\":\"https:\/\/radiolifefm.com.br\/noticias\/wp-content\/uploads\/2022\/03\/download-3.jpg\",\"articleSection\":[\"Adamantina\"],\"inLanguage\":\"pt-BR\"},{\"@type\":\"WebPage\",\"@id\":\"https:\/\/radiolifefm.com.br\/noticias\/prefeitura-de-adamantina-comemora-os-60-anos-do-corpo-de-bombeiros-na-regiao\/\",\"url\":\"https:\/\/radiolifefm.com.br\/noticias\/prefeitura-de-adamantina-comemora-os-60-anos-do-corpo-de-bombeiros-na-regiao\/\",\"name\":\"Prefeitura de Adamantina comemora os 60 anos do Corpo de Bombeiros na regi\u00e3o - R\u00e1dio Life FM\",\"isPartOf\":{\"@id\":\"https:\/\/radiolifefm.com.br\/noticias\/#website\"},\"primaryImageOfPage\":{\"@id\":\"https:\/\/radiolifefm.com.br\/noticias\/prefeitura-de-adamantina-comemora-os-60-anos-do-corpo-de-bombeiros-na-regiao\/#primaryimage\"},\"image\":{\"@id\":\"https:\/\/radiolifefm.com.br\/noticias\/prefeitura-de-adamantina-comemora-os-60-anos-do-corpo-de-bombeiros-na-regiao\/#primaryimage\"},\"thumbnailUrl\":\"https:\/\/radiolifefm.com.br\/noticias\/wp-content\/uploads\/2022\/03\/download-3.jpg\",\"datePublished\":\"2022-03-21T18:04:39+00:00\",\"dateModified\":\"2026-01-24T19:15:21+00:00\",\"breadcrumb\":{\"@id\":\"https:\/\/radiolifefm.com.br\/noticias\/prefeitura-de-adamantina-comemora-os-60-anos-do-corpo-de-bombeiros-na-regiao\/#breadcrumb\"},\"inLanguage\":\"pt-BR\",\"potentialAction\":[{\"@type\":\"ReadAction\",\"target\":[\"https:\/\/radiolifefm.com.br\/noticias\/prefeitura-de-adamantina-comemora-os-60-anos-do-corpo-de-bombeiros-na-regiao\/\"]}]},{\"@type\":\"ImageObject\",\"inLanguage\":\"pt-BR\",\"@id\":\"https:\/\/radiolifefm.com.br\/noticias\/prefeitura-de-adamantina-comemora-os-60-anos-do-corpo-de-bombeiros-na-regiao\/#primaryimage\",\"url\":\"https:\/\/radiolifefm.com.br\/noticias\/wp-content\/uploads\/2022\/03\/download-3.jpg\",\"contentUrl\":\"https:\/\/radiolifefm.com.br\/noticias\/wp-content\/uploads\/2022\/03\/download-3.jpg\",\"width\":300,\"height\":168,\"caption\":\"A\u00e7\u00e3o \u00e9 realizada pelo DEMTRAN em parceria com o Corpo de Bombeiros, Pol\u00edcia Militar e Secretaria de Cultura e Turismo\"},{\"@type\":\"BreadcrumbList\",\"@id\":\"https:\/\/radiolifefm.com.br\/noticias\/prefeitura-de-adamantina-comemora-os-60-anos-do-corpo-de-bombeiros-na-regiao\/#breadcrumb\",\"itemListElement\":[{\"@type\":\"ListItem\",\"position\":1,\"name\":\"In\u00edcio\",\"item\":\"https:\/\/radiolifefm.com.br\/noticias\/\"},{\"@type\":\"ListItem\",\"position\":2,\"name\":\"Prefeitura de Adamantina comemora os 60 anos do Corpo de Bombeiros na regi\u00e3o\"}]},{\"@type\":\"WebSite\",\"@id\":\"https:\/\/radiolifefm.com.br\/noticias\/#website\",\"url\":\"https:\/\/radiolifefm.com.br\/noticias\/\",\"name\":\"R\u00e1dio Life FM\",\"description\":\"O Portal de Not\u00edcias de Adamantina\",\"publisher\":{\"@id\":\"https:\/\/radiolifefm.com.br\/noticias\/#organization\"},\"alternateName\":\"Life FM\",\"potentialAction\":[{\"@type\":\"SearchAction\",\"target\":{\"@type\":\"EntryPoint\",\"urlTemplate\":\"https:\/\/radiolifefm.com.br\/noticias\/?s={search_term_string}\"},\"query-input\":{\"@type\":\"PropertyValueSpecification\",\"valueRequired\":true,\"valueName\":\"search_term_string\"}}],\"inLanguage\":\"pt-BR\"},{\"@type\":\"Organization\",\"@id\":\"https:\/\/radiolifefm.com.br\/noticias\/#organization\",\"name\":\"R\u00e1dio Life FM\",\"alternateName\":\"Life FM\",\"url\":\"https:\/\/radiolifefm.com.br\/noticias\/\",\"logo\":{\"@type\":\"ImageObject\",\"inLanguage\":\"pt-BR\",\"@id\":\"https:\/\/radiolifefm.com.br\/noticias\/#\/schema\/logo\/image\/\",\"url\":\"https:\/\/static.radiolifefm.com.br\/noticias\/wp-content\/uploads\/2019\/10\/logo-lifefm.png\",\"contentUrl\":\"https:\/\/static.radiolifefm.com.br\/noticias\/wp-content\/uploads\/2019\/10\/logo-lifefm.png\",\"width\":196,\"height\":47,\"caption\":\"R\u00e1dio Life FM\"},\"image\":{\"@id\":\"https:\/\/radiolifefm.com.br\/noticias\/#\/schema\/logo\/image\/\"},\"sameAs\":[\"https:\/\/www.facebook.com\/radiolifefm\/\",\"https:\/\/www.instagram.com\/life1079fm\/\"]},{\"@type\":\"Person\",\"@id\":\"https:\/\/radiolifefm.com.br\/noticias\/#\/schema\/person\/6339b9fac59d12b071dec680d7375d87\",\"name\":\"ritanery\",\"image\":{\"@type\":\"ImageObject\",\"inLanguage\":\"pt-BR\",\"@id\":\"https:\/\/secure.gravatar.com\/avatar\/0e37bb19071f47c0b8a23f62a903df117c5a0e75f65a0c2901562f97cd41cf86?s=96&d=mm&r=g\",\"url\":\"https:\/\/secure.gravatar.com\/avatar\/0e37bb19071f47c0b8a23f62a903df117c5a0e75f65a0c2901562f97cd41cf86?s=96&d=mm&r=g\",\"contentUrl\":\"https:\/\/secure.gravatar.com\/avatar\/0e37bb19071f47c0b8a23f62a903df117c5a0e75f65a0c2901562f97cd41cf86?s=96&d=mm&r=g\",\"caption\":\"ritanery\"}}]}<\/script>\n<!-- \/ Yoast SEO plugin. -->","yoast_head_json":{"title":"Prefeitura de Adamantina comemora os 60 anos do Corpo de Bombeiros na regi\u00e3o - R\u00e1dio Life FM","robots":{"index":"index","follow":"follow","max-snippet":"max-snippet:-1","max-image-preview":"max-image-preview:large","max-video-preview":"max-video-preview:-1"},"canonical":"https:\/\/radiolifefm.com.br\/noticias\/prefeitura-de-adamantina-comemora-os-60-anos-do-corpo-de-bombeiros-na-regiao\/","og_locale":"pt_BR","og_type":"article","og_title":"Prefeitura de Adamantina comemora os 60 anos do Corpo de Bombeiros na regi\u00e3o - R\u00e1dio Life FM","og_description":"Na quarta-feira (23), a Prefeitura de Adamantina, por meio do Departamento Municipal de Tr\u00e2nsito (DEMTRAN) realiza uma a\u00e7\u00e3o de conscientiza\u00e7\u00e3o e comemora\u00e7\u00e3o aos 60 anos da presen\u00e7a do Corpo de Bombeiros na regi\u00e3o de Presidente Prudente. O evento ser\u00e1 realizado na Alameda Fern\u00e3o Dias, trecho entre a Avenida Santo Ant\u00f4nio e a Rua Deputado Salles [&hellip;]","og_url":"https:\/\/radiolifefm.com.br\/noticias\/prefeitura-de-adamantina-comemora-os-60-anos-do-corpo-de-bombeiros-na-regiao\/","og_site_name":"R\u00e1dio Life FM","article_publisher":"https:\/\/www.facebook.com\/radiolifefm\/","article_published_time":"2022-03-21T18:04:39+00:00","article_modified_time":"2026-01-24T19:15:21+00:00","og_image":[{"width":300,"height":168,"url":"https:\/\/radiolifefm.com.br\/noticias\/wp-content\/uploads\/2022\/03\/download-3.jpg","type":"image\/jpeg"}],"author":"ritanery","twitter_card":"summary_large_image","twitter_misc":{"Escrito por":"ritanery","Est. tempo de leitura":"1 minuto"},"schema":{"@context":"https:\/\/schema.org","@graph":[{"@type":"Article","@id":"https:\/\/radiolifefm.com.br\/noticias\/prefeitura-de-adamantina-comemora-os-60-anos-do-corpo-de-bombeiros-na-regiao\/#article","isPartOf":{"@id":"https:\/\/radiolifefm.com.br\/noticias\/prefeitura-de-adamantina-comemora-os-60-anos-do-corpo-de-bombeiros-na-regiao\/"},"author":{"name":"ritanery","@id":"https:\/\/radiolifefm.com.br\/noticias\/#\/schema\/person\/6339b9fac59d12b071dec680d7375d87"},"headline":"Prefeitura de Adamantina comemora os 60 anos do Corpo de Bombeiros na regi\u00e3o","datePublished":"2022-03-21T18:04:39+00:00","dateModified":"2026-01-24T19:15:21+00:00","mainEntityOfPage":{"@id":"https:\/\/radiolifefm.com.br\/noticias\/prefeitura-de-adamantina-comemora-os-60-anos-do-corpo-de-bombeiros-na-regiao\/"},"wordCount":232,"publisher":{"@id":"https:\/\/radiolifefm.com.br\/noticias\/#organization"},"image":{"@id":"https:\/\/radiolifefm.com.br\/noticias\/prefeitura-de-adamantina-comemora-os-60-anos-do-corpo-de-bombeiros-na-regiao\/#primaryimage"},"thumbnailUrl":"https:\/\/radiolifefm.com.br\/noticias\/wp-content\/uploads\/2022\/03\/download-3.jpg","articleSection":["Adamantina"],"inLanguage":"pt-BR"},{"@type":"WebPage","@id":"https:\/\/radiolifefm.com.br\/noticias\/prefeitura-de-adamantina-comemora-os-60-anos-do-corpo-de-bombeiros-na-regiao\/","url":"https:\/\/radiolifefm.com.br\/noticias\/prefeitura-de-adamantina-comemora-os-60-anos-do-corpo-de-bombeiros-na-regiao\/","name":"Prefeitura de Adamantina comemora os 60 anos do Corpo de Bombeiros na regi\u00e3o - R\u00e1dio Life FM","isPartOf":{"@id":"https:\/\/radiolifefm.com.br\/noticias\/#website"},"primaryImageOfPage":{"@id":"https:\/\/radiolifefm.com.br\/noticias\/prefeitura-de-adamantina-comemora-os-60-anos-do-corpo-de-bombeiros-na-regiao\/#primaryimage"},"image":{"@id":"https:\/\/radiolifefm.com.br\/noticias\/prefeitura-de-adamantina-comemora-os-60-anos-do-corpo-de-bombeiros-na-regiao\/#primaryimage"},"thumbnailUrl":"https:\/\/radiolifefm.com.br\/noticias\/wp-content\/uploads\/2022\/03\/download-3.jpg","datePublished":"2022-03-21T18:04:39+00:00","dateModified":"2026-01-24T19:15:21+00:00","breadcrumb":{"@id":"https:\/\/radiolifefm.com.br\/noticias\/prefeitura-de-adamantina-comemora-os-60-anos-do-corpo-de-bombeiros-na-regiao\/#breadcrumb"},"inLanguage":"pt-BR","potentialAction":[{"@type":"ReadAction","target":["https:\/\/radiolifefm.com.br\/noticias\/prefeitura-de-adamantina-comemora-os-60-anos-do-corpo-de-bombeiros-na-regiao\/"]}]},{"@type":"ImageObject","inLanguage":"pt-BR","@id":"https:\/\/radiolifefm.com.br\/noticias\/prefeitura-de-adamantina-comemora-os-60-anos-do-corpo-de-bombeiros-na-regiao\/#primaryimage","url":"https:\/\/radiolifefm.com.br\/noticias\/wp-content\/uploads\/2022\/03\/download-3.jpg","contentUrl":"https:\/\/radiolifefm.com.br\/noticias\/wp-content\/uploads\/2022\/03\/download-3.jpg","width":300,"height":168,"caption":"A\u00e7\u00e3o \u00e9 realizada pelo DEMTRAN em parceria com o Corpo de Bombeiros, Pol\u00edcia Militar e Secretaria de Cultura e Turismo"},{"@type":"BreadcrumbList","@id":"https:\/\/radiolifefm.com.br\/noticias\/prefeitura-de-adamantina-comemora-os-60-anos-do-corpo-de-bombeiros-na-regiao\/#breadcrumb","itemListElement":[{"@type":"ListItem","position":1,"name":"In\u00edcio","item":"https:\/\/radiolifefm.com.br\/noticias\/"},{"@type":"ListItem","position":2,"name":"Prefeitura de Adamantina comemora os 60 anos do Corpo de Bombeiros na regi\u00e3o"}]},{"@type":"WebSite","@id":"https:\/\/radiolifefm.com.br\/noticias\/#website","url":"https:\/\/radiolifefm.com.br\/noticias\/","name":"R\u00e1dio Life FM","description":"O Portal de Not\u00edcias de Adamantina","publisher":{"@id":"https:\/\/radiolifefm.com.br\/noticias\/#organization"},"alternateName":"Life FM","potentialAction":[{"@type":"SearchAction","target":{"@type":"EntryPoint","urlTemplate":"https:\/\/radiolifefm.com.br\/noticias\/?s={search_term_string}"},"query-input":{"@type":"PropertyValueSpecification","valueRequired":true,"valueName":"search_term_string"}}],"inLanguage":"pt-BR"},{"@type":"Organization","@id":"https:\/\/radiolifefm.com.br\/noticias\/#organization","name":"R\u00e1dio Life FM","alternateName":"Life FM","url":"https:\/\/radiolifefm.com.br\/noticias\/","logo":{"@type":"ImageObject","inLanguage":"pt-BR","@id":"https:\/\/radiolifefm.com.br\/noticias\/#\/schema\/logo\/image\/","url":"https:\/\/static.radiolifefm.com.br\/noticias\/wp-content\/uploads\/2019\/10\/logo-lifefm.png","contentUrl":"https:\/\/static.radiolifefm.com.br\/noticias\/wp-content\/uploads\/2019\/10\/logo-lifefm.png","width":196,"height":47,"caption":"R\u00e1dio Life FM"},"image":{"@id":"https:\/\/radiolifefm.com.br\/noticias\/#\/schema\/logo\/image\/"},"sameAs":["https:\/\/www.facebook.com\/radiolifefm\/","https:\/\/www.instagram.com\/life1079fm\/"]},{"@type":"Person","@id":"https:\/\/radiolifefm.com.br\/noticias\/#\/schema\/person\/6339b9fac59d12b071dec680d7375d87","name":"ritanery","image":{"@type":"ImageObject","inLanguage":"pt-BR","@id":"https:\/\/secure.gravatar.com\/avatar\/0e37bb19071f47c0b8a23f62a903df117c5a0e75f65a0c2901562f97cd41cf86?s=96&d=mm&r=g","url":"https:\/\/secure.gravatar.com\/avatar\/0e37bb19071f47c0b8a23f62a903df117c5a0e75f65a0c2901562f97cd41cf86?s=96&d=mm&r=g","contentUrl":"https:\/\/secure.gravatar.com\/avatar\/0e37bb19071f47c0b8a23f62a903df117c5a0e75f65a0c2901562f97cd41cf86?s=96&d=mm&r=g","caption":"ritanery"}}]}},"amp_enabled":true,"_links":{"self":[{"href":"https:\/\/radiolifefm.com.br\/noticias\/wp-json\/wp\/v2\/posts\/51092","targetHints":{"allow":["GET"]}}],"collection":[{"href":"https:\/\/radiolifefm.com.br\/noticias\/wp-json\/wp\/v2\/posts"}],"about":[{"href":"https:\/\/radiolifefm.com.br\/noticias\/wp-json\/wp\/v2\/types\/post"}],"author":[{"embeddable":true,"href":"https:\/\/radiolifefm.com.br\/noticias\/wp-json\/wp\/v2\/users\/13"}],"replies":[{"embeddable":true,"href":"https:\/\/radiolifefm.com.br\/noticias\/wp-json\/wp\/v2\/comments?post=51092"}],"version-history":[{"count":2,"href":"https:\/\/radiolifefm.com.br\/noticias\/wp-json\/wp\/v2\/posts\/51092\/revisions"}],"predecessor-version":[{"id":51100,"href":"https:\/\/radiolifefm.com.br\/noticias\/wp-json\/wp\/v2\/posts\/51092\/revisions\/51100"}],"wp:featuredmedia":[{"embeddable":true,"href":"https:\/\/radiolifefm.com.br\/noticias\/wp-json\/wp\/v2\/media\/51094"}],"wp:attachment":[{"href":"https:\/\/radiolifefm.com.br\/noticias\/wp-json\/wp\/v2\/media?parent=51092"}],"wp:term":[{"taxonomy":"category","embeddable":true,"href":"https:\/\/radiolifefm.com.br\/noticias\/wp-json\/wp\/v2\/categories?post=51092"},{"taxonomy":"post_tag","embeddable":true,"href":"https:\/\/radiolifefm.com.br\/noticias\/wp-json\/wp\/v2\/tags?post=51092"}],"curies":[{"name":"wp","href":"https:\/\/api.w.org\/{rel}","templated":true}]}}