{"id":51063,"date":"2022-03-21T07:51:38","date_gmt":"2022-03-21T10:51:38","guid":{"rendered":"https:\/\/radiolifefm.com.br\/noticias\/?p=51063"},"modified":"2026-04-03T07:46:06","modified_gmt":"2026-04-03T10:46:06","slug":"perolas-para-as-mentes-mediocres-provincianas","status":"publish","type":"post","link":"https:\/\/radiolifefm.com.br\/noticias\/perolas-para-as-mentes-mediocres-provincianas\/","title":{"rendered":"\u201cP\u00c9ROLAS\u201d (*) PARA AS MENTES MED\u00cdOCRES PROVINCIANAS&#8230;"},"content":{"rendered":"<div id=\"fb-root\"><\/div>\n<p><strong>N\u00e3o d\u00ea aos c\u00e3es o que \u00e9 sagrado; e n\u00e3o jogue aos porcos as suas p\u00e9rolas, mas que eles n\u00e3o as pisoteiem e se voltem para atac\u00e1-lo. (<\/strong><a href=\"https:\/\/www.pensador.com\/autor\/jesus_cristo\/\"><strong>Jesus Cristo<\/strong><\/a><strong>)<\/strong><\/p>\n<p>&nbsp;<\/p>\n<p><strong>S\u00e9rgio Barbosa (**)<\/strong><\/p>\n<p>Nesta semana, pra variar aquele DITO CUJO com aval do BO.DO.QUIO PROVINCIANO e sua turma de ALOPRADOS\/AS, fizeram mais uma das suas traquinagens, tal qual aquele filho do GEPETO&#8230;<\/p>\n<p>Ainda, neste meio do caminho, parece que ALICE PROVINCIANA est\u00e1 sem mais e com muito menos, por\u00e9m, o que interessa neste texto que pode ser uma CR\u00d5NICA, tendo em vista que se torna necess\u00e1rio usar e abusar da IMAGINA\u00c7\u00c3O do\/a LEITOR\/A&#8230;<\/p>\n<p>Ent\u00e3o, mais uma vez ocorreu apenas um TRAQUE daquele outro lado com apoio do mesmo lado, todavia, TODO CUIDADO \u00c9 POUCO com tais ALOPRADOS\/AS PROVINCIANOS\/AS, ainda, um por causa disto e o outro, por causa daquilo&#8230;<\/p>\n<p>Tais DESENCONTROS devem continuar ocorrendo por parte dos DITOS QUE S\u00c3O MAIS CUJOS do que nunca, assim, o outro lado deve continuar em ESTADO DE ALERTA para fazer frente aos PICARETAS travestidos de MENTES MED\u00cdOCRES que circulam nesta PROV\u00cdNCIA DO FAZ DE CONTA faz d\u00e9cadas&#8230;<\/p>\n<p>Por\u00e9m, o TIRO\/TRAQUE, mais uma vez, SAIU PELA CULATRA e o outro lado ficou A VER NAVIOS, haja vista que a RESPOSTA desta vez apareceu com PROVAS disto e daquilo, haja vista que essa TURMA DO COISO com suas COISAS s\u00f3 divulgam FAKE NEWS&#8230;<\/p>\n<p>Mesmo assim, entendo que a MELHOR DEFESA \u00c9 O ATAQUE, portanto, o lado caluniado deve ir para a FRENTE com suas melhores armas de a\u00e7\u00e3o, tendo em vista que o outro lado, pasme, usa e abusa das mesmas t\u00e1ticas deste DESGOVERNO BOZZONARO com apoio do eterno BO.DO.QUIO PROVINCIANO&#8230;<\/p>\n<p>Pelo menos, aquele dito popular que afirma QUE A MENTIRA TEM PERNA CURTA continua mais atual do que nunca em terras provincianas, mesmo assim, faz-se necess\u00e1rio ficar de PRONTID\u00c3O para novos ATAQUES daqueles lados e assim por diante&#8230;<\/p>\n<p>A INSTITUI\u00c7\u00c3O n\u00e3o pode ficar na LINHA DE TIRO desta turma que divulga a DESINFORMA\u00c7\u00c3O camuflada de M\u00cdDIA, considerando que existem outros interesses mediados pelas TROCAS NADA SIMB\u00d3LICAS e ponto quase final&#8230;<\/p>\n<p>Tamb\u00e9m, o outro lado que foi o ALVO daqueles que n\u00e3o sabem PERDER isto ou aquilo, dever\u00e1 saber como desenvolver o denominado MARKETING DE GUERRILHA, ou seja, para mostrar por meio das propostas patrocinadas pelo PLANEJAMENTO ESTRAT\u00c1GICO em n\u00edvel ORGANZACIONAL, como oferecer QUALIDADE com COMPET\u00caNCIA em tempo de PANDEMIA&#8230;<\/p>\n<p>A proposta ACAD\u00caMICA deve estar ACIMA destas MENTES MED\u00cdOCRES que circulam nos quatro ou mais cantos desta PROV\u00cdNCIA DO FAZ DE CONTA&#8230;<\/p>\n<p>Isso sem esquecer aqueles ENCONTRO travestidos de CHURRASCO em nome dos interesses de sempre para ARTICULAR as MALVADEZAS de sempre, afinal de contas, SABER PERDER \u00c9 UMA ARTE, isso \u00e9, para as MENTES BRILHANTES&#8230;<\/p>\n<p><strong>(*)<\/strong> Estava esquecendo da palavra P\u00c9ROLA utilizada no t\u00edtulo deste artigo, assim, a mesma tem sintonia com a frase P\u00c9ROLAS AOS PORCOS (lamento pelos su\u00ednos) &#8230;<\/p>\n<p>QUEM SOBREVIER VAI SABER&#8230;<\/p>\n<p><strong><em>______________________________<\/em><\/strong><\/p>\n<p><strong><em>(**) jornalista diplomado e professor universit\u00e1rio.<\/em><\/strong><\/p>\n<p><strong><em>e-mail: <\/em><\/strong><a href=\"mailto:barbosa.sebar@gmail.com\"><strong><em>barbosa.sebar@gmail.com<\/em><\/strong><\/a><\/p>\n<p><strong><em>\u00a0<\/em><\/strong><\/p>\n","protected":false},"excerpt":{"rendered":"<p>N\u00e3o d\u00ea aos c\u00e3es o que \u00e9 sagrado; e n\u00e3o jogue aos porcos as suas p\u00e9rolas, mas que eles n\u00e3o as pisoteiem e se voltem para atac\u00e1-lo. (Jesus Cristo) &nbsp; S\u00e9rgio Barbosa (**) Nesta semana, pra variar aquele DITO CUJO com aval do BO.DO.QUIO PROVINCIANO e sua turma de ALOPRADOS\/AS, fizeram mais uma das suas [&hellip;]<\/p>\n","protected":false},"author":13,"featured_media":51064,"comment_status":"closed","ping_status":"open","sticky":false,"template":"","format":"standard","meta":{"_acf_changed":false,"_exactmetrics_skip_tracking":false,"_exactmetrics_sitenote_active":false,"_exactmetrics_sitenote_note":"","_exactmetrics_sitenote_category":0,"footnotes":""},"categories":[59],"tags":[],"class_list":["post-51063","post","type-post","status-publish","format-standard","has-post-thumbnail","hentry","category-opiniao"],"acf":[],"yoast_head":"<!-- This site is optimized with the Yoast SEO plugin v27.2 - https:\/\/yoast.com\/product\/yoast-seo-wordpress\/ -->\n<title>\u201cP\u00c9ROLAS\u201d (*) PARA AS MENTES MED\u00cdOCRES PROVINCIANAS... - R\u00e1dio Life FM<\/title>\n<meta name=\"robots\" content=\"index, follow, max-snippet:-1, max-image-preview:large, max-video-preview:-1\" \/>\n<link rel=\"canonical\" href=\"https:\/\/radiolifefm.com.br\/noticias\/perolas-para-as-mentes-mediocres-provincianas\/\" \/>\n<meta property=\"og:locale\" content=\"pt_BR\" \/>\n<meta property=\"og:type\" content=\"article\" \/>\n<meta property=\"og:title\" content=\"\u201cP\u00c9ROLAS\u201d (*) PARA AS MENTES MED\u00cdOCRES PROVINCIANAS... - R\u00e1dio Life FM\" \/>\n<meta property=\"og:description\" content=\"N\u00e3o d\u00ea aos c\u00e3es o que \u00e9 sagrado; e n\u00e3o jogue aos porcos as suas p\u00e9rolas, mas que eles n\u00e3o as pisoteiem e se voltem para atac\u00e1-lo. (Jesus Cristo) &nbsp; S\u00e9rgio Barbosa (**) Nesta semana, pra variar aquele DITO CUJO com aval do BO.DO.QUIO PROVINCIANO e sua turma de ALOPRADOS\/AS, fizeram mais uma das suas [&hellip;]\" \/>\n<meta property=\"og:url\" content=\"https:\/\/radiolifefm.com.br\/noticias\/perolas-para-as-mentes-mediocres-provincianas\/\" \/>\n<meta property=\"og:site_name\" content=\"R\u00e1dio Life FM\" \/>\n<meta property=\"article:publisher\" content=\"https:\/\/www.facebook.com\/radiolifefm\/\" \/>\n<meta property=\"article:published_time\" content=\"2022-03-21T10:51:38+00:00\" \/>\n<meta property=\"article:modified_time\" content=\"2026-04-03T10:46:06+00:00\" \/>\n<meta property=\"og:image\" content=\"https:\/\/radiolifefm.com.br\/noticias\/wp-content\/uploads\/2022\/03\/WhatsApp-Image-2022-03-20-at-16.33.28.jpeg\" \/>\n\t<meta property=\"og:image:width\" content=\"1600\" \/>\n\t<meta property=\"og:image:height\" content=\"1200\" \/>\n\t<meta property=\"og:image:type\" content=\"image\/jpeg\" \/>\n<meta name=\"author\" content=\"ritanery\" \/>\n<meta name=\"twitter:card\" content=\"summary_large_image\" \/>\n<meta name=\"twitter:label1\" content=\"Escrito por\" \/>\n\t<meta name=\"twitter:data1\" content=\"ritanery\" \/>\n\t<meta name=\"twitter:label2\" content=\"Est. tempo de leitura\" \/>\n\t<meta name=\"twitter:data2\" content=\"3 minutos\" \/>\n<script type=\"application\/ld+json\" class=\"yoast-schema-graph\">{\"@context\":\"https:\/\/schema.org\",\"@graph\":[{\"@type\":\"Article\",\"@id\":\"https:\/\/radiolifefm.com.br\/noticias\/perolas-para-as-mentes-mediocres-provincianas\/#article\",\"isPartOf\":{\"@id\":\"https:\/\/radiolifefm.com.br\/noticias\/perolas-para-as-mentes-mediocres-provincianas\/\"},\"author\":{\"name\":\"ritanery\",\"@id\":\"https:\/\/radiolifefm.com.br\/noticias\/#\/schema\/person\/6339b9fac59d12b071dec680d7375d87\"},\"headline\":\"\u201cP\u00c9ROLAS\u201d (*) PARA AS MENTES MED\u00cdOCRES PROVINCIANAS&#8230;\",\"datePublished\":\"2022-03-21T10:51:38+00:00\",\"dateModified\":\"2026-04-03T10:46:06+00:00\",\"mainEntityOfPage\":{\"@id\":\"https:\/\/radiolifefm.com.br\/noticias\/perolas-para-as-mentes-mediocres-provincianas\/\"},\"wordCount\":540,\"publisher\":{\"@id\":\"https:\/\/radiolifefm.com.br\/noticias\/#organization\"},\"image\":{\"@id\":\"https:\/\/radiolifefm.com.br\/noticias\/perolas-para-as-mentes-mediocres-provincianas\/#primaryimage\"},\"thumbnailUrl\":\"https:\/\/radiolifefm.com.br\/noticias\/wp-content\/uploads\/2022\/03\/WhatsApp-Image-2022-03-20-at-16.33.28.jpeg\",\"articleSection\":[\"Opini\u00e3o\"],\"inLanguage\":\"pt-BR\"},{\"@type\":\"WebPage\",\"@id\":\"https:\/\/radiolifefm.com.br\/noticias\/perolas-para-as-mentes-mediocres-provincianas\/\",\"url\":\"https:\/\/radiolifefm.com.br\/noticias\/perolas-para-as-mentes-mediocres-provincianas\/\",\"name\":\"\u201cP\u00c9ROLAS\u201d (*) PARA AS MENTES MED\u00cdOCRES PROVINCIANAS... - R\u00e1dio Life FM\",\"isPartOf\":{\"@id\":\"https:\/\/radiolifefm.com.br\/noticias\/#website\"},\"primaryImageOfPage\":{\"@id\":\"https:\/\/radiolifefm.com.br\/noticias\/perolas-para-as-mentes-mediocres-provincianas\/#primaryimage\"},\"image\":{\"@id\":\"https:\/\/radiolifefm.com.br\/noticias\/perolas-para-as-mentes-mediocres-provincianas\/#primaryimage\"},\"thumbnailUrl\":\"https:\/\/radiolifefm.com.br\/noticias\/wp-content\/uploads\/2022\/03\/WhatsApp-Image-2022-03-20-at-16.33.28.jpeg\",\"datePublished\":\"2022-03-21T10:51:38+00:00\",\"dateModified\":\"2026-04-03T10:46:06+00:00\",\"breadcrumb\":{\"@id\":\"https:\/\/radiolifefm.com.br\/noticias\/perolas-para-as-mentes-mediocres-provincianas\/#breadcrumb\"},\"inLanguage\":\"pt-BR\",\"potentialAction\":[{\"@type\":\"ReadAction\",\"target\":[\"https:\/\/radiolifefm.com.br\/noticias\/perolas-para-as-mentes-mediocres-provincianas\/\"]}]},{\"@type\":\"ImageObject\",\"inLanguage\":\"pt-BR\",\"@id\":\"https:\/\/radiolifefm.com.br\/noticias\/perolas-para-as-mentes-mediocres-provincianas\/#primaryimage\",\"url\":\"https:\/\/radiolifefm.com.br\/noticias\/wp-content\/uploads\/2022\/03\/WhatsApp-Image-2022-03-20-at-16.33.28.jpeg\",\"contentUrl\":\"https:\/\/radiolifefm.com.br\/noticias\/wp-content\/uploads\/2022\/03\/WhatsApp-Image-2022-03-20-at-16.33.28.jpeg\",\"width\":1600,\"height\":1200},{\"@type\":\"BreadcrumbList\",\"@id\":\"https:\/\/radiolifefm.com.br\/noticias\/perolas-para-as-mentes-mediocres-provincianas\/#breadcrumb\",\"itemListElement\":[{\"@type\":\"ListItem\",\"position\":1,\"name\":\"In\u00edcio\",\"item\":\"https:\/\/radiolifefm.com.br\/noticias\/\"},{\"@type\":\"ListItem\",\"position\":2,\"name\":\"\u201cP\u00c9ROLAS\u201d (*) PARA AS MENTES MED\u00cdOCRES PROVINCIANAS&#8230;\"}]},{\"@type\":\"WebSite\",\"@id\":\"https:\/\/radiolifefm.com.br\/noticias\/#website\",\"url\":\"https:\/\/radiolifefm.com.br\/noticias\/\",\"name\":\"R\u00e1dio Life FM\",\"description\":\"O Portal de Not\u00edcias de Adamantina\",\"publisher\":{\"@id\":\"https:\/\/radiolifefm.com.br\/noticias\/#organization\"},\"alternateName\":\"Life FM\",\"potentialAction\":[{\"@type\":\"SearchAction\",\"target\":{\"@type\":\"EntryPoint\",\"urlTemplate\":\"https:\/\/radiolifefm.com.br\/noticias\/?s={search_term_string}\"},\"query-input\":{\"@type\":\"PropertyValueSpecification\",\"valueRequired\":true,\"valueName\":\"search_term_string\"}}],\"inLanguage\":\"pt-BR\"},{\"@type\":\"Organization\",\"@id\":\"https:\/\/radiolifefm.com.br\/noticias\/#organization\",\"name\":\"R\u00e1dio Life FM\",\"alternateName\":\"Life FM\",\"url\":\"https:\/\/radiolifefm.com.br\/noticias\/\",\"logo\":{\"@type\":\"ImageObject\",\"inLanguage\":\"pt-BR\",\"@id\":\"https:\/\/radiolifefm.com.br\/noticias\/#\/schema\/logo\/image\/\",\"url\":\"https:\/\/static.radiolifefm.com.br\/noticias\/wp-content\/uploads\/2019\/10\/logo-lifefm.png\",\"contentUrl\":\"https:\/\/static.radiolifefm.com.br\/noticias\/wp-content\/uploads\/2019\/10\/logo-lifefm.png\",\"width\":196,\"height\":47,\"caption\":\"R\u00e1dio Life FM\"},\"image\":{\"@id\":\"https:\/\/radiolifefm.com.br\/noticias\/#\/schema\/logo\/image\/\"},\"sameAs\":[\"https:\/\/www.facebook.com\/radiolifefm\/\",\"https:\/\/www.instagram.com\/life1079fm\/\"]},{\"@type\":\"Person\",\"@id\":\"https:\/\/radiolifefm.com.br\/noticias\/#\/schema\/person\/6339b9fac59d12b071dec680d7375d87\",\"name\":\"ritanery\",\"image\":{\"@type\":\"ImageObject\",\"inLanguage\":\"pt-BR\",\"@id\":\"https:\/\/secure.gravatar.com\/avatar\/0e37bb19071f47c0b8a23f62a903df117c5a0e75f65a0c2901562f97cd41cf86?s=96&d=mm&r=g\",\"url\":\"https:\/\/secure.gravatar.com\/avatar\/0e37bb19071f47c0b8a23f62a903df117c5a0e75f65a0c2901562f97cd41cf86?s=96&d=mm&r=g\",\"contentUrl\":\"https:\/\/secure.gravatar.com\/avatar\/0e37bb19071f47c0b8a23f62a903df117c5a0e75f65a0c2901562f97cd41cf86?s=96&d=mm&r=g\",\"caption\":\"ritanery\"}}]}<\/script>\n<!-- \/ Yoast SEO plugin. -->","yoast_head_json":{"title":"\u201cP\u00c9ROLAS\u201d (*) PARA AS MENTES MED\u00cdOCRES PROVINCIANAS... - R\u00e1dio Life FM","robots":{"index":"index","follow":"follow","max-snippet":"max-snippet:-1","max-image-preview":"max-image-preview:large","max-video-preview":"max-video-preview:-1"},"canonical":"https:\/\/radiolifefm.com.br\/noticias\/perolas-para-as-mentes-mediocres-provincianas\/","og_locale":"pt_BR","og_type":"article","og_title":"\u201cP\u00c9ROLAS\u201d (*) PARA AS MENTES MED\u00cdOCRES PROVINCIANAS... - R\u00e1dio Life FM","og_description":"N\u00e3o d\u00ea aos c\u00e3es o que \u00e9 sagrado; e n\u00e3o jogue aos porcos as suas p\u00e9rolas, mas que eles n\u00e3o as pisoteiem e se voltem para atac\u00e1-lo. (Jesus Cristo) &nbsp; S\u00e9rgio Barbosa (**) Nesta semana, pra variar aquele DITO CUJO com aval do BO.DO.QUIO PROVINCIANO e sua turma de ALOPRADOS\/AS, fizeram mais uma das suas [&hellip;]","og_url":"https:\/\/radiolifefm.com.br\/noticias\/perolas-para-as-mentes-mediocres-provincianas\/","og_site_name":"R\u00e1dio Life FM","article_publisher":"https:\/\/www.facebook.com\/radiolifefm\/","article_published_time":"2022-03-21T10:51:38+00:00","article_modified_time":"2026-04-03T10:46:06+00:00","og_image":[{"width":1600,"height":1200,"url":"https:\/\/radiolifefm.com.br\/noticias\/wp-content\/uploads\/2022\/03\/WhatsApp-Image-2022-03-20-at-16.33.28.jpeg","type":"image\/jpeg"}],"author":"ritanery","twitter_card":"summary_large_image","twitter_misc":{"Escrito por":"ritanery","Est. tempo de leitura":"3 minutos"},"schema":{"@context":"https:\/\/schema.org","@graph":[{"@type":"Article","@id":"https:\/\/radiolifefm.com.br\/noticias\/perolas-para-as-mentes-mediocres-provincianas\/#article","isPartOf":{"@id":"https:\/\/radiolifefm.com.br\/noticias\/perolas-para-as-mentes-mediocres-provincianas\/"},"author":{"name":"ritanery","@id":"https:\/\/radiolifefm.com.br\/noticias\/#\/schema\/person\/6339b9fac59d12b071dec680d7375d87"},"headline":"\u201cP\u00c9ROLAS\u201d (*) PARA AS MENTES MED\u00cdOCRES PROVINCIANAS&#8230;","datePublished":"2022-03-21T10:51:38+00:00","dateModified":"2026-04-03T10:46:06+00:00","mainEntityOfPage":{"@id":"https:\/\/radiolifefm.com.br\/noticias\/perolas-para-as-mentes-mediocres-provincianas\/"},"wordCount":540,"publisher":{"@id":"https:\/\/radiolifefm.com.br\/noticias\/#organization"},"image":{"@id":"https:\/\/radiolifefm.com.br\/noticias\/perolas-para-as-mentes-mediocres-provincianas\/#primaryimage"},"thumbnailUrl":"https:\/\/radiolifefm.com.br\/noticias\/wp-content\/uploads\/2022\/03\/WhatsApp-Image-2022-03-20-at-16.33.28.jpeg","articleSection":["Opini\u00e3o"],"inLanguage":"pt-BR"},{"@type":"WebPage","@id":"https:\/\/radiolifefm.com.br\/noticias\/perolas-para-as-mentes-mediocres-provincianas\/","url":"https:\/\/radiolifefm.com.br\/noticias\/perolas-para-as-mentes-mediocres-provincianas\/","name":"\u201cP\u00c9ROLAS\u201d (*) PARA AS MENTES MED\u00cdOCRES PROVINCIANAS... - R\u00e1dio Life FM","isPartOf":{"@id":"https:\/\/radiolifefm.com.br\/noticias\/#website"},"primaryImageOfPage":{"@id":"https:\/\/radiolifefm.com.br\/noticias\/perolas-para-as-mentes-mediocres-provincianas\/#primaryimage"},"image":{"@id":"https:\/\/radiolifefm.com.br\/noticias\/perolas-para-as-mentes-mediocres-provincianas\/#primaryimage"},"thumbnailUrl":"https:\/\/radiolifefm.com.br\/noticias\/wp-content\/uploads\/2022\/03\/WhatsApp-Image-2022-03-20-at-16.33.28.jpeg","datePublished":"2022-03-21T10:51:38+00:00","dateModified":"2026-04-03T10:46:06+00:00","breadcrumb":{"@id":"https:\/\/radiolifefm.com.br\/noticias\/perolas-para-as-mentes-mediocres-provincianas\/#breadcrumb"},"inLanguage":"pt-BR","potentialAction":[{"@type":"ReadAction","target":["https:\/\/radiolifefm.com.br\/noticias\/perolas-para-as-mentes-mediocres-provincianas\/"]}]},{"@type":"ImageObject","inLanguage":"pt-BR","@id":"https:\/\/radiolifefm.com.br\/noticias\/perolas-para-as-mentes-mediocres-provincianas\/#primaryimage","url":"https:\/\/radiolifefm.com.br\/noticias\/wp-content\/uploads\/2022\/03\/WhatsApp-Image-2022-03-20-at-16.33.28.jpeg","contentUrl":"https:\/\/radiolifefm.com.br\/noticias\/wp-content\/uploads\/2022\/03\/WhatsApp-Image-2022-03-20-at-16.33.28.jpeg","width":1600,"height":1200},{"@type":"BreadcrumbList","@id":"https:\/\/radiolifefm.com.br\/noticias\/perolas-para-as-mentes-mediocres-provincianas\/#breadcrumb","itemListElement":[{"@type":"ListItem","position":1,"name":"In\u00edcio","item":"https:\/\/radiolifefm.com.br\/noticias\/"},{"@type":"ListItem","position":2,"name":"\u201cP\u00c9ROLAS\u201d (*) PARA AS MENTES MED\u00cdOCRES PROVINCIANAS&#8230;"}]},{"@type":"WebSite","@id":"https:\/\/radiolifefm.com.br\/noticias\/#website","url":"https:\/\/radiolifefm.com.br\/noticias\/","name":"R\u00e1dio Life FM","description":"O Portal de Not\u00edcias de Adamantina","publisher":{"@id":"https:\/\/radiolifefm.com.br\/noticias\/#organization"},"alternateName":"Life FM","potentialAction":[{"@type":"SearchAction","target":{"@type":"EntryPoint","urlTemplate":"https:\/\/radiolifefm.com.br\/noticias\/?s={search_term_string}"},"query-input":{"@type":"PropertyValueSpecification","valueRequired":true,"valueName":"search_term_string"}}],"inLanguage":"pt-BR"},{"@type":"Organization","@id":"https:\/\/radiolifefm.com.br\/noticias\/#organization","name":"R\u00e1dio Life FM","alternateName":"Life FM","url":"https:\/\/radiolifefm.com.br\/noticias\/","logo":{"@type":"ImageObject","inLanguage":"pt-BR","@id":"https:\/\/radiolifefm.com.br\/noticias\/#\/schema\/logo\/image\/","url":"https:\/\/static.radiolifefm.com.br\/noticias\/wp-content\/uploads\/2019\/10\/logo-lifefm.png","contentUrl":"https:\/\/static.radiolifefm.com.br\/noticias\/wp-content\/uploads\/2019\/10\/logo-lifefm.png","width":196,"height":47,"caption":"R\u00e1dio Life FM"},"image":{"@id":"https:\/\/radiolifefm.com.br\/noticias\/#\/schema\/logo\/image\/"},"sameAs":["https:\/\/www.facebook.com\/radiolifefm\/","https:\/\/www.instagram.com\/life1079fm\/"]},{"@type":"Person","@id":"https:\/\/radiolifefm.com.br\/noticias\/#\/schema\/person\/6339b9fac59d12b071dec680d7375d87","name":"ritanery","image":{"@type":"ImageObject","inLanguage":"pt-BR","@id":"https:\/\/secure.gravatar.com\/avatar\/0e37bb19071f47c0b8a23f62a903df117c5a0e75f65a0c2901562f97cd41cf86?s=96&d=mm&r=g","url":"https:\/\/secure.gravatar.com\/avatar\/0e37bb19071f47c0b8a23f62a903df117c5a0e75f65a0c2901562f97cd41cf86?s=96&d=mm&r=g","contentUrl":"https:\/\/secure.gravatar.com\/avatar\/0e37bb19071f47c0b8a23f62a903df117c5a0e75f65a0c2901562f97cd41cf86?s=96&d=mm&r=g","caption":"ritanery"}}]}},"amp_enabled":true,"_links":{"self":[{"href":"https:\/\/radiolifefm.com.br\/noticias\/wp-json\/wp\/v2\/posts\/51063","targetHints":{"allow":["GET"]}}],"collection":[{"href":"https:\/\/radiolifefm.com.br\/noticias\/wp-json\/wp\/v2\/posts"}],"about":[{"href":"https:\/\/radiolifefm.com.br\/noticias\/wp-json\/wp\/v2\/types\/post"}],"author":[{"embeddable":true,"href":"https:\/\/radiolifefm.com.br\/noticias\/wp-json\/wp\/v2\/users\/13"}],"replies":[{"embeddable":true,"href":"https:\/\/radiolifefm.com.br\/noticias\/wp-json\/wp\/v2\/comments?post=51063"}],"version-history":[{"count":1,"href":"https:\/\/radiolifefm.com.br\/noticias\/wp-json\/wp\/v2\/posts\/51063\/revisions"}],"predecessor-version":[{"id":51065,"href":"https:\/\/radiolifefm.com.br\/noticias\/wp-json\/wp\/v2\/posts\/51063\/revisions\/51065"}],"wp:featuredmedia":[{"embeddable":true,"href":"https:\/\/radiolifefm.com.br\/noticias\/wp-json\/wp\/v2\/media\/51064"}],"wp:attachment":[{"href":"https:\/\/radiolifefm.com.br\/noticias\/wp-json\/wp\/v2\/media?parent=51063"}],"wp:term":[{"taxonomy":"category","embeddable":true,"href":"https:\/\/radiolifefm.com.br\/noticias\/wp-json\/wp\/v2\/categories?post=51063"},{"taxonomy":"post_tag","embeddable":true,"href":"https:\/\/radiolifefm.com.br\/noticias\/wp-json\/wp\/v2\/tags?post=51063"}],"curies":[{"name":"wp","href":"https:\/\/api.w.org\/{rel}","templated":true}]}}