{"id":50903,"date":"2022-03-16T13:48:39","date_gmt":"2022-03-16T16:48:39","guid":{"rendered":"https:\/\/radiolifefm.com.br\/noticias\/?p=50903"},"modified":"2026-04-02T02:04:49","modified_gmt":"2026-04-02T05:04:49","slug":"glamour-mulher-2-022-unifai-e-radio-life-fm-para-um-olhar-alem-do-senso-comum-em-tempo-de-pandemiaadamantinaadamantina","status":"publish","type":"post","link":"https:\/\/radiolifefm.com.br\/noticias\/glamour-mulher-2-022-unifai-e-radio-life-fm-para-um-olhar-alem-do-senso-comum-em-tempo-de-pandemiaadamantinaadamantina\/","title":{"rendered":"Glamour Mulher 2.022: UniFAI e R\u00e1dio Life FM para um olhar al\u00e9m do senso comum em tempo de Pandemia"},"content":{"rendered":"<div id=\"fb-root\"><\/div>\n<p>Atualmente, pode-se destacar que a presen\u00e7a da Mulher est\u00e1 evidente em todas as \u00e1reas do Mercado, portanto, torna-se necess\u00e1rio estar em conex\u00e3o com os avan\u00e7os mediados pela presen\u00e7a feminina como profissional, al\u00e9m do desempenho em outras atividades, entre as quais, fam\u00edlia.<\/p>\n<p>Desta forma, o debate deve estar sempre pautando quest\u00f5es que envolvem diretamente a Mulher na sociedade contempor\u00e2nea, assim, a reflex\u00e3o cr\u00edtica quanto as tem\u00e1ticas, a saber: Viol\u00eancia Dom\u00e9stica, Relacionamento Abusivo e Intelig\u00eancia Emocional, est\u00e3o em sintonia com a realidade atual em n\u00edvel glocal, ou seja, do global para o local.<\/p>\n<p><strong>Glamour Mulher 2.022<\/strong><\/p>\n<p>Neste cen\u00e1rio que continua criando muitos desencontros para a Mulher deste tempo novo tempo, a R\u00e1dio Life FM e equipe, ainda, com apoio da UniFAI por meio da Pr\u00f3-reitoria de Extens\u00e3o e R\u00e1dio Cultura FM, promoveram o debate que abordou diversas quest\u00f5es relacionadas com \u201cViol\u00eancia, Abuso e Emo\u00e7\u00e3o\u201d na noite do dia 10, das 20h \u00e0s 21h30, no Audit\u00f3rio \u201cMiguel Reale\u201d no campus II.<\/p>\n<p>Neste encontro, estiveram presentes as convidadas, a saber: Evelyn Y. Biasi (Psic\u00f3loga e docente da UniFAI); Patr\u00edcia T. Vasques (Delegada da Delegacia de Defesa da Mulher\/Adamantina); Renata A.M. Pinto (Advogada e vice-presidente da OAB\/Adamantina) e Ruth D. Menegatti (Ju\u00edza de Direito\/Adamantina).<\/p>\n<p>Tamb\u00e9m, marcaram presen\u00e7a nesta noite, docentes e discentes do curso de Direito e outros da institui\u00e7\u00e3o, al\u00e9m de interessados (as) nos temas apresentados.<\/p>\n<p>A organiza\u00e7\u00e3o das atividades realizadas esteve sob a coordena\u00e7\u00e3o geral da jornalista L\u00facia Prado como representante da R\u00e1dio Life FM.<\/p>\n<p><strong>Depoimentos espec\u00edficos<\/strong><\/p>\n<p>Nesta mat\u00e9ria, ser\u00e3o destacadas observa\u00e7\u00f5es de quem participou como convidada, todavia, faz-se necess\u00e1rio registrar que a reflex\u00e3o cr\u00edtica quanto aos temas e envolvimento profissional, est\u00e3o al\u00e9m do denominado senso comum que predomina nas diversas \u00e1reas quando se trata de refor\u00e7ar a presen\u00e7a da Mulher.<\/p>\n<p>Para a Ju\u00edza de Direito, Ruth: \u201cParab\u00e9ns pelo evento t\u00e3o bem organizado, e que trouxe uma s\u00e9rie de especialistas que falaram de temas de grande relev\u00e2ncia em um formato informal, simples e personalizado. A tem\u00e1tica foi suficientemente debatida, os problemas foram apresentados, as perguntas demostraram o preparo que os estudantes tiveram, e tamb\u00e9m a grandiosidade que os profissionais da nossa Universidade de Adamantina conseguiram desenvolver e preparar de forma antecipada para que combinasse com aquele momento de discuss\u00e3o&#8230;\u201d<\/p>\n<p>Ainda, destaca que, \u201cn\u00f3s sabemos o quanto \u00e9 importante essa quest\u00e3o de uma mudan\u00e7a social, e evidentemente essa cultura de preven\u00e7\u00e3o dentro de uma Universidade far\u00e1 toda diferen\u00e7a de trazer visibilidade ao tema que muitas vezes ocorre de forma silenciosa a agress\u00e3o contra as mulheres em casa, no trabalho, na rua e no transporte p\u00fablico\u201d.<\/p>\n<p>Neste contexto plural para todas as mulheres, Ruth faz quest\u00e3o de refor\u00e7ar que, \u201cValeu realmente a pena discutir a viol\u00eancia contra mulher, e cada vez mais contribuir principalmente dentro do palco educacional e desconstruir a cultura do machismo que ainda est\u00e1 muito introjetada em nossa sociedade, e certamente pouco a pouco n\u00f3s vamos contribuir para a mudan\u00e7a da nossa sociedade \u201d.<\/p>\n<p>Nas considera\u00e7\u00f5es de Patr\u00edcia, da Delegacia da Mulher, registra-se: \u201cFiquei honrada com o convite feito por Dr. Igor Terraz Pinto para participar do evento Glamour Mulher 2022, \u00e9 importante a iniciativa, precisamos abrir a mente, adquirir conhecimento atrav\u00e9s de pessoas que participam ativamente da constru\u00e7\u00e3o de uma sociedade mais digna e justa\u201d.<\/p>\n<p>Aproveitou a oportunidade para destacar, a saber: \u201cAgrade\u00e7o por ter participado ativamente do Glamour Mulher 2022 e parabenizo a R\u00e1dio Life FM e Unifai pela iniciativa de realiza\u00e7\u00e3o do projeto\u201d.<\/p>\n<p><img loading=\"lazy\" decoding=\"async\" class=\"alignnone size-medium wp-image-50905\" src=\"https:\/\/static.radiolifefm.com.br\/wp-content\/uploads\/sites\/2\/2022\/03\/WhatsApp-Image-2022-03-16-at-11.59.28-240x300.jpeg\" alt=\"\" width=\"240\" height=\"300\" srcset=\"https:\/\/radiolifefm.com.br\/noticias\/wp-content\/uploads\/2022\/03\/WhatsApp-Image-2022-03-16-at-11.59.28-240x300.jpeg 240w, https:\/\/radiolifefm.com.br\/noticias\/wp-content\/uploads\/2022\/03\/WhatsApp-Image-2022-03-16-at-11.59.28-819x1024.jpeg 819w, https:\/\/radiolifefm.com.br\/noticias\/wp-content\/uploads\/2022\/03\/WhatsApp-Image-2022-03-16-at-11.59.28-768x960.jpeg 768w, https:\/\/radiolifefm.com.br\/noticias\/wp-content\/uploads\/2022\/03\/WhatsApp-Image-2022-03-16-at-11.59.28.jpeg 1024w\" sizes=\"auto, (max-width: 240px) 100vw, 240px\" \/><\/p>\n<p><strong>S\u00e9rgio Barbosa \/ UniFAI-Cultura FM. <\/strong><\/p>\n","protected":false},"excerpt":{"rendered":"<p>Atualmente, pode-se destacar que a presen\u00e7a da Mulher est\u00e1 evidente em todas as \u00e1reas do Mercado, portanto, torna-se necess\u00e1rio estar em conex\u00e3o com os avan\u00e7os mediados pela presen\u00e7a feminina como profissional, al\u00e9m do desempenho em outras atividades, entre as quais, fam\u00edlia. Desta forma, o debate deve estar sempre pautando quest\u00f5es que envolvem diretamente a Mulher [&hellip;]<\/p>\n","protected":false},"author":13,"featured_media":50937,"comment_status":"closed","ping_status":"open","sticky":false,"template":"","format":"standard","meta":{"_acf_changed":false,"_exactmetrics_skip_tracking":false,"_exactmetrics_sitenote_active":false,"_exactmetrics_sitenote_note":"","_exactmetrics_sitenote_category":0,"footnotes":""},"categories":[21],"tags":[],"class_list":["post-50903","post","type-post","status-publish","format-standard","has-post-thumbnail","hentry","category-adamantina"],"acf":[],"yoast_head":"<!-- This site is optimized with the Yoast SEO plugin v27.2 - https:\/\/yoast.com\/product\/yoast-seo-wordpress\/ -->\n<title>Glamour Mulher 2.022: UniFAI e R\u00e1dio Life FM para um olhar al\u00e9m do senso comum em tempo de Pandemia - R\u00e1dio Life FM<\/title>\n<meta name=\"robots\" content=\"index, follow, max-snippet:-1, max-image-preview:large, max-video-preview:-1\" \/>\n<link rel=\"canonical\" href=\"https:\/\/radiolifefm.com.br\/noticias\/glamour-mulher-2-022-unifai-e-radio-life-fm-para-um-olhar-alem-do-senso-comum-em-tempo-de-pandemiaadamantinaadamantina\/\" \/>\n<meta property=\"og:locale\" content=\"pt_BR\" \/>\n<meta property=\"og:type\" content=\"article\" \/>\n<meta property=\"og:title\" content=\"Glamour Mulher 2.022: UniFAI e R\u00e1dio Life FM para um olhar al\u00e9m do senso comum em tempo de Pandemia - R\u00e1dio Life FM\" \/>\n<meta property=\"og:description\" content=\"Atualmente, pode-se destacar que a presen\u00e7a da Mulher est\u00e1 evidente em todas as \u00e1reas do Mercado, portanto, torna-se necess\u00e1rio estar em conex\u00e3o com os avan\u00e7os mediados pela presen\u00e7a feminina como profissional, al\u00e9m do desempenho em outras atividades, entre as quais, fam\u00edlia. Desta forma, o debate deve estar sempre pautando quest\u00f5es que envolvem diretamente a Mulher [&hellip;]\" \/>\n<meta property=\"og:url\" content=\"https:\/\/radiolifefm.com.br\/noticias\/glamour-mulher-2-022-unifai-e-radio-life-fm-para-um-olhar-alem-do-senso-comum-em-tempo-de-pandemiaadamantinaadamantina\/\" \/>\n<meta property=\"og:site_name\" content=\"R\u00e1dio Life FM\" \/>\n<meta property=\"article:publisher\" content=\"https:\/\/www.facebook.com\/radiolifefm\/\" \/>\n<meta property=\"article:published_time\" content=\"2022-03-16T16:48:39+00:00\" \/>\n<meta property=\"article:modified_time\" content=\"2026-04-02T05:04:49+00:00\" \/>\n<meta property=\"og:image\" content=\"https:\/\/radiolifefm.com.br\/noticias\/wp-content\/uploads\/2022\/03\/3-3-1.jpg\" \/>\n\t<meta property=\"og:image:width\" content=\"1198\" \/>\n\t<meta property=\"og:image:height\" content=\"565\" \/>\n\t<meta property=\"og:image:type\" content=\"image\/jpeg\" \/>\n<meta name=\"author\" content=\"ritanery\" \/>\n<meta name=\"twitter:card\" content=\"summary_large_image\" \/>\n<meta name=\"twitter:label1\" content=\"Escrito por\" \/>\n\t<meta name=\"twitter:data1\" content=\"ritanery\" \/>\n\t<meta name=\"twitter:label2\" content=\"Est. tempo de leitura\" \/>\n\t<meta name=\"twitter:data2\" content=\"3 minutos\" \/>\n<script type=\"application\/ld+json\" class=\"yoast-schema-graph\">{\"@context\":\"https:\/\/schema.org\",\"@graph\":[{\"@type\":\"Article\",\"@id\":\"https:\/\/radiolifefm.com.br\/noticias\/glamour-mulher-2-022-unifai-e-radio-life-fm-para-um-olhar-alem-do-senso-comum-em-tempo-de-pandemiaadamantinaadamantina\/#article\",\"isPartOf\":{\"@id\":\"https:\/\/radiolifefm.com.br\/noticias\/glamour-mulher-2-022-unifai-e-radio-life-fm-para-um-olhar-alem-do-senso-comum-em-tempo-de-pandemiaadamantinaadamantina\/\"},\"author\":{\"name\":\"ritanery\",\"@id\":\"https:\/\/radiolifefm.com.br\/noticias\/#\/schema\/person\/6339b9fac59d12b071dec680d7375d87\"},\"headline\":\"Glamour Mulher 2.022: UniFAI e R\u00e1dio Life FM para um olhar al\u00e9m do senso comum em tempo de Pandemia\",\"datePublished\":\"2022-03-16T16:48:39+00:00\",\"dateModified\":\"2026-04-02T05:04:49+00:00\",\"mainEntityOfPage\":{\"@id\":\"https:\/\/radiolifefm.com.br\/noticias\/glamour-mulher-2-022-unifai-e-radio-life-fm-para-um-olhar-alem-do-senso-comum-em-tempo-de-pandemiaadamantinaadamantina\/\"},\"wordCount\":661,\"publisher\":{\"@id\":\"https:\/\/radiolifefm.com.br\/noticias\/#organization\"},\"image\":{\"@id\":\"https:\/\/radiolifefm.com.br\/noticias\/glamour-mulher-2-022-unifai-e-radio-life-fm-para-um-olhar-alem-do-senso-comum-em-tempo-de-pandemiaadamantinaadamantina\/#primaryimage\"},\"thumbnailUrl\":\"https:\/\/radiolifefm.com.br\/noticias\/wp-content\/uploads\/2022\/03\/3-3-1.jpg\",\"articleSection\":[\"Adamantina\"],\"inLanguage\":\"pt-BR\"},{\"@type\":\"WebPage\",\"@id\":\"https:\/\/radiolifefm.com.br\/noticias\/glamour-mulher-2-022-unifai-e-radio-life-fm-para-um-olhar-alem-do-senso-comum-em-tempo-de-pandemiaadamantinaadamantina\/\",\"url\":\"https:\/\/radiolifefm.com.br\/noticias\/glamour-mulher-2-022-unifai-e-radio-life-fm-para-um-olhar-alem-do-senso-comum-em-tempo-de-pandemiaadamantinaadamantina\/\",\"name\":\"Glamour Mulher 2.022: UniFAI e R\u00e1dio Life FM para um olhar al\u00e9m do senso comum em tempo de Pandemia - R\u00e1dio Life FM\",\"isPartOf\":{\"@id\":\"https:\/\/radiolifefm.com.br\/noticias\/#website\"},\"primaryImageOfPage\":{\"@id\":\"https:\/\/radiolifefm.com.br\/noticias\/glamour-mulher-2-022-unifai-e-radio-life-fm-para-um-olhar-alem-do-senso-comum-em-tempo-de-pandemiaadamantinaadamantina\/#primaryimage\"},\"image\":{\"@id\":\"https:\/\/radiolifefm.com.br\/noticias\/glamour-mulher-2-022-unifai-e-radio-life-fm-para-um-olhar-alem-do-senso-comum-em-tempo-de-pandemiaadamantinaadamantina\/#primaryimage\"},\"thumbnailUrl\":\"https:\/\/radiolifefm.com.br\/noticias\/wp-content\/uploads\/2022\/03\/3-3-1.jpg\",\"datePublished\":\"2022-03-16T16:48:39+00:00\",\"dateModified\":\"2026-04-02T05:04:49+00:00\",\"breadcrumb\":{\"@id\":\"https:\/\/radiolifefm.com.br\/noticias\/glamour-mulher-2-022-unifai-e-radio-life-fm-para-um-olhar-alem-do-senso-comum-em-tempo-de-pandemiaadamantinaadamantina\/#breadcrumb\"},\"inLanguage\":\"pt-BR\",\"potentialAction\":[{\"@type\":\"ReadAction\",\"target\":[\"https:\/\/radiolifefm.com.br\/noticias\/glamour-mulher-2-022-unifai-e-radio-life-fm-para-um-olhar-alem-do-senso-comum-em-tempo-de-pandemiaadamantinaadamantina\/\"]}]},{\"@type\":\"ImageObject\",\"inLanguage\":\"pt-BR\",\"@id\":\"https:\/\/radiolifefm.com.br\/noticias\/glamour-mulher-2-022-unifai-e-radio-life-fm-para-um-olhar-alem-do-senso-comum-em-tempo-de-pandemiaadamantinaadamantina\/#primaryimage\",\"url\":\"https:\/\/radiolifefm.com.br\/noticias\/wp-content\/uploads\/2022\/03\/3-3-1.jpg\",\"contentUrl\":\"https:\/\/radiolifefm.com.br\/noticias\/wp-content\/uploads\/2022\/03\/3-3-1.jpg\",\"width\":1198,\"height\":565},{\"@type\":\"BreadcrumbList\",\"@id\":\"https:\/\/radiolifefm.com.br\/noticias\/glamour-mulher-2-022-unifai-e-radio-life-fm-para-um-olhar-alem-do-senso-comum-em-tempo-de-pandemiaadamantinaadamantina\/#breadcrumb\",\"itemListElement\":[{\"@type\":\"ListItem\",\"position\":1,\"name\":\"In\u00edcio\",\"item\":\"https:\/\/radiolifefm.com.br\/noticias\/\"},{\"@type\":\"ListItem\",\"position\":2,\"name\":\"Glamour Mulher 2.022: UniFAI e R\u00e1dio Life FM para um olhar al\u00e9m do senso comum em tempo de Pandemia\"}]},{\"@type\":\"WebSite\",\"@id\":\"https:\/\/radiolifefm.com.br\/noticias\/#website\",\"url\":\"https:\/\/radiolifefm.com.br\/noticias\/\",\"name\":\"R\u00e1dio Life FM\",\"description\":\"O Portal de Not\u00edcias de Adamantina\",\"publisher\":{\"@id\":\"https:\/\/radiolifefm.com.br\/noticias\/#organization\"},\"alternateName\":\"Life FM\",\"potentialAction\":[{\"@type\":\"SearchAction\",\"target\":{\"@type\":\"EntryPoint\",\"urlTemplate\":\"https:\/\/radiolifefm.com.br\/noticias\/?s={search_term_string}\"},\"query-input\":{\"@type\":\"PropertyValueSpecification\",\"valueRequired\":true,\"valueName\":\"search_term_string\"}}],\"inLanguage\":\"pt-BR\"},{\"@type\":\"Organization\",\"@id\":\"https:\/\/radiolifefm.com.br\/noticias\/#organization\",\"name\":\"R\u00e1dio Life FM\",\"alternateName\":\"Life FM\",\"url\":\"https:\/\/radiolifefm.com.br\/noticias\/\",\"logo\":{\"@type\":\"ImageObject\",\"inLanguage\":\"pt-BR\",\"@id\":\"https:\/\/radiolifefm.com.br\/noticias\/#\/schema\/logo\/image\/\",\"url\":\"https:\/\/static.radiolifefm.com.br\/noticias\/wp-content\/uploads\/2019\/10\/logo-lifefm.png\",\"contentUrl\":\"https:\/\/static.radiolifefm.com.br\/noticias\/wp-content\/uploads\/2019\/10\/logo-lifefm.png\",\"width\":196,\"height\":47,\"caption\":\"R\u00e1dio Life FM\"},\"image\":{\"@id\":\"https:\/\/radiolifefm.com.br\/noticias\/#\/schema\/logo\/image\/\"},\"sameAs\":[\"https:\/\/www.facebook.com\/radiolifefm\/\",\"https:\/\/www.instagram.com\/life1079fm\/\"]},{\"@type\":\"Person\",\"@id\":\"https:\/\/radiolifefm.com.br\/noticias\/#\/schema\/person\/6339b9fac59d12b071dec680d7375d87\",\"name\":\"ritanery\",\"image\":{\"@type\":\"ImageObject\",\"inLanguage\":\"pt-BR\",\"@id\":\"https:\/\/secure.gravatar.com\/avatar\/0e37bb19071f47c0b8a23f62a903df117c5a0e75f65a0c2901562f97cd41cf86?s=96&d=mm&r=g\",\"url\":\"https:\/\/secure.gravatar.com\/avatar\/0e37bb19071f47c0b8a23f62a903df117c5a0e75f65a0c2901562f97cd41cf86?s=96&d=mm&r=g\",\"contentUrl\":\"https:\/\/secure.gravatar.com\/avatar\/0e37bb19071f47c0b8a23f62a903df117c5a0e75f65a0c2901562f97cd41cf86?s=96&d=mm&r=g\",\"caption\":\"ritanery\"}}]}<\/script>\n<!-- \/ Yoast SEO plugin. -->","yoast_head_json":{"title":"Glamour Mulher 2.022: UniFAI e R\u00e1dio Life FM para um olhar al\u00e9m do senso comum em tempo de Pandemia - R\u00e1dio Life FM","robots":{"index":"index","follow":"follow","max-snippet":"max-snippet:-1","max-image-preview":"max-image-preview:large","max-video-preview":"max-video-preview:-1"},"canonical":"https:\/\/radiolifefm.com.br\/noticias\/glamour-mulher-2-022-unifai-e-radio-life-fm-para-um-olhar-alem-do-senso-comum-em-tempo-de-pandemiaadamantinaadamantina\/","og_locale":"pt_BR","og_type":"article","og_title":"Glamour Mulher 2.022: UniFAI e R\u00e1dio Life FM para um olhar al\u00e9m do senso comum em tempo de Pandemia - R\u00e1dio Life FM","og_description":"Atualmente, pode-se destacar que a presen\u00e7a da Mulher est\u00e1 evidente em todas as \u00e1reas do Mercado, portanto, torna-se necess\u00e1rio estar em conex\u00e3o com os avan\u00e7os mediados pela presen\u00e7a feminina como profissional, al\u00e9m do desempenho em outras atividades, entre as quais, fam\u00edlia. Desta forma, o debate deve estar sempre pautando quest\u00f5es que envolvem diretamente a Mulher [&hellip;]","og_url":"https:\/\/radiolifefm.com.br\/noticias\/glamour-mulher-2-022-unifai-e-radio-life-fm-para-um-olhar-alem-do-senso-comum-em-tempo-de-pandemiaadamantinaadamantina\/","og_site_name":"R\u00e1dio Life FM","article_publisher":"https:\/\/www.facebook.com\/radiolifefm\/","article_published_time":"2022-03-16T16:48:39+00:00","article_modified_time":"2026-04-02T05:04:49+00:00","og_image":[{"width":1198,"height":565,"url":"https:\/\/radiolifefm.com.br\/noticias\/wp-content\/uploads\/2022\/03\/3-3-1.jpg","type":"image\/jpeg"}],"author":"ritanery","twitter_card":"summary_large_image","twitter_misc":{"Escrito por":"ritanery","Est. tempo de leitura":"3 minutos"},"schema":{"@context":"https:\/\/schema.org","@graph":[{"@type":"Article","@id":"https:\/\/radiolifefm.com.br\/noticias\/glamour-mulher-2-022-unifai-e-radio-life-fm-para-um-olhar-alem-do-senso-comum-em-tempo-de-pandemiaadamantinaadamantina\/#article","isPartOf":{"@id":"https:\/\/radiolifefm.com.br\/noticias\/glamour-mulher-2-022-unifai-e-radio-life-fm-para-um-olhar-alem-do-senso-comum-em-tempo-de-pandemiaadamantinaadamantina\/"},"author":{"name":"ritanery","@id":"https:\/\/radiolifefm.com.br\/noticias\/#\/schema\/person\/6339b9fac59d12b071dec680d7375d87"},"headline":"Glamour Mulher 2.022: UniFAI e R\u00e1dio Life FM para um olhar al\u00e9m do senso comum em tempo de Pandemia","datePublished":"2022-03-16T16:48:39+00:00","dateModified":"2026-04-02T05:04:49+00:00","mainEntityOfPage":{"@id":"https:\/\/radiolifefm.com.br\/noticias\/glamour-mulher-2-022-unifai-e-radio-life-fm-para-um-olhar-alem-do-senso-comum-em-tempo-de-pandemiaadamantinaadamantina\/"},"wordCount":661,"publisher":{"@id":"https:\/\/radiolifefm.com.br\/noticias\/#organization"},"image":{"@id":"https:\/\/radiolifefm.com.br\/noticias\/glamour-mulher-2-022-unifai-e-radio-life-fm-para-um-olhar-alem-do-senso-comum-em-tempo-de-pandemiaadamantinaadamantina\/#primaryimage"},"thumbnailUrl":"https:\/\/radiolifefm.com.br\/noticias\/wp-content\/uploads\/2022\/03\/3-3-1.jpg","articleSection":["Adamantina"],"inLanguage":"pt-BR"},{"@type":"WebPage","@id":"https:\/\/radiolifefm.com.br\/noticias\/glamour-mulher-2-022-unifai-e-radio-life-fm-para-um-olhar-alem-do-senso-comum-em-tempo-de-pandemiaadamantinaadamantina\/","url":"https:\/\/radiolifefm.com.br\/noticias\/glamour-mulher-2-022-unifai-e-radio-life-fm-para-um-olhar-alem-do-senso-comum-em-tempo-de-pandemiaadamantinaadamantina\/","name":"Glamour Mulher 2.022: UniFAI e R\u00e1dio Life FM para um olhar al\u00e9m do senso comum em tempo de Pandemia - R\u00e1dio Life FM","isPartOf":{"@id":"https:\/\/radiolifefm.com.br\/noticias\/#website"},"primaryImageOfPage":{"@id":"https:\/\/radiolifefm.com.br\/noticias\/glamour-mulher-2-022-unifai-e-radio-life-fm-para-um-olhar-alem-do-senso-comum-em-tempo-de-pandemiaadamantinaadamantina\/#primaryimage"},"image":{"@id":"https:\/\/radiolifefm.com.br\/noticias\/glamour-mulher-2-022-unifai-e-radio-life-fm-para-um-olhar-alem-do-senso-comum-em-tempo-de-pandemiaadamantinaadamantina\/#primaryimage"},"thumbnailUrl":"https:\/\/radiolifefm.com.br\/noticias\/wp-content\/uploads\/2022\/03\/3-3-1.jpg","datePublished":"2022-03-16T16:48:39+00:00","dateModified":"2026-04-02T05:04:49+00:00","breadcrumb":{"@id":"https:\/\/radiolifefm.com.br\/noticias\/glamour-mulher-2-022-unifai-e-radio-life-fm-para-um-olhar-alem-do-senso-comum-em-tempo-de-pandemiaadamantinaadamantina\/#breadcrumb"},"inLanguage":"pt-BR","potentialAction":[{"@type":"ReadAction","target":["https:\/\/radiolifefm.com.br\/noticias\/glamour-mulher-2-022-unifai-e-radio-life-fm-para-um-olhar-alem-do-senso-comum-em-tempo-de-pandemiaadamantinaadamantina\/"]}]},{"@type":"ImageObject","inLanguage":"pt-BR","@id":"https:\/\/radiolifefm.com.br\/noticias\/glamour-mulher-2-022-unifai-e-radio-life-fm-para-um-olhar-alem-do-senso-comum-em-tempo-de-pandemiaadamantinaadamantina\/#primaryimage","url":"https:\/\/radiolifefm.com.br\/noticias\/wp-content\/uploads\/2022\/03\/3-3-1.jpg","contentUrl":"https:\/\/radiolifefm.com.br\/noticias\/wp-content\/uploads\/2022\/03\/3-3-1.jpg","width":1198,"height":565},{"@type":"BreadcrumbList","@id":"https:\/\/radiolifefm.com.br\/noticias\/glamour-mulher-2-022-unifai-e-radio-life-fm-para-um-olhar-alem-do-senso-comum-em-tempo-de-pandemiaadamantinaadamantina\/#breadcrumb","itemListElement":[{"@type":"ListItem","position":1,"name":"In\u00edcio","item":"https:\/\/radiolifefm.com.br\/noticias\/"},{"@type":"ListItem","position":2,"name":"Glamour Mulher 2.022: UniFAI e R\u00e1dio Life FM para um olhar al\u00e9m do senso comum em tempo de Pandemia"}]},{"@type":"WebSite","@id":"https:\/\/radiolifefm.com.br\/noticias\/#website","url":"https:\/\/radiolifefm.com.br\/noticias\/","name":"R\u00e1dio Life FM","description":"O Portal de Not\u00edcias de Adamantina","publisher":{"@id":"https:\/\/radiolifefm.com.br\/noticias\/#organization"},"alternateName":"Life FM","potentialAction":[{"@type":"SearchAction","target":{"@type":"EntryPoint","urlTemplate":"https:\/\/radiolifefm.com.br\/noticias\/?s={search_term_string}"},"query-input":{"@type":"PropertyValueSpecification","valueRequired":true,"valueName":"search_term_string"}}],"inLanguage":"pt-BR"},{"@type":"Organization","@id":"https:\/\/radiolifefm.com.br\/noticias\/#organization","name":"R\u00e1dio Life FM","alternateName":"Life FM","url":"https:\/\/radiolifefm.com.br\/noticias\/","logo":{"@type":"ImageObject","inLanguage":"pt-BR","@id":"https:\/\/radiolifefm.com.br\/noticias\/#\/schema\/logo\/image\/","url":"https:\/\/static.radiolifefm.com.br\/noticias\/wp-content\/uploads\/2019\/10\/logo-lifefm.png","contentUrl":"https:\/\/static.radiolifefm.com.br\/noticias\/wp-content\/uploads\/2019\/10\/logo-lifefm.png","width":196,"height":47,"caption":"R\u00e1dio Life FM"},"image":{"@id":"https:\/\/radiolifefm.com.br\/noticias\/#\/schema\/logo\/image\/"},"sameAs":["https:\/\/www.facebook.com\/radiolifefm\/","https:\/\/www.instagram.com\/life1079fm\/"]},{"@type":"Person","@id":"https:\/\/radiolifefm.com.br\/noticias\/#\/schema\/person\/6339b9fac59d12b071dec680d7375d87","name":"ritanery","image":{"@type":"ImageObject","inLanguage":"pt-BR","@id":"https:\/\/secure.gravatar.com\/avatar\/0e37bb19071f47c0b8a23f62a903df117c5a0e75f65a0c2901562f97cd41cf86?s=96&d=mm&r=g","url":"https:\/\/secure.gravatar.com\/avatar\/0e37bb19071f47c0b8a23f62a903df117c5a0e75f65a0c2901562f97cd41cf86?s=96&d=mm&r=g","contentUrl":"https:\/\/secure.gravatar.com\/avatar\/0e37bb19071f47c0b8a23f62a903df117c5a0e75f65a0c2901562f97cd41cf86?s=96&d=mm&r=g","caption":"ritanery"}}]}},"amp_enabled":true,"_links":{"self":[{"href":"https:\/\/radiolifefm.com.br\/noticias\/wp-json\/wp\/v2\/posts\/50903","targetHints":{"allow":["GET"]}}],"collection":[{"href":"https:\/\/radiolifefm.com.br\/noticias\/wp-json\/wp\/v2\/posts"}],"about":[{"href":"https:\/\/radiolifefm.com.br\/noticias\/wp-json\/wp\/v2\/types\/post"}],"author":[{"embeddable":true,"href":"https:\/\/radiolifefm.com.br\/noticias\/wp-json\/wp\/v2\/users\/13"}],"replies":[{"embeddable":true,"href":"https:\/\/radiolifefm.com.br\/noticias\/wp-json\/wp\/v2\/comments?post=50903"}],"version-history":[{"count":2,"href":"https:\/\/radiolifefm.com.br\/noticias\/wp-json\/wp\/v2\/posts\/50903\/revisions"}],"predecessor-version":[{"id":50907,"href":"https:\/\/radiolifefm.com.br\/noticias\/wp-json\/wp\/v2\/posts\/50903\/revisions\/50907"}],"wp:featuredmedia":[{"embeddable":true,"href":"https:\/\/radiolifefm.com.br\/noticias\/wp-json\/wp\/v2\/media\/50937"}],"wp:attachment":[{"href":"https:\/\/radiolifefm.com.br\/noticias\/wp-json\/wp\/v2\/media?parent=50903"}],"wp:term":[{"taxonomy":"category","embeddable":true,"href":"https:\/\/radiolifefm.com.br\/noticias\/wp-json\/wp\/v2\/categories?post=50903"},{"taxonomy":"post_tag","embeddable":true,"href":"https:\/\/radiolifefm.com.br\/noticias\/wp-json\/wp\/v2\/tags?post=50903"}],"curies":[{"name":"wp","href":"https:\/\/api.w.org\/{rel}","templated":true}]}}