{"id":50813,"date":"2022-03-15T08:00:38","date_gmt":"2022-03-15T11:00:38","guid":{"rendered":"https:\/\/radiolifefm.com.br\/noticias\/?p=50813"},"modified":"2026-04-06T04:53:48","modified_gmt":"2026-04-06T07:53:48","slug":"cartorios-eleitorais-retomam-atendimento-presencial","status":"publish","type":"post","link":"https:\/\/radiolifefm.com.br\/noticias\/cartorios-eleitorais-retomam-atendimento-presencial\/","title":{"rendered":"Cart\u00f3rios eleitorais retomam atendimento presencial"},"content":{"rendered":"<div id=\"fb-root\"><\/div>\n<p style=\"font-weight: 400\">Os cart\u00f3rios eleitorais de todo o estado de S\u00e3o Paulo retomam, nesta segunda-feira (14), o atendimento presencial com 50% de sua capacidade. O retorno integral ocorrer\u00e1 numa segunda fase, a partir de 18 de abril. Para ser atendido, o eleitor deve\u00a0<b><strong><a href=\"https:\/\/www.tre-sp.jus.br\/eleitor\/atendimento-online\/agendamento-atendimento-presencial\">agendar o seu comparecimento no site do TRE.<\/a><\/strong><\/b>\u00a0O atendimento ao p\u00fablico \u00e9 realizado entre 12h e 17h.<\/p>\n<p style=\"font-weight: 400\">Todos os servi\u00e7os da Justi\u00e7a Eleitoral continuam dispon\u00edveis pela internet tamb\u00e9m. Alistamento, transfer\u00eancia do t\u00edtulo de eleitor, regulariza\u00e7\u00e3o da situa\u00e7\u00e3o eleitoral, emiss\u00e3o de certid\u00f5es, entre outros, podem ser solicitados de casa, por meio do link\u00a0<b><strong><a href=\"https:\/\/www.tre-sp.jus.br\/eleitor\/atendimento-online\">Atendimento Online<\/a><\/strong><\/b>.<\/p>\n<p style=\"font-weight: 400\">Nos cart\u00f3rios eleitorais continua suspensa a coleta de dados biom\u00e9tricos (impress\u00e3o digital, fotografia e assinatura).<\/p>\n<p style=\"font-weight: 400\">Em Adamantina, o Cart\u00f3rio Eleitoral fica na Alameda Fern\u00e3o Dias, 219, centro.<\/p>\n<p>&nbsp;<\/p>\n<p>Fonte: Siga Mais<\/p>\n","protected":false},"excerpt":{"rendered":"<p>Os cart\u00f3rios eleitorais de todo o estado de S\u00e3o Paulo retomam, nesta segunda-feira (14), o atendimento presencial com 50% de sua capacidade. O retorno integral ocorrer\u00e1 numa segunda fase, a partir de 18 de abril. Para ser atendido, o eleitor deve\u00a0agendar o seu comparecimento no site do TRE.\u00a0O atendimento ao p\u00fablico \u00e9 realizado entre 12h [&hellip;]<\/p>\n","protected":false},"author":13,"featured_media":50814,"comment_status":"closed","ping_status":"open","sticky":false,"template":"","format":"standard","meta":{"_acf_changed":false,"_exactmetrics_skip_tracking":false,"_exactmetrics_sitenote_active":false,"_exactmetrics_sitenote_note":"","_exactmetrics_sitenote_category":0,"footnotes":""},"categories":[21],"tags":[],"class_list":["post-50813","post","type-post","status-publish","format-standard","has-post-thumbnail","hentry","category-adamantina"],"acf":[],"yoast_head":"<!-- This site is optimized with the Yoast SEO plugin v27.2 - https:\/\/yoast.com\/product\/yoast-seo-wordpress\/ -->\n<title>Cart\u00f3rios eleitorais retomam atendimento presencial - R\u00e1dio Life FM<\/title>\n<meta name=\"robots\" content=\"index, follow, max-snippet:-1, max-image-preview:large, max-video-preview:-1\" \/>\n<link rel=\"canonical\" href=\"https:\/\/radiolifefm.com.br\/noticias\/cartorios-eleitorais-retomam-atendimento-presencial\/\" \/>\n<meta property=\"og:locale\" content=\"pt_BR\" \/>\n<meta property=\"og:type\" content=\"article\" \/>\n<meta property=\"og:title\" content=\"Cart\u00f3rios eleitorais retomam atendimento presencial - R\u00e1dio Life FM\" \/>\n<meta property=\"og:description\" content=\"Os cart\u00f3rios eleitorais de todo o estado de S\u00e3o Paulo retomam, nesta segunda-feira (14), o atendimento presencial com 50% de sua capacidade. O retorno integral ocorrer\u00e1 numa segunda fase, a partir de 18 de abril. Para ser atendido, o eleitor deve\u00a0agendar o seu comparecimento no site do TRE.\u00a0O atendimento ao p\u00fablico \u00e9 realizado entre 12h [&hellip;]\" \/>\n<meta property=\"og:url\" content=\"https:\/\/radiolifefm.com.br\/noticias\/cartorios-eleitorais-retomam-atendimento-presencial\/\" \/>\n<meta property=\"og:site_name\" content=\"R\u00e1dio Life FM\" \/>\n<meta property=\"article:publisher\" content=\"https:\/\/www.facebook.com\/radiolifefm\/\" \/>\n<meta property=\"article:published_time\" content=\"2022-03-15T11:00:38+00:00\" \/>\n<meta property=\"article:modified_time\" content=\"2026-04-06T07:53:48+00:00\" \/>\n<meta property=\"og:image\" content=\"https:\/\/radiolifefm.com.br\/noticias\/wp-content\/uploads\/2022\/03\/img1009-1jpg1647264940622f44aceda51.jpg\" \/>\n\t<meta property=\"og:image:width\" content=\"600\" \/>\n\t<meta property=\"og:image:height\" content=\"337\" \/>\n\t<meta property=\"og:image:type\" content=\"image\/jpeg\" \/>\n<meta name=\"author\" content=\"ritanery\" \/>\n<meta name=\"twitter:card\" content=\"summary_large_image\" \/>\n<meta name=\"twitter:label1\" content=\"Escrito por\" \/>\n\t<meta name=\"twitter:data1\" content=\"ritanery\" \/>\n\t<meta name=\"twitter:label2\" content=\"Est. tempo de leitura\" \/>\n\t<meta name=\"twitter:data2\" content=\"1 minuto\" \/>\n<script type=\"application\/ld+json\" class=\"yoast-schema-graph\">{\"@context\":\"https:\/\/schema.org\",\"@graph\":[{\"@type\":\"Article\",\"@id\":\"https:\/\/radiolifefm.com.br\/noticias\/cartorios-eleitorais-retomam-atendimento-presencial\/#article\",\"isPartOf\":{\"@id\":\"https:\/\/radiolifefm.com.br\/noticias\/cartorios-eleitorais-retomam-atendimento-presencial\/\"},\"author\":{\"name\":\"ritanery\",\"@id\":\"https:\/\/radiolifefm.com.br\/noticias\/#\/schema\/person\/6339b9fac59d12b071dec680d7375d87\"},\"headline\":\"Cart\u00f3rios eleitorais retomam atendimento presencial\",\"datePublished\":\"2022-03-15T11:00:38+00:00\",\"dateModified\":\"2026-04-06T07:53:48+00:00\",\"mainEntityOfPage\":{\"@id\":\"https:\/\/radiolifefm.com.br\/noticias\/cartorios-eleitorais-retomam-atendimento-presencial\/\"},\"wordCount\":146,\"publisher\":{\"@id\":\"https:\/\/radiolifefm.com.br\/noticias\/#organization\"},\"image\":{\"@id\":\"https:\/\/radiolifefm.com.br\/noticias\/cartorios-eleitorais-retomam-atendimento-presencial\/#primaryimage\"},\"thumbnailUrl\":\"https:\/\/radiolifefm.com.br\/noticias\/wp-content\/uploads\/2022\/03\/img1009-1jpg1647264940622f44aceda51.jpg\",\"articleSection\":[\"Adamantina\"],\"inLanguage\":\"pt-BR\"},{\"@type\":\"WebPage\",\"@id\":\"https:\/\/radiolifefm.com.br\/noticias\/cartorios-eleitorais-retomam-atendimento-presencial\/\",\"url\":\"https:\/\/radiolifefm.com.br\/noticias\/cartorios-eleitorais-retomam-atendimento-presencial\/\",\"name\":\"Cart\u00f3rios eleitorais retomam atendimento presencial - R\u00e1dio Life FM\",\"isPartOf\":{\"@id\":\"https:\/\/radiolifefm.com.br\/noticias\/#website\"},\"primaryImageOfPage\":{\"@id\":\"https:\/\/radiolifefm.com.br\/noticias\/cartorios-eleitorais-retomam-atendimento-presencial\/#primaryimage\"},\"image\":{\"@id\":\"https:\/\/radiolifefm.com.br\/noticias\/cartorios-eleitorais-retomam-atendimento-presencial\/#primaryimage\"},\"thumbnailUrl\":\"https:\/\/radiolifefm.com.br\/noticias\/wp-content\/uploads\/2022\/03\/img1009-1jpg1647264940622f44aceda51.jpg\",\"datePublished\":\"2022-03-15T11:00:38+00:00\",\"dateModified\":\"2026-04-06T07:53:48+00:00\",\"breadcrumb\":{\"@id\":\"https:\/\/radiolifefm.com.br\/noticias\/cartorios-eleitorais-retomam-atendimento-presencial\/#breadcrumb\"},\"inLanguage\":\"pt-BR\",\"potentialAction\":[{\"@type\":\"ReadAction\",\"target\":[\"https:\/\/radiolifefm.com.br\/noticias\/cartorios-eleitorais-retomam-atendimento-presencial\/\"]}]},{\"@type\":\"ImageObject\",\"inLanguage\":\"pt-BR\",\"@id\":\"https:\/\/radiolifefm.com.br\/noticias\/cartorios-eleitorais-retomam-atendimento-presencial\/#primaryimage\",\"url\":\"https:\/\/radiolifefm.com.br\/noticias\/wp-content\/uploads\/2022\/03\/img1009-1jpg1647264940622f44aceda51.jpg\",\"contentUrl\":\"https:\/\/radiolifefm.com.br\/noticias\/wp-content\/uploads\/2022\/03\/img1009-1jpg1647264940622f44aceda51.jpg\",\"width\":600,\"height\":337,\"caption\":\"Atendimento ao p\u00fablico \u00e9 realizado entre 12h e 17h e precisa ser agendado.\"},{\"@type\":\"BreadcrumbList\",\"@id\":\"https:\/\/radiolifefm.com.br\/noticias\/cartorios-eleitorais-retomam-atendimento-presencial\/#breadcrumb\",\"itemListElement\":[{\"@type\":\"ListItem\",\"position\":1,\"name\":\"In\u00edcio\",\"item\":\"https:\/\/radiolifefm.com.br\/noticias\/\"},{\"@type\":\"ListItem\",\"position\":2,\"name\":\"Cart\u00f3rios eleitorais retomam atendimento presencial\"}]},{\"@type\":\"WebSite\",\"@id\":\"https:\/\/radiolifefm.com.br\/noticias\/#website\",\"url\":\"https:\/\/radiolifefm.com.br\/noticias\/\",\"name\":\"R\u00e1dio Life FM\",\"description\":\"O Portal de Not\u00edcias de Adamantina\",\"publisher\":{\"@id\":\"https:\/\/radiolifefm.com.br\/noticias\/#organization\"},\"alternateName\":\"Life FM\",\"potentialAction\":[{\"@type\":\"SearchAction\",\"target\":{\"@type\":\"EntryPoint\",\"urlTemplate\":\"https:\/\/radiolifefm.com.br\/noticias\/?s={search_term_string}\"},\"query-input\":{\"@type\":\"PropertyValueSpecification\",\"valueRequired\":true,\"valueName\":\"search_term_string\"}}],\"inLanguage\":\"pt-BR\"},{\"@type\":\"Organization\",\"@id\":\"https:\/\/radiolifefm.com.br\/noticias\/#organization\",\"name\":\"R\u00e1dio Life FM\",\"alternateName\":\"Life FM\",\"url\":\"https:\/\/radiolifefm.com.br\/noticias\/\",\"logo\":{\"@type\":\"ImageObject\",\"inLanguage\":\"pt-BR\",\"@id\":\"https:\/\/radiolifefm.com.br\/noticias\/#\/schema\/logo\/image\/\",\"url\":\"https:\/\/static.radiolifefm.com.br\/noticias\/wp-content\/uploads\/2019\/10\/logo-lifefm.png\",\"contentUrl\":\"https:\/\/static.radiolifefm.com.br\/noticias\/wp-content\/uploads\/2019\/10\/logo-lifefm.png\",\"width\":196,\"height\":47,\"caption\":\"R\u00e1dio Life FM\"},\"image\":{\"@id\":\"https:\/\/radiolifefm.com.br\/noticias\/#\/schema\/logo\/image\/\"},\"sameAs\":[\"https:\/\/www.facebook.com\/radiolifefm\/\",\"https:\/\/www.instagram.com\/life1079fm\/\"]},{\"@type\":\"Person\",\"@id\":\"https:\/\/radiolifefm.com.br\/noticias\/#\/schema\/person\/6339b9fac59d12b071dec680d7375d87\",\"name\":\"ritanery\",\"image\":{\"@type\":\"ImageObject\",\"inLanguage\":\"pt-BR\",\"@id\":\"https:\/\/secure.gravatar.com\/avatar\/0e37bb19071f47c0b8a23f62a903df117c5a0e75f65a0c2901562f97cd41cf86?s=96&d=mm&r=g\",\"url\":\"https:\/\/secure.gravatar.com\/avatar\/0e37bb19071f47c0b8a23f62a903df117c5a0e75f65a0c2901562f97cd41cf86?s=96&d=mm&r=g\",\"contentUrl\":\"https:\/\/secure.gravatar.com\/avatar\/0e37bb19071f47c0b8a23f62a903df117c5a0e75f65a0c2901562f97cd41cf86?s=96&d=mm&r=g\",\"caption\":\"ritanery\"}}]}<\/script>\n<!-- \/ Yoast SEO plugin. -->","yoast_head_json":{"title":"Cart\u00f3rios eleitorais retomam atendimento presencial - R\u00e1dio Life FM","robots":{"index":"index","follow":"follow","max-snippet":"max-snippet:-1","max-image-preview":"max-image-preview:large","max-video-preview":"max-video-preview:-1"},"canonical":"https:\/\/radiolifefm.com.br\/noticias\/cartorios-eleitorais-retomam-atendimento-presencial\/","og_locale":"pt_BR","og_type":"article","og_title":"Cart\u00f3rios eleitorais retomam atendimento presencial - R\u00e1dio Life FM","og_description":"Os cart\u00f3rios eleitorais de todo o estado de S\u00e3o Paulo retomam, nesta segunda-feira (14), o atendimento presencial com 50% de sua capacidade. O retorno integral ocorrer\u00e1 numa segunda fase, a partir de 18 de abril. Para ser atendido, o eleitor deve\u00a0agendar o seu comparecimento no site do TRE.\u00a0O atendimento ao p\u00fablico \u00e9 realizado entre 12h [&hellip;]","og_url":"https:\/\/radiolifefm.com.br\/noticias\/cartorios-eleitorais-retomam-atendimento-presencial\/","og_site_name":"R\u00e1dio Life FM","article_publisher":"https:\/\/www.facebook.com\/radiolifefm\/","article_published_time":"2022-03-15T11:00:38+00:00","article_modified_time":"2026-04-06T07:53:48+00:00","og_image":[{"width":600,"height":337,"url":"https:\/\/radiolifefm.com.br\/noticias\/wp-content\/uploads\/2022\/03\/img1009-1jpg1647264940622f44aceda51.jpg","type":"image\/jpeg"}],"author":"ritanery","twitter_card":"summary_large_image","twitter_misc":{"Escrito por":"ritanery","Est. tempo de leitura":"1 minuto"},"schema":{"@context":"https:\/\/schema.org","@graph":[{"@type":"Article","@id":"https:\/\/radiolifefm.com.br\/noticias\/cartorios-eleitorais-retomam-atendimento-presencial\/#article","isPartOf":{"@id":"https:\/\/radiolifefm.com.br\/noticias\/cartorios-eleitorais-retomam-atendimento-presencial\/"},"author":{"name":"ritanery","@id":"https:\/\/radiolifefm.com.br\/noticias\/#\/schema\/person\/6339b9fac59d12b071dec680d7375d87"},"headline":"Cart\u00f3rios eleitorais retomam atendimento presencial","datePublished":"2022-03-15T11:00:38+00:00","dateModified":"2026-04-06T07:53:48+00:00","mainEntityOfPage":{"@id":"https:\/\/radiolifefm.com.br\/noticias\/cartorios-eleitorais-retomam-atendimento-presencial\/"},"wordCount":146,"publisher":{"@id":"https:\/\/radiolifefm.com.br\/noticias\/#organization"},"image":{"@id":"https:\/\/radiolifefm.com.br\/noticias\/cartorios-eleitorais-retomam-atendimento-presencial\/#primaryimage"},"thumbnailUrl":"https:\/\/radiolifefm.com.br\/noticias\/wp-content\/uploads\/2022\/03\/img1009-1jpg1647264940622f44aceda51.jpg","articleSection":["Adamantina"],"inLanguage":"pt-BR"},{"@type":"WebPage","@id":"https:\/\/radiolifefm.com.br\/noticias\/cartorios-eleitorais-retomam-atendimento-presencial\/","url":"https:\/\/radiolifefm.com.br\/noticias\/cartorios-eleitorais-retomam-atendimento-presencial\/","name":"Cart\u00f3rios eleitorais retomam atendimento presencial - R\u00e1dio Life FM","isPartOf":{"@id":"https:\/\/radiolifefm.com.br\/noticias\/#website"},"primaryImageOfPage":{"@id":"https:\/\/radiolifefm.com.br\/noticias\/cartorios-eleitorais-retomam-atendimento-presencial\/#primaryimage"},"image":{"@id":"https:\/\/radiolifefm.com.br\/noticias\/cartorios-eleitorais-retomam-atendimento-presencial\/#primaryimage"},"thumbnailUrl":"https:\/\/radiolifefm.com.br\/noticias\/wp-content\/uploads\/2022\/03\/img1009-1jpg1647264940622f44aceda51.jpg","datePublished":"2022-03-15T11:00:38+00:00","dateModified":"2026-04-06T07:53:48+00:00","breadcrumb":{"@id":"https:\/\/radiolifefm.com.br\/noticias\/cartorios-eleitorais-retomam-atendimento-presencial\/#breadcrumb"},"inLanguage":"pt-BR","potentialAction":[{"@type":"ReadAction","target":["https:\/\/radiolifefm.com.br\/noticias\/cartorios-eleitorais-retomam-atendimento-presencial\/"]}]},{"@type":"ImageObject","inLanguage":"pt-BR","@id":"https:\/\/radiolifefm.com.br\/noticias\/cartorios-eleitorais-retomam-atendimento-presencial\/#primaryimage","url":"https:\/\/radiolifefm.com.br\/noticias\/wp-content\/uploads\/2022\/03\/img1009-1jpg1647264940622f44aceda51.jpg","contentUrl":"https:\/\/radiolifefm.com.br\/noticias\/wp-content\/uploads\/2022\/03\/img1009-1jpg1647264940622f44aceda51.jpg","width":600,"height":337,"caption":"Atendimento ao p\u00fablico \u00e9 realizado entre 12h e 17h e precisa ser agendado."},{"@type":"BreadcrumbList","@id":"https:\/\/radiolifefm.com.br\/noticias\/cartorios-eleitorais-retomam-atendimento-presencial\/#breadcrumb","itemListElement":[{"@type":"ListItem","position":1,"name":"In\u00edcio","item":"https:\/\/radiolifefm.com.br\/noticias\/"},{"@type":"ListItem","position":2,"name":"Cart\u00f3rios eleitorais retomam atendimento presencial"}]},{"@type":"WebSite","@id":"https:\/\/radiolifefm.com.br\/noticias\/#website","url":"https:\/\/radiolifefm.com.br\/noticias\/","name":"R\u00e1dio Life FM","description":"O Portal de Not\u00edcias de Adamantina","publisher":{"@id":"https:\/\/radiolifefm.com.br\/noticias\/#organization"},"alternateName":"Life FM","potentialAction":[{"@type":"SearchAction","target":{"@type":"EntryPoint","urlTemplate":"https:\/\/radiolifefm.com.br\/noticias\/?s={search_term_string}"},"query-input":{"@type":"PropertyValueSpecification","valueRequired":true,"valueName":"search_term_string"}}],"inLanguage":"pt-BR"},{"@type":"Organization","@id":"https:\/\/radiolifefm.com.br\/noticias\/#organization","name":"R\u00e1dio Life FM","alternateName":"Life FM","url":"https:\/\/radiolifefm.com.br\/noticias\/","logo":{"@type":"ImageObject","inLanguage":"pt-BR","@id":"https:\/\/radiolifefm.com.br\/noticias\/#\/schema\/logo\/image\/","url":"https:\/\/static.radiolifefm.com.br\/noticias\/wp-content\/uploads\/2019\/10\/logo-lifefm.png","contentUrl":"https:\/\/static.radiolifefm.com.br\/noticias\/wp-content\/uploads\/2019\/10\/logo-lifefm.png","width":196,"height":47,"caption":"R\u00e1dio Life FM"},"image":{"@id":"https:\/\/radiolifefm.com.br\/noticias\/#\/schema\/logo\/image\/"},"sameAs":["https:\/\/www.facebook.com\/radiolifefm\/","https:\/\/www.instagram.com\/life1079fm\/"]},{"@type":"Person","@id":"https:\/\/radiolifefm.com.br\/noticias\/#\/schema\/person\/6339b9fac59d12b071dec680d7375d87","name":"ritanery","image":{"@type":"ImageObject","inLanguage":"pt-BR","@id":"https:\/\/secure.gravatar.com\/avatar\/0e37bb19071f47c0b8a23f62a903df117c5a0e75f65a0c2901562f97cd41cf86?s=96&d=mm&r=g","url":"https:\/\/secure.gravatar.com\/avatar\/0e37bb19071f47c0b8a23f62a903df117c5a0e75f65a0c2901562f97cd41cf86?s=96&d=mm&r=g","contentUrl":"https:\/\/secure.gravatar.com\/avatar\/0e37bb19071f47c0b8a23f62a903df117c5a0e75f65a0c2901562f97cd41cf86?s=96&d=mm&r=g","caption":"ritanery"}}]}},"amp_enabled":true,"_links":{"self":[{"href":"https:\/\/radiolifefm.com.br\/noticias\/wp-json\/wp\/v2\/posts\/50813","targetHints":{"allow":["GET"]}}],"collection":[{"href":"https:\/\/radiolifefm.com.br\/noticias\/wp-json\/wp\/v2\/posts"}],"about":[{"href":"https:\/\/radiolifefm.com.br\/noticias\/wp-json\/wp\/v2\/types\/post"}],"author":[{"embeddable":true,"href":"https:\/\/radiolifefm.com.br\/noticias\/wp-json\/wp\/v2\/users\/13"}],"replies":[{"embeddable":true,"href":"https:\/\/radiolifefm.com.br\/noticias\/wp-json\/wp\/v2\/comments?post=50813"}],"version-history":[{"count":4,"href":"https:\/\/radiolifefm.com.br\/noticias\/wp-json\/wp\/v2\/posts\/50813\/revisions"}],"predecessor-version":[{"id":50818,"href":"https:\/\/radiolifefm.com.br\/noticias\/wp-json\/wp\/v2\/posts\/50813\/revisions\/50818"}],"wp:featuredmedia":[{"embeddable":true,"href":"https:\/\/radiolifefm.com.br\/noticias\/wp-json\/wp\/v2\/media\/50814"}],"wp:attachment":[{"href":"https:\/\/radiolifefm.com.br\/noticias\/wp-json\/wp\/v2\/media?parent=50813"}],"wp:term":[{"taxonomy":"category","embeddable":true,"href":"https:\/\/radiolifefm.com.br\/noticias\/wp-json\/wp\/v2\/categories?post=50813"},{"taxonomy":"post_tag","embeddable":true,"href":"https:\/\/radiolifefm.com.br\/noticias\/wp-json\/wp\/v2\/tags?post=50813"}],"curies":[{"name":"wp","href":"https:\/\/api.w.org\/{rel}","templated":true}]}}