{"id":50802,"date":"2022-03-14T20:55:05","date_gmt":"2022-03-14T23:55:05","guid":{"rendered":"https:\/\/radiolifefm.com.br\/noticias\/?p=50802"},"modified":"2026-03-03T00:32:53","modified_gmt":"2026-03-03T03:32:53","slug":"apos-vandalismo-empresa-suspende-transporte-de-estudantes-no-jardim-brasil-servico-retoma-nesta-3a","status":"publish","type":"post","link":"https:\/\/radiolifefm.com.br\/noticias\/apos-vandalismo-empresa-suspende-transporte-de-estudantes-no-jardim-brasil-servico-retoma-nesta-3a\/","title":{"rendered":"Ap\u00f3s vandalismo, empresa suspende transporte de estudantes no Jardim Brasil; servi\u00e7o retoma nesta 3\u00aa"},"content":{"rendered":"<div id=\"fb-root\"><\/div>\n<p>A empresa que realiza o transporte coletivo urbano de Adamantina, e que faz o transporte escolar de parte dos estudantes no munic\u00edpio \u2013 por meio do fornecimento de passe escolar adquiridos pela Prefeitura de Adamantina e repassado a esses alunos \u2013 deixou de realizar nesta segunda-feira (14) o percurso de retorno ao Jardim Brasil, alegando atos de vandalismo causando danos nos ve\u00edculos coletivos, e amea\u00e7a a motoristas.<\/p>\n<p>Os impactos da suspens\u00e3o foram sentidos por parte dos alunos da Escola Municipal Teruyo Kikuta, principal destino dos estudantes dessa faixa escolar, entre aqueles que s\u00e3o moradores do Jardim Brasil. O representante da empresa ouvido pelo SIGA MAIS na tarde de hoje alegou novos casos de amea\u00e7a nesta segunda-feira, afirmando que a volta dos estudantes para suas casas, ao final da aula do per\u00edodo da manh\u00e3, j\u00e1 n\u00e3o contou com os \u00f4nibus do transporte coletivo.<\/p>\n<p>Ele disse tamb\u00e9m que esses epis\u00f3dios de vandalismo e amea\u00e7a j\u00e1 tinham sido relatados aos representantes da Prefeitura de Adamantina.<\/p>\n<p>Em meio \u00e0 apura\u00e7\u00e3o do caso, pela reportagem, pais de alunos procuraram o SIGA MAIS e disseram que foram contactados por telefone e mensagens, por representantes da Escola, para que fossem retirar as crian\u00e7as, em raz\u00e3o da falta do transporte. O comunicado da Escola, aos pais, tamb\u00e9m cita os motivos elencados pela empresa, inclusive narra amea\u00e7as entre alunos.<\/p>\n<p>Veja a mensagem enviada a um dos grupos de WhatsApp onde est\u00e3o representantes da Escola e pais de alunos, pouco depois das 13h, informando sobre a aus\u00eancia do transporte:<\/p>\n<p><img decoding=\"async\" src=\"https:\/\/www.sigamais.com\/arquivo\/uploads\/teruyojpg1647291720622fad489c73f.jpg\" \/><\/p>\n<p style=\"font-weight: 400\"><b><strong>Retomada<\/strong><\/b><\/p>\n<p style=\"font-weight: 400\">O representante da empresa disse ao SIGA MAIS que o servi\u00e7o estaria suspenso, temporariamente, at\u00e9 nova decis\u00e3o, afetando somente o percurso realizado no Jardim Brasil, com o transporte de estudantes.<\/p>\n<p style=\"font-weight: 400\">Depois disso, o SIGA MAIS procurou o secret\u00e1rio municipal de educa\u00e7\u00e3o de Adamantina, Osvaldo Jos\u00e9. Em entendimento com representantes da empresa ficou definido pela retomada do servi\u00e7o para os estudantes moradores do Jardim Brasil, nesta ter\u00e7a-feira (15), e adiantou tamb\u00e9m que dever\u00e1 promover reuni\u00e3o com pais dos alunos, na pr\u00f3pria Escola, e que iria buscar o apoio da Pol\u00edcia Militar.<\/p>\n<p style=\"font-weight: 400\">Na sequ\u00eancia o SIGA MAIS repercutiu essa decis\u00e3o com o representante da empresa, que confirmou ter sido comunicado pelo secret\u00e1rio municipal de educa\u00e7\u00e3o.<\/p>\n<p style=\"font-weight: 400\">O \u00faltimo desdobramento do dia foi um comunicado da Escola, no mesmo grupo do WhatsApp, informando que o transporte escolar ocorrer\u00e1 nesta ter\u00e7a-feira, para os estudantes residentes no Jardim Brasil. Veja:<\/p>\n<p><img decoding=\"async\" src=\"https:\/\/www.sigamais.com\/arquivo\/uploads\/teruyo1jpg1647291738622fad5a6a9b7.jpg\" \/><\/p>\n<p style=\"font-weight: 400\"><b><strong>Vandalismo e amea\u00e7as<\/strong><\/b><\/p>\n<p style=\"font-weight: 400\">Desde a retomada das aulas 100% presenciais para todas as escolas, neste ano, as quest\u00f5es sobre o transporte escolar t\u00eam gerado repercuss\u00e3o na cidade. No in\u00edcio da opera\u00e7\u00e3o as queixas vindas de pais e estudantes eram sobre\u00a0<a href=\"https:\/\/www.sigamais.com\/noticias\/educacao\/transporte-coletivo-empresario-reconhece-lotacao-e-diz-que-se-for-requisitado-pode-ampliar-a-frota\/\"><b><strong>lota\u00e7\u00e3o dos ve\u00edculos<\/strong><\/b><\/a>\u00a0e outros fatores organizacionais.<\/p>\n<p style=\"font-weight: 400\">Agora, as queixas s\u00e3o por parte da empresa, que relata a\u00e7\u00f5es de vandalismo contra os ve\u00edculos e amea\u00e7as a motoristas. Entre os danos patrimoniais, h\u00e1 bancos danificados, janelas com vidro quebrado, e retrovisor interno \u201colho m\u00e1gico\u201d destru\u00eddo. Um\u00a0<a href=\"https:\/\/www.facebook.com\/100057733457160\/videos\/5093109584086690\/\"><b><strong>v\u00eddeo<\/strong><\/b>\u00a0<\/a>publicado no perfil de um representante da empresa mostra um dos casos de vandalismo.<\/p>\n<p><img loading=\"lazy\" decoding=\"async\" class=\"alignnone size-medium wp-image-50803\" src=\"https:\/\/static.radiolifefm.com.br\/wp-content\/uploads\/sites\/2\/2022\/03\/doisjpg1647292456622fb028585a9-300x225.jpg\" alt=\"\" width=\"300\" height=\"225\" srcset=\"https:\/\/radiolifefm.com.br\/noticias\/wp-content\/uploads\/2022\/03\/doisjpg1647292456622fb028585a9-300x225.jpg 300w, https:\/\/radiolifefm.com.br\/noticias\/wp-content\/uploads\/2022\/03\/doisjpg1647292456622fb028585a9-1024x769.jpg 1024w, https:\/\/radiolifefm.com.br\/noticias\/wp-content\/uploads\/2022\/03\/doisjpg1647292456622fb028585a9-768x577.jpg 768w, https:\/\/radiolifefm.com.br\/noticias\/wp-content\/uploads\/2022\/03\/doisjpg1647292456622fb028585a9.jpg 1509w\" sizes=\"auto, (max-width: 300px) 100vw, 300px\" \/><\/p>\n<p>O SIGA MAIS teve acesso a dois boletins de ocorr\u00eancia registrados pela empresa, sobre danos em \u00f4nibus. Um deles foi registrado na Pol\u00edcia Militar, dia 8, e o outro na Pol\u00edcia Civil, dia 9, ambos neste m\u00eas de mar\u00e7o.<\/p>\n<p>&nbsp;<\/p>\n<p>Fonte: Siga Mais<\/p>\n","protected":false},"excerpt":{"rendered":"<p>A empresa que realiza o transporte coletivo urbano de Adamantina, e que faz o transporte escolar de parte dos estudantes no munic\u00edpio \u2013 por meio do fornecimento de passe escolar adquiridos pela Prefeitura de Adamantina e repassado a esses alunos \u2013 deixou de realizar nesta segunda-feira (14) o percurso de retorno ao Jardim Brasil, alegando [&hellip;]<\/p>\n","protected":false},"author":13,"featured_media":50804,"comment_status":"closed","ping_status":"open","sticky":false,"template":"","format":"standard","meta":{"_acf_changed":false,"_exactmetrics_skip_tracking":false,"_exactmetrics_sitenote_active":false,"_exactmetrics_sitenote_note":"","_exactmetrics_sitenote_category":0,"footnotes":""},"categories":[21],"tags":[],"class_list":["post-50802","post","type-post","status-publish","format-standard","has-post-thumbnail","hentry","category-adamantina"],"acf":[],"yoast_head":"<!-- This site is optimized with the Yoast SEO plugin v27.2 - https:\/\/yoast.com\/product\/yoast-seo-wordpress\/ -->\n<title>Ap\u00f3s vandalismo, empresa suspende transporte de estudantes no Jardim Brasil; servi\u00e7o retoma nesta 3\u00aa - R\u00e1dio Life FM<\/title>\n<meta name=\"robots\" content=\"index, follow, max-snippet:-1, max-image-preview:large, max-video-preview:-1\" \/>\n<link rel=\"canonical\" href=\"https:\/\/radiolifefm.com.br\/noticias\/apos-vandalismo-empresa-suspende-transporte-de-estudantes-no-jardim-brasil-servico-retoma-nesta-3a\/\" \/>\n<meta property=\"og:locale\" content=\"pt_BR\" \/>\n<meta property=\"og:type\" content=\"article\" \/>\n<meta property=\"og:title\" content=\"Ap\u00f3s vandalismo, empresa suspende transporte de estudantes no Jardim Brasil; servi\u00e7o retoma nesta 3\u00aa - R\u00e1dio Life FM\" \/>\n<meta property=\"og:description\" content=\"A empresa que realiza o transporte coletivo urbano de Adamantina, e que faz o transporte escolar de parte dos estudantes no munic\u00edpio \u2013 por meio do fornecimento de passe escolar adquiridos pela Prefeitura de Adamantina e repassado a esses alunos \u2013 deixou de realizar nesta segunda-feira (14) o percurso de retorno ao Jardim Brasil, alegando [&hellip;]\" \/>\n<meta property=\"og:url\" content=\"https:\/\/radiolifefm.com.br\/noticias\/apos-vandalismo-empresa-suspende-transporte-de-estudantes-no-jardim-brasil-servico-retoma-nesta-3a\/\" \/>\n<meta property=\"og:site_name\" content=\"R\u00e1dio Life FM\" \/>\n<meta property=\"article:publisher\" content=\"https:\/\/www.facebook.com\/radiolifefm\/\" \/>\n<meta property=\"article:published_time\" content=\"2022-03-14T23:55:05+00:00\" \/>\n<meta property=\"article:modified_time\" content=\"2026-03-03T03:32:53+00:00\" \/>\n<meta property=\"og:image\" content=\"https:\/\/radiolifefm.com.br\/noticias\/wp-content\/uploads\/2022\/03\/doisjpg1647292456622fb028585a9-1.jpg\" \/>\n\t<meta property=\"og:image:width\" content=\"1509\" \/>\n\t<meta property=\"og:image:height\" content=\"1133\" \/>\n\t<meta property=\"og:image:type\" content=\"image\/jpeg\" \/>\n<meta name=\"author\" content=\"ritanery\" \/>\n<meta name=\"twitter:card\" content=\"summary_large_image\" \/>\n<meta name=\"twitter:label1\" content=\"Escrito por\" \/>\n\t<meta name=\"twitter:data1\" content=\"ritanery\" \/>\n\t<meta name=\"twitter:label2\" content=\"Est. tempo de leitura\" \/>\n\t<meta name=\"twitter:data2\" content=\"3 minutos\" \/>\n<script type=\"application\/ld+json\" class=\"yoast-schema-graph\">{\"@context\":\"https:\/\/schema.org\",\"@graph\":[{\"@type\":\"Article\",\"@id\":\"https:\/\/radiolifefm.com.br\/noticias\/apos-vandalismo-empresa-suspende-transporte-de-estudantes-no-jardim-brasil-servico-retoma-nesta-3a\/#article\",\"isPartOf\":{\"@id\":\"https:\/\/radiolifefm.com.br\/noticias\/apos-vandalismo-empresa-suspende-transporte-de-estudantes-no-jardim-brasil-servico-retoma-nesta-3a\/\"},\"author\":{\"name\":\"ritanery\",\"@id\":\"https:\/\/radiolifefm.com.br\/noticias\/#\/schema\/person\/6339b9fac59d12b071dec680d7375d87\"},\"headline\":\"Ap\u00f3s vandalismo, empresa suspende transporte de estudantes no Jardim Brasil; servi\u00e7o retoma nesta 3\u00aa\",\"datePublished\":\"2022-03-14T23:55:05+00:00\",\"dateModified\":\"2026-03-03T03:32:53+00:00\",\"mainEntityOfPage\":{\"@id\":\"https:\/\/radiolifefm.com.br\/noticias\/apos-vandalismo-empresa-suspende-transporte-de-estudantes-no-jardim-brasil-servico-retoma-nesta-3a\/\"},\"wordCount\":597,\"publisher\":{\"@id\":\"https:\/\/radiolifefm.com.br\/noticias\/#organization\"},\"image\":{\"@id\":\"https:\/\/radiolifefm.com.br\/noticias\/apos-vandalismo-empresa-suspende-transporte-de-estudantes-no-jardim-brasil-servico-retoma-nesta-3a\/#primaryimage\"},\"thumbnailUrl\":\"https:\/\/radiolifefm.com.br\/noticias\/wp-content\/uploads\/2022\/03\/doisjpg1647292456622fb028585a9-1.jpg\",\"articleSection\":[\"Adamantina\"],\"inLanguage\":\"pt-BR\"},{\"@type\":\"WebPage\",\"@id\":\"https:\/\/radiolifefm.com.br\/noticias\/apos-vandalismo-empresa-suspende-transporte-de-estudantes-no-jardim-brasil-servico-retoma-nesta-3a\/\",\"url\":\"https:\/\/radiolifefm.com.br\/noticias\/apos-vandalismo-empresa-suspende-transporte-de-estudantes-no-jardim-brasil-servico-retoma-nesta-3a\/\",\"name\":\"Ap\u00f3s vandalismo, empresa suspende transporte de estudantes no Jardim Brasil; servi\u00e7o retoma nesta 3\u00aa - R\u00e1dio Life FM\",\"isPartOf\":{\"@id\":\"https:\/\/radiolifefm.com.br\/noticias\/#website\"},\"primaryImageOfPage\":{\"@id\":\"https:\/\/radiolifefm.com.br\/noticias\/apos-vandalismo-empresa-suspende-transporte-de-estudantes-no-jardim-brasil-servico-retoma-nesta-3a\/#primaryimage\"},\"image\":{\"@id\":\"https:\/\/radiolifefm.com.br\/noticias\/apos-vandalismo-empresa-suspende-transporte-de-estudantes-no-jardim-brasil-servico-retoma-nesta-3a\/#primaryimage\"},\"thumbnailUrl\":\"https:\/\/radiolifefm.com.br\/noticias\/wp-content\/uploads\/2022\/03\/doisjpg1647292456622fb028585a9-1.jpg\",\"datePublished\":\"2022-03-14T23:55:05+00:00\",\"dateModified\":\"2026-03-03T03:32:53+00:00\",\"breadcrumb\":{\"@id\":\"https:\/\/radiolifefm.com.br\/noticias\/apos-vandalismo-empresa-suspende-transporte-de-estudantes-no-jardim-brasil-servico-retoma-nesta-3a\/#breadcrumb\"},\"inLanguage\":\"pt-BR\",\"potentialAction\":[{\"@type\":\"ReadAction\",\"target\":[\"https:\/\/radiolifefm.com.br\/noticias\/apos-vandalismo-empresa-suspende-transporte-de-estudantes-no-jardim-brasil-servico-retoma-nesta-3a\/\"]}]},{\"@type\":\"ImageObject\",\"inLanguage\":\"pt-BR\",\"@id\":\"https:\/\/radiolifefm.com.br\/noticias\/apos-vandalismo-empresa-suspende-transporte-de-estudantes-no-jardim-brasil-servico-retoma-nesta-3a\/#primaryimage\",\"url\":\"https:\/\/radiolifefm.com.br\/noticias\/wp-content\/uploads\/2022\/03\/doisjpg1647292456622fb028585a9-1.jpg\",\"contentUrl\":\"https:\/\/radiolifefm.com.br\/noticias\/wp-content\/uploads\/2022\/03\/doisjpg1647292456622fb028585a9-1.jpg\",\"width\":1509,\"height\":1133,\"caption\":\"Nesta segunda-feira (14), na sa\u00edda da Emef Teruyo Kikuta, estudantes ficaram sem o transporte.\"},{\"@type\":\"BreadcrumbList\",\"@id\":\"https:\/\/radiolifefm.com.br\/noticias\/apos-vandalismo-empresa-suspende-transporte-de-estudantes-no-jardim-brasil-servico-retoma-nesta-3a\/#breadcrumb\",\"itemListElement\":[{\"@type\":\"ListItem\",\"position\":1,\"name\":\"In\u00edcio\",\"item\":\"https:\/\/radiolifefm.com.br\/noticias\/\"},{\"@type\":\"ListItem\",\"position\":2,\"name\":\"Ap\u00f3s vandalismo, empresa suspende transporte de estudantes no Jardim Brasil; servi\u00e7o retoma nesta 3\u00aa\"}]},{\"@type\":\"WebSite\",\"@id\":\"https:\/\/radiolifefm.com.br\/noticias\/#website\",\"url\":\"https:\/\/radiolifefm.com.br\/noticias\/\",\"name\":\"R\u00e1dio Life FM\",\"description\":\"O Portal de Not\u00edcias de Adamantina\",\"publisher\":{\"@id\":\"https:\/\/radiolifefm.com.br\/noticias\/#organization\"},\"alternateName\":\"Life FM\",\"potentialAction\":[{\"@type\":\"SearchAction\",\"target\":{\"@type\":\"EntryPoint\",\"urlTemplate\":\"https:\/\/radiolifefm.com.br\/noticias\/?s={search_term_string}\"},\"query-input\":{\"@type\":\"PropertyValueSpecification\",\"valueRequired\":true,\"valueName\":\"search_term_string\"}}],\"inLanguage\":\"pt-BR\"},{\"@type\":\"Organization\",\"@id\":\"https:\/\/radiolifefm.com.br\/noticias\/#organization\",\"name\":\"R\u00e1dio Life FM\",\"alternateName\":\"Life FM\",\"url\":\"https:\/\/radiolifefm.com.br\/noticias\/\",\"logo\":{\"@type\":\"ImageObject\",\"inLanguage\":\"pt-BR\",\"@id\":\"https:\/\/radiolifefm.com.br\/noticias\/#\/schema\/logo\/image\/\",\"url\":\"https:\/\/static.radiolifefm.com.br\/noticias\/wp-content\/uploads\/2019\/10\/logo-lifefm.png\",\"contentUrl\":\"https:\/\/static.radiolifefm.com.br\/noticias\/wp-content\/uploads\/2019\/10\/logo-lifefm.png\",\"width\":196,\"height\":47,\"caption\":\"R\u00e1dio Life FM\"},\"image\":{\"@id\":\"https:\/\/radiolifefm.com.br\/noticias\/#\/schema\/logo\/image\/\"},\"sameAs\":[\"https:\/\/www.facebook.com\/radiolifefm\/\",\"https:\/\/www.instagram.com\/life1079fm\/\"]},{\"@type\":\"Person\",\"@id\":\"https:\/\/radiolifefm.com.br\/noticias\/#\/schema\/person\/6339b9fac59d12b071dec680d7375d87\",\"name\":\"ritanery\",\"image\":{\"@type\":\"ImageObject\",\"inLanguage\":\"pt-BR\",\"@id\":\"https:\/\/secure.gravatar.com\/avatar\/0e37bb19071f47c0b8a23f62a903df117c5a0e75f65a0c2901562f97cd41cf86?s=96&d=mm&r=g\",\"url\":\"https:\/\/secure.gravatar.com\/avatar\/0e37bb19071f47c0b8a23f62a903df117c5a0e75f65a0c2901562f97cd41cf86?s=96&d=mm&r=g\",\"contentUrl\":\"https:\/\/secure.gravatar.com\/avatar\/0e37bb19071f47c0b8a23f62a903df117c5a0e75f65a0c2901562f97cd41cf86?s=96&d=mm&r=g\",\"caption\":\"ritanery\"}}]}<\/script>\n<!-- \/ Yoast SEO plugin. -->","yoast_head_json":{"title":"Ap\u00f3s vandalismo, empresa suspende transporte de estudantes no Jardim Brasil; servi\u00e7o retoma nesta 3\u00aa - R\u00e1dio Life FM","robots":{"index":"index","follow":"follow","max-snippet":"max-snippet:-1","max-image-preview":"max-image-preview:large","max-video-preview":"max-video-preview:-1"},"canonical":"https:\/\/radiolifefm.com.br\/noticias\/apos-vandalismo-empresa-suspende-transporte-de-estudantes-no-jardim-brasil-servico-retoma-nesta-3a\/","og_locale":"pt_BR","og_type":"article","og_title":"Ap\u00f3s vandalismo, empresa suspende transporte de estudantes no Jardim Brasil; servi\u00e7o retoma nesta 3\u00aa - R\u00e1dio Life FM","og_description":"A empresa que realiza o transporte coletivo urbano de Adamantina, e que faz o transporte escolar de parte dos estudantes no munic\u00edpio \u2013 por meio do fornecimento de passe escolar adquiridos pela Prefeitura de Adamantina e repassado a esses alunos \u2013 deixou de realizar nesta segunda-feira (14) o percurso de retorno ao Jardim Brasil, alegando [&hellip;]","og_url":"https:\/\/radiolifefm.com.br\/noticias\/apos-vandalismo-empresa-suspende-transporte-de-estudantes-no-jardim-brasil-servico-retoma-nesta-3a\/","og_site_name":"R\u00e1dio Life FM","article_publisher":"https:\/\/www.facebook.com\/radiolifefm\/","article_published_time":"2022-03-14T23:55:05+00:00","article_modified_time":"2026-03-03T03:32:53+00:00","og_image":[{"width":1509,"height":1133,"url":"https:\/\/radiolifefm.com.br\/noticias\/wp-content\/uploads\/2022\/03\/doisjpg1647292456622fb028585a9-1.jpg","type":"image\/jpeg"}],"author":"ritanery","twitter_card":"summary_large_image","twitter_misc":{"Escrito por":"ritanery","Est. tempo de leitura":"3 minutos"},"schema":{"@context":"https:\/\/schema.org","@graph":[{"@type":"Article","@id":"https:\/\/radiolifefm.com.br\/noticias\/apos-vandalismo-empresa-suspende-transporte-de-estudantes-no-jardim-brasil-servico-retoma-nesta-3a\/#article","isPartOf":{"@id":"https:\/\/radiolifefm.com.br\/noticias\/apos-vandalismo-empresa-suspende-transporte-de-estudantes-no-jardim-brasil-servico-retoma-nesta-3a\/"},"author":{"name":"ritanery","@id":"https:\/\/radiolifefm.com.br\/noticias\/#\/schema\/person\/6339b9fac59d12b071dec680d7375d87"},"headline":"Ap\u00f3s vandalismo, empresa suspende transporte de estudantes no Jardim Brasil; servi\u00e7o retoma nesta 3\u00aa","datePublished":"2022-03-14T23:55:05+00:00","dateModified":"2026-03-03T03:32:53+00:00","mainEntityOfPage":{"@id":"https:\/\/radiolifefm.com.br\/noticias\/apos-vandalismo-empresa-suspende-transporte-de-estudantes-no-jardim-brasil-servico-retoma-nesta-3a\/"},"wordCount":597,"publisher":{"@id":"https:\/\/radiolifefm.com.br\/noticias\/#organization"},"image":{"@id":"https:\/\/radiolifefm.com.br\/noticias\/apos-vandalismo-empresa-suspende-transporte-de-estudantes-no-jardim-brasil-servico-retoma-nesta-3a\/#primaryimage"},"thumbnailUrl":"https:\/\/radiolifefm.com.br\/noticias\/wp-content\/uploads\/2022\/03\/doisjpg1647292456622fb028585a9-1.jpg","articleSection":["Adamantina"],"inLanguage":"pt-BR"},{"@type":"WebPage","@id":"https:\/\/radiolifefm.com.br\/noticias\/apos-vandalismo-empresa-suspende-transporte-de-estudantes-no-jardim-brasil-servico-retoma-nesta-3a\/","url":"https:\/\/radiolifefm.com.br\/noticias\/apos-vandalismo-empresa-suspende-transporte-de-estudantes-no-jardim-brasil-servico-retoma-nesta-3a\/","name":"Ap\u00f3s vandalismo, empresa suspende transporte de estudantes no Jardim Brasil; servi\u00e7o retoma nesta 3\u00aa - R\u00e1dio Life FM","isPartOf":{"@id":"https:\/\/radiolifefm.com.br\/noticias\/#website"},"primaryImageOfPage":{"@id":"https:\/\/radiolifefm.com.br\/noticias\/apos-vandalismo-empresa-suspende-transporte-de-estudantes-no-jardim-brasil-servico-retoma-nesta-3a\/#primaryimage"},"image":{"@id":"https:\/\/radiolifefm.com.br\/noticias\/apos-vandalismo-empresa-suspende-transporte-de-estudantes-no-jardim-brasil-servico-retoma-nesta-3a\/#primaryimage"},"thumbnailUrl":"https:\/\/radiolifefm.com.br\/noticias\/wp-content\/uploads\/2022\/03\/doisjpg1647292456622fb028585a9-1.jpg","datePublished":"2022-03-14T23:55:05+00:00","dateModified":"2026-03-03T03:32:53+00:00","breadcrumb":{"@id":"https:\/\/radiolifefm.com.br\/noticias\/apos-vandalismo-empresa-suspende-transporte-de-estudantes-no-jardim-brasil-servico-retoma-nesta-3a\/#breadcrumb"},"inLanguage":"pt-BR","potentialAction":[{"@type":"ReadAction","target":["https:\/\/radiolifefm.com.br\/noticias\/apos-vandalismo-empresa-suspende-transporte-de-estudantes-no-jardim-brasil-servico-retoma-nesta-3a\/"]}]},{"@type":"ImageObject","inLanguage":"pt-BR","@id":"https:\/\/radiolifefm.com.br\/noticias\/apos-vandalismo-empresa-suspende-transporte-de-estudantes-no-jardim-brasil-servico-retoma-nesta-3a\/#primaryimage","url":"https:\/\/radiolifefm.com.br\/noticias\/wp-content\/uploads\/2022\/03\/doisjpg1647292456622fb028585a9-1.jpg","contentUrl":"https:\/\/radiolifefm.com.br\/noticias\/wp-content\/uploads\/2022\/03\/doisjpg1647292456622fb028585a9-1.jpg","width":1509,"height":1133,"caption":"Nesta segunda-feira (14), na sa\u00edda da Emef Teruyo Kikuta, estudantes ficaram sem o transporte."},{"@type":"BreadcrumbList","@id":"https:\/\/radiolifefm.com.br\/noticias\/apos-vandalismo-empresa-suspende-transporte-de-estudantes-no-jardim-brasil-servico-retoma-nesta-3a\/#breadcrumb","itemListElement":[{"@type":"ListItem","position":1,"name":"In\u00edcio","item":"https:\/\/radiolifefm.com.br\/noticias\/"},{"@type":"ListItem","position":2,"name":"Ap\u00f3s vandalismo, empresa suspende transporte de estudantes no Jardim Brasil; servi\u00e7o retoma nesta 3\u00aa"}]},{"@type":"WebSite","@id":"https:\/\/radiolifefm.com.br\/noticias\/#website","url":"https:\/\/radiolifefm.com.br\/noticias\/","name":"R\u00e1dio Life FM","description":"O Portal de Not\u00edcias de Adamantina","publisher":{"@id":"https:\/\/radiolifefm.com.br\/noticias\/#organization"},"alternateName":"Life FM","potentialAction":[{"@type":"SearchAction","target":{"@type":"EntryPoint","urlTemplate":"https:\/\/radiolifefm.com.br\/noticias\/?s={search_term_string}"},"query-input":{"@type":"PropertyValueSpecification","valueRequired":true,"valueName":"search_term_string"}}],"inLanguage":"pt-BR"},{"@type":"Organization","@id":"https:\/\/radiolifefm.com.br\/noticias\/#organization","name":"R\u00e1dio Life FM","alternateName":"Life FM","url":"https:\/\/radiolifefm.com.br\/noticias\/","logo":{"@type":"ImageObject","inLanguage":"pt-BR","@id":"https:\/\/radiolifefm.com.br\/noticias\/#\/schema\/logo\/image\/","url":"https:\/\/static.radiolifefm.com.br\/noticias\/wp-content\/uploads\/2019\/10\/logo-lifefm.png","contentUrl":"https:\/\/static.radiolifefm.com.br\/noticias\/wp-content\/uploads\/2019\/10\/logo-lifefm.png","width":196,"height":47,"caption":"R\u00e1dio Life FM"},"image":{"@id":"https:\/\/radiolifefm.com.br\/noticias\/#\/schema\/logo\/image\/"},"sameAs":["https:\/\/www.facebook.com\/radiolifefm\/","https:\/\/www.instagram.com\/life1079fm\/"]},{"@type":"Person","@id":"https:\/\/radiolifefm.com.br\/noticias\/#\/schema\/person\/6339b9fac59d12b071dec680d7375d87","name":"ritanery","image":{"@type":"ImageObject","inLanguage":"pt-BR","@id":"https:\/\/secure.gravatar.com\/avatar\/0e37bb19071f47c0b8a23f62a903df117c5a0e75f65a0c2901562f97cd41cf86?s=96&d=mm&r=g","url":"https:\/\/secure.gravatar.com\/avatar\/0e37bb19071f47c0b8a23f62a903df117c5a0e75f65a0c2901562f97cd41cf86?s=96&d=mm&r=g","contentUrl":"https:\/\/secure.gravatar.com\/avatar\/0e37bb19071f47c0b8a23f62a903df117c5a0e75f65a0c2901562f97cd41cf86?s=96&d=mm&r=g","caption":"ritanery"}}]}},"amp_enabled":true,"_links":{"self":[{"href":"https:\/\/radiolifefm.com.br\/noticias\/wp-json\/wp\/v2\/posts\/50802","targetHints":{"allow":["GET"]}}],"collection":[{"href":"https:\/\/radiolifefm.com.br\/noticias\/wp-json\/wp\/v2\/posts"}],"about":[{"href":"https:\/\/radiolifefm.com.br\/noticias\/wp-json\/wp\/v2\/types\/post"}],"author":[{"embeddable":true,"href":"https:\/\/radiolifefm.com.br\/noticias\/wp-json\/wp\/v2\/users\/13"}],"replies":[{"embeddable":true,"href":"https:\/\/radiolifefm.com.br\/noticias\/wp-json\/wp\/v2\/comments?post=50802"}],"version-history":[{"count":7,"href":"https:\/\/radiolifefm.com.br\/noticias\/wp-json\/wp\/v2\/posts\/50802\/revisions"}],"predecessor-version":[{"id":50812,"href":"https:\/\/radiolifefm.com.br\/noticias\/wp-json\/wp\/v2\/posts\/50802\/revisions\/50812"}],"wp:featuredmedia":[{"embeddable":true,"href":"https:\/\/radiolifefm.com.br\/noticias\/wp-json\/wp\/v2\/media\/50804"}],"wp:attachment":[{"href":"https:\/\/radiolifefm.com.br\/noticias\/wp-json\/wp\/v2\/media?parent=50802"}],"wp:term":[{"taxonomy":"category","embeddable":true,"href":"https:\/\/radiolifefm.com.br\/noticias\/wp-json\/wp\/v2\/categories?post=50802"},{"taxonomy":"post_tag","embeddable":true,"href":"https:\/\/radiolifefm.com.br\/noticias\/wp-json\/wp\/v2\/tags?post=50802"}],"curies":[{"name":"wp","href":"https:\/\/api.w.org\/{rel}","templated":true}]}}