{"id":50682,"date":"2022-03-13T18:39:56","date_gmt":"2022-03-13T21:39:56","guid":{"rendered":"https:\/\/radiolifefm.com.br\/noticias\/?p=50682"},"modified":"2026-04-18T19:13:36","modified_gmt":"2026-04-18T22:13:36","slug":"glamour-mulher-2022-life-fm-evidenciando-a-forca-da-mulher-na-pandemia","status":"publish","type":"post","link":"https:\/\/radiolifefm.com.br\/noticias\/glamour-mulher-2022-life-fm-evidenciando-a-forca-da-mulher-na-pandemia\/","title":{"rendered":"Glamour Mulher 2022 &#8211; LIFE FM evidenciando a for\u00e7a da mulher na pandemia"},"content":{"rendered":"<div id=\"fb-root\"><\/div>\n<p>O evento Glamour Mulher tem como principal objetivo evidenciar a ess\u00eancia da mulher da vida real que trabalha em v\u00e1rias jornadas.<\/p>\n<p>Com tema A for\u00e7a da Mulher na Pandemia o evento Glamour Mulher 2022 convidou Mulheres da \u00e1rea da sa\u00fade para serem homenageadas e outras para viver o momento da beleza renovada, as colaboradoras da UNIFAI que s\u00e3o auxiliares de servi\u00e7os e dedicam anos de trabalho na institui\u00e7\u00e3o tamb\u00e9m viveram o momento da beleza renovada.<\/p>\n<p>&nbsp;<\/p>\n<p><strong>As homenageadas s\u00e3o:<\/strong><\/p>\n<p>&nbsp;<\/p>\n<p>Dayane Stefani P\u00e9rico, enfermeira da Santa Casa.<\/p>\n<p>Myrian Regina Rocha Prado, enfermeira respons\u00e1vel pela vigil\u00e2ncia epidemiol\u00f3gica de Adamantina.<\/p>\n<p>V\u00e2nia Renata Parizi, enfermeira respons\u00e1vel pela Vacina\u00e7\u00e3o contra a Covid.<\/p>\n<p>Franciele Ap. Anselmo de Campos, enfermeira Diretora de Unidade B\u00e1sica de sa\u00fade.<\/p>\n<p>&nbsp;<\/p>\n<p><strong>As mulheres da \u00e1rea da sa\u00fade que tiveram o momento da Beleza Renovada foram:<\/strong><\/p>\n<p>&nbsp;<\/p>\n<p>Elaine Cristina Balista Bonfim, enfermeira.<\/p>\n<p>Solange Ap. Almeida Bezerra, auxiliar de enfermagem.<\/p>\n<p>M\u00e1rcia Ap da Silva Auxiliar de limpeza.<\/p>\n<p>Helo\u00edsa Ap. Malafaia &#8211; auxiliar de limpeza.<\/p>\n<p>&nbsp;<\/p>\n<p><strong>As mulheres representantes UNIFAI\u00a0 s\u00e3o:<\/strong><\/p>\n<p>&nbsp;<\/p>\n<p>Silvana Aparecida Zonzini Geraldo 27 anos de servi\u00e7os prestados na UNIFAI.<\/p>\n<p>Maria Cristina da Silva Almeida 26 anos de dedica\u00e7\u00e3o na UNIFAI.<\/p>\n<p>Aparecida Ant\u00f4nia Manzine, 27 anos de UNIFAI<\/p>\n<p>Maria de F\u00e1tima Silva, 23 anos de dedica\u00e7\u00e3o a UNIFAI.<\/p>\n<p>Iracema Bernardo, 37 anos de servi\u00e7o prestado a UNIFAI, resumidos em amor pela UNIFAI.<\/p>\n<div class='flex flex-wrap items-center -mx-1'>\r\n<a class='thumbnail gallery p-1 w-1\/2 md:w-1\/4' href='https:\/\/radiolifefm.com.br\/noticias\/wp-content\/uploads\/2022\/03\/WhatsApp-Image-2022-03-13-at-18.11.58.jpeg'><img class='border border-white' src='https:\/\/radiolifefm.com.br\/noticias\/wp-content\/uploads\/2022\/03\/WhatsApp-Image-2022-03-13-at-18.11.58-200x200.jpeg' alt='WhatsApp Image 2022 03 13 At 18.11.58' \/><\/a><a class='thumbnail gallery p-1 w-1\/2 md:w-1\/4' href='https:\/\/radiolifefm.com.br\/noticias\/wp-content\/uploads\/2022\/03\/WhatsApp-Image-2022-03-13-at-18.11.57-3.jpeg'><img class='border border-white' src='https:\/\/radiolifefm.com.br\/noticias\/wp-content\/uploads\/2022\/03\/WhatsApp-Image-2022-03-13-at-18.11.57-3-200x200.jpeg' alt='WhatsApp Image 2022 03 13 At 18.11.57 (3)' \/><\/a><a class='thumbnail gallery p-1 w-1\/2 md:w-1\/4' href='https:\/\/radiolifefm.com.br\/noticias\/wp-content\/uploads\/2022\/03\/WhatsApp-Image-2022-03-13-at-18.11.57-2.jpeg'><img class='border border-white' src='https:\/\/radiolifefm.com.br\/noticias\/wp-content\/uploads\/2022\/03\/WhatsApp-Image-2022-03-13-at-18.11.57-2-200x200.jpeg' alt='WhatsApp Image 2022 03 13 At 18.11.57 (2)' \/><\/a><a class='thumbnail gallery p-1 w-1\/2 md:w-1\/4' href='https:\/\/radiolifefm.com.br\/noticias\/wp-content\/uploads\/2022\/03\/WhatsApp-Image-2022-03-13-at-18.11.57-1.jpeg'><img class='border border-white' src='https:\/\/radiolifefm.com.br\/noticias\/wp-content\/uploads\/2022\/03\/WhatsApp-Image-2022-03-13-at-18.11.57-1-200x200.jpeg' alt='WhatsApp Image 2022 03 13 At 18.11.57 (1)' \/><\/a><a class='thumbnail gallery p-1 w-1\/2 md:w-1\/4' href='https:\/\/radiolifefm.com.br\/noticias\/wp-content\/uploads\/2022\/03\/WhatsApp-Image-2022-03-13-at-18.11.57.jpeg'><img class='border border-white' src='https:\/\/radiolifefm.com.br\/noticias\/wp-content\/uploads\/2022\/03\/WhatsApp-Image-2022-03-13-at-18.11.57-200x200.jpeg' alt='WhatsApp Image 2022 03 13 At 18.11.57' \/><\/a><a class='thumbnail gallery p-1 w-1\/2 md:w-1\/4' href='https:\/\/radiolifefm.com.br\/noticias\/wp-content\/uploads\/2022\/03\/WhatsApp-Image-2022-03-13-at-18.11.56-4.jpeg'><img class='border border-white' src='https:\/\/radiolifefm.com.br\/noticias\/wp-content\/uploads\/2022\/03\/WhatsApp-Image-2022-03-13-at-18.11.56-4-200x200.jpeg' alt='WhatsApp Image 2022 03 13 At 18.11.56 (4)' \/><\/a><a class='thumbnail gallery p-1 w-1\/2 md:w-1\/4' href='https:\/\/radiolifefm.com.br\/noticias\/wp-content\/uploads\/2022\/03\/WhatsApp-Image-2022-03-13-at-18.11.56-3.jpeg'><img class='border border-white' src='https:\/\/radiolifefm.com.br\/noticias\/wp-content\/uploads\/2022\/03\/WhatsApp-Image-2022-03-13-at-18.11.56-3-200x200.jpeg' alt='WhatsApp Image 2022 03 13 At 18.11.56 (3)' \/><\/a><a class='thumbnail gallery p-1 w-1\/2 md:w-1\/4' href='https:\/\/radiolifefm.com.br\/noticias\/wp-content\/uploads\/2022\/03\/WhatsApp-Image-2022-03-13-at-18.11.56-2.jpeg'><img class='border border-white' src='https:\/\/radiolifefm.com.br\/noticias\/wp-content\/uploads\/2022\/03\/WhatsApp-Image-2022-03-13-at-18.11.56-2-200x200.jpeg' alt='WhatsApp Image 2022 03 13 At 18.11.56 (2)' \/><\/a><a class='thumbnail gallery p-1 w-1\/2 md:w-1\/4' href='https:\/\/radiolifefm.com.br\/noticias\/wp-content\/uploads\/2022\/03\/WhatsApp-Image-2022-03-13-at-18.11.56.jpeg'><img class='border border-white' src='https:\/\/radiolifefm.com.br\/noticias\/wp-content\/uploads\/2022\/03\/WhatsApp-Image-2022-03-13-at-18.11.56-200x200.jpeg' alt='WhatsApp Image 2022 03 13 At 18.11.56' \/><\/a><a class='thumbnail gallery p-1 w-1\/2 md:w-1\/4' href='https:\/\/radiolifefm.com.br\/noticias\/wp-content\/uploads\/2022\/03\/WhatsApp-Image-2022-03-13-at-18.11.55.jpeg'><img class='border border-white' src='https:\/\/radiolifefm.com.br\/noticias\/wp-content\/uploads\/2022\/03\/WhatsApp-Image-2022-03-13-at-18.11.55-200x200.jpeg' alt='WhatsApp Image 2022 03 13 At 18.11.55' \/><\/a><\/div>\n<p>Essas mulheres est\u00e3o de parab\u00e9ns e representam tantas outras que diariamente lutam por suas fam\u00edlias e muitas vezes esquecem delas mesmas.<\/p>\n<p>Essa mulheres tiveram sua beleza renovada pelas alunas do curso de tecnologia est\u00e9tica e cosm\u00e9tica da UNIFAI coordenado pelo professor e Dr. Bruno Ambr\u00f3sio da Rocha.<\/p>\n","protected":false},"excerpt":{"rendered":"<p>O evento Glamour Mulher tem como principal objetivo evidenciar a ess\u00eancia da mulher da vida real que trabalha em v\u00e1rias jornadas. Com tema A for\u00e7a da Mulher na Pandemia o evento Glamour Mulher 2022 convidou Mulheres da \u00e1rea da sa\u00fade para serem homenageadas e outras para viver o momento da beleza renovada, as colaboradoras da [&hellip;]<\/p>\n","protected":false},"author":13,"featured_media":50683,"comment_status":"closed","ping_status":"open","sticky":false,"template":"","format":"standard","meta":{"_acf_changed":false,"_exactmetrics_skip_tracking":false,"_exactmetrics_sitenote_active":false,"_exactmetrics_sitenote_note":"","_exactmetrics_sitenote_category":0,"footnotes":""},"categories":[21],"tags":[],"class_list":["post-50682","post","type-post","status-publish","format-standard","has-post-thumbnail","hentry","category-adamantina"],"acf":[],"yoast_head":"<!-- This site is optimized with the Yoast SEO plugin v27.2 - https:\/\/yoast.com\/product\/yoast-seo-wordpress\/ -->\n<title>Glamour Mulher 2022 - LIFE FM evidenciando a for\u00e7a da mulher na pandemia - R\u00e1dio Life FM<\/title>\n<meta name=\"robots\" content=\"index, follow, max-snippet:-1, max-image-preview:large, max-video-preview:-1\" \/>\n<link rel=\"canonical\" href=\"https:\/\/radiolifefm.com.br\/noticias\/glamour-mulher-2022-life-fm-evidenciando-a-forca-da-mulher-na-pandemia\/\" \/>\n<meta property=\"og:locale\" content=\"pt_BR\" \/>\n<meta property=\"og:type\" content=\"article\" \/>\n<meta property=\"og:title\" content=\"Glamour Mulher 2022 - LIFE FM evidenciando a for\u00e7a da mulher na pandemia - R\u00e1dio Life FM\" \/>\n<meta property=\"og:description\" content=\"O evento Glamour Mulher tem como principal objetivo evidenciar a ess\u00eancia da mulher da vida real que trabalha em v\u00e1rias jornadas. Com tema A for\u00e7a da Mulher na Pandemia o evento Glamour Mulher 2022 convidou Mulheres da \u00e1rea da sa\u00fade para serem homenageadas e outras para viver o momento da beleza renovada, as colaboradoras da [&hellip;]\" \/>\n<meta property=\"og:url\" content=\"https:\/\/radiolifefm.com.br\/noticias\/glamour-mulher-2022-life-fm-evidenciando-a-forca-da-mulher-na-pandemia\/\" \/>\n<meta property=\"og:site_name\" content=\"R\u00e1dio Life FM\" \/>\n<meta property=\"article:publisher\" content=\"https:\/\/www.facebook.com\/radiolifefm\/\" \/>\n<meta property=\"article:published_time\" content=\"2022-03-13T21:39:56+00:00\" \/>\n<meta property=\"article:modified_time\" content=\"2026-04-18T22:13:36+00:00\" \/>\n<meta property=\"og:image\" content=\"https:\/\/radiolifefm.com.br\/noticias\/wp-content\/uploads\/2022\/03\/26-3.jpg\" \/>\n\t<meta property=\"og:image:width\" content=\"1000\" \/>\n\t<meta property=\"og:image:height\" content=\"1000\" \/>\n\t<meta property=\"og:image:type\" content=\"image\/jpeg\" \/>\n<meta name=\"author\" content=\"ritanery\" \/>\n<meta name=\"twitter:card\" content=\"summary_large_image\" \/>\n<meta name=\"twitter:label1\" content=\"Escrito por\" \/>\n\t<meta name=\"twitter:data1\" content=\"ritanery\" \/>\n\t<meta name=\"twitter:label2\" content=\"Est. tempo de leitura\" \/>\n\t<meta name=\"twitter:data2\" content=\"2 minutos\" \/>\n<script type=\"application\/ld+json\" class=\"yoast-schema-graph\">{\"@context\":\"https:\/\/schema.org\",\"@graph\":[{\"@type\":\"Article\",\"@id\":\"https:\/\/radiolifefm.com.br\/noticias\/glamour-mulher-2022-life-fm-evidenciando-a-forca-da-mulher-na-pandemia\/#article\",\"isPartOf\":{\"@id\":\"https:\/\/radiolifefm.com.br\/noticias\/glamour-mulher-2022-life-fm-evidenciando-a-forca-da-mulher-na-pandemia\/\"},\"author\":{\"name\":\"ritanery\",\"@id\":\"https:\/\/radiolifefm.com.br\/noticias\/#\/schema\/person\/6339b9fac59d12b071dec680d7375d87\"},\"headline\":\"Glamour Mulher 2022 &#8211; LIFE FM evidenciando a for\u00e7a da mulher na pandemia\",\"datePublished\":\"2022-03-13T21:39:56+00:00\",\"dateModified\":\"2026-04-18T22:13:36+00:00\",\"mainEntityOfPage\":{\"@id\":\"https:\/\/radiolifefm.com.br\/noticias\/glamour-mulher-2022-life-fm-evidenciando-a-forca-da-mulher-na-pandemia\/\"},\"wordCount\":315,\"publisher\":{\"@id\":\"https:\/\/radiolifefm.com.br\/noticias\/#organization\"},\"image\":{\"@id\":\"https:\/\/radiolifefm.com.br\/noticias\/glamour-mulher-2022-life-fm-evidenciando-a-forca-da-mulher-na-pandemia\/#primaryimage\"},\"thumbnailUrl\":\"https:\/\/radiolifefm.com.br\/noticias\/wp-content\/uploads\/2022\/03\/26-3.jpg\",\"articleSection\":[\"Adamantina\"],\"inLanguage\":\"pt-BR\"},{\"@type\":\"WebPage\",\"@id\":\"https:\/\/radiolifefm.com.br\/noticias\/glamour-mulher-2022-life-fm-evidenciando-a-forca-da-mulher-na-pandemia\/\",\"url\":\"https:\/\/radiolifefm.com.br\/noticias\/glamour-mulher-2022-life-fm-evidenciando-a-forca-da-mulher-na-pandemia\/\",\"name\":\"Glamour Mulher 2022 - LIFE FM evidenciando a for\u00e7a da mulher na pandemia - R\u00e1dio Life FM\",\"isPartOf\":{\"@id\":\"https:\/\/radiolifefm.com.br\/noticias\/#website\"},\"primaryImageOfPage\":{\"@id\":\"https:\/\/radiolifefm.com.br\/noticias\/glamour-mulher-2022-life-fm-evidenciando-a-forca-da-mulher-na-pandemia\/#primaryimage\"},\"image\":{\"@id\":\"https:\/\/radiolifefm.com.br\/noticias\/glamour-mulher-2022-life-fm-evidenciando-a-forca-da-mulher-na-pandemia\/#primaryimage\"},\"thumbnailUrl\":\"https:\/\/radiolifefm.com.br\/noticias\/wp-content\/uploads\/2022\/03\/26-3.jpg\",\"datePublished\":\"2022-03-13T21:39:56+00:00\",\"dateModified\":\"2026-04-18T22:13:36+00:00\",\"breadcrumb\":{\"@id\":\"https:\/\/radiolifefm.com.br\/noticias\/glamour-mulher-2022-life-fm-evidenciando-a-forca-da-mulher-na-pandemia\/#breadcrumb\"},\"inLanguage\":\"pt-BR\",\"potentialAction\":[{\"@type\":\"ReadAction\",\"target\":[\"https:\/\/radiolifefm.com.br\/noticias\/glamour-mulher-2022-life-fm-evidenciando-a-forca-da-mulher-na-pandemia\/\"]}]},{\"@type\":\"ImageObject\",\"inLanguage\":\"pt-BR\",\"@id\":\"https:\/\/radiolifefm.com.br\/noticias\/glamour-mulher-2022-life-fm-evidenciando-a-forca-da-mulher-na-pandemia\/#primaryimage\",\"url\":\"https:\/\/radiolifefm.com.br\/noticias\/wp-content\/uploads\/2022\/03\/26-3.jpg\",\"contentUrl\":\"https:\/\/radiolifefm.com.br\/noticias\/wp-content\/uploads\/2022\/03\/26-3.jpg\",\"width\":1000,\"height\":1000},{\"@type\":\"BreadcrumbList\",\"@id\":\"https:\/\/radiolifefm.com.br\/noticias\/glamour-mulher-2022-life-fm-evidenciando-a-forca-da-mulher-na-pandemia\/#breadcrumb\",\"itemListElement\":[{\"@type\":\"ListItem\",\"position\":1,\"name\":\"In\u00edcio\",\"item\":\"https:\/\/radiolifefm.com.br\/noticias\/\"},{\"@type\":\"ListItem\",\"position\":2,\"name\":\"Glamour Mulher 2022 &#8211; LIFE FM evidenciando a for\u00e7a da mulher na pandemia\"}]},{\"@type\":\"WebSite\",\"@id\":\"https:\/\/radiolifefm.com.br\/noticias\/#website\",\"url\":\"https:\/\/radiolifefm.com.br\/noticias\/\",\"name\":\"R\u00e1dio Life FM\",\"description\":\"O Portal de Not\u00edcias de Adamantina\",\"publisher\":{\"@id\":\"https:\/\/radiolifefm.com.br\/noticias\/#organization\"},\"alternateName\":\"Life FM\",\"potentialAction\":[{\"@type\":\"SearchAction\",\"target\":{\"@type\":\"EntryPoint\",\"urlTemplate\":\"https:\/\/radiolifefm.com.br\/noticias\/?s={search_term_string}\"},\"query-input\":{\"@type\":\"PropertyValueSpecification\",\"valueRequired\":true,\"valueName\":\"search_term_string\"}}],\"inLanguage\":\"pt-BR\"},{\"@type\":\"Organization\",\"@id\":\"https:\/\/radiolifefm.com.br\/noticias\/#organization\",\"name\":\"R\u00e1dio Life FM\",\"alternateName\":\"Life FM\",\"url\":\"https:\/\/radiolifefm.com.br\/noticias\/\",\"logo\":{\"@type\":\"ImageObject\",\"inLanguage\":\"pt-BR\",\"@id\":\"https:\/\/radiolifefm.com.br\/noticias\/#\/schema\/logo\/image\/\",\"url\":\"https:\/\/static.radiolifefm.com.br\/noticias\/wp-content\/uploads\/2019\/10\/logo-lifefm.png\",\"contentUrl\":\"https:\/\/static.radiolifefm.com.br\/noticias\/wp-content\/uploads\/2019\/10\/logo-lifefm.png\",\"width\":196,\"height\":47,\"caption\":\"R\u00e1dio Life FM\"},\"image\":{\"@id\":\"https:\/\/radiolifefm.com.br\/noticias\/#\/schema\/logo\/image\/\"},\"sameAs\":[\"https:\/\/www.facebook.com\/radiolifefm\/\",\"https:\/\/www.instagram.com\/life1079fm\/\"]},{\"@type\":\"Person\",\"@id\":\"https:\/\/radiolifefm.com.br\/noticias\/#\/schema\/person\/6339b9fac59d12b071dec680d7375d87\",\"name\":\"ritanery\",\"image\":{\"@type\":\"ImageObject\",\"inLanguage\":\"pt-BR\",\"@id\":\"https:\/\/secure.gravatar.com\/avatar\/0e37bb19071f47c0b8a23f62a903df117c5a0e75f65a0c2901562f97cd41cf86?s=96&d=mm&r=g\",\"url\":\"https:\/\/secure.gravatar.com\/avatar\/0e37bb19071f47c0b8a23f62a903df117c5a0e75f65a0c2901562f97cd41cf86?s=96&d=mm&r=g\",\"contentUrl\":\"https:\/\/secure.gravatar.com\/avatar\/0e37bb19071f47c0b8a23f62a903df117c5a0e75f65a0c2901562f97cd41cf86?s=96&d=mm&r=g\",\"caption\":\"ritanery\"}}]}<\/script>\n<!-- \/ Yoast SEO plugin. -->","yoast_head_json":{"title":"Glamour Mulher 2022 - LIFE FM evidenciando a for\u00e7a da mulher na pandemia - R\u00e1dio Life FM","robots":{"index":"index","follow":"follow","max-snippet":"max-snippet:-1","max-image-preview":"max-image-preview:large","max-video-preview":"max-video-preview:-1"},"canonical":"https:\/\/radiolifefm.com.br\/noticias\/glamour-mulher-2022-life-fm-evidenciando-a-forca-da-mulher-na-pandemia\/","og_locale":"pt_BR","og_type":"article","og_title":"Glamour Mulher 2022 - LIFE FM evidenciando a for\u00e7a da mulher na pandemia - R\u00e1dio Life FM","og_description":"O evento Glamour Mulher tem como principal objetivo evidenciar a ess\u00eancia da mulher da vida real que trabalha em v\u00e1rias jornadas. Com tema A for\u00e7a da Mulher na Pandemia o evento Glamour Mulher 2022 convidou Mulheres da \u00e1rea da sa\u00fade para serem homenageadas e outras para viver o momento da beleza renovada, as colaboradoras da [&hellip;]","og_url":"https:\/\/radiolifefm.com.br\/noticias\/glamour-mulher-2022-life-fm-evidenciando-a-forca-da-mulher-na-pandemia\/","og_site_name":"R\u00e1dio Life FM","article_publisher":"https:\/\/www.facebook.com\/radiolifefm\/","article_published_time":"2022-03-13T21:39:56+00:00","article_modified_time":"2026-04-18T22:13:36+00:00","og_image":[{"width":1000,"height":1000,"url":"https:\/\/radiolifefm.com.br\/noticias\/wp-content\/uploads\/2022\/03\/26-3.jpg","type":"image\/jpeg"}],"author":"ritanery","twitter_card":"summary_large_image","twitter_misc":{"Escrito por":"ritanery","Est. tempo de leitura":"2 minutos"},"schema":{"@context":"https:\/\/schema.org","@graph":[{"@type":"Article","@id":"https:\/\/radiolifefm.com.br\/noticias\/glamour-mulher-2022-life-fm-evidenciando-a-forca-da-mulher-na-pandemia\/#article","isPartOf":{"@id":"https:\/\/radiolifefm.com.br\/noticias\/glamour-mulher-2022-life-fm-evidenciando-a-forca-da-mulher-na-pandemia\/"},"author":{"name":"ritanery","@id":"https:\/\/radiolifefm.com.br\/noticias\/#\/schema\/person\/6339b9fac59d12b071dec680d7375d87"},"headline":"Glamour Mulher 2022 &#8211; LIFE FM evidenciando a for\u00e7a da mulher na pandemia","datePublished":"2022-03-13T21:39:56+00:00","dateModified":"2026-04-18T22:13:36+00:00","mainEntityOfPage":{"@id":"https:\/\/radiolifefm.com.br\/noticias\/glamour-mulher-2022-life-fm-evidenciando-a-forca-da-mulher-na-pandemia\/"},"wordCount":315,"publisher":{"@id":"https:\/\/radiolifefm.com.br\/noticias\/#organization"},"image":{"@id":"https:\/\/radiolifefm.com.br\/noticias\/glamour-mulher-2022-life-fm-evidenciando-a-forca-da-mulher-na-pandemia\/#primaryimage"},"thumbnailUrl":"https:\/\/radiolifefm.com.br\/noticias\/wp-content\/uploads\/2022\/03\/26-3.jpg","articleSection":["Adamantina"],"inLanguage":"pt-BR"},{"@type":"WebPage","@id":"https:\/\/radiolifefm.com.br\/noticias\/glamour-mulher-2022-life-fm-evidenciando-a-forca-da-mulher-na-pandemia\/","url":"https:\/\/radiolifefm.com.br\/noticias\/glamour-mulher-2022-life-fm-evidenciando-a-forca-da-mulher-na-pandemia\/","name":"Glamour Mulher 2022 - LIFE FM evidenciando a for\u00e7a da mulher na pandemia - R\u00e1dio Life FM","isPartOf":{"@id":"https:\/\/radiolifefm.com.br\/noticias\/#website"},"primaryImageOfPage":{"@id":"https:\/\/radiolifefm.com.br\/noticias\/glamour-mulher-2022-life-fm-evidenciando-a-forca-da-mulher-na-pandemia\/#primaryimage"},"image":{"@id":"https:\/\/radiolifefm.com.br\/noticias\/glamour-mulher-2022-life-fm-evidenciando-a-forca-da-mulher-na-pandemia\/#primaryimage"},"thumbnailUrl":"https:\/\/radiolifefm.com.br\/noticias\/wp-content\/uploads\/2022\/03\/26-3.jpg","datePublished":"2022-03-13T21:39:56+00:00","dateModified":"2026-04-18T22:13:36+00:00","breadcrumb":{"@id":"https:\/\/radiolifefm.com.br\/noticias\/glamour-mulher-2022-life-fm-evidenciando-a-forca-da-mulher-na-pandemia\/#breadcrumb"},"inLanguage":"pt-BR","potentialAction":[{"@type":"ReadAction","target":["https:\/\/radiolifefm.com.br\/noticias\/glamour-mulher-2022-life-fm-evidenciando-a-forca-da-mulher-na-pandemia\/"]}]},{"@type":"ImageObject","inLanguage":"pt-BR","@id":"https:\/\/radiolifefm.com.br\/noticias\/glamour-mulher-2022-life-fm-evidenciando-a-forca-da-mulher-na-pandemia\/#primaryimage","url":"https:\/\/radiolifefm.com.br\/noticias\/wp-content\/uploads\/2022\/03\/26-3.jpg","contentUrl":"https:\/\/radiolifefm.com.br\/noticias\/wp-content\/uploads\/2022\/03\/26-3.jpg","width":1000,"height":1000},{"@type":"BreadcrumbList","@id":"https:\/\/radiolifefm.com.br\/noticias\/glamour-mulher-2022-life-fm-evidenciando-a-forca-da-mulher-na-pandemia\/#breadcrumb","itemListElement":[{"@type":"ListItem","position":1,"name":"In\u00edcio","item":"https:\/\/radiolifefm.com.br\/noticias\/"},{"@type":"ListItem","position":2,"name":"Glamour Mulher 2022 &#8211; LIFE FM evidenciando a for\u00e7a da mulher na pandemia"}]},{"@type":"WebSite","@id":"https:\/\/radiolifefm.com.br\/noticias\/#website","url":"https:\/\/radiolifefm.com.br\/noticias\/","name":"R\u00e1dio Life FM","description":"O Portal de Not\u00edcias de Adamantina","publisher":{"@id":"https:\/\/radiolifefm.com.br\/noticias\/#organization"},"alternateName":"Life FM","potentialAction":[{"@type":"SearchAction","target":{"@type":"EntryPoint","urlTemplate":"https:\/\/radiolifefm.com.br\/noticias\/?s={search_term_string}"},"query-input":{"@type":"PropertyValueSpecification","valueRequired":true,"valueName":"search_term_string"}}],"inLanguage":"pt-BR"},{"@type":"Organization","@id":"https:\/\/radiolifefm.com.br\/noticias\/#organization","name":"R\u00e1dio Life FM","alternateName":"Life FM","url":"https:\/\/radiolifefm.com.br\/noticias\/","logo":{"@type":"ImageObject","inLanguage":"pt-BR","@id":"https:\/\/radiolifefm.com.br\/noticias\/#\/schema\/logo\/image\/","url":"https:\/\/static.radiolifefm.com.br\/noticias\/wp-content\/uploads\/2019\/10\/logo-lifefm.png","contentUrl":"https:\/\/static.radiolifefm.com.br\/noticias\/wp-content\/uploads\/2019\/10\/logo-lifefm.png","width":196,"height":47,"caption":"R\u00e1dio Life FM"},"image":{"@id":"https:\/\/radiolifefm.com.br\/noticias\/#\/schema\/logo\/image\/"},"sameAs":["https:\/\/www.facebook.com\/radiolifefm\/","https:\/\/www.instagram.com\/life1079fm\/"]},{"@type":"Person","@id":"https:\/\/radiolifefm.com.br\/noticias\/#\/schema\/person\/6339b9fac59d12b071dec680d7375d87","name":"ritanery","image":{"@type":"ImageObject","inLanguage":"pt-BR","@id":"https:\/\/secure.gravatar.com\/avatar\/0e37bb19071f47c0b8a23f62a903df117c5a0e75f65a0c2901562f97cd41cf86?s=96&d=mm&r=g","url":"https:\/\/secure.gravatar.com\/avatar\/0e37bb19071f47c0b8a23f62a903df117c5a0e75f65a0c2901562f97cd41cf86?s=96&d=mm&r=g","contentUrl":"https:\/\/secure.gravatar.com\/avatar\/0e37bb19071f47c0b8a23f62a903df117c5a0e75f65a0c2901562f97cd41cf86?s=96&d=mm&r=g","caption":"ritanery"}}]}},"amp_enabled":true,"_links":{"self":[{"href":"https:\/\/radiolifefm.com.br\/noticias\/wp-json\/wp\/v2\/posts\/50682","targetHints":{"allow":["GET"]}}],"collection":[{"href":"https:\/\/radiolifefm.com.br\/noticias\/wp-json\/wp\/v2\/posts"}],"about":[{"href":"https:\/\/radiolifefm.com.br\/noticias\/wp-json\/wp\/v2\/types\/post"}],"author":[{"embeddable":true,"href":"https:\/\/radiolifefm.com.br\/noticias\/wp-json\/wp\/v2\/users\/13"}],"replies":[{"embeddable":true,"href":"https:\/\/radiolifefm.com.br\/noticias\/wp-json\/wp\/v2\/comments?post=50682"}],"version-history":[{"count":1,"href":"https:\/\/radiolifefm.com.br\/noticias\/wp-json\/wp\/v2\/posts\/50682\/revisions"}],"predecessor-version":[{"id":50695,"href":"https:\/\/radiolifefm.com.br\/noticias\/wp-json\/wp\/v2\/posts\/50682\/revisions\/50695"}],"wp:featuredmedia":[{"embeddable":true,"href":"https:\/\/radiolifefm.com.br\/noticias\/wp-json\/wp\/v2\/media\/50683"}],"wp:attachment":[{"href":"https:\/\/radiolifefm.com.br\/noticias\/wp-json\/wp\/v2\/media?parent=50682"}],"wp:term":[{"taxonomy":"category","embeddable":true,"href":"https:\/\/radiolifefm.com.br\/noticias\/wp-json\/wp\/v2\/categories?post=50682"},{"taxonomy":"post_tag","embeddable":true,"href":"https:\/\/radiolifefm.com.br\/noticias\/wp-json\/wp\/v2\/tags?post=50682"}],"curies":[{"name":"wp","href":"https:\/\/api.w.org\/{rel}","templated":true}]}}