{"id":50656,"date":"2022-03-13T13:30:28","date_gmt":"2022-03-13T16:30:28","guid":{"rendered":"https:\/\/radiolifefm.com.br\/noticias\/?p=50656"},"modified":"2026-04-27T04:35:54","modified_gmt":"2026-04-27T07:35:54","slug":"lucia-prado-recebe-homenagem-como-radialista-e-declara-aprendi-a-amar-o-radio","status":"publish","type":"post","link":"https:\/\/radiolifefm.com.br\/noticias\/lucia-prado-recebe-homenagem-como-radialista-e-declara-aprendi-a-amar-o-radio\/","title":{"rendered":"Lucia Prado recebe homenagem como radialista e declara &#8220;Aprendi a amar o R\u00e1dio&#8221;"},"content":{"rendered":"<div id=\"fb-root\"><\/div>\n<p>&nbsp;<\/p>\n<p>Para comemorar o Dia Internacional da Mulher, no dia 8 de Mar\u00e7o, a Secretaria da Cultura de Adamantina realizou o evento &#8220;Mulheres que Inspiram&#8221; que homenageou 100 mulheres adamantinenses.<\/p>\n<p>&nbsp;<\/p>\n<p>Lucia Prado, diretora de apoio cultural da R\u00e1dio Life FM, foi homenageada como radialista. &#8220;Fico grata com a homenagem, por\u00e9m n\u00e3o me considero uma radialista, mas sim uma mulher que aprendeu a amar o R\u00e1dio&#8221;, comenta.<\/p>\n<p>&nbsp;<\/p>\n<p style=\"text-align: left\">L\u00facia Prado entende que o R\u00e1dio n\u00e3o serve apenas para tocar m\u00fasica, exibir vozes bonitas, fazer propaganda de empresas e profissionais. &#8220;Antes de conhecer os bastidores do r\u00e1dio era isso que eu via&#8221;, afirma.<\/p>\n<p>&nbsp;<\/p>\n<p><img loading=\"lazy\" decoding=\"async\" class=\"wp-image-50657 alignleft\" src=\"https:\/\/static.radiolifefm.com.br\/wp-content\/uploads\/sites\/2\/2022\/03\/200E2FD3-C8B3-4310-A29E-BC29FE5F185C-e1647192090965.jpeg\" alt=\"\" width=\"295\" height=\"230\" srcset=\"https:\/\/radiolifefm.com.br\/noticias\/wp-content\/uploads\/2022\/03\/200E2FD3-C8B3-4310-A29E-BC29FE5F185C-e1647192090965.jpeg 1340w, https:\/\/radiolifefm.com.br\/noticias\/wp-content\/uploads\/2022\/03\/200E2FD3-C8B3-4310-A29E-BC29FE5F185C-e1647192090965-300x234.jpeg 300w, https:\/\/radiolifefm.com.br\/noticias\/wp-content\/uploads\/2022\/03\/200E2FD3-C8B3-4310-A29E-BC29FE5F185C-e1647192090965-1024x798.jpeg 1024w, https:\/\/radiolifefm.com.br\/noticias\/wp-content\/uploads\/2022\/03\/200E2FD3-C8B3-4310-A29E-BC29FE5F185C-e1647192090965-768x598.jpeg 768w\" sizes=\"auto, (max-width: 295px) 100vw, 295px\" \/><\/p>\n<p>&nbsp;<\/p>\n<p>Hoje, ap\u00f3s 7 anos vivendo esses bastidores, L\u00facia enxerga o r\u00e1dio como algo fascinante. &#8220;Atrav\u00e9s do r\u00e1dio temos o poder de influenciar pessoas a serem melhores todos os dias, a ajudarem uns aos outros em campanhas solid\u00e1rias, a tocar na programa\u00e7\u00e3o m\u00fasicas que tenham letras e melodias que edifiquem as pessoas&#8221;, salienta.<\/p>\n<p>&nbsp;<\/p>\n<p>Quando a internet se tornou o que \u00e9 hoje, a R\u00e1dio Life se uniu a ela e hoje as pessoas &#8220;assistem a r\u00e1dio&#8221;.<\/p>\n<p>&nbsp;<\/p>\n<p>L\u00facia completa dizendo: &#8220;R\u00e1dio \u00e9 r\u00e1dio em qualquer lugar e a forma de conduzir o r\u00e1dio tamb\u00e9m \u00e9 igual. O que muda de uma R\u00e1dio para outra \u00e9 a miss\u00e3o que cada uma tem, as prioridades e motiva\u00e7\u00f5es que d\u00e3o sentido a exist\u00eancia da emissora.&#8221;<\/p>\n<p>&nbsp;<\/p>\n<p><img loading=\"lazy\" decoding=\"async\" class=\"alignnone wp-image-50658 \" src=\"https:\/\/static.radiolifefm.com.br\/wp-content\/uploads\/sites\/2\/2022\/03\/754A8062-ECAC-4240-AF91-30BF5D5B6A5A-e1647192140782.jpeg\" alt=\"\" width=\"416\" height=\"309\" srcset=\"https:\/\/radiolifefm.com.br\/noticias\/wp-content\/uploads\/2022\/03\/754A8062-ECAC-4240-AF91-30BF5D5B6A5A-e1647192140782.jpeg 860w, https:\/\/radiolifefm.com.br\/noticias\/wp-content\/uploads\/2022\/03\/754A8062-ECAC-4240-AF91-30BF5D5B6A5A-e1647192140782-300x223.jpeg 300w, https:\/\/radiolifefm.com.br\/noticias\/wp-content\/uploads\/2022\/03\/754A8062-ECAC-4240-AF91-30BF5D5B6A5A-e1647192140782-768x571.jpeg 768w\" sizes=\"auto, (max-width: 416px) 100vw, 416px\" \/><\/p>\n<p>&nbsp;<\/p>\n<p>&nbsp;<\/p>\n<p>A R\u00e1dio Life nasceu com a miss\u00e3o de revolucionar a programa\u00e7\u00e3o radiof\u00f4nica da nossa regi\u00e3o, n\u00e3o reproduzindo uma programa\u00e7\u00e3o igual a das r\u00e1dios j\u00e1 existentes. &#8220;Entendemos que tem ouvintes que gostam de m\u00fasicas, outros buscam informa\u00e7\u00e3o atrav\u00e9s do nosso jornalismo, outros apreciam nossos programas e at\u00e9 os Apoios Culturais (propagandas diferentes)&#8221;, explica L\u00facia.<\/p>\n<p>&nbsp;<\/p>\n<p><img loading=\"lazy\" decoding=\"async\" class=\"alignnone wp-image-50659 \" src=\"https:\/\/static.radiolifefm.com.br\/wp-content\/uploads\/sites\/2\/2022\/03\/2523BFF6-D37D-401F-8FDB-ECEE1ABB92F2-e1647192184699.jpeg\" alt=\"\" width=\"416\" height=\"284\" srcset=\"https:\/\/radiolifefm.com.br\/noticias\/wp-content\/uploads\/2022\/03\/2523BFF6-D37D-401F-8FDB-ECEE1ABB92F2-e1647192184699.jpeg 904w, https:\/\/radiolifefm.com.br\/noticias\/wp-content\/uploads\/2022\/03\/2523BFF6-D37D-401F-8FDB-ECEE1ABB92F2-e1647192184699-300x205.jpeg 300w, https:\/\/radiolifefm.com.br\/noticias\/wp-content\/uploads\/2022\/03\/2523BFF6-D37D-401F-8FDB-ECEE1ABB92F2-e1647192184699-768x525.jpeg 768w\" sizes=\"auto, (max-width: 416px) 100vw, 416px\" \/><\/p>\n<p>&nbsp;<\/p>\n<p>Abrir os microfones e dar vez e voz para os cidad\u00e3os, independente de qualquer posi\u00e7\u00e3o social, parceiros ou n\u00e3o, sempre foi um diferencial da Life FM.<\/p>\n<p>&nbsp;<\/p>\n<p>A R\u00e1dio Life conquistou audi\u00eancia e espa\u00e7o por meio da sua programa\u00e7\u00e3o diferenciada, sem amea\u00e7as, sem soberba, sem falar mal de quem n\u00e3o divulga na r\u00e1dio. &#8220;Entendemos que o empres\u00e1rio \u00e9 livre para divulgar como e onde quiser, se n\u00e3o divulgarem na Life n\u00e3o precisamos falar mal, apenas n\u00e3o falamos nada, simples assim&#8221;, conclui L\u00facia.<\/p>\n<p>&nbsp;<\/p>\n<p>As empresas parceiras da R\u00e1dio Life n\u00e3o est\u00e3o sendo evidenciadas apenas no r\u00e1dio, mas tamb\u00e9m nas plataformas digitais: Site de Not\u00edcias, Facebook, Instagram e YouTube.<\/p>\n<p>&nbsp;<\/p>\n<p>A empresa parceira da R\u00e1dio Life, al\u00e9m de ser evidenciada, contribui para uma R\u00e1dio Comunit\u00e1ria realizar a sua verdadeira fun\u00e7\u00e3o.<\/p>\n<p>&nbsp;<\/p>\n<div class='flex flex-wrap items-center -mx-1'>\r\n<a class='thumbnail gallery p-1 w-1\/2 md:w-1\/4' href='https:\/\/radiolifefm.com.br\/noticias\/wp-content\/uploads\/2022\/03\/4D916362-BAF8-4FBF-AB34-6E7231E56F92-e1647192246433.jpeg'><img class='border border-white' src='https:\/\/radiolifefm.com.br\/noticias\/wp-content\/uploads\/2022\/03\/4D916362-BAF8-4FBF-AB34-6E7231E56F92-e1647192246433-200x200.jpeg' alt='4D916362 BAF8 4FBF AB34 6E7231E56F92' \/><\/a><a class='thumbnail gallery p-1 w-1\/2 md:w-1\/4' href='https:\/\/radiolifefm.com.br\/noticias\/wp-content\/uploads\/2022\/03\/B40DC82F-057F-4822-9F29-08B82ABC16F4-scaled.jpeg'><img class='border border-white' src='https:\/\/radiolifefm.com.br\/noticias\/wp-content\/uploads\/2022\/03\/B40DC82F-057F-4822-9F29-08B82ABC16F4-200x200.jpeg' alt='B40DC82F 057F 4822 9F29 08B82ABC16F4' \/><\/a><a class='thumbnail gallery p-1 w-1\/2 md:w-1\/4' href='https:\/\/radiolifefm.com.br\/noticias\/wp-content\/uploads\/2022\/03\/631A3B49-106F-4C4D-9537-ED30835FA62C.jpeg'><img class='border border-white' src='https:\/\/radiolifefm.com.br\/noticias\/wp-content\/uploads\/2022\/03\/631A3B49-106F-4C4D-9537-ED30835FA62C-200x200.jpeg' alt='631A3B49 106F 4C4D 9537 ED30835FA62C' \/><\/a><a class='thumbnail gallery p-1 w-1\/2 md:w-1\/4' href='https:\/\/radiolifefm.com.br\/noticias\/wp-content\/uploads\/2022\/03\/45D8A90A-9DBE-45F3-8D27-B3FA543500ED.jpeg'><img class='border border-white' src='https:\/\/radiolifefm.com.br\/noticias\/wp-content\/uploads\/2022\/03\/45D8A90A-9DBE-45F3-8D27-B3FA543500ED-200x200.jpeg' alt='45D8A90A 9DBE 45F3 8D27 B3FA543500ED' \/><\/a><a class='thumbnail gallery p-1 w-1\/2 md:w-1\/4' href='https:\/\/radiolifefm.com.br\/noticias\/wp-content\/uploads\/2022\/03\/A5CA849B-43A0-46E3-8640-ADA7F7D4B4FE.jpeg'><img class='border border-white' src='https:\/\/radiolifefm.com.br\/noticias\/wp-content\/uploads\/2022\/03\/A5CA849B-43A0-46E3-8640-ADA7F7D4B4FE-200x200.jpeg' alt='A5CA849B 43A0 46E3 8640 ADA7F7D4B4FE' \/><\/a><a class='thumbnail gallery p-1 w-1\/2 md:w-1\/4' href='https:\/\/radiolifefm.com.br\/noticias\/wp-content\/uploads\/2022\/03\/CD462855-5902-4987-9023-DE06ABB29A23.jpeg'><img class='border border-white' src='https:\/\/radiolifefm.com.br\/noticias\/wp-content\/uploads\/2022\/03\/CD462855-5902-4987-9023-DE06ABB29A23-200x200.jpeg' alt='CD462855 5902 4987 9023 DE06ABB29A23' \/><\/a><a class='thumbnail gallery p-1 w-1\/2 md:w-1\/4' href='https:\/\/radiolifefm.com.br\/noticias\/wp-content\/uploads\/2022\/03\/61625BC6-207D-4DF4-B350-449ED3A47D87.jpeg'><img class='border border-white' src='https:\/\/radiolifefm.com.br\/noticias\/wp-content\/uploads\/2022\/03\/61625BC6-207D-4DF4-B350-449ED3A47D87-200x200.jpeg' alt='61625BC6 207D 4DF4 B350 449ED3A47D87' \/><\/a><a class='thumbnail gallery p-1 w-1\/2 md:w-1\/4' href='https:\/\/radiolifefm.com.br\/noticias\/wp-content\/uploads\/2022\/03\/7DAAFED4-AC74-40FE-8CB7-8C010B4D0C81-scaled.jpeg'><img class='border border-white' src='https:\/\/radiolifefm.com.br\/noticias\/wp-content\/uploads\/2022\/03\/7DAAFED4-AC74-40FE-8CB7-8C010B4D0C81-200x200.jpeg' alt='7DAAFED4 AC74 40FE 8CB7 8C010B4D0C81' \/><\/a><\/div>\n<p>&nbsp;<\/p>\n","protected":false},"excerpt":{"rendered":"<p>&nbsp; Para comemorar o Dia Internacional da Mulher, no dia 8 de Mar\u00e7o, a Secretaria da Cultura de Adamantina realizou o evento &#8220;Mulheres que Inspiram&#8221; que homenageou 100 mulheres adamantinenses. &nbsp; Lucia Prado, diretora de apoio cultural da R\u00e1dio Life FM, foi homenageada como radialista. &#8220;Fico grata com a homenagem, por\u00e9m n\u00e3o me considero uma [&hellip;]<\/p>\n","protected":false},"author":12,"featured_media":50660,"comment_status":"closed","ping_status":"open","sticky":false,"template":"","format":"standard","meta":{"_acf_changed":false,"_exactmetrics_skip_tracking":false,"_exactmetrics_sitenote_active":false,"_exactmetrics_sitenote_note":"","_exactmetrics_sitenote_category":0,"footnotes":""},"categories":[21],"tags":[],"class_list":["post-50656","post","type-post","status-publish","format-standard","has-post-thumbnail","hentry","category-adamantina"],"acf":[],"yoast_head":"<!-- This site is optimized with the Yoast SEO plugin v27.2 - https:\/\/yoast.com\/product\/yoast-seo-wordpress\/ -->\n<title>Lucia Prado recebe homenagem como radialista e declara &quot;Aprendi a amar o R\u00e1dio&quot; - R\u00e1dio Life FM<\/title>\n<meta name=\"robots\" content=\"index, follow, max-snippet:-1, max-image-preview:large, max-video-preview:-1\" \/>\n<link rel=\"canonical\" href=\"https:\/\/radiolifefm.com.br\/noticias\/lucia-prado-recebe-homenagem-como-radialista-e-declara-aprendi-a-amar-o-radio\/\" \/>\n<meta property=\"og:locale\" content=\"pt_BR\" \/>\n<meta property=\"og:type\" content=\"article\" \/>\n<meta property=\"og:title\" content=\"Lucia Prado recebe homenagem como radialista e declara &quot;Aprendi a amar o R\u00e1dio&quot; - R\u00e1dio Life FM\" \/>\n<meta property=\"og:description\" content=\"&nbsp; Para comemorar o Dia Internacional da Mulher, no dia 8 de Mar\u00e7o, a Secretaria da Cultura de Adamantina realizou o evento &#8220;Mulheres que Inspiram&#8221; que homenageou 100 mulheres adamantinenses. &nbsp; Lucia Prado, diretora de apoio cultural da R\u00e1dio Life FM, foi homenageada como radialista. &#8220;Fico grata com a homenagem, por\u00e9m n\u00e3o me considero uma [&hellip;]\" \/>\n<meta property=\"og:url\" content=\"https:\/\/radiolifefm.com.br\/noticias\/lucia-prado-recebe-homenagem-como-radialista-e-declara-aprendi-a-amar-o-radio\/\" \/>\n<meta property=\"og:site_name\" content=\"R\u00e1dio Life FM\" \/>\n<meta property=\"article:publisher\" content=\"https:\/\/www.facebook.com\/radiolifefm\/\" \/>\n<meta property=\"article:published_time\" content=\"2022-03-13T16:30:28+00:00\" \/>\n<meta property=\"article:modified_time\" content=\"2026-04-27T07:35:54+00:00\" \/>\n<meta property=\"og:image\" content=\"https:\/\/radiolifefm.com.br\/noticias\/wp-content\/uploads\/2022\/03\/66168435-2B97-4447-AA99-559945D8041D-e1647192352447.jpeg\" \/>\n\t<meta property=\"og:image:width\" content=\"1039\" \/>\n\t<meta property=\"og:image:height\" content=\"626\" \/>\n\t<meta property=\"og:image:type\" content=\"image\/jpeg\" \/>\n<meta name=\"author\" content=\"mayraferrari\" \/>\n<meta name=\"twitter:card\" content=\"summary_large_image\" \/>\n<meta name=\"twitter:label1\" content=\"Escrito por\" \/>\n\t<meta name=\"twitter:data1\" content=\"mayraferrari\" \/>\n\t<meta name=\"twitter:label2\" content=\"Est. tempo de leitura\" \/>\n\t<meta name=\"twitter:data2\" content=\"3 minutos\" \/>\n<script type=\"application\/ld+json\" class=\"yoast-schema-graph\">{\"@context\":\"https:\/\/schema.org\",\"@graph\":[{\"@type\":\"Article\",\"@id\":\"https:\/\/radiolifefm.com.br\/noticias\/lucia-prado-recebe-homenagem-como-radialista-e-declara-aprendi-a-amar-o-radio\/#article\",\"isPartOf\":{\"@id\":\"https:\/\/radiolifefm.com.br\/noticias\/lucia-prado-recebe-homenagem-como-radialista-e-declara-aprendi-a-amar-o-radio\/\"},\"author\":{\"name\":\"mayraferrari\",\"@id\":\"https:\/\/radiolifefm.com.br\/noticias\/#\/schema\/person\/d37940c51f50a0c5db4e065bb527a35d\"},\"headline\":\"Lucia Prado recebe homenagem como radialista e declara &#8220;Aprendi a amar o R\u00e1dio&#8221;\",\"datePublished\":\"2022-03-13T16:30:28+00:00\",\"dateModified\":\"2026-04-27T07:35:54+00:00\",\"mainEntityOfPage\":{\"@id\":\"https:\/\/radiolifefm.com.br\/noticias\/lucia-prado-recebe-homenagem-como-radialista-e-declara-aprendi-a-amar-o-radio\/\"},\"wordCount\":491,\"publisher\":{\"@id\":\"https:\/\/radiolifefm.com.br\/noticias\/#organization\"},\"image\":{\"@id\":\"https:\/\/radiolifefm.com.br\/noticias\/lucia-prado-recebe-homenagem-como-radialista-e-declara-aprendi-a-amar-o-radio\/#primaryimage\"},\"thumbnailUrl\":\"https:\/\/radiolifefm.com.br\/noticias\/wp-content\/uploads\/2022\/03\/66168435-2B97-4447-AA99-559945D8041D-e1647192352447.jpeg\",\"articleSection\":[\"Adamantina\"],\"inLanguage\":\"pt-BR\"},{\"@type\":\"WebPage\",\"@id\":\"https:\/\/radiolifefm.com.br\/noticias\/lucia-prado-recebe-homenagem-como-radialista-e-declara-aprendi-a-amar-o-radio\/\",\"url\":\"https:\/\/radiolifefm.com.br\/noticias\/lucia-prado-recebe-homenagem-como-radialista-e-declara-aprendi-a-amar-o-radio\/\",\"name\":\"Lucia Prado recebe homenagem como radialista e declara \\\"Aprendi a amar o R\u00e1dio\\\" - R\u00e1dio Life FM\",\"isPartOf\":{\"@id\":\"https:\/\/radiolifefm.com.br\/noticias\/#website\"},\"primaryImageOfPage\":{\"@id\":\"https:\/\/radiolifefm.com.br\/noticias\/lucia-prado-recebe-homenagem-como-radialista-e-declara-aprendi-a-amar-o-radio\/#primaryimage\"},\"image\":{\"@id\":\"https:\/\/radiolifefm.com.br\/noticias\/lucia-prado-recebe-homenagem-como-radialista-e-declara-aprendi-a-amar-o-radio\/#primaryimage\"},\"thumbnailUrl\":\"https:\/\/radiolifefm.com.br\/noticias\/wp-content\/uploads\/2022\/03\/66168435-2B97-4447-AA99-559945D8041D-e1647192352447.jpeg\",\"datePublished\":\"2022-03-13T16:30:28+00:00\",\"dateModified\":\"2026-04-27T07:35:54+00:00\",\"breadcrumb\":{\"@id\":\"https:\/\/radiolifefm.com.br\/noticias\/lucia-prado-recebe-homenagem-como-radialista-e-declara-aprendi-a-amar-o-radio\/#breadcrumb\"},\"inLanguage\":\"pt-BR\",\"potentialAction\":[{\"@type\":\"ReadAction\",\"target\":[\"https:\/\/radiolifefm.com.br\/noticias\/lucia-prado-recebe-homenagem-como-radialista-e-declara-aprendi-a-amar-o-radio\/\"]}]},{\"@type\":\"ImageObject\",\"inLanguage\":\"pt-BR\",\"@id\":\"https:\/\/radiolifefm.com.br\/noticias\/lucia-prado-recebe-homenagem-como-radialista-e-declara-aprendi-a-amar-o-radio\/#primaryimage\",\"url\":\"https:\/\/radiolifefm.com.br\/noticias\/wp-content\/uploads\/2022\/03\/66168435-2B97-4447-AA99-559945D8041D-e1647192352447.jpeg\",\"contentUrl\":\"https:\/\/radiolifefm.com.br\/noticias\/wp-content\/uploads\/2022\/03\/66168435-2B97-4447-AA99-559945D8041D-e1647192352447.jpeg\",\"width\":1039,\"height\":626},{\"@type\":\"BreadcrumbList\",\"@id\":\"https:\/\/radiolifefm.com.br\/noticias\/lucia-prado-recebe-homenagem-como-radialista-e-declara-aprendi-a-amar-o-radio\/#breadcrumb\",\"itemListElement\":[{\"@type\":\"ListItem\",\"position\":1,\"name\":\"In\u00edcio\",\"item\":\"https:\/\/radiolifefm.com.br\/noticias\/\"},{\"@type\":\"ListItem\",\"position\":2,\"name\":\"Lucia Prado recebe homenagem como radialista e declara &#8220;Aprendi a amar o R\u00e1dio&#8221;\"}]},{\"@type\":\"WebSite\",\"@id\":\"https:\/\/radiolifefm.com.br\/noticias\/#website\",\"url\":\"https:\/\/radiolifefm.com.br\/noticias\/\",\"name\":\"R\u00e1dio Life FM\",\"description\":\"O Portal de Not\u00edcias de Adamantina\",\"publisher\":{\"@id\":\"https:\/\/radiolifefm.com.br\/noticias\/#organization\"},\"alternateName\":\"Life FM\",\"potentialAction\":[{\"@type\":\"SearchAction\",\"target\":{\"@type\":\"EntryPoint\",\"urlTemplate\":\"https:\/\/radiolifefm.com.br\/noticias\/?s={search_term_string}\"},\"query-input\":{\"@type\":\"PropertyValueSpecification\",\"valueRequired\":true,\"valueName\":\"search_term_string\"}}],\"inLanguage\":\"pt-BR\"},{\"@type\":\"Organization\",\"@id\":\"https:\/\/radiolifefm.com.br\/noticias\/#organization\",\"name\":\"R\u00e1dio Life FM\",\"alternateName\":\"Life FM\",\"url\":\"https:\/\/radiolifefm.com.br\/noticias\/\",\"logo\":{\"@type\":\"ImageObject\",\"inLanguage\":\"pt-BR\",\"@id\":\"https:\/\/radiolifefm.com.br\/noticias\/#\/schema\/logo\/image\/\",\"url\":\"https:\/\/static.radiolifefm.com.br\/noticias\/wp-content\/uploads\/2019\/10\/logo-lifefm.png\",\"contentUrl\":\"https:\/\/static.radiolifefm.com.br\/noticias\/wp-content\/uploads\/2019\/10\/logo-lifefm.png\",\"width\":196,\"height\":47,\"caption\":\"R\u00e1dio Life FM\"},\"image\":{\"@id\":\"https:\/\/radiolifefm.com.br\/noticias\/#\/schema\/logo\/image\/\"},\"sameAs\":[\"https:\/\/www.facebook.com\/radiolifefm\/\",\"https:\/\/www.instagram.com\/life1079fm\/\"]},{\"@type\":\"Person\",\"@id\":\"https:\/\/radiolifefm.com.br\/noticias\/#\/schema\/person\/d37940c51f50a0c5db4e065bb527a35d\",\"name\":\"mayraferrari\",\"image\":{\"@type\":\"ImageObject\",\"inLanguage\":\"pt-BR\",\"@id\":\"https:\/\/secure.gravatar.com\/avatar\/69374fafea2eae004e87f555bcb8bb6e24c5d501c2ffec6bbedf0a8f25427b93?s=96&d=mm&r=g\",\"url\":\"https:\/\/secure.gravatar.com\/avatar\/69374fafea2eae004e87f555bcb8bb6e24c5d501c2ffec6bbedf0a8f25427b93?s=96&d=mm&r=g\",\"contentUrl\":\"https:\/\/secure.gravatar.com\/avatar\/69374fafea2eae004e87f555bcb8bb6e24c5d501c2ffec6bbedf0a8f25427b93?s=96&d=mm&r=g\",\"caption\":\"mayraferrari\"}}]}<\/script>\n<!-- \/ Yoast SEO plugin. -->","yoast_head_json":{"title":"Lucia Prado recebe homenagem como radialista e declara \"Aprendi a amar o R\u00e1dio\" - R\u00e1dio Life FM","robots":{"index":"index","follow":"follow","max-snippet":"max-snippet:-1","max-image-preview":"max-image-preview:large","max-video-preview":"max-video-preview:-1"},"canonical":"https:\/\/radiolifefm.com.br\/noticias\/lucia-prado-recebe-homenagem-como-radialista-e-declara-aprendi-a-amar-o-radio\/","og_locale":"pt_BR","og_type":"article","og_title":"Lucia Prado recebe homenagem como radialista e declara \"Aprendi a amar o R\u00e1dio\" - R\u00e1dio Life FM","og_description":"&nbsp; Para comemorar o Dia Internacional da Mulher, no dia 8 de Mar\u00e7o, a Secretaria da Cultura de Adamantina realizou o evento &#8220;Mulheres que Inspiram&#8221; que homenageou 100 mulheres adamantinenses. &nbsp; Lucia Prado, diretora de apoio cultural da R\u00e1dio Life FM, foi homenageada como radialista. &#8220;Fico grata com a homenagem, por\u00e9m n\u00e3o me considero uma [&hellip;]","og_url":"https:\/\/radiolifefm.com.br\/noticias\/lucia-prado-recebe-homenagem-como-radialista-e-declara-aprendi-a-amar-o-radio\/","og_site_name":"R\u00e1dio Life FM","article_publisher":"https:\/\/www.facebook.com\/radiolifefm\/","article_published_time":"2022-03-13T16:30:28+00:00","article_modified_time":"2026-04-27T07:35:54+00:00","og_image":[{"width":1039,"height":626,"url":"https:\/\/radiolifefm.com.br\/noticias\/wp-content\/uploads\/2022\/03\/66168435-2B97-4447-AA99-559945D8041D-e1647192352447.jpeg","type":"image\/jpeg"}],"author":"mayraferrari","twitter_card":"summary_large_image","twitter_misc":{"Escrito por":"mayraferrari","Est. tempo de leitura":"3 minutos"},"schema":{"@context":"https:\/\/schema.org","@graph":[{"@type":"Article","@id":"https:\/\/radiolifefm.com.br\/noticias\/lucia-prado-recebe-homenagem-como-radialista-e-declara-aprendi-a-amar-o-radio\/#article","isPartOf":{"@id":"https:\/\/radiolifefm.com.br\/noticias\/lucia-prado-recebe-homenagem-como-radialista-e-declara-aprendi-a-amar-o-radio\/"},"author":{"name":"mayraferrari","@id":"https:\/\/radiolifefm.com.br\/noticias\/#\/schema\/person\/d37940c51f50a0c5db4e065bb527a35d"},"headline":"Lucia Prado recebe homenagem como radialista e declara &#8220;Aprendi a amar o R\u00e1dio&#8221;","datePublished":"2022-03-13T16:30:28+00:00","dateModified":"2026-04-27T07:35:54+00:00","mainEntityOfPage":{"@id":"https:\/\/radiolifefm.com.br\/noticias\/lucia-prado-recebe-homenagem-como-radialista-e-declara-aprendi-a-amar-o-radio\/"},"wordCount":491,"publisher":{"@id":"https:\/\/radiolifefm.com.br\/noticias\/#organization"},"image":{"@id":"https:\/\/radiolifefm.com.br\/noticias\/lucia-prado-recebe-homenagem-como-radialista-e-declara-aprendi-a-amar-o-radio\/#primaryimage"},"thumbnailUrl":"https:\/\/radiolifefm.com.br\/noticias\/wp-content\/uploads\/2022\/03\/66168435-2B97-4447-AA99-559945D8041D-e1647192352447.jpeg","articleSection":["Adamantina"],"inLanguage":"pt-BR"},{"@type":"WebPage","@id":"https:\/\/radiolifefm.com.br\/noticias\/lucia-prado-recebe-homenagem-como-radialista-e-declara-aprendi-a-amar-o-radio\/","url":"https:\/\/radiolifefm.com.br\/noticias\/lucia-prado-recebe-homenagem-como-radialista-e-declara-aprendi-a-amar-o-radio\/","name":"Lucia Prado recebe homenagem como radialista e declara \"Aprendi a amar o R\u00e1dio\" - R\u00e1dio Life FM","isPartOf":{"@id":"https:\/\/radiolifefm.com.br\/noticias\/#website"},"primaryImageOfPage":{"@id":"https:\/\/radiolifefm.com.br\/noticias\/lucia-prado-recebe-homenagem-como-radialista-e-declara-aprendi-a-amar-o-radio\/#primaryimage"},"image":{"@id":"https:\/\/radiolifefm.com.br\/noticias\/lucia-prado-recebe-homenagem-como-radialista-e-declara-aprendi-a-amar-o-radio\/#primaryimage"},"thumbnailUrl":"https:\/\/radiolifefm.com.br\/noticias\/wp-content\/uploads\/2022\/03\/66168435-2B97-4447-AA99-559945D8041D-e1647192352447.jpeg","datePublished":"2022-03-13T16:30:28+00:00","dateModified":"2026-04-27T07:35:54+00:00","breadcrumb":{"@id":"https:\/\/radiolifefm.com.br\/noticias\/lucia-prado-recebe-homenagem-como-radialista-e-declara-aprendi-a-amar-o-radio\/#breadcrumb"},"inLanguage":"pt-BR","potentialAction":[{"@type":"ReadAction","target":["https:\/\/radiolifefm.com.br\/noticias\/lucia-prado-recebe-homenagem-como-radialista-e-declara-aprendi-a-amar-o-radio\/"]}]},{"@type":"ImageObject","inLanguage":"pt-BR","@id":"https:\/\/radiolifefm.com.br\/noticias\/lucia-prado-recebe-homenagem-como-radialista-e-declara-aprendi-a-amar-o-radio\/#primaryimage","url":"https:\/\/radiolifefm.com.br\/noticias\/wp-content\/uploads\/2022\/03\/66168435-2B97-4447-AA99-559945D8041D-e1647192352447.jpeg","contentUrl":"https:\/\/radiolifefm.com.br\/noticias\/wp-content\/uploads\/2022\/03\/66168435-2B97-4447-AA99-559945D8041D-e1647192352447.jpeg","width":1039,"height":626},{"@type":"BreadcrumbList","@id":"https:\/\/radiolifefm.com.br\/noticias\/lucia-prado-recebe-homenagem-como-radialista-e-declara-aprendi-a-amar-o-radio\/#breadcrumb","itemListElement":[{"@type":"ListItem","position":1,"name":"In\u00edcio","item":"https:\/\/radiolifefm.com.br\/noticias\/"},{"@type":"ListItem","position":2,"name":"Lucia Prado recebe homenagem como radialista e declara &#8220;Aprendi a amar o R\u00e1dio&#8221;"}]},{"@type":"WebSite","@id":"https:\/\/radiolifefm.com.br\/noticias\/#website","url":"https:\/\/radiolifefm.com.br\/noticias\/","name":"R\u00e1dio Life FM","description":"O Portal de Not\u00edcias de Adamantina","publisher":{"@id":"https:\/\/radiolifefm.com.br\/noticias\/#organization"},"alternateName":"Life FM","potentialAction":[{"@type":"SearchAction","target":{"@type":"EntryPoint","urlTemplate":"https:\/\/radiolifefm.com.br\/noticias\/?s={search_term_string}"},"query-input":{"@type":"PropertyValueSpecification","valueRequired":true,"valueName":"search_term_string"}}],"inLanguage":"pt-BR"},{"@type":"Organization","@id":"https:\/\/radiolifefm.com.br\/noticias\/#organization","name":"R\u00e1dio Life FM","alternateName":"Life FM","url":"https:\/\/radiolifefm.com.br\/noticias\/","logo":{"@type":"ImageObject","inLanguage":"pt-BR","@id":"https:\/\/radiolifefm.com.br\/noticias\/#\/schema\/logo\/image\/","url":"https:\/\/static.radiolifefm.com.br\/noticias\/wp-content\/uploads\/2019\/10\/logo-lifefm.png","contentUrl":"https:\/\/static.radiolifefm.com.br\/noticias\/wp-content\/uploads\/2019\/10\/logo-lifefm.png","width":196,"height":47,"caption":"R\u00e1dio Life FM"},"image":{"@id":"https:\/\/radiolifefm.com.br\/noticias\/#\/schema\/logo\/image\/"},"sameAs":["https:\/\/www.facebook.com\/radiolifefm\/","https:\/\/www.instagram.com\/life1079fm\/"]},{"@type":"Person","@id":"https:\/\/radiolifefm.com.br\/noticias\/#\/schema\/person\/d37940c51f50a0c5db4e065bb527a35d","name":"mayraferrari","image":{"@type":"ImageObject","inLanguage":"pt-BR","@id":"https:\/\/secure.gravatar.com\/avatar\/69374fafea2eae004e87f555bcb8bb6e24c5d501c2ffec6bbedf0a8f25427b93?s=96&d=mm&r=g","url":"https:\/\/secure.gravatar.com\/avatar\/69374fafea2eae004e87f555bcb8bb6e24c5d501c2ffec6bbedf0a8f25427b93?s=96&d=mm&r=g","contentUrl":"https:\/\/secure.gravatar.com\/avatar\/69374fafea2eae004e87f555bcb8bb6e24c5d501c2ffec6bbedf0a8f25427b93?s=96&d=mm&r=g","caption":"mayraferrari"}}]}},"amp_enabled":true,"_links":{"self":[{"href":"https:\/\/radiolifefm.com.br\/noticias\/wp-json\/wp\/v2\/posts\/50656","targetHints":{"allow":["GET"]}}],"collection":[{"href":"https:\/\/radiolifefm.com.br\/noticias\/wp-json\/wp\/v2\/posts"}],"about":[{"href":"https:\/\/radiolifefm.com.br\/noticias\/wp-json\/wp\/v2\/types\/post"}],"author":[{"embeddable":true,"href":"https:\/\/radiolifefm.com.br\/noticias\/wp-json\/wp\/v2\/users\/12"}],"replies":[{"embeddable":true,"href":"https:\/\/radiolifefm.com.br\/noticias\/wp-json\/wp\/v2\/comments?post=50656"}],"version-history":[{"count":13,"href":"https:\/\/radiolifefm.com.br\/noticias\/wp-json\/wp\/v2\/posts\/50656\/revisions"}],"predecessor-version":[{"id":50776,"href":"https:\/\/radiolifefm.com.br\/noticias\/wp-json\/wp\/v2\/posts\/50656\/revisions\/50776"}],"wp:featuredmedia":[{"embeddable":true,"href":"https:\/\/radiolifefm.com.br\/noticias\/wp-json\/wp\/v2\/media\/50660"}],"wp:attachment":[{"href":"https:\/\/radiolifefm.com.br\/noticias\/wp-json\/wp\/v2\/media?parent=50656"}],"wp:term":[{"taxonomy":"category","embeddable":true,"href":"https:\/\/radiolifefm.com.br\/noticias\/wp-json\/wp\/v2\/categories?post=50656"},{"taxonomy":"post_tag","embeddable":true,"href":"https:\/\/radiolifefm.com.br\/noticias\/wp-json\/wp\/v2\/tags?post=50656"}],"curies":[{"name":"wp","href":"https:\/\/api.w.org\/{rel}","templated":true}]}}